{"id":45028,"date":"2023-08-24T12:17:13","date_gmt":"2023-08-24T10:17:13","guid":{"rendered":"https:\/\/just-now.news\/de\/deutschland\/flugzeugabsturz-wagner-chef-prigoschin-an-bord-was-derzeit-bekannt-ist\/"},"modified":"2023-08-24T12:17:13","modified_gmt":"2023-08-24T10:17:13","slug":"flugzeugabsturz-wagner-chef-prigoschin-an-bord-was-derzeit-bekannt-ist","status":"publish","type":"post","link":"https:\/\/now-news.de\/de\/deutschland\/flugzeugabsturz-wagner-chef-prigoschin-an-bord-was-derzeit-bekannt-ist\/","title":{"rendered":"Flugzeugabsturz: Wagner-Chef Prigoschin an Bord? Was derzeit bekannt ist"},"content":{"rendered":"<div class=\"Text-root Text-type_1 \">\n                Jewgeni Prigoschins Privatflugzeug, unter dessen Passagieren er sich laut Beh\u00f6rdenmitteilung befand, st\u00fcrzte am Abend des 23. August 2023 im russischen Gebiet Twer ab. \u00dcberlebende gab es nicht. Ermittlungen laufen. RT pr\u00e4sentiert die bisher bekannten Daten.\n            <\/div>\n<p><\/p>\n<div class=\"Text-root Text-type_5 ArticleView-text ViewText-root \">\n<p>RA-02795 lautete die Identifikationsnummer des Flugzeugs, das Jewgeni Prigoschin, dem Leiter des russischen privaten Milit\u00e4rdienstleisters Wagner, geh\u00f6rte. Diese 16 Jahre alte Maschine, Modell ERJ-135BJ Legacy 600 aus Herstellung der brasilianischen Firma Embraer, st\u00fcrzte nahe der Siedlung Kuschenkino im russischen Gebiet Twer ab. Angaben des Fluginformationsportals Flightradar 24 besagen, sie sei zuvor kurz vor 18 Uhr \u00f6rtlicher Zeit mit einer weiteren Maschine derselben Modellreihe ab dem Moskauer Flughafen Scheremetjewo zum Sankt Petersburger Flughafen Pulkowo gestartet. Um 18:10 habe sie die H\u00f6he von etwa 8,5 Kilometern erreicht und diese neun Minuten gehalten, sei dann \u00fcber neun Kilometer auf- und anschlie\u00dfend wieder auf gut acht Kilometer abgestiegen. Schlie\u00dflich sei sie ein letztes Mal kurzzeitig auf- und sofort auf eine H\u00f6he von etwa sechs Kilometern abgestiegen \u2013 dies sind die letzten vom Flugzeug \u00fcbermittelten Daten.<\/p>\n<figure class=\"RTImage-root\">\n<div class=\"RTImage-image RTImage-original\"><picture class=\"Picture-root Picture-original\"><!--[if IE 9]><video style=\"display: none;\"><![endif]--><source media=\"(-webkit-min-device-pixel-ratio: 2) and (min-resolution: 120dpi)\" data-srcset=\" \nhttp:\/\/just-now.news\/de\/wp-content\/uploads\/sites\/3\/2023\/08\/64e71aefb480cc201e483732.png 850w,\n                http:\/\/just-now.news\/de\/wp-content\/uploads\/sites\/3\/2023\/08\/64e71aefb480cc201e483732.png 1960w,\n            \" ><source data-srcset=\" \nhttp:\/\/just-now.news\/de\/wp-content\/uploads\/sites\/3\/2023\/08\/64e71aefb480cc201e483732.png 460w,\n              http:\/\/just-now.news\/de\/wp-content\/uploads\/sites\/3\/2023\/08\/64e71aefb480cc201e483732.png 980w,\n            \" ><!--[if IE 9]><\/video><![endif]--><img decoding=\"async\" data- src=\"data:image\/png;base64,iVBORw0KGgoAAAANSUhEUgAAABAAAAAJCAQAAACRI2S5AAAAEElEQVR42mNkIAAYRxWAAQAG9gAKqv6+AwAAAABJRU5ErkJggg==\" class=\"Picture-root Picture-original lazyload\" data-src=\"http:\/\/just-now.news\/de\/wp-content\/uploads\/sites\/3\/2023\/08\/64e71aefb480cc201e483732.png\" alt=\"\"><\/source><\/source><\/picture><!-- noscript pattern --><noscript><img decoding=\"async\" src=\"http:\/\/just-now.news\/de\/wp-content\/uploads\/sites\/3\/2023\/08\/64e71aefb480cc201e483732.png\" alt=\"\"><\/noscript><\/div><figcaption class=\"RTImage-footer\"><span class=\"RTImage-caption\"><span class=\"RTImage-captionItem\">Von Jewgeni Prigoschins Privatflugzeug bei deren letztem Flug am Abend ded 23. August 2023 \u00fcbermittelte Daten.<\/span><\/span><span class=\"RTImage-source\"><span class=\"RTImage-captionItem\">Flightradar 24<\/span><\/span><\/figcaption><\/figure>\n<p>Videomaterial, das von den Nachrichtenkan\u00e4len Mash und Baza auf Telegram <a rel=\"nofollow noopener\" target=\"_blank\" href=\"https:\/\/t.me\/breakingmash\/47183\">ver\u00f6ffentlicht<\/a> wurde und in Zusammenhang mit dem Absturz der RA-02795 gebracht wird, zeigt den Absturz einer Maschine \u00e4hnlicher Gr\u00f6\u00dfe. Eine weibliche Stimme kommentiert:<\/p>\n<blockquote>\n<p><em>&#8220;, da wurde eine Drohne abgeschossen! Zweimal hat es geknallt, zwei Explosionen. Jetzt f\u00e4llt sie. Schau dir das an, sie f\u00e4llt! . , wo wird sie hinknallen? Wo ist sie abgest\u00fcrzt? Da fliegen Tr\u00fcmmer. Irgendwo ist sie abgest\u00fcrzt \u2013, schau dir den Rauch an, was da f\u00fcr Wolken aufsteigen! Und da fallen noch Tr\u00fcmmer. , ich krieg hier das Zittern. !. Da, bei dem Bauernhof! Es brennt. Ich verstehe nicht, ist das bei dem Bauernhof oder nicht?&#8221;<\/em><\/p>\n<\/blockquote>\n<p>Nach den zwei besagten Knallger\u00e4uschen habe die Maschine ihr Heck samt Rudern sowie eine Tragfl\u00e4che verloren, die nahe einer verlassenen Farm in Kuschenkino niedergingen. Das Wrack des Flugzeugs fing nach dem Absturz Feuer. <a rel=\"nofollow noopener\" target=\"_blank\" href=\"https:\/\/t.me\/breakingmash\/47185\">Laut<\/a> einer Kinderstimme seien am Wrack drei Leichen zu sehen gewesen. \u00dcberlebende gibt es nicht.<\/p>\n<p>Die zweite Maschine, eine ERJ-135BJ Legacy 650 mit der Bordnummer RA-02748, soll den Flug zum Zielflughafen abgebrochen haben und am Business-Flughafen Ostafjewo des Moskauer Verwaltungsbezirks Neu-Moskau gelandet sein \u2013 offiziell best\u00e4tigt wurde dies jedoch bisher nicht.<\/p>\n<p>Nach Angaben der russischen Luftfahrtbeh\u00f6rde Rosaviazija befanden sich an Bord der abgest\u00fcrzten Legacy 600 sowohl Jewgeni Prigoschin selbst als auch Dmitri Utkin, ein ranghoher Kommandeur der Wagner-Gruppe. Weitere Flugg\u00e4ste sollen Sergei Propustin, Jewgeni Makarjan, Alexander Totmin, Valeri Tschkalow und Nikolai Matussejew gewesen sein. Die Besatzung habe aus Pilot Alexei Lewschin und Copilot Rustam Karimow und der Flugbegleiterin Kristina Raspopowa bestanden. Die Beh\u00f6rde betont:\u00a0<\/p>\n<blockquote>\n<p><em>Der Flug des Flugzeugs Embraer-135 (EBM-135BJ) wurde auf der Grundlage einer Genehmigung f\u00fcr die Nutzung des Luftraums durchgef\u00fchrt, die gem\u00e4\u00df dem festgelegten Verfahren erteilt wurde.<\/em><\/p>\n<\/blockquote>\n<p>Obwohl Prigoschin und Utkin als Flugg\u00e4ste der Maschine gelistet sind, gab Rosaviazija ihren Tod nicht offiziell bekannt. Weitere zust\u00e4ndige Beh\u00f6rden gaben am sp\u00e4ten Abend des 23. August an, acht Leichen geborgen zu haben, doch alle seien verkohlt gewesen. Namen wurden nicht genannt.<\/p>\n<p>Jewgeni Prigoschin, ein erfolgreicher Gesch\u00e4ftsmann im Gastronomiebereich, vor allem im Catering, gr\u00fcndete die Wagner-Gruppe im Jahre 2014. K\u00e4mpfer dieses privaten Milit\u00e4runternehmens sollen noch vor dem Jahr 2022 und dem Beginn der russischen milit\u00e4rischen Sonderoperation im ukrainischen Krieg an K\u00e4mpfen im Donbass teilgenommen haben. Prigoschin dementierte bis zu diesem Jahr jegliche Beziehung zur Wagner-Gruppe. Weiteres Einsatzgebiet soll Syrien gewesen sein, wo ein Kontingent der Wagner-Gruppe im Jahr 2018 mit US-Truppen zusammengesto\u00dfen sein soll.<\/p>\n<p>Als Wagner-Sturmtrupps die Stadt Artjomowsk der russischen Volksrepublik Donezk in hartem H\u00e4userkampf von ukrainischen Truppen befreiten, machte Prigoschin medial auf sich selbst und die Wagner-Gruppe aufmerksam. Er <a rel=\"nofollow noopener\" target=\"_blank\" href=\"https:\/\/de.rt.com\/europa\/169316-prigoschin-wagner-gruppe-verlaesst-artjomowsk\/\">warf<\/a> ranghohen russischen Milit\u00e4rs unter anderem <a rel=\"nofollow noopener\" target=\"_blank\" href=\"https:\/\/de.rt.com\/europa\/169316-prigoschin-wagner-gruppe-verlaesst-artjomowsk\/\">vor<\/a>, seinen Einheiten angemessene Versorgung mit Artilleriemunition zu verweigern. Kurz vor der vollst\u00e4ndigen Befreiung der Stadt Ende Mai waren besagte Versorgungsprobleme, sofern sie zuvor denn wirklich gegeben waren, augenscheinlich gel\u00f6st. Jedenfalls h\u00f6rten entsprechende Mitteilungen seitens Prigoschin auf.<\/p>\n<p>Im Juni 2023 nahm Prigoschin die mediale Fehde mit dem russischen Verteidigungsministerium allerdings wieder auf. Er warf dem regul\u00e4ren russischen Milit\u00e4r vor, ein Wagner-Feldlager mit Artillerie beschossen zu haben.<\/p>\n<p>Wenig sp\u00e4ter erkl\u00e4rte er, einen Marsch auf Moskau vornehmen zu wollen, um, wie es hie\u00df, &#8220;korrupte Milit\u00e4rs&#8221; von ihren Posten zu befreien. Ein kleiner Teil der Wagner-Truppen machte sich in einer Kolonne von milit\u00e4rischen Landfahrzeugen auf den Weg und <a rel=\"nofollow noopener\" target=\"_blank\" href=\"https:\/\/de.rt.com\/russland\/173529-wagner-soeldner-noch-etwa-vier-stunden-vor-moskau\/\">schaffte es bis zum Gebiet Lipezk<\/a>.<\/p>\n<p>Russlands Staatschef Wladimir Putin wertete diesen Vorgang offiziell als Meuterei und Sto\u00df in den R\u00fccken. Er k\u00fcndigte entschiedene Ma\u00dfnahmen zum Wiederherstellen der Ordnung an. Wei\u00dfrusslands Pr\u00e4sident Alexander Lukaschenko, schaltete sich als Vermittler ein. Innerhalb von einem Tag war der Aufstand beendet. Wagner-Einheiten, die daran teilgenommen hatten, wurden mit Prigoschins offiziell bekanntgegebenem Einverst\u00e4ndnis nach Wei\u00dfrussland <a rel=\"nofollow noopener\" target=\"_blank\" href=\"https:\/\/de.rt.com\/europa\/175293-wagner-ausbilder-beginnen-mit-vorbereitung-weissrussischer-kaempfer\/\">disloziert<\/a>. Dem Rest des Wagner-Kontingents wurde die M\u00f6glichkeit einger\u00e4umt, sich in offiziellen Dienst des russischen Milit\u00e4rs zu stellen.<\/p>\n<p>Nach zwei Monaten medialer Funkstille ver\u00f6ffentlichte Prigoschin am Montag, dem 21. August 2023, einen Videoclip, den er allem Anschein nach in Afrika aufnahm. In diesem gab er bekannt, dass die Wagner-Gruppe wieder K\u00e4mpfer rekrutiere und &#8220;Such- und Auskundschaftungsaktionen&#8221; gegen &#8220;den IS, Al-Qaeda und andere Banditen&#8221; auf dem afrikanischen Kontinent vornehme.<\/p>\n<p><strong>Mehr zum Thema<\/strong>\u00a0\u2013\u00a0<a rel=\"nofollow noopener\" target=\"_blank\" href=\"https:\/\/de.rt.com\/afrika\/177146-niger-rebellen-bitten-wagner-gruppe\/\">Niger: Rebellen bitten Wagner-Gruppe um Unterst\u00fctzung<\/a><\/p>\n<\/div>\n<p><br \/>\n<br \/><a href=\"https:\/\/de.rt.com\/russland\/178744-flugzeugabsturz-wagner-chef-prigoschin-an\/\">Source link <\/a><\/p>\n","protected":false},"excerpt":{"rendered":"<p>Jewgeni Prigoschins Privatflugzeug, unter dessen Passagieren er sich laut Beh\u00f6rdenmitteilung befand, st\u00fcrzte am Abend des 23. August 2023 im russischen Gebiet Twer ab. \u00dcberlebende gab es nicht. Ermittlungen laufen. RT pr\u00e4sentiert die bisher bekannten Daten. RA-02795 lautete die Identifikationsnummer des Flugzeugs, das Jewgeni Prigoschin, dem Leiter des russischen privaten Milit\u00e4rdienstleisters Wagner, geh\u00f6rte. Diese 16 Jahre [&hellip;]<\/p>\n","protected":false},"author":3,"featured_media":45029,"comment_status":"open","ping_status":"open","sticky":false,"template":"","format":"standard","meta":{"_yoast_indexnow_last_ping":["1692872485"],"wp_automatic_camp":["217"],"b06f03aa4fb2d17649aceeedabb7b3c6":["Flugzeugabsturz: Wagner-Chef Prigoschin an Bord? Was derzeit bekannt ist"],"original_link":["https:\/\/de.rt.com\/russland\/178744-flugzeugabsturz-wagner-chef-prigoschin-an\/"],"_thumbnail_id":["45029"],"_wptgpro_p2tg_sent2tg":["a:1:{i:23737;s:19:\"2023-08-24 12:24:00\";}"],"jnews_social_counter_last_update":["1777189442"]},"categories":[19,23],"tags":[4493,8551,19740,7408,414,38067,38066],"yoast_head":"<!-- This site is optimized with the Yoast SEO Premium plugin v22.7 (Yoast SEO v22.7) - https:\/\/yoast.com\/wordpress\/plugins\/seo\/ -->\n<title>Flugzeugabsturz: Wagner-Chef Prigoschin an Bord? Was derzeit bekannt ist - just-now.NEWS Deutschland<\/title>\n<meta name=\"robots\" content=\"index, follow, max-snippet:-1, max-image-preview:large, max-video-preview:-1\" \/>\n<link rel=\"canonical\" href=\"https:\/\/now-news.de\/de\/deutschland\/flugzeugabsturz-wagner-chef-prigoschin-an-bord-was-derzeit-bekannt-ist\/\" \/>\n<meta property=\"og:locale\" content=\"de_DE\" \/>\n<meta property=\"og:type\" content=\"article\" \/>\n<meta property=\"og:title\" content=\"Flugzeugabsturz: Wagner-Chef Prigoschin an Bord? Was derzeit bekannt ist\" \/>\n<meta property=\"og:description\" content=\"Jewgeni Prigoschins Privatflugzeug, unter dessen Passagieren er sich laut Beh\u00f6rdenmitteilung befand, st\u00fcrzte am Abend des 23. August 2023 im russischen Gebiet Twer ab. \u00dcberlebende gab es nicht. Ermittlungen laufen. RT pr\u00e4sentiert die bisher bekannten Daten. RA-02795 lautete die Identifikationsnummer des Flugzeugs, das Jewgeni Prigoschin, dem Leiter des russischen privaten Milit\u00e4rdienstleisters Wagner, geh\u00f6rte. Diese 16 Jahre [&hellip;]\" \/>\n<meta property=\"og:url\" content=\"https:\/\/now-news.de\/de\/deutschland\/flugzeugabsturz-wagner-chef-prigoschin-an-bord-was-derzeit-bekannt-ist\/\" \/>\n<meta property=\"og:site_name\" content=\"just-now.NEWS Deutschland\" \/>\n<meta property=\"article:publisher\" content=\"https:\/\/www.facebook.com\/wirmachenauf\" \/>\n<meta property=\"article:published_time\" content=\"2023-08-24T10:17:13+00:00\" \/>\n<meta property=\"og:image\" content=\"https:\/\/now-news.de\/de\/wp-content\/uploads\/sites\/3\/2023\/08\/Flugzeugabsturz-Wagner-Chef-Prigoschin-an-Bord-Was-derzeit-bekannt-ist.png\" \/>\n\t<meta property=\"og:image:width\" content=\"712\" \/>\n\t<meta property=\"og:image:height\" content=\"412\" \/>\n\t<meta property=\"og:image:type\" content=\"image\/png\" \/>\n<meta name=\"author\" content=\"rtnews\" \/>\n<meta name=\"twitter:card\" content=\"summary_large_image\" \/>\n<meta name=\"twitter:creator\" content=\"@WirMachenAuf_de\" \/>\n<meta name=\"twitter:site\" content=\"@WirMachenAuf_de\" \/>\n<meta name=\"twitter:label1\" content=\"Verfasst von\" \/>\n\t<meta name=\"twitter:data1\" content=\"rtnews\" \/>\n\t<meta name=\"twitter:label2\" content=\"Gesch\u00e4tzte Lesezeit\" \/>\n\t<meta name=\"twitter:data2\" content=\"4\u00a0Minuten\" \/>\n<script type=\"application\/ld+json\" class=\"yoast-schema-graph\">{\"@context\":\"https:\/\/schema.org\",\"@graph\":[{\"@type\":\"Article\",\"@id\":\"https:\/\/now-news.de\/de\/deutschland\/flugzeugabsturz-wagner-chef-prigoschin-an-bord-was-derzeit-bekannt-ist\/#article\",\"isPartOf\":{\"@id\":\"https:\/\/now-news.de\/de\/deutschland\/flugzeugabsturz-wagner-chef-prigoschin-an-bord-was-derzeit-bekannt-ist\/\"},\"author\":{\"name\":\"rtnews\",\"@id\":\"https:\/\/now-news.de\/de\/#\/schema\/person\/fb534a4e865501d8b3285208df34a9b5\"},\"headline\":\"Flugzeugabsturz: Wagner-Chef Prigoschin an Bord? Was derzeit bekannt ist\",\"datePublished\":\"2023-08-24T10:17:13+00:00\",\"dateModified\":\"2023-08-24T10:17:13+00:00\",\"mainEntityOfPage\":{\"@id\":\"https:\/\/now-news.de\/de\/deutschland\/flugzeugabsturz-wagner-chef-prigoschin-an-bord-was-derzeit-bekannt-ist\/\"},\"wordCount\":906,\"commentCount\":0,\"publisher\":{\"@id\":\"https:\/\/now-news.de\/de\/#organization\"},\"image\":{\"@id\":\"https:\/\/now-news.de\/de\/deutschland\/flugzeugabsturz-wagner-chef-prigoschin-an-bord-was-derzeit-bekannt-ist\/#primaryimage\"},\"thumbnailUrl\":\"https:\/\/now-news.de\/de\/wp-content\/uploads\/sites\/3\/2023\/08\/Flugzeugabsturz-Wagner-Chef-Prigoschin-an-Bord-Was-derzeit-bekannt-ist.png\",\"keywords\":[\"bekannt\",\"Bord\",\"derzeit\",\"Flugzeugabsturz\",\"ist\",\"Prigoschin\",\"WagnerChef\"],\"articleSection\":[\"Deutschland\",\"Russland\"],\"inLanguage\":\"de\",\"potentialAction\":[{\"@type\":\"CommentAction\",\"name\":\"Comment\",\"target\":[\"https:\/\/now-news.de\/de\/deutschland\/flugzeugabsturz-wagner-chef-prigoschin-an-bord-was-derzeit-bekannt-ist\/#respond\"]}]},{\"@type\":\"WebPage\",\"@id\":\"https:\/\/now-news.de\/de\/deutschland\/flugzeugabsturz-wagner-chef-prigoschin-an-bord-was-derzeit-bekannt-ist\/\",\"url\":\"https:\/\/now-news.de\/de\/deutschland\/flugzeugabsturz-wagner-chef-prigoschin-an-bord-was-derzeit-bekannt-ist\/\",\"name\":\"Flugzeugabsturz: Wagner-Chef Prigoschin an Bord? Was derzeit bekannt ist - just-now.NEWS Deutschland\",\"isPartOf\":{\"@id\":\"https:\/\/now-news.de\/de\/#website\"},\"primaryImageOfPage\":{\"@id\":\"https:\/\/now-news.de\/de\/deutschland\/flugzeugabsturz-wagner-chef-prigoschin-an-bord-was-derzeit-bekannt-ist\/#primaryimage\"},\"image\":{\"@id\":\"https:\/\/now-news.de\/de\/deutschland\/flugzeugabsturz-wagner-chef-prigoschin-an-bord-was-derzeit-bekannt-ist\/#primaryimage\"},\"thumbnailUrl\":\"https:\/\/now-news.de\/de\/wp-content\/uploads\/sites\/3\/2023\/08\/Flugzeugabsturz-Wagner-Chef-Prigoschin-an-Bord-Was-derzeit-bekannt-ist.png\",\"datePublished\":\"2023-08-24T10:17:13+00:00\",\"dateModified\":\"2023-08-24T10:17:13+00:00\",\"breadcrumb\":{\"@id\":\"https:\/\/now-news.de\/de\/deutschland\/flugzeugabsturz-wagner-chef-prigoschin-an-bord-was-derzeit-bekannt-ist\/#breadcrumb\"},\"inLanguage\":\"de\",\"potentialAction\":[{\"@type\":\"ReadAction\",\"target\":[\"https:\/\/now-news.de\/de\/deutschland\/flugzeugabsturz-wagner-chef-prigoschin-an-bord-was-derzeit-bekannt-ist\/\"]}]},{\"@type\":\"ImageObject\",\"inLanguage\":\"de\",\"@id\":\"https:\/\/now-news.de\/de\/deutschland\/flugzeugabsturz-wagner-chef-prigoschin-an-bord-was-derzeit-bekannt-ist\/#primaryimage\",\"url\":\"https:\/\/now-news.de\/de\/wp-content\/uploads\/sites\/3\/2023\/08\/Flugzeugabsturz-Wagner-Chef-Prigoschin-an-Bord-Was-derzeit-bekannt-ist.png\",\"contentUrl\":\"https:\/\/now-news.de\/de\/wp-content\/uploads\/sites\/3\/2023\/08\/Flugzeugabsturz-Wagner-Chef-Prigoschin-an-Bord-Was-derzeit-bekannt-ist.png\",\"width\":712,\"height\":412,\"caption\":\"Flugzeugabsturz: Wagner-Chef Prigoschin an Bord? Was derzeit bekannt ist\"},{\"@type\":\"BreadcrumbList\",\"@id\":\"https:\/\/now-news.de\/de\/deutschland\/flugzeugabsturz-wagner-chef-prigoschin-an-bord-was-derzeit-bekannt-ist\/#breadcrumb\",\"itemListElement\":[{\"@type\":\"ListItem\",\"position\":1,\"name\":\"Home\",\"item\":\"https:\/\/now-news.de\/de\/\"},{\"@type\":\"ListItem\",\"position\":2,\"name\":\"Flugzeugabsturz: Wagner-Chef Prigoschin an Bord? Was derzeit bekannt ist\"}]},{\"@type\":\"WebSite\",\"@id\":\"https:\/\/now-news.de\/de\/#website\",\"url\":\"https:\/\/now-news.de\/de\/\",\"name\":\"just-now.NEWS Deutschland\",\"description\":\"Das Portal f\u00fcr unzensierte Nachrichten aus der Welt\",\"publisher\":{\"@id\":\"https:\/\/now-news.de\/de\/#organization\"},\"potentialAction\":[{\"@type\":\"SearchAction\",\"target\":{\"@type\":\"EntryPoint\",\"urlTemplate\":\"https:\/\/now-news.de\/de\/?s={search_term_string}\"},\"query-input\":\"required name=search_term_string\"}],\"inLanguage\":\"de\"},{\"@type\":\"Organization\",\"@id\":\"https:\/\/now-news.de\/de\/#organization\",\"name\":\"Just Now News\",\"url\":\"https:\/\/now-news.de\/de\/\",\"logo\":{\"@type\":\"ImageObject\",\"inLanguage\":\"de\",\"@id\":\"https:\/\/now-news.de\/de\/#\/schema\/logo\/image\/\",\"url\":\"http:\/\/just-now.news\/de\/wp-content\/uploads\/sites\/3\/2022\/04\/logo500x500.jpg\",\"contentUrl\":\"http:\/\/just-now.news\/de\/wp-content\/uploads\/sites\/3\/2022\/04\/logo500x500.jpg\",\"width\":500,\"height\":500,\"caption\":\"Just Now News\"},\"image\":{\"@id\":\"https:\/\/now-news.de\/de\/#\/schema\/logo\/image\/\"},\"sameAs\":[\"https:\/\/www.facebook.com\/wirmachenauf\",\"https:\/\/x.com\/WirMachenAuf_de\"]},{\"@type\":\"Person\",\"@id\":\"https:\/\/now-news.de\/de\/#\/schema\/person\/fb534a4e865501d8b3285208df34a9b5\",\"name\":\"rtnews\",\"image\":{\"@type\":\"ImageObject\",\"inLanguage\":\"de\",\"@id\":\"https:\/\/now-news.de\/de\/#\/schema\/person\/image\/\",\"url\":\"https:\/\/secure.gravatar.com\/avatar\/82aafea7d8127119dd649515f56e2117?s=96&d=mm&r=g\",\"contentUrl\":\"https:\/\/secure.gravatar.com\/avatar\/82aafea7d8127119dd649515f56e2117?s=96&d=mm&r=g\",\"caption\":\"rtnews\"},\"url\":\"https:\/\/now-news.de\/de\/author\/rnews\/\"}]}<\/script>\n<!-- \/ Yoast SEO Premium plugin. -->","yoast_head_json":{"title":"Flugzeugabsturz: Wagner-Chef Prigoschin an Bord? Was derzeit bekannt ist - just-now.NEWS Deutschland","robots":{"index":"index","follow":"follow","max-snippet":"max-snippet:-1","max-image-preview":"max-image-preview:large","max-video-preview":"max-video-preview:-1"},"canonical":"https:\/\/now-news.de\/de\/deutschland\/flugzeugabsturz-wagner-chef-prigoschin-an-bord-was-derzeit-bekannt-ist\/","og_locale":"de_DE","og_type":"article","og_title":"Flugzeugabsturz: Wagner-Chef Prigoschin an Bord? Was derzeit bekannt ist","og_description":"Jewgeni Prigoschins Privatflugzeug, unter dessen Passagieren er sich laut Beh\u00f6rdenmitteilung befand, st\u00fcrzte am Abend des 23. August 2023 im russischen Gebiet Twer ab. \u00dcberlebende gab es nicht. Ermittlungen laufen. RT pr\u00e4sentiert die bisher bekannten Daten. RA-02795 lautete die Identifikationsnummer des Flugzeugs, das Jewgeni Prigoschin, dem Leiter des russischen privaten Milit\u00e4rdienstleisters Wagner, geh\u00f6rte. Diese 16 Jahre [&hellip;]","og_url":"https:\/\/now-news.de\/de\/deutschland\/flugzeugabsturz-wagner-chef-prigoschin-an-bord-was-derzeit-bekannt-ist\/","og_site_name":"just-now.NEWS Deutschland","article_publisher":"https:\/\/www.facebook.com\/wirmachenauf","article_published_time":"2023-08-24T10:17:13+00:00","og_image":[{"width":712,"height":412,"url":"https:\/\/now-news.de\/de\/wp-content\/uploads\/sites\/3\/2023\/08\/Flugzeugabsturz-Wagner-Chef-Prigoschin-an-Bord-Was-derzeit-bekannt-ist.png","type":"image\/png"}],"author":"rtnews","twitter_card":"summary_large_image","twitter_creator":"@WirMachenAuf_de","twitter_site":"@WirMachenAuf_de","twitter_misc":{"Verfasst von":"rtnews","Gesch\u00e4tzte Lesezeit":"4\u00a0Minuten"},"schema":{"@context":"https:\/\/schema.org","@graph":[{"@type":"Article","@id":"https:\/\/now-news.de\/de\/deutschland\/flugzeugabsturz-wagner-chef-prigoschin-an-bord-was-derzeit-bekannt-ist\/#article","isPartOf":{"@id":"https:\/\/now-news.de\/de\/deutschland\/flugzeugabsturz-wagner-chef-prigoschin-an-bord-was-derzeit-bekannt-ist\/"},"author":{"name":"rtnews","@id":"https:\/\/now-news.de\/de\/#\/schema\/person\/fb534a4e865501d8b3285208df34a9b5"},"headline":"Flugzeugabsturz: Wagner-Chef Prigoschin an Bord? Was derzeit bekannt ist","datePublished":"2023-08-24T10:17:13+00:00","dateModified":"2023-08-24T10:17:13+00:00","mainEntityOfPage":{"@id":"https:\/\/now-news.de\/de\/deutschland\/flugzeugabsturz-wagner-chef-prigoschin-an-bord-was-derzeit-bekannt-ist\/"},"wordCount":906,"commentCount":0,"publisher":{"@id":"https:\/\/now-news.de\/de\/#organization"},"image":{"@id":"https:\/\/now-news.de\/de\/deutschland\/flugzeugabsturz-wagner-chef-prigoschin-an-bord-was-derzeit-bekannt-ist\/#primaryimage"},"thumbnailUrl":"https:\/\/now-news.de\/de\/wp-content\/uploads\/sites\/3\/2023\/08\/Flugzeugabsturz-Wagner-Chef-Prigoschin-an-Bord-Was-derzeit-bekannt-ist.png","keywords":["bekannt","Bord","derzeit","Flugzeugabsturz","ist","Prigoschin","WagnerChef"],"articleSection":["Deutschland","Russland"],"inLanguage":"de","potentialAction":[{"@type":"CommentAction","name":"Comment","target":["https:\/\/now-news.de\/de\/deutschland\/flugzeugabsturz-wagner-chef-prigoschin-an-bord-was-derzeit-bekannt-ist\/#respond"]}]},{"@type":"WebPage","@id":"https:\/\/now-news.de\/de\/deutschland\/flugzeugabsturz-wagner-chef-prigoschin-an-bord-was-derzeit-bekannt-ist\/","url":"https:\/\/now-news.de\/de\/deutschland\/flugzeugabsturz-wagner-chef-prigoschin-an-bord-was-derzeit-bekannt-ist\/","name":"Flugzeugabsturz: Wagner-Chef Prigoschin an Bord? Was derzeit bekannt ist - just-now.NEWS Deutschland","isPartOf":{"@id":"https:\/\/now-news.de\/de\/#website"},"primaryImageOfPage":{"@id":"https:\/\/now-news.de\/de\/deutschland\/flugzeugabsturz-wagner-chef-prigoschin-an-bord-was-derzeit-bekannt-ist\/#primaryimage"},"image":{"@id":"https:\/\/now-news.de\/de\/deutschland\/flugzeugabsturz-wagner-chef-prigoschin-an-bord-was-derzeit-bekannt-ist\/#primaryimage"},"thumbnailUrl":"https:\/\/now-news.de\/de\/wp-content\/uploads\/sites\/3\/2023\/08\/Flugzeugabsturz-Wagner-Chef-Prigoschin-an-Bord-Was-derzeit-bekannt-ist.png","datePublished":"2023-08-24T10:17:13+00:00","dateModified":"2023-08-24T10:17:13+00:00","breadcrumb":{"@id":"https:\/\/now-news.de\/de\/deutschland\/flugzeugabsturz-wagner-chef-prigoschin-an-bord-was-derzeit-bekannt-ist\/#breadcrumb"},"inLanguage":"de","potentialAction":[{"@type":"ReadAction","target":["https:\/\/now-news.de\/de\/deutschland\/flugzeugabsturz-wagner-chef-prigoschin-an-bord-was-derzeit-bekannt-ist\/"]}]},{"@type":"ImageObject","inLanguage":"de","@id":"https:\/\/now-news.de\/de\/deutschland\/flugzeugabsturz-wagner-chef-prigoschin-an-bord-was-derzeit-bekannt-ist\/#primaryimage","url":"https:\/\/now-news.de\/de\/wp-content\/uploads\/sites\/3\/2023\/08\/Flugzeugabsturz-Wagner-Chef-Prigoschin-an-Bord-Was-derzeit-bekannt-ist.png","contentUrl":"https:\/\/now-news.de\/de\/wp-content\/uploads\/sites\/3\/2023\/08\/Flugzeugabsturz-Wagner-Chef-Prigoschin-an-Bord-Was-derzeit-bekannt-ist.png","width":712,"height":412,"caption":"Flugzeugabsturz: Wagner-Chef Prigoschin an Bord? Was derzeit bekannt ist"},{"@type":"BreadcrumbList","@id":"https:\/\/now-news.de\/de\/deutschland\/flugzeugabsturz-wagner-chef-prigoschin-an-bord-was-derzeit-bekannt-ist\/#breadcrumb","itemListElement":[{"@type":"ListItem","position":1,"name":"Home","item":"https:\/\/now-news.de\/de\/"},{"@type":"ListItem","position":2,"name":"Flugzeugabsturz: Wagner-Chef Prigoschin an Bord? Was derzeit bekannt ist"}]},{"@type":"WebSite","@id":"https:\/\/now-news.de\/de\/#website","url":"https:\/\/now-news.de\/de\/","name":"just-now.NEWS Deutschland","description":"Das Portal f\u00fcr unzensierte Nachrichten aus der Welt","publisher":{"@id":"https:\/\/now-news.de\/de\/#organization"},"potentialAction":[{"@type":"SearchAction","target":{"@type":"EntryPoint","urlTemplate":"https:\/\/now-news.de\/de\/?s={search_term_string}"},"query-input":"required name=search_term_string"}],"inLanguage":"de"},{"@type":"Organization","@id":"https:\/\/now-news.de\/de\/#organization","name":"Just Now News","url":"https:\/\/now-news.de\/de\/","logo":{"@type":"ImageObject","inLanguage":"de","@id":"https:\/\/now-news.de\/de\/#\/schema\/logo\/image\/","url":"http:\/\/just-now.news\/de\/wp-content\/uploads\/sites\/3\/2022\/04\/logo500x500.jpg","contentUrl":"http:\/\/just-now.news\/de\/wp-content\/uploads\/sites\/3\/2022\/04\/logo500x500.jpg","width":500,"height":500,"caption":"Just Now News"},"image":{"@id":"https:\/\/now-news.de\/de\/#\/schema\/logo\/image\/"},"sameAs":["https:\/\/www.facebook.com\/wirmachenauf","https:\/\/x.com\/WirMachenAuf_de"]},{"@type":"Person","@id":"https:\/\/now-news.de\/de\/#\/schema\/person\/fb534a4e865501d8b3285208df34a9b5","name":"rtnews","image":{"@type":"ImageObject","inLanguage":"de","@id":"https:\/\/now-news.de\/de\/#\/schema\/person\/image\/","url":"https:\/\/secure.gravatar.com\/avatar\/82aafea7d8127119dd649515f56e2117?s=96&d=mm&r=g","contentUrl":"https:\/\/secure.gravatar.com\/avatar\/82aafea7d8127119dd649515f56e2117?s=96&d=mm&r=g","caption":"rtnews"},"url":"https:\/\/now-news.de\/de\/author\/rnews\/"}]}},"_links":{"self":[{"href":"https:\/\/now-news.de\/de\/wp-json\/wp\/v2\/posts\/45028"}],"collection":[{"href":"https:\/\/now-news.de\/de\/wp-json\/wp\/v2\/posts"}],"about":[{"href":"https:\/\/now-news.de\/de\/wp-json\/wp\/v2\/types\/post"}],"author":[{"embeddable":true,"href":"https:\/\/now-news.de\/de\/wp-json\/wp\/v2\/users\/3"}],"replies":[{"embeddable":true,"href":"https:\/\/now-news.de\/de\/wp-json\/wp\/v2\/comments?post=45028"}],"version-history":[{"count":0,"href":"https:\/\/now-news.de\/de\/wp-json\/wp\/v2\/posts\/45028\/revisions"}],"wp:featuredmedia":[{"embeddable":true,"href":"https:\/\/now-news.de\/de\/wp-json\/wp\/v2\/media\/45029"}],"wp:attachment":[{"href":"https:\/\/now-news.de\/de\/wp-json\/wp\/v2\/media?parent=45028"}],"wp:term":[{"taxonomy":"category","embeddable":true,"href":"https:\/\/now-news.de\/de\/wp-json\/wp\/v2\/categories?post=45028"},{"taxonomy":"post_tag","embeddable":true,"href":"https:\/\/now-news.de\/de\/wp-json\/wp\/v2\/tags?post=45028"}],"curies":[{"name":"wp","href":"https:\/\/api.w.org\/{rel}","templated":true}]}}