{"id":45015,"date":"2023-08-24T08:27:29","date_gmt":"2023-08-24T06:27:29","guid":{"rendered":"https:\/\/just-now.news\/de\/deutschland\/russische-luftfahrtbehoerde-gibt-namen-der-passagiere-des-abgestuerzten-flugzeugs-bekannt\/"},"modified":"2023-08-24T08:27:29","modified_gmt":"2023-08-24T06:27:29","slug":"russische-luftfahrtbehoerde-gibt-namen-der-passagiere-des-abgestuerzten-flugzeugs-bekannt","status":"publish","type":"post","link":"https:\/\/now-news.de\/de\/deutschland\/russische-luftfahrtbehoerde-gibt-namen-der-passagiere-des-abgestuerzten-flugzeugs-bekannt\/","title":{"rendered":"Russische Luftfahrtbeh\u00f6rde gibt Namen der Passagiere des abgest\u00fcrzten Flugzeugs bekannt"},"content":{"rendered":"<p><img decoding=\"async\" src=\"http:\/\/just-now.news\/de\/wp-content\/uploads\/sites\/3\/2023\/08\/64e6f65048fbef707449f843.jpg\" \/><\/p>\n<div class=\"Text-root Text-type_1 \">\n                Am Mittwoch st\u00fcrzte im russischen Gebiet Twer ein Privatflugzeug ab. Nun hat die russische Luftfahrtbeh\u00f6rde die Passagierliste ver\u00f6ffentlicht. Auf ihr stehen auch die Namen von Wagner-Chef Jewgeni Prigoschin und Wagner-Gr\u00fcnder Dmitri Utkin.\n            <\/div>\n<p><\/p>\n<div class=\"Text-root Text-type_5 ArticleView-text ViewText-root \">\n<p>Am sp\u00e4ten Mittwochabend hat die russische Luftfahrtbeh\u00f6rde Rosawiazija die Namen der Personen ver\u00f6ffentlicht, die sich auf der Passagierliste des am Mittwoch im russischen Gebiet Twer abgest\u00fcrzten Privatflugzeugs befanden. Aus einer Erkl\u00e4rung der Beh\u00f6rde geht hervor:<\/p>\n<p><em>&#8220;Nach Angaben der Fluggesellschaft befanden sich folgende Passagiere an Bord des Flugzeugs Embraer-135 (EBM-135BJ):<\/em><\/p>\n<p><em>Propustin Sergei<\/em><br \/><em>Makarjan\u00a0Jewgeni<\/em><br \/><em>Totmin Aleksander<\/em><br \/><em>Tschekalow\u00a0Waleri<\/em><br \/><em>Utkin Dmitri<\/em><br \/><em>Matusejew Nikolai<\/em><br \/><em>Prigoschin Jewgeni<\/em><\/p>\n<p><em>Besatzungsmitglieder:<\/em><\/p>\n<p><em>Lewschin Alexei, Kommandant<\/em><br \/><em>Karimov Rustam, Co-Pilot<\/em><br \/><em>Raspopova Kristina, Flugbegleiterin<\/em><\/p>\n<p><em>Der Flug des Flugzeugs Embraer-135 (EBM-135BJ) wurde auf der Grundlage einer Genehmigung f\u00fcr die Nutzung des Luftraums durchgef\u00fchrt, die gem\u00e4\u00df dem festgelegten Verfahren erteilt wurde.&#8221;<\/em><\/p>\n<p>Damit ist nun auch offiziell best\u00e4tigt, dass sich\u00a0Wagner-Chef Jewgeni Prigoschin und Wagner-Gr\u00fcnder Dmitri Utkin auf der Passagierliste des abgest\u00fcrzten Flugzeugs befanden. Bereits zuvor hatte die Beh\u00f6rde auf Anfrage von\u00a0<em>RT<\/em>\u00a0best\u00e4tigt, dass Jewgeni Prigoschin an Bord der abgest\u00fcrzten Maschine gewesen war.<\/p>\n<p>Am Mittwoch war das Flugzeug im russischen Gebiet Twer abgest\u00fcrzt. Die Luftfahrtbeh\u00f6rde hat eine Ermittlungsgruppe zur Untersuchung der Ursachen des Absturzes eingerichtet.\u00a0\u00a0<\/p>\n<p><strong>Mehr zum Thema<\/strong> &#8211; <a rel=\"nofollow noopener\" target=\"_blank\" href=\"https:\/\/freedert.online\/russland\/178708-privatflugzeug-im-gebiet-twer-abgestuerzt\/\">Medienbericht: Wagner-Chef Prigoschin mit Privatflugzeug im Gebiet Twer abgest\u00fcrzt<\/a><\/p>\n<div class=\"EmbedBlock-root EmbedBlock-externalVideo EmbedBlock-vk\">\n<div class=\"VkEmbed\"><iframe class=\"lazyload\" data-src=\"https:\/\/vk.com\/video_ext.php?oid=-134310637&amp;id=456269326&amp;hash=77b76836d7661557\" frameborder=\"0\" width=\"853\" height=\"480\" allowfullscreen><\/iframe><\/div>\n<\/div>\n<\/div>\n<p><br \/>\n<br \/><a href=\"https:\/\/de.rt.com\/russland\/178726-russische-luftfahrtbehoerde-gibt-namen-passagiere\/\">Source link <\/a><\/p>\n","protected":false},"excerpt":{"rendered":"<p>Am Mittwoch st\u00fcrzte im russischen Gebiet Twer ein Privatflugzeug ab. Nun hat die russische Luftfahrtbeh\u00f6rde die Passagierliste ver\u00f6ffentlicht. Auf ihr stehen auch die Namen von Wagner-Chef Jewgeni Prigoschin und Wagner-Gr\u00fcnder Dmitri Utkin. Am sp\u00e4ten Mittwochabend hat die russische Luftfahrtbeh\u00f6rde Rosawiazija die Namen der Personen ver\u00f6ffentlicht, die sich auf der Passagierliste des am Mittwoch im russischen [&hellip;]<\/p>\n","protected":false},"author":3,"featured_media":45016,"comment_status":"open","ping_status":"open","sticky":false,"template":"","format":"standard","meta":{"_yoast_indexnow_last_ping":["1692858910"],"wp_automatic_camp":["217"],"cca4f17a191c8b6df44aa00a0ee699af":["Russische Luftfahrtbeh\u00f6rde gibt Namen der Passagiere des abgest\u00fcrzten Flugzeugs bekannt"],"original_link":["https:\/\/de.rt.com\/russland\/178726-russische-luftfahrtbehoerde-gibt-namen-passagiere\/"],"_thumbnail_id":["45016"],"_wptgpro_p2tg_sent2tg":["a:1:{i:23737;s:19:\"2023-08-24 08:36:10\";}"],"jnews_social_counter_last_update":["1777192516"]},"categories":[19,23],"tags":[23740,4493,82,583,22391,1002,48096,24220,24538,570],"yoast_head":"<!-- This site is optimized with the Yoast SEO Premium plugin v22.7 (Yoast SEO v22.7) - https:\/\/yoast.com\/wordpress\/plugins\/seo\/ -->\n<title>Russische Luftfahrtbeh\u00f6rde gibt Namen der Passagiere des abgest\u00fcrzten Flugzeugs bekannt - just-now.NEWS Deutschland<\/title>\n<meta name=\"robots\" content=\"index, follow, max-snippet:-1, max-image-preview:large, max-video-preview:-1\" \/>\n<link rel=\"canonical\" href=\"https:\/\/now-news.de\/de\/deutschland\/russische-luftfahrtbehoerde-gibt-namen-der-passagiere-des-abgestuerzten-flugzeugs-bekannt\/\" \/>\n<meta property=\"og:locale\" content=\"de_DE\" \/>\n<meta property=\"og:type\" content=\"article\" \/>\n<meta property=\"og:title\" content=\"Russische Luftfahrtbeh\u00f6rde gibt Namen der Passagiere des abgest\u00fcrzten Flugzeugs bekannt\" \/>\n<meta property=\"og:description\" content=\"Am Mittwoch st\u00fcrzte im russischen Gebiet Twer ein Privatflugzeug ab. Nun hat die russische Luftfahrtbeh\u00f6rde die Passagierliste ver\u00f6ffentlicht. Auf ihr stehen auch die Namen von Wagner-Chef Jewgeni Prigoschin und Wagner-Gr\u00fcnder Dmitri Utkin. Am sp\u00e4ten Mittwochabend hat die russische Luftfahrtbeh\u00f6rde Rosawiazija die Namen der Personen ver\u00f6ffentlicht, die sich auf der Passagierliste des am Mittwoch im russischen [&hellip;]\" \/>\n<meta property=\"og:url\" content=\"https:\/\/now-news.de\/de\/deutschland\/russische-luftfahrtbehoerde-gibt-namen-der-passagiere-des-abgestuerzten-flugzeugs-bekannt\/\" \/>\n<meta property=\"og:site_name\" content=\"just-now.NEWS Deutschland\" \/>\n<meta property=\"article:publisher\" content=\"https:\/\/www.facebook.com\/wirmachenauf\" \/>\n<meta property=\"article:published_time\" content=\"2023-08-24T06:27:29+00:00\" \/>\n<meta property=\"og:image\" content=\"https:\/\/now-news.de\/de\/wp-content\/uploads\/sites\/3\/2023\/08\/Russische-Luftfahrtbehoerde-gibt-Namen-der-Passagiere-des-abgestuerzten-Flugzeugs-bekannt.jpg\" \/>\n\t<meta property=\"og:image:width\" content=\"460\" \/>\n\t<meta property=\"og:image:height\" content=\"259\" \/>\n\t<meta property=\"og:image:type\" content=\"image\/jpeg\" \/>\n<meta name=\"author\" content=\"rtnews\" \/>\n<meta name=\"twitter:card\" content=\"summary_large_image\" \/>\n<meta name=\"twitter:creator\" content=\"@WirMachenAuf_de\" \/>\n<meta name=\"twitter:site\" content=\"@WirMachenAuf_de\" \/>\n<meta name=\"twitter:label1\" content=\"Verfasst von\" \/>\n\t<meta name=\"twitter:data1\" content=\"rtnews\" \/>\n\t<meta name=\"twitter:label2\" content=\"Gesch\u00e4tzte Lesezeit\" \/>\n\t<meta name=\"twitter:data2\" content=\"1\u00a0Minute\" \/>\n<script type=\"application\/ld+json\" class=\"yoast-schema-graph\">{\"@context\":\"https:\/\/schema.org\",\"@graph\":[{\"@type\":\"Article\",\"@id\":\"https:\/\/now-news.de\/de\/deutschland\/russische-luftfahrtbehoerde-gibt-namen-der-passagiere-des-abgestuerzten-flugzeugs-bekannt\/#article\",\"isPartOf\":{\"@id\":\"https:\/\/now-news.de\/de\/deutschland\/russische-luftfahrtbehoerde-gibt-namen-der-passagiere-des-abgestuerzten-flugzeugs-bekannt\/\"},\"author\":{\"name\":\"rtnews\",\"@id\":\"https:\/\/now-news.de\/de\/#\/schema\/person\/fb534a4e865501d8b3285208df34a9b5\"},\"headline\":\"Russische Luftfahrtbeh\u00f6rde gibt Namen der Passagiere des abgest\u00fcrzten Flugzeugs bekannt\",\"datePublished\":\"2023-08-24T06:27:29+00:00\",\"dateModified\":\"2023-08-24T06:27:29+00:00\",\"mainEntityOfPage\":{\"@id\":\"https:\/\/now-news.de\/de\/deutschland\/russische-luftfahrtbehoerde-gibt-namen-der-passagiere-des-abgestuerzten-flugzeugs-bekannt\/\"},\"wordCount\":245,\"commentCount\":0,\"publisher\":{\"@id\":\"https:\/\/now-news.de\/de\/#organization\"},\"image\":{\"@id\":\"https:\/\/now-news.de\/de\/deutschland\/russische-luftfahrtbehoerde-gibt-namen-der-passagiere-des-abgestuerzten-flugzeugs-bekannt\/#primaryimage\"},\"thumbnailUrl\":\"https:\/\/now-news.de\/de\/wp-content\/uploads\/sites\/3\/2023\/08\/Russische-Luftfahrtbehoerde-gibt-Namen-der-Passagiere-des-abgestuerzten-Flugzeugs-bekannt.jpg\",\"keywords\":[\"abgest\u00fcrzten\",\"bekannt\",\"der\",\"des\",\"Flugzeugs\",\"gibt\",\"Luftfahrtbeh\u00f6rde\",\"Namen\",\"Passagiere\",\"Russische\"],\"articleSection\":[\"Deutschland\",\"Russland\"],\"inLanguage\":\"de\",\"potentialAction\":[{\"@type\":\"CommentAction\",\"name\":\"Comment\",\"target\":[\"https:\/\/now-news.de\/de\/deutschland\/russische-luftfahrtbehoerde-gibt-namen-der-passagiere-des-abgestuerzten-flugzeugs-bekannt\/#respond\"]}]},{\"@type\":\"WebPage\",\"@id\":\"https:\/\/now-news.de\/de\/deutschland\/russische-luftfahrtbehoerde-gibt-namen-der-passagiere-des-abgestuerzten-flugzeugs-bekannt\/\",\"url\":\"https:\/\/now-news.de\/de\/deutschland\/russische-luftfahrtbehoerde-gibt-namen-der-passagiere-des-abgestuerzten-flugzeugs-bekannt\/\",\"name\":\"Russische Luftfahrtbeh\u00f6rde gibt Namen der Passagiere des abgest\u00fcrzten Flugzeugs bekannt - just-now.NEWS Deutschland\",\"isPartOf\":{\"@id\":\"https:\/\/now-news.de\/de\/#website\"},\"primaryImageOfPage\":{\"@id\":\"https:\/\/now-news.de\/de\/deutschland\/russische-luftfahrtbehoerde-gibt-namen-der-passagiere-des-abgestuerzten-flugzeugs-bekannt\/#primaryimage\"},\"image\":{\"@id\":\"https:\/\/now-news.de\/de\/deutschland\/russische-luftfahrtbehoerde-gibt-namen-der-passagiere-des-abgestuerzten-flugzeugs-bekannt\/#primaryimage\"},\"thumbnailUrl\":\"https:\/\/now-news.de\/de\/wp-content\/uploads\/sites\/3\/2023\/08\/Russische-Luftfahrtbehoerde-gibt-Namen-der-Passagiere-des-abgestuerzten-Flugzeugs-bekannt.jpg\",\"datePublished\":\"2023-08-24T06:27:29+00:00\",\"dateModified\":\"2023-08-24T06:27:29+00:00\",\"breadcrumb\":{\"@id\":\"https:\/\/now-news.de\/de\/deutschland\/russische-luftfahrtbehoerde-gibt-namen-der-passagiere-des-abgestuerzten-flugzeugs-bekannt\/#breadcrumb\"},\"inLanguage\":\"de\",\"potentialAction\":[{\"@type\":\"ReadAction\",\"target\":[\"https:\/\/now-news.de\/de\/deutschland\/russische-luftfahrtbehoerde-gibt-namen-der-passagiere-des-abgestuerzten-flugzeugs-bekannt\/\"]}]},{\"@type\":\"ImageObject\",\"inLanguage\":\"de\",\"@id\":\"https:\/\/now-news.de\/de\/deutschland\/russische-luftfahrtbehoerde-gibt-namen-der-passagiere-des-abgestuerzten-flugzeugs-bekannt\/#primaryimage\",\"url\":\"https:\/\/now-news.de\/de\/wp-content\/uploads\/sites\/3\/2023\/08\/Russische-Luftfahrtbehoerde-gibt-Namen-der-Passagiere-des-abgestuerzten-Flugzeugs-bekannt.jpg\",\"contentUrl\":\"https:\/\/now-news.de\/de\/wp-content\/uploads\/sites\/3\/2023\/08\/Russische-Luftfahrtbehoerde-gibt-Namen-der-Passagiere-des-abgestuerzten-Flugzeugs-bekannt.jpg\",\"width\":460,\"height\":259,\"caption\":\"Russische Luftfahrtbeh\u00f6rde gibt Namen der Passagiere des abgest\u00fcrzten Flugzeugs bekannt\"},{\"@type\":\"BreadcrumbList\",\"@id\":\"https:\/\/now-news.de\/de\/deutschland\/russische-luftfahrtbehoerde-gibt-namen-der-passagiere-des-abgestuerzten-flugzeugs-bekannt\/#breadcrumb\",\"itemListElement\":[{\"@type\":\"ListItem\",\"position\":1,\"name\":\"Home\",\"item\":\"https:\/\/now-news.de\/de\/\"},{\"@type\":\"ListItem\",\"position\":2,\"name\":\"Russische Luftfahrtbeh\u00f6rde gibt Namen der Passagiere des abgest\u00fcrzten Flugzeugs bekannt\"}]},{\"@type\":\"WebSite\",\"@id\":\"https:\/\/now-news.de\/de\/#website\",\"url\":\"https:\/\/now-news.de\/de\/\",\"name\":\"just-now.NEWS Deutschland\",\"description\":\"Das Portal f\u00fcr unzensierte Nachrichten aus der Welt\",\"publisher\":{\"@id\":\"https:\/\/now-news.de\/de\/#organization\"},\"potentialAction\":[{\"@type\":\"SearchAction\",\"target\":{\"@type\":\"EntryPoint\",\"urlTemplate\":\"https:\/\/now-news.de\/de\/?s={search_term_string}\"},\"query-input\":\"required name=search_term_string\"}],\"inLanguage\":\"de\"},{\"@type\":\"Organization\",\"@id\":\"https:\/\/now-news.de\/de\/#organization\",\"name\":\"Just Now News\",\"url\":\"https:\/\/now-news.de\/de\/\",\"logo\":{\"@type\":\"ImageObject\",\"inLanguage\":\"de\",\"@id\":\"https:\/\/now-news.de\/de\/#\/schema\/logo\/image\/\",\"url\":\"http:\/\/just-now.news\/de\/wp-content\/uploads\/sites\/3\/2022\/04\/logo500x500.jpg\",\"contentUrl\":\"http:\/\/just-now.news\/de\/wp-content\/uploads\/sites\/3\/2022\/04\/logo500x500.jpg\",\"width\":500,\"height\":500,\"caption\":\"Just Now News\"},\"image\":{\"@id\":\"https:\/\/now-news.de\/de\/#\/schema\/logo\/image\/\"},\"sameAs\":[\"https:\/\/www.facebook.com\/wirmachenauf\",\"https:\/\/x.com\/WirMachenAuf_de\"]},{\"@type\":\"Person\",\"@id\":\"https:\/\/now-news.de\/de\/#\/schema\/person\/fb534a4e865501d8b3285208df34a9b5\",\"name\":\"rtnews\",\"image\":{\"@type\":\"ImageObject\",\"inLanguage\":\"de\",\"@id\":\"https:\/\/now-news.de\/de\/#\/schema\/person\/image\/\",\"url\":\"https:\/\/secure.gravatar.com\/avatar\/82aafea7d8127119dd649515f56e2117?s=96&d=mm&r=g\",\"contentUrl\":\"https:\/\/secure.gravatar.com\/avatar\/82aafea7d8127119dd649515f56e2117?s=96&d=mm&r=g\",\"caption\":\"rtnews\"},\"url\":\"https:\/\/now-news.de\/de\/author\/rnews\/\"}]}<\/script>\n<!-- \/ Yoast SEO Premium plugin. -->","yoast_head_json":{"title":"Russische Luftfahrtbeh\u00f6rde gibt Namen der Passagiere des abgest\u00fcrzten Flugzeugs bekannt - just-now.NEWS Deutschland","robots":{"index":"index","follow":"follow","max-snippet":"max-snippet:-1","max-image-preview":"max-image-preview:large","max-video-preview":"max-video-preview:-1"},"canonical":"https:\/\/now-news.de\/de\/deutschland\/russische-luftfahrtbehoerde-gibt-namen-der-passagiere-des-abgestuerzten-flugzeugs-bekannt\/","og_locale":"de_DE","og_type":"article","og_title":"Russische Luftfahrtbeh\u00f6rde gibt Namen der Passagiere des abgest\u00fcrzten Flugzeugs bekannt","og_description":"Am Mittwoch st\u00fcrzte im russischen Gebiet Twer ein Privatflugzeug ab. Nun hat die russische Luftfahrtbeh\u00f6rde die Passagierliste ver\u00f6ffentlicht. Auf ihr stehen auch die Namen von Wagner-Chef Jewgeni Prigoschin und Wagner-Gr\u00fcnder Dmitri Utkin. Am sp\u00e4ten Mittwochabend hat die russische Luftfahrtbeh\u00f6rde Rosawiazija die Namen der Personen ver\u00f6ffentlicht, die sich auf der Passagierliste des am Mittwoch im russischen [&hellip;]","og_url":"https:\/\/now-news.de\/de\/deutschland\/russische-luftfahrtbehoerde-gibt-namen-der-passagiere-des-abgestuerzten-flugzeugs-bekannt\/","og_site_name":"just-now.NEWS Deutschland","article_publisher":"https:\/\/www.facebook.com\/wirmachenauf","article_published_time":"2023-08-24T06:27:29+00:00","og_image":[{"width":460,"height":259,"url":"https:\/\/now-news.de\/de\/wp-content\/uploads\/sites\/3\/2023\/08\/Russische-Luftfahrtbehoerde-gibt-Namen-der-Passagiere-des-abgestuerzten-Flugzeugs-bekannt.jpg","type":"image\/jpeg"}],"author":"rtnews","twitter_card":"summary_large_image","twitter_creator":"@WirMachenAuf_de","twitter_site":"@WirMachenAuf_de","twitter_misc":{"Verfasst von":"rtnews","Gesch\u00e4tzte Lesezeit":"1\u00a0Minute"},"schema":{"@context":"https:\/\/schema.org","@graph":[{"@type":"Article","@id":"https:\/\/now-news.de\/de\/deutschland\/russische-luftfahrtbehoerde-gibt-namen-der-passagiere-des-abgestuerzten-flugzeugs-bekannt\/#article","isPartOf":{"@id":"https:\/\/now-news.de\/de\/deutschland\/russische-luftfahrtbehoerde-gibt-namen-der-passagiere-des-abgestuerzten-flugzeugs-bekannt\/"},"author":{"name":"rtnews","@id":"https:\/\/now-news.de\/de\/#\/schema\/person\/fb534a4e865501d8b3285208df34a9b5"},"headline":"Russische Luftfahrtbeh\u00f6rde gibt Namen der Passagiere des abgest\u00fcrzten Flugzeugs bekannt","datePublished":"2023-08-24T06:27:29+00:00","dateModified":"2023-08-24T06:27:29+00:00","mainEntityOfPage":{"@id":"https:\/\/now-news.de\/de\/deutschland\/russische-luftfahrtbehoerde-gibt-namen-der-passagiere-des-abgestuerzten-flugzeugs-bekannt\/"},"wordCount":245,"commentCount":0,"publisher":{"@id":"https:\/\/now-news.de\/de\/#organization"},"image":{"@id":"https:\/\/now-news.de\/de\/deutschland\/russische-luftfahrtbehoerde-gibt-namen-der-passagiere-des-abgestuerzten-flugzeugs-bekannt\/#primaryimage"},"thumbnailUrl":"https:\/\/now-news.de\/de\/wp-content\/uploads\/sites\/3\/2023\/08\/Russische-Luftfahrtbehoerde-gibt-Namen-der-Passagiere-des-abgestuerzten-Flugzeugs-bekannt.jpg","keywords":["abgest\u00fcrzten","bekannt","der","des","Flugzeugs","gibt","Luftfahrtbeh\u00f6rde","Namen","Passagiere","Russische"],"articleSection":["Deutschland","Russland"],"inLanguage":"de","potentialAction":[{"@type":"CommentAction","name":"Comment","target":["https:\/\/now-news.de\/de\/deutschland\/russische-luftfahrtbehoerde-gibt-namen-der-passagiere-des-abgestuerzten-flugzeugs-bekannt\/#respond"]}]},{"@type":"WebPage","@id":"https:\/\/now-news.de\/de\/deutschland\/russische-luftfahrtbehoerde-gibt-namen-der-passagiere-des-abgestuerzten-flugzeugs-bekannt\/","url":"https:\/\/now-news.de\/de\/deutschland\/russische-luftfahrtbehoerde-gibt-namen-der-passagiere-des-abgestuerzten-flugzeugs-bekannt\/","name":"Russische Luftfahrtbeh\u00f6rde gibt Namen der Passagiere des abgest\u00fcrzten Flugzeugs bekannt - just-now.NEWS Deutschland","isPartOf":{"@id":"https:\/\/now-news.de\/de\/#website"},"primaryImageOfPage":{"@id":"https:\/\/now-news.de\/de\/deutschland\/russische-luftfahrtbehoerde-gibt-namen-der-passagiere-des-abgestuerzten-flugzeugs-bekannt\/#primaryimage"},"image":{"@id":"https:\/\/now-news.de\/de\/deutschland\/russische-luftfahrtbehoerde-gibt-namen-der-passagiere-des-abgestuerzten-flugzeugs-bekannt\/#primaryimage"},"thumbnailUrl":"https:\/\/now-news.de\/de\/wp-content\/uploads\/sites\/3\/2023\/08\/Russische-Luftfahrtbehoerde-gibt-Namen-der-Passagiere-des-abgestuerzten-Flugzeugs-bekannt.jpg","datePublished":"2023-08-24T06:27:29+00:00","dateModified":"2023-08-24T06:27:29+00:00","breadcrumb":{"@id":"https:\/\/now-news.de\/de\/deutschland\/russische-luftfahrtbehoerde-gibt-namen-der-passagiere-des-abgestuerzten-flugzeugs-bekannt\/#breadcrumb"},"inLanguage":"de","potentialAction":[{"@type":"ReadAction","target":["https:\/\/now-news.de\/de\/deutschland\/russische-luftfahrtbehoerde-gibt-namen-der-passagiere-des-abgestuerzten-flugzeugs-bekannt\/"]}]},{"@type":"ImageObject","inLanguage":"de","@id":"https:\/\/now-news.de\/de\/deutschland\/russische-luftfahrtbehoerde-gibt-namen-der-passagiere-des-abgestuerzten-flugzeugs-bekannt\/#primaryimage","url":"https:\/\/now-news.de\/de\/wp-content\/uploads\/sites\/3\/2023\/08\/Russische-Luftfahrtbehoerde-gibt-Namen-der-Passagiere-des-abgestuerzten-Flugzeugs-bekannt.jpg","contentUrl":"https:\/\/now-news.de\/de\/wp-content\/uploads\/sites\/3\/2023\/08\/Russische-Luftfahrtbehoerde-gibt-Namen-der-Passagiere-des-abgestuerzten-Flugzeugs-bekannt.jpg","width":460,"height":259,"caption":"Russische Luftfahrtbeh\u00f6rde gibt Namen der Passagiere des abgest\u00fcrzten Flugzeugs bekannt"},{"@type":"BreadcrumbList","@id":"https:\/\/now-news.de\/de\/deutschland\/russische-luftfahrtbehoerde-gibt-namen-der-passagiere-des-abgestuerzten-flugzeugs-bekannt\/#breadcrumb","itemListElement":[{"@type":"ListItem","position":1,"name":"Home","item":"https:\/\/now-news.de\/de\/"},{"@type":"ListItem","position":2,"name":"Russische Luftfahrtbeh\u00f6rde gibt Namen der Passagiere des abgest\u00fcrzten Flugzeugs bekannt"}]},{"@type":"WebSite","@id":"https:\/\/now-news.de\/de\/#website","url":"https:\/\/now-news.de\/de\/","name":"just-now.NEWS Deutschland","description":"Das Portal f\u00fcr unzensierte Nachrichten aus der Welt","publisher":{"@id":"https:\/\/now-news.de\/de\/#organization"},"potentialAction":[{"@type":"SearchAction","target":{"@type":"EntryPoint","urlTemplate":"https:\/\/now-news.de\/de\/?s={search_term_string}"},"query-input":"required name=search_term_string"}],"inLanguage":"de"},{"@type":"Organization","@id":"https:\/\/now-news.de\/de\/#organization","name":"Just Now News","url":"https:\/\/now-news.de\/de\/","logo":{"@type":"ImageObject","inLanguage":"de","@id":"https:\/\/now-news.de\/de\/#\/schema\/logo\/image\/","url":"http:\/\/just-now.news\/de\/wp-content\/uploads\/sites\/3\/2022\/04\/logo500x500.jpg","contentUrl":"http:\/\/just-now.news\/de\/wp-content\/uploads\/sites\/3\/2022\/04\/logo500x500.jpg","width":500,"height":500,"caption":"Just Now News"},"image":{"@id":"https:\/\/now-news.de\/de\/#\/schema\/logo\/image\/"},"sameAs":["https:\/\/www.facebook.com\/wirmachenauf","https:\/\/x.com\/WirMachenAuf_de"]},{"@type":"Person","@id":"https:\/\/now-news.de\/de\/#\/schema\/person\/fb534a4e865501d8b3285208df34a9b5","name":"rtnews","image":{"@type":"ImageObject","inLanguage":"de","@id":"https:\/\/now-news.de\/de\/#\/schema\/person\/image\/","url":"https:\/\/secure.gravatar.com\/avatar\/82aafea7d8127119dd649515f56e2117?s=96&d=mm&r=g","contentUrl":"https:\/\/secure.gravatar.com\/avatar\/82aafea7d8127119dd649515f56e2117?s=96&d=mm&r=g","caption":"rtnews"},"url":"https:\/\/now-news.de\/de\/author\/rnews\/"}]}},"_links":{"self":[{"href":"https:\/\/now-news.de\/de\/wp-json\/wp\/v2\/posts\/45015"}],"collection":[{"href":"https:\/\/now-news.de\/de\/wp-json\/wp\/v2\/posts"}],"about":[{"href":"https:\/\/now-news.de\/de\/wp-json\/wp\/v2\/types\/post"}],"author":[{"embeddable":true,"href":"https:\/\/now-news.de\/de\/wp-json\/wp\/v2\/users\/3"}],"replies":[{"embeddable":true,"href":"https:\/\/now-news.de\/de\/wp-json\/wp\/v2\/comments?post=45015"}],"version-history":[{"count":0,"href":"https:\/\/now-news.de\/de\/wp-json\/wp\/v2\/posts\/45015\/revisions"}],"wp:featuredmedia":[{"embeddable":true,"href":"https:\/\/now-news.de\/de\/wp-json\/wp\/v2\/media\/45016"}],"wp:attachment":[{"href":"https:\/\/now-news.de\/de\/wp-json\/wp\/v2\/media?parent=45015"}],"wp:term":[{"taxonomy":"category","embeddable":true,"href":"https:\/\/now-news.de\/de\/wp-json\/wp\/v2\/categories?post=45015"},{"taxonomy":"post_tag","embeddable":true,"href":"https:\/\/now-news.de\/de\/wp-json\/wp\/v2\/tags?post=45015"}],"curies":[{"name":"wp","href":"https:\/\/api.w.org\/{rel}","templated":true}]}}