{"id":44964,"date":"2023-08-23T14:25:52","date_gmt":"2023-08-23T12:25:52","guid":{"rendered":"https:\/\/just-now.news\/de\/deutschland\/lars-von-trier-ueber-f-16-lieferung-an-die-ukraine-auch-russische-leben-zaehlen\/"},"modified":"2023-08-23T14:25:52","modified_gmt":"2023-08-23T12:25:52","slug":"lars-von-trier-ueber-f-16-lieferung-an-die-ukraine-auch-russische-leben-zaehlen","status":"publish","type":"post","link":"https:\/\/now-news.de\/de\/deutschland\/lars-von-trier-ueber-f-16-lieferung-an-die-ukraine-auch-russische-leben-zaehlen\/","title":{"rendered":"Lars von Trier \u00fcber F-16-Lieferung an die Ukraine: &quot;Auch russische Leben z\u00e4hlen&quot;"},"content":{"rendered":"<p><img decoding=\"async\" src=\"http:\/\/just-now.news\/de\/wp-content\/uploads\/sites\/3\/2023\/08\/64e5df29b480cc1dc9417b36.jpg\" \/><\/p>\n<div class=\"Text-root Text-type_1 \">\n                Der d\u00e4nische Regisseur Lars von Trier verurteilt die Entscheidung der EU, F-16-Kampfflugzeuge an die Ukraine zu liefern. Am Dienstag wandte er sich in den sozialen Netzwerken an den russischen und ukrainischen Pr\u00e4sidenten sowie an die d\u00e4nische Ministerpr\u00e4sidentin.\n            <\/div>\n<p><\/p>\n<div class=\"Text-root Text-type_5 ArticleView-text ViewText-root \">\n<p>Der d\u00e4nische Regisseur Lars von Trier postete auf Instagram einen Appell an die Pr\u00e4sidenten Russlands und der Ukraine, Wladimir Putin und Wladimir Selenskij, sowie an die d\u00e4nische Ministerpr\u00e4sidentin Mette Frederiksen:<\/p>\n<blockquote>\n<p><em>&#8220;An Herrn Selenskij und Herrn Putin und nicht zuletzt an Frau Frederiksen (die gestern wie Hals \u00fcber Kopf verliebt in einer am meisten gef\u00fcrchteten T\u00f6tungsmaschine unserer Zeit posierte und von einem Ohr zum anderen grinste): Auch russische Leben z\u00e4hlen!&#8221;<\/em><\/p>\n<\/blockquote>\n<div class=\"EmbedBlock-root EmbedBlock-twitter\">\n<div class=\"TwitterEmbed\">\n<blockquote class=\"twitter-tweet lazyload\" data-twitter=\"twitter-tweet\">\n<p lang=\"en\" dir=\"ltr\">\ud83c\udde9\ud83c\uddf0 Lars von Trier: Russian lives matter also!Denmark\u2019s most famous film director has commented on the country&#8217;s pledge of F-16s to Ukraine, publishing a post which says: \u201cRussian lives matter also!\u201c <a rel=\"nofollow noopener\" target=\"_blank\" href=\"https:\/\/t.co\/kve3cIbM3I\">pic.twitter.com\/kve3cIbM3I<\/a><\/p>\n<p>\u2014 Winnie Pooh (@WinniePooh14466) <a rel=\"nofollow noopener\" target=\"_blank\" href=\"https:\/\/twitter.com\/WinniePooh14466\/status\/1694280433461023126?ref_src=twsrc%5Etfw\">August 23, 2023<\/a><\/p><\/blockquote>\n<\/div>\n<\/div>\n<p>Damit reagierte von Trier offenbar auf die Nachricht, dass die Niederlande und D\u00e4nemark am Sonntag die Lieferung von F-16-Kampfflugzeugen in die Ukraine angek\u00fcndigt hatten. Die d\u00e4nische Regierung betonte, dass Kiew die Jets nur im eigenen Land zum Einsatz bringen d\u00fcrfe. Die ersten sechs Flugzeuge sollen bereits um den Jahreswechsel herum geliefert werden. Frederiksen bezeichnete Selenskij als &#8220;einen der gr\u00f6\u00dften Helden unserer Zeit&#8221;.<\/p>\n<p>Moskau \u00fcbte daraufhin scharfe Kritik. Der Schritt werde zu einer weiteren Eskalation f\u00fchren, warnte Russlands Botschafter in D\u00e4nemark Wladimir Barbin.<\/p>\n<p>Der 67-j\u00e4hrige Regisseur ist bekannt f\u00fcr die Filme &#8220;Nymphomaniac&#8221;, &#8220;Dogville&#8221;, &#8220;Melancholia&#8221; und &#8220;Antichrist&#8221;. Er gab k\u00fcrzlich in den sozialen Netzwerken bekannt, dass er auf der Suche nach einer Muse sei. Zugleich warnte er potenzielle Bewerberinnen, dass er an der Parkinsonkrankheit, einer Zwangsst\u00f6rung und &#8220;kontrolliertem&#8221; Alkoholismus leide.\u00a0Trotzdem bestehe er darauf, dass er an einem guten Tag in der richtigen Gesellschaft ein charmanter Partner sein k\u00f6nne.\u00a0<\/p>\n<p><strong>Mehr zum Thema<\/strong> &#8211; <a rel=\"nofollow noopener\" target=\"_blank\" href=\"https:\/\/freedert.online\/international\/178000-buhrufe-bei-konzert-in-georgien\/\">Buhrufe bei Konzert in Georgien: The Killers holen Schlagzeuger aus Russland auf die B\u00fchne<\/a><\/p>\n<\/div>\n<p><script async src=\"https:\/\/platform.twitter.com\/widgets.js\" charset=\"utf-8\"><\/script><br \/>\n<br \/><br \/>\n<br \/><a href=\"https:\/\/de.rt.com\/international\/178646-lars-von-trier-ueber-f\/\">Source link <\/a><\/p>\n","protected":false},"excerpt":{"rendered":"<p>Der d\u00e4nische Regisseur Lars von Trier verurteilt die Entscheidung der EU, F-16-Kampfflugzeuge an die Ukraine zu liefern. Am Dienstag wandte er sich in den sozialen Netzwerken an den russischen und ukrainischen Pr\u00e4sidenten sowie an die d\u00e4nische Ministerpr\u00e4sidentin. Der d\u00e4nische Regisseur Lars von Trier postete auf Instagram einen Appell an die Pr\u00e4sidenten Russlands und der Ukraine, [&hellip;]<\/p>\n","protected":false},"author":3,"featured_media":44965,"comment_status":"open","ping_status":"open","sticky":false,"template":"","format":"standard","meta":{"_yoast_indexnow_last_ping":["1692794492"],"wp_automatic_camp":["217"],"90385e35be5d33d616d59cb154c22f39":["Lars von Trier \u00fcber F-16-Lieferung an die Ukraine: &quot;Auch russische Leben z\u00e4hlen&quot;"],"original_link":["https:\/\/de.rt.com\/international\/178646-lars-von-trier-ueber-f\/"],"_thumbnail_id":["44965"],"_wptgpro_p2tg_sent2tg":["a:1:{i:23737;s:19:\"2023-08-23 14:42:42\";}"],"jnews_social_counter_last_update":["1777613218"]},"categories":[19,23],"tags":[45,44677,48062,5886,24589,570,40926,139,127,50,40215],"yoast_head":"<!-- This site is optimized with the Yoast SEO Premium plugin v22.7 (Yoast SEO v22.7) - https:\/\/yoast.com\/wordpress\/plugins\/seo\/ -->\n<title>Lars von Trier \u00fcber F-16-Lieferung an die Ukraine: &quot;Auch russische Leben z\u00e4hlen&quot; - just-now.NEWS Deutschland<\/title>\n<meta name=\"robots\" content=\"index, follow, max-snippet:-1, max-image-preview:large, max-video-preview:-1\" \/>\n<link rel=\"canonical\" href=\"https:\/\/now-news.de\/de\/deutschland\/lars-von-trier-ueber-f-16-lieferung-an-die-ukraine-auch-russische-leben-zaehlen\/\" \/>\n<meta property=\"og:locale\" content=\"de_DE\" \/>\n<meta property=\"og:type\" content=\"article\" \/>\n<meta property=\"og:title\" content=\"Lars von Trier \u00fcber F-16-Lieferung an die Ukraine: &quot;Auch russische Leben z\u00e4hlen&quot;\" \/>\n<meta property=\"og:description\" content=\"Der d\u00e4nische Regisseur Lars von Trier verurteilt die Entscheidung der EU, F-16-Kampfflugzeuge an die Ukraine zu liefern. Am Dienstag wandte er sich in den sozialen Netzwerken an den russischen und ukrainischen Pr\u00e4sidenten sowie an die d\u00e4nische Ministerpr\u00e4sidentin. Der d\u00e4nische Regisseur Lars von Trier postete auf Instagram einen Appell an die Pr\u00e4sidenten Russlands und der Ukraine, [&hellip;]\" \/>\n<meta property=\"og:url\" content=\"https:\/\/now-news.de\/de\/deutschland\/lars-von-trier-ueber-f-16-lieferung-an-die-ukraine-auch-russische-leben-zaehlen\/\" \/>\n<meta property=\"og:site_name\" content=\"just-now.NEWS Deutschland\" \/>\n<meta property=\"article:publisher\" content=\"https:\/\/www.facebook.com\/wirmachenauf\" \/>\n<meta property=\"article:published_time\" content=\"2023-08-23T12:25:52+00:00\" \/>\n<meta property=\"og:image\" content=\"https:\/\/now-news.de\/de\/wp-content\/uploads\/sites\/3\/2023\/08\/Lars-von-Trier-ueber-F-16-Lieferung-an-die-Ukraine-quotAuch-russische.jpg\" \/>\n\t<meta property=\"og:image:width\" content=\"460\" \/>\n\t<meta property=\"og:image:height\" content=\"259\" \/>\n\t<meta property=\"og:image:type\" content=\"image\/jpeg\" \/>\n<meta name=\"author\" content=\"rtnews\" \/>\n<meta name=\"twitter:card\" content=\"summary_large_image\" \/>\n<meta name=\"twitter:creator\" content=\"@WirMachenAuf_de\" \/>\n<meta name=\"twitter:site\" content=\"@WirMachenAuf_de\" \/>\n<meta name=\"twitter:label1\" content=\"Verfasst von\" \/>\n\t<meta name=\"twitter:data1\" content=\"rtnews\" \/>\n\t<meta name=\"twitter:label2\" content=\"Gesch\u00e4tzte Lesezeit\" \/>\n\t<meta name=\"twitter:data2\" content=\"2\u00a0Minuten\" \/>\n<script type=\"application\/ld+json\" class=\"yoast-schema-graph\">{\"@context\":\"https:\/\/schema.org\",\"@graph\":[{\"@type\":\"Article\",\"@id\":\"https:\/\/now-news.de\/de\/deutschland\/lars-von-trier-ueber-f-16-lieferung-an-die-ukraine-auch-russische-leben-zaehlen\/#article\",\"isPartOf\":{\"@id\":\"https:\/\/now-news.de\/de\/deutschland\/lars-von-trier-ueber-f-16-lieferung-an-die-ukraine-auch-russische-leben-zaehlen\/\"},\"author\":{\"name\":\"rtnews\",\"@id\":\"https:\/\/now-news.de\/de\/#\/schema\/person\/fb534a4e865501d8b3285208df34a9b5\"},\"headline\":\"Lars von Trier \u00fcber F-16-Lieferung an die Ukraine: &quot;Auch russische Leben z\u00e4hlen&quot;\",\"datePublished\":\"2023-08-23T12:25:52+00:00\",\"dateModified\":\"2023-08-23T12:25:52+00:00\",\"mainEntityOfPage\":{\"@id\":\"https:\/\/now-news.de\/de\/deutschland\/lars-von-trier-ueber-f-16-lieferung-an-die-ukraine-auch-russische-leben-zaehlen\/\"},\"wordCount\":360,\"commentCount\":0,\"publisher\":{\"@id\":\"https:\/\/now-news.de\/de\/#organization\"},\"image\":{\"@id\":\"https:\/\/now-news.de\/de\/deutschland\/lars-von-trier-ueber-f-16-lieferung-an-die-ukraine-auch-russische-leben-zaehlen\/#primaryimage\"},\"thumbnailUrl\":\"https:\/\/now-news.de\/de\/wp-content\/uploads\/sites\/3\/2023\/08\/Lars-von-Trier-ueber-F-16-Lieferung-an-die-Ukraine-quotAuch-russische.jpg\",\"keywords\":[\"die\",\"F16Lieferung\",\"Lars\",\"leben\",\"quotAuch\",\"Russische\",\"Trier\",\"\u00fcber\",\"ukraine\",\"von\",\"Zahlenquot\"],\"articleSection\":[\"Deutschland\",\"Russland\"],\"inLanguage\":\"de\",\"potentialAction\":[{\"@type\":\"CommentAction\",\"name\":\"Comment\",\"target\":[\"https:\/\/now-news.de\/de\/deutschland\/lars-von-trier-ueber-f-16-lieferung-an-die-ukraine-auch-russische-leben-zaehlen\/#respond\"]}]},{\"@type\":\"WebPage\",\"@id\":\"https:\/\/now-news.de\/de\/deutschland\/lars-von-trier-ueber-f-16-lieferung-an-die-ukraine-auch-russische-leben-zaehlen\/\",\"url\":\"https:\/\/now-news.de\/de\/deutschland\/lars-von-trier-ueber-f-16-lieferung-an-die-ukraine-auch-russische-leben-zaehlen\/\",\"name\":\"Lars von Trier \u00fcber F-16-Lieferung an die Ukraine: &quot;Auch russische Leben z\u00e4hlen&quot; - just-now.NEWS Deutschland\",\"isPartOf\":{\"@id\":\"https:\/\/now-news.de\/de\/#website\"},\"primaryImageOfPage\":{\"@id\":\"https:\/\/now-news.de\/de\/deutschland\/lars-von-trier-ueber-f-16-lieferung-an-die-ukraine-auch-russische-leben-zaehlen\/#primaryimage\"},\"image\":{\"@id\":\"https:\/\/now-news.de\/de\/deutschland\/lars-von-trier-ueber-f-16-lieferung-an-die-ukraine-auch-russische-leben-zaehlen\/#primaryimage\"},\"thumbnailUrl\":\"https:\/\/now-news.de\/de\/wp-content\/uploads\/sites\/3\/2023\/08\/Lars-von-Trier-ueber-F-16-Lieferung-an-die-Ukraine-quotAuch-russische.jpg\",\"datePublished\":\"2023-08-23T12:25:52+00:00\",\"dateModified\":\"2023-08-23T12:25:52+00:00\",\"breadcrumb\":{\"@id\":\"https:\/\/now-news.de\/de\/deutschland\/lars-von-trier-ueber-f-16-lieferung-an-die-ukraine-auch-russische-leben-zaehlen\/#breadcrumb\"},\"inLanguage\":\"de\",\"potentialAction\":[{\"@type\":\"ReadAction\",\"target\":[\"https:\/\/now-news.de\/de\/deutschland\/lars-von-trier-ueber-f-16-lieferung-an-die-ukraine-auch-russische-leben-zaehlen\/\"]}]},{\"@type\":\"ImageObject\",\"inLanguage\":\"de\",\"@id\":\"https:\/\/now-news.de\/de\/deutschland\/lars-von-trier-ueber-f-16-lieferung-an-die-ukraine-auch-russische-leben-zaehlen\/#primaryimage\",\"url\":\"https:\/\/now-news.de\/de\/wp-content\/uploads\/sites\/3\/2023\/08\/Lars-von-Trier-ueber-F-16-Lieferung-an-die-Ukraine-quotAuch-russische.jpg\",\"contentUrl\":\"https:\/\/now-news.de\/de\/wp-content\/uploads\/sites\/3\/2023\/08\/Lars-von-Trier-ueber-F-16-Lieferung-an-die-Ukraine-quotAuch-russische.jpg\",\"width\":460,\"height\":259,\"caption\":\"Lars von Trier \u00fcber F-16-Lieferung an die Ukraine: &quot;Auch russische Leben z\u00e4hlen&quot;\"},{\"@type\":\"BreadcrumbList\",\"@id\":\"https:\/\/now-news.de\/de\/deutschland\/lars-von-trier-ueber-f-16-lieferung-an-die-ukraine-auch-russische-leben-zaehlen\/#breadcrumb\",\"itemListElement\":[{\"@type\":\"ListItem\",\"position\":1,\"name\":\"Home\",\"item\":\"https:\/\/now-news.de\/de\/\"},{\"@type\":\"ListItem\",\"position\":2,\"name\":\"Lars von Trier \u00fcber F-16-Lieferung an die Ukraine: &quot;Auch russische Leben z\u00e4hlen&quot;\"}]},{\"@type\":\"WebSite\",\"@id\":\"https:\/\/now-news.de\/de\/#website\",\"url\":\"https:\/\/now-news.de\/de\/\",\"name\":\"just-now.NEWS Deutschland\",\"description\":\"Das Portal f\u00fcr unzensierte Nachrichten aus der Welt\",\"publisher\":{\"@id\":\"https:\/\/now-news.de\/de\/#organization\"},\"potentialAction\":[{\"@type\":\"SearchAction\",\"target\":{\"@type\":\"EntryPoint\",\"urlTemplate\":\"https:\/\/now-news.de\/de\/?s={search_term_string}\"},\"query-input\":\"required name=search_term_string\"}],\"inLanguage\":\"de\"},{\"@type\":\"Organization\",\"@id\":\"https:\/\/now-news.de\/de\/#organization\",\"name\":\"Just Now News\",\"url\":\"https:\/\/now-news.de\/de\/\",\"logo\":{\"@type\":\"ImageObject\",\"inLanguage\":\"de\",\"@id\":\"https:\/\/now-news.de\/de\/#\/schema\/logo\/image\/\",\"url\":\"http:\/\/just-now.news\/de\/wp-content\/uploads\/sites\/3\/2022\/04\/logo500x500.jpg\",\"contentUrl\":\"http:\/\/just-now.news\/de\/wp-content\/uploads\/sites\/3\/2022\/04\/logo500x500.jpg\",\"width\":500,\"height\":500,\"caption\":\"Just Now News\"},\"image\":{\"@id\":\"https:\/\/now-news.de\/de\/#\/schema\/logo\/image\/\"},\"sameAs\":[\"https:\/\/www.facebook.com\/wirmachenauf\",\"https:\/\/x.com\/WirMachenAuf_de\"]},{\"@type\":\"Person\",\"@id\":\"https:\/\/now-news.de\/de\/#\/schema\/person\/fb534a4e865501d8b3285208df34a9b5\",\"name\":\"rtnews\",\"image\":{\"@type\":\"ImageObject\",\"inLanguage\":\"de\",\"@id\":\"https:\/\/now-news.de\/de\/#\/schema\/person\/image\/\",\"url\":\"https:\/\/secure.gravatar.com\/avatar\/82aafea7d8127119dd649515f56e2117?s=96&d=mm&r=g\",\"contentUrl\":\"https:\/\/secure.gravatar.com\/avatar\/82aafea7d8127119dd649515f56e2117?s=96&d=mm&r=g\",\"caption\":\"rtnews\"},\"url\":\"https:\/\/now-news.de\/de\/author\/rnews\/\"}]}<\/script>\n<!-- \/ Yoast SEO Premium plugin. -->","yoast_head_json":{"title":"Lars von Trier \u00fcber F-16-Lieferung an die Ukraine: &quot;Auch russische Leben z\u00e4hlen&quot; - just-now.NEWS Deutschland","robots":{"index":"index","follow":"follow","max-snippet":"max-snippet:-1","max-image-preview":"max-image-preview:large","max-video-preview":"max-video-preview:-1"},"canonical":"https:\/\/now-news.de\/de\/deutschland\/lars-von-trier-ueber-f-16-lieferung-an-die-ukraine-auch-russische-leben-zaehlen\/","og_locale":"de_DE","og_type":"article","og_title":"Lars von Trier \u00fcber F-16-Lieferung an die Ukraine: &quot;Auch russische Leben z\u00e4hlen&quot;","og_description":"Der d\u00e4nische Regisseur Lars von Trier verurteilt die Entscheidung der EU, F-16-Kampfflugzeuge an die Ukraine zu liefern. Am Dienstag wandte er sich in den sozialen Netzwerken an den russischen und ukrainischen Pr\u00e4sidenten sowie an die d\u00e4nische Ministerpr\u00e4sidentin. Der d\u00e4nische Regisseur Lars von Trier postete auf Instagram einen Appell an die Pr\u00e4sidenten Russlands und der Ukraine, [&hellip;]","og_url":"https:\/\/now-news.de\/de\/deutschland\/lars-von-trier-ueber-f-16-lieferung-an-die-ukraine-auch-russische-leben-zaehlen\/","og_site_name":"just-now.NEWS Deutschland","article_publisher":"https:\/\/www.facebook.com\/wirmachenauf","article_published_time":"2023-08-23T12:25:52+00:00","og_image":[{"width":460,"height":259,"url":"https:\/\/now-news.de\/de\/wp-content\/uploads\/sites\/3\/2023\/08\/Lars-von-Trier-ueber-F-16-Lieferung-an-die-Ukraine-quotAuch-russische.jpg","type":"image\/jpeg"}],"author":"rtnews","twitter_card":"summary_large_image","twitter_creator":"@WirMachenAuf_de","twitter_site":"@WirMachenAuf_de","twitter_misc":{"Verfasst von":"rtnews","Gesch\u00e4tzte Lesezeit":"2\u00a0Minuten"},"schema":{"@context":"https:\/\/schema.org","@graph":[{"@type":"Article","@id":"https:\/\/now-news.de\/de\/deutschland\/lars-von-trier-ueber-f-16-lieferung-an-die-ukraine-auch-russische-leben-zaehlen\/#article","isPartOf":{"@id":"https:\/\/now-news.de\/de\/deutschland\/lars-von-trier-ueber-f-16-lieferung-an-die-ukraine-auch-russische-leben-zaehlen\/"},"author":{"name":"rtnews","@id":"https:\/\/now-news.de\/de\/#\/schema\/person\/fb534a4e865501d8b3285208df34a9b5"},"headline":"Lars von Trier \u00fcber F-16-Lieferung an die Ukraine: &quot;Auch russische Leben z\u00e4hlen&quot;","datePublished":"2023-08-23T12:25:52+00:00","dateModified":"2023-08-23T12:25:52+00:00","mainEntityOfPage":{"@id":"https:\/\/now-news.de\/de\/deutschland\/lars-von-trier-ueber-f-16-lieferung-an-die-ukraine-auch-russische-leben-zaehlen\/"},"wordCount":360,"commentCount":0,"publisher":{"@id":"https:\/\/now-news.de\/de\/#organization"},"image":{"@id":"https:\/\/now-news.de\/de\/deutschland\/lars-von-trier-ueber-f-16-lieferung-an-die-ukraine-auch-russische-leben-zaehlen\/#primaryimage"},"thumbnailUrl":"https:\/\/now-news.de\/de\/wp-content\/uploads\/sites\/3\/2023\/08\/Lars-von-Trier-ueber-F-16-Lieferung-an-die-Ukraine-quotAuch-russische.jpg","keywords":["die","F16Lieferung","Lars","leben","quotAuch","Russische","Trier","\u00fcber","ukraine","von","Zahlenquot"],"articleSection":["Deutschland","Russland"],"inLanguage":"de","potentialAction":[{"@type":"CommentAction","name":"Comment","target":["https:\/\/now-news.de\/de\/deutschland\/lars-von-trier-ueber-f-16-lieferung-an-die-ukraine-auch-russische-leben-zaehlen\/#respond"]}]},{"@type":"WebPage","@id":"https:\/\/now-news.de\/de\/deutschland\/lars-von-trier-ueber-f-16-lieferung-an-die-ukraine-auch-russische-leben-zaehlen\/","url":"https:\/\/now-news.de\/de\/deutschland\/lars-von-trier-ueber-f-16-lieferung-an-die-ukraine-auch-russische-leben-zaehlen\/","name":"Lars von Trier \u00fcber F-16-Lieferung an die Ukraine: &quot;Auch russische Leben z\u00e4hlen&quot; - just-now.NEWS Deutschland","isPartOf":{"@id":"https:\/\/now-news.de\/de\/#website"},"primaryImageOfPage":{"@id":"https:\/\/now-news.de\/de\/deutschland\/lars-von-trier-ueber-f-16-lieferung-an-die-ukraine-auch-russische-leben-zaehlen\/#primaryimage"},"image":{"@id":"https:\/\/now-news.de\/de\/deutschland\/lars-von-trier-ueber-f-16-lieferung-an-die-ukraine-auch-russische-leben-zaehlen\/#primaryimage"},"thumbnailUrl":"https:\/\/now-news.de\/de\/wp-content\/uploads\/sites\/3\/2023\/08\/Lars-von-Trier-ueber-F-16-Lieferung-an-die-Ukraine-quotAuch-russische.jpg","datePublished":"2023-08-23T12:25:52+00:00","dateModified":"2023-08-23T12:25:52+00:00","breadcrumb":{"@id":"https:\/\/now-news.de\/de\/deutschland\/lars-von-trier-ueber-f-16-lieferung-an-die-ukraine-auch-russische-leben-zaehlen\/#breadcrumb"},"inLanguage":"de","potentialAction":[{"@type":"ReadAction","target":["https:\/\/now-news.de\/de\/deutschland\/lars-von-trier-ueber-f-16-lieferung-an-die-ukraine-auch-russische-leben-zaehlen\/"]}]},{"@type":"ImageObject","inLanguage":"de","@id":"https:\/\/now-news.de\/de\/deutschland\/lars-von-trier-ueber-f-16-lieferung-an-die-ukraine-auch-russische-leben-zaehlen\/#primaryimage","url":"https:\/\/now-news.de\/de\/wp-content\/uploads\/sites\/3\/2023\/08\/Lars-von-Trier-ueber-F-16-Lieferung-an-die-Ukraine-quotAuch-russische.jpg","contentUrl":"https:\/\/now-news.de\/de\/wp-content\/uploads\/sites\/3\/2023\/08\/Lars-von-Trier-ueber-F-16-Lieferung-an-die-Ukraine-quotAuch-russische.jpg","width":460,"height":259,"caption":"Lars von Trier \u00fcber F-16-Lieferung an die Ukraine: &quot;Auch russische Leben z\u00e4hlen&quot;"},{"@type":"BreadcrumbList","@id":"https:\/\/now-news.de\/de\/deutschland\/lars-von-trier-ueber-f-16-lieferung-an-die-ukraine-auch-russische-leben-zaehlen\/#breadcrumb","itemListElement":[{"@type":"ListItem","position":1,"name":"Home","item":"https:\/\/now-news.de\/de\/"},{"@type":"ListItem","position":2,"name":"Lars von Trier \u00fcber F-16-Lieferung an die Ukraine: &quot;Auch russische Leben z\u00e4hlen&quot;"}]},{"@type":"WebSite","@id":"https:\/\/now-news.de\/de\/#website","url":"https:\/\/now-news.de\/de\/","name":"just-now.NEWS Deutschland","description":"Das Portal f\u00fcr unzensierte Nachrichten aus der Welt","publisher":{"@id":"https:\/\/now-news.de\/de\/#organization"},"potentialAction":[{"@type":"SearchAction","target":{"@type":"EntryPoint","urlTemplate":"https:\/\/now-news.de\/de\/?s={search_term_string}"},"query-input":"required name=search_term_string"}],"inLanguage":"de"},{"@type":"Organization","@id":"https:\/\/now-news.de\/de\/#organization","name":"Just Now News","url":"https:\/\/now-news.de\/de\/","logo":{"@type":"ImageObject","inLanguage":"de","@id":"https:\/\/now-news.de\/de\/#\/schema\/logo\/image\/","url":"http:\/\/just-now.news\/de\/wp-content\/uploads\/sites\/3\/2022\/04\/logo500x500.jpg","contentUrl":"http:\/\/just-now.news\/de\/wp-content\/uploads\/sites\/3\/2022\/04\/logo500x500.jpg","width":500,"height":500,"caption":"Just Now News"},"image":{"@id":"https:\/\/now-news.de\/de\/#\/schema\/logo\/image\/"},"sameAs":["https:\/\/www.facebook.com\/wirmachenauf","https:\/\/x.com\/WirMachenAuf_de"]},{"@type":"Person","@id":"https:\/\/now-news.de\/de\/#\/schema\/person\/fb534a4e865501d8b3285208df34a9b5","name":"rtnews","image":{"@type":"ImageObject","inLanguage":"de","@id":"https:\/\/now-news.de\/de\/#\/schema\/person\/image\/","url":"https:\/\/secure.gravatar.com\/avatar\/82aafea7d8127119dd649515f56e2117?s=96&d=mm&r=g","contentUrl":"https:\/\/secure.gravatar.com\/avatar\/82aafea7d8127119dd649515f56e2117?s=96&d=mm&r=g","caption":"rtnews"},"url":"https:\/\/now-news.de\/de\/author\/rnews\/"}]}},"_links":{"self":[{"href":"https:\/\/now-news.de\/de\/wp-json\/wp\/v2\/posts\/44964"}],"collection":[{"href":"https:\/\/now-news.de\/de\/wp-json\/wp\/v2\/posts"}],"about":[{"href":"https:\/\/now-news.de\/de\/wp-json\/wp\/v2\/types\/post"}],"author":[{"embeddable":true,"href":"https:\/\/now-news.de\/de\/wp-json\/wp\/v2\/users\/3"}],"replies":[{"embeddable":true,"href":"https:\/\/now-news.de\/de\/wp-json\/wp\/v2\/comments?post=44964"}],"version-history":[{"count":0,"href":"https:\/\/now-news.de\/de\/wp-json\/wp\/v2\/posts\/44964\/revisions"}],"wp:featuredmedia":[{"embeddable":true,"href":"https:\/\/now-news.de\/de\/wp-json\/wp\/v2\/media\/44965"}],"wp:attachment":[{"href":"https:\/\/now-news.de\/de\/wp-json\/wp\/v2\/media?parent=44964"}],"wp:term":[{"taxonomy":"category","embeddable":true,"href":"https:\/\/now-news.de\/de\/wp-json\/wp\/v2\/categories?post=44964"},{"taxonomy":"post_tag","embeddable":true,"href":"https:\/\/now-news.de\/de\/wp-json\/wp\/v2\/tags?post=44964"}],"curies":[{"name":"wp","href":"https:\/\/api.w.org\/{rel}","templated":true}]}}