{"id":44946,"date":"2023-08-23T11:46:12","date_gmt":"2023-08-23T09:46:12","guid":{"rendered":"https:\/\/just-now.news\/de\/deutschland\/geopolitische-zeitenwende-wird-brics-den-westen-als-dominierende-kraft-in-der-weltordnung-abloesen\/"},"modified":"2023-08-23T11:46:12","modified_gmt":"2023-08-23T09:46:12","slug":"geopolitische-zeitenwende-wird-brics-den-westen-als-dominierende-kraft-in-der-weltordnung-abloesen","status":"publish","type":"post","link":"https:\/\/now-news.de\/de\/deutschland\/geopolitische-zeitenwende-wird-brics-den-westen-als-dominierende-kraft-in-der-weltordnung-abloesen\/","title":{"rendered":"Geopolitische Zeitenwende: Wird BRICS den Westen als dominierende Kraft in der Weltordnung abl\u00f6sen?"},"content":{"rendered":"<p><img decoding=\"async\" src=\"http:\/\/just-now.news\/de\/wp-content\/uploads\/sites\/3\/2023\/08\/64e5b526b480cc1dc9417b08.jpg\" \/><\/p>\n<div class=\"Text-root Text-type_1 \">\n                Die Entwicklung der BRICS-Gruppe verdeutlicht die grundlegende Neuverteilung der geopolitischen Machtverh\u00e4ltnisse. Da die westliche Vorherrschaft ihren H\u00f6hepunkt bereits \u00fcberschritten hat, ist es nun nur noch eine Frage der Zeit, wann die alternative Organisation BRICS den Westen als einzige und dominierende Kraft in der Weltordnung abl\u00f6sen wird.\n            <\/div>\n<p><\/p>\n<div class=\"Text-root Text-type_5 ArticleView-text ViewText-root \">\n<p><em>Von Seyed Alireza Mousavi<\/em><\/p>\n<p>Die Bedeutung des BRICS-Gipfels, der an diesem Dienstag begann, geht weit \u00fcber die enorme Wirtschaftsleistung\u00a0der Mitgliedstaaten hinaus, wonach die\u00a0derzeitigen Mitglieder\u00a0mehr als ein Drittel der Weltbev\u00f6lkerung\u00a0und ein Viertel der globalen Wirtschaftsleistung repr\u00e4sentieren.\u00a0Die F\u00fcnfergruppe aus Russland,\u00a0China, Indien,\u00a0Brasilien\u00a0und S\u00fcdafrika ist n\u00e4mlich dabei, sich zu einem Gegenpol zu der lange vom Westen beherrschten Weltordnung um die USA zu entwickeln.<\/p>\n<p>Die\u00a0Entwicklung der Gruppe stellt ein Symptom einer grundlegenden Neuverteilung der geopolitischen\u00a0Machtverh\u00e4ltnisse dar.\u00a0Da die westliche Vorherrschaft ihren H\u00f6hepunkt schon \u00fcberschritten hat, ist es nun nur noch eine Frage der Zeit, wann die alternative Organisation BRICS den Westen als einzige und dominierende Kraft in der Weltordnung abl\u00f6sen wird. USA zielen darauf ab, soweit es geht, diesen Prozess zu verlangsamen, damit sie\u00a0Zeit f\u00fcr eine neue Strategie zu der neuen Befestigung ihrer Herrschaftsstrukturen auf der Welt gewinnen.<\/p>\n<p>Im Globalen S\u00fcden hat sich ein neues Selbstbewusstsein herausgebildet, das westliche Belehrungen nicht mehr hinnimmt, sondern st\u00e4rker auf eigene Interessen und Traditionen achtet.\u00a0Die BRICS-Gruppe bietet mittlerweile eine Entwicklungsbank und einen W\u00e4hrungsreservefonds, was als Gegenentwurf zu den westlich gepr\u00e4gten Institutionen\u00a0Weltbank\u00a0und IWF zu verstehen ist. Die\u00a0BRICS-Staaten wollen nicht nur die Dominanz des Dollars durch Handel in ihren eigenen W\u00e4hrungen verringern, sondern auch eine neue goldgedeckte\u00a0W\u00e4hrung anstreben. Die USA\u00a0nutzen l\u00e4ngst\u00a0ihre Hoheit \u00fcber den Dollar und den Einfluss auf das internationale Abrechnungssystem\u00a0SWIFT\u00a0vermehrt daf\u00fcr aus, um exterritoriale Finanzsanktionen gegen die L\u00e4nder des Globalen S\u00fcdens durchzuset\u00adzen.<\/p>\n<p>In den westlichen Medien wird oft kritisiert, dass BRICS ein heterogenes B\u00fcndnis sei: w\u00e4hrend Russland und China BRICS\u00a0zu sehr zu einem antiwestlichen Block formen wollten, der sich den G7 entgegenstelle, zielten Brasilien, Indien und S\u00fcdafrika eher darauf ab, die Beziehungen zwischen dem Westen und dem Globalen S\u00fcden auszubalancieren. Fakt ist, dass Indien zunehmend enge Beziehungen mit dem Westen und historische Spannungen mit China hat. Dabei ist aber nicht zu unterschlagen, dass BRICS keinen homogenen Block wie die NATO oder die EU bilden, sondern die\u00a0Machtgewichte\u00a0auf geopolitischen Karten deutlich Richtung\u00a0Osten verschieben will. Dar\u00fcber sind sich alle Mitgliedsstaaten einig.<\/p>\n<p>Trotz des Ukraine-Krieges und der anschlie\u00dfenden St\u00e4rkung der Beziehungen zwischen Moskau und Peking haben sich Indien, Brasilien und S\u00fcdafrika aus diesem Grund auf einem schmalen Grat bewegt und sich nicht den westlichen Sanktionen oder anderen Ma\u00dfnahmen gegen Russland angeschlossen. Dies zeugt von dem Zusammenhalt der Mitgliedstaaten inmitten der geopolitischen Machtverschiebungen auf der Welt.\u00a0Da der Einfluss des Westens immer weiter zur\u00fcckgeht \u2013 das j\u00fcngste Beispiel ist die Niger-Krise \u2013, w\u00e4chst unter anderem in Afrika, Lateinamerika und aufstrebenden asiatischen M\u00e4chten wie Indien die Forderung, das unipolare System nach dem Kalten Krieg zu \u00fcberwinden.<\/p>\n<p><strong>Mehr zum Thema<\/strong> &#8211;\u00a0<a rel=\"nofollow noopener\" target=\"_blank\" href=\"https:\/\/freeassange.rtde.life\/international\/178543-deutsche-medien-zum-brics-gipfel\/\">Deutsche Medien zum BRICS-Gipfel: Das Konzept nicht verstanden<\/a><\/p>\n<div class=\"EmbedBlock-root EmbedBlock-externalVideo EmbedBlock-vk\">\n<div class=\"VkEmbed\"><iframe class=\"lazyload\" data-src=\"https:\/\/vk.com\/video_ext.php?oid=-134310637&amp;id=456269279&amp;hash=3b50e9eec69e3033\" frameborder=\"0\" width=\"853\" height=\"480\" allowfullscreen><\/iframe><\/div>\n<\/div>\n<\/div>\n<p><br \/>\n<br \/><a href=\"https:\/\/de.rt.com\/international\/178621-geopolitische-zeitenwende-wird-brics-westen\/\">Source link <\/a><\/p>\n","protected":false},"excerpt":{"rendered":"<p>Die Entwicklung der BRICS-Gruppe verdeutlicht die grundlegende Neuverteilung der geopolitischen Machtverh\u00e4ltnisse. Da die westliche Vorherrschaft ihren H\u00f6hepunkt bereits \u00fcberschritten hat, ist es nun nur noch eine Frage der Zeit, wann die alternative Organisation BRICS den Westen als einzige und dominierende Kraft in der Weltordnung abl\u00f6sen wird. Von Seyed Alireza Mousavi Die Bedeutung des BRICS-Gipfels, der [&hellip;]<\/p>\n","protected":false},"author":3,"featured_media":44947,"comment_status":"open","ping_status":"open","sticky":false,"template":"","format":"standard","meta":{"_yoast_indexnow_last_ping":["1692784681"],"wp_automatic_camp":["217"],"fcaed34d4580c4fcfe77dfee70c0a983":["Geopolitische Zeitenwende: Wird BRICS den Westen als dominierende Kraft in der Weltordnung abl\u00f6sen?"],"original_link":["https:\/\/de.rt.com\/international\/178621-geopolitische-zeitenwende-wird-brics-westen\/"],"_thumbnail_id":["44947"],"jnews_social_counter_last_update":["1777274542"],"_wptgpro_p2tg_sent2tg":["a:1:{i:23737;s:19:\"2023-08-23 11:59:09\";}"]},"categories":[19,23],"tags":[21210,273,21147,48,82,48052,25056,13722,214,378,374,5540],"yoast_head":"<!-- This site is optimized with the Yoast SEO Premium plugin v22.7 (Yoast SEO v22.7) - https:\/\/yoast.com\/wordpress\/plugins\/seo\/ -->\n<title>Geopolitische Zeitenwende: Wird BRICS den Westen als dominierende Kraft in der Weltordnung abl\u00f6sen? - just-now.NEWS Deutschland<\/title>\n<meta name=\"robots\" content=\"index, follow, max-snippet:-1, max-image-preview:large, max-video-preview:-1\" \/>\n<link rel=\"canonical\" href=\"https:\/\/now-news.de\/de\/deutschland\/geopolitische-zeitenwende-wird-brics-den-westen-als-dominierende-kraft-in-der-weltordnung-abloesen\/\" \/>\n<meta property=\"og:locale\" content=\"de_DE\" \/>\n<meta property=\"og:type\" content=\"article\" \/>\n<meta property=\"og:title\" content=\"Geopolitische Zeitenwende: Wird BRICS den Westen als dominierende Kraft in der Weltordnung abl\u00f6sen?\" \/>\n<meta property=\"og:description\" content=\"Die Entwicklung der BRICS-Gruppe verdeutlicht die grundlegende Neuverteilung der geopolitischen Machtverh\u00e4ltnisse. Da die westliche Vorherrschaft ihren H\u00f6hepunkt bereits \u00fcberschritten hat, ist es nun nur noch eine Frage der Zeit, wann die alternative Organisation BRICS den Westen als einzige und dominierende Kraft in der Weltordnung abl\u00f6sen wird. Von Seyed Alireza Mousavi Die Bedeutung des BRICS-Gipfels, der [&hellip;]\" \/>\n<meta property=\"og:url\" content=\"https:\/\/now-news.de\/de\/deutschland\/geopolitische-zeitenwende-wird-brics-den-westen-als-dominierende-kraft-in-der-weltordnung-abloesen\/\" \/>\n<meta property=\"og:site_name\" content=\"just-now.NEWS Deutschland\" \/>\n<meta property=\"article:publisher\" content=\"https:\/\/www.facebook.com\/wirmachenauf\" \/>\n<meta property=\"article:published_time\" content=\"2023-08-23T09:46:12+00:00\" \/>\n<meta property=\"og:image\" content=\"https:\/\/now-news.de\/de\/wp-content\/uploads\/sites\/3\/2023\/08\/Geopolitische-Zeitenwende-Wird-BRICS-den-Westen-als-dominierende-Kraft-in.jpg\" \/>\n\t<meta property=\"og:image:width\" content=\"460\" \/>\n\t<meta property=\"og:image:height\" content=\"259\" \/>\n\t<meta property=\"og:image:type\" content=\"image\/jpeg\" \/>\n<meta name=\"author\" content=\"rtnews\" \/>\n<meta name=\"twitter:card\" content=\"summary_large_image\" \/>\n<meta name=\"twitter:creator\" content=\"@WirMachenAuf_de\" \/>\n<meta name=\"twitter:site\" content=\"@WirMachenAuf_de\" \/>\n<meta name=\"twitter:label1\" content=\"Verfasst von\" \/>\n\t<meta name=\"twitter:data1\" content=\"rtnews\" \/>\n\t<meta name=\"twitter:label2\" content=\"Gesch\u00e4tzte Lesezeit\" \/>\n\t<meta name=\"twitter:data2\" content=\"3\u00a0Minuten\" \/>\n<script type=\"application\/ld+json\" class=\"yoast-schema-graph\">{\"@context\":\"https:\/\/schema.org\",\"@graph\":[{\"@type\":\"Article\",\"@id\":\"https:\/\/now-news.de\/de\/deutschland\/geopolitische-zeitenwende-wird-brics-den-westen-als-dominierende-kraft-in-der-weltordnung-abloesen\/#article\",\"isPartOf\":{\"@id\":\"https:\/\/now-news.de\/de\/deutschland\/geopolitische-zeitenwende-wird-brics-den-westen-als-dominierende-kraft-in-der-weltordnung-abloesen\/\"},\"author\":{\"name\":\"rtnews\",\"@id\":\"https:\/\/now-news.de\/de\/#\/schema\/person\/fb534a4e865501d8b3285208df34a9b5\"},\"headline\":\"Geopolitische Zeitenwende: Wird BRICS den Westen als dominierende Kraft in der Weltordnung abl\u00f6sen?\",\"datePublished\":\"2023-08-23T09:46:12+00:00\",\"dateModified\":\"2023-08-23T09:46:12+00:00\",\"mainEntityOfPage\":{\"@id\":\"https:\/\/now-news.de\/de\/deutschland\/geopolitische-zeitenwende-wird-brics-den-westen-als-dominierende-kraft-in-der-weltordnung-abloesen\/\"},\"wordCount\":544,\"commentCount\":0,\"publisher\":{\"@id\":\"https:\/\/now-news.de\/de\/#organization\"},\"image\":{\"@id\":\"https:\/\/now-news.de\/de\/deutschland\/geopolitische-zeitenwende-wird-brics-den-westen-als-dominierende-kraft-in-der-weltordnung-abloesen\/#primaryimage\"},\"thumbnailUrl\":\"https:\/\/now-news.de\/de\/wp-content\/uploads\/sites\/3\/2023\/08\/Geopolitische-Zeitenwende-Wird-BRICS-den-Westen-als-dominierende-Kraft-in.jpg\",\"keywords\":[\"abl\u00f6sen\",\"als\",\"BRICS\",\"den\",\"der\",\"dominierende\",\"geopolitische\",\"Kraft\",\"Weltordnung\",\"Westen\",\"wird\",\"Zeitenwende\"],\"articleSection\":[\"Deutschland\",\"Russland\"],\"inLanguage\":\"de\",\"potentialAction\":[{\"@type\":\"CommentAction\",\"name\":\"Comment\",\"target\":[\"https:\/\/now-news.de\/de\/deutschland\/geopolitische-zeitenwende-wird-brics-den-westen-als-dominierende-kraft-in-der-weltordnung-abloesen\/#respond\"]}]},{\"@type\":\"WebPage\",\"@id\":\"https:\/\/now-news.de\/de\/deutschland\/geopolitische-zeitenwende-wird-brics-den-westen-als-dominierende-kraft-in-der-weltordnung-abloesen\/\",\"url\":\"https:\/\/now-news.de\/de\/deutschland\/geopolitische-zeitenwende-wird-brics-den-westen-als-dominierende-kraft-in-der-weltordnung-abloesen\/\",\"name\":\"Geopolitische Zeitenwende: Wird BRICS den Westen als dominierende Kraft in der Weltordnung abl\u00f6sen? - just-now.NEWS Deutschland\",\"isPartOf\":{\"@id\":\"https:\/\/now-news.de\/de\/#website\"},\"primaryImageOfPage\":{\"@id\":\"https:\/\/now-news.de\/de\/deutschland\/geopolitische-zeitenwende-wird-brics-den-westen-als-dominierende-kraft-in-der-weltordnung-abloesen\/#primaryimage\"},\"image\":{\"@id\":\"https:\/\/now-news.de\/de\/deutschland\/geopolitische-zeitenwende-wird-brics-den-westen-als-dominierende-kraft-in-der-weltordnung-abloesen\/#primaryimage\"},\"thumbnailUrl\":\"https:\/\/now-news.de\/de\/wp-content\/uploads\/sites\/3\/2023\/08\/Geopolitische-Zeitenwende-Wird-BRICS-den-Westen-als-dominierende-Kraft-in.jpg\",\"datePublished\":\"2023-08-23T09:46:12+00:00\",\"dateModified\":\"2023-08-23T09:46:12+00:00\",\"breadcrumb\":{\"@id\":\"https:\/\/now-news.de\/de\/deutschland\/geopolitische-zeitenwende-wird-brics-den-westen-als-dominierende-kraft-in-der-weltordnung-abloesen\/#breadcrumb\"},\"inLanguage\":\"de\",\"potentialAction\":[{\"@type\":\"ReadAction\",\"target\":[\"https:\/\/now-news.de\/de\/deutschland\/geopolitische-zeitenwende-wird-brics-den-westen-als-dominierende-kraft-in-der-weltordnung-abloesen\/\"]}]},{\"@type\":\"ImageObject\",\"inLanguage\":\"de\",\"@id\":\"https:\/\/now-news.de\/de\/deutschland\/geopolitische-zeitenwende-wird-brics-den-westen-als-dominierende-kraft-in-der-weltordnung-abloesen\/#primaryimage\",\"url\":\"https:\/\/now-news.de\/de\/wp-content\/uploads\/sites\/3\/2023\/08\/Geopolitische-Zeitenwende-Wird-BRICS-den-Westen-als-dominierende-Kraft-in.jpg\",\"contentUrl\":\"https:\/\/now-news.de\/de\/wp-content\/uploads\/sites\/3\/2023\/08\/Geopolitische-Zeitenwende-Wird-BRICS-den-Westen-als-dominierende-Kraft-in.jpg\",\"width\":460,\"height\":259,\"caption\":\"Geopolitische Zeitenwende: Wird BRICS den Westen als dominierende Kraft in der Weltordnung abl\u00f6sen?\"},{\"@type\":\"BreadcrumbList\",\"@id\":\"https:\/\/now-news.de\/de\/deutschland\/geopolitische-zeitenwende-wird-brics-den-westen-als-dominierende-kraft-in-der-weltordnung-abloesen\/#breadcrumb\",\"itemListElement\":[{\"@type\":\"ListItem\",\"position\":1,\"name\":\"Home\",\"item\":\"https:\/\/now-news.de\/de\/\"},{\"@type\":\"ListItem\",\"position\":2,\"name\":\"Geopolitische Zeitenwende: Wird BRICS den Westen als dominierende Kraft in der Weltordnung abl\u00f6sen?\"}]},{\"@type\":\"WebSite\",\"@id\":\"https:\/\/now-news.de\/de\/#website\",\"url\":\"https:\/\/now-news.de\/de\/\",\"name\":\"just-now.NEWS Deutschland\",\"description\":\"Das Portal f\u00fcr unzensierte Nachrichten aus der Welt\",\"publisher\":{\"@id\":\"https:\/\/now-news.de\/de\/#organization\"},\"potentialAction\":[{\"@type\":\"SearchAction\",\"target\":{\"@type\":\"EntryPoint\",\"urlTemplate\":\"https:\/\/now-news.de\/de\/?s={search_term_string}\"},\"query-input\":\"required name=search_term_string\"}],\"inLanguage\":\"de\"},{\"@type\":\"Organization\",\"@id\":\"https:\/\/now-news.de\/de\/#organization\",\"name\":\"Just Now News\",\"url\":\"https:\/\/now-news.de\/de\/\",\"logo\":{\"@type\":\"ImageObject\",\"inLanguage\":\"de\",\"@id\":\"https:\/\/now-news.de\/de\/#\/schema\/logo\/image\/\",\"url\":\"http:\/\/just-now.news\/de\/wp-content\/uploads\/sites\/3\/2022\/04\/logo500x500.jpg\",\"contentUrl\":\"http:\/\/just-now.news\/de\/wp-content\/uploads\/sites\/3\/2022\/04\/logo500x500.jpg\",\"width\":500,\"height\":500,\"caption\":\"Just Now News\"},\"image\":{\"@id\":\"https:\/\/now-news.de\/de\/#\/schema\/logo\/image\/\"},\"sameAs\":[\"https:\/\/www.facebook.com\/wirmachenauf\",\"https:\/\/x.com\/WirMachenAuf_de\"]},{\"@type\":\"Person\",\"@id\":\"https:\/\/now-news.de\/de\/#\/schema\/person\/fb534a4e865501d8b3285208df34a9b5\",\"name\":\"rtnews\",\"image\":{\"@type\":\"ImageObject\",\"inLanguage\":\"de\",\"@id\":\"https:\/\/now-news.de\/de\/#\/schema\/person\/image\/\",\"url\":\"https:\/\/secure.gravatar.com\/avatar\/82aafea7d8127119dd649515f56e2117?s=96&d=mm&r=g\",\"contentUrl\":\"https:\/\/secure.gravatar.com\/avatar\/82aafea7d8127119dd649515f56e2117?s=96&d=mm&r=g\",\"caption\":\"rtnews\"},\"url\":\"https:\/\/now-news.de\/de\/author\/rnews\/\"}]}<\/script>\n<!-- \/ Yoast SEO Premium plugin. -->","yoast_head_json":{"title":"Geopolitische Zeitenwende: Wird BRICS den Westen als dominierende Kraft in der Weltordnung abl\u00f6sen? - just-now.NEWS Deutschland","robots":{"index":"index","follow":"follow","max-snippet":"max-snippet:-1","max-image-preview":"max-image-preview:large","max-video-preview":"max-video-preview:-1"},"canonical":"https:\/\/now-news.de\/de\/deutschland\/geopolitische-zeitenwende-wird-brics-den-westen-als-dominierende-kraft-in-der-weltordnung-abloesen\/","og_locale":"de_DE","og_type":"article","og_title":"Geopolitische Zeitenwende: Wird BRICS den Westen als dominierende Kraft in der Weltordnung abl\u00f6sen?","og_description":"Die Entwicklung der BRICS-Gruppe verdeutlicht die grundlegende Neuverteilung der geopolitischen Machtverh\u00e4ltnisse. Da die westliche Vorherrschaft ihren H\u00f6hepunkt bereits \u00fcberschritten hat, ist es nun nur noch eine Frage der Zeit, wann die alternative Organisation BRICS den Westen als einzige und dominierende Kraft in der Weltordnung abl\u00f6sen wird. Von Seyed Alireza Mousavi Die Bedeutung des BRICS-Gipfels, der [&hellip;]","og_url":"https:\/\/now-news.de\/de\/deutschland\/geopolitische-zeitenwende-wird-brics-den-westen-als-dominierende-kraft-in-der-weltordnung-abloesen\/","og_site_name":"just-now.NEWS Deutschland","article_publisher":"https:\/\/www.facebook.com\/wirmachenauf","article_published_time":"2023-08-23T09:46:12+00:00","og_image":[{"width":460,"height":259,"url":"https:\/\/now-news.de\/de\/wp-content\/uploads\/sites\/3\/2023\/08\/Geopolitische-Zeitenwende-Wird-BRICS-den-Westen-als-dominierende-Kraft-in.jpg","type":"image\/jpeg"}],"author":"rtnews","twitter_card":"summary_large_image","twitter_creator":"@WirMachenAuf_de","twitter_site":"@WirMachenAuf_de","twitter_misc":{"Verfasst von":"rtnews","Gesch\u00e4tzte Lesezeit":"3\u00a0Minuten"},"schema":{"@context":"https:\/\/schema.org","@graph":[{"@type":"Article","@id":"https:\/\/now-news.de\/de\/deutschland\/geopolitische-zeitenwende-wird-brics-den-westen-als-dominierende-kraft-in-der-weltordnung-abloesen\/#article","isPartOf":{"@id":"https:\/\/now-news.de\/de\/deutschland\/geopolitische-zeitenwende-wird-brics-den-westen-als-dominierende-kraft-in-der-weltordnung-abloesen\/"},"author":{"name":"rtnews","@id":"https:\/\/now-news.de\/de\/#\/schema\/person\/fb534a4e865501d8b3285208df34a9b5"},"headline":"Geopolitische Zeitenwende: Wird BRICS den Westen als dominierende Kraft in der Weltordnung abl\u00f6sen?","datePublished":"2023-08-23T09:46:12+00:00","dateModified":"2023-08-23T09:46:12+00:00","mainEntityOfPage":{"@id":"https:\/\/now-news.de\/de\/deutschland\/geopolitische-zeitenwende-wird-brics-den-westen-als-dominierende-kraft-in-der-weltordnung-abloesen\/"},"wordCount":544,"commentCount":0,"publisher":{"@id":"https:\/\/now-news.de\/de\/#organization"},"image":{"@id":"https:\/\/now-news.de\/de\/deutschland\/geopolitische-zeitenwende-wird-brics-den-westen-als-dominierende-kraft-in-der-weltordnung-abloesen\/#primaryimage"},"thumbnailUrl":"https:\/\/now-news.de\/de\/wp-content\/uploads\/sites\/3\/2023\/08\/Geopolitische-Zeitenwende-Wird-BRICS-den-Westen-als-dominierende-Kraft-in.jpg","keywords":["abl\u00f6sen","als","BRICS","den","der","dominierende","geopolitische","Kraft","Weltordnung","Westen","wird","Zeitenwende"],"articleSection":["Deutschland","Russland"],"inLanguage":"de","potentialAction":[{"@type":"CommentAction","name":"Comment","target":["https:\/\/now-news.de\/de\/deutschland\/geopolitische-zeitenwende-wird-brics-den-westen-als-dominierende-kraft-in-der-weltordnung-abloesen\/#respond"]}]},{"@type":"WebPage","@id":"https:\/\/now-news.de\/de\/deutschland\/geopolitische-zeitenwende-wird-brics-den-westen-als-dominierende-kraft-in-der-weltordnung-abloesen\/","url":"https:\/\/now-news.de\/de\/deutschland\/geopolitische-zeitenwende-wird-brics-den-westen-als-dominierende-kraft-in-der-weltordnung-abloesen\/","name":"Geopolitische Zeitenwende: Wird BRICS den Westen als dominierende Kraft in der Weltordnung abl\u00f6sen? - just-now.NEWS Deutschland","isPartOf":{"@id":"https:\/\/now-news.de\/de\/#website"},"primaryImageOfPage":{"@id":"https:\/\/now-news.de\/de\/deutschland\/geopolitische-zeitenwende-wird-brics-den-westen-als-dominierende-kraft-in-der-weltordnung-abloesen\/#primaryimage"},"image":{"@id":"https:\/\/now-news.de\/de\/deutschland\/geopolitische-zeitenwende-wird-brics-den-westen-als-dominierende-kraft-in-der-weltordnung-abloesen\/#primaryimage"},"thumbnailUrl":"https:\/\/now-news.de\/de\/wp-content\/uploads\/sites\/3\/2023\/08\/Geopolitische-Zeitenwende-Wird-BRICS-den-Westen-als-dominierende-Kraft-in.jpg","datePublished":"2023-08-23T09:46:12+00:00","dateModified":"2023-08-23T09:46:12+00:00","breadcrumb":{"@id":"https:\/\/now-news.de\/de\/deutschland\/geopolitische-zeitenwende-wird-brics-den-westen-als-dominierende-kraft-in-der-weltordnung-abloesen\/#breadcrumb"},"inLanguage":"de","potentialAction":[{"@type":"ReadAction","target":["https:\/\/now-news.de\/de\/deutschland\/geopolitische-zeitenwende-wird-brics-den-westen-als-dominierende-kraft-in-der-weltordnung-abloesen\/"]}]},{"@type":"ImageObject","inLanguage":"de","@id":"https:\/\/now-news.de\/de\/deutschland\/geopolitische-zeitenwende-wird-brics-den-westen-als-dominierende-kraft-in-der-weltordnung-abloesen\/#primaryimage","url":"https:\/\/now-news.de\/de\/wp-content\/uploads\/sites\/3\/2023\/08\/Geopolitische-Zeitenwende-Wird-BRICS-den-Westen-als-dominierende-Kraft-in.jpg","contentUrl":"https:\/\/now-news.de\/de\/wp-content\/uploads\/sites\/3\/2023\/08\/Geopolitische-Zeitenwende-Wird-BRICS-den-Westen-als-dominierende-Kraft-in.jpg","width":460,"height":259,"caption":"Geopolitische Zeitenwende: Wird BRICS den Westen als dominierende Kraft in der Weltordnung abl\u00f6sen?"},{"@type":"BreadcrumbList","@id":"https:\/\/now-news.de\/de\/deutschland\/geopolitische-zeitenwende-wird-brics-den-westen-als-dominierende-kraft-in-der-weltordnung-abloesen\/#breadcrumb","itemListElement":[{"@type":"ListItem","position":1,"name":"Home","item":"https:\/\/now-news.de\/de\/"},{"@type":"ListItem","position":2,"name":"Geopolitische Zeitenwende: Wird BRICS den Westen als dominierende Kraft in der Weltordnung abl\u00f6sen?"}]},{"@type":"WebSite","@id":"https:\/\/now-news.de\/de\/#website","url":"https:\/\/now-news.de\/de\/","name":"just-now.NEWS Deutschland","description":"Das Portal f\u00fcr unzensierte Nachrichten aus der Welt","publisher":{"@id":"https:\/\/now-news.de\/de\/#organization"},"potentialAction":[{"@type":"SearchAction","target":{"@type":"EntryPoint","urlTemplate":"https:\/\/now-news.de\/de\/?s={search_term_string}"},"query-input":"required name=search_term_string"}],"inLanguage":"de"},{"@type":"Organization","@id":"https:\/\/now-news.de\/de\/#organization","name":"Just Now News","url":"https:\/\/now-news.de\/de\/","logo":{"@type":"ImageObject","inLanguage":"de","@id":"https:\/\/now-news.de\/de\/#\/schema\/logo\/image\/","url":"http:\/\/just-now.news\/de\/wp-content\/uploads\/sites\/3\/2022\/04\/logo500x500.jpg","contentUrl":"http:\/\/just-now.news\/de\/wp-content\/uploads\/sites\/3\/2022\/04\/logo500x500.jpg","width":500,"height":500,"caption":"Just Now News"},"image":{"@id":"https:\/\/now-news.de\/de\/#\/schema\/logo\/image\/"},"sameAs":["https:\/\/www.facebook.com\/wirmachenauf","https:\/\/x.com\/WirMachenAuf_de"]},{"@type":"Person","@id":"https:\/\/now-news.de\/de\/#\/schema\/person\/fb534a4e865501d8b3285208df34a9b5","name":"rtnews","image":{"@type":"ImageObject","inLanguage":"de","@id":"https:\/\/now-news.de\/de\/#\/schema\/person\/image\/","url":"https:\/\/secure.gravatar.com\/avatar\/82aafea7d8127119dd649515f56e2117?s=96&d=mm&r=g","contentUrl":"https:\/\/secure.gravatar.com\/avatar\/82aafea7d8127119dd649515f56e2117?s=96&d=mm&r=g","caption":"rtnews"},"url":"https:\/\/now-news.de\/de\/author\/rnews\/"}]}},"_links":{"self":[{"href":"https:\/\/now-news.de\/de\/wp-json\/wp\/v2\/posts\/44946"}],"collection":[{"href":"https:\/\/now-news.de\/de\/wp-json\/wp\/v2\/posts"}],"about":[{"href":"https:\/\/now-news.de\/de\/wp-json\/wp\/v2\/types\/post"}],"author":[{"embeddable":true,"href":"https:\/\/now-news.de\/de\/wp-json\/wp\/v2\/users\/3"}],"replies":[{"embeddable":true,"href":"https:\/\/now-news.de\/de\/wp-json\/wp\/v2\/comments?post=44946"}],"version-history":[{"count":0,"href":"https:\/\/now-news.de\/de\/wp-json\/wp\/v2\/posts\/44946\/revisions"}],"wp:featuredmedia":[{"embeddable":true,"href":"https:\/\/now-news.de\/de\/wp-json\/wp\/v2\/media\/44947"}],"wp:attachment":[{"href":"https:\/\/now-news.de\/de\/wp-json\/wp\/v2\/media?parent=44946"}],"wp:term":[{"taxonomy":"category","embeddable":true,"href":"https:\/\/now-news.de\/de\/wp-json\/wp\/v2\/categories?post=44946"},{"taxonomy":"post_tag","embeddable":true,"href":"https:\/\/now-news.de\/de\/wp-json\/wp\/v2\/tags?post=44946"}],"curies":[{"name":"wp","href":"https:\/\/api.w.org\/{rel}","templated":true}]}}