{"id":44942,"date":"2023-08-23T10:54:55","date_gmt":"2023-08-23T08:54:55","guid":{"rendered":"https:\/\/just-now.news\/de\/deutschland\/fussball-in-athen-abrechnungsplatz-begeisterter-fangruppen\/"},"modified":"2023-08-23T10:54:55","modified_gmt":"2023-08-23T08:54:55","slug":"fussball-in-athen-abrechnungsplatz-begeisterter-fangruppen","status":"publish","type":"post","link":"https:\/\/now-news.de\/de\/deutschland\/fussball-in-athen-abrechnungsplatz-begeisterter-fangruppen\/","title":{"rendered":"Fu\u00dfball in Athen: Abrechnungsplatz begeisterter Fangruppen"},"content":{"rendered":"<p><img decoding=\"async\" src=\"http:\/\/just-now.news\/de\/wp-content\/uploads\/sites\/3\/2023\/08\/64e4f67148fbef02357b965e.jpg\" \/><\/p>\n<div class=\"Text-root Text-type_1 \">\n                Nach dem Tod eines griechischen Fans bei einem Spiel zwischen AEK Athen und Dinamo Zagreb ist die Atmosph\u00e4re in Griechenland angespannt. Die Festnahme kroatischer Fans f\u00fchrt inzwischen zu diplomatischen Spannungen zwischen Athen und Zagreb.\n            <\/div>\n<p><\/p>\n<div class=\"Text-root Text-type_5 ArticleView-text ViewText-root \">\n<p><em>Von Marinko U\u010dur<\/em><\/p>\n<p>Wo verl\u00e4uft die Grenze zwischen leidenschaftlichem Anfeuern auf Fu\u00dfballpl\u00e4tzen, Ausbr\u00fcchen der Hooligan-Gewalt und kriegerischem, destruktivem Verhalten, das mehr als nur Anfeuern ist? Das ist die Frage aller Fragen, auf die niemand eine verl\u00e4ssliche Antwort geben kann.<\/p>\n<p>Dem wurden sich auch die Fans des kroatischen Fu\u00dfballvereins Dinamo aus Zagreb bewusst, die sich selbst &#8220;Bad Blue Boys&#8221; nennen und sowohl in Kroatien als auch in Griechenland die sportliche und politische \u00d6ffentlichkeit wegen der Ermordung des griechischen Fans Michalis Katsouris auf die Beine stellten, wof\u00fcr die G\u00e4stefans beschuldigt werden. Von diesem Moment an war Athen in Alarmbereitschaft, und der gesamte Polizeiapparat machte sich auf die Suche nach den Schuldigen des Vorfalls. Dutzende Hooligans, Fans des \u00f6rtlichen Vereins, aber auch insgesamt 102 kroatische Fans wurden festgenommen, nach einem Eilverfahren in zahlreiche Untersuchungsgef\u00e4ngnisse griechischer Inseln verlegt und erwarten dort die Ermittlungsdetails. Zur Erinnerung: Der AEK-Fan Katsouris starb an einer Stichwunde bei Zusammenst\u00f6\u00dfen, die am 7. August vor dem AEK-Stadion vor dem Spiel zwischen der Athener Mannschaft und Dinamo Zagreb in der dritten Runde der Champions-League-Qualifikation stattfanden.<\/p>\n<p>Wenn wir das Endergebnis (4:3) au\u00dfer Acht lassen, das den athenischen Verein in die n\u00e4chste Qualifikationsrunde des Wettbewerbs innerhalb der UEFA-Champions-League f\u00fchrte \u2013 die Sport\u00f6ffentlichkeit wird jene Vorf\u00e4lle, die dem Fu\u00dfballspiel zwischen AEK Athen und den Gastfu\u00dfballspielern aus Zagreb vorausgingen, noch lange nicht vergessen. Schon bei der Ank\u00fcndigung des ersten Aufeinandertreffens der beiden Rivalen in Athen wurde das Spiel als &#8220;hochriskant&#8221; eingestuft. Es bleibt ein gro\u00dfes R\u00e4tsel, wie es sogar 200 kroatischen kriegerischen Hooligans, die f\u00fcr zahlreiche Vorf\u00e4lle in Stadien in ganz Europa bekannt sind, gelang, in die Hauptstadt Griechenlands zu gelangen, obwohl ihnen klar zum Ausdruck gebracht wurde, dass es bei diesem Spiel keine G\u00e4stefans geben w\u00fcrde.<\/p>\n<p>Wenn bis zu 102 B\u00fcrger eines Landes, das Mitglied der Europ\u00e4ischen Union ist, \u00fcber Nacht in den Gef\u00e4ngnissen eines anderen Landes, ebenfalls Mitglied der EU, landen, ist das eine v\u00f6llig ungew\u00f6hnliche Lage, die Alarm ausl\u00f6st. Da es sich nicht mehr nur um ein Sport- und Sicherheitsproblem handelt, geht diese Angelegenheit konsequenterweise und zwangsl\u00e4ufig auf die politische Ebene \u00fcber. Es kommen auch Verschw\u00f6rungstheorien und Zweifel auf, ob den Kroaten ein faires Verfahren gew\u00e4hrt werde und &#8220;ob alle Inhaftierten&#8221; potenzielle T\u00e4ter seien. Eltern und Freunde der Festgenommenen dr\u00e4ngen die Regierung von Premierminister Andrej Plenkovi\u0107, etwas zu unternehmen und sich in diesen ungew\u00f6hnlichen Fall zu engagieren. Das offizielle Zagreb w\u00e4hlt seine Worte weise und versucht, die griechischen Beh\u00f6rden nicht \u00fcber die heikle Ermittlungsarbeit zu ver\u00e4rgern, die zur Festnahme der unmittelbaren T\u00e4ter des Mordes f\u00fchren soll.<\/p>\n<p>Allerdings herrscht in den kroatischen Medien auch ein leichtes Misstrauen gegen\u00fcber der griechischen Justiz und griechische Gef\u00e4ngnisse werden regelm\u00e4\u00dfig als ber\u00fcchtigt eingestuft.<br \/> Ministerpr\u00e4sident Plenkovi\u0107 reiste unter dem Druck der Forderungen der Eltern der verhafteten Hooligans nach Athen. Er konnte jedoch nicht versprechen \u2013 au\u00dfer in Form offener Hoffnungen \u2013 dass es f\u00fcr Griechenland w\u00fcnschenswert sei, einige Strafsachen der kroatischen Justiz zu \u00fcberlassen. Was Premierminister Mitsotakis der kroatischen Seite zusagte, war ein faires Verfahren, mit dem Hinweis, dass die griechische Justiz unabh\u00e4ngig sei und die Exekutive sich nicht in den Prozess einmischen wolle.<\/p>\n<blockquote>\n<p><em>&#8220;Wir haben von den griechischen Beh\u00f6rden die Zusage erhalten, dass die Sicherheit der verhafteten kroatischen B\u00fcrger gew\u00e4hrleistet wird, und das ist alles, was wir im Moment sagen k\u00f6nnen.\u00a0Die H\u00e4ftlinge haben keine Einw\u00e4nde gegen die Bedingungen und die Behandlung in griechischen Gef\u00e4ngnissen&#8221;,<\/em><\/p>\n<\/blockquote>\n<p>betonte der kroatische Justizminister in Zagreb, Ivan Malenica, w\u00e4hrend der bekannte Anwalt Anto Nobilo die M\u00f6glichkeit, dass mutma\u00dfliche Hooligans auf freiem Fu\u00df in ihrem Land auf ihren Prozess warten k\u00f6nnten, sehr skeptisch sieht: &#8220;Im rechtlichen Sinne gibt es eine solche M\u00f6glichkeit nicht&#8221;, erkl\u00e4rte Nobilo und f\u00fcgte hinzu, &#8220;dass staatliche Garantien nur in Verfahren vor dem Haager Tribunal gegeben werden, obwohl es ein Gesetz zur justiziellen Zusammenarbeit\u00a0in Strafsachen zwischen den EU-Mitgliedsstaaten gibt, aber ein solcher Fall wurde bisher in der europ\u00e4ischen Justiz nicht erfasst&#8221;.<\/p>\n<p>Es sei daher klar, dass die kroatische Regierung in diesem heiklen Moment, w\u00e4hrend die Ermittlungen noch nicht abgeschlossen seien, nichts mehr f\u00fcr ihre inhaftierten B\u00fcrger tun k\u00f6nne, au\u00dfer ihnen eine gewisse logistische und finanzielle Unterst\u00fctzung bereitzustellen. Da es nicht nur um das schwere Verbrechen des Mordes geht, sondern auch um eine Reihe weiterer Verbrechen, die Fans aus Kroatien angelastet werden, wird die intensive diplomatische und politische Aktivit\u00e4t zwischen Athen und Zagreb auch in den kommenden Tagen fortgesetzt. In fu\u00dfballerischer Hinsicht steht die Initiative vor Ort nun auf der Seite der heimischen Justiz, die dem politischen Druck standhalten, den M\u00f6rder und die T\u00e4ter ausfindig machen und vor Gericht stellen soll.<\/p>\n<p><strong>Mehr zum Thema<\/strong>\u00a0\u2013 <a rel=\"nofollow noopener\" target=\"_blank\" href=\"https:\/\/freedert.online\/europa\/176735-zweifelhafter-plan-ukraine-will-getreide-ueber-kroatien-ausfuehren\/\">Zweifelhafter Plan: Ukraine will Getreide \u00fcber Kroatien ausf\u00fchren <\/a><\/p>\n<\/div>\n<p><br \/>\n<br \/><a href=\"https:\/\/de.rt.com\/meinung\/178595-fussball-in-athen-abrechnungsplatz-begeisterter\/\">Source link <\/a><\/p>\n","protected":false},"excerpt":{"rendered":"<p>Nach dem Tod eines griechischen Fans bei einem Spiel zwischen AEK Athen und Dinamo Zagreb ist die Atmosph\u00e4re in Griechenland angespannt. Die Festnahme kroatischer Fans f\u00fchrt inzwischen zu diplomatischen Spannungen zwischen Athen und Zagreb. Von Marinko U\u010dur Wo verl\u00e4uft die Grenze zwischen leidenschaftlichem Anfeuern auf Fu\u00dfballpl\u00e4tzen, Ausbr\u00fcchen der Hooligan-Gewalt und kriegerischem, destruktivem Verhalten, das mehr [&hellip;]<\/p>\n","protected":false},"author":3,"featured_media":44943,"comment_status":"open","ping_status":"open","sticky":false,"template":"","format":"standard","meta":{"_yoast_indexnow_last_ping":["1692781802"],"wp_automatic_camp":["217"],"f21ac9d5ad97a071d93260941a90807e":["Fu\u00dfball in Athen: Abrechnungsplatz begeisterter Fangruppen"],"original_link":["https:\/\/de.rt.com\/meinung\/178595-fussball-in-athen-abrechnungsplatz-begeisterter\/"],"_thumbnail_id":["44943"],"jnews_social_counter_last_update":["1777174393"],"_wptgpro_p2tg_sent2tg":["a:1:{i:23737;s:19:\"2023-08-23 11:11:05\";}"]},"categories":[19,23],"tags":[48049,396,48050,48051,17515],"yoast_head":"<!-- This site is optimized with the Yoast SEO Premium plugin v22.7 (Yoast SEO v22.7) - https:\/\/yoast.com\/wordpress\/plugins\/seo\/ -->\n<title>Fu\u00dfball in Athen: Abrechnungsplatz begeisterter Fangruppen - just-now.NEWS Deutschland<\/title>\n<meta name=\"robots\" content=\"index, follow, max-snippet:-1, max-image-preview:large, max-video-preview:-1\" \/>\n<link rel=\"canonical\" href=\"https:\/\/now-news.de\/de\/deutschland\/fussball-in-athen-abrechnungsplatz-begeisterter-fangruppen\/\" \/>\n<meta property=\"og:locale\" content=\"de_DE\" \/>\n<meta property=\"og:type\" content=\"article\" \/>\n<meta property=\"og:title\" content=\"Fu\u00dfball in Athen: Abrechnungsplatz begeisterter Fangruppen\" \/>\n<meta property=\"og:description\" content=\"Nach dem Tod eines griechischen Fans bei einem Spiel zwischen AEK Athen und Dinamo Zagreb ist die Atmosph\u00e4re in Griechenland angespannt. Die Festnahme kroatischer Fans f\u00fchrt inzwischen zu diplomatischen Spannungen zwischen Athen und Zagreb. Von Marinko U\u010dur Wo verl\u00e4uft die Grenze zwischen leidenschaftlichem Anfeuern auf Fu\u00dfballpl\u00e4tzen, Ausbr\u00fcchen der Hooligan-Gewalt und kriegerischem, destruktivem Verhalten, das mehr [&hellip;]\" \/>\n<meta property=\"og:url\" content=\"https:\/\/now-news.de\/de\/deutschland\/fussball-in-athen-abrechnungsplatz-begeisterter-fangruppen\/\" \/>\n<meta property=\"og:site_name\" content=\"just-now.NEWS Deutschland\" \/>\n<meta property=\"article:publisher\" content=\"https:\/\/www.facebook.com\/wirmachenauf\" \/>\n<meta property=\"article:published_time\" content=\"2023-08-23T08:54:55+00:00\" \/>\n<meta property=\"og:image\" content=\"https:\/\/now-news.de\/de\/wp-content\/uploads\/sites\/3\/2023\/08\/Fussball-in-Athen-Abrechnungsplatz-begeisterter-Fangruppen.jpg\" \/>\n\t<meta property=\"og:image:width\" content=\"460\" \/>\n\t<meta property=\"og:image:height\" content=\"259\" \/>\n\t<meta property=\"og:image:type\" content=\"image\/jpeg\" \/>\n<meta name=\"author\" content=\"rtnews\" \/>\n<meta name=\"twitter:card\" content=\"summary_large_image\" \/>\n<meta name=\"twitter:creator\" content=\"@WirMachenAuf_de\" \/>\n<meta name=\"twitter:site\" content=\"@WirMachenAuf_de\" \/>\n<meta name=\"twitter:label1\" content=\"Verfasst von\" \/>\n\t<meta name=\"twitter:data1\" content=\"rtnews\" \/>\n\t<meta name=\"twitter:label2\" content=\"Gesch\u00e4tzte Lesezeit\" \/>\n\t<meta name=\"twitter:data2\" content=\"4\u00a0Minuten\" \/>\n<script type=\"application\/ld+json\" class=\"yoast-schema-graph\">{\"@context\":\"https:\/\/schema.org\",\"@graph\":[{\"@type\":\"Article\",\"@id\":\"https:\/\/now-news.de\/de\/deutschland\/fussball-in-athen-abrechnungsplatz-begeisterter-fangruppen\/#article\",\"isPartOf\":{\"@id\":\"https:\/\/now-news.de\/de\/deutschland\/fussball-in-athen-abrechnungsplatz-begeisterter-fangruppen\/\"},\"author\":{\"name\":\"rtnews\",\"@id\":\"https:\/\/now-news.de\/de\/#\/schema\/person\/fb534a4e865501d8b3285208df34a9b5\"},\"headline\":\"Fu\u00dfball in Athen: Abrechnungsplatz begeisterter Fangruppen\",\"datePublished\":\"2023-08-23T08:54:55+00:00\",\"dateModified\":\"2023-08-23T08:54:55+00:00\",\"mainEntityOfPage\":{\"@id\":\"https:\/\/now-news.de\/de\/deutschland\/fussball-in-athen-abrechnungsplatz-begeisterter-fangruppen\/\"},\"wordCount\":867,\"commentCount\":0,\"publisher\":{\"@id\":\"https:\/\/now-news.de\/de\/#organization\"},\"image\":{\"@id\":\"https:\/\/now-news.de\/de\/deutschland\/fussball-in-athen-abrechnungsplatz-begeisterter-fangruppen\/#primaryimage\"},\"thumbnailUrl\":\"https:\/\/now-news.de\/de\/wp-content\/uploads\/sites\/3\/2023\/08\/Fussball-in-Athen-Abrechnungsplatz-begeisterter-Fangruppen.jpg\",\"keywords\":[\"Abrechnungsplatz\",\"Athen\",\"begeisterter\",\"Fangruppen\",\"Fu\u00dfball\"],\"articleSection\":[\"Deutschland\",\"Russland\"],\"inLanguage\":\"de\",\"potentialAction\":[{\"@type\":\"CommentAction\",\"name\":\"Comment\",\"target\":[\"https:\/\/now-news.de\/de\/deutschland\/fussball-in-athen-abrechnungsplatz-begeisterter-fangruppen\/#respond\"]}]},{\"@type\":\"WebPage\",\"@id\":\"https:\/\/now-news.de\/de\/deutschland\/fussball-in-athen-abrechnungsplatz-begeisterter-fangruppen\/\",\"url\":\"https:\/\/now-news.de\/de\/deutschland\/fussball-in-athen-abrechnungsplatz-begeisterter-fangruppen\/\",\"name\":\"Fu\u00dfball in Athen: Abrechnungsplatz begeisterter Fangruppen - just-now.NEWS Deutschland\",\"isPartOf\":{\"@id\":\"https:\/\/now-news.de\/de\/#website\"},\"primaryImageOfPage\":{\"@id\":\"https:\/\/now-news.de\/de\/deutschland\/fussball-in-athen-abrechnungsplatz-begeisterter-fangruppen\/#primaryimage\"},\"image\":{\"@id\":\"https:\/\/now-news.de\/de\/deutschland\/fussball-in-athen-abrechnungsplatz-begeisterter-fangruppen\/#primaryimage\"},\"thumbnailUrl\":\"https:\/\/now-news.de\/de\/wp-content\/uploads\/sites\/3\/2023\/08\/Fussball-in-Athen-Abrechnungsplatz-begeisterter-Fangruppen.jpg\",\"datePublished\":\"2023-08-23T08:54:55+00:00\",\"dateModified\":\"2023-08-23T08:54:55+00:00\",\"breadcrumb\":{\"@id\":\"https:\/\/now-news.de\/de\/deutschland\/fussball-in-athen-abrechnungsplatz-begeisterter-fangruppen\/#breadcrumb\"},\"inLanguage\":\"de\",\"potentialAction\":[{\"@type\":\"ReadAction\",\"target\":[\"https:\/\/now-news.de\/de\/deutschland\/fussball-in-athen-abrechnungsplatz-begeisterter-fangruppen\/\"]}]},{\"@type\":\"ImageObject\",\"inLanguage\":\"de\",\"@id\":\"https:\/\/now-news.de\/de\/deutschland\/fussball-in-athen-abrechnungsplatz-begeisterter-fangruppen\/#primaryimage\",\"url\":\"https:\/\/now-news.de\/de\/wp-content\/uploads\/sites\/3\/2023\/08\/Fussball-in-Athen-Abrechnungsplatz-begeisterter-Fangruppen.jpg\",\"contentUrl\":\"https:\/\/now-news.de\/de\/wp-content\/uploads\/sites\/3\/2023\/08\/Fussball-in-Athen-Abrechnungsplatz-begeisterter-Fangruppen.jpg\",\"width\":460,\"height\":259,\"caption\":\"Fu\u00dfball in Athen: Abrechnungsplatz begeisterter Fangruppen\"},{\"@type\":\"BreadcrumbList\",\"@id\":\"https:\/\/now-news.de\/de\/deutschland\/fussball-in-athen-abrechnungsplatz-begeisterter-fangruppen\/#breadcrumb\",\"itemListElement\":[{\"@type\":\"ListItem\",\"position\":1,\"name\":\"Home\",\"item\":\"https:\/\/now-news.de\/de\/\"},{\"@type\":\"ListItem\",\"position\":2,\"name\":\"Fu\u00dfball in Athen: Abrechnungsplatz begeisterter Fangruppen\"}]},{\"@type\":\"WebSite\",\"@id\":\"https:\/\/now-news.de\/de\/#website\",\"url\":\"https:\/\/now-news.de\/de\/\",\"name\":\"just-now.NEWS Deutschland\",\"description\":\"Das Portal f\u00fcr unzensierte Nachrichten aus der Welt\",\"publisher\":{\"@id\":\"https:\/\/now-news.de\/de\/#organization\"},\"potentialAction\":[{\"@type\":\"SearchAction\",\"target\":{\"@type\":\"EntryPoint\",\"urlTemplate\":\"https:\/\/now-news.de\/de\/?s={search_term_string}\"},\"query-input\":\"required name=search_term_string\"}],\"inLanguage\":\"de\"},{\"@type\":\"Organization\",\"@id\":\"https:\/\/now-news.de\/de\/#organization\",\"name\":\"Just Now News\",\"url\":\"https:\/\/now-news.de\/de\/\",\"logo\":{\"@type\":\"ImageObject\",\"inLanguage\":\"de\",\"@id\":\"https:\/\/now-news.de\/de\/#\/schema\/logo\/image\/\",\"url\":\"http:\/\/just-now.news\/de\/wp-content\/uploads\/sites\/3\/2022\/04\/logo500x500.jpg\",\"contentUrl\":\"http:\/\/just-now.news\/de\/wp-content\/uploads\/sites\/3\/2022\/04\/logo500x500.jpg\",\"width\":500,\"height\":500,\"caption\":\"Just Now News\"},\"image\":{\"@id\":\"https:\/\/now-news.de\/de\/#\/schema\/logo\/image\/\"},\"sameAs\":[\"https:\/\/www.facebook.com\/wirmachenauf\",\"https:\/\/x.com\/WirMachenAuf_de\"]},{\"@type\":\"Person\",\"@id\":\"https:\/\/now-news.de\/de\/#\/schema\/person\/fb534a4e865501d8b3285208df34a9b5\",\"name\":\"rtnews\",\"image\":{\"@type\":\"ImageObject\",\"inLanguage\":\"de\",\"@id\":\"https:\/\/now-news.de\/de\/#\/schema\/person\/image\/\",\"url\":\"https:\/\/secure.gravatar.com\/avatar\/82aafea7d8127119dd649515f56e2117?s=96&d=mm&r=g\",\"contentUrl\":\"https:\/\/secure.gravatar.com\/avatar\/82aafea7d8127119dd649515f56e2117?s=96&d=mm&r=g\",\"caption\":\"rtnews\"},\"url\":\"https:\/\/now-news.de\/de\/author\/rnews\/\"}]}<\/script>\n<!-- \/ Yoast SEO Premium plugin. -->","yoast_head_json":{"title":"Fu\u00dfball in Athen: Abrechnungsplatz begeisterter Fangruppen - just-now.NEWS Deutschland","robots":{"index":"index","follow":"follow","max-snippet":"max-snippet:-1","max-image-preview":"max-image-preview:large","max-video-preview":"max-video-preview:-1"},"canonical":"https:\/\/now-news.de\/de\/deutschland\/fussball-in-athen-abrechnungsplatz-begeisterter-fangruppen\/","og_locale":"de_DE","og_type":"article","og_title":"Fu\u00dfball in Athen: Abrechnungsplatz begeisterter Fangruppen","og_description":"Nach dem Tod eines griechischen Fans bei einem Spiel zwischen AEK Athen und Dinamo Zagreb ist die Atmosph\u00e4re in Griechenland angespannt. Die Festnahme kroatischer Fans f\u00fchrt inzwischen zu diplomatischen Spannungen zwischen Athen und Zagreb. Von Marinko U\u010dur Wo verl\u00e4uft die Grenze zwischen leidenschaftlichem Anfeuern auf Fu\u00dfballpl\u00e4tzen, Ausbr\u00fcchen der Hooligan-Gewalt und kriegerischem, destruktivem Verhalten, das mehr [&hellip;]","og_url":"https:\/\/now-news.de\/de\/deutschland\/fussball-in-athen-abrechnungsplatz-begeisterter-fangruppen\/","og_site_name":"just-now.NEWS Deutschland","article_publisher":"https:\/\/www.facebook.com\/wirmachenauf","article_published_time":"2023-08-23T08:54:55+00:00","og_image":[{"width":460,"height":259,"url":"https:\/\/now-news.de\/de\/wp-content\/uploads\/sites\/3\/2023\/08\/Fussball-in-Athen-Abrechnungsplatz-begeisterter-Fangruppen.jpg","type":"image\/jpeg"}],"author":"rtnews","twitter_card":"summary_large_image","twitter_creator":"@WirMachenAuf_de","twitter_site":"@WirMachenAuf_de","twitter_misc":{"Verfasst von":"rtnews","Gesch\u00e4tzte Lesezeit":"4\u00a0Minuten"},"schema":{"@context":"https:\/\/schema.org","@graph":[{"@type":"Article","@id":"https:\/\/now-news.de\/de\/deutschland\/fussball-in-athen-abrechnungsplatz-begeisterter-fangruppen\/#article","isPartOf":{"@id":"https:\/\/now-news.de\/de\/deutschland\/fussball-in-athen-abrechnungsplatz-begeisterter-fangruppen\/"},"author":{"name":"rtnews","@id":"https:\/\/now-news.de\/de\/#\/schema\/person\/fb534a4e865501d8b3285208df34a9b5"},"headline":"Fu\u00dfball in Athen: Abrechnungsplatz begeisterter Fangruppen","datePublished":"2023-08-23T08:54:55+00:00","dateModified":"2023-08-23T08:54:55+00:00","mainEntityOfPage":{"@id":"https:\/\/now-news.de\/de\/deutschland\/fussball-in-athen-abrechnungsplatz-begeisterter-fangruppen\/"},"wordCount":867,"commentCount":0,"publisher":{"@id":"https:\/\/now-news.de\/de\/#organization"},"image":{"@id":"https:\/\/now-news.de\/de\/deutschland\/fussball-in-athen-abrechnungsplatz-begeisterter-fangruppen\/#primaryimage"},"thumbnailUrl":"https:\/\/now-news.de\/de\/wp-content\/uploads\/sites\/3\/2023\/08\/Fussball-in-Athen-Abrechnungsplatz-begeisterter-Fangruppen.jpg","keywords":["Abrechnungsplatz","Athen","begeisterter","Fangruppen","Fu\u00dfball"],"articleSection":["Deutschland","Russland"],"inLanguage":"de","potentialAction":[{"@type":"CommentAction","name":"Comment","target":["https:\/\/now-news.de\/de\/deutschland\/fussball-in-athen-abrechnungsplatz-begeisterter-fangruppen\/#respond"]}]},{"@type":"WebPage","@id":"https:\/\/now-news.de\/de\/deutschland\/fussball-in-athen-abrechnungsplatz-begeisterter-fangruppen\/","url":"https:\/\/now-news.de\/de\/deutschland\/fussball-in-athen-abrechnungsplatz-begeisterter-fangruppen\/","name":"Fu\u00dfball in Athen: Abrechnungsplatz begeisterter Fangruppen - just-now.NEWS Deutschland","isPartOf":{"@id":"https:\/\/now-news.de\/de\/#website"},"primaryImageOfPage":{"@id":"https:\/\/now-news.de\/de\/deutschland\/fussball-in-athen-abrechnungsplatz-begeisterter-fangruppen\/#primaryimage"},"image":{"@id":"https:\/\/now-news.de\/de\/deutschland\/fussball-in-athen-abrechnungsplatz-begeisterter-fangruppen\/#primaryimage"},"thumbnailUrl":"https:\/\/now-news.de\/de\/wp-content\/uploads\/sites\/3\/2023\/08\/Fussball-in-Athen-Abrechnungsplatz-begeisterter-Fangruppen.jpg","datePublished":"2023-08-23T08:54:55+00:00","dateModified":"2023-08-23T08:54:55+00:00","breadcrumb":{"@id":"https:\/\/now-news.de\/de\/deutschland\/fussball-in-athen-abrechnungsplatz-begeisterter-fangruppen\/#breadcrumb"},"inLanguage":"de","potentialAction":[{"@type":"ReadAction","target":["https:\/\/now-news.de\/de\/deutschland\/fussball-in-athen-abrechnungsplatz-begeisterter-fangruppen\/"]}]},{"@type":"ImageObject","inLanguage":"de","@id":"https:\/\/now-news.de\/de\/deutschland\/fussball-in-athen-abrechnungsplatz-begeisterter-fangruppen\/#primaryimage","url":"https:\/\/now-news.de\/de\/wp-content\/uploads\/sites\/3\/2023\/08\/Fussball-in-Athen-Abrechnungsplatz-begeisterter-Fangruppen.jpg","contentUrl":"https:\/\/now-news.de\/de\/wp-content\/uploads\/sites\/3\/2023\/08\/Fussball-in-Athen-Abrechnungsplatz-begeisterter-Fangruppen.jpg","width":460,"height":259,"caption":"Fu\u00dfball in Athen: Abrechnungsplatz begeisterter Fangruppen"},{"@type":"BreadcrumbList","@id":"https:\/\/now-news.de\/de\/deutschland\/fussball-in-athen-abrechnungsplatz-begeisterter-fangruppen\/#breadcrumb","itemListElement":[{"@type":"ListItem","position":1,"name":"Home","item":"https:\/\/now-news.de\/de\/"},{"@type":"ListItem","position":2,"name":"Fu\u00dfball in Athen: Abrechnungsplatz begeisterter Fangruppen"}]},{"@type":"WebSite","@id":"https:\/\/now-news.de\/de\/#website","url":"https:\/\/now-news.de\/de\/","name":"just-now.NEWS Deutschland","description":"Das Portal f\u00fcr unzensierte Nachrichten aus der Welt","publisher":{"@id":"https:\/\/now-news.de\/de\/#organization"},"potentialAction":[{"@type":"SearchAction","target":{"@type":"EntryPoint","urlTemplate":"https:\/\/now-news.de\/de\/?s={search_term_string}"},"query-input":"required name=search_term_string"}],"inLanguage":"de"},{"@type":"Organization","@id":"https:\/\/now-news.de\/de\/#organization","name":"Just Now News","url":"https:\/\/now-news.de\/de\/","logo":{"@type":"ImageObject","inLanguage":"de","@id":"https:\/\/now-news.de\/de\/#\/schema\/logo\/image\/","url":"http:\/\/just-now.news\/de\/wp-content\/uploads\/sites\/3\/2022\/04\/logo500x500.jpg","contentUrl":"http:\/\/just-now.news\/de\/wp-content\/uploads\/sites\/3\/2022\/04\/logo500x500.jpg","width":500,"height":500,"caption":"Just Now News"},"image":{"@id":"https:\/\/now-news.de\/de\/#\/schema\/logo\/image\/"},"sameAs":["https:\/\/www.facebook.com\/wirmachenauf","https:\/\/x.com\/WirMachenAuf_de"]},{"@type":"Person","@id":"https:\/\/now-news.de\/de\/#\/schema\/person\/fb534a4e865501d8b3285208df34a9b5","name":"rtnews","image":{"@type":"ImageObject","inLanguage":"de","@id":"https:\/\/now-news.de\/de\/#\/schema\/person\/image\/","url":"https:\/\/secure.gravatar.com\/avatar\/82aafea7d8127119dd649515f56e2117?s=96&d=mm&r=g","contentUrl":"https:\/\/secure.gravatar.com\/avatar\/82aafea7d8127119dd649515f56e2117?s=96&d=mm&r=g","caption":"rtnews"},"url":"https:\/\/now-news.de\/de\/author\/rnews\/"}]}},"_links":{"self":[{"href":"https:\/\/now-news.de\/de\/wp-json\/wp\/v2\/posts\/44942"}],"collection":[{"href":"https:\/\/now-news.de\/de\/wp-json\/wp\/v2\/posts"}],"about":[{"href":"https:\/\/now-news.de\/de\/wp-json\/wp\/v2\/types\/post"}],"author":[{"embeddable":true,"href":"https:\/\/now-news.de\/de\/wp-json\/wp\/v2\/users\/3"}],"replies":[{"embeddable":true,"href":"https:\/\/now-news.de\/de\/wp-json\/wp\/v2\/comments?post=44942"}],"version-history":[{"count":0,"href":"https:\/\/now-news.de\/de\/wp-json\/wp\/v2\/posts\/44942\/revisions"}],"wp:featuredmedia":[{"embeddable":true,"href":"https:\/\/now-news.de\/de\/wp-json\/wp\/v2\/media\/44943"}],"wp:attachment":[{"href":"https:\/\/now-news.de\/de\/wp-json\/wp\/v2\/media?parent=44942"}],"wp:term":[{"taxonomy":"category","embeddable":true,"href":"https:\/\/now-news.de\/de\/wp-json\/wp\/v2\/categories?post=44942"},{"taxonomy":"post_tag","embeddable":true,"href":"https:\/\/now-news.de\/de\/wp-json\/wp\/v2\/tags?post=44942"}],"curies":[{"name":"wp","href":"https:\/\/api.w.org\/{rel}","templated":true}]}}