{"id":44940,"date":"2023-08-23T10:31:04","date_gmt":"2023-08-23T08:31:04","guid":{"rendered":"https:\/\/just-now.news\/de\/deutschland\/luegen-blenden-hetzen-lindners-neoliberale-maerchenstunde-ueber-soziale-ungleichheit\/"},"modified":"2023-08-23T10:31:04","modified_gmt":"2023-08-23T08:31:04","slug":"luegen-blenden-hetzen-lindners-neoliberale-maerchenstunde-ueber-soziale-ungleichheit","status":"publish","type":"post","link":"https:\/\/now-news.de\/de\/deutschland\/luegen-blenden-hetzen-lindners-neoliberale-maerchenstunde-ueber-soziale-ungleichheit\/","title":{"rendered":"L\u00fcgen, blenden, hetzen: Lindners neoliberale M\u00e4rchenstunde \u00fcber soziale Ungleichheit"},"content":{"rendered":"<p><img decoding=\"async\" src=\"http:\/\/just-now.news\/de\/wp-content\/uploads\/sites\/3\/2023\/08\/64e4fda8b480cc6ba521e882.jpg\" \/><\/p>\n<div class=\"Text-root Text-type_1 \">\n                Bundesfinanzminister Christian Lindner hielt mal wieder eine M\u00e4rchenstunde ab. Zum Tag der offenen T\u00fcr in seinem Ressort begl\u00fcckte er sein Publikum am Sonntag nicht nur mit klassischem Armenbashing, sondern tischte ihm auch falsche Zahlenspielereien auf.\n            <\/div>\n<p><\/p>\n<div class=\"Text-root Text-type_5 ArticleView-text ViewText-root \">\n<p><em>Von Susan Bonath<\/em><\/p>\n<p>Drei Dinge beherrscht Bundesfinanzminister Christian Lindner (FDP) wirklich gut: Agitation mit neoliberalen Propaganda-M\u00e4rchen und demagogischer Hetze gegen Arme, moralinsaure Mitgef\u00fchlsheuchelei und glamour\u00f6se Selbstdarstellung. Eine seiner M\u00e4rchenstunden pr\u00e4sentierte Lindner zum <a rel=\"nofollow noopener\" target=\"_blank\" href=\"https:\/\/www.youtube.com\/watch?v=g5WDrXDqFlA\">Tag der offenen T\u00fcr<\/a> seines Ministeriums letzten Sonntag vor m\u00f6glicherweise zuvor gesinnungsgepr\u00fcftem Publikum. Ich werde an dieser Stelle nur auf seine Aussagen zum Thema Kinderarmut in Deutschland eingehen. Allein diese entlarven ihn als Fake-News-Schleuder im Dienst von Herrschaftsinteressen.<\/p>\n<p><strong><\/strong><\/p>\n<p><strong>&#8220;Statistiken&#8221; in Lindners Kopf<\/strong><\/p>\n<p>Zun\u00e4chst spulte Lindner die bekannte neoliberale Leier ab: Aufstieg in Deutschland m\u00fcsse gelingen durch Eigenschaften wie &#8220;Flei\u00df, Talent, Risikobereitschaft und Lebensentscheidungen&#8221;. Hier laufe es noch nicht so gut in Deutschland, r\u00e4umte er sogar ein.<\/p>\n<p>Man k\u00f6nnte entgegnen: Erfolg im imperialistischen &#8220;Wertewesten&#8221; hatte noch nie viel mit Leistung zu tun, sondern h\u00e4ngt vor allem vom famili\u00e4ren Hintergrund und ererbten Reichtum ab. Die Putzfrau im Krankenhaus und der Malocher im Stra\u00dfenbau k\u00f6nnen sich bekanntlich noch so abrackern: Das w\u00fcrde eher ihr Leben verk\u00fcrzen als ihren Reichtum zu mehren. Dass dies so bleibt, ist Ziel dieser Politik seit Ewigkeiten.<\/p>\n<p>Und dann haute Lindner seinem Publikum eine erfundene Geschichte um die Ohren: Die Kinderarmut, so schwadronierte er, &#8220;ist ganz, ganz deutlich zur\u00fcckgegangen bei deutschen Familien.&#8221; Sie sei zwar &#8220;immer noch hoch&#8221;. Dies liege allerdings alleine an &#8220;der Einwanderung seit 2015&#8221;, mehr noch: Es gebe &#8220;zwischen Einwanderung und Kinderarmut einen klaren statistischen Zusammenhang&#8221;.<\/p>\n<p>Abgesehen davon, dass Lindner hier wohl nicht ganz unabsichtlich &#8220;Einwanderung&#8221; und &#8220;Flucht&#8221; verwechselt, wobei die Bundesregierung an den Fluchtursachen nicht ganz unschuldig ist: Man fragt sich, wer Lindner diese Zahlen eingefl\u00fcstert hat. Vom Statistischen Bundesamt stammen diese jedenfalls nicht, dort ergibt sich ein v\u00f6llig anderes Bild.<\/p>\n<p><strong><\/strong><\/p>\n<p><strong>Explodierende Kinderarmut<\/strong><\/p>\n<p>So stieg die Kinderarmut in Deutschland laut <a rel=\"nofollow noopener\" target=\"_blank\" href=\"https:\/\/de.statista.com\/statistik\/daten\/studie\/785520\/umfrage\/armutsgefaehrdungsquote-von-kindern-in-deutschland\/\">Statistik<\/a> zwischen 2010 und 2021 von insgesamt 18,2 auf 21,3 Prozent an. Im vergangenen Jahr verzeichnete die Beh\u00f6rde laut einer aktuellen <a rel=\"nofollow noopener\" target=\"_blank\" href=\"https:\/\/www.destatis.de\/DE\/Presse\/Pressemitteilungen\/2023\/07\/PD23_N045_63.html\">Pressemitteilung<\/a> bereits eine Kinderarmutsquote von 24 Prozent \u2013 ein geradezu exorbitanter Anstieg. Das bedeutet also: Fast ein Viertel aller Kinder in Deutschland lebten im vergangenen Jahr unter der sogenannten &#8220;Armutsgef\u00e4hrdungsgrenze&#8221; von 60 Prozent des mittleren Einkommens.<\/p>\n<p>Auch dieser Begriff ist bereits eine demogogische Wortspielerei: &#8220;Armutsgef\u00e4hrdet&#8221; suggeriert, jemand laufe lediglich Gefahr, arm werden zu k\u00f6nnen. Wer allerdings unter dieser Grenze lebt, die Statistiker bei gerade einmal 1.250 Euro netto pro Monat f\u00fcr Singles und 2.625 Euro f\u00fcr eine vierk\u00f6pfige Familie festgelegt haben, ist nicht armutsgef\u00e4hrdet, sondern schlicht und ergreifend arm.<\/p>\n<p>Egal, wie man es dreht und wendet: Erstens ist die Kinderarmut nicht, wie Lindner behauptet, &#8220;immer noch hoch&#8221;, sondern befindet sich im signifikanten H\u00f6henflug. Zweitens war diese Entwicklung schon lange vor 2015 sichtbar. F\u00fcr Lindners Behauptung gibt es keinerlei Daten, er ging hier offensichtlich mit einem blo\u00dfen Bauchgef\u00fchl hausieren.<\/p>\n<p>So triggerte der hochbezahlte Minister wohlweislich nicht nur destruktive Emotionen in den B\u00e4uchen vieler zu Recht frustrierter deutscher Lohnabh\u00e4ngiger. Er spaltet damit auch bewusst die gleicherma\u00dfen unter immer sch\u00e4rferer Ausbeutung leidenden Massen, und dies gar auf dem R\u00fccken von Kindern. Der deutsche Proletarier soll halt nach unten treten, anstatt gemeinsam gegen die Verh\u00e4ltnisse zu k\u00e4mpfen \u2013 das klassische Teile-und-herrsche-Programm der M\u00e4chtigen eben.<\/p>\n<p><strong><\/strong><\/p>\n<p><strong>Geschichten von N\u00fctzlichen und Nutzlosen<\/strong><\/p>\n<p>Es kommt noch dicker: Man solle, so legt Lindner nahe, armen Familien kein Geld aufs Konto \u00fcberweisen und besser in die Kinderg\u00e4rten und Schulen investieren. Abgesehen davon, dass letztere seit Jahrzehnten nicht ausreichend finanziert werden, also politisch gewollt in einem gro\u00dfteils miserablen Zustand sind: Lindners Botschaften dahinter sind ganz andere.<\/p>\n<p>So suggeriert er zweierlei: Arme k\u00f6nnten, anders als Reiche, nicht mit Geld umgehen und w\u00fcrden alles eh verprassen. Zweitens sei das Aufziehen von Kindern gar keine Arbeit. Freilich, aus Sicht des Kapitals taugt nur etwas, wer dem &#8220;heiligen Markt&#8221; dient, v\u00f6llig egal, ob als B\u00e4cker oder Bombenbauer, Putzfrau oder B\u00f6rsenspekulant, Pflegekraft oder \u00fcberbezahlter Schw\u00e4tzer im Ministeramt.<\/p>\n<p>Man kann diese verlogenen neoliberalen Rechtfertigungsorgien f\u00fcr die politisch-\u00f6konomisch produzierte soziale Katastrophe schon singen: Arme seien selbst schuld an ihrer Armut, weil sie zu bl\u00f6d seien und sich nicht genug anstrengten. Als Proletarier sollte man hier wirklich einmal dringende Fragen stellen.<\/p>\n<p>Zum Beispiel: Wie n\u00fctzlich ist eigentlich ein kriegstreibender Finanzminister, der nach eigenen Angaben schon 22 Milliarden Euro deutsches Steuergeld in die Ukraine gepumpt hat und unzweifelhaft mitverantwortlich ist an dem exorbitanten Anstieg der Energie- und Lebensmittelpreise?<\/p>\n<p>Man kann auch fragen: Wer richtet eigentlich mehr Schaden f\u00fcr die Gesellschaft an: Ein B\u00fcrgergeldbezieher, der Lindners H\u00e4ngemattenphilosophie tats\u00e4chlich entspr\u00e4che, oder dieser Finanzminister, der alleine f\u00fcr sein Amt 64-mal so viel bekommt, wie die &#8220;faulen&#8221; Armen, die er meint? Das kann sich jeder selbst beantworten.<\/p>\n<p><strong><\/strong><\/p>\n<p><strong>Lindners Zahlentricks<\/strong><\/p>\n<p>Das ist aber immer noch nicht alles. Zwar ist Lindner ein studierter Politikwissenschaftler, in Mathe aber scheint er gefehlt zu haben. Oder aber er trickste bewusst mit Zahlen und Gr\u00f6\u00dfenordnungen, um das sozialdarwinistische Schauerm\u00e4rchen vom schmarotzenden Armen zu kolportieren. So posaunte er drauflos: Eine Familie mit drei Kindern bekomme 37.000 Euro B\u00fcrgergeld im Jahr.<\/p>\n<p>Vermutlich stellte er sich dabei sogar vor, wie dies Millionen von Paketzustellern, Altenpflegern und B\u00e4ckereiverk\u00e4ufern, die l\u00e4ngst nicht an so ein Einkommen herankommen, den Schaum vor den Mund treibt. Just: Lindners Aussage ist nicht nur irref\u00fchrend, sondern in dieser Pauschalit\u00e4t schlicht falsch.<\/p>\n<p>Rechnen wir einmal: Paare bekommen aktuell zusammen 902 Euro B\u00fcrgergeld pro Monat. F\u00fcr ein Kind zwischen sieben und 14 Jahren gibt es 345 Euro dazu, das Kindergeld wird davon abgezogen. Das macht, so die Kids in diesem Alter w\u00e4ren, genau 1.937 Euro Regelsatz pro Monat. Hinzu kommt noch die Miete. Sagen wir, die fiktive Familie wohnt in Leipzig. Dort bek\u00e4me sie laut Richtlinie bei f\u00fcnf Personen im Haushalt maximal 871,44 Euro f\u00fcr die gesamten Kosten der Unterkunft erstattet.<\/p>\n<p>Lindners fiktive f\u00fcnfk\u00f6pfige Familie \u2013 die zu versorgen in Lindners Augen offensichtlich keine Arbeit ist \u2013 bek\u00e4me in der Sachsen-Metropole somit allerh\u00f6chstens genau 2.808,44 Euro pro Monat, also gut 33.700 Euro im Jahr. In M\u00fcnchen mit viel h\u00f6heren Mieten w\u00e4re das nat\u00fcrlich etwas mehr, in einem mecklenburgischen Dorf jedoch noch weniger.<\/p>\n<p>Lindners Demagogie steckt nicht nur darin, dass er mit \u00fcberh\u00f6hten Zahlen operiert. Er sagt auch nichts dazu, dass seine Angabe jeden kleinsten Cent, den diese Familie f\u00fcr was auch immer beantragen k\u00f6nnte, bereits enth\u00e4lt. So sorgt er mit f\u00fcr das Florieren bestimmter Ammenm\u00e4rchen wie diesem: Und dann bekommen die ja noch Miete, Strom und sonstwas oben drauf geworfen. Nein, bekommen sie eben nicht.<\/p>\n<p>Noch eine andere B\u00f6sartigkeit k\u00f6nnte man bei Lindner vermuten: Er nimmt ausgerechnet das Beispiel einer f\u00fcnfk\u00f6pfigen Familie, was die Zahlen insgesamt nat\u00fcrlich sehr hoch erscheinen l\u00e4sst. Pro Person sind das n\u00e4mlich gerade einmal knapp 562 Euro im Monat und 6.744 Euro im Jahr \u2013 f\u00fcr alles. In Deutschland muss man damit schon sehr sparsam wirtschaften, um irgendwie \u00fcber die Runden zu kommen. Wie viel bekommt doch gleich der Finanzminister pro Monat und Jahr vom deuschen Steuerzahler spendiert?<\/p>\n<p>Das l\u00e4sst sich leicht errechnen: Als Abgeordneter erh\u00e4lt er derzeit eine Di\u00e4t von 10.591,70 Euro. Dazu kommt eine steuerfreie Aufwandsentsch\u00e4digung von 4.725,48 Euro. Dazu bekommt er noch etwa 20.000 Euro Gehalt als Finanzminister \u2013 das sind pro Monat schon mal mindestens 35.317 Euro, pro Jahr fast 424.000 Euro. Ohne die zus\u00e4tzliche Verg\u00fctung f\u00fcr seine zahlreichen Vortr\u00e4ge sind das schon 63-mal so viel wie jede Person aus Lindners fiktiver B\u00fcrgergeld-Familie.<\/p>\n<p><strong><\/strong><\/p>\n<p><strong>Freie Bahn f\u00fcr Lohndr\u00fccker<\/strong><\/p>\n<p>Nat\u00fcrlich, in einem Punkt hat Lindner Recht: Kein Baggerfahrer, kein Paketzusteller, keine Pflegekraft bekommt in Deutschland so viel Gehalt, wie einer f\u00fcnfk\u00f6pfigen Familie mit dem B\u00fcrgergeld zust\u00fcnde, einmal abgesehen davon, dass Arbeitende noch Kindergeld dazu bek\u00e4men. Die Zeiten, in der ein gew\u00f6hnlicher Arbeiter eine ganze Familie ern\u00e4hren konnte, sind vom neoliberalen Hauen und Stechen l\u00e4ngst verdr\u00e4ngt. An dem Problem sind aber nicht die Erwerbslosen Schuld, sondern zu niedrige L\u00f6hne. Diese haben, wie das Statistische Bundesamt im Mai <a rel=\"nofollow noopener\" target=\"_blank\" href=\"https:\/\/www.destatis.de\/DE\/Themen\/Arbeit\/Verdienste\/Realloehne-Nettoverdienste\/_inhalt.html\">meldete<\/a>, dank der hohen Inflation 2022 erneut massiv an Kaufkraft verloren.<\/p>\n<p>Allerdings ist die ebenso kaufkraftverlustige Grundsicherung sehr wohl mit f\u00fcr die negative Lohnentwicklung seit Jahren verantwortlich. Die Gewerkschaften zur Zeit des Wiederaufbau-Wirtschaftswunders in den 1960ern und 1970ern wussten das auch noch: Sie k\u00e4mpften damals nicht nur f\u00fcr h\u00f6here L\u00f6hne, sondern auch f\u00fcr mehr Geld f\u00fcr Arbeitslose.<\/p>\n<p>Denn je repressiver und niedriger die Sozialleistungen sind, die der Staat im Fall des Jobverlustes gew\u00e4hrt, desto schlechter sind die Verhandlungspositionen von Besch\u00e4ftigten gegen\u00fcber ihren Chefs. Wer muckt noch auf gegen miese Arbeitsbedingungen und Dumpingl\u00f6hne, wenn ihn nur ein Jahr vom totalen Absturz trennt? Freie Bahn also f\u00fcr Lohndr\u00fccker.<\/p>\n<p><strong><\/strong><\/p>\n<p><strong>Neoliberale Propaganda \u00fcber Parteigrenzen hinweg<\/strong><\/p>\n<p>Nun verwundert diese Art der Propaganda bei einem neoliberalen Politiker wie Lindner nicht wirklich. Die Anbeter des &#8220;freien Marktes&#8221; sind sich \u00fcber alle Parteigrenzen hinweg in einem einig: Knechte sollen sich gef\u00e4lligst zu jedem Preis verdingen, und sind sie nicht willig, braucht es Gewalt. Im Jahr 2009 <a rel=\"nofollow noopener\" target=\"_blank\" href=\"https:\/\/www.morgenpost.de\/politik\/article103786941\/Friedrich-Merz-haelt-132-Euro-Hartz-IV-fuer-genug.html\">pl\u00e4dierte<\/a> etwa der heutige CDU-Chef Friedrich Merz f\u00fcr eine Absenkung des Hartz-IV-Satzes auf 132 Euro im Monat. Die AfD wiederum\u00a0<a rel=\"nofollow noopener\" target=\"_blank\" href=\"https:\/\/www.derwesten.de\/politik\/afd-buergergeld-arbeitslose-buergerarbeit-hartz4-g-id300115305.html\">will<\/a> Erwerbslose zur Pflichtarbeit treiben und mit noch h\u00e4rteren Sanktionen bei Ungehorsam bestrafen.<\/p>\n<p>Das sind nur zwei Beispiele von vielen, \u00e4hnliche Vorschl\u00e4ge kamen auch schon aus der SPD und von den Gr\u00fcnen. Man erinnere sich daran: Diese beiden Parteien hatten 2003 in der Regierung die Agenda 2010 inklusive Hartz IV und anderen Sozialk\u00fcrzungen beschlossen und umgesetzt \u2013 zur gro\u00dfen Freude seinerzeit von CDU und FDP. Gerhard Schr\u00f6ders &#8220;H\u00e4ngemattentheorie&#8221; und Franz M\u00fcnteferings &#8220;Ohne Arbeit kein Essen&#8221;-Philosophie klingelt bis heute politisch nach.<\/p>\n<p><strong><\/strong><\/p>\n<p><strong>Kompetenz-Simulationskompetenz<\/strong><\/p>\n<p>Das kann man freilich alles tun, wenn man denn f\u00fcr wachsende Slums an den Stadtr\u00e4ndern, eine rasante Zunahme von Bettlern und Flaschensammlern, eine Explosion der Kriminalit\u00e4tsrate und Arbeitsbedingungen wie im Niger oder Kongo ist.<\/p>\n<p>Lindner k\u00f6nnte so ein Absturz dann wohl nicht mehr treffen, denn er hat mit seiner politischen Karriere l\u00e4ngst finanziell ausgesorgt: Zum Beispiel mit dem Predigen \u00f6konomischer Ammenm\u00e4rchen, viel antisozialer Hetze und Demagogie und merkw\u00fcrdig wenig Ahnung von gesellschafts-, finanz- und sozialpolitischen Fragen angesichts seiner exorbitanten Alimentationen vom Steuerzahler. Aufgebl\u00e4hte Selbstdarstellung ist, so scheint es, in Deutschland das beste Karriere-Sprungbrett.<\/p>\n<p>Oder um es mit den Worten eines befreundeten jungen Journalisten zu sagen: F\u00fcr einen lukrativen Posten im deutschen Politik- und Staatsapparat muss man heute nicht viel Ahnung haben, aber eines unbedingt besitzen: Die Kompetenz, Kompetenz zu simulieren. Kompetenz-Simulationskompetenz also. Ein Schelm, wer dabei an Lindner und einige andere Vertreter der ministerialen F\u00fchrungsriege denkt?<\/p>\n<p><strong>Mehr zum Thema<\/strong> &#8211; <a rel=\"nofollow noopener\" target=\"_blank\" href=\"https:\/\/freedert.online\/kurzclips\/video\/176682-steigende-lebensmittelpreise-viele-deutsche-verzichten\/\">Steigende Lebensmittelpreise: Viele Deutsche verzichten zunehmend auf warme Mahlzeiten <\/a><\/p>\n<\/p>\n<\/div>\n<p><br \/>\n<br \/><a href=\"https:\/\/de.rt.com\/meinung\/178599-luegen-blenden-hetzen-lindners-neoliberale\/\">Source link <\/a><\/p>\n","protected":false},"excerpt":{"rendered":"<p>Bundesfinanzminister Christian Lindner hielt mal wieder eine M\u00e4rchenstunde ab. Zum Tag der offenen T\u00fcr in seinem Ressort begl\u00fcckte er sein Publikum am Sonntag nicht nur mit klassischem Armenbashing, sondern tischte ihm auch falsche Zahlenspielereien auf. Von Susan Bonath Drei Dinge beherrscht Bundesfinanzminister Christian Lindner (FDP) wirklich gut: Agitation mit neoliberalen Propaganda-M\u00e4rchen und demagogischer Hetze gegen [&hellip;]<\/p>\n","protected":false},"author":3,"featured_media":44941,"comment_status":"open","ping_status":"open","sticky":false,"template":"","format":"standard","meta":{"_yoast_indexnow_last_ping":["1692779876"],"wp_automatic_camp":["217"],"cf394b281e8bc393381b36bbd75282d4":["L\u00fcgen, blenden, hetzen: Lindners neoliberale M\u00e4rchenstunde \u00fcber soziale Ungleichheit"],"original_link":["https:\/\/de.rt.com\/meinung\/178599-luegen-blenden-hetzen-lindners-neoliberale\/"],"_thumbnail_id":["44941"],"jnews_social_counter_last_update":["1777401085"],"_wptgpro_p2tg_sent2tg":["a:1:{i:23737;s:19:\"2023-08-23 10:39:07\";}"]},"categories":[19,23],"tags":[48048,41291,27398,8897,41841,25788,21748,139,36355],"yoast_head":"<!-- This site is optimized with the Yoast SEO Premium plugin v22.7 (Yoast SEO v22.7) - https:\/\/yoast.com\/wordpress\/plugins\/seo\/ -->\n<title>L\u00fcgen, blenden, hetzen: Lindners neoliberale M\u00e4rchenstunde \u00fcber soziale Ungleichheit - just-now.NEWS Deutschland<\/title>\n<meta name=\"robots\" content=\"index, follow, max-snippet:-1, max-image-preview:large, max-video-preview:-1\" \/>\n<link rel=\"canonical\" href=\"https:\/\/now-news.de\/de\/deutschland\/luegen-blenden-hetzen-lindners-neoliberale-maerchenstunde-ueber-soziale-ungleichheit\/\" \/>\n<meta property=\"og:locale\" content=\"de_DE\" \/>\n<meta property=\"og:type\" content=\"article\" \/>\n<meta property=\"og:title\" content=\"L\u00fcgen, blenden, hetzen: Lindners neoliberale M\u00e4rchenstunde \u00fcber soziale Ungleichheit\" \/>\n<meta property=\"og:description\" content=\"Bundesfinanzminister Christian Lindner hielt mal wieder eine M\u00e4rchenstunde ab. Zum Tag der offenen T\u00fcr in seinem Ressort begl\u00fcckte er sein Publikum am Sonntag nicht nur mit klassischem Armenbashing, sondern tischte ihm auch falsche Zahlenspielereien auf. Von Susan Bonath Drei Dinge beherrscht Bundesfinanzminister Christian Lindner (FDP) wirklich gut: Agitation mit neoliberalen Propaganda-M\u00e4rchen und demagogischer Hetze gegen [&hellip;]\" \/>\n<meta property=\"og:url\" content=\"https:\/\/now-news.de\/de\/deutschland\/luegen-blenden-hetzen-lindners-neoliberale-maerchenstunde-ueber-soziale-ungleichheit\/\" \/>\n<meta property=\"og:site_name\" content=\"just-now.NEWS Deutschland\" \/>\n<meta property=\"article:publisher\" content=\"https:\/\/www.facebook.com\/wirmachenauf\" \/>\n<meta property=\"article:published_time\" content=\"2023-08-23T08:31:04+00:00\" \/>\n<meta property=\"og:image\" content=\"https:\/\/now-news.de\/de\/wp-content\/uploads\/sites\/3\/2023\/08\/Luegen-blenden-hetzen-Lindners-neoliberale-Maerchenstunde-ueber-soziale-Ungleichheit.jpg\" \/>\n\t<meta property=\"og:image:width\" content=\"460\" \/>\n\t<meta property=\"og:image:height\" content=\"259\" \/>\n\t<meta property=\"og:image:type\" content=\"image\/jpeg\" \/>\n<meta name=\"author\" content=\"rtnews\" \/>\n<meta name=\"twitter:card\" content=\"summary_large_image\" \/>\n<meta name=\"twitter:creator\" content=\"@WirMachenAuf_de\" \/>\n<meta name=\"twitter:site\" content=\"@WirMachenAuf_de\" \/>\n<meta name=\"twitter:label1\" content=\"Verfasst von\" \/>\n\t<meta name=\"twitter:data1\" content=\"rtnews\" \/>\n\t<meta name=\"twitter:label2\" content=\"Gesch\u00e4tzte Lesezeit\" \/>\n\t<meta name=\"twitter:data2\" content=\"9\u00a0Minuten\" \/>\n<script type=\"application\/ld+json\" class=\"yoast-schema-graph\">{\"@context\":\"https:\/\/schema.org\",\"@graph\":[{\"@type\":\"Article\",\"@id\":\"https:\/\/now-news.de\/de\/deutschland\/luegen-blenden-hetzen-lindners-neoliberale-maerchenstunde-ueber-soziale-ungleichheit\/#article\",\"isPartOf\":{\"@id\":\"https:\/\/now-news.de\/de\/deutschland\/luegen-blenden-hetzen-lindners-neoliberale-maerchenstunde-ueber-soziale-ungleichheit\/\"},\"author\":{\"name\":\"rtnews\",\"@id\":\"https:\/\/now-news.de\/de\/#\/schema\/person\/fb534a4e865501d8b3285208df34a9b5\"},\"headline\":\"L\u00fcgen, blenden, hetzen: Lindners neoliberale M\u00e4rchenstunde \u00fcber soziale Ungleichheit\",\"datePublished\":\"2023-08-23T08:31:04+00:00\",\"dateModified\":\"2023-08-23T08:31:04+00:00\",\"mainEntityOfPage\":{\"@id\":\"https:\/\/now-news.de\/de\/deutschland\/luegen-blenden-hetzen-lindners-neoliberale-maerchenstunde-ueber-soziale-ungleichheit\/\"},\"wordCount\":1833,\"commentCount\":0,\"publisher\":{\"@id\":\"https:\/\/now-news.de\/de\/#organization\"},\"image\":{\"@id\":\"https:\/\/now-news.de\/de\/deutschland\/luegen-blenden-hetzen-lindners-neoliberale-maerchenstunde-ueber-soziale-ungleichheit\/#primaryimage\"},\"thumbnailUrl\":\"https:\/\/now-news.de\/de\/wp-content\/uploads\/sites\/3\/2023\/08\/Luegen-blenden-hetzen-Lindners-neoliberale-Maerchenstunde-ueber-soziale-Ungleichheit.jpg\",\"keywords\":[\"blenden\",\"Hetzen\",\"Lindners\",\"l\u00fcgen\",\"M\u00e4rchenstunde\",\"neoliberale\",\"soziale\",\"\u00fcber\",\"Ungleichheit\"],\"articleSection\":[\"Deutschland\",\"Russland\"],\"inLanguage\":\"de\",\"potentialAction\":[{\"@type\":\"CommentAction\",\"name\":\"Comment\",\"target\":[\"https:\/\/now-news.de\/de\/deutschland\/luegen-blenden-hetzen-lindners-neoliberale-maerchenstunde-ueber-soziale-ungleichheit\/#respond\"]}]},{\"@type\":\"WebPage\",\"@id\":\"https:\/\/now-news.de\/de\/deutschland\/luegen-blenden-hetzen-lindners-neoliberale-maerchenstunde-ueber-soziale-ungleichheit\/\",\"url\":\"https:\/\/now-news.de\/de\/deutschland\/luegen-blenden-hetzen-lindners-neoliberale-maerchenstunde-ueber-soziale-ungleichheit\/\",\"name\":\"L\u00fcgen, blenden, hetzen: Lindners neoliberale M\u00e4rchenstunde \u00fcber soziale Ungleichheit - just-now.NEWS Deutschland\",\"isPartOf\":{\"@id\":\"https:\/\/now-news.de\/de\/#website\"},\"primaryImageOfPage\":{\"@id\":\"https:\/\/now-news.de\/de\/deutschland\/luegen-blenden-hetzen-lindners-neoliberale-maerchenstunde-ueber-soziale-ungleichheit\/#primaryimage\"},\"image\":{\"@id\":\"https:\/\/now-news.de\/de\/deutschland\/luegen-blenden-hetzen-lindners-neoliberale-maerchenstunde-ueber-soziale-ungleichheit\/#primaryimage\"},\"thumbnailUrl\":\"https:\/\/now-news.de\/de\/wp-content\/uploads\/sites\/3\/2023\/08\/Luegen-blenden-hetzen-Lindners-neoliberale-Maerchenstunde-ueber-soziale-Ungleichheit.jpg\",\"datePublished\":\"2023-08-23T08:31:04+00:00\",\"dateModified\":\"2023-08-23T08:31:04+00:00\",\"breadcrumb\":{\"@id\":\"https:\/\/now-news.de\/de\/deutschland\/luegen-blenden-hetzen-lindners-neoliberale-maerchenstunde-ueber-soziale-ungleichheit\/#breadcrumb\"},\"inLanguage\":\"de\",\"potentialAction\":[{\"@type\":\"ReadAction\",\"target\":[\"https:\/\/now-news.de\/de\/deutschland\/luegen-blenden-hetzen-lindners-neoliberale-maerchenstunde-ueber-soziale-ungleichheit\/\"]}]},{\"@type\":\"ImageObject\",\"inLanguage\":\"de\",\"@id\":\"https:\/\/now-news.de\/de\/deutschland\/luegen-blenden-hetzen-lindners-neoliberale-maerchenstunde-ueber-soziale-ungleichheit\/#primaryimage\",\"url\":\"https:\/\/now-news.de\/de\/wp-content\/uploads\/sites\/3\/2023\/08\/Luegen-blenden-hetzen-Lindners-neoliberale-Maerchenstunde-ueber-soziale-Ungleichheit.jpg\",\"contentUrl\":\"https:\/\/now-news.de\/de\/wp-content\/uploads\/sites\/3\/2023\/08\/Luegen-blenden-hetzen-Lindners-neoliberale-Maerchenstunde-ueber-soziale-Ungleichheit.jpg\",\"width\":460,\"height\":259,\"caption\":\"L\u00fcgen, blenden, hetzen: Lindners neoliberale M\u00e4rchenstunde \u00fcber soziale Ungleichheit\"},{\"@type\":\"BreadcrumbList\",\"@id\":\"https:\/\/now-news.de\/de\/deutschland\/luegen-blenden-hetzen-lindners-neoliberale-maerchenstunde-ueber-soziale-ungleichheit\/#breadcrumb\",\"itemListElement\":[{\"@type\":\"ListItem\",\"position\":1,\"name\":\"Home\",\"item\":\"https:\/\/now-news.de\/de\/\"},{\"@type\":\"ListItem\",\"position\":2,\"name\":\"L\u00fcgen, blenden, hetzen: Lindners neoliberale M\u00e4rchenstunde \u00fcber soziale Ungleichheit\"}]},{\"@type\":\"WebSite\",\"@id\":\"https:\/\/now-news.de\/de\/#website\",\"url\":\"https:\/\/now-news.de\/de\/\",\"name\":\"just-now.NEWS Deutschland\",\"description\":\"Das Portal f\u00fcr unzensierte Nachrichten aus der Welt\",\"publisher\":{\"@id\":\"https:\/\/now-news.de\/de\/#organization\"},\"potentialAction\":[{\"@type\":\"SearchAction\",\"target\":{\"@type\":\"EntryPoint\",\"urlTemplate\":\"https:\/\/now-news.de\/de\/?s={search_term_string}\"},\"query-input\":\"required name=search_term_string\"}],\"inLanguage\":\"de\"},{\"@type\":\"Organization\",\"@id\":\"https:\/\/now-news.de\/de\/#organization\",\"name\":\"Just Now News\",\"url\":\"https:\/\/now-news.de\/de\/\",\"logo\":{\"@type\":\"ImageObject\",\"inLanguage\":\"de\",\"@id\":\"https:\/\/now-news.de\/de\/#\/schema\/logo\/image\/\",\"url\":\"http:\/\/just-now.news\/de\/wp-content\/uploads\/sites\/3\/2022\/04\/logo500x500.jpg\",\"contentUrl\":\"http:\/\/just-now.news\/de\/wp-content\/uploads\/sites\/3\/2022\/04\/logo500x500.jpg\",\"width\":500,\"height\":500,\"caption\":\"Just Now News\"},\"image\":{\"@id\":\"https:\/\/now-news.de\/de\/#\/schema\/logo\/image\/\"},\"sameAs\":[\"https:\/\/www.facebook.com\/wirmachenauf\",\"https:\/\/x.com\/WirMachenAuf_de\"]},{\"@type\":\"Person\",\"@id\":\"https:\/\/now-news.de\/de\/#\/schema\/person\/fb534a4e865501d8b3285208df34a9b5\",\"name\":\"rtnews\",\"image\":{\"@type\":\"ImageObject\",\"inLanguage\":\"de\",\"@id\":\"https:\/\/now-news.de\/de\/#\/schema\/person\/image\/\",\"url\":\"https:\/\/secure.gravatar.com\/avatar\/82aafea7d8127119dd649515f56e2117?s=96&d=mm&r=g\",\"contentUrl\":\"https:\/\/secure.gravatar.com\/avatar\/82aafea7d8127119dd649515f56e2117?s=96&d=mm&r=g\",\"caption\":\"rtnews\"},\"url\":\"https:\/\/now-news.de\/de\/author\/rnews\/\"}]}<\/script>\n<!-- \/ Yoast SEO Premium plugin. -->","yoast_head_json":{"title":"L\u00fcgen, blenden, hetzen: Lindners neoliberale M\u00e4rchenstunde \u00fcber soziale Ungleichheit - just-now.NEWS Deutschland","robots":{"index":"index","follow":"follow","max-snippet":"max-snippet:-1","max-image-preview":"max-image-preview:large","max-video-preview":"max-video-preview:-1"},"canonical":"https:\/\/now-news.de\/de\/deutschland\/luegen-blenden-hetzen-lindners-neoliberale-maerchenstunde-ueber-soziale-ungleichheit\/","og_locale":"de_DE","og_type":"article","og_title":"L\u00fcgen, blenden, hetzen: Lindners neoliberale M\u00e4rchenstunde \u00fcber soziale Ungleichheit","og_description":"Bundesfinanzminister Christian Lindner hielt mal wieder eine M\u00e4rchenstunde ab. Zum Tag der offenen T\u00fcr in seinem Ressort begl\u00fcckte er sein Publikum am Sonntag nicht nur mit klassischem Armenbashing, sondern tischte ihm auch falsche Zahlenspielereien auf. Von Susan Bonath Drei Dinge beherrscht Bundesfinanzminister Christian Lindner (FDP) wirklich gut: Agitation mit neoliberalen Propaganda-M\u00e4rchen und demagogischer Hetze gegen [&hellip;]","og_url":"https:\/\/now-news.de\/de\/deutschland\/luegen-blenden-hetzen-lindners-neoliberale-maerchenstunde-ueber-soziale-ungleichheit\/","og_site_name":"just-now.NEWS Deutschland","article_publisher":"https:\/\/www.facebook.com\/wirmachenauf","article_published_time":"2023-08-23T08:31:04+00:00","og_image":[{"width":460,"height":259,"url":"https:\/\/now-news.de\/de\/wp-content\/uploads\/sites\/3\/2023\/08\/Luegen-blenden-hetzen-Lindners-neoliberale-Maerchenstunde-ueber-soziale-Ungleichheit.jpg","type":"image\/jpeg"}],"author":"rtnews","twitter_card":"summary_large_image","twitter_creator":"@WirMachenAuf_de","twitter_site":"@WirMachenAuf_de","twitter_misc":{"Verfasst von":"rtnews","Gesch\u00e4tzte Lesezeit":"9\u00a0Minuten"},"schema":{"@context":"https:\/\/schema.org","@graph":[{"@type":"Article","@id":"https:\/\/now-news.de\/de\/deutschland\/luegen-blenden-hetzen-lindners-neoliberale-maerchenstunde-ueber-soziale-ungleichheit\/#article","isPartOf":{"@id":"https:\/\/now-news.de\/de\/deutschland\/luegen-blenden-hetzen-lindners-neoliberale-maerchenstunde-ueber-soziale-ungleichheit\/"},"author":{"name":"rtnews","@id":"https:\/\/now-news.de\/de\/#\/schema\/person\/fb534a4e865501d8b3285208df34a9b5"},"headline":"L\u00fcgen, blenden, hetzen: Lindners neoliberale M\u00e4rchenstunde \u00fcber soziale Ungleichheit","datePublished":"2023-08-23T08:31:04+00:00","dateModified":"2023-08-23T08:31:04+00:00","mainEntityOfPage":{"@id":"https:\/\/now-news.de\/de\/deutschland\/luegen-blenden-hetzen-lindners-neoliberale-maerchenstunde-ueber-soziale-ungleichheit\/"},"wordCount":1833,"commentCount":0,"publisher":{"@id":"https:\/\/now-news.de\/de\/#organization"},"image":{"@id":"https:\/\/now-news.de\/de\/deutschland\/luegen-blenden-hetzen-lindners-neoliberale-maerchenstunde-ueber-soziale-ungleichheit\/#primaryimage"},"thumbnailUrl":"https:\/\/now-news.de\/de\/wp-content\/uploads\/sites\/3\/2023\/08\/Luegen-blenden-hetzen-Lindners-neoliberale-Maerchenstunde-ueber-soziale-Ungleichheit.jpg","keywords":["blenden","Hetzen","Lindners","l\u00fcgen","M\u00e4rchenstunde","neoliberale","soziale","\u00fcber","Ungleichheit"],"articleSection":["Deutschland","Russland"],"inLanguage":"de","potentialAction":[{"@type":"CommentAction","name":"Comment","target":["https:\/\/now-news.de\/de\/deutschland\/luegen-blenden-hetzen-lindners-neoliberale-maerchenstunde-ueber-soziale-ungleichheit\/#respond"]}]},{"@type":"WebPage","@id":"https:\/\/now-news.de\/de\/deutschland\/luegen-blenden-hetzen-lindners-neoliberale-maerchenstunde-ueber-soziale-ungleichheit\/","url":"https:\/\/now-news.de\/de\/deutschland\/luegen-blenden-hetzen-lindners-neoliberale-maerchenstunde-ueber-soziale-ungleichheit\/","name":"L\u00fcgen, blenden, hetzen: Lindners neoliberale M\u00e4rchenstunde \u00fcber soziale Ungleichheit - just-now.NEWS Deutschland","isPartOf":{"@id":"https:\/\/now-news.de\/de\/#website"},"primaryImageOfPage":{"@id":"https:\/\/now-news.de\/de\/deutschland\/luegen-blenden-hetzen-lindners-neoliberale-maerchenstunde-ueber-soziale-ungleichheit\/#primaryimage"},"image":{"@id":"https:\/\/now-news.de\/de\/deutschland\/luegen-blenden-hetzen-lindners-neoliberale-maerchenstunde-ueber-soziale-ungleichheit\/#primaryimage"},"thumbnailUrl":"https:\/\/now-news.de\/de\/wp-content\/uploads\/sites\/3\/2023\/08\/Luegen-blenden-hetzen-Lindners-neoliberale-Maerchenstunde-ueber-soziale-Ungleichheit.jpg","datePublished":"2023-08-23T08:31:04+00:00","dateModified":"2023-08-23T08:31:04+00:00","breadcrumb":{"@id":"https:\/\/now-news.de\/de\/deutschland\/luegen-blenden-hetzen-lindners-neoliberale-maerchenstunde-ueber-soziale-ungleichheit\/#breadcrumb"},"inLanguage":"de","potentialAction":[{"@type":"ReadAction","target":["https:\/\/now-news.de\/de\/deutschland\/luegen-blenden-hetzen-lindners-neoliberale-maerchenstunde-ueber-soziale-ungleichheit\/"]}]},{"@type":"ImageObject","inLanguage":"de","@id":"https:\/\/now-news.de\/de\/deutschland\/luegen-blenden-hetzen-lindners-neoliberale-maerchenstunde-ueber-soziale-ungleichheit\/#primaryimage","url":"https:\/\/now-news.de\/de\/wp-content\/uploads\/sites\/3\/2023\/08\/Luegen-blenden-hetzen-Lindners-neoliberale-Maerchenstunde-ueber-soziale-Ungleichheit.jpg","contentUrl":"https:\/\/now-news.de\/de\/wp-content\/uploads\/sites\/3\/2023\/08\/Luegen-blenden-hetzen-Lindners-neoliberale-Maerchenstunde-ueber-soziale-Ungleichheit.jpg","width":460,"height":259,"caption":"L\u00fcgen, blenden, hetzen: Lindners neoliberale M\u00e4rchenstunde \u00fcber soziale Ungleichheit"},{"@type":"BreadcrumbList","@id":"https:\/\/now-news.de\/de\/deutschland\/luegen-blenden-hetzen-lindners-neoliberale-maerchenstunde-ueber-soziale-ungleichheit\/#breadcrumb","itemListElement":[{"@type":"ListItem","position":1,"name":"Home","item":"https:\/\/now-news.de\/de\/"},{"@type":"ListItem","position":2,"name":"L\u00fcgen, blenden, hetzen: Lindners neoliberale M\u00e4rchenstunde \u00fcber soziale Ungleichheit"}]},{"@type":"WebSite","@id":"https:\/\/now-news.de\/de\/#website","url":"https:\/\/now-news.de\/de\/","name":"just-now.NEWS Deutschland","description":"Das Portal f\u00fcr unzensierte Nachrichten aus der Welt","publisher":{"@id":"https:\/\/now-news.de\/de\/#organization"},"potentialAction":[{"@type":"SearchAction","target":{"@type":"EntryPoint","urlTemplate":"https:\/\/now-news.de\/de\/?s={search_term_string}"},"query-input":"required name=search_term_string"}],"inLanguage":"de"},{"@type":"Organization","@id":"https:\/\/now-news.de\/de\/#organization","name":"Just Now News","url":"https:\/\/now-news.de\/de\/","logo":{"@type":"ImageObject","inLanguage":"de","@id":"https:\/\/now-news.de\/de\/#\/schema\/logo\/image\/","url":"http:\/\/just-now.news\/de\/wp-content\/uploads\/sites\/3\/2022\/04\/logo500x500.jpg","contentUrl":"http:\/\/just-now.news\/de\/wp-content\/uploads\/sites\/3\/2022\/04\/logo500x500.jpg","width":500,"height":500,"caption":"Just Now News"},"image":{"@id":"https:\/\/now-news.de\/de\/#\/schema\/logo\/image\/"},"sameAs":["https:\/\/www.facebook.com\/wirmachenauf","https:\/\/x.com\/WirMachenAuf_de"]},{"@type":"Person","@id":"https:\/\/now-news.de\/de\/#\/schema\/person\/fb534a4e865501d8b3285208df34a9b5","name":"rtnews","image":{"@type":"ImageObject","inLanguage":"de","@id":"https:\/\/now-news.de\/de\/#\/schema\/person\/image\/","url":"https:\/\/secure.gravatar.com\/avatar\/82aafea7d8127119dd649515f56e2117?s=96&d=mm&r=g","contentUrl":"https:\/\/secure.gravatar.com\/avatar\/82aafea7d8127119dd649515f56e2117?s=96&d=mm&r=g","caption":"rtnews"},"url":"https:\/\/now-news.de\/de\/author\/rnews\/"}]}},"_links":{"self":[{"href":"https:\/\/now-news.de\/de\/wp-json\/wp\/v2\/posts\/44940"}],"collection":[{"href":"https:\/\/now-news.de\/de\/wp-json\/wp\/v2\/posts"}],"about":[{"href":"https:\/\/now-news.de\/de\/wp-json\/wp\/v2\/types\/post"}],"author":[{"embeddable":true,"href":"https:\/\/now-news.de\/de\/wp-json\/wp\/v2\/users\/3"}],"replies":[{"embeddable":true,"href":"https:\/\/now-news.de\/de\/wp-json\/wp\/v2\/comments?post=44940"}],"version-history":[{"count":0,"href":"https:\/\/now-news.de\/de\/wp-json\/wp\/v2\/posts\/44940\/revisions"}],"wp:featuredmedia":[{"embeddable":true,"href":"https:\/\/now-news.de\/de\/wp-json\/wp\/v2\/media\/44941"}],"wp:attachment":[{"href":"https:\/\/now-news.de\/de\/wp-json\/wp\/v2\/media?parent=44940"}],"wp:term":[{"taxonomy":"category","embeddable":true,"href":"https:\/\/now-news.de\/de\/wp-json\/wp\/v2\/categories?post=44940"},{"taxonomy":"post_tag","embeddable":true,"href":"https:\/\/now-news.de\/de\/wp-json\/wp\/v2\/tags?post=44940"}],"curies":[{"name":"wp","href":"https:\/\/api.w.org\/{rel}","templated":true}]}}