{"id":44938,"date":"2023-08-23T10:17:59","date_gmt":"2023-08-23T08:17:59","guid":{"rendered":"https:\/\/just-now.news\/de\/deutschland\/weimarer-richter-zu-zwei-jahren-haft-auf-bewaehrung-verurteilt\/"},"modified":"2023-08-23T10:17:59","modified_gmt":"2023-08-23T08:17:59","slug":"weimarer-richter-zu-zwei-jahren-haft-auf-bewaehrung-verurteilt","status":"publish","type":"post","link":"https:\/\/now-news.de\/de\/deutschland\/weimarer-richter-zu-zwei-jahren-haft-auf-bewaehrung-verurteilt\/","title":{"rendered":"Weimarer Richter zu zwei Jahren Haft auf Bew\u00e4hrung verurteilt"},"content":{"rendered":"<p><img decoding=\"async\" src=\"http:\/\/just-now.news\/de\/wp-content\/uploads\/sites\/3\/2023\/08\/64e5bcf448fbef02357b967e.jpg\" \/><\/p>\n<div class=\"Text-root Text-type_1 \">\n                Vor zwei Jahren hatte ein Weimarer Familienrichter f\u00fcr Aufsehen gesorgt, als er per Gerichtsbeschluss die Maskenpflicht an zwei Schulen aufhob. Nun verurteilte das Landgericht in Erfurt den Richter wegen Rechtsbeugung zu einer Haftstrafe, die aber zur Bew\u00e4hrung ausgesetzt wurde.\n            <\/div>\n<p><\/p>\n<div class=\"Text-root Text-type_5 ArticleView-text ViewText-root \">\n<p>Das Erfurter Landgericht hat den Weimarer Familienrichter\u00a0Christian Dettmar wegen Rechtsbeugung zu zwei Jahren Haft verurteilt. Das Urteil wurde zur Bew\u00e4hrung ausgesetzt.\u00a0Der Richter hatte im April 2021 per Gerichtsbeschluss an zwei Weimarer Schulen die Maskenpflicht aufgehoben und den Schulen verboten, ihre Sch\u00fcler zur Masken-, Abstands- und Schnelltestpflicht zu zwingen.\u00a0Das Landgericht erkl\u00e4rte, Dettmar habe dieses Verfahren aktiv generiert.<\/p>\n<p>Das Th\u00fcringer Oberlandesgericht hatte die Entscheidung des Familienrichters sp\u00e4ter mit der Begr\u00fcndung aufgehoben, dass nicht das Familien-, sondern das Verwaltungsgericht zust\u00e4ndig sei.\u00a0Gegen den heute 60-j\u00e4hrigen Dettmar wurde ein Disziplinarverfahren beim Richterdienstgericht eingeleitet, das mit seiner vorl\u00e4ufigen Suspendierung endete.<\/p>\n<p>Im Verfahren vor dem Landgericht hatte die Staatsanwaltschaft am Freitag drei Jahre Haft f\u00fcr den Familienrichter gefordert.\u00a0Die Staatsanw\u00e4ltin warf ihm vor,\u00a0er habe mit seinem Beschluss &#8220;ein Zeichen gegen die staatlichen Corona-Regeln setzen wollen&#8221;. Daf\u00fcr habe er die Kinder &#8220;als Marionetten missbraucht&#8221; und sein Amt mit F\u00fc\u00dfen getreten. Nach \u00dcberzeugung der Staatsanw\u00e4ltin habe der Angeklagte gezielt nach Kindern gesucht.<\/p>\n<p>Er habe dann zwei Kinder gefunden, deren Eltern ihm das quasi vorget\u00e4uschte Kinderschutzverfahren erm\u00f6glichten. Der Staatsanw\u00e4ltin zufolge sei es ihm nur darum gegangen, gegen die Corona-Schutzma\u00dfnahmen vorzugehen. Die Kinder h\u00e4tten ihm als &#8220;Mittel zum Zweck&#8221; gedient. Im Gerichtssaal zitierte sie aus Mails und Chats, die ihre Auffassung best\u00e4tigen sollten.\u00a0<\/p>\n<p>Dettmar selbst erkl\u00e4rte im Prozess, es sei ihm bei seiner Entscheidung ausschlie\u00dflich um das Wohl der Kinder gegangen.\u00a0Er w\u00fcrde jederzeit wieder so handeln. Auch nach Auffassung des Verteidigers, der auf Freispruch pl\u00e4dierte, ging es dem Angeklagten nur um das Kindeswohl.<\/p>\n<p><strong>Mehr zum Thema<\/strong> &#8211; <a rel=\"nofollow noopener\" target=\"_blank\" href=\"https:\/\/freedert.online\/meinung\/177630-wie-die-deutsche-justiz--zum-repressionsapparat-verkommen-konnte\/\">\u00a7 140 StGB oder: Wie die deutsche Justiz zum Repressionsapparat verkommen konnte<\/a><\/p>\n<\/p>\n<\/div>\n<p><br \/>\n<br \/><a href=\"https:\/\/de.rt.com\/inland\/178623-weimarer-richter-zu-zwei-jahren\/\">Source link <\/a><\/p>\n","protected":false},"excerpt":{"rendered":"<p>Vor zwei Jahren hatte ein Weimarer Familienrichter f\u00fcr Aufsehen gesorgt, als er per Gerichtsbeschluss die Maskenpflicht an zwei Schulen aufhob. Nun verurteilte das Landgericht in Erfurt den Richter wegen Rechtsbeugung zu einer Haftstrafe, die aber zur Bew\u00e4hrung ausgesetzt wurde. Das Erfurter Landgericht hat den Weimarer Familienrichter\u00a0Christian Dettmar wegen Rechtsbeugung zu zwei Jahren Haft verurteilt. Das [&hellip;]<\/p>\n","protected":false},"author":3,"featured_media":44939,"comment_status":"open","ping_status":"open","sticky":false,"template":"","format":"standard","meta":{"_yoast_indexnow_last_ping":["1692778919"],"wp_automatic_camp":["217"],"08331419e7f0478a311cdded51ffc00a":["Weimarer Richter zu zwei Jahren Haft auf Bew\u00e4hrung verurteilt"],"original_link":["https:\/\/de.rt.com\/inland\/178623-weimarer-richter-zu-zwei-jahren\/"],"_thumbnail_id":["44939"],"_wptgpro_p2tg_sent2tg":["a:1:{i:23737;s:19:\"2023-08-23 10:25:28\";}"],"jnews_social_counter_last_update":["1777279302"]},"categories":[19,23],"tags":[133,24595,19011,1728,3949,2006,39694,1003],"yoast_head":"<!-- This site is optimized with the Yoast SEO Premium plugin v22.7 (Yoast SEO v22.7) - https:\/\/yoast.com\/wordpress\/plugins\/seo\/ -->\n<title>Weimarer Richter zu zwei Jahren Haft auf Bew\u00e4hrung verurteilt - just-now.NEWS Deutschland<\/title>\n<meta name=\"robots\" content=\"index, follow, max-snippet:-1, max-image-preview:large, max-video-preview:-1\" \/>\n<link rel=\"canonical\" href=\"https:\/\/now-news.de\/de\/deutschland\/weimarer-richter-zu-zwei-jahren-haft-auf-bewaehrung-verurteilt\/\" \/>\n<meta property=\"og:locale\" content=\"de_DE\" \/>\n<meta property=\"og:type\" content=\"article\" \/>\n<meta property=\"og:title\" content=\"Weimarer Richter zu zwei Jahren Haft auf Bew\u00e4hrung verurteilt\" \/>\n<meta property=\"og:description\" content=\"Vor zwei Jahren hatte ein Weimarer Familienrichter f\u00fcr Aufsehen gesorgt, als er per Gerichtsbeschluss die Maskenpflicht an zwei Schulen aufhob. Nun verurteilte das Landgericht in Erfurt den Richter wegen Rechtsbeugung zu einer Haftstrafe, die aber zur Bew\u00e4hrung ausgesetzt wurde. Das Erfurter Landgericht hat den Weimarer Familienrichter\u00a0Christian Dettmar wegen Rechtsbeugung zu zwei Jahren Haft verurteilt. Das [&hellip;]\" \/>\n<meta property=\"og:url\" content=\"https:\/\/now-news.de\/de\/deutschland\/weimarer-richter-zu-zwei-jahren-haft-auf-bewaehrung-verurteilt\/\" \/>\n<meta property=\"og:site_name\" content=\"just-now.NEWS Deutschland\" \/>\n<meta property=\"article:publisher\" content=\"https:\/\/www.facebook.com\/wirmachenauf\" \/>\n<meta property=\"article:published_time\" content=\"2023-08-23T08:17:59+00:00\" \/>\n<meta property=\"og:image\" content=\"https:\/\/now-news.de\/de\/wp-content\/uploads\/sites\/3\/2023\/08\/Weimarer-Richter-zu-zwei-Jahren-Haft-auf-Bewaehrung-verurteilt.jpg\" \/>\n\t<meta property=\"og:image:width\" content=\"460\" \/>\n\t<meta property=\"og:image:height\" content=\"259\" \/>\n\t<meta property=\"og:image:type\" content=\"image\/jpeg\" \/>\n<meta name=\"author\" content=\"rtnews\" \/>\n<meta name=\"twitter:card\" content=\"summary_large_image\" \/>\n<meta name=\"twitter:creator\" content=\"@WirMachenAuf_de\" \/>\n<meta name=\"twitter:site\" content=\"@WirMachenAuf_de\" \/>\n<meta name=\"twitter:label1\" content=\"Verfasst von\" \/>\n\t<meta name=\"twitter:data1\" content=\"rtnews\" \/>\n\t<meta name=\"twitter:label2\" content=\"Gesch\u00e4tzte Lesezeit\" \/>\n\t<meta name=\"twitter:data2\" content=\"2\u00a0Minuten\" \/>\n<script type=\"application\/ld+json\" class=\"yoast-schema-graph\">{\"@context\":\"https:\/\/schema.org\",\"@graph\":[{\"@type\":\"Article\",\"@id\":\"https:\/\/now-news.de\/de\/deutschland\/weimarer-richter-zu-zwei-jahren-haft-auf-bewaehrung-verurteilt\/#article\",\"isPartOf\":{\"@id\":\"https:\/\/now-news.de\/de\/deutschland\/weimarer-richter-zu-zwei-jahren-haft-auf-bewaehrung-verurteilt\/\"},\"author\":{\"name\":\"rtnews\",\"@id\":\"https:\/\/now-news.de\/de\/#\/schema\/person\/fb534a4e865501d8b3285208df34a9b5\"},\"headline\":\"Weimarer Richter zu zwei Jahren Haft auf Bew\u00e4hrung verurteilt\",\"datePublished\":\"2023-08-23T08:17:59+00:00\",\"dateModified\":\"2023-08-23T08:17:59+00:00\",\"mainEntityOfPage\":{\"@id\":\"https:\/\/now-news.de\/de\/deutschland\/weimarer-richter-zu-zwei-jahren-haft-auf-bewaehrung-verurteilt\/\"},\"wordCount\":339,\"commentCount\":0,\"publisher\":{\"@id\":\"https:\/\/now-news.de\/de\/#organization\"},\"image\":{\"@id\":\"https:\/\/now-news.de\/de\/deutschland\/weimarer-richter-zu-zwei-jahren-haft-auf-bewaehrung-verurteilt\/#primaryimage\"},\"thumbnailUrl\":\"https:\/\/now-news.de\/de\/wp-content\/uploads\/sites\/3\/2023\/08\/Weimarer-Richter-zu-zwei-Jahren-Haft-auf-Bewaehrung-verurteilt.jpg\",\"keywords\":[\"AUF\",\"Bew\u00e4hrung\",\"Haft\",\"Jahren\",\"Richter\",\"verurteilt\",\"Weimarer\",\"zwei\"],\"articleSection\":[\"Deutschland\",\"Russland\"],\"inLanguage\":\"de\",\"potentialAction\":[{\"@type\":\"CommentAction\",\"name\":\"Comment\",\"target\":[\"https:\/\/now-news.de\/de\/deutschland\/weimarer-richter-zu-zwei-jahren-haft-auf-bewaehrung-verurteilt\/#respond\"]}]},{\"@type\":\"WebPage\",\"@id\":\"https:\/\/now-news.de\/de\/deutschland\/weimarer-richter-zu-zwei-jahren-haft-auf-bewaehrung-verurteilt\/\",\"url\":\"https:\/\/now-news.de\/de\/deutschland\/weimarer-richter-zu-zwei-jahren-haft-auf-bewaehrung-verurteilt\/\",\"name\":\"Weimarer Richter zu zwei Jahren Haft auf Bew\u00e4hrung verurteilt - just-now.NEWS Deutschland\",\"isPartOf\":{\"@id\":\"https:\/\/now-news.de\/de\/#website\"},\"primaryImageOfPage\":{\"@id\":\"https:\/\/now-news.de\/de\/deutschland\/weimarer-richter-zu-zwei-jahren-haft-auf-bewaehrung-verurteilt\/#primaryimage\"},\"image\":{\"@id\":\"https:\/\/now-news.de\/de\/deutschland\/weimarer-richter-zu-zwei-jahren-haft-auf-bewaehrung-verurteilt\/#primaryimage\"},\"thumbnailUrl\":\"https:\/\/now-news.de\/de\/wp-content\/uploads\/sites\/3\/2023\/08\/Weimarer-Richter-zu-zwei-Jahren-Haft-auf-Bewaehrung-verurteilt.jpg\",\"datePublished\":\"2023-08-23T08:17:59+00:00\",\"dateModified\":\"2023-08-23T08:17:59+00:00\",\"breadcrumb\":{\"@id\":\"https:\/\/now-news.de\/de\/deutschland\/weimarer-richter-zu-zwei-jahren-haft-auf-bewaehrung-verurteilt\/#breadcrumb\"},\"inLanguage\":\"de\",\"potentialAction\":[{\"@type\":\"ReadAction\",\"target\":[\"https:\/\/now-news.de\/de\/deutschland\/weimarer-richter-zu-zwei-jahren-haft-auf-bewaehrung-verurteilt\/\"]}]},{\"@type\":\"ImageObject\",\"inLanguage\":\"de\",\"@id\":\"https:\/\/now-news.de\/de\/deutschland\/weimarer-richter-zu-zwei-jahren-haft-auf-bewaehrung-verurteilt\/#primaryimage\",\"url\":\"https:\/\/now-news.de\/de\/wp-content\/uploads\/sites\/3\/2023\/08\/Weimarer-Richter-zu-zwei-Jahren-Haft-auf-Bewaehrung-verurteilt.jpg\",\"contentUrl\":\"https:\/\/now-news.de\/de\/wp-content\/uploads\/sites\/3\/2023\/08\/Weimarer-Richter-zu-zwei-Jahren-Haft-auf-Bewaehrung-verurteilt.jpg\",\"width\":460,\"height\":259,\"caption\":\"Weimarer Richter zu zwei Jahren Haft auf Bew\u00e4hrung verurteilt\"},{\"@type\":\"BreadcrumbList\",\"@id\":\"https:\/\/now-news.de\/de\/deutschland\/weimarer-richter-zu-zwei-jahren-haft-auf-bewaehrung-verurteilt\/#breadcrumb\",\"itemListElement\":[{\"@type\":\"ListItem\",\"position\":1,\"name\":\"Home\",\"item\":\"https:\/\/now-news.de\/de\/\"},{\"@type\":\"ListItem\",\"position\":2,\"name\":\"Weimarer Richter zu zwei Jahren Haft auf Bew\u00e4hrung verurteilt\"}]},{\"@type\":\"WebSite\",\"@id\":\"https:\/\/now-news.de\/de\/#website\",\"url\":\"https:\/\/now-news.de\/de\/\",\"name\":\"just-now.NEWS Deutschland\",\"description\":\"Das Portal f\u00fcr unzensierte Nachrichten aus der Welt\",\"publisher\":{\"@id\":\"https:\/\/now-news.de\/de\/#organization\"},\"potentialAction\":[{\"@type\":\"SearchAction\",\"target\":{\"@type\":\"EntryPoint\",\"urlTemplate\":\"https:\/\/now-news.de\/de\/?s={search_term_string}\"},\"query-input\":\"required name=search_term_string\"}],\"inLanguage\":\"de\"},{\"@type\":\"Organization\",\"@id\":\"https:\/\/now-news.de\/de\/#organization\",\"name\":\"Just Now News\",\"url\":\"https:\/\/now-news.de\/de\/\",\"logo\":{\"@type\":\"ImageObject\",\"inLanguage\":\"de\",\"@id\":\"https:\/\/now-news.de\/de\/#\/schema\/logo\/image\/\",\"url\":\"http:\/\/just-now.news\/de\/wp-content\/uploads\/sites\/3\/2022\/04\/logo500x500.jpg\",\"contentUrl\":\"http:\/\/just-now.news\/de\/wp-content\/uploads\/sites\/3\/2022\/04\/logo500x500.jpg\",\"width\":500,\"height\":500,\"caption\":\"Just Now News\"},\"image\":{\"@id\":\"https:\/\/now-news.de\/de\/#\/schema\/logo\/image\/\"},\"sameAs\":[\"https:\/\/www.facebook.com\/wirmachenauf\",\"https:\/\/x.com\/WirMachenAuf_de\"]},{\"@type\":\"Person\",\"@id\":\"https:\/\/now-news.de\/de\/#\/schema\/person\/fb534a4e865501d8b3285208df34a9b5\",\"name\":\"rtnews\",\"image\":{\"@type\":\"ImageObject\",\"inLanguage\":\"de\",\"@id\":\"https:\/\/now-news.de\/de\/#\/schema\/person\/image\/\",\"url\":\"https:\/\/secure.gravatar.com\/avatar\/82aafea7d8127119dd649515f56e2117?s=96&d=mm&r=g\",\"contentUrl\":\"https:\/\/secure.gravatar.com\/avatar\/82aafea7d8127119dd649515f56e2117?s=96&d=mm&r=g\",\"caption\":\"rtnews\"},\"url\":\"https:\/\/now-news.de\/de\/author\/rnews\/\"}]}<\/script>\n<!-- \/ Yoast SEO Premium plugin. -->","yoast_head_json":{"title":"Weimarer Richter zu zwei Jahren Haft auf Bew\u00e4hrung verurteilt - just-now.NEWS Deutschland","robots":{"index":"index","follow":"follow","max-snippet":"max-snippet:-1","max-image-preview":"max-image-preview:large","max-video-preview":"max-video-preview:-1"},"canonical":"https:\/\/now-news.de\/de\/deutschland\/weimarer-richter-zu-zwei-jahren-haft-auf-bewaehrung-verurteilt\/","og_locale":"de_DE","og_type":"article","og_title":"Weimarer Richter zu zwei Jahren Haft auf Bew\u00e4hrung verurteilt","og_description":"Vor zwei Jahren hatte ein Weimarer Familienrichter f\u00fcr Aufsehen gesorgt, als er per Gerichtsbeschluss die Maskenpflicht an zwei Schulen aufhob. Nun verurteilte das Landgericht in Erfurt den Richter wegen Rechtsbeugung zu einer Haftstrafe, die aber zur Bew\u00e4hrung ausgesetzt wurde. Das Erfurter Landgericht hat den Weimarer Familienrichter\u00a0Christian Dettmar wegen Rechtsbeugung zu zwei Jahren Haft verurteilt. Das [&hellip;]","og_url":"https:\/\/now-news.de\/de\/deutschland\/weimarer-richter-zu-zwei-jahren-haft-auf-bewaehrung-verurteilt\/","og_site_name":"just-now.NEWS Deutschland","article_publisher":"https:\/\/www.facebook.com\/wirmachenauf","article_published_time":"2023-08-23T08:17:59+00:00","og_image":[{"width":460,"height":259,"url":"https:\/\/now-news.de\/de\/wp-content\/uploads\/sites\/3\/2023\/08\/Weimarer-Richter-zu-zwei-Jahren-Haft-auf-Bewaehrung-verurteilt.jpg","type":"image\/jpeg"}],"author":"rtnews","twitter_card":"summary_large_image","twitter_creator":"@WirMachenAuf_de","twitter_site":"@WirMachenAuf_de","twitter_misc":{"Verfasst von":"rtnews","Gesch\u00e4tzte Lesezeit":"2\u00a0Minuten"},"schema":{"@context":"https:\/\/schema.org","@graph":[{"@type":"Article","@id":"https:\/\/now-news.de\/de\/deutschland\/weimarer-richter-zu-zwei-jahren-haft-auf-bewaehrung-verurteilt\/#article","isPartOf":{"@id":"https:\/\/now-news.de\/de\/deutschland\/weimarer-richter-zu-zwei-jahren-haft-auf-bewaehrung-verurteilt\/"},"author":{"name":"rtnews","@id":"https:\/\/now-news.de\/de\/#\/schema\/person\/fb534a4e865501d8b3285208df34a9b5"},"headline":"Weimarer Richter zu zwei Jahren Haft auf Bew\u00e4hrung verurteilt","datePublished":"2023-08-23T08:17:59+00:00","dateModified":"2023-08-23T08:17:59+00:00","mainEntityOfPage":{"@id":"https:\/\/now-news.de\/de\/deutschland\/weimarer-richter-zu-zwei-jahren-haft-auf-bewaehrung-verurteilt\/"},"wordCount":339,"commentCount":0,"publisher":{"@id":"https:\/\/now-news.de\/de\/#organization"},"image":{"@id":"https:\/\/now-news.de\/de\/deutschland\/weimarer-richter-zu-zwei-jahren-haft-auf-bewaehrung-verurteilt\/#primaryimage"},"thumbnailUrl":"https:\/\/now-news.de\/de\/wp-content\/uploads\/sites\/3\/2023\/08\/Weimarer-Richter-zu-zwei-Jahren-Haft-auf-Bewaehrung-verurteilt.jpg","keywords":["AUF","Bew\u00e4hrung","Haft","Jahren","Richter","verurteilt","Weimarer","zwei"],"articleSection":["Deutschland","Russland"],"inLanguage":"de","potentialAction":[{"@type":"CommentAction","name":"Comment","target":["https:\/\/now-news.de\/de\/deutschland\/weimarer-richter-zu-zwei-jahren-haft-auf-bewaehrung-verurteilt\/#respond"]}]},{"@type":"WebPage","@id":"https:\/\/now-news.de\/de\/deutschland\/weimarer-richter-zu-zwei-jahren-haft-auf-bewaehrung-verurteilt\/","url":"https:\/\/now-news.de\/de\/deutschland\/weimarer-richter-zu-zwei-jahren-haft-auf-bewaehrung-verurteilt\/","name":"Weimarer Richter zu zwei Jahren Haft auf Bew\u00e4hrung verurteilt - just-now.NEWS Deutschland","isPartOf":{"@id":"https:\/\/now-news.de\/de\/#website"},"primaryImageOfPage":{"@id":"https:\/\/now-news.de\/de\/deutschland\/weimarer-richter-zu-zwei-jahren-haft-auf-bewaehrung-verurteilt\/#primaryimage"},"image":{"@id":"https:\/\/now-news.de\/de\/deutschland\/weimarer-richter-zu-zwei-jahren-haft-auf-bewaehrung-verurteilt\/#primaryimage"},"thumbnailUrl":"https:\/\/now-news.de\/de\/wp-content\/uploads\/sites\/3\/2023\/08\/Weimarer-Richter-zu-zwei-Jahren-Haft-auf-Bewaehrung-verurteilt.jpg","datePublished":"2023-08-23T08:17:59+00:00","dateModified":"2023-08-23T08:17:59+00:00","breadcrumb":{"@id":"https:\/\/now-news.de\/de\/deutschland\/weimarer-richter-zu-zwei-jahren-haft-auf-bewaehrung-verurteilt\/#breadcrumb"},"inLanguage":"de","potentialAction":[{"@type":"ReadAction","target":["https:\/\/now-news.de\/de\/deutschland\/weimarer-richter-zu-zwei-jahren-haft-auf-bewaehrung-verurteilt\/"]}]},{"@type":"ImageObject","inLanguage":"de","@id":"https:\/\/now-news.de\/de\/deutschland\/weimarer-richter-zu-zwei-jahren-haft-auf-bewaehrung-verurteilt\/#primaryimage","url":"https:\/\/now-news.de\/de\/wp-content\/uploads\/sites\/3\/2023\/08\/Weimarer-Richter-zu-zwei-Jahren-Haft-auf-Bewaehrung-verurteilt.jpg","contentUrl":"https:\/\/now-news.de\/de\/wp-content\/uploads\/sites\/3\/2023\/08\/Weimarer-Richter-zu-zwei-Jahren-Haft-auf-Bewaehrung-verurteilt.jpg","width":460,"height":259,"caption":"Weimarer Richter zu zwei Jahren Haft auf Bew\u00e4hrung verurteilt"},{"@type":"BreadcrumbList","@id":"https:\/\/now-news.de\/de\/deutschland\/weimarer-richter-zu-zwei-jahren-haft-auf-bewaehrung-verurteilt\/#breadcrumb","itemListElement":[{"@type":"ListItem","position":1,"name":"Home","item":"https:\/\/now-news.de\/de\/"},{"@type":"ListItem","position":2,"name":"Weimarer Richter zu zwei Jahren Haft auf Bew\u00e4hrung verurteilt"}]},{"@type":"WebSite","@id":"https:\/\/now-news.de\/de\/#website","url":"https:\/\/now-news.de\/de\/","name":"just-now.NEWS Deutschland","description":"Das Portal f\u00fcr unzensierte Nachrichten aus der Welt","publisher":{"@id":"https:\/\/now-news.de\/de\/#organization"},"potentialAction":[{"@type":"SearchAction","target":{"@type":"EntryPoint","urlTemplate":"https:\/\/now-news.de\/de\/?s={search_term_string}"},"query-input":"required name=search_term_string"}],"inLanguage":"de"},{"@type":"Organization","@id":"https:\/\/now-news.de\/de\/#organization","name":"Just Now News","url":"https:\/\/now-news.de\/de\/","logo":{"@type":"ImageObject","inLanguage":"de","@id":"https:\/\/now-news.de\/de\/#\/schema\/logo\/image\/","url":"http:\/\/just-now.news\/de\/wp-content\/uploads\/sites\/3\/2022\/04\/logo500x500.jpg","contentUrl":"http:\/\/just-now.news\/de\/wp-content\/uploads\/sites\/3\/2022\/04\/logo500x500.jpg","width":500,"height":500,"caption":"Just Now News"},"image":{"@id":"https:\/\/now-news.de\/de\/#\/schema\/logo\/image\/"},"sameAs":["https:\/\/www.facebook.com\/wirmachenauf","https:\/\/x.com\/WirMachenAuf_de"]},{"@type":"Person","@id":"https:\/\/now-news.de\/de\/#\/schema\/person\/fb534a4e865501d8b3285208df34a9b5","name":"rtnews","image":{"@type":"ImageObject","inLanguage":"de","@id":"https:\/\/now-news.de\/de\/#\/schema\/person\/image\/","url":"https:\/\/secure.gravatar.com\/avatar\/82aafea7d8127119dd649515f56e2117?s=96&d=mm&r=g","contentUrl":"https:\/\/secure.gravatar.com\/avatar\/82aafea7d8127119dd649515f56e2117?s=96&d=mm&r=g","caption":"rtnews"},"url":"https:\/\/now-news.de\/de\/author\/rnews\/"}]}},"_links":{"self":[{"href":"https:\/\/now-news.de\/de\/wp-json\/wp\/v2\/posts\/44938"}],"collection":[{"href":"https:\/\/now-news.de\/de\/wp-json\/wp\/v2\/posts"}],"about":[{"href":"https:\/\/now-news.de\/de\/wp-json\/wp\/v2\/types\/post"}],"author":[{"embeddable":true,"href":"https:\/\/now-news.de\/de\/wp-json\/wp\/v2\/users\/3"}],"replies":[{"embeddable":true,"href":"https:\/\/now-news.de\/de\/wp-json\/wp\/v2\/comments?post=44938"}],"version-history":[{"count":0,"href":"https:\/\/now-news.de\/de\/wp-json\/wp\/v2\/posts\/44938\/revisions"}],"wp:featuredmedia":[{"embeddable":true,"href":"https:\/\/now-news.de\/de\/wp-json\/wp\/v2\/media\/44939"}],"wp:attachment":[{"href":"https:\/\/now-news.de\/de\/wp-json\/wp\/v2\/media?parent=44938"}],"wp:term":[{"taxonomy":"category","embeddable":true,"href":"https:\/\/now-news.de\/de\/wp-json\/wp\/v2\/categories?post=44938"},{"taxonomy":"post_tag","embeddable":true,"href":"https:\/\/now-news.de\/de\/wp-json\/wp\/v2\/tags?post=44938"}],"curies":[{"name":"wp","href":"https:\/\/api.w.org\/{rel}","templated":true}]}}