{"id":44936,"date":"2023-08-23T09:13:05","date_gmt":"2023-08-23T07:13:05","guid":{"rendered":"https:\/\/just-now.news\/de\/deutschland\/frust-an-der-ostsee-ueber-wirtschaftsminister-cafe-habecks-auf-ruegen-hat-sich-umbenannt\/"},"modified":"2023-08-23T09:13:05","modified_gmt":"2023-08-23T07:13:05","slug":"frust-an-der-ostsee-ueber-wirtschaftsminister-cafe-habecks-auf-ruegen-hat-sich-umbenannt","status":"publish","type":"post","link":"https:\/\/now-news.de\/de\/deutschland\/frust-an-der-ostsee-ueber-wirtschaftsminister-cafe-habecks-auf-ruegen-hat-sich-umbenannt\/","title":{"rendered":"Frust an der Ostsee \u00fcber Wirtschaftsminister: Caf\u00e9 &quot;Habeck&#039;s&quot; auf R\u00fcgen hat sich umbenannt"},"content":{"rendered":"<p><img decoding=\"async\" src=\"http:\/\/just-now.news\/de\/wp-content\/uploads\/sites\/3\/2023\/08\/64e4e6bc48fbef0e8a286222.jpg\" \/><\/p>\n<div class=\"Text-root Text-type_1 \">\n                Das Caf\u00e9 und Restaurant &#8220;Habeck&#8217;s&#8221; auf der Ostseeinsel R\u00fcgen existiert nicht mehr unter diesem Namen: Es hei\u00dft jetzt &#8220;kostBar&#8221;. Die Betreiberin hat den Namen ge\u00e4ndert \u2013 der \u00c4rger der \u00fcber den Insolvenzerkl\u00e4rer war zu gro\u00df.\n            <\/div>\n<p><\/p>\n<div class=\"Text-root Text-type_5 ArticleView-text ViewText-root \">\n<p>Wie entgeht man einer Insolvenz? Die Gastronomin Vanessa Wellbrock auf der Ostseeinsel\u00a0R\u00fcgen, indem sie ihr Lokal umbenannt hat.\u00a0Denn sie wolle nicht\u00a0mehr mit Wirtschaftsminister\u00a0Robert Habeck\u00a0assoziiert werden, wie <em>t-online<\/em>\u00a0<a rel=\"nofollow noopener\" target=\"_blank\" href=\"https:\/\/www.t-online.de\/region\/berlin\/id_100227766\/ostsee-frust-auf-ruegen-wegen-habeck-restaurant-mit-drastischer-massnahme.html\">berichtet<\/a>. Der will im Sassnitzer Orstteil Mukran ein hochumstrittenes LNG-Terminal bauen lassen, nachdem er zuvor die letzten drei Atomkraftwerke abschalten lie\u00df. In Ostdeutschland und besonders auf R\u00fcgen erz\u00fcrnt das die Menschen. Wellbrock sagte bereits im Mai gegen\u00fcber der <em>Ostseezeitung:<\/em><\/p>\n<blockquote>\n<p><em>&#8220;Es ist nicht nachvollziehbar. Die Natur muss erhalten bleiben, die Insel lebt vom\u00a0Tourismus, und dann macht man so was.&#8221;<\/em><\/p>\n<\/blockquote>\n<p>Ende letzter Woche hat sie dann reagiert: Die Au\u00dfenschilder ihres Lokals wurden ausgetauscht, das &#8220;Habeck&#8217;s&#8221; hei\u00dft jetzt &#8220;kostBar&#8221;. Dazu Wellbrock:\u00a0<\/p>\n<blockquote>\n<p><em>&#8220;Wir stehen noch ganz am Anfang, m\u00fcssen noch vieles \u00e4ndern.&#8221;<\/em><\/p>\n<\/blockquote>\n<p>Auf den Fenstern stehe noch der alte ungeliebte Name und auch die Kasse\u00a0habe sich noch nicht umstellen lassen.\u00a0Erste Ideen, von &#8220;Habeck&#8221; zu ihrem eigenen Namen &#8220;Wellbrock&#8221; zu wechseln, begrub die Wirtin <a rel=\"nofollow noopener\" target=\"_blank\" href=\"https:\/\/weltwoche.ch\/daily\/der-name-habeck-als-hypothek-cafe-auf-ruegen-benennt-sich-um-der-name-des-deutschen-wirtschaftsministers-von-den-gruenen-war-zu-abschreckend-fuer-die-gaeste\/\">laut<\/a> der <em>Weltwoche<\/em> schnell. Das klinge zu sehr wie der Name von Annalena Baerbock, der gr\u00fcnen Au\u00dfenministerin. Wellbrock habe schlie\u00dflich nicht &#8220;vom Regen in die Traufe&#8221; kommen wollen.<\/p>\n<p>In letzter Zeit hatte sich das &#8220;Habeck&#8217;s&#8221; zu einer\u00a0Touristenattraktion\u00a0entwickelt. Die Ladeninhaberin dazu:<\/p>\n<blockquote>\n<p><em>&#8220;Touristen sind vorbeigekommen und haben Selfies vor dem Laden gemacht. Es gab sogar ein paar Spenden f\u00fcr die Umbenennung.&#8221;<\/em><\/p>\n<\/blockquote>\n<p>Ganz offensichtlich wird sie die auch ben\u00f6tigen, sie betont: &#8220;Das ist ein teurer Spa\u00df. Die Umbenennung wird uns mehrere Tausend\u00a0Euro\u00a0kosten.&#8221;\u00a0Hoffentlich wird die Kundschaft das in Zukunft honorieren.<\/p>\n<p><strong>Mehr zum Thema<\/strong> &#8211; <a rel=\"nofollow noopener\" target=\"_blank\" href=\"https:\/\/freedert.online\/meinung\/177937-robert-habeck-gluecklich-popcorn-und\/\">Robert Habeck gl\u00fccklich: Popcorn und Chip(s)fabriken<\/a><\/p>\n<\/p>\n<\/div>\n<p><br \/>\n<br \/><a href=\"https:\/\/de.rt.com\/inland\/178586-frust-an-ostsee-ueber-wirtschaftsminister\/\">Source link <\/a><\/p>\n","protected":false},"excerpt":{"rendered":"<p>Das Caf\u00e9 und Restaurant &#8220;Habeck&#8217;s&#8221; auf der Ostseeinsel R\u00fcgen existiert nicht mehr unter diesem Namen: Es hei\u00dft jetzt &#8220;kostBar&#8221;. Die Betreiberin hat den Namen ge\u00e4ndert \u2013 der \u00c4rger der \u00fcber den Insolvenzerkl\u00e4rer war zu gro\u00df. Wie entgeht man einer Insolvenz? Die Gastronomin Vanessa Wellbrock auf der Ostseeinsel\u00a0R\u00fcgen, indem sie ihr Lokal umbenannt hat.\u00a0Denn sie wolle [&hellip;]<\/p>\n","protected":false},"author":3,"featured_media":44937,"comment_status":"open","ping_status":"open","sticky":false,"template":"","format":"standard","meta":{"_yoast_indexnow_last_ping":["1692774996"],"wp_automatic_camp":["217"],"281b2a66f770f9d4119bf44014adcc6a":["Frust an der Ostsee \u00fcber Wirtschaftsminister: Caf\u00e9 &quot;Habeck&#039;s&quot; auf R\u00fcgen hat sich umbenannt"],"original_link":["https:\/\/de.rt.com\/inland\/178586-frust-an-ostsee-ueber-wirtschaftsminister\/"],"_thumbnail_id":["44937"],"jnews_social_counter_last_update":["1777619991"],"_wptgpro_p2tg_sent2tg":["a:1:{i:23737;s:19:\"2023-08-23 09:17:36\";}"]},"categories":[19,23],"tags":[133,10507,82,17174,423,1123,48047,36678,434,139,22322,21887],"yoast_head":"<!-- This site is optimized with the Yoast SEO Premium plugin v22.7 (Yoast SEO v22.7) - https:\/\/yoast.com\/wordpress\/plugins\/seo\/ -->\n<title>Frust an der Ostsee \u00fcber Wirtschaftsminister: Caf\u00e9 &quot;Habeck&#039;s&quot; auf R\u00fcgen hat sich umbenannt - just-now.NEWS Deutschland<\/title>\n<meta name=\"robots\" content=\"index, follow, max-snippet:-1, max-image-preview:large, max-video-preview:-1\" \/>\n<link rel=\"canonical\" href=\"https:\/\/now-news.de\/de\/deutschland\/frust-an-der-ostsee-ueber-wirtschaftsminister-cafe-habecks-auf-ruegen-hat-sich-umbenannt\/\" \/>\n<meta property=\"og:locale\" content=\"de_DE\" \/>\n<meta property=\"og:type\" content=\"article\" \/>\n<meta property=\"og:title\" content=\"Frust an der Ostsee \u00fcber Wirtschaftsminister: Caf\u00e9 &quot;Habeck&#039;s&quot; auf R\u00fcgen hat sich umbenannt\" \/>\n<meta property=\"og:description\" content=\"Das Caf\u00e9 und Restaurant &#8220;Habeck&#8217;s&#8221; auf der Ostseeinsel R\u00fcgen existiert nicht mehr unter diesem Namen: Es hei\u00dft jetzt &#8220;kostBar&#8221;. Die Betreiberin hat den Namen ge\u00e4ndert \u2013 der \u00c4rger der \u00fcber den Insolvenzerkl\u00e4rer war zu gro\u00df. Wie entgeht man einer Insolvenz? Die Gastronomin Vanessa Wellbrock auf der Ostseeinsel\u00a0R\u00fcgen, indem sie ihr Lokal umbenannt hat.\u00a0Denn sie wolle [&hellip;]\" \/>\n<meta property=\"og:url\" content=\"https:\/\/now-news.de\/de\/deutschland\/frust-an-der-ostsee-ueber-wirtschaftsminister-cafe-habecks-auf-ruegen-hat-sich-umbenannt\/\" \/>\n<meta property=\"og:site_name\" content=\"just-now.NEWS Deutschland\" \/>\n<meta property=\"article:publisher\" content=\"https:\/\/www.facebook.com\/wirmachenauf\" \/>\n<meta property=\"article:published_time\" content=\"2023-08-23T07:13:05+00:00\" \/>\n<meta property=\"og:image\" content=\"https:\/\/now-news.de\/de\/wp-content\/uploads\/sites\/3\/2023\/08\/Frust-an-der-Ostsee-ueber-Wirtschaftsminister-Cafe-quotHabeck039squot-auf-Ruegen.jpg\" \/>\n\t<meta property=\"og:image:width\" content=\"460\" \/>\n\t<meta property=\"og:image:height\" content=\"259\" \/>\n\t<meta property=\"og:image:type\" content=\"image\/jpeg\" \/>\n<meta name=\"author\" content=\"rtnews\" \/>\n<meta name=\"twitter:card\" content=\"summary_large_image\" \/>\n<meta name=\"twitter:creator\" content=\"@WirMachenAuf_de\" \/>\n<meta name=\"twitter:site\" content=\"@WirMachenAuf_de\" \/>\n<meta name=\"twitter:label1\" content=\"Verfasst von\" \/>\n\t<meta name=\"twitter:data1\" content=\"rtnews\" \/>\n\t<meta name=\"twitter:label2\" content=\"Gesch\u00e4tzte Lesezeit\" \/>\n\t<meta name=\"twitter:data2\" content=\"2\u00a0Minuten\" \/>\n<script type=\"application\/ld+json\" class=\"yoast-schema-graph\">{\"@context\":\"https:\/\/schema.org\",\"@graph\":[{\"@type\":\"Article\",\"@id\":\"https:\/\/now-news.de\/de\/deutschland\/frust-an-der-ostsee-ueber-wirtschaftsminister-cafe-habecks-auf-ruegen-hat-sich-umbenannt\/#article\",\"isPartOf\":{\"@id\":\"https:\/\/now-news.de\/de\/deutschland\/frust-an-der-ostsee-ueber-wirtschaftsminister-cafe-habecks-auf-ruegen-hat-sich-umbenannt\/\"},\"author\":{\"name\":\"rtnews\",\"@id\":\"https:\/\/now-news.de\/de\/#\/schema\/person\/fb534a4e865501d8b3285208df34a9b5\"},\"headline\":\"Frust an der Ostsee \u00fcber Wirtschaftsminister: Caf\u00e9 &quot;Habeck&#039;s&quot; auf R\u00fcgen hat sich umbenannt\",\"datePublished\":\"2023-08-23T07:13:05+00:00\",\"dateModified\":\"2023-08-23T07:13:05+00:00\",\"mainEntityOfPage\":{\"@id\":\"https:\/\/now-news.de\/de\/deutschland\/frust-an-der-ostsee-ueber-wirtschaftsminister-cafe-habecks-auf-ruegen-hat-sich-umbenannt\/\"},\"wordCount\":331,\"commentCount\":0,\"publisher\":{\"@id\":\"https:\/\/now-news.de\/de\/#organization\"},\"image\":{\"@id\":\"https:\/\/now-news.de\/de\/deutschland\/frust-an-der-ostsee-ueber-wirtschaftsminister-cafe-habecks-auf-ruegen-hat-sich-umbenannt\/#primaryimage\"},\"thumbnailUrl\":\"https:\/\/now-news.de\/de\/wp-content\/uploads\/sites\/3\/2023\/08\/Frust-an-der-Ostsee-ueber-Wirtschaftsminister-Cafe-quotHabeck039squot-auf-Ruegen.jpg\",\"keywords\":[\"AUF\",\"CAFE\",\"der\",\"Frust\",\"hat\",\"Ostsee\",\"quotHabeck039squot\",\"R\u00fcgen\",\"sich\",\"\u00fcber\",\"umbenannt\",\"Wirtschaftsminister\"],\"articleSection\":[\"Deutschland\",\"Russland\"],\"inLanguage\":\"de\",\"potentialAction\":[{\"@type\":\"CommentAction\",\"name\":\"Comment\",\"target\":[\"https:\/\/now-news.de\/de\/deutschland\/frust-an-der-ostsee-ueber-wirtschaftsminister-cafe-habecks-auf-ruegen-hat-sich-umbenannt\/#respond\"]}]},{\"@type\":\"WebPage\",\"@id\":\"https:\/\/now-news.de\/de\/deutschland\/frust-an-der-ostsee-ueber-wirtschaftsminister-cafe-habecks-auf-ruegen-hat-sich-umbenannt\/\",\"url\":\"https:\/\/now-news.de\/de\/deutschland\/frust-an-der-ostsee-ueber-wirtschaftsminister-cafe-habecks-auf-ruegen-hat-sich-umbenannt\/\",\"name\":\"Frust an der Ostsee \u00fcber Wirtschaftsminister: Caf\u00e9 &quot;Habeck&#039;s&quot; auf R\u00fcgen hat sich umbenannt - just-now.NEWS Deutschland\",\"isPartOf\":{\"@id\":\"https:\/\/now-news.de\/de\/#website\"},\"primaryImageOfPage\":{\"@id\":\"https:\/\/now-news.de\/de\/deutschland\/frust-an-der-ostsee-ueber-wirtschaftsminister-cafe-habecks-auf-ruegen-hat-sich-umbenannt\/#primaryimage\"},\"image\":{\"@id\":\"https:\/\/now-news.de\/de\/deutschland\/frust-an-der-ostsee-ueber-wirtschaftsminister-cafe-habecks-auf-ruegen-hat-sich-umbenannt\/#primaryimage\"},\"thumbnailUrl\":\"https:\/\/now-news.de\/de\/wp-content\/uploads\/sites\/3\/2023\/08\/Frust-an-der-Ostsee-ueber-Wirtschaftsminister-Cafe-quotHabeck039squot-auf-Ruegen.jpg\",\"datePublished\":\"2023-08-23T07:13:05+00:00\",\"dateModified\":\"2023-08-23T07:13:05+00:00\",\"breadcrumb\":{\"@id\":\"https:\/\/now-news.de\/de\/deutschland\/frust-an-der-ostsee-ueber-wirtschaftsminister-cafe-habecks-auf-ruegen-hat-sich-umbenannt\/#breadcrumb\"},\"inLanguage\":\"de\",\"potentialAction\":[{\"@type\":\"ReadAction\",\"target\":[\"https:\/\/now-news.de\/de\/deutschland\/frust-an-der-ostsee-ueber-wirtschaftsminister-cafe-habecks-auf-ruegen-hat-sich-umbenannt\/\"]}]},{\"@type\":\"ImageObject\",\"inLanguage\":\"de\",\"@id\":\"https:\/\/now-news.de\/de\/deutschland\/frust-an-der-ostsee-ueber-wirtschaftsminister-cafe-habecks-auf-ruegen-hat-sich-umbenannt\/#primaryimage\",\"url\":\"https:\/\/now-news.de\/de\/wp-content\/uploads\/sites\/3\/2023\/08\/Frust-an-der-Ostsee-ueber-Wirtschaftsminister-Cafe-quotHabeck039squot-auf-Ruegen.jpg\",\"contentUrl\":\"https:\/\/now-news.de\/de\/wp-content\/uploads\/sites\/3\/2023\/08\/Frust-an-der-Ostsee-ueber-Wirtschaftsminister-Cafe-quotHabeck039squot-auf-Ruegen.jpg\",\"width\":460,\"height\":259,\"caption\":\"Frust an der Ostsee \u00fcber Wirtschaftsminister: Caf\u00e9 &quot;Habeck&#039;s&quot; auf R\u00fcgen hat sich umbenannt\"},{\"@type\":\"BreadcrumbList\",\"@id\":\"https:\/\/now-news.de\/de\/deutschland\/frust-an-der-ostsee-ueber-wirtschaftsminister-cafe-habecks-auf-ruegen-hat-sich-umbenannt\/#breadcrumb\",\"itemListElement\":[{\"@type\":\"ListItem\",\"position\":1,\"name\":\"Home\",\"item\":\"https:\/\/now-news.de\/de\/\"},{\"@type\":\"ListItem\",\"position\":2,\"name\":\"Frust an der Ostsee \u00fcber Wirtschaftsminister: Caf\u00e9 &quot;Habeck&#039;s&quot; auf R\u00fcgen hat sich umbenannt\"}]},{\"@type\":\"WebSite\",\"@id\":\"https:\/\/now-news.de\/de\/#website\",\"url\":\"https:\/\/now-news.de\/de\/\",\"name\":\"just-now.NEWS Deutschland\",\"description\":\"Das Portal f\u00fcr unzensierte Nachrichten aus der Welt\",\"publisher\":{\"@id\":\"https:\/\/now-news.de\/de\/#organization\"},\"potentialAction\":[{\"@type\":\"SearchAction\",\"target\":{\"@type\":\"EntryPoint\",\"urlTemplate\":\"https:\/\/now-news.de\/de\/?s={search_term_string}\"},\"query-input\":\"required name=search_term_string\"}],\"inLanguage\":\"de\"},{\"@type\":\"Organization\",\"@id\":\"https:\/\/now-news.de\/de\/#organization\",\"name\":\"Just Now News\",\"url\":\"https:\/\/now-news.de\/de\/\",\"logo\":{\"@type\":\"ImageObject\",\"inLanguage\":\"de\",\"@id\":\"https:\/\/now-news.de\/de\/#\/schema\/logo\/image\/\",\"url\":\"http:\/\/just-now.news\/de\/wp-content\/uploads\/sites\/3\/2022\/04\/logo500x500.jpg\",\"contentUrl\":\"http:\/\/just-now.news\/de\/wp-content\/uploads\/sites\/3\/2022\/04\/logo500x500.jpg\",\"width\":500,\"height\":500,\"caption\":\"Just Now News\"},\"image\":{\"@id\":\"https:\/\/now-news.de\/de\/#\/schema\/logo\/image\/\"},\"sameAs\":[\"https:\/\/www.facebook.com\/wirmachenauf\",\"https:\/\/x.com\/WirMachenAuf_de\"]},{\"@type\":\"Person\",\"@id\":\"https:\/\/now-news.de\/de\/#\/schema\/person\/fb534a4e865501d8b3285208df34a9b5\",\"name\":\"rtnews\",\"image\":{\"@type\":\"ImageObject\",\"inLanguage\":\"de\",\"@id\":\"https:\/\/now-news.de\/de\/#\/schema\/person\/image\/\",\"url\":\"https:\/\/secure.gravatar.com\/avatar\/82aafea7d8127119dd649515f56e2117?s=96&d=mm&r=g\",\"contentUrl\":\"https:\/\/secure.gravatar.com\/avatar\/82aafea7d8127119dd649515f56e2117?s=96&d=mm&r=g\",\"caption\":\"rtnews\"},\"url\":\"https:\/\/now-news.de\/de\/author\/rnews\/\"}]}<\/script>\n<!-- \/ Yoast SEO Premium plugin. -->","yoast_head_json":{"title":"Frust an der Ostsee \u00fcber Wirtschaftsminister: Caf\u00e9 &quot;Habeck&#039;s&quot; auf R\u00fcgen hat sich umbenannt - just-now.NEWS Deutschland","robots":{"index":"index","follow":"follow","max-snippet":"max-snippet:-1","max-image-preview":"max-image-preview:large","max-video-preview":"max-video-preview:-1"},"canonical":"https:\/\/now-news.de\/de\/deutschland\/frust-an-der-ostsee-ueber-wirtschaftsminister-cafe-habecks-auf-ruegen-hat-sich-umbenannt\/","og_locale":"de_DE","og_type":"article","og_title":"Frust an der Ostsee \u00fcber Wirtschaftsminister: Caf\u00e9 &quot;Habeck&#039;s&quot; auf R\u00fcgen hat sich umbenannt","og_description":"Das Caf\u00e9 und Restaurant &#8220;Habeck&#8217;s&#8221; auf der Ostseeinsel R\u00fcgen existiert nicht mehr unter diesem Namen: Es hei\u00dft jetzt &#8220;kostBar&#8221;. Die Betreiberin hat den Namen ge\u00e4ndert \u2013 der \u00c4rger der \u00fcber den Insolvenzerkl\u00e4rer war zu gro\u00df. Wie entgeht man einer Insolvenz? Die Gastronomin Vanessa Wellbrock auf der Ostseeinsel\u00a0R\u00fcgen, indem sie ihr Lokal umbenannt hat.\u00a0Denn sie wolle [&hellip;]","og_url":"https:\/\/now-news.de\/de\/deutschland\/frust-an-der-ostsee-ueber-wirtschaftsminister-cafe-habecks-auf-ruegen-hat-sich-umbenannt\/","og_site_name":"just-now.NEWS Deutschland","article_publisher":"https:\/\/www.facebook.com\/wirmachenauf","article_published_time":"2023-08-23T07:13:05+00:00","og_image":[{"width":460,"height":259,"url":"https:\/\/now-news.de\/de\/wp-content\/uploads\/sites\/3\/2023\/08\/Frust-an-der-Ostsee-ueber-Wirtschaftsminister-Cafe-quotHabeck039squot-auf-Ruegen.jpg","type":"image\/jpeg"}],"author":"rtnews","twitter_card":"summary_large_image","twitter_creator":"@WirMachenAuf_de","twitter_site":"@WirMachenAuf_de","twitter_misc":{"Verfasst von":"rtnews","Gesch\u00e4tzte Lesezeit":"2\u00a0Minuten"},"schema":{"@context":"https:\/\/schema.org","@graph":[{"@type":"Article","@id":"https:\/\/now-news.de\/de\/deutschland\/frust-an-der-ostsee-ueber-wirtschaftsminister-cafe-habecks-auf-ruegen-hat-sich-umbenannt\/#article","isPartOf":{"@id":"https:\/\/now-news.de\/de\/deutschland\/frust-an-der-ostsee-ueber-wirtschaftsminister-cafe-habecks-auf-ruegen-hat-sich-umbenannt\/"},"author":{"name":"rtnews","@id":"https:\/\/now-news.de\/de\/#\/schema\/person\/fb534a4e865501d8b3285208df34a9b5"},"headline":"Frust an der Ostsee \u00fcber Wirtschaftsminister: Caf\u00e9 &quot;Habeck&#039;s&quot; auf R\u00fcgen hat sich umbenannt","datePublished":"2023-08-23T07:13:05+00:00","dateModified":"2023-08-23T07:13:05+00:00","mainEntityOfPage":{"@id":"https:\/\/now-news.de\/de\/deutschland\/frust-an-der-ostsee-ueber-wirtschaftsminister-cafe-habecks-auf-ruegen-hat-sich-umbenannt\/"},"wordCount":331,"commentCount":0,"publisher":{"@id":"https:\/\/now-news.de\/de\/#organization"},"image":{"@id":"https:\/\/now-news.de\/de\/deutschland\/frust-an-der-ostsee-ueber-wirtschaftsminister-cafe-habecks-auf-ruegen-hat-sich-umbenannt\/#primaryimage"},"thumbnailUrl":"https:\/\/now-news.de\/de\/wp-content\/uploads\/sites\/3\/2023\/08\/Frust-an-der-Ostsee-ueber-Wirtschaftsminister-Cafe-quotHabeck039squot-auf-Ruegen.jpg","keywords":["AUF","CAFE","der","Frust","hat","Ostsee","quotHabeck039squot","R\u00fcgen","sich","\u00fcber","umbenannt","Wirtschaftsminister"],"articleSection":["Deutschland","Russland"],"inLanguage":"de","potentialAction":[{"@type":"CommentAction","name":"Comment","target":["https:\/\/now-news.de\/de\/deutschland\/frust-an-der-ostsee-ueber-wirtschaftsminister-cafe-habecks-auf-ruegen-hat-sich-umbenannt\/#respond"]}]},{"@type":"WebPage","@id":"https:\/\/now-news.de\/de\/deutschland\/frust-an-der-ostsee-ueber-wirtschaftsminister-cafe-habecks-auf-ruegen-hat-sich-umbenannt\/","url":"https:\/\/now-news.de\/de\/deutschland\/frust-an-der-ostsee-ueber-wirtschaftsminister-cafe-habecks-auf-ruegen-hat-sich-umbenannt\/","name":"Frust an der Ostsee \u00fcber Wirtschaftsminister: Caf\u00e9 &quot;Habeck&#039;s&quot; auf R\u00fcgen hat sich umbenannt - just-now.NEWS Deutschland","isPartOf":{"@id":"https:\/\/now-news.de\/de\/#website"},"primaryImageOfPage":{"@id":"https:\/\/now-news.de\/de\/deutschland\/frust-an-der-ostsee-ueber-wirtschaftsminister-cafe-habecks-auf-ruegen-hat-sich-umbenannt\/#primaryimage"},"image":{"@id":"https:\/\/now-news.de\/de\/deutschland\/frust-an-der-ostsee-ueber-wirtschaftsminister-cafe-habecks-auf-ruegen-hat-sich-umbenannt\/#primaryimage"},"thumbnailUrl":"https:\/\/now-news.de\/de\/wp-content\/uploads\/sites\/3\/2023\/08\/Frust-an-der-Ostsee-ueber-Wirtschaftsminister-Cafe-quotHabeck039squot-auf-Ruegen.jpg","datePublished":"2023-08-23T07:13:05+00:00","dateModified":"2023-08-23T07:13:05+00:00","breadcrumb":{"@id":"https:\/\/now-news.de\/de\/deutschland\/frust-an-der-ostsee-ueber-wirtschaftsminister-cafe-habecks-auf-ruegen-hat-sich-umbenannt\/#breadcrumb"},"inLanguage":"de","potentialAction":[{"@type":"ReadAction","target":["https:\/\/now-news.de\/de\/deutschland\/frust-an-der-ostsee-ueber-wirtschaftsminister-cafe-habecks-auf-ruegen-hat-sich-umbenannt\/"]}]},{"@type":"ImageObject","inLanguage":"de","@id":"https:\/\/now-news.de\/de\/deutschland\/frust-an-der-ostsee-ueber-wirtschaftsminister-cafe-habecks-auf-ruegen-hat-sich-umbenannt\/#primaryimage","url":"https:\/\/now-news.de\/de\/wp-content\/uploads\/sites\/3\/2023\/08\/Frust-an-der-Ostsee-ueber-Wirtschaftsminister-Cafe-quotHabeck039squot-auf-Ruegen.jpg","contentUrl":"https:\/\/now-news.de\/de\/wp-content\/uploads\/sites\/3\/2023\/08\/Frust-an-der-Ostsee-ueber-Wirtschaftsminister-Cafe-quotHabeck039squot-auf-Ruegen.jpg","width":460,"height":259,"caption":"Frust an der Ostsee \u00fcber Wirtschaftsminister: Caf\u00e9 &quot;Habeck&#039;s&quot; auf R\u00fcgen hat sich umbenannt"},{"@type":"BreadcrumbList","@id":"https:\/\/now-news.de\/de\/deutschland\/frust-an-der-ostsee-ueber-wirtschaftsminister-cafe-habecks-auf-ruegen-hat-sich-umbenannt\/#breadcrumb","itemListElement":[{"@type":"ListItem","position":1,"name":"Home","item":"https:\/\/now-news.de\/de\/"},{"@type":"ListItem","position":2,"name":"Frust an der Ostsee \u00fcber Wirtschaftsminister: Caf\u00e9 &quot;Habeck&#039;s&quot; auf R\u00fcgen hat sich umbenannt"}]},{"@type":"WebSite","@id":"https:\/\/now-news.de\/de\/#website","url":"https:\/\/now-news.de\/de\/","name":"just-now.NEWS Deutschland","description":"Das Portal f\u00fcr unzensierte Nachrichten aus der Welt","publisher":{"@id":"https:\/\/now-news.de\/de\/#organization"},"potentialAction":[{"@type":"SearchAction","target":{"@type":"EntryPoint","urlTemplate":"https:\/\/now-news.de\/de\/?s={search_term_string}"},"query-input":"required name=search_term_string"}],"inLanguage":"de"},{"@type":"Organization","@id":"https:\/\/now-news.de\/de\/#organization","name":"Just Now News","url":"https:\/\/now-news.de\/de\/","logo":{"@type":"ImageObject","inLanguage":"de","@id":"https:\/\/now-news.de\/de\/#\/schema\/logo\/image\/","url":"http:\/\/just-now.news\/de\/wp-content\/uploads\/sites\/3\/2022\/04\/logo500x500.jpg","contentUrl":"http:\/\/just-now.news\/de\/wp-content\/uploads\/sites\/3\/2022\/04\/logo500x500.jpg","width":500,"height":500,"caption":"Just Now News"},"image":{"@id":"https:\/\/now-news.de\/de\/#\/schema\/logo\/image\/"},"sameAs":["https:\/\/www.facebook.com\/wirmachenauf","https:\/\/x.com\/WirMachenAuf_de"]},{"@type":"Person","@id":"https:\/\/now-news.de\/de\/#\/schema\/person\/fb534a4e865501d8b3285208df34a9b5","name":"rtnews","image":{"@type":"ImageObject","inLanguage":"de","@id":"https:\/\/now-news.de\/de\/#\/schema\/person\/image\/","url":"https:\/\/secure.gravatar.com\/avatar\/82aafea7d8127119dd649515f56e2117?s=96&d=mm&r=g","contentUrl":"https:\/\/secure.gravatar.com\/avatar\/82aafea7d8127119dd649515f56e2117?s=96&d=mm&r=g","caption":"rtnews"},"url":"https:\/\/now-news.de\/de\/author\/rnews\/"}]}},"_links":{"self":[{"href":"https:\/\/now-news.de\/de\/wp-json\/wp\/v2\/posts\/44936"}],"collection":[{"href":"https:\/\/now-news.de\/de\/wp-json\/wp\/v2\/posts"}],"about":[{"href":"https:\/\/now-news.de\/de\/wp-json\/wp\/v2\/types\/post"}],"author":[{"embeddable":true,"href":"https:\/\/now-news.de\/de\/wp-json\/wp\/v2\/users\/3"}],"replies":[{"embeddable":true,"href":"https:\/\/now-news.de\/de\/wp-json\/wp\/v2\/comments?post=44936"}],"version-history":[{"count":0,"href":"https:\/\/now-news.de\/de\/wp-json\/wp\/v2\/posts\/44936\/revisions"}],"wp:featuredmedia":[{"embeddable":true,"href":"https:\/\/now-news.de\/de\/wp-json\/wp\/v2\/media\/44937"}],"wp:attachment":[{"href":"https:\/\/now-news.de\/de\/wp-json\/wp\/v2\/media?parent=44936"}],"wp:term":[{"taxonomy":"category","embeddable":true,"href":"https:\/\/now-news.de\/de\/wp-json\/wp\/v2\/categories?post=44936"},{"taxonomy":"post_tag","embeddable":true,"href":"https:\/\/now-news.de\/de\/wp-json\/wp\/v2\/tags?post=44936"}],"curies":[{"name":"wp","href":"https:\/\/api.w.org\/{rel}","templated":true}]}}