{"id":439,"date":"2022-04-15T17:59:29","date_gmt":"2022-04-15T18:59:29","guid":{"rendered":"http:\/\/just-now.news\/de\/deutschland\/nato-kriegsschiffe-treffen-in-der-ostsee-ein\/"},"modified":"2022-04-15T17:59:29","modified_gmt":"2022-04-15T18:59:29","slug":"nato-kriegsschiffe-treffen-in-der-ostsee-ein","status":"publish","type":"post","link":"https:\/\/now-news.de\/de\/deutschland\/nato-kriegsschiffe-treffen-in-der-ostsee-ein\/","title":{"rendered":"NATO-Kriegsschiffe treffen in der Ostsee ein"},"content":{"rendered":"<div class=\"Text-root Text-type_5 ArticleView-text ViewText-root \">\n<p>Eine Gruppe von NATO-Kriegsschiffen, die der Standing NATO Maritime Group 1 (SNMG1) und der Standing NATO Mine Countermeasures Group 1 (SNMCMG1) angeh\u00f6ren, sind in der Ostsee eingetroffen. Dort sollen sie an gemeinsamen \u00dcbungen mit verb\u00fcndeten und Partnerstaaten teilnehmen. Einige von ihnen h\u00e4tten bereits in einem Hafen in Tallinn (Estland) angelegt, <a target=\"_blank\" href=\"https:\/\/mc.nato.int\/media-centre\/news\/2022\/nato-ships-visit-estonia\" rel=\"noopener noreferrer\">hei\u00dft<\/a> es in einer am Donnerstag ver\u00f6ffentlichten NATO-Pressemitteilung.<\/p>\n<div class=\"ReadMore-root Section-root Section-is1to3-xs_is1to1\" data-widgets=\"ReadMore\" data-has-alias>\n<div class=\"Section-container Section-isRow-isTop-isWrap\">\n<article class=\"Card-root Card-is1to1 \">\n<div class=\"Card-imageWrap\">\n<div class=\"Card-picture\">\n<picture class=\"Picture-root Picture-default\"><!--[if IE 9]><video style=\"display: none;\"><![endif]--><source media=\"(-webkit-min-device-pixel-ratio: 2) and (min-resolution: 120dpi)\" data-srcset=\" \nhttps:\/\/cdni.russiatoday.com\/deutsch\/images\/2022.02\/thumbnail\/620e059db480cc17f37801c9.jpg 850w,\n                https:\/\/cdni.russiatoday.com\/deutsch\/images\/2022.02\/article\/620e059db480cc17f37801c9.jpg 1960w,\n            \" srcset=\"data:image\/png;base64,iVBORw0KGgoAAAANSUhEUgAAABAAAAAJCAQAAACRI2S5AAAAEElEQVR42mNkIAAYRxWAAQAG9gAKqv6+AwAAAABJRU5ErkJggg==\"><source data-srcset=\" \nhttps:\/\/cdni.russiatoday.com\/deutsch\/images\/2022.02\/thumbnail\/620e059db480cc17f37801c9.jpg 460w,\n              https:\/\/cdni.russiatoday.com\/deutsch\/images\/2022.02\/article\/620e059db480cc17f37801c9.jpg 980w,\n            \" srcset=\"data:image\/png;base64,iVBORw0KGgoAAAANSUhEUgAAABAAAAAJCAQAAACRI2S5AAAAEElEQVR42mNkIAAYRxWAAQAG9gAKqv6+AwAAAABJRU5ErkJggg==\"><!--[if IE 9]><\/video><![endif]--><\/source><\/source><\/picture><!-- noscript pattern --><noscript><img decoding=\"async\" src=\"https:\/\/cdni.russiatoday.com\/deutsch\/images\/2022.02\/article\/620e059db480cc17f37801c9.jpg\" alt=\"Geheimdienst Estlands: Russland wird sich f\u00fcr Krieg entscheiden\"><\/noscript>    <\/div><\/div>\n<div class=\"Card-contentWrap\">\n<div class=\"Card-content\">\n<div class=\"Card-title\">\n<div class=\"HeaderNews-root HeaderNews-type_6 \">\n<p>            <a target=\"_blank\" href=\"https:\/\/de.rt.com\/international\/131736-geheimdienst-estlands-russland-wird-sich\/\" class=\"Link-root Link-isFullCard \" rel=\"noopener\"><br \/>\n                Geheimdienst Estlands: Russland wird sich f\u00fcr Krieg entscheiden<br \/>\n            <\/a><\/p><\/div><\/div><\/div><\/div>\n<\/article>\n<\/div><\/div>\n<p>&#8220;Die NATO verlegt regelm\u00e4\u00dfig Seestreitkr\u00e4fte in die Ostsee, um im Einklang mit ihren vertraglichen Verpflichtungen eine glaubw\u00fcrdige und f\u00e4hige Verteidigungsf\u00e4higkeit aufrechtzuerhalten&#8221;, <a target=\"_blank\" href=\"https:\/\/mc.nato.int\/media-centre\/news\/2022\/nato-ships-deploy-to-baltic-sea\" rel=\"noopener noreferrer\">teilte<\/a> die NATO am Montag mit. Die SNMG1 besteht aus Flaggschiffen der Niederlande, D\u00e4nemarks, Deutschlands und des Vereinigten K\u00f6nigreichs, w\u00e4hrend die SNMCMG1 aus norwegischen, belgischen, deutschen, estnischen, britischen und niederl\u00e4ndischen Minenlegern und Minenr\u00e4umern zusammengesetzt ist.<\/p>\n<p>Dies sind zwei von insgesamt vier Einsatzgruppen, die sich aus Schiffen verschiedener verb\u00fcndeter Staaten zusammensetzen und der NATO st\u00e4ndig zur Verf\u00fcgung stehen, um verschiedene Aufgaben zu erf\u00fcllen, die von der Teilnahme an \u00dcbungen bis hin zu operativen Eins\u00e4tzen reichen.<\/p>\n<p>Vier Schiffe der SNMG1-Gruppe trafen am Donnerstag im Hafen von Tallinn ein, wo sie von der kanadischen Fregatte HMCS Halifax (FFH 330) begleitet wurden.<\/p>\n<p>Der Kommandeur der estnischen Marine J\u00fcri Saska erkl\u00e4rte:<\/p>\n<blockquote>\n<p><em>&#8220;Ich freue mich sehr, die Mannschaften der SNMG1 in Tallinn begr\u00fc\u00dfen zu d\u00fcrfen.&#8221;<\/em><\/p>\n<p><em>&#8220;Der Aufruf ist besonders wichtig in der aktuellen Sicherheitslage, in der unser Nachbar im Osten zu den Waffen gegen die Freiheit und Unabh\u00e4ngigkeit des ukrainischen Volkes gegriffen hat.&#8221;<\/em><\/p>\n<\/blockquote>\n<div class=\"ReadMore-root Section-root Section-is1to3-xs_is1to1\" data-widgets=\"ReadMore\" data-has-alias>\n<div class=\"Section-container Section-isRow-isTop-isWrap\">\n<article class=\"Card-root Card-is1to1 \">\n<div class=\"Card-imageWrap\">\n<div class=\"Card-picture\">\n<picture class=\"Picture-root Picture-default\"><!--[if IE 9]><video style=\"display: none;\"><![endif]--><source media=\"(-webkit-min-device-pixel-ratio: 2) and (min-resolution: 120dpi)\" data-srcset=\" \nhttps:\/\/cdni.russiatoday.com\/deutsch\/images\/2022.03\/thumbnail\/6227a46748fbef12bc27fcea.jpg 850w,\n                https:\/\/cdni.russiatoday.com\/deutsch\/images\/2022.03\/article\/6227a46748fbef12bc27fce9.jpg 1960w,\n            \" srcset=\"data:image\/png;base64,iVBORw0KGgoAAAANSUhEUgAAABAAAAAJCAQAAACRI2S5AAAAEElEQVR42mNkIAAYRxWAAQAG9gAKqv6+AwAAAABJRU5ErkJggg==\"><source data-srcset=\" \nhttps:\/\/cdni.russiatoday.com\/deutsch\/images\/2022.03\/thumbnail\/6227a46748fbef12bc27fcea.jpg 460w,\n              https:\/\/cdni.russiatoday.com\/deutsch\/images\/2022.03\/article\/6227a46748fbef12bc27fce9.jpg 980w,\n            \" srcset=\"data:image\/png;base64,iVBORw0KGgoAAAANSUhEUgAAABAAAAAJCAQAAACRI2S5AAAAEElEQVR42mNkIAAYRxWAAQAG9gAKqv6+AwAAAABJRU5ErkJggg==\"><!--[if IE 9]><\/video><![endif]--><img decoding=\"async\" data-sizes=\"auto\" src=\"data:image\/png;base64,iVBORw0KGgoAAAANSUhEUgAAABAAAAAJCAQAAACRI2S5AAAAEElEQVR42mNkIAAYRxWAAQAG9gAKqv6+AwAAAABJRU5ErkJggg==\" class=\"Picture-root Picture-default lazyload\" data-src=\"https:\/\/cdni.russiatoday.com\/deutsch\/images\/2022.03\/thumbnail\/6227a46748fbef12bc27fcea.jpg\" alt=\"F\u00fchrende Experten warnten vor einer NATO-Osterweiterung - Warum hat niemand zugeh\u00f6rt?\"><\/source><\/source><\/picture><!-- noscript pattern --><noscript><img decoding=\"async\" src=\"https:\/\/cdni.russiatoday.com\/deutsch\/images\/2022.03\/article\/6227a46748fbef12bc27fce9.jpg\" alt=\"F\u00fchrende Experten warnten vor einer NATO-Osterweiterung - Warum hat niemand zugeh\u00f6rt?\"><\/noscript>    <\/div><\/div>\n<div class=\"Card-contentWrap\">\n<div class=\"Card-label\">\n            <span class=\"Label-root\"><br \/>\n                Meinung<br \/>\n            <\/span>\n        <\/div>\n<div class=\"Card-content\">\n<div class=\"Card-title\">\n<div class=\"HeaderNews-root HeaderNews-type_6 \">\n<p>            <a target=\"_blank\" href=\"https:\/\/de.rt.com\/meinung\/133428-fuhrende-experten-warnten-vor-nato-osterweiterung\/\" class=\"Link-root Link-isFullCard \" rel=\"noopener\"><br \/>\n                F\u00fchrende Experten warnten vor einer NATO-Osterweiterung &#8211; Warum hat niemand zugeh\u00f6rt?<br \/>\n            <\/a><\/p><\/div><\/div><\/div><\/div>\n<\/article>\n<\/div><\/div>\n<p>Saska f\u00fcgte hinzu, dass eine starke maritime Pr\u00e4senz an der Ostgrenze der NATO die Schnelligkeit, Flexibilit\u00e4t und Entschlossenheit des B\u00fcndnisses zur Verteidigung der Mitgliedsstaaten zu Lande, in der Luft und auf See zeige.<\/p>\n<p>Die Gruppe wird in der kommenden Woche Routineeins\u00e4tze und gemeinsame \u00dcbungen mit der estnischen Marine durchf\u00fchren, die dazu dienen sollen, die Interoperabilit\u00e4t zwischen den NATO-Streitkr\u00e4ften zu verbessern und das gemeinsame Wissen \u00fcber maritime Taktiken zu erweitern, w\u00e4hrend gleichzeitig die Professionalit\u00e4t der Seeleute, das kulturelle Verst\u00e4ndnis und das Vertrauen gef\u00f6rdert werden&#8221;, hei\u00dft es in der NATO-Pressemitteilung.<\/p>\n<p><strong>Mehr zum Thema<\/strong> &#8211; <a target=\"_blank\" href=\"https:\/\/deutsch.rt.com\/inland\/135290-bundeswehruebung-in-sachsen-anhalt-mit-panzern-ueber-die-elbe\/\" rel=\"noopener\">Bundeswehr\u00fcbung in Sachsen-Anhalt: Mit Panzern \u00fcber die Elbe (Videos) <\/a><\/p>\n<\/div>\n<p><br \/>\n<br \/><a href=\"https:\/\/de.rt.com\/europa\/136296-nato-kriegsschiffe-treffen-in-der-ostsee-ein\/\">Source link <\/a><\/p>\n","protected":false},"excerpt":{"rendered":"<p>Eine Gruppe von NATO-Kriegsschiffen, die der Standing NATO Maritime Group 1 (SNMG1) und der Standing NATO Mine Countermeasures Group 1 (SNMCMG1) angeh\u00f6ren, sind in der Ostsee eingetroffen. Dort sollen sie an gemeinsamen \u00dcbungen mit verb\u00fcndeten und Partnerstaaten teilnehmen. Einige von ihnen h\u00e4tten bereits in einem Hafen in Tallinn (Estland) angelegt, hei\u00dft es in einer am [&hellip;]<\/p>\n","protected":false},"author":3,"featured_media":440,"comment_status":"open","ping_status":"open","sticky":false,"template":"","format":"standard","meta":{"wp_automatic_camp":["217"],"adda187086165250559410f7635f3ab1":["NATO-Kriegsschiffe treffen in der Ostsee ein"],"original_link":["https:\/\/de.rt.com\/europa\/136296-nato-kriegsschiffe-treffen-in-der-ostsee-ein\/"],"_thumbnail_id":["440"],"wp_automatic_remove_first_image":["yes"],"jnews_social_counter_last_update":["1777446609"]},"categories":[19,23],"tags":[82,357,1122,1123,354],"yoast_head":"<!-- This site is optimized with the Yoast SEO Premium plugin v22.7 (Yoast SEO v22.7) - https:\/\/yoast.com\/wordpress\/plugins\/seo\/ -->\n<title>NATO-Kriegsschiffe treffen in der Ostsee ein - just-now.NEWS Deutschland<\/title>\n<meta name=\"robots\" content=\"index, follow, max-snippet:-1, max-image-preview:large, max-video-preview:-1\" \/>\n<link rel=\"canonical\" href=\"https:\/\/now-news.de\/de\/deutschland\/nato-kriegsschiffe-treffen-in-der-ostsee-ein\/\" \/>\n<meta property=\"og:locale\" content=\"de_DE\" \/>\n<meta property=\"og:type\" content=\"article\" \/>\n<meta property=\"og:title\" content=\"NATO-Kriegsschiffe treffen in der Ostsee ein\" \/>\n<meta property=\"og:description\" content=\"Eine Gruppe von NATO-Kriegsschiffen, die der Standing NATO Maritime Group 1 (SNMG1) und der Standing NATO Mine Countermeasures Group 1 (SNMCMG1) angeh\u00f6ren, sind in der Ostsee eingetroffen. Dort sollen sie an gemeinsamen \u00dcbungen mit verb\u00fcndeten und Partnerstaaten teilnehmen. Einige von ihnen h\u00e4tten bereits in einem Hafen in Tallinn (Estland) angelegt, hei\u00dft es in einer am [&hellip;]\" \/>\n<meta property=\"og:url\" content=\"https:\/\/now-news.de\/de\/deutschland\/nato-kriegsschiffe-treffen-in-der-ostsee-ein\/\" \/>\n<meta property=\"og:site_name\" content=\"just-now.NEWS Deutschland\" \/>\n<meta property=\"article:publisher\" content=\"https:\/\/www.facebook.com\/wirmachenauf\" \/>\n<meta property=\"article:published_time\" content=\"2022-04-15T18:59:29+00:00\" \/>\n<meta property=\"og:image\" content=\"https:\/\/now-news.de\/de\/wp-content\/uploads\/sites\/3\/2022\/04\/NATO-Kriegsschiffe-treffen-in-der-Ostsee-ein.jpg\" \/>\n\t<meta property=\"og:image:width\" content=\"1104\" \/>\n\t<meta property=\"og:image:height\" content=\"622\" \/>\n\t<meta property=\"og:image:type\" content=\"image\/jpeg\" \/>\n<meta name=\"author\" content=\"rtnews\" \/>\n<meta name=\"twitter:card\" content=\"summary_large_image\" \/>\n<meta name=\"twitter:creator\" content=\"@WirMachenAuf_de\" \/>\n<meta name=\"twitter:site\" content=\"@WirMachenAuf_de\" \/>\n<meta name=\"twitter:label1\" content=\"Verfasst von\" \/>\n\t<meta name=\"twitter:data1\" content=\"rtnews\" \/>\n\t<meta name=\"twitter:label2\" content=\"Gesch\u00e4tzte Lesezeit\" \/>\n\t<meta name=\"twitter:data2\" content=\"2\u00a0Minuten\" \/>\n<script type=\"application\/ld+json\" class=\"yoast-schema-graph\">{\"@context\":\"https:\/\/schema.org\",\"@graph\":[{\"@type\":\"Article\",\"@id\":\"https:\/\/now-news.de\/de\/deutschland\/nato-kriegsschiffe-treffen-in-der-ostsee-ein\/#article\",\"isPartOf\":{\"@id\":\"https:\/\/now-news.de\/de\/deutschland\/nato-kriegsschiffe-treffen-in-der-ostsee-ein\/\"},\"author\":{\"name\":\"rtnews\",\"@id\":\"https:\/\/now-news.de\/de\/#\/schema\/person\/fb534a4e865501d8b3285208df34a9b5\"},\"headline\":\"NATO-Kriegsschiffe treffen in der Ostsee ein\",\"datePublished\":\"2022-04-15T18:59:29+00:00\",\"dateModified\":\"2022-04-15T18:59:29+00:00\",\"mainEntityOfPage\":{\"@id\":\"https:\/\/now-news.de\/de\/deutschland\/nato-kriegsschiffe-treffen-in-der-ostsee-ein\/\"},\"wordCount\":396,\"commentCount\":0,\"publisher\":{\"@id\":\"https:\/\/now-news.de\/de\/#organization\"},\"image\":{\"@id\":\"https:\/\/now-news.de\/de\/deutschland\/nato-kriegsschiffe-treffen-in-der-ostsee-ein\/#primaryimage\"},\"thumbnailUrl\":\"https:\/\/now-news.de\/de\/wp-content\/uploads\/sites\/3\/2022\/04\/NATO-Kriegsschiffe-treffen-in-der-Ostsee-ein.jpg\",\"keywords\":[\"der\",\"ein\",\"NATOKriegsschiffe\",\"Ostsee\",\"Treffen\"],\"articleSection\":[\"Deutschland\",\"Russland\"],\"inLanguage\":\"de\",\"potentialAction\":[{\"@type\":\"CommentAction\",\"name\":\"Comment\",\"target\":[\"https:\/\/now-news.de\/de\/deutschland\/nato-kriegsschiffe-treffen-in-der-ostsee-ein\/#respond\"]}]},{\"@type\":\"WebPage\",\"@id\":\"https:\/\/now-news.de\/de\/deutschland\/nato-kriegsschiffe-treffen-in-der-ostsee-ein\/\",\"url\":\"https:\/\/now-news.de\/de\/deutschland\/nato-kriegsschiffe-treffen-in-der-ostsee-ein\/\",\"name\":\"NATO-Kriegsschiffe treffen in der Ostsee ein - just-now.NEWS Deutschland\",\"isPartOf\":{\"@id\":\"https:\/\/now-news.de\/de\/#website\"},\"primaryImageOfPage\":{\"@id\":\"https:\/\/now-news.de\/de\/deutschland\/nato-kriegsschiffe-treffen-in-der-ostsee-ein\/#primaryimage\"},\"image\":{\"@id\":\"https:\/\/now-news.de\/de\/deutschland\/nato-kriegsschiffe-treffen-in-der-ostsee-ein\/#primaryimage\"},\"thumbnailUrl\":\"https:\/\/now-news.de\/de\/wp-content\/uploads\/sites\/3\/2022\/04\/NATO-Kriegsschiffe-treffen-in-der-Ostsee-ein.jpg\",\"datePublished\":\"2022-04-15T18:59:29+00:00\",\"dateModified\":\"2022-04-15T18:59:29+00:00\",\"breadcrumb\":{\"@id\":\"https:\/\/now-news.de\/de\/deutschland\/nato-kriegsschiffe-treffen-in-der-ostsee-ein\/#breadcrumb\"},\"inLanguage\":\"de\",\"potentialAction\":[{\"@type\":\"ReadAction\",\"target\":[\"https:\/\/now-news.de\/de\/deutschland\/nato-kriegsschiffe-treffen-in-der-ostsee-ein\/\"]}]},{\"@type\":\"ImageObject\",\"inLanguage\":\"de\",\"@id\":\"https:\/\/now-news.de\/de\/deutschland\/nato-kriegsschiffe-treffen-in-der-ostsee-ein\/#primaryimage\",\"url\":\"https:\/\/now-news.de\/de\/wp-content\/uploads\/sites\/3\/2022\/04\/NATO-Kriegsschiffe-treffen-in-der-Ostsee-ein.jpg\",\"contentUrl\":\"https:\/\/now-news.de\/de\/wp-content\/uploads\/sites\/3\/2022\/04\/NATO-Kriegsschiffe-treffen-in-der-Ostsee-ein.jpg\",\"width\":1104,\"height\":622,\"caption\":\"NATO-Kriegsschiffe treffen in der Ostsee ein\"},{\"@type\":\"BreadcrumbList\",\"@id\":\"https:\/\/now-news.de\/de\/deutschland\/nato-kriegsschiffe-treffen-in-der-ostsee-ein\/#breadcrumb\",\"itemListElement\":[{\"@type\":\"ListItem\",\"position\":1,\"name\":\"Home\",\"item\":\"https:\/\/now-news.de\/de\/\"},{\"@type\":\"ListItem\",\"position\":2,\"name\":\"NATO-Kriegsschiffe treffen in der Ostsee ein\"}]},{\"@type\":\"WebSite\",\"@id\":\"https:\/\/now-news.de\/de\/#website\",\"url\":\"https:\/\/now-news.de\/de\/\",\"name\":\"just-now.NEWS Deutschland\",\"description\":\"Das Portal f\u00fcr unzensierte Nachrichten aus der Welt\",\"publisher\":{\"@id\":\"https:\/\/now-news.de\/de\/#organization\"},\"potentialAction\":[{\"@type\":\"SearchAction\",\"target\":{\"@type\":\"EntryPoint\",\"urlTemplate\":\"https:\/\/now-news.de\/de\/?s={search_term_string}\"},\"query-input\":\"required name=search_term_string\"}],\"inLanguage\":\"de\"},{\"@type\":\"Organization\",\"@id\":\"https:\/\/now-news.de\/de\/#organization\",\"name\":\"Just Now News\",\"url\":\"https:\/\/now-news.de\/de\/\",\"logo\":{\"@type\":\"ImageObject\",\"inLanguage\":\"de\",\"@id\":\"https:\/\/now-news.de\/de\/#\/schema\/logo\/image\/\",\"url\":\"http:\/\/just-now.news\/de\/wp-content\/uploads\/sites\/3\/2022\/04\/logo500x500.jpg\",\"contentUrl\":\"http:\/\/just-now.news\/de\/wp-content\/uploads\/sites\/3\/2022\/04\/logo500x500.jpg\",\"width\":500,\"height\":500,\"caption\":\"Just Now News\"},\"image\":{\"@id\":\"https:\/\/now-news.de\/de\/#\/schema\/logo\/image\/\"},\"sameAs\":[\"https:\/\/www.facebook.com\/wirmachenauf\",\"https:\/\/x.com\/WirMachenAuf_de\"]},{\"@type\":\"Person\",\"@id\":\"https:\/\/now-news.de\/de\/#\/schema\/person\/fb534a4e865501d8b3285208df34a9b5\",\"name\":\"rtnews\",\"image\":{\"@type\":\"ImageObject\",\"inLanguage\":\"de\",\"@id\":\"https:\/\/now-news.de\/de\/#\/schema\/person\/image\/\",\"url\":\"https:\/\/secure.gravatar.com\/avatar\/82aafea7d8127119dd649515f56e2117?s=96&d=mm&r=g\",\"contentUrl\":\"https:\/\/secure.gravatar.com\/avatar\/82aafea7d8127119dd649515f56e2117?s=96&d=mm&r=g\",\"caption\":\"rtnews\"},\"url\":\"https:\/\/now-news.de\/de\/author\/rnews\/\"}]}<\/script>\n<!-- \/ Yoast SEO Premium plugin. -->","yoast_head_json":{"title":"NATO-Kriegsschiffe treffen in der Ostsee ein - just-now.NEWS Deutschland","robots":{"index":"index","follow":"follow","max-snippet":"max-snippet:-1","max-image-preview":"max-image-preview:large","max-video-preview":"max-video-preview:-1"},"canonical":"https:\/\/now-news.de\/de\/deutschland\/nato-kriegsschiffe-treffen-in-der-ostsee-ein\/","og_locale":"de_DE","og_type":"article","og_title":"NATO-Kriegsschiffe treffen in der Ostsee ein","og_description":"Eine Gruppe von NATO-Kriegsschiffen, die der Standing NATO Maritime Group 1 (SNMG1) und der Standing NATO Mine Countermeasures Group 1 (SNMCMG1) angeh\u00f6ren, sind in der Ostsee eingetroffen. Dort sollen sie an gemeinsamen \u00dcbungen mit verb\u00fcndeten und Partnerstaaten teilnehmen. Einige von ihnen h\u00e4tten bereits in einem Hafen in Tallinn (Estland) angelegt, hei\u00dft es in einer am [&hellip;]","og_url":"https:\/\/now-news.de\/de\/deutschland\/nato-kriegsschiffe-treffen-in-der-ostsee-ein\/","og_site_name":"just-now.NEWS Deutschland","article_publisher":"https:\/\/www.facebook.com\/wirmachenauf","article_published_time":"2022-04-15T18:59:29+00:00","og_image":[{"width":1104,"height":622,"url":"https:\/\/now-news.de\/de\/wp-content\/uploads\/sites\/3\/2022\/04\/NATO-Kriegsschiffe-treffen-in-der-Ostsee-ein.jpg","type":"image\/jpeg"}],"author":"rtnews","twitter_card":"summary_large_image","twitter_creator":"@WirMachenAuf_de","twitter_site":"@WirMachenAuf_de","twitter_misc":{"Verfasst von":"rtnews","Gesch\u00e4tzte Lesezeit":"2\u00a0Minuten"},"schema":{"@context":"https:\/\/schema.org","@graph":[{"@type":"Article","@id":"https:\/\/now-news.de\/de\/deutschland\/nato-kriegsschiffe-treffen-in-der-ostsee-ein\/#article","isPartOf":{"@id":"https:\/\/now-news.de\/de\/deutschland\/nato-kriegsschiffe-treffen-in-der-ostsee-ein\/"},"author":{"name":"rtnews","@id":"https:\/\/now-news.de\/de\/#\/schema\/person\/fb534a4e865501d8b3285208df34a9b5"},"headline":"NATO-Kriegsschiffe treffen in der Ostsee ein","datePublished":"2022-04-15T18:59:29+00:00","dateModified":"2022-04-15T18:59:29+00:00","mainEntityOfPage":{"@id":"https:\/\/now-news.de\/de\/deutschland\/nato-kriegsschiffe-treffen-in-der-ostsee-ein\/"},"wordCount":396,"commentCount":0,"publisher":{"@id":"https:\/\/now-news.de\/de\/#organization"},"image":{"@id":"https:\/\/now-news.de\/de\/deutschland\/nato-kriegsschiffe-treffen-in-der-ostsee-ein\/#primaryimage"},"thumbnailUrl":"https:\/\/now-news.de\/de\/wp-content\/uploads\/sites\/3\/2022\/04\/NATO-Kriegsschiffe-treffen-in-der-Ostsee-ein.jpg","keywords":["der","ein","NATOKriegsschiffe","Ostsee","Treffen"],"articleSection":["Deutschland","Russland"],"inLanguage":"de","potentialAction":[{"@type":"CommentAction","name":"Comment","target":["https:\/\/now-news.de\/de\/deutschland\/nato-kriegsschiffe-treffen-in-der-ostsee-ein\/#respond"]}]},{"@type":"WebPage","@id":"https:\/\/now-news.de\/de\/deutschland\/nato-kriegsschiffe-treffen-in-der-ostsee-ein\/","url":"https:\/\/now-news.de\/de\/deutschland\/nato-kriegsschiffe-treffen-in-der-ostsee-ein\/","name":"NATO-Kriegsschiffe treffen in der Ostsee ein - just-now.NEWS Deutschland","isPartOf":{"@id":"https:\/\/now-news.de\/de\/#website"},"primaryImageOfPage":{"@id":"https:\/\/now-news.de\/de\/deutschland\/nato-kriegsschiffe-treffen-in-der-ostsee-ein\/#primaryimage"},"image":{"@id":"https:\/\/now-news.de\/de\/deutschland\/nato-kriegsschiffe-treffen-in-der-ostsee-ein\/#primaryimage"},"thumbnailUrl":"https:\/\/now-news.de\/de\/wp-content\/uploads\/sites\/3\/2022\/04\/NATO-Kriegsschiffe-treffen-in-der-Ostsee-ein.jpg","datePublished":"2022-04-15T18:59:29+00:00","dateModified":"2022-04-15T18:59:29+00:00","breadcrumb":{"@id":"https:\/\/now-news.de\/de\/deutschland\/nato-kriegsschiffe-treffen-in-der-ostsee-ein\/#breadcrumb"},"inLanguage":"de","potentialAction":[{"@type":"ReadAction","target":["https:\/\/now-news.de\/de\/deutschland\/nato-kriegsschiffe-treffen-in-der-ostsee-ein\/"]}]},{"@type":"ImageObject","inLanguage":"de","@id":"https:\/\/now-news.de\/de\/deutschland\/nato-kriegsschiffe-treffen-in-der-ostsee-ein\/#primaryimage","url":"https:\/\/now-news.de\/de\/wp-content\/uploads\/sites\/3\/2022\/04\/NATO-Kriegsschiffe-treffen-in-der-Ostsee-ein.jpg","contentUrl":"https:\/\/now-news.de\/de\/wp-content\/uploads\/sites\/3\/2022\/04\/NATO-Kriegsschiffe-treffen-in-der-Ostsee-ein.jpg","width":1104,"height":622,"caption":"NATO-Kriegsschiffe treffen in der Ostsee ein"},{"@type":"BreadcrumbList","@id":"https:\/\/now-news.de\/de\/deutschland\/nato-kriegsschiffe-treffen-in-der-ostsee-ein\/#breadcrumb","itemListElement":[{"@type":"ListItem","position":1,"name":"Home","item":"https:\/\/now-news.de\/de\/"},{"@type":"ListItem","position":2,"name":"NATO-Kriegsschiffe treffen in der Ostsee ein"}]},{"@type":"WebSite","@id":"https:\/\/now-news.de\/de\/#website","url":"https:\/\/now-news.de\/de\/","name":"just-now.NEWS Deutschland","description":"Das Portal f\u00fcr unzensierte Nachrichten aus der Welt","publisher":{"@id":"https:\/\/now-news.de\/de\/#organization"},"potentialAction":[{"@type":"SearchAction","target":{"@type":"EntryPoint","urlTemplate":"https:\/\/now-news.de\/de\/?s={search_term_string}"},"query-input":"required name=search_term_string"}],"inLanguage":"de"},{"@type":"Organization","@id":"https:\/\/now-news.de\/de\/#organization","name":"Just Now News","url":"https:\/\/now-news.de\/de\/","logo":{"@type":"ImageObject","inLanguage":"de","@id":"https:\/\/now-news.de\/de\/#\/schema\/logo\/image\/","url":"http:\/\/just-now.news\/de\/wp-content\/uploads\/sites\/3\/2022\/04\/logo500x500.jpg","contentUrl":"http:\/\/just-now.news\/de\/wp-content\/uploads\/sites\/3\/2022\/04\/logo500x500.jpg","width":500,"height":500,"caption":"Just Now News"},"image":{"@id":"https:\/\/now-news.de\/de\/#\/schema\/logo\/image\/"},"sameAs":["https:\/\/www.facebook.com\/wirmachenauf","https:\/\/x.com\/WirMachenAuf_de"]},{"@type":"Person","@id":"https:\/\/now-news.de\/de\/#\/schema\/person\/fb534a4e865501d8b3285208df34a9b5","name":"rtnews","image":{"@type":"ImageObject","inLanguage":"de","@id":"https:\/\/now-news.de\/de\/#\/schema\/person\/image\/","url":"https:\/\/secure.gravatar.com\/avatar\/82aafea7d8127119dd649515f56e2117?s=96&d=mm&r=g","contentUrl":"https:\/\/secure.gravatar.com\/avatar\/82aafea7d8127119dd649515f56e2117?s=96&d=mm&r=g","caption":"rtnews"},"url":"https:\/\/now-news.de\/de\/author\/rnews\/"}]}},"_links":{"self":[{"href":"https:\/\/now-news.de\/de\/wp-json\/wp\/v2\/posts\/439"}],"collection":[{"href":"https:\/\/now-news.de\/de\/wp-json\/wp\/v2\/posts"}],"about":[{"href":"https:\/\/now-news.de\/de\/wp-json\/wp\/v2\/types\/post"}],"author":[{"embeddable":true,"href":"https:\/\/now-news.de\/de\/wp-json\/wp\/v2\/users\/3"}],"replies":[{"embeddable":true,"href":"https:\/\/now-news.de\/de\/wp-json\/wp\/v2\/comments?post=439"}],"version-history":[{"count":0,"href":"https:\/\/now-news.de\/de\/wp-json\/wp\/v2\/posts\/439\/revisions"}],"wp:featuredmedia":[{"embeddable":true,"href":"https:\/\/now-news.de\/de\/wp-json\/wp\/v2\/media\/440"}],"wp:attachment":[{"href":"https:\/\/now-news.de\/de\/wp-json\/wp\/v2\/media?parent=439"}],"wp:term":[{"taxonomy":"category","embeddable":true,"href":"https:\/\/now-news.de\/de\/wp-json\/wp\/v2\/categories?post=439"},{"taxonomy":"post_tag","embeddable":true,"href":"https:\/\/now-news.de\/de\/wp-json\/wp\/v2\/tags?post=439"}],"curies":[{"name":"wp","href":"https:\/\/api.w.org\/{rel}","templated":true}]}}