{"id":4321,"date":"2021-12-02T21:20:13","date_gmt":"2021-12-02T19:20:13","guid":{"rendered":"http:\/\/just-now.news\/de\/great-reset\/greatvideos\/ende-einer-aera-grosser-zapfenstreich-fuer-angela-merkel-zdf-spezial\/"},"modified":"2021-12-02T21:20:13","modified_gmt":"2021-12-02T19:20:13","slug":"ende-einer-aera-grosser-zapfenstreich-fuer-angela-merkel-zdf-spezial","status":"publish","type":"post","link":"https:\/\/now-news.de\/de\/great-reset\/greatvideos\/ende-einer-aera-grosser-zapfenstreich-fuer-angela-merkel-zdf-spezial\/","title":{"rendered":"Ende einer \u00c4ra &#8211; Gro\u00dfer Zapfenstreich f\u00fcr Angela Merkel | ZDF-Spezial"},"content":{"rendered":"<p><iframe loading=\"lazy\"  width=\"580\" height=\"385\" src=\"https:\/\/www.youtube.com\/embed\/yi0MwOAhEtE?modestbranding=1\" frameborder=\"0\" allowfullscreen><\/iframe><br \/>\n<br \/>01:34 Rede Angela Merkel<br \/>\n16:20 &#8220;Du hast den Farbfilm vergessen&#8221; (Nina Hagen)<br \/>\n18:42 &#8220;F\u00fcr mich soll&#8217;s rote Rosen regnen&#8221; (Hildegard Knef)<br \/>\n22:46 &#8220;Gro\u00dfer Gott, wir loben dich&#8221; (Kirchenlied)<br \/>\n25:43 Gro\u00dfer Zapfenstreich<\/p>\n<p>Angela Merkel wurde am 2. Dezember mit einem Gro\u00dfen Zapfenstreich als Kanzlerin verabschiedet. Die Zeremonie fand auf dem Gel\u00e4nde des Verteidigungsministeriums statt. Das ZDF \u00fcbertrug den Zapfenstreich live, moderiert von Bettina Schausten und ihren Co-Moderatoren: dem Politikwissenschaftler Prof. Karl-Rudolf Korte und Oberstleutnant Sven Homann.<\/p>\n<p>&#8212;&#8211; <\/p>\n<p>Hier auf ZDFheute Nachrichten erfahrt ihr, was auf der Welt passiert und was uns alle etwas angeht: Wir sorgen f\u00fcr Durchblick in der Nachrichtenwelt, erkl\u00e4ren die Hintergr\u00fcnde und gehen auf gesellschaftliche Debatten ein. Diskutiert in Livestreams mit uns und bildet euch eure eigene Meinung mit den Fakten, die wir euch pr\u00e4sentieren.<\/p>\n<p>Abonniert unseren Kanal, um nichts mehr zu verpassen.<\/p>\n<p>Immer auf dem aktuellen Stand seid ihr auf http:\/\/www.ZDFheute.de\/.<\/p>\n<p>#ZDFspezial #Merkel #Zapfenstreich<br \/>\n<br \/><a href=\"https:\/\/www.youtube.com\/watch?v=yi0MwOAhEtE\">source<\/a><\/p>\n","protected":false},"excerpt":{"rendered":"<p>01:34 Rede Angela Merkel 16:20 &#8220;Du hast den Farbfilm vergessen&#8221; (Nina Hagen) 18:42 &#8220;F\u00fcr mich soll&#8217;s rote Rosen regnen&#8221; (Hildegard Knef) 22:46 &#8220;Gro\u00dfer Gott, wir loben dich&#8221; (Kirchenlied) 25:43 Gro\u00dfer Zapfenstreich Angela Merkel wurde am 2. Dezember mit einem Gro\u00dfen Zapfenstreich als Kanzlerin verabschiedet. Die Zeremonie fand auf dem Gel\u00e4nde des Verteidigungsministeriums statt. Das ZDF [&hellip;]<\/p>\n","protected":false},"author":5,"featured_media":4322,"comment_status":"open","ping_status":"open","sticky":false,"template":"","format":"standard","meta":{"wp_automatic_camp":["168"],"316b25a9fa9cb50804d24b9ecc458249":["Ende einer \u00c4ra - Gro\u00dfer Zapfenstreich f\u00fcr Angela Merkel | ZDF-Spezial"],"original_link":["https:\/\/www.youtube.com\/watch?v=yi0MwOAhEtE"],"_thumbnail_id":["4322"],"wp_automatic_remove_first_image":["yes"],"jnews_social_counter_last_update":["1777486300"]},"categories":[53],"tags":[54,5677,12171,12176,12173,12174,212,5375,221,11211,12175,55,12172,10422,12177,3812,12169,12170,12178],"yoast_head":"<!-- This site is optimized with the Yoast SEO Premium plugin v22.7 (Yoast SEO v22.7) - https:\/\/yoast.com\/wordpress\/plugins\/seo\/ -->\n<title>Ende einer \u00c4ra - Gro\u00dfer Zapfenstreich f\u00fcr Angela Merkel | ZDF-Spezial - just-now.NEWS Deutschland<\/title>\n<meta name=\"robots\" content=\"index, follow, max-snippet:-1, max-image-preview:large, max-video-preview:-1\" \/>\n<link rel=\"canonical\" href=\"https:\/\/now-news.de\/de\/great-reset\/greatvideos\/ende-einer-aera-grosser-zapfenstreich-fuer-angela-merkel-zdf-spezial\/\" \/>\n<meta property=\"og:locale\" content=\"de_DE\" \/>\n<meta property=\"og:type\" content=\"article\" \/>\n<meta property=\"og:title\" content=\"Ende einer \u00c4ra - Gro\u00dfer Zapfenstreich f\u00fcr Angela Merkel | ZDF-Spezial\" \/>\n<meta property=\"og:description\" content=\"01:34 Rede Angela Merkel 16:20 &#8220;Du hast den Farbfilm vergessen&#8221; (Nina Hagen) 18:42 &#8220;F\u00fcr mich soll&#8217;s rote Rosen regnen&#8221; (Hildegard Knef) 22:46 &#8220;Gro\u00dfer Gott, wir loben dich&#8221; (Kirchenlied) 25:43 Gro\u00dfer Zapfenstreich Angela Merkel wurde am 2. Dezember mit einem Gro\u00dfen Zapfenstreich als Kanzlerin verabschiedet. Die Zeremonie fand auf dem Gel\u00e4nde des Verteidigungsministeriums statt. Das ZDF [&hellip;]\" \/>\n<meta property=\"og:url\" content=\"https:\/\/now-news.de\/de\/great-reset\/greatvideos\/ende-einer-aera-grosser-zapfenstreich-fuer-angela-merkel-zdf-spezial\/\" \/>\n<meta property=\"og:site_name\" content=\"just-now.NEWS Deutschland\" \/>\n<meta property=\"article:publisher\" content=\"https:\/\/www.facebook.com\/wirmachenauf\" \/>\n<meta property=\"article:published_time\" content=\"2021-12-02T19:20:13+00:00\" \/>\n<meta property=\"og:image\" content=\"https:\/\/now-news.de\/de\/wp-content\/uploads\/sites\/3\/2022\/04\/Ende-einer-Aera-Grosser-Zapfenstreich-fuer-Angela-Merkel.jpg\" \/>\n\t<meta property=\"og:image:width\" content=\"1280\" \/>\n\t<meta property=\"og:image:height\" content=\"720\" \/>\n\t<meta property=\"og:image:type\" content=\"image\/jpeg\" \/>\n<meta name=\"author\" content=\"greatreset\" \/>\n<meta name=\"twitter:card\" content=\"summary_large_image\" \/>\n<meta name=\"twitter:creator\" content=\"@WirMachenAuf_de\" \/>\n<meta name=\"twitter:site\" content=\"@WirMachenAuf_de\" \/>\n<meta name=\"twitter:label1\" content=\"Verfasst von\" \/>\n\t<meta name=\"twitter:data1\" content=\"greatreset\" \/>\n\t<meta name=\"twitter:label2\" content=\"Gesch\u00e4tzte Lesezeit\" \/>\n\t<meta name=\"twitter:data2\" content=\"1\u00a0Minute\" \/>\n<script type=\"application\/ld+json\" class=\"yoast-schema-graph\">{\"@context\":\"https:\/\/schema.org\",\"@graph\":[{\"@type\":\"Article\",\"@id\":\"https:\/\/now-news.de\/de\/great-reset\/greatvideos\/ende-einer-aera-grosser-zapfenstreich-fuer-angela-merkel-zdf-spezial\/#article\",\"isPartOf\":{\"@id\":\"https:\/\/now-news.de\/de\/great-reset\/greatvideos\/ende-einer-aera-grosser-zapfenstreich-fuer-angela-merkel-zdf-spezial\/\"},\"author\":{\"name\":\"greatreset\",\"@id\":\"https:\/\/now-news.de\/de\/#\/schema\/person\/8afb4cd92b68572db7902c13a349ffcb\"},\"headline\":\"Ende einer \u00c4ra &#8211; Gro\u00dfer Zapfenstreich f\u00fcr Angela Merkel | ZDF-Spezial\",\"datePublished\":\"2021-12-02T19:20:13+00:00\",\"dateModified\":\"2021-12-02T19:20:13+00:00\",\"mainEntityOfPage\":{\"@id\":\"https:\/\/now-news.de\/de\/great-reset\/greatvideos\/ende-einer-aera-grosser-zapfenstreich-fuer-angela-merkel-zdf-spezial\/\"},\"wordCount\":167,\"commentCount\":0,\"publisher\":{\"@id\":\"https:\/\/now-news.de\/de\/#organization\"},\"image\":{\"@id\":\"https:\/\/now-news.de\/de\/great-reset\/greatvideos\/ende-einer-aera-grosser-zapfenstreich-fuer-angela-merkel-zdf-spezial\/#primaryimage\"},\"thumbnailUrl\":\"https:\/\/now-news.de\/de\/wp-content\/uploads\/sites\/3\/2022\/04\/Ende-einer-Aera-Grosser-Zapfenstreich-fuer-Angela-Merkel.jpg\",\"keywords\":[\"Angela\",\"Angela Merkel\",\"angela merkel zapfenstreich\",\"\u00c4ra\",\"bundeskanzlerin angela merkel\",\"bundeskanzlerin zapfenstreich\",\"einer\",\"Ende\",\"f\u00fcr\",\"gr\u00f6\u00dfer\",\"kanzlerin merkel zapfenstreich\",\"Merkel\",\"merkel gro\u00dfer zapfenstreich\",\"nachrichten aktuell\",\"Zapfenstreich\",\"ZDF\",\"ZDFheute\",\"ZDFheute Nachrichten\",\"ZDFSpezial\"],\"articleSection\":[\"GreatVideos\"],\"inLanguage\":\"de\",\"potentialAction\":[{\"@type\":\"CommentAction\",\"name\":\"Comment\",\"target\":[\"https:\/\/now-news.de\/de\/great-reset\/greatvideos\/ende-einer-aera-grosser-zapfenstreich-fuer-angela-merkel-zdf-spezial\/#respond\"]}]},{\"@type\":\"WebPage\",\"@id\":\"https:\/\/now-news.de\/de\/great-reset\/greatvideos\/ende-einer-aera-grosser-zapfenstreich-fuer-angela-merkel-zdf-spezial\/\",\"url\":\"https:\/\/now-news.de\/de\/great-reset\/greatvideos\/ende-einer-aera-grosser-zapfenstreich-fuer-angela-merkel-zdf-spezial\/\",\"name\":\"Ende einer \u00c4ra - Gro\u00dfer Zapfenstreich f\u00fcr Angela Merkel | ZDF-Spezial - just-now.NEWS Deutschland\",\"isPartOf\":{\"@id\":\"https:\/\/now-news.de\/de\/#website\"},\"primaryImageOfPage\":{\"@id\":\"https:\/\/now-news.de\/de\/great-reset\/greatvideos\/ende-einer-aera-grosser-zapfenstreich-fuer-angela-merkel-zdf-spezial\/#primaryimage\"},\"image\":{\"@id\":\"https:\/\/now-news.de\/de\/great-reset\/greatvideos\/ende-einer-aera-grosser-zapfenstreich-fuer-angela-merkel-zdf-spezial\/#primaryimage\"},\"thumbnailUrl\":\"https:\/\/now-news.de\/de\/wp-content\/uploads\/sites\/3\/2022\/04\/Ende-einer-Aera-Grosser-Zapfenstreich-fuer-Angela-Merkel.jpg\",\"datePublished\":\"2021-12-02T19:20:13+00:00\",\"dateModified\":\"2021-12-02T19:20:13+00:00\",\"breadcrumb\":{\"@id\":\"https:\/\/now-news.de\/de\/great-reset\/greatvideos\/ende-einer-aera-grosser-zapfenstreich-fuer-angela-merkel-zdf-spezial\/#breadcrumb\"},\"inLanguage\":\"de\",\"potentialAction\":[{\"@type\":\"ReadAction\",\"target\":[\"https:\/\/now-news.de\/de\/great-reset\/greatvideos\/ende-einer-aera-grosser-zapfenstreich-fuer-angela-merkel-zdf-spezial\/\"]}]},{\"@type\":\"ImageObject\",\"inLanguage\":\"de\",\"@id\":\"https:\/\/now-news.de\/de\/great-reset\/greatvideos\/ende-einer-aera-grosser-zapfenstreich-fuer-angela-merkel-zdf-spezial\/#primaryimage\",\"url\":\"https:\/\/now-news.de\/de\/wp-content\/uploads\/sites\/3\/2022\/04\/Ende-einer-Aera-Grosser-Zapfenstreich-fuer-Angela-Merkel.jpg\",\"contentUrl\":\"https:\/\/now-news.de\/de\/wp-content\/uploads\/sites\/3\/2022\/04\/Ende-einer-Aera-Grosser-Zapfenstreich-fuer-Angela-Merkel.jpg\",\"width\":1280,\"height\":720},{\"@type\":\"BreadcrumbList\",\"@id\":\"https:\/\/now-news.de\/de\/great-reset\/greatvideos\/ende-einer-aera-grosser-zapfenstreich-fuer-angela-merkel-zdf-spezial\/#breadcrumb\",\"itemListElement\":[{\"@type\":\"ListItem\",\"position\":1,\"name\":\"Home\",\"item\":\"https:\/\/now-news.de\/de\/\"},{\"@type\":\"ListItem\",\"position\":2,\"name\":\"Ende einer \u00c4ra &#8211; Gro\u00dfer Zapfenstreich f\u00fcr Angela Merkel | ZDF-Spezial\"}]},{\"@type\":\"WebSite\",\"@id\":\"https:\/\/now-news.de\/de\/#website\",\"url\":\"https:\/\/now-news.de\/de\/\",\"name\":\"just-now.NEWS Deutschland\",\"description\":\"Das Portal f\u00fcr unzensierte Nachrichten aus der Welt\",\"publisher\":{\"@id\":\"https:\/\/now-news.de\/de\/#organization\"},\"potentialAction\":[{\"@type\":\"SearchAction\",\"target\":{\"@type\":\"EntryPoint\",\"urlTemplate\":\"https:\/\/now-news.de\/de\/?s={search_term_string}\"},\"query-input\":\"required name=search_term_string\"}],\"inLanguage\":\"de\"},{\"@type\":\"Organization\",\"@id\":\"https:\/\/now-news.de\/de\/#organization\",\"name\":\"Just Now News\",\"url\":\"https:\/\/now-news.de\/de\/\",\"logo\":{\"@type\":\"ImageObject\",\"inLanguage\":\"de\",\"@id\":\"https:\/\/now-news.de\/de\/#\/schema\/logo\/image\/\",\"url\":\"http:\/\/just-now.news\/de\/wp-content\/uploads\/sites\/3\/2022\/04\/logo500x500.jpg\",\"contentUrl\":\"http:\/\/just-now.news\/de\/wp-content\/uploads\/sites\/3\/2022\/04\/logo500x500.jpg\",\"width\":500,\"height\":500,\"caption\":\"Just Now News\"},\"image\":{\"@id\":\"https:\/\/now-news.de\/de\/#\/schema\/logo\/image\/\"},\"sameAs\":[\"https:\/\/www.facebook.com\/wirmachenauf\",\"https:\/\/x.com\/WirMachenAuf_de\"]},{\"@type\":\"Person\",\"@id\":\"https:\/\/now-news.de\/de\/#\/schema\/person\/8afb4cd92b68572db7902c13a349ffcb\",\"name\":\"greatreset\",\"image\":{\"@type\":\"ImageObject\",\"inLanguage\":\"de\",\"@id\":\"https:\/\/now-news.de\/de\/#\/schema\/person\/image\/\",\"url\":\"https:\/\/secure.gravatar.com\/avatar\/a088df625d49991c090e78c8b9542592?s=96&d=mm&r=g\",\"contentUrl\":\"https:\/\/secure.gravatar.com\/avatar\/a088df625d49991c090e78c8b9542592?s=96&d=mm&r=g\",\"caption\":\"greatreset\"},\"url\":\"https:\/\/now-news.de\/de\/author\/greatreset\/\"}]}<\/script>\n<!-- \/ Yoast SEO Premium plugin. -->","yoast_head_json":{"title":"Ende einer \u00c4ra - Gro\u00dfer Zapfenstreich f\u00fcr Angela Merkel | ZDF-Spezial - just-now.NEWS Deutschland","robots":{"index":"index","follow":"follow","max-snippet":"max-snippet:-1","max-image-preview":"max-image-preview:large","max-video-preview":"max-video-preview:-1"},"canonical":"https:\/\/now-news.de\/de\/great-reset\/greatvideos\/ende-einer-aera-grosser-zapfenstreich-fuer-angela-merkel-zdf-spezial\/","og_locale":"de_DE","og_type":"article","og_title":"Ende einer \u00c4ra - Gro\u00dfer Zapfenstreich f\u00fcr Angela Merkel | ZDF-Spezial","og_description":"01:34 Rede Angela Merkel 16:20 &#8220;Du hast den Farbfilm vergessen&#8221; (Nina Hagen) 18:42 &#8220;F\u00fcr mich soll&#8217;s rote Rosen regnen&#8221; (Hildegard Knef) 22:46 &#8220;Gro\u00dfer Gott, wir loben dich&#8221; (Kirchenlied) 25:43 Gro\u00dfer Zapfenstreich Angela Merkel wurde am 2. Dezember mit einem Gro\u00dfen Zapfenstreich als Kanzlerin verabschiedet. Die Zeremonie fand auf dem Gel\u00e4nde des Verteidigungsministeriums statt. Das ZDF [&hellip;]","og_url":"https:\/\/now-news.de\/de\/great-reset\/greatvideos\/ende-einer-aera-grosser-zapfenstreich-fuer-angela-merkel-zdf-spezial\/","og_site_name":"just-now.NEWS Deutschland","article_publisher":"https:\/\/www.facebook.com\/wirmachenauf","article_published_time":"2021-12-02T19:20:13+00:00","og_image":[{"width":1280,"height":720,"url":"https:\/\/now-news.de\/de\/wp-content\/uploads\/sites\/3\/2022\/04\/Ende-einer-Aera-Grosser-Zapfenstreich-fuer-Angela-Merkel.jpg","type":"image\/jpeg"}],"author":"greatreset","twitter_card":"summary_large_image","twitter_creator":"@WirMachenAuf_de","twitter_site":"@WirMachenAuf_de","twitter_misc":{"Verfasst von":"greatreset","Gesch\u00e4tzte Lesezeit":"1\u00a0Minute"},"schema":{"@context":"https:\/\/schema.org","@graph":[{"@type":"Article","@id":"https:\/\/now-news.de\/de\/great-reset\/greatvideos\/ende-einer-aera-grosser-zapfenstreich-fuer-angela-merkel-zdf-spezial\/#article","isPartOf":{"@id":"https:\/\/now-news.de\/de\/great-reset\/greatvideos\/ende-einer-aera-grosser-zapfenstreich-fuer-angela-merkel-zdf-spezial\/"},"author":{"name":"greatreset","@id":"https:\/\/now-news.de\/de\/#\/schema\/person\/8afb4cd92b68572db7902c13a349ffcb"},"headline":"Ende einer \u00c4ra &#8211; Gro\u00dfer Zapfenstreich f\u00fcr Angela Merkel | ZDF-Spezial","datePublished":"2021-12-02T19:20:13+00:00","dateModified":"2021-12-02T19:20:13+00:00","mainEntityOfPage":{"@id":"https:\/\/now-news.de\/de\/great-reset\/greatvideos\/ende-einer-aera-grosser-zapfenstreich-fuer-angela-merkel-zdf-spezial\/"},"wordCount":167,"commentCount":0,"publisher":{"@id":"https:\/\/now-news.de\/de\/#organization"},"image":{"@id":"https:\/\/now-news.de\/de\/great-reset\/greatvideos\/ende-einer-aera-grosser-zapfenstreich-fuer-angela-merkel-zdf-spezial\/#primaryimage"},"thumbnailUrl":"https:\/\/now-news.de\/de\/wp-content\/uploads\/sites\/3\/2022\/04\/Ende-einer-Aera-Grosser-Zapfenstreich-fuer-Angela-Merkel.jpg","keywords":["Angela","Angela Merkel","angela merkel zapfenstreich","\u00c4ra","bundeskanzlerin angela merkel","bundeskanzlerin zapfenstreich","einer","Ende","f\u00fcr","gr\u00f6\u00dfer","kanzlerin merkel zapfenstreich","Merkel","merkel gro\u00dfer zapfenstreich","nachrichten aktuell","Zapfenstreich","ZDF","ZDFheute","ZDFheute Nachrichten","ZDFSpezial"],"articleSection":["GreatVideos"],"inLanguage":"de","potentialAction":[{"@type":"CommentAction","name":"Comment","target":["https:\/\/now-news.de\/de\/great-reset\/greatvideos\/ende-einer-aera-grosser-zapfenstreich-fuer-angela-merkel-zdf-spezial\/#respond"]}]},{"@type":"WebPage","@id":"https:\/\/now-news.de\/de\/great-reset\/greatvideos\/ende-einer-aera-grosser-zapfenstreich-fuer-angela-merkel-zdf-spezial\/","url":"https:\/\/now-news.de\/de\/great-reset\/greatvideos\/ende-einer-aera-grosser-zapfenstreich-fuer-angela-merkel-zdf-spezial\/","name":"Ende einer \u00c4ra - Gro\u00dfer Zapfenstreich f\u00fcr Angela Merkel | ZDF-Spezial - just-now.NEWS Deutschland","isPartOf":{"@id":"https:\/\/now-news.de\/de\/#website"},"primaryImageOfPage":{"@id":"https:\/\/now-news.de\/de\/great-reset\/greatvideos\/ende-einer-aera-grosser-zapfenstreich-fuer-angela-merkel-zdf-spezial\/#primaryimage"},"image":{"@id":"https:\/\/now-news.de\/de\/great-reset\/greatvideos\/ende-einer-aera-grosser-zapfenstreich-fuer-angela-merkel-zdf-spezial\/#primaryimage"},"thumbnailUrl":"https:\/\/now-news.de\/de\/wp-content\/uploads\/sites\/3\/2022\/04\/Ende-einer-Aera-Grosser-Zapfenstreich-fuer-Angela-Merkel.jpg","datePublished":"2021-12-02T19:20:13+00:00","dateModified":"2021-12-02T19:20:13+00:00","breadcrumb":{"@id":"https:\/\/now-news.de\/de\/great-reset\/greatvideos\/ende-einer-aera-grosser-zapfenstreich-fuer-angela-merkel-zdf-spezial\/#breadcrumb"},"inLanguage":"de","potentialAction":[{"@type":"ReadAction","target":["https:\/\/now-news.de\/de\/great-reset\/greatvideos\/ende-einer-aera-grosser-zapfenstreich-fuer-angela-merkel-zdf-spezial\/"]}]},{"@type":"ImageObject","inLanguage":"de","@id":"https:\/\/now-news.de\/de\/great-reset\/greatvideos\/ende-einer-aera-grosser-zapfenstreich-fuer-angela-merkel-zdf-spezial\/#primaryimage","url":"https:\/\/now-news.de\/de\/wp-content\/uploads\/sites\/3\/2022\/04\/Ende-einer-Aera-Grosser-Zapfenstreich-fuer-Angela-Merkel.jpg","contentUrl":"https:\/\/now-news.de\/de\/wp-content\/uploads\/sites\/3\/2022\/04\/Ende-einer-Aera-Grosser-Zapfenstreich-fuer-Angela-Merkel.jpg","width":1280,"height":720},{"@type":"BreadcrumbList","@id":"https:\/\/now-news.de\/de\/great-reset\/greatvideos\/ende-einer-aera-grosser-zapfenstreich-fuer-angela-merkel-zdf-spezial\/#breadcrumb","itemListElement":[{"@type":"ListItem","position":1,"name":"Home","item":"https:\/\/now-news.de\/de\/"},{"@type":"ListItem","position":2,"name":"Ende einer \u00c4ra &#8211; Gro\u00dfer Zapfenstreich f\u00fcr Angela Merkel | ZDF-Spezial"}]},{"@type":"WebSite","@id":"https:\/\/now-news.de\/de\/#website","url":"https:\/\/now-news.de\/de\/","name":"just-now.NEWS Deutschland","description":"Das Portal f\u00fcr unzensierte Nachrichten aus der Welt","publisher":{"@id":"https:\/\/now-news.de\/de\/#organization"},"potentialAction":[{"@type":"SearchAction","target":{"@type":"EntryPoint","urlTemplate":"https:\/\/now-news.de\/de\/?s={search_term_string}"},"query-input":"required name=search_term_string"}],"inLanguage":"de"},{"@type":"Organization","@id":"https:\/\/now-news.de\/de\/#organization","name":"Just Now News","url":"https:\/\/now-news.de\/de\/","logo":{"@type":"ImageObject","inLanguage":"de","@id":"https:\/\/now-news.de\/de\/#\/schema\/logo\/image\/","url":"http:\/\/just-now.news\/de\/wp-content\/uploads\/sites\/3\/2022\/04\/logo500x500.jpg","contentUrl":"http:\/\/just-now.news\/de\/wp-content\/uploads\/sites\/3\/2022\/04\/logo500x500.jpg","width":500,"height":500,"caption":"Just Now News"},"image":{"@id":"https:\/\/now-news.de\/de\/#\/schema\/logo\/image\/"},"sameAs":["https:\/\/www.facebook.com\/wirmachenauf","https:\/\/x.com\/WirMachenAuf_de"]},{"@type":"Person","@id":"https:\/\/now-news.de\/de\/#\/schema\/person\/8afb4cd92b68572db7902c13a349ffcb","name":"greatreset","image":{"@type":"ImageObject","inLanguage":"de","@id":"https:\/\/now-news.de\/de\/#\/schema\/person\/image\/","url":"https:\/\/secure.gravatar.com\/avatar\/a088df625d49991c090e78c8b9542592?s=96&d=mm&r=g","contentUrl":"https:\/\/secure.gravatar.com\/avatar\/a088df625d49991c090e78c8b9542592?s=96&d=mm&r=g","caption":"greatreset"},"url":"https:\/\/now-news.de\/de\/author\/greatreset\/"}]}},"_links":{"self":[{"href":"https:\/\/now-news.de\/de\/wp-json\/wp\/v2\/posts\/4321"}],"collection":[{"href":"https:\/\/now-news.de\/de\/wp-json\/wp\/v2\/posts"}],"about":[{"href":"https:\/\/now-news.de\/de\/wp-json\/wp\/v2\/types\/post"}],"author":[{"embeddable":true,"href":"https:\/\/now-news.de\/de\/wp-json\/wp\/v2\/users\/5"}],"replies":[{"embeddable":true,"href":"https:\/\/now-news.de\/de\/wp-json\/wp\/v2\/comments?post=4321"}],"version-history":[{"count":0,"href":"https:\/\/now-news.de\/de\/wp-json\/wp\/v2\/posts\/4321\/revisions"}],"wp:featuredmedia":[{"embeddable":true,"href":"https:\/\/now-news.de\/de\/wp-json\/wp\/v2\/media\/4322"}],"wp:attachment":[{"href":"https:\/\/now-news.de\/de\/wp-json\/wp\/v2\/media?parent=4321"}],"wp:term":[{"taxonomy":"category","embeddable":true,"href":"https:\/\/now-news.de\/de\/wp-json\/wp\/v2\/categories?post=4321"},{"taxonomy":"post_tag","embeddable":true,"href":"https:\/\/now-news.de\/de\/wp-json\/wp\/v2\/tags?post=4321"}],"curies":[{"name":"wp","href":"https:\/\/api.w.org\/{rel}","templated":true}]}}