{"id":42341,"date":"2023-08-20T17:21:44","date_gmt":"2023-08-20T15:21:44","guid":{"rendered":"https:\/\/just-now.news\/de\/deutschland\/messermord-in-wittlich-%e2%80%92-verdaechtige-sind-us-soldaten\/"},"modified":"2023-08-20T17:21:44","modified_gmt":"2023-08-20T15:21:44","slug":"messermord-in-wittlich-%e2%80%92-verdaechtige-sind-us-soldaten","status":"publish","type":"post","link":"https:\/\/now-news.de\/de\/deutschland\/messermord-in-wittlich-%e2%80%92-verdaechtige-sind-us-soldaten\/","title":{"rendered":"Messermord in Wittlich \u2012 Verd\u00e4chtige sind US-Soldaten"},"content":{"rendered":"<p><img decoding=\"async\" src=\"http:\/\/just-now.news\/de\/wp-content\/uploads\/sites\/3\/2023\/08\/64e225fdb480cc60bf18920c.jpg\" \/><\/p>\n<div class=\"Text-root Text-type_1 \">\n                Zwei US-Milit\u00e4rangeh\u00f6rige werden verd\u00e4chtigt, Freitagnacht in Wittlich im Umfeld der dortigen Kirmes einen 28-j\u00e4hrigen Deutschen erstochen zu haben. Sie wurden am Samstag festgenommen, am Sonntag aber den US-Beh\u00f6rden \u00fcbergeben.\n            <\/div>\n<p><\/p>\n<div class=\"Text-root Text-type_5 ArticleView-text ViewText-root \">\n<p>Die Polizeidirektion Trier teilte\u00a0am Sonntag mit, dass die Verd\u00e4chtigen der Messerstecherei im Umfeld der S\u00e4ubrennerkirmes in Wittlich den US-Beh\u00f6rden \u00fcbergeben worden seien.<\/p>\n<p>In der Nacht zum Samstag war es kurz vor drei Uhr morgens zu einem Streit in der rheinland-pf\u00e4lzischen Kleinstadt gekommen, bei dem ein 28-j\u00e4hriger Wittlicher in der N\u00e4he seiner Wohnung erstochen wurde. Das Tatwerkzeug <a rel=\"nofollow noopener\" target=\"_blank\" href=\"https:\/\/lokalo.de\/artikel\/303685\/bluttat-von-wittlich-noch-keine-festnahme-messer-in-der-lieser-gefunden-bilder-vom-ort-des-verbrechens\/\">soll<\/a> im nahe gelegenen Fluss Lieser gefunden worden sein. Im Verlauf des Samstags konnten zwei tatverd\u00e4chtige M\u00e4nner ausfindig gemacht werden. Allerdings stellte sich heraus, dass es sich dabei um zwei US-Soldaten handelt.<\/p>\n<p>Etwa die H\u00e4lfte aller in Deutschland stationierten US-Soldaten findet sich in Rheinland-Pfalz. Es handelt sich um etwa 18.500 Soldaten, 12.000 Zivilbesch\u00e4ftigte und 25.000 Familienangeh\u00f6rige. Zu den US-Einrichtungen in Rheinland-Pfalz geh\u00f6ren unter anderem das Hauptquartier der US-Luftwaffe in Europa in Ramstein und das riesige Milit\u00e4rkrankenhaus in Landstuhl. F\u00fcr die 131 Millionen Euro, die diese Truppenstationierung im Jahr 2022 <a rel=\"nofollow noopener\" target=\"_blank\" href=\"https:\/\/www.zeit.de\/wirtschaft\/2023-05\/deutschland-stationierung-nato-soldaten-ausgaben\">kostete<\/a>, kommen die deutschen Steuerzahler auf.<\/p>\n<p>Die S\u00e4ubrennerkirmes findet, trotz ihres altert\u00fcmlich wirkenden Namens, erst seit 1950 in Wittlich statt. Es handelt sich um einen klassischen Jahrmarkt, auf dem sich Unterhaltung, Rummel und Gewerbe mischen. Die Besucher kommen aus der gesamten Region. Eigentlich wird das Fest, das am Wochenende nach dem 16. August beginnt, infolge der Er\u00f6ffnung am Freitagabend mit einem Festumzug am Samstag eingeleitet. Wegen der Bluttat wurde der Umzug f\u00fcr dieses Jahr abgesagt\u00a0\u2012 die Strecke h\u00e4tte direkt am Tatort vorbeigef\u00fchrt. Es sei sogar, so <a rel=\"nofollow noopener\" target=\"_blank\" href=\"https:\/\/www.swr.de\/swraktuell\/rheinland-pfalz\/trier\/festnahmen-toedlicher-streit-wittlich-kirmes-zwei-verdaechtige-100.html\">Aussagen<\/a> des Pressesprechers der Stadt, \u00fcberlegt worden, die ganze Kirmes abzusagen, aber man habe sich doch dagegen entschieden.<\/p>\n<p>Das NATO-Truppenstatut sieht vor, dass Angeh\u00f6rige von NATO-Armeen, die in einem anderen NATO-Land Straftaten begehen, von ihrem eigenen Land vor Gericht gestellt werden. Die beiden US-Milit\u00e4rangeh\u00f6rigen, die der Tat verd\u00e4chtig und 25 bzw. 26 Jahre alt sind, wurden dementsprechend den US-Ermittlungsbeh\u00f6rden \u00fcbergeben. So <a rel=\"nofollow noopener\" target=\"_blank\" href=\"https:\/\/www.presseportal.de\/blaulicht\/pm\/117701\/5584170\">meldete<\/a>\u00a0das Polizeipr\u00e4sidium Trier heute:<\/p>\n<blockquote>\n<p><em>&#8220;Die Staatsanwaltschaft Trier gibt daher das Verfahren, dem NATO-Truppenstatut entsprechend, an die amerikanischen Strafverfolgungsbeh\u00f6rden ab.\u00a0<\/em><\/p>\n<p><em>Aus diesem Grund wurde das Office of Special Investigations (OSI), die Ermittlungsbeh\u00f6rde der US Airbase Spangdahlem, fr\u00fchzeitig in die weiteren Ermittlungen eingebunden und \u00fcbernimmt diese ab dem heutigen Tag.<\/em><\/p>\n<p><em>Eine \u00dcbergabe der beiden gestern festgenommenen M\u00e4nner an die amerikanische Ermittlungsbeh\u00f6rde erfolgte soeben.&#8221;<\/em><\/p>\n<\/blockquote>\n<p>Spangdahlem liegt von Wittlich nur wenige Kilometer entfernt. Vermutlich sind die beiden Verd\u00e4chtigen dort stationiert.<\/p>\n<p>Die Erfahrungen mit der US-Strafverfolgung bei Straftaten in Deutschland sind bisher nicht gerade positiv. \u00dcber die Jahrzehnte hinweg <a rel=\"nofollow noopener\" target=\"_blank\" href=\"https:\/\/www.spiegel.de\/politik\/ausser-verfolgung-a-aa781928-0002-0001-0000-000045142674\">finden<\/a> sich immer wieder F\u00e4lle, in denen selbst bei Mord die US-amerikanischen T\u00e4ter gesch\u00fctzt wurden.<\/p>\n<p>Allerdings: <a rel=\"nofollow noopener\" target=\"_blank\" href=\"https:\/\/www.google.com\/url?sa=t&amp;rct=j&amp;q=&amp;esrc=s&amp;source=web&amp;cd=&amp;ved=2ahUKEwj11caStuuAAxVoXqQEHeOoAPcQFnoECA0QAQ&amp;url=https:\/\/treaties.un.org\/doc\/Publication\/UNTS\/Volume%20481\/volume-481-I-6986-Other.pdf&amp;usg=AOvVaw31PDdmD3WmkLxzUFBWFgst&amp;opi=89978449\">Gem\u00e4\u00df<\/a> Artikel 19, Absatz 3 des Zusatzabkommens zum NATO-Truppenstatut vom 1. Juli 1963 k\u00f6nnen die deutschen Beh\u00f6rden daf\u00fcr sorgen, dass dieser Fall vor einem deutschen Gericht verhandelt wird. Die Zust\u00e4ndigkeit US-amerikanischer Beh\u00f6rden ist n\u00e4mlich die Folge eines freiwilligen Verzichts auf die deutsche Strafverfolgung, um doppelte Verfahren zu verhindern, und dieser freiwillige Verzicht kann f\u00fcr einen konkreten Fall durch einen Einspruch innerhalb von 21 Tagen zur\u00fcckgenommen werden.<\/p>\n<p>Nach den Erl\u00e4uterungen zum Artikel 19 gilt das insbesondere f\u00fcr &#8220;Straftaten, durch die der Tod eines Menschen verursacht wird, Raub, Notzucht, soweit sich diese Straftaten nicht gegen ein Mitglied einer Truppe, eines zivilen Gefolges oder gegen einen Angeh\u00f6rigen richten&#8221;. Von dieser M\u00f6glichkeit wird durch die deutschen Beh\u00f6rden nur selten Gebrauch gemacht. Man wird abwarten m\u00fcssen, ob sie es in diesem Fall wagen.<\/p>\n<p>Eine offizielle Stellungnahme des US-Milit\u00e4rs zu den Festnahmen <a rel=\"nofollow noopener\" target=\"_blank\" href=\"https:\/\/home.army.mil\/rheinland-pfalz\/?fbclid=IwAR03blWtY53j5VGxduKso9_p-0ZBDvA8N0vGopfP0YhFRpxlyaU6HqhF1xk\">liegt<\/a> bisher noch nicht vor.<\/p>\n<p><strong>Mehr zum Thema<\/strong> &#8211; <a rel=\"nofollow noopener\" target=\"_blank\" href=\"https:\/\/freedert.online\/meinung\/176152-wie-regierung-kohl-souveraenitaet-verschenkte\/\">Russen zogen ab, US-Milit\u00e4r blieb: Wie die Regierung Kohl die Souver\u00e4nit\u00e4t verschenkte <\/a><\/p>\n<\/p>\n<\/p>\n<\/div>\n<p><br \/>\n<br \/><a href=\"https:\/\/de.rt.com\/inland\/178405-messermord-in-wittlich-taeter-sind\/\">Source link <\/a><\/p>\n","protected":false},"excerpt":{"rendered":"<p>Zwei US-Milit\u00e4rangeh\u00f6rige werden verd\u00e4chtigt, Freitagnacht in Wittlich im Umfeld der dortigen Kirmes einen 28-j\u00e4hrigen Deutschen erstochen zu haben. Sie wurden am Samstag festgenommen, am Sonntag aber den US-Beh\u00f6rden \u00fcbergeben. Die Polizeidirektion Trier teilte\u00a0am Sonntag mit, dass die Verd\u00e4chtigen der Messerstecherei im Umfeld der S\u00e4ubrennerkirmes in Wittlich den US-Beh\u00f6rden \u00fcbergeben worden seien. In der Nacht zum [&hellip;]<\/p>\n","protected":false},"author":3,"featured_media":42342,"comment_status":"open","ping_status":"open","sticky":false,"template":"","format":"standard","meta":{"_yoast_indexnow_last_ping":["1692545165"],"wp_automatic_camp":["217"],"84d174fa22143867ef9246c4fd12467b":["Messermord in Wittlich \u2012 Verd\u00e4chtige sind US-Soldaten"],"original_link":["https:\/\/de.rt.com\/inland\/178405-messermord-in-wittlich-taeter-sind\/"],"_thumbnail_id":["42342"],"jnews_social_counter_last_update":["1777353776"],"_wptgpro_p2tg_sent2tg":["a:1:{i:23737;s:19:\"2023-08-20 17:27:12\";}"]},"categories":[19,23],"tags":[47960,1046,19140,22436,47961],"yoast_head":"<!-- This site is optimized with the Yoast SEO Premium plugin v22.7 (Yoast SEO v22.7) - https:\/\/yoast.com\/wordpress\/plugins\/seo\/ -->\n<title>Messermord in Wittlich \u2012 Verd\u00e4chtige sind US-Soldaten - just-now.NEWS Deutschland<\/title>\n<meta name=\"robots\" content=\"index, follow, max-snippet:-1, max-image-preview:large, max-video-preview:-1\" \/>\n<link rel=\"canonical\" href=\"https:\/\/now-news.de\/de\/deutschland\/messermord-in-wittlich-\u2012-verdaechtige-sind-us-soldaten\/\" \/>\n<meta property=\"og:locale\" content=\"de_DE\" \/>\n<meta property=\"og:type\" content=\"article\" \/>\n<meta property=\"og:title\" content=\"Messermord in Wittlich \u2012 Verd\u00e4chtige sind US-Soldaten\" \/>\n<meta property=\"og:description\" content=\"Zwei US-Milit\u00e4rangeh\u00f6rige werden verd\u00e4chtigt, Freitagnacht in Wittlich im Umfeld der dortigen Kirmes einen 28-j\u00e4hrigen Deutschen erstochen zu haben. Sie wurden am Samstag festgenommen, am Sonntag aber den US-Beh\u00f6rden \u00fcbergeben. Die Polizeidirektion Trier teilte\u00a0am Sonntag mit, dass die Verd\u00e4chtigen der Messerstecherei im Umfeld der S\u00e4ubrennerkirmes in Wittlich den US-Beh\u00f6rden \u00fcbergeben worden seien. In der Nacht zum [&hellip;]\" \/>\n<meta property=\"og:url\" content=\"https:\/\/now-news.de\/de\/deutschland\/messermord-in-wittlich-\u2012-verdaechtige-sind-us-soldaten\/\" \/>\n<meta property=\"og:site_name\" content=\"just-now.NEWS Deutschland\" \/>\n<meta property=\"article:publisher\" content=\"https:\/\/www.facebook.com\/wirmachenauf\" \/>\n<meta property=\"article:published_time\" content=\"2023-08-20T15:21:44+00:00\" \/>\n<meta property=\"og:image\" content=\"https:\/\/now-news.de\/de\/wp-content\/uploads\/sites\/3\/2023\/08\/Messermord-in-Wittlich-\u2012-Verdaechtige-sind-US-Soldaten.jpg\" \/>\n\t<meta property=\"og:image:width\" content=\"460\" \/>\n\t<meta property=\"og:image:height\" content=\"259\" \/>\n\t<meta property=\"og:image:type\" content=\"image\/jpeg\" \/>\n<meta name=\"author\" content=\"rtnews\" \/>\n<meta name=\"twitter:card\" content=\"summary_large_image\" \/>\n<meta name=\"twitter:creator\" content=\"@WirMachenAuf_de\" \/>\n<meta name=\"twitter:site\" content=\"@WirMachenAuf_de\" \/>\n<meta name=\"twitter:label1\" content=\"Verfasst von\" \/>\n\t<meta name=\"twitter:data1\" content=\"rtnews\" \/>\n\t<meta name=\"twitter:label2\" content=\"Gesch\u00e4tzte Lesezeit\" \/>\n\t<meta name=\"twitter:data2\" content=\"3\u00a0Minuten\" \/>\n<script type=\"application\/ld+json\" class=\"yoast-schema-graph\">{\"@context\":\"https:\/\/schema.org\",\"@graph\":[{\"@type\":\"Article\",\"@id\":\"https:\/\/now-news.de\/de\/deutschland\/messermord-in-wittlich-%e2%80%92-verdaechtige-sind-us-soldaten\/#article\",\"isPartOf\":{\"@id\":\"https:\/\/now-news.de\/de\/deutschland\/messermord-in-wittlich-%e2%80%92-verdaechtige-sind-us-soldaten\/\"},\"author\":{\"name\":\"rtnews\",\"@id\":\"https:\/\/now-news.de\/de\/#\/schema\/person\/fb534a4e865501d8b3285208df34a9b5\"},\"headline\":\"Messermord in Wittlich \u2012 Verd\u00e4chtige sind US-Soldaten\",\"datePublished\":\"2023-08-20T15:21:44+00:00\",\"dateModified\":\"2023-08-20T15:21:44+00:00\",\"mainEntityOfPage\":{\"@id\":\"https:\/\/now-news.de\/de\/deutschland\/messermord-in-wittlich-%e2%80%92-verdaechtige-sind-us-soldaten\/\"},\"wordCount\":643,\"commentCount\":0,\"publisher\":{\"@id\":\"https:\/\/now-news.de\/de\/#organization\"},\"image\":{\"@id\":\"https:\/\/now-news.de\/de\/deutschland\/messermord-in-wittlich-%e2%80%92-verdaechtige-sind-us-soldaten\/#primaryimage\"},\"thumbnailUrl\":\"https:\/\/now-news.de\/de\/wp-content\/uploads\/sites\/3\/2023\/08\/Messermord-in-Wittlich-\u2012-Verdaechtige-sind-US-Soldaten.jpg\",\"keywords\":[\"Messermord\",\"sind\",\"USSoldaten\",\"Verd\u00e4chtige\",\"Wittlich\"],\"articleSection\":[\"Deutschland\",\"Russland\"],\"inLanguage\":\"de\",\"potentialAction\":[{\"@type\":\"CommentAction\",\"name\":\"Comment\",\"target\":[\"https:\/\/now-news.de\/de\/deutschland\/messermord-in-wittlich-%e2%80%92-verdaechtige-sind-us-soldaten\/#respond\"]}]},{\"@type\":\"WebPage\",\"@id\":\"https:\/\/now-news.de\/de\/deutschland\/messermord-in-wittlich-%e2%80%92-verdaechtige-sind-us-soldaten\/\",\"url\":\"https:\/\/now-news.de\/de\/deutschland\/messermord-in-wittlich-%e2%80%92-verdaechtige-sind-us-soldaten\/\",\"name\":\"Messermord in Wittlich \u2012 Verd\u00e4chtige sind US-Soldaten - just-now.NEWS Deutschland\",\"isPartOf\":{\"@id\":\"https:\/\/now-news.de\/de\/#website\"},\"primaryImageOfPage\":{\"@id\":\"https:\/\/now-news.de\/de\/deutschland\/messermord-in-wittlich-%e2%80%92-verdaechtige-sind-us-soldaten\/#primaryimage\"},\"image\":{\"@id\":\"https:\/\/now-news.de\/de\/deutschland\/messermord-in-wittlich-%e2%80%92-verdaechtige-sind-us-soldaten\/#primaryimage\"},\"thumbnailUrl\":\"https:\/\/now-news.de\/de\/wp-content\/uploads\/sites\/3\/2023\/08\/Messermord-in-Wittlich-\u2012-Verdaechtige-sind-US-Soldaten.jpg\",\"datePublished\":\"2023-08-20T15:21:44+00:00\",\"dateModified\":\"2023-08-20T15:21:44+00:00\",\"breadcrumb\":{\"@id\":\"https:\/\/now-news.de\/de\/deutschland\/messermord-in-wittlich-%e2%80%92-verdaechtige-sind-us-soldaten\/#breadcrumb\"},\"inLanguage\":\"de\",\"potentialAction\":[{\"@type\":\"ReadAction\",\"target\":[\"https:\/\/now-news.de\/de\/deutschland\/messermord-in-wittlich-%e2%80%92-verdaechtige-sind-us-soldaten\/\"]}]},{\"@type\":\"ImageObject\",\"inLanguage\":\"de\",\"@id\":\"https:\/\/now-news.de\/de\/deutschland\/messermord-in-wittlich-%e2%80%92-verdaechtige-sind-us-soldaten\/#primaryimage\",\"url\":\"https:\/\/now-news.de\/de\/wp-content\/uploads\/sites\/3\/2023\/08\/Messermord-in-Wittlich-\u2012-Verdaechtige-sind-US-Soldaten.jpg\",\"contentUrl\":\"https:\/\/now-news.de\/de\/wp-content\/uploads\/sites\/3\/2023\/08\/Messermord-in-Wittlich-\u2012-Verdaechtige-sind-US-Soldaten.jpg\",\"width\":460,\"height\":259,\"caption\":\"Messermord in Wittlich \u2012 Verd\u00e4chtige sind US-Soldaten\"},{\"@type\":\"BreadcrumbList\",\"@id\":\"https:\/\/now-news.de\/de\/deutschland\/messermord-in-wittlich-%e2%80%92-verdaechtige-sind-us-soldaten\/#breadcrumb\",\"itemListElement\":[{\"@type\":\"ListItem\",\"position\":1,\"name\":\"Home\",\"item\":\"https:\/\/now-news.de\/de\/\"},{\"@type\":\"ListItem\",\"position\":2,\"name\":\"Messermord in Wittlich \u2012 Verd\u00e4chtige sind US-Soldaten\"}]},{\"@type\":\"WebSite\",\"@id\":\"https:\/\/now-news.de\/de\/#website\",\"url\":\"https:\/\/now-news.de\/de\/\",\"name\":\"just-now.NEWS Deutschland\",\"description\":\"Das Portal f\u00fcr unzensierte Nachrichten aus der Welt\",\"publisher\":{\"@id\":\"https:\/\/now-news.de\/de\/#organization\"},\"potentialAction\":[{\"@type\":\"SearchAction\",\"target\":{\"@type\":\"EntryPoint\",\"urlTemplate\":\"https:\/\/now-news.de\/de\/?s={search_term_string}\"},\"query-input\":\"required name=search_term_string\"}],\"inLanguage\":\"de\"},{\"@type\":\"Organization\",\"@id\":\"https:\/\/now-news.de\/de\/#organization\",\"name\":\"Just Now News\",\"url\":\"https:\/\/now-news.de\/de\/\",\"logo\":{\"@type\":\"ImageObject\",\"inLanguage\":\"de\",\"@id\":\"https:\/\/now-news.de\/de\/#\/schema\/logo\/image\/\",\"url\":\"http:\/\/just-now.news\/de\/wp-content\/uploads\/sites\/3\/2022\/04\/logo500x500.jpg\",\"contentUrl\":\"http:\/\/just-now.news\/de\/wp-content\/uploads\/sites\/3\/2022\/04\/logo500x500.jpg\",\"width\":500,\"height\":500,\"caption\":\"Just Now News\"},\"image\":{\"@id\":\"https:\/\/now-news.de\/de\/#\/schema\/logo\/image\/\"},\"sameAs\":[\"https:\/\/www.facebook.com\/wirmachenauf\",\"https:\/\/x.com\/WirMachenAuf_de\"]},{\"@type\":\"Person\",\"@id\":\"https:\/\/now-news.de\/de\/#\/schema\/person\/fb534a4e865501d8b3285208df34a9b5\",\"name\":\"rtnews\",\"image\":{\"@type\":\"ImageObject\",\"inLanguage\":\"de\",\"@id\":\"https:\/\/now-news.de\/de\/#\/schema\/person\/image\/\",\"url\":\"https:\/\/secure.gravatar.com\/avatar\/82aafea7d8127119dd649515f56e2117?s=96&d=mm&r=g\",\"contentUrl\":\"https:\/\/secure.gravatar.com\/avatar\/82aafea7d8127119dd649515f56e2117?s=96&d=mm&r=g\",\"caption\":\"rtnews\"},\"url\":\"https:\/\/now-news.de\/de\/author\/rnews\/\"}]}<\/script>\n<!-- \/ Yoast SEO Premium plugin. -->","yoast_head_json":{"title":"Messermord in Wittlich \u2012 Verd\u00e4chtige sind US-Soldaten - just-now.NEWS Deutschland","robots":{"index":"index","follow":"follow","max-snippet":"max-snippet:-1","max-image-preview":"max-image-preview:large","max-video-preview":"max-video-preview:-1"},"canonical":"https:\/\/now-news.de\/de\/deutschland\/messermord-in-wittlich-\u2012-verdaechtige-sind-us-soldaten\/","og_locale":"de_DE","og_type":"article","og_title":"Messermord in Wittlich \u2012 Verd\u00e4chtige sind US-Soldaten","og_description":"Zwei US-Milit\u00e4rangeh\u00f6rige werden verd\u00e4chtigt, Freitagnacht in Wittlich im Umfeld der dortigen Kirmes einen 28-j\u00e4hrigen Deutschen erstochen zu haben. Sie wurden am Samstag festgenommen, am Sonntag aber den US-Beh\u00f6rden \u00fcbergeben. Die Polizeidirektion Trier teilte\u00a0am Sonntag mit, dass die Verd\u00e4chtigen der Messerstecherei im Umfeld der S\u00e4ubrennerkirmes in Wittlich den US-Beh\u00f6rden \u00fcbergeben worden seien. In der Nacht zum [&hellip;]","og_url":"https:\/\/now-news.de\/de\/deutschland\/messermord-in-wittlich-\u2012-verdaechtige-sind-us-soldaten\/","og_site_name":"just-now.NEWS Deutschland","article_publisher":"https:\/\/www.facebook.com\/wirmachenauf","article_published_time":"2023-08-20T15:21:44+00:00","og_image":[{"width":460,"height":259,"url":"https:\/\/now-news.de\/de\/wp-content\/uploads\/sites\/3\/2023\/08\/Messermord-in-Wittlich-\u2012-Verdaechtige-sind-US-Soldaten.jpg","type":"image\/jpeg"}],"author":"rtnews","twitter_card":"summary_large_image","twitter_creator":"@WirMachenAuf_de","twitter_site":"@WirMachenAuf_de","twitter_misc":{"Verfasst von":"rtnews","Gesch\u00e4tzte Lesezeit":"3\u00a0Minuten"},"schema":{"@context":"https:\/\/schema.org","@graph":[{"@type":"Article","@id":"https:\/\/now-news.de\/de\/deutschland\/messermord-in-wittlich-%e2%80%92-verdaechtige-sind-us-soldaten\/#article","isPartOf":{"@id":"https:\/\/now-news.de\/de\/deutschland\/messermord-in-wittlich-%e2%80%92-verdaechtige-sind-us-soldaten\/"},"author":{"name":"rtnews","@id":"https:\/\/now-news.de\/de\/#\/schema\/person\/fb534a4e865501d8b3285208df34a9b5"},"headline":"Messermord in Wittlich \u2012 Verd\u00e4chtige sind US-Soldaten","datePublished":"2023-08-20T15:21:44+00:00","dateModified":"2023-08-20T15:21:44+00:00","mainEntityOfPage":{"@id":"https:\/\/now-news.de\/de\/deutschland\/messermord-in-wittlich-%e2%80%92-verdaechtige-sind-us-soldaten\/"},"wordCount":643,"commentCount":0,"publisher":{"@id":"https:\/\/now-news.de\/de\/#organization"},"image":{"@id":"https:\/\/now-news.de\/de\/deutschland\/messermord-in-wittlich-%e2%80%92-verdaechtige-sind-us-soldaten\/#primaryimage"},"thumbnailUrl":"https:\/\/now-news.de\/de\/wp-content\/uploads\/sites\/3\/2023\/08\/Messermord-in-Wittlich-\u2012-Verdaechtige-sind-US-Soldaten.jpg","keywords":["Messermord","sind","USSoldaten","Verd\u00e4chtige","Wittlich"],"articleSection":["Deutschland","Russland"],"inLanguage":"de","potentialAction":[{"@type":"CommentAction","name":"Comment","target":["https:\/\/now-news.de\/de\/deutschland\/messermord-in-wittlich-%e2%80%92-verdaechtige-sind-us-soldaten\/#respond"]}]},{"@type":"WebPage","@id":"https:\/\/now-news.de\/de\/deutschland\/messermord-in-wittlich-%e2%80%92-verdaechtige-sind-us-soldaten\/","url":"https:\/\/now-news.de\/de\/deutschland\/messermord-in-wittlich-%e2%80%92-verdaechtige-sind-us-soldaten\/","name":"Messermord in Wittlich \u2012 Verd\u00e4chtige sind US-Soldaten - just-now.NEWS Deutschland","isPartOf":{"@id":"https:\/\/now-news.de\/de\/#website"},"primaryImageOfPage":{"@id":"https:\/\/now-news.de\/de\/deutschland\/messermord-in-wittlich-%e2%80%92-verdaechtige-sind-us-soldaten\/#primaryimage"},"image":{"@id":"https:\/\/now-news.de\/de\/deutschland\/messermord-in-wittlich-%e2%80%92-verdaechtige-sind-us-soldaten\/#primaryimage"},"thumbnailUrl":"https:\/\/now-news.de\/de\/wp-content\/uploads\/sites\/3\/2023\/08\/Messermord-in-Wittlich-\u2012-Verdaechtige-sind-US-Soldaten.jpg","datePublished":"2023-08-20T15:21:44+00:00","dateModified":"2023-08-20T15:21:44+00:00","breadcrumb":{"@id":"https:\/\/now-news.de\/de\/deutschland\/messermord-in-wittlich-%e2%80%92-verdaechtige-sind-us-soldaten\/#breadcrumb"},"inLanguage":"de","potentialAction":[{"@type":"ReadAction","target":["https:\/\/now-news.de\/de\/deutschland\/messermord-in-wittlich-%e2%80%92-verdaechtige-sind-us-soldaten\/"]}]},{"@type":"ImageObject","inLanguage":"de","@id":"https:\/\/now-news.de\/de\/deutschland\/messermord-in-wittlich-%e2%80%92-verdaechtige-sind-us-soldaten\/#primaryimage","url":"https:\/\/now-news.de\/de\/wp-content\/uploads\/sites\/3\/2023\/08\/Messermord-in-Wittlich-\u2012-Verdaechtige-sind-US-Soldaten.jpg","contentUrl":"https:\/\/now-news.de\/de\/wp-content\/uploads\/sites\/3\/2023\/08\/Messermord-in-Wittlich-\u2012-Verdaechtige-sind-US-Soldaten.jpg","width":460,"height":259,"caption":"Messermord in Wittlich \u2012 Verd\u00e4chtige sind US-Soldaten"},{"@type":"BreadcrumbList","@id":"https:\/\/now-news.de\/de\/deutschland\/messermord-in-wittlich-%e2%80%92-verdaechtige-sind-us-soldaten\/#breadcrumb","itemListElement":[{"@type":"ListItem","position":1,"name":"Home","item":"https:\/\/now-news.de\/de\/"},{"@type":"ListItem","position":2,"name":"Messermord in Wittlich \u2012 Verd\u00e4chtige sind US-Soldaten"}]},{"@type":"WebSite","@id":"https:\/\/now-news.de\/de\/#website","url":"https:\/\/now-news.de\/de\/","name":"just-now.NEWS Deutschland","description":"Das Portal f\u00fcr unzensierte Nachrichten aus der Welt","publisher":{"@id":"https:\/\/now-news.de\/de\/#organization"},"potentialAction":[{"@type":"SearchAction","target":{"@type":"EntryPoint","urlTemplate":"https:\/\/now-news.de\/de\/?s={search_term_string}"},"query-input":"required name=search_term_string"}],"inLanguage":"de"},{"@type":"Organization","@id":"https:\/\/now-news.de\/de\/#organization","name":"Just Now News","url":"https:\/\/now-news.de\/de\/","logo":{"@type":"ImageObject","inLanguage":"de","@id":"https:\/\/now-news.de\/de\/#\/schema\/logo\/image\/","url":"http:\/\/just-now.news\/de\/wp-content\/uploads\/sites\/3\/2022\/04\/logo500x500.jpg","contentUrl":"http:\/\/just-now.news\/de\/wp-content\/uploads\/sites\/3\/2022\/04\/logo500x500.jpg","width":500,"height":500,"caption":"Just Now News"},"image":{"@id":"https:\/\/now-news.de\/de\/#\/schema\/logo\/image\/"},"sameAs":["https:\/\/www.facebook.com\/wirmachenauf","https:\/\/x.com\/WirMachenAuf_de"]},{"@type":"Person","@id":"https:\/\/now-news.de\/de\/#\/schema\/person\/fb534a4e865501d8b3285208df34a9b5","name":"rtnews","image":{"@type":"ImageObject","inLanguage":"de","@id":"https:\/\/now-news.de\/de\/#\/schema\/person\/image\/","url":"https:\/\/secure.gravatar.com\/avatar\/82aafea7d8127119dd649515f56e2117?s=96&d=mm&r=g","contentUrl":"https:\/\/secure.gravatar.com\/avatar\/82aafea7d8127119dd649515f56e2117?s=96&d=mm&r=g","caption":"rtnews"},"url":"https:\/\/now-news.de\/de\/author\/rnews\/"}]}},"_links":{"self":[{"href":"https:\/\/now-news.de\/de\/wp-json\/wp\/v2\/posts\/42341"}],"collection":[{"href":"https:\/\/now-news.de\/de\/wp-json\/wp\/v2\/posts"}],"about":[{"href":"https:\/\/now-news.de\/de\/wp-json\/wp\/v2\/types\/post"}],"author":[{"embeddable":true,"href":"https:\/\/now-news.de\/de\/wp-json\/wp\/v2\/users\/3"}],"replies":[{"embeddable":true,"href":"https:\/\/now-news.de\/de\/wp-json\/wp\/v2\/comments?post=42341"}],"version-history":[{"count":0,"href":"https:\/\/now-news.de\/de\/wp-json\/wp\/v2\/posts\/42341\/revisions"}],"wp:featuredmedia":[{"embeddable":true,"href":"https:\/\/now-news.de\/de\/wp-json\/wp\/v2\/media\/42342"}],"wp:attachment":[{"href":"https:\/\/now-news.de\/de\/wp-json\/wp\/v2\/media?parent=42341"}],"wp:term":[{"taxonomy":"category","embeddable":true,"href":"https:\/\/now-news.de\/de\/wp-json\/wp\/v2\/categories?post=42341"},{"taxonomy":"post_tag","embeddable":true,"href":"https:\/\/now-news.de\/de\/wp-json\/wp\/v2\/tags?post=42341"}],"curies":[{"name":"wp","href":"https:\/\/api.w.org\/{rel}","templated":true}]}}