{"id":42335,"date":"2023-08-20T15:54:00","date_gmt":"2023-08-20T13:54:00","guid":{"rendered":"https:\/\/just-now.news\/de\/deutschland\/koennen-gruene-rechnen-ricarda-lang-will-noch-mehr-schattenhaushalte\/"},"modified":"2023-08-20T15:54:00","modified_gmt":"2023-08-20T13:54:00","slug":"koennen-gruene-rechnen-ricarda-lang-will-noch-mehr-schattenhaushalte","status":"publish","type":"post","link":"https:\/\/now-news.de\/de\/deutschland\/koennen-gruene-rechnen-ricarda-lang-will-noch-mehr-schattenhaushalte\/","title":{"rendered":"K\u00f6nnen Gr\u00fcne rechnen? Ricarda Lang will noch mehr Schattenhaushalte"},"content":{"rendered":"<p><img decoding=\"async\" src=\"http:\/\/just-now.news\/de\/wp-content\/uploads\/sites\/3\/2023\/08\/64e20e0548fbef7f4508ce75.jpg\" \/><\/p>\n<div class=\"Text-root Text-type_1 \">\n                Die Schuldenbremse erweist sich immer mehr als k\u00fcnstliches Hindernis, dem man dann mit einem teuren Man\u00f6ver ausweichen kann. In den letzten Jahren wucherten die Schattenhaushalte wie Pilze im Dunkeln. Gr\u00fcnen-Chefin Lang will noch eins drauflegen.\n            <\/div>\n<p><\/p>\n<div class=\"Text-root Text-type_5 ArticleView-text ViewText-root \">\n<p><em>Von Dagmar Henn<\/em><\/p>\n<p>Sicher, niemand erwartet mehr, dass die Gr\u00fcnen rechnen k\u00f6nnen. Aber ist das nur haushaltspolitische Verbl\u00f6dung oder b\u00f6se Absicht? Die Vorsitzende der Gr\u00fcnen, Ricarda Lang, <a rel=\"nofollow noopener\" target=\"_blank\" href=\"https:\/\/www.spiegel.de\/wirtschaft\/soziales\/ricarda-lang-gruenenchefin-fordert-investitionen-per-schattenhaushalt-a-eab89657-3573-41ba-a652-5f663cf981e4\">fordert<\/a> nun, die n\u00f6tigen Investitionen des Bundes, etwa die Wiederherstellung der vielen maroden Br\u00fccken, \u00fcber \u00f6ffentliche Investitionsgesellschaften zu finanzieren. Warum? Weil man sich darauf geeinigt habe, die Schuldenbremse nicht anzutasten.<\/p>\n<p>So enttarnt sich diese Schuldenbremse als der Betrug, den Kritiker von Anbeginn in ihr vermuteten. Nur zur Erinnerung \u2013 vor nicht allzu langer Zeit lag der Leitzins noch so tief, dass der Bund sogar Geld obendrauf bekam, wenn er Kredite aufnahm. Nur dass die Schuldenbremse dies verhinderte, auch f\u00fcr die schon vor drei Jahren maroden Br\u00fccken.<\/p>\n<p>Inzwischen sind die Leitzinsen deutlich h\u00f6her, was selbstverst\u00e4ndlich auch hei\u00dft, dass Kredite, die der Bund aufnehmen muss, um die Funktionsf\u00e4higkeit der Autobahnbr\u00fccken zu erhalten, heute deutlich mehr Zins kosten als noch vor zwei, drei Jahren, selbst wenn man den Irrwitz au\u00dfer Acht l\u00e4sst, ausgerechnet zu dem Zeitpunkt keine Schulden machen zu wollen, an denen man dank negativer Verzinsung auch noch Geld daf\u00fcr bekommt.<\/p>\n<p>Wenn es nur die reine Heuchelei w\u00e4re, dann ginge das ja noch. Schlicht nicht eingestehen zu wollen, dass diese Schuldenbremse eine Idiotie war, reine Propaganda, und man jetzt leider feststellen hat m\u00fcssen, dass sich weder Br\u00fccken noch Bahngleise von allein reparieren. F\u00fcr die Bundeswehr, die auf einmal so wichtig ist, f\u00fcr R\u00fcstungsk\u00e4ufe hat man ja schon diesen Schattenhaushalt geschaffen. Und wie das in der lendenlahmen Presse heutzutage ist, wurde nicht einmal eingefordert, dann wenigstens diese Schuldenbremse wieder abzuschaffen, statt sich st\u00e4ndig zu verrenken, um sie zu umgehen. Warum sollte man die Wohnung durchs Klofenster betreten, wenn man den Haust\u00fcrschl\u00fcssel hat?<\/p>\n<p>Die neueste Nummer, die nun Frau Lang vorschl\u00e4gt, weckt allerdings einen ganz anderen Verdacht. Bundeseigene Investitionsgesellschaften, die mit Eigenkapital ausgestattet werden, um dann Kredite aufzunehmen? Das enttarnt die Schuldenbremse endg\u00fcltig als Man\u00f6ver, um den Banken Geld zukommen zu lassen.<\/p>\n<p>Warum? Weil jede bundeseigene Firma, selbst wenn es eine Garantie des Bundes f\u00fcr von ihr aufgenommene Kredite gibt, f\u00fcr diese Kredite h\u00f6here Zinsen zahlen muss als der Bund selbst. Ganz zu schweigen davon, dass auch das Eigenkapital, mit dem diese Firma ausgestattet wird, Geld ist, das f\u00fcr die Zeit des Bestehens dieser Firma dort feststeckt, also nicht f\u00fcr andere Aufgaben verwendet werden kann. Sollte diese Investitionsgesellschaft auch noch eine haftungsbegrenzende Rechtsform haben, dann ist die m\u00f6gliche H\u00f6he der Kredite abh\u00e4ngig von der H\u00f6he des Eigenkapitals.<\/p>\n<p>Das hei\u00dft, im Vergleich zu einer direkten Schuldenaufnahme durch den Bund und eine entsprechende Verwendung der dadurch erhaltenen Mittel gibt es gleich zwei Verlustquellen: die h\u00f6heren Zinsen und das dadurch festgelegte Eigenkapital. Von der schier unbeschreiblichen Idiotie, Probleme, die seit Jahren bekannt sind, so lange liegen zu lassen, bis die Finanzierung wirklich teuer wird, mal abgesehen.<\/p>\n<p>Die Banken allerdings d\u00fcrfte dieses Man\u00f6ver freuen. Schlie\u00dflich verdienen sie an Bundesschatzbriefen nicht viel, die traditionelle Form der Schuldenaufnahme des Staates d\u00fcrfen sie gerade mal vermitteln. Bei diesen Investitionsgesellschaften ist dann schon deutlich mehr zu holen, weil es eben keine Schatzbriefe mehr sind, sondern kommerzielle Kredite, vielleicht zu einem etwas niedrigeren Zinssatz, so es denn B\u00fcrgschaften des Bundes geben sollte, aber auf jeden Fall ein Gesch\u00e4ft.<\/p>\n<p>Nicht zu vergessen, bei jeder derartigen Investitionsgesellschaft werden auch Gesch\u00e4ftsf\u00fchrungsposten frei, auf denen man gut verdienen kann. Auch sie w\u00e4ren bei einer vern\u00fcnftigen Finanzierung v\u00f6llig \u00fcberfl\u00fcssig. Aber die Ampelkoalition\u00e4re haben viele Freunde.<\/p>\n<p>Und nat\u00fcrlich ist die \u00f6ffentliche Aufsicht \u00fcber solche Gesellschaften weit geringer, als sie es bei einer Abwicklung \u00fcber den Bundeshaushalt w\u00e4re. Da l\u00e4sst sich noch viel mehr herausholen, \u00fcber PR-Auftr\u00e4ge oder Subunternehmen oder Beratungsfirmen &#8230;<\/p>\n<p>Wobei hinter diesen Investitionsgesellschaften, wenn sie aus den Reihen der Gr\u00fcnen vorgeschlagen werden, gleich noch etwas anderes lauert: diese Gesellschaften nicht im Eigentum des Bundes zu betreiben, sondern, mit der Erkl\u00e4rung, man habe ja gar nicht so viel Geld, dann private &#8220;Partner&#8221; mit in diese Gesellschaften zu nehmen. Die dann selbstverst\u00e4ndlich auch eine Verzinsung ihres eingelegten Kapitals garantiert bekommen, wie bei der Autobahngesellschaft, die eigentlich nur ein Projekt des Bundes zur Rettung der gro\u00dfen Versicherungen ist, die so an eine risikofreie Anlagem\u00f6glichkeit kommen, die mit Steuergeldern finanziert wird.<\/p>\n<p>Das w\u00e4re dann eine Ausweitung der ber\u00fcchtigten &#8220;Private-Public-Partnerships&#8221; durch die Hintert\u00fcr; jener vermeintlichen &#8220;Partnerschaften&#8221; mit privaten Investoren, die daf\u00fcr sorgen, dass man f\u00fcr die gleiche Menge an Steuergeldern wesentlich weniger Leistung erhalten wird. Nicht ohne Grund sind solche Projekte politisch schwer durchsetzbar; fast jede Stadt hat aus der Hochzeit dieser Projekte noch ein Verwaltungsgeb\u00e4ude, das verkauft und dann \u00fcberteuert zur\u00fcckgemietet wurde, mit guten Gewinnen f\u00fcr den privaten &#8220;Partner&#8221; und hohen Verlusten f\u00fcr den \u00f6ffentlichen.<\/p>\n<p>K\u00f6nnte es sein, dass das der Sinn und Zweck der ganzen Schuldenbremse war? Eine regul\u00e4re \u00f6ffentliche Finanzierung unm\u00f6glich zu machen, um dann erkl\u00e4ren zu k\u00f6nnen, man m\u00fcsse das leider, leider auf diese v\u00f6llig absurde Weise l\u00f6sen, denn da sei ja die heilige, unantastbare Schuldenbremse?<\/p>\n<p>W\u00fcrde die Presse noch ihren Job machen, sie m\u00fcsste wie eine hungrige Meute \u00fcber diese Pl\u00e4ne herfallen. Nachdem aber schon bei der Einf\u00fchrung der Schuldenbremse nur sehr wenige erkannten, wie die Folgen aussehen w\u00fcrden (das war kurz nach der Finanzkrise 2008, nachdem man Hunderte Milliarden in die Rettung der Banken gesteckt hatte), ist kaum damit zu rechnen, dass bei Langs Vorschlag zwei und zwei zusammengez\u00e4hlt wird.<\/p>\n<p><strong>Mehr zum Thema<\/strong> \u2013 <a rel=\"nofollow noopener\" target=\"_blank\" href=\"https:\/\/freedert.online\/inland\/177269-hilferuf-aus-suedpfalz-gemeinderat-und\/\">Hilferuf aus der S\u00fcdpfalz: Gemeinderat und Ortsb\u00fcrgermeister treten zur\u00fcck<\/a><\/p>\n<\/p>\n<\/div>\n<p><br \/>\n<br \/><a href=\"https:\/\/de.rt.com\/meinung\/178385-gruenen-chefin-lang-will-noch\/\">Source link <\/a><\/p>\n","protected":false},"excerpt":{"rendered":"<p>Die Schuldenbremse erweist sich immer mehr als k\u00fcnstliches Hindernis, dem man dann mit einem teuren Man\u00f6ver ausweichen kann. In den letzten Jahren wucherten die Schattenhaushalte wie Pilze im Dunkeln. Gr\u00fcnen-Chefin Lang will noch eins drauflegen. Von Dagmar Henn Sicher, niemand erwartet mehr, dass die Gr\u00fcnen rechnen k\u00f6nnen. Aber ist das nur haushaltspolitische Verbl\u00f6dung oder b\u00f6se [&hellip;]<\/p>\n","protected":false},"author":3,"featured_media":42336,"comment_status":"open","ping_status":"open","sticky":false,"template":"","format":"standard","meta":{"_yoast_indexnow_last_ping":["1692540376"],"wp_automatic_camp":["217"],"b3193cfc08cfdb7602fc7c8daf84f51a":["K\u00f6nnen Gr\u00fcne rechnen? Ricarda Lang will noch mehr Schattenhaushalte"],"original_link":["https:\/\/de.rt.com\/meinung\/178385-gruenen-chefin-lang-will-noch\/"],"_thumbnail_id":["42336"],"_wptgpro_p2tg_sent2tg":["a:1:{i:23737;s:19:\"2023-08-20 16:07:21\";}"],"jnews_social_counter_last_update":["1777270016"]},"categories":[19,23],"tags":[1434,4296,3655,2063,1674,16414,32254,47957],"yoast_head":"<!-- This site is optimized with the Yoast SEO Premium plugin v22.7 (Yoast SEO v22.7) - https:\/\/yoast.com\/wordpress\/plugins\/seo\/ -->\n<title>K\u00f6nnen Gr\u00fcne rechnen? Ricarda Lang will noch mehr Schattenhaushalte - just-now.NEWS Deutschland<\/title>\n<meta name=\"robots\" content=\"index, follow, max-snippet:-1, max-image-preview:large, max-video-preview:-1\" \/>\n<link rel=\"canonical\" href=\"https:\/\/now-news.de\/de\/deutschland\/koennen-gruene-rechnen-ricarda-lang-will-noch-mehr-schattenhaushalte\/\" \/>\n<meta property=\"og:locale\" content=\"de_DE\" \/>\n<meta property=\"og:type\" content=\"article\" \/>\n<meta property=\"og:title\" content=\"K\u00f6nnen Gr\u00fcne rechnen? Ricarda Lang will noch mehr Schattenhaushalte\" \/>\n<meta property=\"og:description\" content=\"Die Schuldenbremse erweist sich immer mehr als k\u00fcnstliches Hindernis, dem man dann mit einem teuren Man\u00f6ver ausweichen kann. In den letzten Jahren wucherten die Schattenhaushalte wie Pilze im Dunkeln. Gr\u00fcnen-Chefin Lang will noch eins drauflegen. Von Dagmar Henn Sicher, niemand erwartet mehr, dass die Gr\u00fcnen rechnen k\u00f6nnen. Aber ist das nur haushaltspolitische Verbl\u00f6dung oder b\u00f6se [&hellip;]\" \/>\n<meta property=\"og:url\" content=\"https:\/\/now-news.de\/de\/deutschland\/koennen-gruene-rechnen-ricarda-lang-will-noch-mehr-schattenhaushalte\/\" \/>\n<meta property=\"og:site_name\" content=\"just-now.NEWS Deutschland\" \/>\n<meta property=\"article:publisher\" content=\"https:\/\/www.facebook.com\/wirmachenauf\" \/>\n<meta property=\"article:published_time\" content=\"2023-08-20T13:54:00+00:00\" \/>\n<meta property=\"og:image\" content=\"https:\/\/now-news.de\/de\/wp-content\/uploads\/sites\/3\/2023\/08\/Koennen-Gruene-rechnen-Ricarda-Lang-will-noch-mehr-Schattenhaushalte.jpg\" \/>\n\t<meta property=\"og:image:width\" content=\"460\" \/>\n\t<meta property=\"og:image:height\" content=\"259\" \/>\n\t<meta property=\"og:image:type\" content=\"image\/jpeg\" \/>\n<meta name=\"author\" content=\"rtnews\" \/>\n<meta name=\"twitter:card\" content=\"summary_large_image\" \/>\n<meta name=\"twitter:creator\" content=\"@WirMachenAuf_de\" \/>\n<meta name=\"twitter:site\" content=\"@WirMachenAuf_de\" \/>\n<meta name=\"twitter:label1\" content=\"Verfasst von\" \/>\n\t<meta name=\"twitter:data1\" content=\"rtnews\" \/>\n\t<meta name=\"twitter:label2\" content=\"Gesch\u00e4tzte Lesezeit\" \/>\n\t<meta name=\"twitter:data2\" content=\"5\u00a0Minuten\" \/>\n<script type=\"application\/ld+json\" class=\"yoast-schema-graph\">{\"@context\":\"https:\/\/schema.org\",\"@graph\":[{\"@type\":\"Article\",\"@id\":\"https:\/\/now-news.de\/de\/deutschland\/koennen-gruene-rechnen-ricarda-lang-will-noch-mehr-schattenhaushalte\/#article\",\"isPartOf\":{\"@id\":\"https:\/\/now-news.de\/de\/deutschland\/koennen-gruene-rechnen-ricarda-lang-will-noch-mehr-schattenhaushalte\/\"},\"author\":{\"name\":\"rtnews\",\"@id\":\"https:\/\/now-news.de\/de\/#\/schema\/person\/fb534a4e865501d8b3285208df34a9b5\"},\"headline\":\"K\u00f6nnen Gr\u00fcne rechnen? Ricarda Lang will noch mehr Schattenhaushalte\",\"datePublished\":\"2023-08-20T13:54:00+00:00\",\"dateModified\":\"2023-08-20T13:54:00+00:00\",\"mainEntityOfPage\":{\"@id\":\"https:\/\/now-news.de\/de\/deutschland\/koennen-gruene-rechnen-ricarda-lang-will-noch-mehr-schattenhaushalte\/\"},\"wordCount\":1011,\"commentCount\":0,\"publisher\":{\"@id\":\"https:\/\/now-news.de\/de\/#organization\"},\"image\":{\"@id\":\"https:\/\/now-news.de\/de\/deutschland\/koennen-gruene-rechnen-ricarda-lang-will-noch-mehr-schattenhaushalte\/#primaryimage\"},\"thumbnailUrl\":\"https:\/\/now-news.de\/de\/wp-content\/uploads\/sites\/3\/2023\/08\/Koennen-Gruene-rechnen-Ricarda-Lang-will-noch-mehr-Schattenhaushalte.jpg\",\"keywords\":[\"Gr\u00fcne\",\"k\u00f6nnen\",\"lang\",\"mehr\",\"noch\",\"rechnen\",\"Ricarda\",\"Schattenhaushalte\"],\"articleSection\":[\"Deutschland\",\"Russland\"],\"inLanguage\":\"de\",\"potentialAction\":[{\"@type\":\"CommentAction\",\"name\":\"Comment\",\"target\":[\"https:\/\/now-news.de\/de\/deutschland\/koennen-gruene-rechnen-ricarda-lang-will-noch-mehr-schattenhaushalte\/#respond\"]}]},{\"@type\":\"WebPage\",\"@id\":\"https:\/\/now-news.de\/de\/deutschland\/koennen-gruene-rechnen-ricarda-lang-will-noch-mehr-schattenhaushalte\/\",\"url\":\"https:\/\/now-news.de\/de\/deutschland\/koennen-gruene-rechnen-ricarda-lang-will-noch-mehr-schattenhaushalte\/\",\"name\":\"K\u00f6nnen Gr\u00fcne rechnen? Ricarda Lang will noch mehr Schattenhaushalte - just-now.NEWS Deutschland\",\"isPartOf\":{\"@id\":\"https:\/\/now-news.de\/de\/#website\"},\"primaryImageOfPage\":{\"@id\":\"https:\/\/now-news.de\/de\/deutschland\/koennen-gruene-rechnen-ricarda-lang-will-noch-mehr-schattenhaushalte\/#primaryimage\"},\"image\":{\"@id\":\"https:\/\/now-news.de\/de\/deutschland\/koennen-gruene-rechnen-ricarda-lang-will-noch-mehr-schattenhaushalte\/#primaryimage\"},\"thumbnailUrl\":\"https:\/\/now-news.de\/de\/wp-content\/uploads\/sites\/3\/2023\/08\/Koennen-Gruene-rechnen-Ricarda-Lang-will-noch-mehr-Schattenhaushalte.jpg\",\"datePublished\":\"2023-08-20T13:54:00+00:00\",\"dateModified\":\"2023-08-20T13:54:00+00:00\",\"breadcrumb\":{\"@id\":\"https:\/\/now-news.de\/de\/deutschland\/koennen-gruene-rechnen-ricarda-lang-will-noch-mehr-schattenhaushalte\/#breadcrumb\"},\"inLanguage\":\"de\",\"potentialAction\":[{\"@type\":\"ReadAction\",\"target\":[\"https:\/\/now-news.de\/de\/deutschland\/koennen-gruene-rechnen-ricarda-lang-will-noch-mehr-schattenhaushalte\/\"]}]},{\"@type\":\"ImageObject\",\"inLanguage\":\"de\",\"@id\":\"https:\/\/now-news.de\/de\/deutschland\/koennen-gruene-rechnen-ricarda-lang-will-noch-mehr-schattenhaushalte\/#primaryimage\",\"url\":\"https:\/\/now-news.de\/de\/wp-content\/uploads\/sites\/3\/2023\/08\/Koennen-Gruene-rechnen-Ricarda-Lang-will-noch-mehr-Schattenhaushalte.jpg\",\"contentUrl\":\"https:\/\/now-news.de\/de\/wp-content\/uploads\/sites\/3\/2023\/08\/Koennen-Gruene-rechnen-Ricarda-Lang-will-noch-mehr-Schattenhaushalte.jpg\",\"width\":460,\"height\":259,\"caption\":\"K\u00f6nnen Gr\u00fcne rechnen? Ricarda Lang will noch mehr Schattenhaushalte\"},{\"@type\":\"BreadcrumbList\",\"@id\":\"https:\/\/now-news.de\/de\/deutschland\/koennen-gruene-rechnen-ricarda-lang-will-noch-mehr-schattenhaushalte\/#breadcrumb\",\"itemListElement\":[{\"@type\":\"ListItem\",\"position\":1,\"name\":\"Home\",\"item\":\"https:\/\/now-news.de\/de\/\"},{\"@type\":\"ListItem\",\"position\":2,\"name\":\"K\u00f6nnen Gr\u00fcne rechnen? Ricarda Lang will noch mehr Schattenhaushalte\"}]},{\"@type\":\"WebSite\",\"@id\":\"https:\/\/now-news.de\/de\/#website\",\"url\":\"https:\/\/now-news.de\/de\/\",\"name\":\"just-now.NEWS Deutschland\",\"description\":\"Das Portal f\u00fcr unzensierte Nachrichten aus der Welt\",\"publisher\":{\"@id\":\"https:\/\/now-news.de\/de\/#organization\"},\"potentialAction\":[{\"@type\":\"SearchAction\",\"target\":{\"@type\":\"EntryPoint\",\"urlTemplate\":\"https:\/\/now-news.de\/de\/?s={search_term_string}\"},\"query-input\":\"required name=search_term_string\"}],\"inLanguage\":\"de\"},{\"@type\":\"Organization\",\"@id\":\"https:\/\/now-news.de\/de\/#organization\",\"name\":\"Just Now News\",\"url\":\"https:\/\/now-news.de\/de\/\",\"logo\":{\"@type\":\"ImageObject\",\"inLanguage\":\"de\",\"@id\":\"https:\/\/now-news.de\/de\/#\/schema\/logo\/image\/\",\"url\":\"http:\/\/just-now.news\/de\/wp-content\/uploads\/sites\/3\/2022\/04\/logo500x500.jpg\",\"contentUrl\":\"http:\/\/just-now.news\/de\/wp-content\/uploads\/sites\/3\/2022\/04\/logo500x500.jpg\",\"width\":500,\"height\":500,\"caption\":\"Just Now News\"},\"image\":{\"@id\":\"https:\/\/now-news.de\/de\/#\/schema\/logo\/image\/\"},\"sameAs\":[\"https:\/\/www.facebook.com\/wirmachenauf\",\"https:\/\/x.com\/WirMachenAuf_de\"]},{\"@type\":\"Person\",\"@id\":\"https:\/\/now-news.de\/de\/#\/schema\/person\/fb534a4e865501d8b3285208df34a9b5\",\"name\":\"rtnews\",\"image\":{\"@type\":\"ImageObject\",\"inLanguage\":\"de\",\"@id\":\"https:\/\/now-news.de\/de\/#\/schema\/person\/image\/\",\"url\":\"https:\/\/secure.gravatar.com\/avatar\/82aafea7d8127119dd649515f56e2117?s=96&d=mm&r=g\",\"contentUrl\":\"https:\/\/secure.gravatar.com\/avatar\/82aafea7d8127119dd649515f56e2117?s=96&d=mm&r=g\",\"caption\":\"rtnews\"},\"url\":\"https:\/\/now-news.de\/de\/author\/rnews\/\"}]}<\/script>\n<!-- \/ Yoast SEO Premium plugin. -->","yoast_head_json":{"title":"K\u00f6nnen Gr\u00fcne rechnen? Ricarda Lang will noch mehr Schattenhaushalte - just-now.NEWS Deutschland","robots":{"index":"index","follow":"follow","max-snippet":"max-snippet:-1","max-image-preview":"max-image-preview:large","max-video-preview":"max-video-preview:-1"},"canonical":"https:\/\/now-news.de\/de\/deutschland\/koennen-gruene-rechnen-ricarda-lang-will-noch-mehr-schattenhaushalte\/","og_locale":"de_DE","og_type":"article","og_title":"K\u00f6nnen Gr\u00fcne rechnen? Ricarda Lang will noch mehr Schattenhaushalte","og_description":"Die Schuldenbremse erweist sich immer mehr als k\u00fcnstliches Hindernis, dem man dann mit einem teuren Man\u00f6ver ausweichen kann. In den letzten Jahren wucherten die Schattenhaushalte wie Pilze im Dunkeln. Gr\u00fcnen-Chefin Lang will noch eins drauflegen. Von Dagmar Henn Sicher, niemand erwartet mehr, dass die Gr\u00fcnen rechnen k\u00f6nnen. Aber ist das nur haushaltspolitische Verbl\u00f6dung oder b\u00f6se [&hellip;]","og_url":"https:\/\/now-news.de\/de\/deutschland\/koennen-gruene-rechnen-ricarda-lang-will-noch-mehr-schattenhaushalte\/","og_site_name":"just-now.NEWS Deutschland","article_publisher":"https:\/\/www.facebook.com\/wirmachenauf","article_published_time":"2023-08-20T13:54:00+00:00","og_image":[{"width":460,"height":259,"url":"https:\/\/now-news.de\/de\/wp-content\/uploads\/sites\/3\/2023\/08\/Koennen-Gruene-rechnen-Ricarda-Lang-will-noch-mehr-Schattenhaushalte.jpg","type":"image\/jpeg"}],"author":"rtnews","twitter_card":"summary_large_image","twitter_creator":"@WirMachenAuf_de","twitter_site":"@WirMachenAuf_de","twitter_misc":{"Verfasst von":"rtnews","Gesch\u00e4tzte Lesezeit":"5\u00a0Minuten"},"schema":{"@context":"https:\/\/schema.org","@graph":[{"@type":"Article","@id":"https:\/\/now-news.de\/de\/deutschland\/koennen-gruene-rechnen-ricarda-lang-will-noch-mehr-schattenhaushalte\/#article","isPartOf":{"@id":"https:\/\/now-news.de\/de\/deutschland\/koennen-gruene-rechnen-ricarda-lang-will-noch-mehr-schattenhaushalte\/"},"author":{"name":"rtnews","@id":"https:\/\/now-news.de\/de\/#\/schema\/person\/fb534a4e865501d8b3285208df34a9b5"},"headline":"K\u00f6nnen Gr\u00fcne rechnen? Ricarda Lang will noch mehr Schattenhaushalte","datePublished":"2023-08-20T13:54:00+00:00","dateModified":"2023-08-20T13:54:00+00:00","mainEntityOfPage":{"@id":"https:\/\/now-news.de\/de\/deutschland\/koennen-gruene-rechnen-ricarda-lang-will-noch-mehr-schattenhaushalte\/"},"wordCount":1011,"commentCount":0,"publisher":{"@id":"https:\/\/now-news.de\/de\/#organization"},"image":{"@id":"https:\/\/now-news.de\/de\/deutschland\/koennen-gruene-rechnen-ricarda-lang-will-noch-mehr-schattenhaushalte\/#primaryimage"},"thumbnailUrl":"https:\/\/now-news.de\/de\/wp-content\/uploads\/sites\/3\/2023\/08\/Koennen-Gruene-rechnen-Ricarda-Lang-will-noch-mehr-Schattenhaushalte.jpg","keywords":["Gr\u00fcne","k\u00f6nnen","lang","mehr","noch","rechnen","Ricarda","Schattenhaushalte"],"articleSection":["Deutschland","Russland"],"inLanguage":"de","potentialAction":[{"@type":"CommentAction","name":"Comment","target":["https:\/\/now-news.de\/de\/deutschland\/koennen-gruene-rechnen-ricarda-lang-will-noch-mehr-schattenhaushalte\/#respond"]}]},{"@type":"WebPage","@id":"https:\/\/now-news.de\/de\/deutschland\/koennen-gruene-rechnen-ricarda-lang-will-noch-mehr-schattenhaushalte\/","url":"https:\/\/now-news.de\/de\/deutschland\/koennen-gruene-rechnen-ricarda-lang-will-noch-mehr-schattenhaushalte\/","name":"K\u00f6nnen Gr\u00fcne rechnen? Ricarda Lang will noch mehr Schattenhaushalte - just-now.NEWS Deutschland","isPartOf":{"@id":"https:\/\/now-news.de\/de\/#website"},"primaryImageOfPage":{"@id":"https:\/\/now-news.de\/de\/deutschland\/koennen-gruene-rechnen-ricarda-lang-will-noch-mehr-schattenhaushalte\/#primaryimage"},"image":{"@id":"https:\/\/now-news.de\/de\/deutschland\/koennen-gruene-rechnen-ricarda-lang-will-noch-mehr-schattenhaushalte\/#primaryimage"},"thumbnailUrl":"https:\/\/now-news.de\/de\/wp-content\/uploads\/sites\/3\/2023\/08\/Koennen-Gruene-rechnen-Ricarda-Lang-will-noch-mehr-Schattenhaushalte.jpg","datePublished":"2023-08-20T13:54:00+00:00","dateModified":"2023-08-20T13:54:00+00:00","breadcrumb":{"@id":"https:\/\/now-news.de\/de\/deutschland\/koennen-gruene-rechnen-ricarda-lang-will-noch-mehr-schattenhaushalte\/#breadcrumb"},"inLanguage":"de","potentialAction":[{"@type":"ReadAction","target":["https:\/\/now-news.de\/de\/deutschland\/koennen-gruene-rechnen-ricarda-lang-will-noch-mehr-schattenhaushalte\/"]}]},{"@type":"ImageObject","inLanguage":"de","@id":"https:\/\/now-news.de\/de\/deutschland\/koennen-gruene-rechnen-ricarda-lang-will-noch-mehr-schattenhaushalte\/#primaryimage","url":"https:\/\/now-news.de\/de\/wp-content\/uploads\/sites\/3\/2023\/08\/Koennen-Gruene-rechnen-Ricarda-Lang-will-noch-mehr-Schattenhaushalte.jpg","contentUrl":"https:\/\/now-news.de\/de\/wp-content\/uploads\/sites\/3\/2023\/08\/Koennen-Gruene-rechnen-Ricarda-Lang-will-noch-mehr-Schattenhaushalte.jpg","width":460,"height":259,"caption":"K\u00f6nnen Gr\u00fcne rechnen? Ricarda Lang will noch mehr Schattenhaushalte"},{"@type":"BreadcrumbList","@id":"https:\/\/now-news.de\/de\/deutschland\/koennen-gruene-rechnen-ricarda-lang-will-noch-mehr-schattenhaushalte\/#breadcrumb","itemListElement":[{"@type":"ListItem","position":1,"name":"Home","item":"https:\/\/now-news.de\/de\/"},{"@type":"ListItem","position":2,"name":"K\u00f6nnen Gr\u00fcne rechnen? Ricarda Lang will noch mehr Schattenhaushalte"}]},{"@type":"WebSite","@id":"https:\/\/now-news.de\/de\/#website","url":"https:\/\/now-news.de\/de\/","name":"just-now.NEWS Deutschland","description":"Das Portal f\u00fcr unzensierte Nachrichten aus der Welt","publisher":{"@id":"https:\/\/now-news.de\/de\/#organization"},"potentialAction":[{"@type":"SearchAction","target":{"@type":"EntryPoint","urlTemplate":"https:\/\/now-news.de\/de\/?s={search_term_string}"},"query-input":"required name=search_term_string"}],"inLanguage":"de"},{"@type":"Organization","@id":"https:\/\/now-news.de\/de\/#organization","name":"Just Now News","url":"https:\/\/now-news.de\/de\/","logo":{"@type":"ImageObject","inLanguage":"de","@id":"https:\/\/now-news.de\/de\/#\/schema\/logo\/image\/","url":"http:\/\/just-now.news\/de\/wp-content\/uploads\/sites\/3\/2022\/04\/logo500x500.jpg","contentUrl":"http:\/\/just-now.news\/de\/wp-content\/uploads\/sites\/3\/2022\/04\/logo500x500.jpg","width":500,"height":500,"caption":"Just Now News"},"image":{"@id":"https:\/\/now-news.de\/de\/#\/schema\/logo\/image\/"},"sameAs":["https:\/\/www.facebook.com\/wirmachenauf","https:\/\/x.com\/WirMachenAuf_de"]},{"@type":"Person","@id":"https:\/\/now-news.de\/de\/#\/schema\/person\/fb534a4e865501d8b3285208df34a9b5","name":"rtnews","image":{"@type":"ImageObject","inLanguage":"de","@id":"https:\/\/now-news.de\/de\/#\/schema\/person\/image\/","url":"https:\/\/secure.gravatar.com\/avatar\/82aafea7d8127119dd649515f56e2117?s=96&d=mm&r=g","contentUrl":"https:\/\/secure.gravatar.com\/avatar\/82aafea7d8127119dd649515f56e2117?s=96&d=mm&r=g","caption":"rtnews"},"url":"https:\/\/now-news.de\/de\/author\/rnews\/"}]}},"_links":{"self":[{"href":"https:\/\/now-news.de\/de\/wp-json\/wp\/v2\/posts\/42335"}],"collection":[{"href":"https:\/\/now-news.de\/de\/wp-json\/wp\/v2\/posts"}],"about":[{"href":"https:\/\/now-news.de\/de\/wp-json\/wp\/v2\/types\/post"}],"author":[{"embeddable":true,"href":"https:\/\/now-news.de\/de\/wp-json\/wp\/v2\/users\/3"}],"replies":[{"embeddable":true,"href":"https:\/\/now-news.de\/de\/wp-json\/wp\/v2\/comments?post=42335"}],"version-history":[{"count":0,"href":"https:\/\/now-news.de\/de\/wp-json\/wp\/v2\/posts\/42335\/revisions"}],"wp:featuredmedia":[{"embeddable":true,"href":"https:\/\/now-news.de\/de\/wp-json\/wp\/v2\/media\/42336"}],"wp:attachment":[{"href":"https:\/\/now-news.de\/de\/wp-json\/wp\/v2\/media?parent=42335"}],"wp:term":[{"taxonomy":"category","embeddable":true,"href":"https:\/\/now-news.de\/de\/wp-json\/wp\/v2\/categories?post=42335"},{"taxonomy":"post_tag","embeddable":true,"href":"https:\/\/now-news.de\/de\/wp-json\/wp\/v2\/tags?post=42335"}],"curies":[{"name":"wp","href":"https:\/\/api.w.org\/{rel}","templated":true}]}}