{"id":42247,"date":"2023-08-18T19:31:45","date_gmt":"2023-08-18T17:31:45","guid":{"rendered":"https:\/\/just-now.news\/de\/deutschland\/brandenburgischer-cdu-innenminister-haben-kontrolle-ueber-illegale-migration-verloren\/"},"modified":"2023-08-18T19:31:45","modified_gmt":"2023-08-18T17:31:45","slug":"brandenburgischer-cdu-innenminister-haben-kontrolle-ueber-illegale-migration-verloren","status":"publish","type":"post","link":"https:\/\/now-news.de\/de\/deutschland\/brandenburgischer-cdu-innenminister-haben-kontrolle-ueber-illegale-migration-verloren\/","title":{"rendered":"Brandenburgischer CDU-Innenminister: &quot;Haben Kontrolle \u00fcber illegale Migration verloren&quot;"},"content":{"rendered":"<p><img decoding=\"async\" src=\"http:\/\/just-now.news\/de\/wp-content\/uploads\/sites\/3\/2023\/08\/64dfa0a948fbef20e5792bff.jpg\" \/><\/p>\n<div class=\"Text-root Text-type_1 \">\n                Die aktuelle Fl\u00fcchtlingskrise erinnert immer st\u00e4rker an die Jahre 2015\/2016. In Prenzlau hat die AfD jetzt 13.000 Unterschriften gegen ein geplantes Fl\u00fcchtlingsheim gesammelt. Ob das etwas bringen wird? Doch auch die Brandenburger CDU beklagt einen Kontrollverlust beim Thema Migration.\n            <\/div>\n<p><\/p>\n<div class=\"Text-root Text-type_5 ArticleView-text ViewText-root \">\n<p>In Prenzlau g\u00e4rt es: Brandenburgs Innenminister Michael St\u00fcbgen (CDU) hat sich\u00a0am Donnerstag mit der Landr\u00e4tin des Kreises Uckermark, Karina D\u00f6rk (CDU), und den\u00a0dazugeh\u00f6rigen Gemeindeb\u00fcrgermeistern getroffen. Dabei ging es um ein leeres B\u00fcrohaus in der Kreisstadt Prenzlau, das die Landesregierung zum Fl\u00fcchtlingsheim umwandeln will. Wie die <em>Berliner Zeitung<\/em> am Donnerstag <a rel=\"nofollow noopener\" target=\"_blank\" href=\"https:\/\/www.bz-berlin.de\/brandenburg\/wir-haben-die-kontrolle-ueber-die-illegale-migration-verloren\">berichtete<\/a>, sollen 300 Migranten dort einziehen.<\/p>\n<p>Seit die Planung bekannt ist, gibt es heftige Proteste vonseiten der B\u00fcrgerschaft. Die AfD schafft es in k\u00fcrzester Zeit mehr als 13.000 Menschen in der 20.000 Einwohner z\u00e4hlenden Stadt per Unterschrift f\u00fcr einen B\u00fcrgerentscheid dagegen zu mobilisieren.\u00a0D\u00f6rk forderte mit Blick nach Berlin:<\/p>\n<blockquote>\n<p><em>&#8220;Wir m\u00fcssen die illegale Migration begrenzen. Und wir brauchen mehr Geld f\u00fcr Sprachkurse, Betreuer und Berufsausbildung der Fl\u00fcchtlinge.&#8221;<\/em><\/p>\n<\/blockquote>\n<p>Die 59-J\u00e4hrige empfindet\u00a0den Plattenbau in Prenzlau als &#8220;keinen gl\u00fccklichen Standort&#8221;.\u00a0Dennoch soll das\u00a0B\u00fcrohaus zum Fl\u00fcchtlingsheim umgebaut werden. Ende September entscheidet der Kreistag, ob er das B\u00fcrgerbegehren der AfD\u00a0zulassen wird und\u00a0ob dann die Prenzlauer\u00a0\u00fcber die Migranten-Unterkunft abstimmen d\u00fcrfen oder nicht.<\/p>\n<div class=\"EmbedBlock-root EmbedBlock-twitter\">\n<div class=\"TwitterEmbed\">\n<blockquote class=\"twitter-tweet lazyload\" data-twitter=\"twitter-tweet\">\n<p lang=\"de\" dir=\"ltr\">Die Prenzlauer wehren sich gegen ein Migrantenheim. Die AfD sammelt massenhaft Unterschriften f\u00fcr einen B\u00fcrgerentscheid. Da kommt Brandenburgs CDU-Innenminister und macht ein Eingest\u00e4ndnis. <a rel=\"nofollow noopener\" target=\"_blank\" href=\"https:\/\/t.co\/22wWLse6UR\">https:\/\/t.co\/22wWLse6UR<\/a><\/p>\n<p>\u2014 Junge Freiheit (@Junge_Freiheit) <a rel=\"nofollow noopener\" target=\"_blank\" href=\"https:\/\/twitter.com\/Junge_Freiheit\/status\/1692459032919810365?ref_src=twsrc%5Etfw\">August 18, 2023<\/a><\/p><\/blockquote>\n<\/div>\n<\/div>\n<p>St\u00fcbgen sieht einerseits die M\u00f6glichkeit von B\u00fcrgerbegehren aus Protest gegen Fl\u00fcchtlingseinrichtungen in Kommunen problematisch:\u00a0&#8220;Ich halte es f\u00fcr kritisch, dass es \u00fcberhaupt m\u00f6glich ist.&#8221; Denn die Unterbringung von Fl\u00fcchtlingen in Sammelunterk\u00fcnften sei eine &#8220;Pflichtaufgabe nach Weisung&#8221; und keine freie Entscheidung der Landkreise. Anderseits betonte er im Vorfeld:<\/p>\n<blockquote>\n<p><em>&#8220;Die Menschen sp\u00fcren, dass wir die Kontrolle \u00fcber die illegale Migration verloren haben&#8221;<\/em><\/p>\n<\/blockquote>\n<p><strong>Mehr zum Thema<\/strong> \u2013 <a rel=\"nofollow noopener\" target=\"_blank\" href=\"https:\/\/freedert.online\/inland\/178108-frankfurter-rundschau-clan-kriminalitaet-wird\/\">Frankfurter Rundschau: Clan-Kriminalit\u00e4t wird als &#8220;umstrittener Begriff politisch missbraucht&#8221;<\/a><\/p>\n<\/p>\n<\/div>\n<p><script async src=\"https:\/\/platform.twitter.com\/widgets.js\" charset=\"utf-8\"><\/script><br \/>\n<br \/><br \/>\n<br \/><a href=\"https:\/\/de.rt.com\/inland\/178266-brandenburgischer-cdu-innenminister-haben-kontrolle\/\">Source link <\/a><\/p>\n","protected":false},"excerpt":{"rendered":"<p>Die aktuelle Fl\u00fcchtlingskrise erinnert immer st\u00e4rker an die Jahre 2015\/2016. In Prenzlau hat die AfD jetzt 13.000 Unterschriften gegen ein geplantes Fl\u00fcchtlingsheim gesammelt. Ob das etwas bringen wird? Doch auch die Brandenburger CDU beklagt einen Kontrollverlust beim Thema Migration. In Prenzlau g\u00e4rt es: Brandenburgs Innenminister Michael St\u00fcbgen (CDU) hat sich\u00a0am Donnerstag mit der Landr\u00e4tin des [&hellip;]<\/p>\n","protected":false},"author":3,"featured_media":42248,"comment_status":"open","ping_status":"open","sticky":false,"template":"","format":"standard","meta":{"_yoast_indexnow_last_ping":["1692380475"],"wp_automatic_camp":["217"],"823bfce6e7baaa7ca443223822d6d554":["Brandenburgischer CDU-Innenminister: &quot;Haben Kontrolle \u00fcber illegale Migration verloren&quot;"],"original_link":["https:\/\/de.rt.com\/inland\/178266-brandenburgischer-cdu-innenminister-haben-kontrolle\/"],"_thumbnail_id":["42248"],"jnews_social_counter_last_update":["1777647345"],"_wptgpro_p2tg_sent2tg":["a:1:{i:23737;s:19:\"2023-08-18 19:43:15\";}"]},"categories":[19,23],"tags":[47922,47923,7462,4567,28536,28592,139,36213],"yoast_head":"<!-- This site is optimized with the Yoast SEO Premium plugin v22.7 (Yoast SEO v22.7) - https:\/\/yoast.com\/wordpress\/plugins\/seo\/ -->\n<title>Brandenburgischer CDU-Innenminister: &quot;Haben Kontrolle \u00fcber illegale Migration verloren&quot; - just-now.NEWS Deutschland<\/title>\n<meta name=\"robots\" content=\"index, follow, max-snippet:-1, max-image-preview:large, max-video-preview:-1\" \/>\n<link rel=\"canonical\" href=\"https:\/\/now-news.de\/de\/deutschland\/brandenburgischer-cdu-innenminister-haben-kontrolle-ueber-illegale-migration-verloren\/\" \/>\n<meta property=\"og:locale\" content=\"de_DE\" \/>\n<meta property=\"og:type\" content=\"article\" \/>\n<meta property=\"og:title\" content=\"Brandenburgischer CDU-Innenminister: &quot;Haben Kontrolle \u00fcber illegale Migration verloren&quot;\" \/>\n<meta property=\"og:description\" content=\"Die aktuelle Fl\u00fcchtlingskrise erinnert immer st\u00e4rker an die Jahre 2015\/2016. In Prenzlau hat die AfD jetzt 13.000 Unterschriften gegen ein geplantes Fl\u00fcchtlingsheim gesammelt. Ob das etwas bringen wird? Doch auch die Brandenburger CDU beklagt einen Kontrollverlust beim Thema Migration. In Prenzlau g\u00e4rt es: Brandenburgs Innenminister Michael St\u00fcbgen (CDU) hat sich\u00a0am Donnerstag mit der Landr\u00e4tin des [&hellip;]\" \/>\n<meta property=\"og:url\" content=\"https:\/\/now-news.de\/de\/deutschland\/brandenburgischer-cdu-innenminister-haben-kontrolle-ueber-illegale-migration-verloren\/\" \/>\n<meta property=\"og:site_name\" content=\"just-now.NEWS Deutschland\" \/>\n<meta property=\"article:publisher\" content=\"https:\/\/www.facebook.com\/wirmachenauf\" \/>\n<meta property=\"article:published_time\" content=\"2023-08-18T17:31:45+00:00\" \/>\n<meta property=\"og:image\" content=\"https:\/\/now-news.de\/de\/wp-content\/uploads\/sites\/3\/2023\/08\/Brandenburgischer-CDU-Innenminister-quotHaben-Kontrolle-ueber-illegale-Migration-verlorenquot.jpg\" \/>\n\t<meta property=\"og:image:width\" content=\"460\" \/>\n\t<meta property=\"og:image:height\" content=\"259\" \/>\n\t<meta property=\"og:image:type\" content=\"image\/jpeg\" \/>\n<meta name=\"author\" content=\"rtnews\" \/>\n<meta name=\"twitter:card\" content=\"summary_large_image\" \/>\n<meta name=\"twitter:creator\" content=\"@WirMachenAuf_de\" \/>\n<meta name=\"twitter:site\" content=\"@WirMachenAuf_de\" \/>\n<meta name=\"twitter:label1\" content=\"Verfasst von\" \/>\n\t<meta name=\"twitter:data1\" content=\"rtnews\" \/>\n\t<meta name=\"twitter:label2\" content=\"Gesch\u00e4tzte Lesezeit\" \/>\n\t<meta name=\"twitter:data2\" content=\"2\u00a0Minuten\" \/>\n<script type=\"application\/ld+json\" class=\"yoast-schema-graph\">{\"@context\":\"https:\/\/schema.org\",\"@graph\":[{\"@type\":\"Article\",\"@id\":\"https:\/\/now-news.de\/de\/deutschland\/brandenburgischer-cdu-innenminister-haben-kontrolle-ueber-illegale-migration-verloren\/#article\",\"isPartOf\":{\"@id\":\"https:\/\/now-news.de\/de\/deutschland\/brandenburgischer-cdu-innenminister-haben-kontrolle-ueber-illegale-migration-verloren\/\"},\"author\":{\"name\":\"rtnews\",\"@id\":\"https:\/\/now-news.de\/de\/#\/schema\/person\/fb534a4e865501d8b3285208df34a9b5\"},\"headline\":\"Brandenburgischer CDU-Innenminister: &quot;Haben Kontrolle \u00fcber illegale Migration verloren&quot;\",\"datePublished\":\"2023-08-18T17:31:45+00:00\",\"dateModified\":\"2023-08-18T17:31:45+00:00\",\"mainEntityOfPage\":{\"@id\":\"https:\/\/now-news.de\/de\/deutschland\/brandenburgischer-cdu-innenminister-haben-kontrolle-ueber-illegale-migration-verloren\/\"},\"wordCount\":353,\"commentCount\":0,\"publisher\":{\"@id\":\"https:\/\/now-news.de\/de\/#organization\"},\"image\":{\"@id\":\"https:\/\/now-news.de\/de\/deutschland\/brandenburgischer-cdu-innenminister-haben-kontrolle-ueber-illegale-migration-verloren\/#primaryimage\"},\"thumbnailUrl\":\"https:\/\/now-news.de\/de\/wp-content\/uploads\/sites\/3\/2023\/08\/Brandenburgischer-CDU-Innenminister-quotHaben-Kontrolle-ueber-illegale-Migration-verlorenquot.jpg\",\"keywords\":[\"Brandenburgischer\",\"CDUInnenminister\",\"illegale\",\"Kontrolle\",\"Migration\",\"quotHaben\",\"\u00fcber\",\"verlorenquot\"],\"articleSection\":[\"Deutschland\",\"Russland\"],\"inLanguage\":\"de\",\"potentialAction\":[{\"@type\":\"CommentAction\",\"name\":\"Comment\",\"target\":[\"https:\/\/now-news.de\/de\/deutschland\/brandenburgischer-cdu-innenminister-haben-kontrolle-ueber-illegale-migration-verloren\/#respond\"]}]},{\"@type\":\"WebPage\",\"@id\":\"https:\/\/now-news.de\/de\/deutschland\/brandenburgischer-cdu-innenminister-haben-kontrolle-ueber-illegale-migration-verloren\/\",\"url\":\"https:\/\/now-news.de\/de\/deutschland\/brandenburgischer-cdu-innenminister-haben-kontrolle-ueber-illegale-migration-verloren\/\",\"name\":\"Brandenburgischer CDU-Innenminister: &quot;Haben Kontrolle \u00fcber illegale Migration verloren&quot; - just-now.NEWS Deutschland\",\"isPartOf\":{\"@id\":\"https:\/\/now-news.de\/de\/#website\"},\"primaryImageOfPage\":{\"@id\":\"https:\/\/now-news.de\/de\/deutschland\/brandenburgischer-cdu-innenminister-haben-kontrolle-ueber-illegale-migration-verloren\/#primaryimage\"},\"image\":{\"@id\":\"https:\/\/now-news.de\/de\/deutschland\/brandenburgischer-cdu-innenminister-haben-kontrolle-ueber-illegale-migration-verloren\/#primaryimage\"},\"thumbnailUrl\":\"https:\/\/now-news.de\/de\/wp-content\/uploads\/sites\/3\/2023\/08\/Brandenburgischer-CDU-Innenminister-quotHaben-Kontrolle-ueber-illegale-Migration-verlorenquot.jpg\",\"datePublished\":\"2023-08-18T17:31:45+00:00\",\"dateModified\":\"2023-08-18T17:31:45+00:00\",\"breadcrumb\":{\"@id\":\"https:\/\/now-news.de\/de\/deutschland\/brandenburgischer-cdu-innenminister-haben-kontrolle-ueber-illegale-migration-verloren\/#breadcrumb\"},\"inLanguage\":\"de\",\"potentialAction\":[{\"@type\":\"ReadAction\",\"target\":[\"https:\/\/now-news.de\/de\/deutschland\/brandenburgischer-cdu-innenminister-haben-kontrolle-ueber-illegale-migration-verloren\/\"]}]},{\"@type\":\"ImageObject\",\"inLanguage\":\"de\",\"@id\":\"https:\/\/now-news.de\/de\/deutschland\/brandenburgischer-cdu-innenminister-haben-kontrolle-ueber-illegale-migration-verloren\/#primaryimage\",\"url\":\"https:\/\/now-news.de\/de\/wp-content\/uploads\/sites\/3\/2023\/08\/Brandenburgischer-CDU-Innenminister-quotHaben-Kontrolle-ueber-illegale-Migration-verlorenquot.jpg\",\"contentUrl\":\"https:\/\/now-news.de\/de\/wp-content\/uploads\/sites\/3\/2023\/08\/Brandenburgischer-CDU-Innenminister-quotHaben-Kontrolle-ueber-illegale-Migration-verlorenquot.jpg\",\"width\":460,\"height\":259,\"caption\":\"Brandenburgischer CDU-Innenminister: &quot;Haben Kontrolle \u00fcber illegale Migration verloren&quot;\"},{\"@type\":\"BreadcrumbList\",\"@id\":\"https:\/\/now-news.de\/de\/deutschland\/brandenburgischer-cdu-innenminister-haben-kontrolle-ueber-illegale-migration-verloren\/#breadcrumb\",\"itemListElement\":[{\"@type\":\"ListItem\",\"position\":1,\"name\":\"Home\",\"item\":\"https:\/\/now-news.de\/de\/\"},{\"@type\":\"ListItem\",\"position\":2,\"name\":\"Brandenburgischer CDU-Innenminister: &quot;Haben Kontrolle \u00fcber illegale Migration verloren&quot;\"}]},{\"@type\":\"WebSite\",\"@id\":\"https:\/\/now-news.de\/de\/#website\",\"url\":\"https:\/\/now-news.de\/de\/\",\"name\":\"just-now.NEWS Deutschland\",\"description\":\"Das Portal f\u00fcr unzensierte Nachrichten aus der Welt\",\"publisher\":{\"@id\":\"https:\/\/now-news.de\/de\/#organization\"},\"potentialAction\":[{\"@type\":\"SearchAction\",\"target\":{\"@type\":\"EntryPoint\",\"urlTemplate\":\"https:\/\/now-news.de\/de\/?s={search_term_string}\"},\"query-input\":\"required name=search_term_string\"}],\"inLanguage\":\"de\"},{\"@type\":\"Organization\",\"@id\":\"https:\/\/now-news.de\/de\/#organization\",\"name\":\"Just Now News\",\"url\":\"https:\/\/now-news.de\/de\/\",\"logo\":{\"@type\":\"ImageObject\",\"inLanguage\":\"de\",\"@id\":\"https:\/\/now-news.de\/de\/#\/schema\/logo\/image\/\",\"url\":\"http:\/\/just-now.news\/de\/wp-content\/uploads\/sites\/3\/2022\/04\/logo500x500.jpg\",\"contentUrl\":\"http:\/\/just-now.news\/de\/wp-content\/uploads\/sites\/3\/2022\/04\/logo500x500.jpg\",\"width\":500,\"height\":500,\"caption\":\"Just Now News\"},\"image\":{\"@id\":\"https:\/\/now-news.de\/de\/#\/schema\/logo\/image\/\"},\"sameAs\":[\"https:\/\/www.facebook.com\/wirmachenauf\",\"https:\/\/x.com\/WirMachenAuf_de\"]},{\"@type\":\"Person\",\"@id\":\"https:\/\/now-news.de\/de\/#\/schema\/person\/fb534a4e865501d8b3285208df34a9b5\",\"name\":\"rtnews\",\"image\":{\"@type\":\"ImageObject\",\"inLanguage\":\"de\",\"@id\":\"https:\/\/now-news.de\/de\/#\/schema\/person\/image\/\",\"url\":\"https:\/\/secure.gravatar.com\/avatar\/82aafea7d8127119dd649515f56e2117?s=96&d=mm&r=g\",\"contentUrl\":\"https:\/\/secure.gravatar.com\/avatar\/82aafea7d8127119dd649515f56e2117?s=96&d=mm&r=g\",\"caption\":\"rtnews\"},\"url\":\"https:\/\/now-news.de\/de\/author\/rnews\/\"}]}<\/script>\n<!-- \/ Yoast SEO Premium plugin. -->","yoast_head_json":{"title":"Brandenburgischer CDU-Innenminister: &quot;Haben Kontrolle \u00fcber illegale Migration verloren&quot; - just-now.NEWS Deutschland","robots":{"index":"index","follow":"follow","max-snippet":"max-snippet:-1","max-image-preview":"max-image-preview:large","max-video-preview":"max-video-preview:-1"},"canonical":"https:\/\/now-news.de\/de\/deutschland\/brandenburgischer-cdu-innenminister-haben-kontrolle-ueber-illegale-migration-verloren\/","og_locale":"de_DE","og_type":"article","og_title":"Brandenburgischer CDU-Innenminister: &quot;Haben Kontrolle \u00fcber illegale Migration verloren&quot;","og_description":"Die aktuelle Fl\u00fcchtlingskrise erinnert immer st\u00e4rker an die Jahre 2015\/2016. In Prenzlau hat die AfD jetzt 13.000 Unterschriften gegen ein geplantes Fl\u00fcchtlingsheim gesammelt. Ob das etwas bringen wird? Doch auch die Brandenburger CDU beklagt einen Kontrollverlust beim Thema Migration. In Prenzlau g\u00e4rt es: Brandenburgs Innenminister Michael St\u00fcbgen (CDU) hat sich\u00a0am Donnerstag mit der Landr\u00e4tin des [&hellip;]","og_url":"https:\/\/now-news.de\/de\/deutschland\/brandenburgischer-cdu-innenminister-haben-kontrolle-ueber-illegale-migration-verloren\/","og_site_name":"just-now.NEWS Deutschland","article_publisher":"https:\/\/www.facebook.com\/wirmachenauf","article_published_time":"2023-08-18T17:31:45+00:00","og_image":[{"width":460,"height":259,"url":"https:\/\/now-news.de\/de\/wp-content\/uploads\/sites\/3\/2023\/08\/Brandenburgischer-CDU-Innenminister-quotHaben-Kontrolle-ueber-illegale-Migration-verlorenquot.jpg","type":"image\/jpeg"}],"author":"rtnews","twitter_card":"summary_large_image","twitter_creator":"@WirMachenAuf_de","twitter_site":"@WirMachenAuf_de","twitter_misc":{"Verfasst von":"rtnews","Gesch\u00e4tzte Lesezeit":"2\u00a0Minuten"},"schema":{"@context":"https:\/\/schema.org","@graph":[{"@type":"Article","@id":"https:\/\/now-news.de\/de\/deutschland\/brandenburgischer-cdu-innenminister-haben-kontrolle-ueber-illegale-migration-verloren\/#article","isPartOf":{"@id":"https:\/\/now-news.de\/de\/deutschland\/brandenburgischer-cdu-innenminister-haben-kontrolle-ueber-illegale-migration-verloren\/"},"author":{"name":"rtnews","@id":"https:\/\/now-news.de\/de\/#\/schema\/person\/fb534a4e865501d8b3285208df34a9b5"},"headline":"Brandenburgischer CDU-Innenminister: &quot;Haben Kontrolle \u00fcber illegale Migration verloren&quot;","datePublished":"2023-08-18T17:31:45+00:00","dateModified":"2023-08-18T17:31:45+00:00","mainEntityOfPage":{"@id":"https:\/\/now-news.de\/de\/deutschland\/brandenburgischer-cdu-innenminister-haben-kontrolle-ueber-illegale-migration-verloren\/"},"wordCount":353,"commentCount":0,"publisher":{"@id":"https:\/\/now-news.de\/de\/#organization"},"image":{"@id":"https:\/\/now-news.de\/de\/deutschland\/brandenburgischer-cdu-innenminister-haben-kontrolle-ueber-illegale-migration-verloren\/#primaryimage"},"thumbnailUrl":"https:\/\/now-news.de\/de\/wp-content\/uploads\/sites\/3\/2023\/08\/Brandenburgischer-CDU-Innenminister-quotHaben-Kontrolle-ueber-illegale-Migration-verlorenquot.jpg","keywords":["Brandenburgischer","CDUInnenminister","illegale","Kontrolle","Migration","quotHaben","\u00fcber","verlorenquot"],"articleSection":["Deutschland","Russland"],"inLanguage":"de","potentialAction":[{"@type":"CommentAction","name":"Comment","target":["https:\/\/now-news.de\/de\/deutschland\/brandenburgischer-cdu-innenminister-haben-kontrolle-ueber-illegale-migration-verloren\/#respond"]}]},{"@type":"WebPage","@id":"https:\/\/now-news.de\/de\/deutschland\/brandenburgischer-cdu-innenminister-haben-kontrolle-ueber-illegale-migration-verloren\/","url":"https:\/\/now-news.de\/de\/deutschland\/brandenburgischer-cdu-innenminister-haben-kontrolle-ueber-illegale-migration-verloren\/","name":"Brandenburgischer CDU-Innenminister: &quot;Haben Kontrolle \u00fcber illegale Migration verloren&quot; - just-now.NEWS Deutschland","isPartOf":{"@id":"https:\/\/now-news.de\/de\/#website"},"primaryImageOfPage":{"@id":"https:\/\/now-news.de\/de\/deutschland\/brandenburgischer-cdu-innenminister-haben-kontrolle-ueber-illegale-migration-verloren\/#primaryimage"},"image":{"@id":"https:\/\/now-news.de\/de\/deutschland\/brandenburgischer-cdu-innenminister-haben-kontrolle-ueber-illegale-migration-verloren\/#primaryimage"},"thumbnailUrl":"https:\/\/now-news.de\/de\/wp-content\/uploads\/sites\/3\/2023\/08\/Brandenburgischer-CDU-Innenminister-quotHaben-Kontrolle-ueber-illegale-Migration-verlorenquot.jpg","datePublished":"2023-08-18T17:31:45+00:00","dateModified":"2023-08-18T17:31:45+00:00","breadcrumb":{"@id":"https:\/\/now-news.de\/de\/deutschland\/brandenburgischer-cdu-innenminister-haben-kontrolle-ueber-illegale-migration-verloren\/#breadcrumb"},"inLanguage":"de","potentialAction":[{"@type":"ReadAction","target":["https:\/\/now-news.de\/de\/deutschland\/brandenburgischer-cdu-innenminister-haben-kontrolle-ueber-illegale-migration-verloren\/"]}]},{"@type":"ImageObject","inLanguage":"de","@id":"https:\/\/now-news.de\/de\/deutschland\/brandenburgischer-cdu-innenminister-haben-kontrolle-ueber-illegale-migration-verloren\/#primaryimage","url":"https:\/\/now-news.de\/de\/wp-content\/uploads\/sites\/3\/2023\/08\/Brandenburgischer-CDU-Innenminister-quotHaben-Kontrolle-ueber-illegale-Migration-verlorenquot.jpg","contentUrl":"https:\/\/now-news.de\/de\/wp-content\/uploads\/sites\/3\/2023\/08\/Brandenburgischer-CDU-Innenminister-quotHaben-Kontrolle-ueber-illegale-Migration-verlorenquot.jpg","width":460,"height":259,"caption":"Brandenburgischer CDU-Innenminister: &quot;Haben Kontrolle \u00fcber illegale Migration verloren&quot;"},{"@type":"BreadcrumbList","@id":"https:\/\/now-news.de\/de\/deutschland\/brandenburgischer-cdu-innenminister-haben-kontrolle-ueber-illegale-migration-verloren\/#breadcrumb","itemListElement":[{"@type":"ListItem","position":1,"name":"Home","item":"https:\/\/now-news.de\/de\/"},{"@type":"ListItem","position":2,"name":"Brandenburgischer CDU-Innenminister: &quot;Haben Kontrolle \u00fcber illegale Migration verloren&quot;"}]},{"@type":"WebSite","@id":"https:\/\/now-news.de\/de\/#website","url":"https:\/\/now-news.de\/de\/","name":"just-now.NEWS Deutschland","description":"Das Portal f\u00fcr unzensierte Nachrichten aus der Welt","publisher":{"@id":"https:\/\/now-news.de\/de\/#organization"},"potentialAction":[{"@type":"SearchAction","target":{"@type":"EntryPoint","urlTemplate":"https:\/\/now-news.de\/de\/?s={search_term_string}"},"query-input":"required name=search_term_string"}],"inLanguage":"de"},{"@type":"Organization","@id":"https:\/\/now-news.de\/de\/#organization","name":"Just Now News","url":"https:\/\/now-news.de\/de\/","logo":{"@type":"ImageObject","inLanguage":"de","@id":"https:\/\/now-news.de\/de\/#\/schema\/logo\/image\/","url":"http:\/\/just-now.news\/de\/wp-content\/uploads\/sites\/3\/2022\/04\/logo500x500.jpg","contentUrl":"http:\/\/just-now.news\/de\/wp-content\/uploads\/sites\/3\/2022\/04\/logo500x500.jpg","width":500,"height":500,"caption":"Just Now News"},"image":{"@id":"https:\/\/now-news.de\/de\/#\/schema\/logo\/image\/"},"sameAs":["https:\/\/www.facebook.com\/wirmachenauf","https:\/\/x.com\/WirMachenAuf_de"]},{"@type":"Person","@id":"https:\/\/now-news.de\/de\/#\/schema\/person\/fb534a4e865501d8b3285208df34a9b5","name":"rtnews","image":{"@type":"ImageObject","inLanguage":"de","@id":"https:\/\/now-news.de\/de\/#\/schema\/person\/image\/","url":"https:\/\/secure.gravatar.com\/avatar\/82aafea7d8127119dd649515f56e2117?s=96&d=mm&r=g","contentUrl":"https:\/\/secure.gravatar.com\/avatar\/82aafea7d8127119dd649515f56e2117?s=96&d=mm&r=g","caption":"rtnews"},"url":"https:\/\/now-news.de\/de\/author\/rnews\/"}]}},"_links":{"self":[{"href":"https:\/\/now-news.de\/de\/wp-json\/wp\/v2\/posts\/42247"}],"collection":[{"href":"https:\/\/now-news.de\/de\/wp-json\/wp\/v2\/posts"}],"about":[{"href":"https:\/\/now-news.de\/de\/wp-json\/wp\/v2\/types\/post"}],"author":[{"embeddable":true,"href":"https:\/\/now-news.de\/de\/wp-json\/wp\/v2\/users\/3"}],"replies":[{"embeddable":true,"href":"https:\/\/now-news.de\/de\/wp-json\/wp\/v2\/comments?post=42247"}],"version-history":[{"count":0,"href":"https:\/\/now-news.de\/de\/wp-json\/wp\/v2\/posts\/42247\/revisions"}],"wp:featuredmedia":[{"embeddable":true,"href":"https:\/\/now-news.de\/de\/wp-json\/wp\/v2\/media\/42248"}],"wp:attachment":[{"href":"https:\/\/now-news.de\/de\/wp-json\/wp\/v2\/media?parent=42247"}],"wp:term":[{"taxonomy":"category","embeddable":true,"href":"https:\/\/now-news.de\/de\/wp-json\/wp\/v2\/categories?post=42247"},{"taxonomy":"post_tag","embeddable":true,"href":"https:\/\/now-news.de\/de\/wp-json\/wp\/v2\/tags?post=42247"}],"curies":[{"name":"wp","href":"https:\/\/api.w.org\/{rel}","templated":true}]}}