{"id":42207,"date":"2023-08-18T11:00:11","date_gmt":"2023-08-18T09:00:11","guid":{"rendered":"https:\/\/just-now.news\/de\/deutschland\/sprachkenntnisse-entscheidend-schweden-will-druck-auf-einwanderer-machen\/"},"modified":"2023-08-18T11:00:11","modified_gmt":"2023-08-18T09:00:11","slug":"sprachkenntnisse-entscheidend-schweden-will-druck-auf-einwanderer-machen","status":"publish","type":"post","link":"https:\/\/now-news.de\/de\/deutschland\/sprachkenntnisse-entscheidend-schweden-will-druck-auf-einwanderer-machen\/","title":{"rendered":"&quot;Sprachkenntnisse entscheidend&quot; \u2013 Schweden will Druck auf Einwanderer machen"},"content":{"rendered":"<p><img decoding=\"async\" src=\"http:\/\/just-now.news\/de\/wp-content\/uploads\/sites\/3\/2023\/08\/64de1e2cb480cc0d2f7189f1.jpg\" \/><\/p>\n<div class=\"Text-root Text-type_1 \">\n                Die schwedische Regierung erw\u00e4gt eine zeitliche Begrenzung der Schwedisch-Kurse f\u00fcr Einwanderer. Die Ma\u00dfnahme ist Teil einer gr\u00f6\u00dferen Reform, die sich zum Ziel gesetzt hat, die Besch\u00e4ftigungsquote von Einwanderern in Schweden zu erh\u00f6hen.\n            <\/div>\n<p><\/p>\n<div class=\"Text-root Text-type_5 ArticleView-text ViewText-root \">\n<p>Einwanderer in Schweden sollen schneller Schwedisch lernen. Der Minister f\u00fcr Besch\u00e4ftigung und Integration, Johan Pehrson, bezeichnete das Erlernen der schwedischen Sprache auf einer Pressekonferenz, auf der er die Pl\u00e4ne der Regierung ank\u00fcndigte, als &#8220;entscheidend&#8221; f\u00fcr die Eingliederung von Einwanderern in den schwedischen Arbeitsmarkt.<\/p>\n<p>Der Minister f\u00fcgte hinzu, dass Einwanderer in den letzten Jahren l\u00e4nger als erwartet gebraucht h\u00e4tten, um die Schwedisch-Kurse zu absolvieren. Pehrson sagte:<\/p>\n<blockquote>\n<p><em>&#8220;Deshalb erw\u00e4gen wir die Einf\u00fchrung einer zeitlichen Begrenzung.&#8221;<\/em><\/p>\n<\/blockquote>\n<p>Die Kluft bei der Arbeitslosigkeit zwischen Menschen, die in Schweden geboren sind, und Menschen, die au\u00dferhalb des Landes geboren sind,\u00a0sei &#8220;sehr gro\u00df&#8221;, so Pehrson. Und dies, obwohl es viele Branchen gebe, die dringend Personal suchten.\u00a0Der Minister f\u00fcgte hinzu:<\/p>\n<blockquote>\n<p><em>&#8220;Es ist wichtig, dass die Menschen Schwedisch sprechen, wenn sie in diesen Bereichen arbeiten wollen.&#8221;<\/em><\/p>\n<\/blockquote>\n<p>Trotz des j\u00fcngsten Trends sinkender Arbeitslosenquoten in Schweden warnte Pehrson, dass dies m\u00f6glicherweise nicht mehr lange der Fall sein werde:<\/p>\n<blockquote>\n<p><em>&#8220;Die Zeit des geringen Wachstums wird sich wahrscheinlich auf die Arbeitslosen- und Besch\u00e4ftigungsquoten auswirken.&#8221;<\/em><\/p>\n<\/blockquote>\n<p>Er hoffe zudem, dass die Schwedisch-Kurse in Kombination mit Arbeit die Integration effektiver gestalten, so der Minister weiter.<\/p>\n<p>Die Regierung wird nun die vorgeschlagene Befristung der Sprachkurse genauer pr\u00fcfen, einschlie\u00dflich der Frage, wie sie in der Praxis funktionieren w\u00fcrde und wann sie in Kraft treten k\u00f6nnte.\u00a0Erst dann will\u00a0sie offiziell einen Vorschlag unterbreiten.<\/p>\n<p><strong>Mehr zum Thema<\/strong> \u2013 <a rel=\"nofollow noopener\" target=\"_blank\" href=\"https:\/\/freeassange.rtde.life\/nordamerika\/177982-new-york-in-bredouille-jetzt\/\">New York in der Bredouille \u2013 jetzt soll das Recht auf Unterbringung f\u00fcr Migranten fallen<\/a><\/p>\n<div class=\"EmbedBlock-root EmbedBlock-externalVideo EmbedBlock-odysee\">\n<div class=\"VkEmbed\"><iframe class=\"lazyload\" data-src=\"https:\/\/odysee.com\/%24\/embed\/%40RTDE%3Ae%2FHotspot_Lampedusa_Neue_Welle_von_Migranten_aus_Tunesien%3Aa\" frameborder=\"0\" width=\"853\" height=\"480\" allowfullscreen><\/iframe><\/div>\n<\/div>\n<\/div>\n<p><br \/>\n<br \/><a href=\"https:\/\/de.rt.com\/europa\/178145-sprachkenntnisse-entscheidend-schweden-will-druck-auf-einwanderer-machen\/\">Source link <\/a><\/p>\n","protected":false},"excerpt":{"rendered":"<p>Die schwedische Regierung erw\u00e4gt eine zeitliche Begrenzung der Schwedisch-Kurse f\u00fcr Einwanderer. Die Ma\u00dfnahme ist Teil einer gr\u00f6\u00dferen Reform, die sich zum Ziel gesetzt hat, die Besch\u00e4ftigungsquote von Einwanderern in Schweden zu erh\u00f6hen. Einwanderer in Schweden sollen schneller Schwedisch lernen. Der Minister f\u00fcr Besch\u00e4ftigung und Integration, Johan Pehrson, bezeichnete das Erlernen der schwedischen Sprache auf einer [&hellip;]<\/p>\n","protected":false},"author":3,"featured_media":42208,"comment_status":"open","ping_status":"open","sticky":false,"template":"","format":"standard","meta":{"_yoast_indexnow_last_ping":["1692349455"],"wp_automatic_camp":["217"],"c15308f605552be9d88ec259437e86a5":["&quot;Sprachkenntnisse entscheidend&quot; \u2013 Schweden will Druck auf Einwanderer machen"],"original_link":["https:\/\/de.rt.com\/europa\/178145-sprachkenntnisse-entscheidend-schweden-will-druck-auf-einwanderer-machen\/"],"_thumbnail_id":["42208"],"_wptgpro_p2tg_sent2tg":["a:1:{i:23737;s:19:\"2023-08-18 11:05:17\";}"],"jnews_social_counter_last_update":["1777329177"]},"categories":[19,23],"tags":[133,1610,22643,45476,3570,47899,599],"yoast_head":"<!-- This site is optimized with the Yoast SEO Premium plugin v22.7 (Yoast SEO v22.7) - https:\/\/yoast.com\/wordpress\/plugins\/seo\/ -->\n<title>&quot;Sprachkenntnisse entscheidend&quot; \u2013 Schweden will Druck auf Einwanderer machen - just-now.NEWS Deutschland<\/title>\n<meta name=\"robots\" content=\"index, follow, max-snippet:-1, max-image-preview:large, max-video-preview:-1\" \/>\n<link rel=\"canonical\" href=\"https:\/\/now-news.de\/de\/deutschland\/sprachkenntnisse-entscheidend-schweden-will-druck-auf-einwanderer-machen\/\" \/>\n<meta property=\"og:locale\" content=\"de_DE\" \/>\n<meta property=\"og:type\" content=\"article\" \/>\n<meta property=\"og:title\" content=\"&quot;Sprachkenntnisse entscheidend&quot; \u2013 Schweden will Druck auf Einwanderer machen\" \/>\n<meta property=\"og:description\" content=\"Die schwedische Regierung erw\u00e4gt eine zeitliche Begrenzung der Schwedisch-Kurse f\u00fcr Einwanderer. Die Ma\u00dfnahme ist Teil einer gr\u00f6\u00dferen Reform, die sich zum Ziel gesetzt hat, die Besch\u00e4ftigungsquote von Einwanderern in Schweden zu erh\u00f6hen. Einwanderer in Schweden sollen schneller Schwedisch lernen. Der Minister f\u00fcr Besch\u00e4ftigung und Integration, Johan Pehrson, bezeichnete das Erlernen der schwedischen Sprache auf einer [&hellip;]\" \/>\n<meta property=\"og:url\" content=\"https:\/\/now-news.de\/de\/deutschland\/sprachkenntnisse-entscheidend-schweden-will-druck-auf-einwanderer-machen\/\" \/>\n<meta property=\"og:site_name\" content=\"just-now.NEWS Deutschland\" \/>\n<meta property=\"article:publisher\" content=\"https:\/\/www.facebook.com\/wirmachenauf\" \/>\n<meta property=\"article:published_time\" content=\"2023-08-18T09:00:11+00:00\" \/>\n<meta property=\"og:image\" content=\"https:\/\/now-news.de\/de\/wp-content\/uploads\/sites\/3\/2023\/08\/quotSprachkenntnisse-entscheidendquot-\u2013-Schweden-will-Druck-auf-Einwanderer-machen.jpg\" \/>\n\t<meta property=\"og:image:width\" content=\"460\" \/>\n\t<meta property=\"og:image:height\" content=\"259\" \/>\n\t<meta property=\"og:image:type\" content=\"image\/jpeg\" \/>\n<meta name=\"author\" content=\"rtnews\" \/>\n<meta name=\"twitter:card\" content=\"summary_large_image\" \/>\n<meta name=\"twitter:creator\" content=\"@WirMachenAuf_de\" \/>\n<meta name=\"twitter:site\" content=\"@WirMachenAuf_de\" \/>\n<meta name=\"twitter:label1\" content=\"Verfasst von\" \/>\n\t<meta name=\"twitter:data1\" content=\"rtnews\" \/>\n\t<meta name=\"twitter:label2\" content=\"Gesch\u00e4tzte Lesezeit\" \/>\n\t<meta name=\"twitter:data2\" content=\"1\u00a0Minute\" \/>\n<script type=\"application\/ld+json\" class=\"yoast-schema-graph\">{\"@context\":\"https:\/\/schema.org\",\"@graph\":[{\"@type\":\"Article\",\"@id\":\"https:\/\/now-news.de\/de\/deutschland\/sprachkenntnisse-entscheidend-schweden-will-druck-auf-einwanderer-machen\/#article\",\"isPartOf\":{\"@id\":\"https:\/\/now-news.de\/de\/deutschland\/sprachkenntnisse-entscheidend-schweden-will-druck-auf-einwanderer-machen\/\"},\"author\":{\"name\":\"rtnews\",\"@id\":\"https:\/\/now-news.de\/de\/#\/schema\/person\/fb534a4e865501d8b3285208df34a9b5\"},\"headline\":\"&quot;Sprachkenntnisse entscheidend&quot; \u2013 Schweden will Druck auf Einwanderer machen\",\"datePublished\":\"2023-08-18T09:00:11+00:00\",\"dateModified\":\"2023-08-18T09:00:11+00:00\",\"mainEntityOfPage\":{\"@id\":\"https:\/\/now-news.de\/de\/deutschland\/sprachkenntnisse-entscheidend-schweden-will-druck-auf-einwanderer-machen\/\"},\"wordCount\":304,\"commentCount\":0,\"publisher\":{\"@id\":\"https:\/\/now-news.de\/de\/#organization\"},\"image\":{\"@id\":\"https:\/\/now-news.de\/de\/deutschland\/sprachkenntnisse-entscheidend-schweden-will-druck-auf-einwanderer-machen\/#primaryimage\"},\"thumbnailUrl\":\"https:\/\/now-news.de\/de\/wp-content\/uploads\/sites\/3\/2023\/08\/quotSprachkenntnisse-entscheidendquot-\u2013-Schweden-will-Druck-auf-Einwanderer-machen.jpg\",\"keywords\":[\"AUF\",\"Druck\",\"Einwanderer\",\"entscheidendquot\",\"machen\",\"quotSprachkenntnisse\",\"Schweden\"],\"articleSection\":[\"Deutschland\",\"Russland\"],\"inLanguage\":\"de\",\"potentialAction\":[{\"@type\":\"CommentAction\",\"name\":\"Comment\",\"target\":[\"https:\/\/now-news.de\/de\/deutschland\/sprachkenntnisse-entscheidend-schweden-will-druck-auf-einwanderer-machen\/#respond\"]}]},{\"@type\":\"WebPage\",\"@id\":\"https:\/\/now-news.de\/de\/deutschland\/sprachkenntnisse-entscheidend-schweden-will-druck-auf-einwanderer-machen\/\",\"url\":\"https:\/\/now-news.de\/de\/deutschland\/sprachkenntnisse-entscheidend-schweden-will-druck-auf-einwanderer-machen\/\",\"name\":\"&quot;Sprachkenntnisse entscheidend&quot; \u2013 Schweden will Druck auf Einwanderer machen - just-now.NEWS Deutschland\",\"isPartOf\":{\"@id\":\"https:\/\/now-news.de\/de\/#website\"},\"primaryImageOfPage\":{\"@id\":\"https:\/\/now-news.de\/de\/deutschland\/sprachkenntnisse-entscheidend-schweden-will-druck-auf-einwanderer-machen\/#primaryimage\"},\"image\":{\"@id\":\"https:\/\/now-news.de\/de\/deutschland\/sprachkenntnisse-entscheidend-schweden-will-druck-auf-einwanderer-machen\/#primaryimage\"},\"thumbnailUrl\":\"https:\/\/now-news.de\/de\/wp-content\/uploads\/sites\/3\/2023\/08\/quotSprachkenntnisse-entscheidendquot-\u2013-Schweden-will-Druck-auf-Einwanderer-machen.jpg\",\"datePublished\":\"2023-08-18T09:00:11+00:00\",\"dateModified\":\"2023-08-18T09:00:11+00:00\",\"breadcrumb\":{\"@id\":\"https:\/\/now-news.de\/de\/deutschland\/sprachkenntnisse-entscheidend-schweden-will-druck-auf-einwanderer-machen\/#breadcrumb\"},\"inLanguage\":\"de\",\"potentialAction\":[{\"@type\":\"ReadAction\",\"target\":[\"https:\/\/now-news.de\/de\/deutschland\/sprachkenntnisse-entscheidend-schweden-will-druck-auf-einwanderer-machen\/\"]}]},{\"@type\":\"ImageObject\",\"inLanguage\":\"de\",\"@id\":\"https:\/\/now-news.de\/de\/deutschland\/sprachkenntnisse-entscheidend-schweden-will-druck-auf-einwanderer-machen\/#primaryimage\",\"url\":\"https:\/\/now-news.de\/de\/wp-content\/uploads\/sites\/3\/2023\/08\/quotSprachkenntnisse-entscheidendquot-\u2013-Schweden-will-Druck-auf-Einwanderer-machen.jpg\",\"contentUrl\":\"https:\/\/now-news.de\/de\/wp-content\/uploads\/sites\/3\/2023\/08\/quotSprachkenntnisse-entscheidendquot-\u2013-Schweden-will-Druck-auf-Einwanderer-machen.jpg\",\"width\":460,\"height\":259,\"caption\":\"&quot;Sprachkenntnisse entscheidend&quot; \u2013 Schweden will Druck auf Einwanderer machen\"},{\"@type\":\"BreadcrumbList\",\"@id\":\"https:\/\/now-news.de\/de\/deutschland\/sprachkenntnisse-entscheidend-schweden-will-druck-auf-einwanderer-machen\/#breadcrumb\",\"itemListElement\":[{\"@type\":\"ListItem\",\"position\":1,\"name\":\"Home\",\"item\":\"https:\/\/now-news.de\/de\/\"},{\"@type\":\"ListItem\",\"position\":2,\"name\":\"&quot;Sprachkenntnisse entscheidend&quot; \u2013 Schweden will Druck auf Einwanderer machen\"}]},{\"@type\":\"WebSite\",\"@id\":\"https:\/\/now-news.de\/de\/#website\",\"url\":\"https:\/\/now-news.de\/de\/\",\"name\":\"just-now.NEWS Deutschland\",\"description\":\"Das Portal f\u00fcr unzensierte Nachrichten aus der Welt\",\"publisher\":{\"@id\":\"https:\/\/now-news.de\/de\/#organization\"},\"potentialAction\":[{\"@type\":\"SearchAction\",\"target\":{\"@type\":\"EntryPoint\",\"urlTemplate\":\"https:\/\/now-news.de\/de\/?s={search_term_string}\"},\"query-input\":\"required name=search_term_string\"}],\"inLanguage\":\"de\"},{\"@type\":\"Organization\",\"@id\":\"https:\/\/now-news.de\/de\/#organization\",\"name\":\"Just Now News\",\"url\":\"https:\/\/now-news.de\/de\/\",\"logo\":{\"@type\":\"ImageObject\",\"inLanguage\":\"de\",\"@id\":\"https:\/\/now-news.de\/de\/#\/schema\/logo\/image\/\",\"url\":\"http:\/\/just-now.news\/de\/wp-content\/uploads\/sites\/3\/2022\/04\/logo500x500.jpg\",\"contentUrl\":\"http:\/\/just-now.news\/de\/wp-content\/uploads\/sites\/3\/2022\/04\/logo500x500.jpg\",\"width\":500,\"height\":500,\"caption\":\"Just Now News\"},\"image\":{\"@id\":\"https:\/\/now-news.de\/de\/#\/schema\/logo\/image\/\"},\"sameAs\":[\"https:\/\/www.facebook.com\/wirmachenauf\",\"https:\/\/x.com\/WirMachenAuf_de\"]},{\"@type\":\"Person\",\"@id\":\"https:\/\/now-news.de\/de\/#\/schema\/person\/fb534a4e865501d8b3285208df34a9b5\",\"name\":\"rtnews\",\"image\":{\"@type\":\"ImageObject\",\"inLanguage\":\"de\",\"@id\":\"https:\/\/now-news.de\/de\/#\/schema\/person\/image\/\",\"url\":\"https:\/\/secure.gravatar.com\/avatar\/82aafea7d8127119dd649515f56e2117?s=96&d=mm&r=g\",\"contentUrl\":\"https:\/\/secure.gravatar.com\/avatar\/82aafea7d8127119dd649515f56e2117?s=96&d=mm&r=g\",\"caption\":\"rtnews\"},\"url\":\"https:\/\/now-news.de\/de\/author\/rnews\/\"}]}<\/script>\n<!-- \/ Yoast SEO Premium plugin. -->","yoast_head_json":{"title":"&quot;Sprachkenntnisse entscheidend&quot; \u2013 Schweden will Druck auf Einwanderer machen - just-now.NEWS Deutschland","robots":{"index":"index","follow":"follow","max-snippet":"max-snippet:-1","max-image-preview":"max-image-preview:large","max-video-preview":"max-video-preview:-1"},"canonical":"https:\/\/now-news.de\/de\/deutschland\/sprachkenntnisse-entscheidend-schweden-will-druck-auf-einwanderer-machen\/","og_locale":"de_DE","og_type":"article","og_title":"&quot;Sprachkenntnisse entscheidend&quot; \u2013 Schweden will Druck auf Einwanderer machen","og_description":"Die schwedische Regierung erw\u00e4gt eine zeitliche Begrenzung der Schwedisch-Kurse f\u00fcr Einwanderer. Die Ma\u00dfnahme ist Teil einer gr\u00f6\u00dferen Reform, die sich zum Ziel gesetzt hat, die Besch\u00e4ftigungsquote von Einwanderern in Schweden zu erh\u00f6hen. Einwanderer in Schweden sollen schneller Schwedisch lernen. Der Minister f\u00fcr Besch\u00e4ftigung und Integration, Johan Pehrson, bezeichnete das Erlernen der schwedischen Sprache auf einer [&hellip;]","og_url":"https:\/\/now-news.de\/de\/deutschland\/sprachkenntnisse-entscheidend-schweden-will-druck-auf-einwanderer-machen\/","og_site_name":"just-now.NEWS Deutschland","article_publisher":"https:\/\/www.facebook.com\/wirmachenauf","article_published_time":"2023-08-18T09:00:11+00:00","og_image":[{"width":460,"height":259,"url":"https:\/\/now-news.de\/de\/wp-content\/uploads\/sites\/3\/2023\/08\/quotSprachkenntnisse-entscheidendquot-\u2013-Schweden-will-Druck-auf-Einwanderer-machen.jpg","type":"image\/jpeg"}],"author":"rtnews","twitter_card":"summary_large_image","twitter_creator":"@WirMachenAuf_de","twitter_site":"@WirMachenAuf_de","twitter_misc":{"Verfasst von":"rtnews","Gesch\u00e4tzte Lesezeit":"1\u00a0Minute"},"schema":{"@context":"https:\/\/schema.org","@graph":[{"@type":"Article","@id":"https:\/\/now-news.de\/de\/deutschland\/sprachkenntnisse-entscheidend-schweden-will-druck-auf-einwanderer-machen\/#article","isPartOf":{"@id":"https:\/\/now-news.de\/de\/deutschland\/sprachkenntnisse-entscheidend-schweden-will-druck-auf-einwanderer-machen\/"},"author":{"name":"rtnews","@id":"https:\/\/now-news.de\/de\/#\/schema\/person\/fb534a4e865501d8b3285208df34a9b5"},"headline":"&quot;Sprachkenntnisse entscheidend&quot; \u2013 Schweden will Druck auf Einwanderer machen","datePublished":"2023-08-18T09:00:11+00:00","dateModified":"2023-08-18T09:00:11+00:00","mainEntityOfPage":{"@id":"https:\/\/now-news.de\/de\/deutschland\/sprachkenntnisse-entscheidend-schweden-will-druck-auf-einwanderer-machen\/"},"wordCount":304,"commentCount":0,"publisher":{"@id":"https:\/\/now-news.de\/de\/#organization"},"image":{"@id":"https:\/\/now-news.de\/de\/deutschland\/sprachkenntnisse-entscheidend-schweden-will-druck-auf-einwanderer-machen\/#primaryimage"},"thumbnailUrl":"https:\/\/now-news.de\/de\/wp-content\/uploads\/sites\/3\/2023\/08\/quotSprachkenntnisse-entscheidendquot-\u2013-Schweden-will-Druck-auf-Einwanderer-machen.jpg","keywords":["AUF","Druck","Einwanderer","entscheidendquot","machen","quotSprachkenntnisse","Schweden"],"articleSection":["Deutschland","Russland"],"inLanguage":"de","potentialAction":[{"@type":"CommentAction","name":"Comment","target":["https:\/\/now-news.de\/de\/deutschland\/sprachkenntnisse-entscheidend-schweden-will-druck-auf-einwanderer-machen\/#respond"]}]},{"@type":"WebPage","@id":"https:\/\/now-news.de\/de\/deutschland\/sprachkenntnisse-entscheidend-schweden-will-druck-auf-einwanderer-machen\/","url":"https:\/\/now-news.de\/de\/deutschland\/sprachkenntnisse-entscheidend-schweden-will-druck-auf-einwanderer-machen\/","name":"&quot;Sprachkenntnisse entscheidend&quot; \u2013 Schweden will Druck auf Einwanderer machen - just-now.NEWS Deutschland","isPartOf":{"@id":"https:\/\/now-news.de\/de\/#website"},"primaryImageOfPage":{"@id":"https:\/\/now-news.de\/de\/deutschland\/sprachkenntnisse-entscheidend-schweden-will-druck-auf-einwanderer-machen\/#primaryimage"},"image":{"@id":"https:\/\/now-news.de\/de\/deutschland\/sprachkenntnisse-entscheidend-schweden-will-druck-auf-einwanderer-machen\/#primaryimage"},"thumbnailUrl":"https:\/\/now-news.de\/de\/wp-content\/uploads\/sites\/3\/2023\/08\/quotSprachkenntnisse-entscheidendquot-\u2013-Schweden-will-Druck-auf-Einwanderer-machen.jpg","datePublished":"2023-08-18T09:00:11+00:00","dateModified":"2023-08-18T09:00:11+00:00","breadcrumb":{"@id":"https:\/\/now-news.de\/de\/deutschland\/sprachkenntnisse-entscheidend-schweden-will-druck-auf-einwanderer-machen\/#breadcrumb"},"inLanguage":"de","potentialAction":[{"@type":"ReadAction","target":["https:\/\/now-news.de\/de\/deutschland\/sprachkenntnisse-entscheidend-schweden-will-druck-auf-einwanderer-machen\/"]}]},{"@type":"ImageObject","inLanguage":"de","@id":"https:\/\/now-news.de\/de\/deutschland\/sprachkenntnisse-entscheidend-schweden-will-druck-auf-einwanderer-machen\/#primaryimage","url":"https:\/\/now-news.de\/de\/wp-content\/uploads\/sites\/3\/2023\/08\/quotSprachkenntnisse-entscheidendquot-\u2013-Schweden-will-Druck-auf-Einwanderer-machen.jpg","contentUrl":"https:\/\/now-news.de\/de\/wp-content\/uploads\/sites\/3\/2023\/08\/quotSprachkenntnisse-entscheidendquot-\u2013-Schweden-will-Druck-auf-Einwanderer-machen.jpg","width":460,"height":259,"caption":"&quot;Sprachkenntnisse entscheidend&quot; \u2013 Schweden will Druck auf Einwanderer machen"},{"@type":"BreadcrumbList","@id":"https:\/\/now-news.de\/de\/deutschland\/sprachkenntnisse-entscheidend-schweden-will-druck-auf-einwanderer-machen\/#breadcrumb","itemListElement":[{"@type":"ListItem","position":1,"name":"Home","item":"https:\/\/now-news.de\/de\/"},{"@type":"ListItem","position":2,"name":"&quot;Sprachkenntnisse entscheidend&quot; \u2013 Schweden will Druck auf Einwanderer machen"}]},{"@type":"WebSite","@id":"https:\/\/now-news.de\/de\/#website","url":"https:\/\/now-news.de\/de\/","name":"just-now.NEWS Deutschland","description":"Das Portal f\u00fcr unzensierte Nachrichten aus der Welt","publisher":{"@id":"https:\/\/now-news.de\/de\/#organization"},"potentialAction":[{"@type":"SearchAction","target":{"@type":"EntryPoint","urlTemplate":"https:\/\/now-news.de\/de\/?s={search_term_string}"},"query-input":"required name=search_term_string"}],"inLanguage":"de"},{"@type":"Organization","@id":"https:\/\/now-news.de\/de\/#organization","name":"Just Now News","url":"https:\/\/now-news.de\/de\/","logo":{"@type":"ImageObject","inLanguage":"de","@id":"https:\/\/now-news.de\/de\/#\/schema\/logo\/image\/","url":"http:\/\/just-now.news\/de\/wp-content\/uploads\/sites\/3\/2022\/04\/logo500x500.jpg","contentUrl":"http:\/\/just-now.news\/de\/wp-content\/uploads\/sites\/3\/2022\/04\/logo500x500.jpg","width":500,"height":500,"caption":"Just Now News"},"image":{"@id":"https:\/\/now-news.de\/de\/#\/schema\/logo\/image\/"},"sameAs":["https:\/\/www.facebook.com\/wirmachenauf","https:\/\/x.com\/WirMachenAuf_de"]},{"@type":"Person","@id":"https:\/\/now-news.de\/de\/#\/schema\/person\/fb534a4e865501d8b3285208df34a9b5","name":"rtnews","image":{"@type":"ImageObject","inLanguage":"de","@id":"https:\/\/now-news.de\/de\/#\/schema\/person\/image\/","url":"https:\/\/secure.gravatar.com\/avatar\/82aafea7d8127119dd649515f56e2117?s=96&d=mm&r=g","contentUrl":"https:\/\/secure.gravatar.com\/avatar\/82aafea7d8127119dd649515f56e2117?s=96&d=mm&r=g","caption":"rtnews"},"url":"https:\/\/now-news.de\/de\/author\/rnews\/"}]}},"_links":{"self":[{"href":"https:\/\/now-news.de\/de\/wp-json\/wp\/v2\/posts\/42207"}],"collection":[{"href":"https:\/\/now-news.de\/de\/wp-json\/wp\/v2\/posts"}],"about":[{"href":"https:\/\/now-news.de\/de\/wp-json\/wp\/v2\/types\/post"}],"author":[{"embeddable":true,"href":"https:\/\/now-news.de\/de\/wp-json\/wp\/v2\/users\/3"}],"replies":[{"embeddable":true,"href":"https:\/\/now-news.de\/de\/wp-json\/wp\/v2\/comments?post=42207"}],"version-history":[{"count":0,"href":"https:\/\/now-news.de\/de\/wp-json\/wp\/v2\/posts\/42207\/revisions"}],"wp:featuredmedia":[{"embeddable":true,"href":"https:\/\/now-news.de\/de\/wp-json\/wp\/v2\/media\/42208"}],"wp:attachment":[{"href":"https:\/\/now-news.de\/de\/wp-json\/wp\/v2\/media?parent=42207"}],"wp:term":[{"taxonomy":"category","embeddable":true,"href":"https:\/\/now-news.de\/de\/wp-json\/wp\/v2\/categories?post=42207"},{"taxonomy":"post_tag","embeddable":true,"href":"https:\/\/now-news.de\/de\/wp-json\/wp\/v2\/tags?post=42207"}],"curies":[{"name":"wp","href":"https:\/\/api.w.org\/{rel}","templated":true}]}}