{"id":42199,"date":"2023-08-18T09:24:34","date_gmt":"2023-08-18T07:24:34","guid":{"rendered":"https:\/\/just-now.news\/de\/deutschland\/gruenen-politikerin-schroeder-will-wohnungsnot-in-grossstaedten-durch-zwangsvermietung-lindern\/"},"modified":"2023-08-18T09:24:34","modified_gmt":"2023-08-18T07:24:34","slug":"gruenen-politikerin-schroeder-will-wohnungsnot-in-grossstaedten-durch-zwangsvermietung-lindern","status":"publish","type":"post","link":"https:\/\/now-news.de\/de\/deutschland\/gruenen-politikerin-schroeder-will-wohnungsnot-in-grossstaedten-durch-zwangsvermietung-lindern\/","title":{"rendered":"Gr\u00fcnen-Politikerin Schr\u00f6der will Wohnungsnot in Gro\u00dfst\u00e4dten durch Zwangsvermietung lindern"},"content":{"rendered":"<p><img decoding=\"async\" src=\"http:\/\/just-now.news\/de\/wp-content\/uploads\/sites\/3\/2023\/08\/64de810a48fbef274a43b7bf.jpg\" \/><\/p>\n<div class=\"Text-root Text-type_1 \">\n                Aus der Ampel-Koalition kommt der Vorschlag, Wohnraum umzuverteilen und damit der Wohnungsnot in Deutschland entgegenzuwirken. Vor allem Senioren w\u00e4ren betroffen, diese h\u00e4tten angeblich zu viel Wohnraum. Kritik folgte auf dem Fu\u00df.\n            <\/div>\n<p><\/p>\n<div class=\"Text-root Text-type_5 ArticleView-text ViewText-root \">\n<p>Gr\u00fcnen-Politikerin Christina-Johanne Schr\u00f6der unterbreitete am Mittwoch den Vorschlag, der der Wohnungsnot in Deutschland entgegenwirken soll, indem Eigentum gewisserma\u00dfen umverteilt wird. Rentner in Gro\u00dfst\u00e4dten sollen demnach ihre Wohnungen an Familien vermieten. Gegen\u00fcber der <em>Bild<\/em>\u00a0<a rel=\"nofollow noopener\" target=\"_blank\" href=\"https:\/\/www.bild.de\/politik\/inland\/politik-inland\/neue-ampel-idee-rentner-koennten-ihre-haeuser-raeumen-85058376.bild.html\">erkl\u00e4rte<\/a> sie:<\/p>\n<blockquote>\n<p><em>&#8220;Deutschland hat viel Wohnraum, aber nicht genug Wohnungen. Das bedeutet, dass manche Menschen mehr Wohnraum haben, als sie brauchen und umgekehrt.&#8221;<\/em><\/p>\n<\/blockquote>\n<p>Sie fordert daher, dass Personen mit \u00fcberm\u00e4\u00dfigem Wohnraum ihr Eigenheim &#8220;zu einem fairen Mietzins an eine Familie vermieten&#8221;. Das w\u00fcrde oft Rentner betreffen. Ihre Miete soll dann von der Steuer abgesetzt werden. Die Ampel arbeite wohl an &#8220;L\u00f6sungen&#8221;. Kritik gab es von vielen Seiten. Ein Nutzer kritisierte Schr\u00f6ders Aussage, die selbst ein Eigenheim bewohnt, und schrieb bei Twitter:<\/p>\n<blockquote>\n<p><em>&#8220;&#8216;Deutschland hat viel Wohnraum, aber nicht genug Wohnungen (&#8230;)&#8217;<\/em><\/p>\n<p><em>Die gr\u00fcne MdB Christina-Johanne Schr\u00f6der will Rentner in kleine Wohnungen verfrachten. Sie selbst lebt mit ihrem Mann in einem Anwesen an der Weser.&#8221;<\/em><\/p>\n<\/blockquote>\n<div class=\"EmbedBlock-root EmbedBlock-twitter\">\n<div class=\"TwitterEmbed\">\n<blockquote class=\"twitter-tweet lazyload\" data-twitter=\"twitter-tweet\">\n<p lang=\"de\" dir=\"ltr\">\u201eDeutschland hat viel Wohnraum, aber nicht genug Wohnungen. Das bedeutet, dass manche Menschen mehr Wohnraum haben, als sie brauchen\u201cDie gr\u00fcne MdB Christina-Johanne Schr\u00f6der will Rentner in kleine Wohnungen verfrachten.Sie selbst lebt mit ihrem Mann in einem Anwesen an der Weser <a rel=\"nofollow noopener\" target=\"_blank\" href=\"https:\/\/t.co\/F7m5Uv7fA4\">pic.twitter.com\/F7m5Uv7fA4<\/a><\/p>\n<p>\u2014 \uea00 Andreas Hallaschka \uea00 \ud83c\uddfa\ud83c\udde6 (@Hallaschka_HH) <a rel=\"nofollow noopener\" target=\"_blank\" href=\"https:\/\/twitter.com\/Hallaschka_HH\/status\/1692072368695370037?ref_src=twsrc%5Etfw\">August 17, 2023<\/a><\/p><\/blockquote>\n<\/div>\n<\/div>\n<p>Sp\u00e4ter schaltete Schr\u00f6der selbst einen Gang zur\u00fcck, sie twitterte:<\/p>\n<blockquote>\n<p><em>&#8220;Einfach mal durchatmen, bitte. Es geht nat\u00fcrlich um den Fall, dass man sein Haus freiwillig vermieten M\u00d6CHTE, um sich zu verkleinern.&#8221;<\/em><\/p>\n<\/blockquote>\n<div class=\"EmbedBlock-root EmbedBlock-twitter\">\n<div class=\"TwitterEmbed\">\n<blockquote class=\"twitter-tweet lazyload\" data-twitter=\"twitter-tweet\">\n<p lang=\"de\" dir=\"ltr\">Wohin sollen wir denn ziehen, wenn wir das erw\u00e4gen w\u00fcrden? Hier gibt es keinen freien Wohnraum. Ich gebe mein H\u00e4uschen im Gr\u00fcnen doch nicht auf, um dann im 6. Stock einer Platte zu wohnen. Wie kommt man auf so haneb\u00fcchene Ideen? Im Osten fr\u00fcher gab es Einquartierung&#8230;Kommt noch?<\/p>\n<p>\u2014 Ilse Bi. (@Ilsebill21) <a rel=\"nofollow noopener\" target=\"_blank\" href=\"https:\/\/twitter.com\/Ilsebill21\/status\/1691780173153140815?ref_src=twsrc%5Etfw\">August 16, 2023<\/a><\/p><\/blockquote>\n<\/div>\n<\/div>\n<p><strong>Mehr zum Thema &#8211; <\/strong><a rel=\"nofollow noopener\" target=\"_blank\" href=\"https:\/\/freedert.online\/meinung\/177494-null-bedauern-gar-nichts-habeck\/\">&#8220;Null Bedauern, gar nichts&#8221; \u2013 Habeck im &#8220;Zeit&#8221;-Interview, was fehlte war der Bravo-Starschnitt<\/a><\/p>\n<\/p>\n<\/div>\n<p><script async src=\"https:\/\/platform.twitter.com\/widgets.js\" charset=\"utf-8\"><\/script><br \/>\n<br \/><br \/>\n<br \/><a href=\"https:\/\/de.rt.com\/inland\/178182-gruenen-politikerin-schroeder-will-wohnungsnot\/\">Source link <\/a><\/p>\n","protected":false},"excerpt":{"rendered":"<p>Aus der Ampel-Koalition kommt der Vorschlag, Wohnraum umzuverteilen und damit der Wohnungsnot in Deutschland entgegenzuwirken. Vor allem Senioren w\u00e4ren betroffen, diese h\u00e4tten angeblich zu viel Wohnraum. Kritik folgte auf dem Fu\u00df. Gr\u00fcnen-Politikerin Christina-Johanne Schr\u00f6der unterbreitete am Mittwoch den Vorschlag, der der Wohnungsnot in Deutschland entgegenwirken soll, indem Eigentum gewisserma\u00dfen umverteilt wird. Rentner in Gro\u00dfst\u00e4dten sollen [&hellip;]<\/p>\n","protected":false},"author":3,"featured_media":42200,"comment_status":"open","ping_status":"open","sticky":false,"template":"","format":"standard","meta":{"_yoast_indexnow_last_ping":["1692343717"],"wp_automatic_camp":["217"],"1744d50a3b27b89bb79f1ecc6b2e9baf":["Gr\u00fcnen-Politikerin Schr\u00f6der will Wohnungsnot in Gro\u00dfst\u00e4dten durch Zwangsvermietung lindern"],"original_link":["https:\/\/de.rt.com\/inland\/178182-gruenen-politikerin-schroeder-will-wohnungsnot\/"],"_thumbnail_id":["42200"],"_wptgpro_p2tg_sent2tg":["a:1:{i:23737;s:19:\"2023-08-18 09:29:41\";}"],"jnews_social_counter_last_update":["1776665262"]},"categories":[19,23],"tags":[1024,47892,35560,28015,8961,47891,47893],"yoast_head":"<!-- This site is optimized with the Yoast SEO Premium plugin v22.7 (Yoast SEO v22.7) - https:\/\/yoast.com\/wordpress\/plugins\/seo\/ -->\n<title>Gr\u00fcnen-Politikerin Schr\u00f6der will Wohnungsnot in Gro\u00dfst\u00e4dten durch Zwangsvermietung lindern - just-now.NEWS Deutschland<\/title>\n<meta name=\"robots\" content=\"index, follow, max-snippet:-1, max-image-preview:large, max-video-preview:-1\" \/>\n<link rel=\"canonical\" href=\"https:\/\/now-news.de\/de\/deutschland\/gruenen-politikerin-schroeder-will-wohnungsnot-in-grossstaedten-durch-zwangsvermietung-lindern\/\" \/>\n<meta property=\"og:locale\" content=\"de_DE\" \/>\n<meta property=\"og:type\" content=\"article\" \/>\n<meta property=\"og:title\" content=\"Gr\u00fcnen-Politikerin Schr\u00f6der will Wohnungsnot in Gro\u00dfst\u00e4dten durch Zwangsvermietung lindern\" \/>\n<meta property=\"og:description\" content=\"Aus der Ampel-Koalition kommt der Vorschlag, Wohnraum umzuverteilen und damit der Wohnungsnot in Deutschland entgegenzuwirken. Vor allem Senioren w\u00e4ren betroffen, diese h\u00e4tten angeblich zu viel Wohnraum. Kritik folgte auf dem Fu\u00df. Gr\u00fcnen-Politikerin Christina-Johanne Schr\u00f6der unterbreitete am Mittwoch den Vorschlag, der der Wohnungsnot in Deutschland entgegenwirken soll, indem Eigentum gewisserma\u00dfen umverteilt wird. Rentner in Gro\u00dfst\u00e4dten sollen [&hellip;]\" \/>\n<meta property=\"og:url\" content=\"https:\/\/now-news.de\/de\/deutschland\/gruenen-politikerin-schroeder-will-wohnungsnot-in-grossstaedten-durch-zwangsvermietung-lindern\/\" \/>\n<meta property=\"og:site_name\" content=\"just-now.NEWS Deutschland\" \/>\n<meta property=\"article:publisher\" content=\"https:\/\/www.facebook.com\/wirmachenauf\" \/>\n<meta property=\"article:published_time\" content=\"2023-08-18T07:24:34+00:00\" \/>\n<meta property=\"og:image\" content=\"https:\/\/now-news.de\/de\/wp-content\/uploads\/sites\/3\/2023\/08\/Gruenen-Politikerin-Schroeder-will-Wohnungsnot-in-Grossstaedten-durch-Zwangsvermietung-lindern.jpg\" \/>\n\t<meta property=\"og:image:width\" content=\"460\" \/>\n\t<meta property=\"og:image:height\" content=\"259\" \/>\n\t<meta property=\"og:image:type\" content=\"image\/jpeg\" \/>\n<meta name=\"author\" content=\"rtnews\" \/>\n<meta name=\"twitter:card\" content=\"summary_large_image\" \/>\n<meta name=\"twitter:creator\" content=\"@WirMachenAuf_de\" \/>\n<meta name=\"twitter:site\" content=\"@WirMachenAuf_de\" \/>\n<meta name=\"twitter:label1\" content=\"Verfasst von\" \/>\n\t<meta name=\"twitter:data1\" content=\"rtnews\" \/>\n\t<meta name=\"twitter:label2\" content=\"Gesch\u00e4tzte Lesezeit\" \/>\n\t<meta name=\"twitter:data2\" content=\"2\u00a0Minuten\" \/>\n<script type=\"application\/ld+json\" class=\"yoast-schema-graph\">{\"@context\":\"https:\/\/schema.org\",\"@graph\":[{\"@type\":\"Article\",\"@id\":\"https:\/\/now-news.de\/de\/deutschland\/gruenen-politikerin-schroeder-will-wohnungsnot-in-grossstaedten-durch-zwangsvermietung-lindern\/#article\",\"isPartOf\":{\"@id\":\"https:\/\/now-news.de\/de\/deutschland\/gruenen-politikerin-schroeder-will-wohnungsnot-in-grossstaedten-durch-zwangsvermietung-lindern\/\"},\"author\":{\"name\":\"rtnews\",\"@id\":\"https:\/\/now-news.de\/de\/#\/schema\/person\/fb534a4e865501d8b3285208df34a9b5\"},\"headline\":\"Gr\u00fcnen-Politikerin Schr\u00f6der will Wohnungsnot in Gro\u00dfst\u00e4dten durch Zwangsvermietung lindern\",\"datePublished\":\"2023-08-18T07:24:34+00:00\",\"dateModified\":\"2023-08-18T07:24:34+00:00\",\"mainEntityOfPage\":{\"@id\":\"https:\/\/now-news.de\/de\/deutschland\/gruenen-politikerin-schroeder-will-wohnungsnot-in-grossstaedten-durch-zwangsvermietung-lindern\/\"},\"wordCount\":373,\"commentCount\":0,\"publisher\":{\"@id\":\"https:\/\/now-news.de\/de\/#organization\"},\"image\":{\"@id\":\"https:\/\/now-news.de\/de\/deutschland\/gruenen-politikerin-schroeder-will-wohnungsnot-in-grossstaedten-durch-zwangsvermietung-lindern\/#primaryimage\"},\"thumbnailUrl\":\"https:\/\/now-news.de\/de\/wp-content\/uploads\/sites\/3\/2023\/08\/Gruenen-Politikerin-Schroeder-will-Wohnungsnot-in-Grossstaedten-durch-Zwangsvermietung-lindern.jpg\",\"keywords\":[\"durch\",\"Gro\u00dfst\u00e4dten\",\"Gr\u00fcnenPolitikerin\",\"lindern\",\"Schr\u00f6der\",\"Wohnungsnot\",\"Zwangsvermietung\"],\"articleSection\":[\"Deutschland\",\"Russland\"],\"inLanguage\":\"de\",\"potentialAction\":[{\"@type\":\"CommentAction\",\"name\":\"Comment\",\"target\":[\"https:\/\/now-news.de\/de\/deutschland\/gruenen-politikerin-schroeder-will-wohnungsnot-in-grossstaedten-durch-zwangsvermietung-lindern\/#respond\"]}]},{\"@type\":\"WebPage\",\"@id\":\"https:\/\/now-news.de\/de\/deutschland\/gruenen-politikerin-schroeder-will-wohnungsnot-in-grossstaedten-durch-zwangsvermietung-lindern\/\",\"url\":\"https:\/\/now-news.de\/de\/deutschland\/gruenen-politikerin-schroeder-will-wohnungsnot-in-grossstaedten-durch-zwangsvermietung-lindern\/\",\"name\":\"Gr\u00fcnen-Politikerin Schr\u00f6der will Wohnungsnot in Gro\u00dfst\u00e4dten durch Zwangsvermietung lindern - just-now.NEWS Deutschland\",\"isPartOf\":{\"@id\":\"https:\/\/now-news.de\/de\/#website\"},\"primaryImageOfPage\":{\"@id\":\"https:\/\/now-news.de\/de\/deutschland\/gruenen-politikerin-schroeder-will-wohnungsnot-in-grossstaedten-durch-zwangsvermietung-lindern\/#primaryimage\"},\"image\":{\"@id\":\"https:\/\/now-news.de\/de\/deutschland\/gruenen-politikerin-schroeder-will-wohnungsnot-in-grossstaedten-durch-zwangsvermietung-lindern\/#primaryimage\"},\"thumbnailUrl\":\"https:\/\/now-news.de\/de\/wp-content\/uploads\/sites\/3\/2023\/08\/Gruenen-Politikerin-Schroeder-will-Wohnungsnot-in-Grossstaedten-durch-Zwangsvermietung-lindern.jpg\",\"datePublished\":\"2023-08-18T07:24:34+00:00\",\"dateModified\":\"2023-08-18T07:24:34+00:00\",\"breadcrumb\":{\"@id\":\"https:\/\/now-news.de\/de\/deutschland\/gruenen-politikerin-schroeder-will-wohnungsnot-in-grossstaedten-durch-zwangsvermietung-lindern\/#breadcrumb\"},\"inLanguage\":\"de\",\"potentialAction\":[{\"@type\":\"ReadAction\",\"target\":[\"https:\/\/now-news.de\/de\/deutschland\/gruenen-politikerin-schroeder-will-wohnungsnot-in-grossstaedten-durch-zwangsvermietung-lindern\/\"]}]},{\"@type\":\"ImageObject\",\"inLanguage\":\"de\",\"@id\":\"https:\/\/now-news.de\/de\/deutschland\/gruenen-politikerin-schroeder-will-wohnungsnot-in-grossstaedten-durch-zwangsvermietung-lindern\/#primaryimage\",\"url\":\"https:\/\/now-news.de\/de\/wp-content\/uploads\/sites\/3\/2023\/08\/Gruenen-Politikerin-Schroeder-will-Wohnungsnot-in-Grossstaedten-durch-Zwangsvermietung-lindern.jpg\",\"contentUrl\":\"https:\/\/now-news.de\/de\/wp-content\/uploads\/sites\/3\/2023\/08\/Gruenen-Politikerin-Schroeder-will-Wohnungsnot-in-Grossstaedten-durch-Zwangsvermietung-lindern.jpg\",\"width\":460,\"height\":259,\"caption\":\"Gr\u00fcnen-Politikerin Schr\u00f6der will Wohnungsnot in Gro\u00dfst\u00e4dten durch Zwangsvermietung lindern\"},{\"@type\":\"BreadcrumbList\",\"@id\":\"https:\/\/now-news.de\/de\/deutschland\/gruenen-politikerin-schroeder-will-wohnungsnot-in-grossstaedten-durch-zwangsvermietung-lindern\/#breadcrumb\",\"itemListElement\":[{\"@type\":\"ListItem\",\"position\":1,\"name\":\"Home\",\"item\":\"https:\/\/now-news.de\/de\/\"},{\"@type\":\"ListItem\",\"position\":2,\"name\":\"Gr\u00fcnen-Politikerin Schr\u00f6der will Wohnungsnot in Gro\u00dfst\u00e4dten durch Zwangsvermietung lindern\"}]},{\"@type\":\"WebSite\",\"@id\":\"https:\/\/now-news.de\/de\/#website\",\"url\":\"https:\/\/now-news.de\/de\/\",\"name\":\"just-now.NEWS Deutschland\",\"description\":\"Das Portal f\u00fcr unzensierte Nachrichten aus der Welt\",\"publisher\":{\"@id\":\"https:\/\/now-news.de\/de\/#organization\"},\"potentialAction\":[{\"@type\":\"SearchAction\",\"target\":{\"@type\":\"EntryPoint\",\"urlTemplate\":\"https:\/\/now-news.de\/de\/?s={search_term_string}\"},\"query-input\":\"required name=search_term_string\"}],\"inLanguage\":\"de\"},{\"@type\":\"Organization\",\"@id\":\"https:\/\/now-news.de\/de\/#organization\",\"name\":\"Just Now News\",\"url\":\"https:\/\/now-news.de\/de\/\",\"logo\":{\"@type\":\"ImageObject\",\"inLanguage\":\"de\",\"@id\":\"https:\/\/now-news.de\/de\/#\/schema\/logo\/image\/\",\"url\":\"http:\/\/just-now.news\/de\/wp-content\/uploads\/sites\/3\/2022\/04\/logo500x500.jpg\",\"contentUrl\":\"http:\/\/just-now.news\/de\/wp-content\/uploads\/sites\/3\/2022\/04\/logo500x500.jpg\",\"width\":500,\"height\":500,\"caption\":\"Just Now News\"},\"image\":{\"@id\":\"https:\/\/now-news.de\/de\/#\/schema\/logo\/image\/\"},\"sameAs\":[\"https:\/\/www.facebook.com\/wirmachenauf\",\"https:\/\/x.com\/WirMachenAuf_de\"]},{\"@type\":\"Person\",\"@id\":\"https:\/\/now-news.de\/de\/#\/schema\/person\/fb534a4e865501d8b3285208df34a9b5\",\"name\":\"rtnews\",\"image\":{\"@type\":\"ImageObject\",\"inLanguage\":\"de\",\"@id\":\"https:\/\/now-news.de\/de\/#\/schema\/person\/image\/\",\"url\":\"https:\/\/secure.gravatar.com\/avatar\/82aafea7d8127119dd649515f56e2117?s=96&d=mm&r=g\",\"contentUrl\":\"https:\/\/secure.gravatar.com\/avatar\/82aafea7d8127119dd649515f56e2117?s=96&d=mm&r=g\",\"caption\":\"rtnews\"},\"url\":\"https:\/\/now-news.de\/de\/author\/rnews\/\"}]}<\/script>\n<!-- \/ Yoast SEO Premium plugin. -->","yoast_head_json":{"title":"Gr\u00fcnen-Politikerin Schr\u00f6der will Wohnungsnot in Gro\u00dfst\u00e4dten durch Zwangsvermietung lindern - just-now.NEWS Deutschland","robots":{"index":"index","follow":"follow","max-snippet":"max-snippet:-1","max-image-preview":"max-image-preview:large","max-video-preview":"max-video-preview:-1"},"canonical":"https:\/\/now-news.de\/de\/deutschland\/gruenen-politikerin-schroeder-will-wohnungsnot-in-grossstaedten-durch-zwangsvermietung-lindern\/","og_locale":"de_DE","og_type":"article","og_title":"Gr\u00fcnen-Politikerin Schr\u00f6der will Wohnungsnot in Gro\u00dfst\u00e4dten durch Zwangsvermietung lindern","og_description":"Aus der Ampel-Koalition kommt der Vorschlag, Wohnraum umzuverteilen und damit der Wohnungsnot in Deutschland entgegenzuwirken. Vor allem Senioren w\u00e4ren betroffen, diese h\u00e4tten angeblich zu viel Wohnraum. Kritik folgte auf dem Fu\u00df. Gr\u00fcnen-Politikerin Christina-Johanne Schr\u00f6der unterbreitete am Mittwoch den Vorschlag, der der Wohnungsnot in Deutschland entgegenwirken soll, indem Eigentum gewisserma\u00dfen umverteilt wird. Rentner in Gro\u00dfst\u00e4dten sollen [&hellip;]","og_url":"https:\/\/now-news.de\/de\/deutschland\/gruenen-politikerin-schroeder-will-wohnungsnot-in-grossstaedten-durch-zwangsvermietung-lindern\/","og_site_name":"just-now.NEWS Deutschland","article_publisher":"https:\/\/www.facebook.com\/wirmachenauf","article_published_time":"2023-08-18T07:24:34+00:00","og_image":[{"width":460,"height":259,"url":"https:\/\/now-news.de\/de\/wp-content\/uploads\/sites\/3\/2023\/08\/Gruenen-Politikerin-Schroeder-will-Wohnungsnot-in-Grossstaedten-durch-Zwangsvermietung-lindern.jpg","type":"image\/jpeg"}],"author":"rtnews","twitter_card":"summary_large_image","twitter_creator":"@WirMachenAuf_de","twitter_site":"@WirMachenAuf_de","twitter_misc":{"Verfasst von":"rtnews","Gesch\u00e4tzte Lesezeit":"2\u00a0Minuten"},"schema":{"@context":"https:\/\/schema.org","@graph":[{"@type":"Article","@id":"https:\/\/now-news.de\/de\/deutschland\/gruenen-politikerin-schroeder-will-wohnungsnot-in-grossstaedten-durch-zwangsvermietung-lindern\/#article","isPartOf":{"@id":"https:\/\/now-news.de\/de\/deutschland\/gruenen-politikerin-schroeder-will-wohnungsnot-in-grossstaedten-durch-zwangsvermietung-lindern\/"},"author":{"name":"rtnews","@id":"https:\/\/now-news.de\/de\/#\/schema\/person\/fb534a4e865501d8b3285208df34a9b5"},"headline":"Gr\u00fcnen-Politikerin Schr\u00f6der will Wohnungsnot in Gro\u00dfst\u00e4dten durch Zwangsvermietung lindern","datePublished":"2023-08-18T07:24:34+00:00","dateModified":"2023-08-18T07:24:34+00:00","mainEntityOfPage":{"@id":"https:\/\/now-news.de\/de\/deutschland\/gruenen-politikerin-schroeder-will-wohnungsnot-in-grossstaedten-durch-zwangsvermietung-lindern\/"},"wordCount":373,"commentCount":0,"publisher":{"@id":"https:\/\/now-news.de\/de\/#organization"},"image":{"@id":"https:\/\/now-news.de\/de\/deutschland\/gruenen-politikerin-schroeder-will-wohnungsnot-in-grossstaedten-durch-zwangsvermietung-lindern\/#primaryimage"},"thumbnailUrl":"https:\/\/now-news.de\/de\/wp-content\/uploads\/sites\/3\/2023\/08\/Gruenen-Politikerin-Schroeder-will-Wohnungsnot-in-Grossstaedten-durch-Zwangsvermietung-lindern.jpg","keywords":["durch","Gro\u00dfst\u00e4dten","Gr\u00fcnenPolitikerin","lindern","Schr\u00f6der","Wohnungsnot","Zwangsvermietung"],"articleSection":["Deutschland","Russland"],"inLanguage":"de","potentialAction":[{"@type":"CommentAction","name":"Comment","target":["https:\/\/now-news.de\/de\/deutschland\/gruenen-politikerin-schroeder-will-wohnungsnot-in-grossstaedten-durch-zwangsvermietung-lindern\/#respond"]}]},{"@type":"WebPage","@id":"https:\/\/now-news.de\/de\/deutschland\/gruenen-politikerin-schroeder-will-wohnungsnot-in-grossstaedten-durch-zwangsvermietung-lindern\/","url":"https:\/\/now-news.de\/de\/deutschland\/gruenen-politikerin-schroeder-will-wohnungsnot-in-grossstaedten-durch-zwangsvermietung-lindern\/","name":"Gr\u00fcnen-Politikerin Schr\u00f6der will Wohnungsnot in Gro\u00dfst\u00e4dten durch Zwangsvermietung lindern - just-now.NEWS Deutschland","isPartOf":{"@id":"https:\/\/now-news.de\/de\/#website"},"primaryImageOfPage":{"@id":"https:\/\/now-news.de\/de\/deutschland\/gruenen-politikerin-schroeder-will-wohnungsnot-in-grossstaedten-durch-zwangsvermietung-lindern\/#primaryimage"},"image":{"@id":"https:\/\/now-news.de\/de\/deutschland\/gruenen-politikerin-schroeder-will-wohnungsnot-in-grossstaedten-durch-zwangsvermietung-lindern\/#primaryimage"},"thumbnailUrl":"https:\/\/now-news.de\/de\/wp-content\/uploads\/sites\/3\/2023\/08\/Gruenen-Politikerin-Schroeder-will-Wohnungsnot-in-Grossstaedten-durch-Zwangsvermietung-lindern.jpg","datePublished":"2023-08-18T07:24:34+00:00","dateModified":"2023-08-18T07:24:34+00:00","breadcrumb":{"@id":"https:\/\/now-news.de\/de\/deutschland\/gruenen-politikerin-schroeder-will-wohnungsnot-in-grossstaedten-durch-zwangsvermietung-lindern\/#breadcrumb"},"inLanguage":"de","potentialAction":[{"@type":"ReadAction","target":["https:\/\/now-news.de\/de\/deutschland\/gruenen-politikerin-schroeder-will-wohnungsnot-in-grossstaedten-durch-zwangsvermietung-lindern\/"]}]},{"@type":"ImageObject","inLanguage":"de","@id":"https:\/\/now-news.de\/de\/deutschland\/gruenen-politikerin-schroeder-will-wohnungsnot-in-grossstaedten-durch-zwangsvermietung-lindern\/#primaryimage","url":"https:\/\/now-news.de\/de\/wp-content\/uploads\/sites\/3\/2023\/08\/Gruenen-Politikerin-Schroeder-will-Wohnungsnot-in-Grossstaedten-durch-Zwangsvermietung-lindern.jpg","contentUrl":"https:\/\/now-news.de\/de\/wp-content\/uploads\/sites\/3\/2023\/08\/Gruenen-Politikerin-Schroeder-will-Wohnungsnot-in-Grossstaedten-durch-Zwangsvermietung-lindern.jpg","width":460,"height":259,"caption":"Gr\u00fcnen-Politikerin Schr\u00f6der will Wohnungsnot in Gro\u00dfst\u00e4dten durch Zwangsvermietung lindern"},{"@type":"BreadcrumbList","@id":"https:\/\/now-news.de\/de\/deutschland\/gruenen-politikerin-schroeder-will-wohnungsnot-in-grossstaedten-durch-zwangsvermietung-lindern\/#breadcrumb","itemListElement":[{"@type":"ListItem","position":1,"name":"Home","item":"https:\/\/now-news.de\/de\/"},{"@type":"ListItem","position":2,"name":"Gr\u00fcnen-Politikerin Schr\u00f6der will Wohnungsnot in Gro\u00dfst\u00e4dten durch Zwangsvermietung lindern"}]},{"@type":"WebSite","@id":"https:\/\/now-news.de\/de\/#website","url":"https:\/\/now-news.de\/de\/","name":"just-now.NEWS Deutschland","description":"Das Portal f\u00fcr unzensierte Nachrichten aus der Welt","publisher":{"@id":"https:\/\/now-news.de\/de\/#organization"},"potentialAction":[{"@type":"SearchAction","target":{"@type":"EntryPoint","urlTemplate":"https:\/\/now-news.de\/de\/?s={search_term_string}"},"query-input":"required name=search_term_string"}],"inLanguage":"de"},{"@type":"Organization","@id":"https:\/\/now-news.de\/de\/#organization","name":"Just Now News","url":"https:\/\/now-news.de\/de\/","logo":{"@type":"ImageObject","inLanguage":"de","@id":"https:\/\/now-news.de\/de\/#\/schema\/logo\/image\/","url":"http:\/\/just-now.news\/de\/wp-content\/uploads\/sites\/3\/2022\/04\/logo500x500.jpg","contentUrl":"http:\/\/just-now.news\/de\/wp-content\/uploads\/sites\/3\/2022\/04\/logo500x500.jpg","width":500,"height":500,"caption":"Just Now News"},"image":{"@id":"https:\/\/now-news.de\/de\/#\/schema\/logo\/image\/"},"sameAs":["https:\/\/www.facebook.com\/wirmachenauf","https:\/\/x.com\/WirMachenAuf_de"]},{"@type":"Person","@id":"https:\/\/now-news.de\/de\/#\/schema\/person\/fb534a4e865501d8b3285208df34a9b5","name":"rtnews","image":{"@type":"ImageObject","inLanguage":"de","@id":"https:\/\/now-news.de\/de\/#\/schema\/person\/image\/","url":"https:\/\/secure.gravatar.com\/avatar\/82aafea7d8127119dd649515f56e2117?s=96&d=mm&r=g","contentUrl":"https:\/\/secure.gravatar.com\/avatar\/82aafea7d8127119dd649515f56e2117?s=96&d=mm&r=g","caption":"rtnews"},"url":"https:\/\/now-news.de\/de\/author\/rnews\/"}]}},"_links":{"self":[{"href":"https:\/\/now-news.de\/de\/wp-json\/wp\/v2\/posts\/42199"}],"collection":[{"href":"https:\/\/now-news.de\/de\/wp-json\/wp\/v2\/posts"}],"about":[{"href":"https:\/\/now-news.de\/de\/wp-json\/wp\/v2\/types\/post"}],"author":[{"embeddable":true,"href":"https:\/\/now-news.de\/de\/wp-json\/wp\/v2\/users\/3"}],"replies":[{"embeddable":true,"href":"https:\/\/now-news.de\/de\/wp-json\/wp\/v2\/comments?post=42199"}],"version-history":[{"count":0,"href":"https:\/\/now-news.de\/de\/wp-json\/wp\/v2\/posts\/42199\/revisions"}],"wp:featuredmedia":[{"embeddable":true,"href":"https:\/\/now-news.de\/de\/wp-json\/wp\/v2\/media\/42200"}],"wp:attachment":[{"href":"https:\/\/now-news.de\/de\/wp-json\/wp\/v2\/media?parent=42199"}],"wp:term":[{"taxonomy":"category","embeddable":true,"href":"https:\/\/now-news.de\/de\/wp-json\/wp\/v2\/categories?post=42199"},{"taxonomy":"post_tag","embeddable":true,"href":"https:\/\/now-news.de\/de\/wp-json\/wp\/v2\/tags?post=42199"}],"curies":[{"name":"wp","href":"https:\/\/api.w.org\/{rel}","templated":true}]}}