{"id":42191,"date":"2023-08-18T07:30:06","date_gmt":"2023-08-18T05:30:06","guid":{"rendered":"https:\/\/just-now.news\/de\/deutschland\/dreiergipfel-zum-aufbau-der-mini-nato-im-pazifik-japan-und-suedkorea-kommen-mit-den-usa-zusammen\/"},"modified":"2023-08-18T07:30:06","modified_gmt":"2023-08-18T05:30:06","slug":"dreiergipfel-zum-aufbau-der-mini-nato-im-pazifik-japan-und-suedkorea-kommen-mit-den-usa-zusammen","status":"publish","type":"post","link":"https:\/\/now-news.de\/de\/deutschland\/dreiergipfel-zum-aufbau-der-mini-nato-im-pazifik-japan-und-suedkorea-kommen-mit-den-usa-zusammen\/","title":{"rendered":"Dreiergipfel zum Aufbau der Mini-NATO im Pazifik? Japan und S\u00fcdkorea kommen mit den USA zusammen"},"content":{"rendered":"<p><img decoding=\"async\" src=\"http:\/\/just-now.news\/de\/wp-content\/uploads\/sites\/3\/2023\/08\/64de0c5b48fbef278d7f0786.jpg\" \/><\/p>\n<div class=\"Text-root Text-type_1 \">\n                Biden trifft die Pr\u00e4sidenten aus Japan und S\u00fcdkorea in Camp David. Das Reich der Mitte wirft den USA nicht nur vor, den wirtschaftlichen Aufstieg der Volksrepublik China eind\u00e4mmen zu wollen, sondern auch mithilfe seiner Verb\u00fcndeten eine Mini-NATO in Ostasien zu etablieren.\u00a0Der\u00a0Pazifismus, dem sich Japan in seiner Verfassung verschrieben hat, steht nun mit der Veranstaltung des Gipfels in den USA nur noch auf dem Papier.\n            <\/div>\n<p><\/p>\n<div class=\"Text-root Text-type_5 ArticleView-text ViewText-root \">\n<p>In Camp David empf\u00e4ngt US-Pr\u00e4sident Biden Japans Premier Kishida und S\u00fcdkoreas Pr\u00e4sident Yoon. Nach eigenen Angaben\u00a0verfolgen sie\u00a0das Ziel, Einigkeit gegen\u00fcber China und Nordkorea zu demonstrieren.\u00a0Zwar gab es in den letzten\u00a0zwanzig Jahren bereits ein Dutzend solcher trilateraler Gipfel, doch fanden diese immer am Rande internationaler Konferenzen statt. Diesmal jedoch treffen sich Joe Biden, Yoon Suk-Yeol und Fumio Kishida exklusiv in Camp David, dem traditionellen Sommersitz des US-Pr\u00e4sidenten.<\/p>\n<p>W\u00e4hrend S\u00fcdkorea, Japan und die USA aufgrund ihrer Besorgnis \u00fcber das nordkoreanische Atomprogramm und zwecks Eind\u00e4mmung des zunehmenden Einflusses Chinas in der Region eine engere Sicherheitszusammenarbeit anstreben, ziele das Gipfeltreffen auf die Bildung einer &#8220;Mini-NATO&#8221;-Struktur ab, &#8220;die f\u00fcr die regionale Sicherheit destruktiv sein und die Situation komplexer und konfliktreicher machen wird&#8221;, warnten einige chinesische Experten.<\/p>\n<p>Das US-Au\u00dfenministerium wies allerdings am Dienstag darauf hin, dass China das trilaterale Gipfeltreffen nicht als &#8220;provokativ&#8221; ansehen sollte, obwohl einige US-Medien bereits dar\u00fcber berichtet hatten, dass &#8220;wachsende Sorgen&#8221; \u00fcber den Einfluss Chinas und die &#8220;nukleare Bedrohung&#8221; durch Nordkorea Themen des Gipfels seien.\u00a0Es wird erwartet, dass der Gipfel zu einer gemeinsamen Erkl\u00e4rung f\u00fchren werde, die &#8220;einige Formulierungen enth\u00e4lt, die die Bedenken&#8221; \u00fcber den sogenannten Wunsch Chinas, den Status der Insel Taiwan zu \u00e4ndern, zum Ausdruck bringen, berichtete <em>Reuters<\/em>.<\/p>\n<p>Es wird erwartet, dass die drei L\u00e4nder auf dem Gipfeltreffen einen Konsens \u00fcber ein trilaterales Sicherheitsb\u00fcndnis erzielen und schrittweise einen &#8220;Mini-NATO&#8221;-Sicherheitsmechanismus f\u00fcr Nordostasien durch den Austausch spezieller Verteidigungstechnologie und gemeinsame Milit\u00e4r\u00fcbungen bilden werden, so Li Haidong, Professor an der Chinesischen Universit\u00e4t f\u00fcr Ausw\u00e4rtige Angelegenheiten, gegen\u00fcber der <em>Global Times<\/em> am Mittwoch.<\/p>\n<p>Es gibt allerdings genug Differenzen zwischen S\u00fcdkorea\u00a0und Japan. 2019 stritten Seoul und Tokio monatelang \u00fcber die Fortsetzung eines gemeinsamen Abkommens zum Austausch von Geheimdienstinformationen. Hintergrund waren damals Handelsstreitigkeiten zwischen den beiden L\u00e4ndern sowie der Konflikt um die Entsch\u00e4digung s\u00fcdkoreanischer Zwangsarbeiter in Japan w\u00e4hrend der Kolonialherrschaft. Der\u00a0Pazifismus, dem sich Japan in seiner Verfassung von 1947 verschrieben hat, steht nun mit der Veranstaltung des Gipfels in den USA nur noch auf dem Papier. Im vergangenen Jahr stufte die Regierung China erstmals offiziell als &#8220;gr\u00f6\u00dfte strategische Herausforderung&#8221; ein.<\/p>\n<p>Hinzu kommt, dass die strategischen Interessen der USA und ihrer Verb\u00fcndeten keineswegs deckungsgleich sind. S\u00fcdkorea f\u00fcrchtet in erster Linie die Bedrohung durch den Norden. Mit Blick auf Taiwan vermeidet das ansonsten amerikafreundliche S\u00fcdkorea alles, was den m\u00e4chtigen Nachbarn China ernsthaft ver\u00e4rgern k\u00f6nnte. S\u00fcdkorea exportiert nach wie vor rund 40 Prozent seiner Halbleiter nach China. Einige chinesische Experten warnten, dass die USA mit dem trilateralen Gipfel nicht nur einen neuen multilateralen Milit\u00e4rblock im asiatisch-pazifischen Raum aufbauen, sondern auch einen\u00a0Wirtschaftskrieg\u00a0gegen China initiieren\u00a0wollen.\u00a0<\/p>\n<p><strong>Mehr zum Thema<\/strong> &#8211; <a rel=\"nofollow noopener\" target=\"_blank\" href=\"https:\/\/test.rtde.me\/asien\/175736-inmitten-tobenden-systemrivalitaet-kissinger-trifft\/\">Inmitten der tobenden Systemrivalit\u00e4t: Kissinger trifft in Peking chinesische Spitzenpolitiker<\/a><\/p>\n<div class=\"EmbedBlock-root EmbedBlock-externalVideo EmbedBlock-vk\">\n<div class=\"VkEmbed\"><iframe class=\"lazyload\" data-src=\"https:\/\/vk.com\/video_ext.php?oid=-134310637&amp;id=456268959&amp;hash=8d3c76eb934724d7\" frameborder=\"0\" width=\"853\" height=\"480\" allowfullscreen><\/iframe><\/div>\n<\/div>\n<\/div>\n<p><br \/>\n<br \/><a href=\"https:\/\/de.rt.com\/international\/178123-dreiergipfel-zum-aufbau-mini-nato\/\">Source link <\/a><\/p>\n","protected":false},"excerpt":{"rendered":"<p>Biden trifft die Pr\u00e4sidenten aus Japan und S\u00fcdkorea in Camp David. Das Reich der Mitte wirft den USA nicht nur vor, den wirtschaftlichen Aufstieg der Volksrepublik China eind\u00e4mmen zu wollen, sondern auch mithilfe seiner Verb\u00fcndeten eine Mini-NATO in Ostasien zu etablieren.\u00a0Der\u00a0Pazifismus, dem sich Japan in seiner Verfassung verschrieben hat, steht nun mit der Veranstaltung des [&hellip;]<\/p>\n","protected":false},"author":3,"featured_media":42192,"comment_status":"open","ping_status":"open","sticky":false,"template":"","format":"standard","meta":{"_yoast_indexnow_last_ping":["1692337817"],"wp_automatic_camp":["217"],"5ad369b643c5e07de94ece4500c4418a":["Dreiergipfel zum Aufbau der Mini-NATO im Pazifik? Japan und S\u00fcdkorea kommen mit den USA zusammen"],"original_link":["https:\/\/de.rt.com\/international\/178123-dreiergipfel-zum-aufbau-mini-nato\/"],"_thumbnail_id":["42192"],"_wptgpro_p2tg_sent2tg":["a:1:{i:23737;s:19:\"2023-08-18 07:51:22\";}"],"jnews_social_counter_last_update":["1777586934"]},"categories":[19,23],"tags":[28097,48,82,47881,5232,8370,47882,419,17219,18576,140,193,565,6580],"yoast_head":"<!-- This site is optimized with the Yoast SEO Premium plugin v22.7 (Yoast SEO v22.7) - https:\/\/yoast.com\/wordpress\/plugins\/seo\/ -->\n<title>Dreiergipfel zum Aufbau der Mini-NATO im Pazifik? Japan und S\u00fcdkorea kommen mit den USA zusammen - just-now.NEWS Deutschland<\/title>\n<meta name=\"robots\" content=\"index, follow, max-snippet:-1, max-image-preview:large, max-video-preview:-1\" \/>\n<link rel=\"canonical\" href=\"https:\/\/now-news.de\/de\/deutschland\/dreiergipfel-zum-aufbau-der-mini-nato-im-pazifik-japan-und-suedkorea-kommen-mit-den-usa-zusammen\/\" \/>\n<meta property=\"og:locale\" content=\"de_DE\" \/>\n<meta property=\"og:type\" content=\"article\" \/>\n<meta property=\"og:title\" content=\"Dreiergipfel zum Aufbau der Mini-NATO im Pazifik? Japan und S\u00fcdkorea kommen mit den USA zusammen\" \/>\n<meta property=\"og:description\" content=\"Biden trifft die Pr\u00e4sidenten aus Japan und S\u00fcdkorea in Camp David. Das Reich der Mitte wirft den USA nicht nur vor, den wirtschaftlichen Aufstieg der Volksrepublik China eind\u00e4mmen zu wollen, sondern auch mithilfe seiner Verb\u00fcndeten eine Mini-NATO in Ostasien zu etablieren.\u00a0Der\u00a0Pazifismus, dem sich Japan in seiner Verfassung verschrieben hat, steht nun mit der Veranstaltung des [&hellip;]\" \/>\n<meta property=\"og:url\" content=\"https:\/\/now-news.de\/de\/deutschland\/dreiergipfel-zum-aufbau-der-mini-nato-im-pazifik-japan-und-suedkorea-kommen-mit-den-usa-zusammen\/\" \/>\n<meta property=\"og:site_name\" content=\"just-now.NEWS Deutschland\" \/>\n<meta property=\"article:publisher\" content=\"https:\/\/www.facebook.com\/wirmachenauf\" \/>\n<meta property=\"article:published_time\" content=\"2023-08-18T05:30:06+00:00\" \/>\n<meta property=\"og:image\" content=\"https:\/\/now-news.de\/de\/wp-content\/uploads\/sites\/3\/2023\/08\/Dreiergipfel-zum-Aufbau-der-Mini-NATO-im-Pazifik-Japan-und-Suedkorea.jpg\" \/>\n\t<meta property=\"og:image:width\" content=\"460\" \/>\n\t<meta property=\"og:image:height\" content=\"259\" \/>\n\t<meta property=\"og:image:type\" content=\"image\/jpeg\" \/>\n<meta name=\"author\" content=\"rtnews\" \/>\n<meta name=\"twitter:card\" content=\"summary_large_image\" \/>\n<meta name=\"twitter:creator\" content=\"@WirMachenAuf_de\" \/>\n<meta name=\"twitter:site\" content=\"@WirMachenAuf_de\" \/>\n<meta name=\"twitter:label1\" content=\"Verfasst von\" \/>\n\t<meta name=\"twitter:data1\" content=\"rtnews\" \/>\n\t<meta name=\"twitter:label2\" content=\"Gesch\u00e4tzte Lesezeit\" \/>\n\t<meta name=\"twitter:data2\" content=\"3\u00a0Minuten\" \/>\n<script type=\"application\/ld+json\" class=\"yoast-schema-graph\">{\"@context\":\"https:\/\/schema.org\",\"@graph\":[{\"@type\":\"Article\",\"@id\":\"https:\/\/now-news.de\/de\/deutschland\/dreiergipfel-zum-aufbau-der-mini-nato-im-pazifik-japan-und-suedkorea-kommen-mit-den-usa-zusammen\/#article\",\"isPartOf\":{\"@id\":\"https:\/\/now-news.de\/de\/deutschland\/dreiergipfel-zum-aufbau-der-mini-nato-im-pazifik-japan-und-suedkorea-kommen-mit-den-usa-zusammen\/\"},\"author\":{\"name\":\"rtnews\",\"@id\":\"https:\/\/now-news.de\/de\/#\/schema\/person\/fb534a4e865501d8b3285208df34a9b5\"},\"headline\":\"Dreiergipfel zum Aufbau der Mini-NATO im Pazifik? Japan und S\u00fcdkorea kommen mit den USA zusammen\",\"datePublished\":\"2023-08-18T05:30:06+00:00\",\"dateModified\":\"2023-08-18T05:30:06+00:00\",\"mainEntityOfPage\":{\"@id\":\"https:\/\/now-news.de\/de\/deutschland\/dreiergipfel-zum-aufbau-der-mini-nato-im-pazifik-japan-und-suedkorea-kommen-mit-den-usa-zusammen\/\"},\"wordCount\":565,\"commentCount\":0,\"publisher\":{\"@id\":\"https:\/\/now-news.de\/de\/#organization\"},\"image\":{\"@id\":\"https:\/\/now-news.de\/de\/deutschland\/dreiergipfel-zum-aufbau-der-mini-nato-im-pazifik-japan-und-suedkorea-kommen-mit-den-usa-zusammen\/#primaryimage\"},\"thumbnailUrl\":\"https:\/\/now-news.de\/de\/wp-content\/uploads\/sites\/3\/2023\/08\/Dreiergipfel-zum-Aufbau-der-Mini-NATO-im-Pazifik-Japan-und-Suedkorea.jpg\",\"keywords\":[\"Aufbau\",\"den\",\"der\",\"Dreiergipfel\",\"Japan\",\"kommen\",\"MiniNATO\",\"mit\",\"Pazifik\",\"S\u00fcdkorea\",\"und\",\"USA\",\"zum\",\"zusammen\"],\"articleSection\":[\"Deutschland\",\"Russland\"],\"inLanguage\":\"de\",\"potentialAction\":[{\"@type\":\"CommentAction\",\"name\":\"Comment\",\"target\":[\"https:\/\/now-news.de\/de\/deutschland\/dreiergipfel-zum-aufbau-der-mini-nato-im-pazifik-japan-und-suedkorea-kommen-mit-den-usa-zusammen\/#respond\"]}]},{\"@type\":\"WebPage\",\"@id\":\"https:\/\/now-news.de\/de\/deutschland\/dreiergipfel-zum-aufbau-der-mini-nato-im-pazifik-japan-und-suedkorea-kommen-mit-den-usa-zusammen\/\",\"url\":\"https:\/\/now-news.de\/de\/deutschland\/dreiergipfel-zum-aufbau-der-mini-nato-im-pazifik-japan-und-suedkorea-kommen-mit-den-usa-zusammen\/\",\"name\":\"Dreiergipfel zum Aufbau der Mini-NATO im Pazifik? Japan und S\u00fcdkorea kommen mit den USA zusammen - just-now.NEWS Deutschland\",\"isPartOf\":{\"@id\":\"https:\/\/now-news.de\/de\/#website\"},\"primaryImageOfPage\":{\"@id\":\"https:\/\/now-news.de\/de\/deutschland\/dreiergipfel-zum-aufbau-der-mini-nato-im-pazifik-japan-und-suedkorea-kommen-mit-den-usa-zusammen\/#primaryimage\"},\"image\":{\"@id\":\"https:\/\/now-news.de\/de\/deutschland\/dreiergipfel-zum-aufbau-der-mini-nato-im-pazifik-japan-und-suedkorea-kommen-mit-den-usa-zusammen\/#primaryimage\"},\"thumbnailUrl\":\"https:\/\/now-news.de\/de\/wp-content\/uploads\/sites\/3\/2023\/08\/Dreiergipfel-zum-Aufbau-der-Mini-NATO-im-Pazifik-Japan-und-Suedkorea.jpg\",\"datePublished\":\"2023-08-18T05:30:06+00:00\",\"dateModified\":\"2023-08-18T05:30:06+00:00\",\"breadcrumb\":{\"@id\":\"https:\/\/now-news.de\/de\/deutschland\/dreiergipfel-zum-aufbau-der-mini-nato-im-pazifik-japan-und-suedkorea-kommen-mit-den-usa-zusammen\/#breadcrumb\"},\"inLanguage\":\"de\",\"potentialAction\":[{\"@type\":\"ReadAction\",\"target\":[\"https:\/\/now-news.de\/de\/deutschland\/dreiergipfel-zum-aufbau-der-mini-nato-im-pazifik-japan-und-suedkorea-kommen-mit-den-usa-zusammen\/\"]}]},{\"@type\":\"ImageObject\",\"inLanguage\":\"de\",\"@id\":\"https:\/\/now-news.de\/de\/deutschland\/dreiergipfel-zum-aufbau-der-mini-nato-im-pazifik-japan-und-suedkorea-kommen-mit-den-usa-zusammen\/#primaryimage\",\"url\":\"https:\/\/now-news.de\/de\/wp-content\/uploads\/sites\/3\/2023\/08\/Dreiergipfel-zum-Aufbau-der-Mini-NATO-im-Pazifik-Japan-und-Suedkorea.jpg\",\"contentUrl\":\"https:\/\/now-news.de\/de\/wp-content\/uploads\/sites\/3\/2023\/08\/Dreiergipfel-zum-Aufbau-der-Mini-NATO-im-Pazifik-Japan-und-Suedkorea.jpg\",\"width\":460,\"height\":259,\"caption\":\"Dreiergipfel zum Aufbau der Mini-NATO im Pazifik? Japan und S\u00fcdkorea kommen mit den USA zusammen\"},{\"@type\":\"BreadcrumbList\",\"@id\":\"https:\/\/now-news.de\/de\/deutschland\/dreiergipfel-zum-aufbau-der-mini-nato-im-pazifik-japan-und-suedkorea-kommen-mit-den-usa-zusammen\/#breadcrumb\",\"itemListElement\":[{\"@type\":\"ListItem\",\"position\":1,\"name\":\"Home\",\"item\":\"https:\/\/now-news.de\/de\/\"},{\"@type\":\"ListItem\",\"position\":2,\"name\":\"Dreiergipfel zum Aufbau der Mini-NATO im Pazifik? Japan und S\u00fcdkorea kommen mit den USA zusammen\"}]},{\"@type\":\"WebSite\",\"@id\":\"https:\/\/now-news.de\/de\/#website\",\"url\":\"https:\/\/now-news.de\/de\/\",\"name\":\"just-now.NEWS Deutschland\",\"description\":\"Das Portal f\u00fcr unzensierte Nachrichten aus der Welt\",\"publisher\":{\"@id\":\"https:\/\/now-news.de\/de\/#organization\"},\"potentialAction\":[{\"@type\":\"SearchAction\",\"target\":{\"@type\":\"EntryPoint\",\"urlTemplate\":\"https:\/\/now-news.de\/de\/?s={search_term_string}\"},\"query-input\":\"required name=search_term_string\"}],\"inLanguage\":\"de\"},{\"@type\":\"Organization\",\"@id\":\"https:\/\/now-news.de\/de\/#organization\",\"name\":\"Just Now News\",\"url\":\"https:\/\/now-news.de\/de\/\",\"logo\":{\"@type\":\"ImageObject\",\"inLanguage\":\"de\",\"@id\":\"https:\/\/now-news.de\/de\/#\/schema\/logo\/image\/\",\"url\":\"http:\/\/just-now.news\/de\/wp-content\/uploads\/sites\/3\/2022\/04\/logo500x500.jpg\",\"contentUrl\":\"http:\/\/just-now.news\/de\/wp-content\/uploads\/sites\/3\/2022\/04\/logo500x500.jpg\",\"width\":500,\"height\":500,\"caption\":\"Just Now News\"},\"image\":{\"@id\":\"https:\/\/now-news.de\/de\/#\/schema\/logo\/image\/\"},\"sameAs\":[\"https:\/\/www.facebook.com\/wirmachenauf\",\"https:\/\/x.com\/WirMachenAuf_de\"]},{\"@type\":\"Person\",\"@id\":\"https:\/\/now-news.de\/de\/#\/schema\/person\/fb534a4e865501d8b3285208df34a9b5\",\"name\":\"rtnews\",\"image\":{\"@type\":\"ImageObject\",\"inLanguage\":\"de\",\"@id\":\"https:\/\/now-news.de\/de\/#\/schema\/person\/image\/\",\"url\":\"https:\/\/secure.gravatar.com\/avatar\/82aafea7d8127119dd649515f56e2117?s=96&d=mm&r=g\",\"contentUrl\":\"https:\/\/secure.gravatar.com\/avatar\/82aafea7d8127119dd649515f56e2117?s=96&d=mm&r=g\",\"caption\":\"rtnews\"},\"url\":\"https:\/\/now-news.de\/de\/author\/rnews\/\"}]}<\/script>\n<!-- \/ Yoast SEO Premium plugin. -->","yoast_head_json":{"title":"Dreiergipfel zum Aufbau der Mini-NATO im Pazifik? Japan und S\u00fcdkorea kommen mit den USA zusammen - just-now.NEWS Deutschland","robots":{"index":"index","follow":"follow","max-snippet":"max-snippet:-1","max-image-preview":"max-image-preview:large","max-video-preview":"max-video-preview:-1"},"canonical":"https:\/\/now-news.de\/de\/deutschland\/dreiergipfel-zum-aufbau-der-mini-nato-im-pazifik-japan-und-suedkorea-kommen-mit-den-usa-zusammen\/","og_locale":"de_DE","og_type":"article","og_title":"Dreiergipfel zum Aufbau der Mini-NATO im Pazifik? Japan und S\u00fcdkorea kommen mit den USA zusammen","og_description":"Biden trifft die Pr\u00e4sidenten aus Japan und S\u00fcdkorea in Camp David. Das Reich der Mitte wirft den USA nicht nur vor, den wirtschaftlichen Aufstieg der Volksrepublik China eind\u00e4mmen zu wollen, sondern auch mithilfe seiner Verb\u00fcndeten eine Mini-NATO in Ostasien zu etablieren.\u00a0Der\u00a0Pazifismus, dem sich Japan in seiner Verfassung verschrieben hat, steht nun mit der Veranstaltung des [&hellip;]","og_url":"https:\/\/now-news.de\/de\/deutschland\/dreiergipfel-zum-aufbau-der-mini-nato-im-pazifik-japan-und-suedkorea-kommen-mit-den-usa-zusammen\/","og_site_name":"just-now.NEWS Deutschland","article_publisher":"https:\/\/www.facebook.com\/wirmachenauf","article_published_time":"2023-08-18T05:30:06+00:00","og_image":[{"width":460,"height":259,"url":"https:\/\/now-news.de\/de\/wp-content\/uploads\/sites\/3\/2023\/08\/Dreiergipfel-zum-Aufbau-der-Mini-NATO-im-Pazifik-Japan-und-Suedkorea.jpg","type":"image\/jpeg"}],"author":"rtnews","twitter_card":"summary_large_image","twitter_creator":"@WirMachenAuf_de","twitter_site":"@WirMachenAuf_de","twitter_misc":{"Verfasst von":"rtnews","Gesch\u00e4tzte Lesezeit":"3\u00a0Minuten"},"schema":{"@context":"https:\/\/schema.org","@graph":[{"@type":"Article","@id":"https:\/\/now-news.de\/de\/deutschland\/dreiergipfel-zum-aufbau-der-mini-nato-im-pazifik-japan-und-suedkorea-kommen-mit-den-usa-zusammen\/#article","isPartOf":{"@id":"https:\/\/now-news.de\/de\/deutschland\/dreiergipfel-zum-aufbau-der-mini-nato-im-pazifik-japan-und-suedkorea-kommen-mit-den-usa-zusammen\/"},"author":{"name":"rtnews","@id":"https:\/\/now-news.de\/de\/#\/schema\/person\/fb534a4e865501d8b3285208df34a9b5"},"headline":"Dreiergipfel zum Aufbau der Mini-NATO im Pazifik? Japan und S\u00fcdkorea kommen mit den USA zusammen","datePublished":"2023-08-18T05:30:06+00:00","dateModified":"2023-08-18T05:30:06+00:00","mainEntityOfPage":{"@id":"https:\/\/now-news.de\/de\/deutschland\/dreiergipfel-zum-aufbau-der-mini-nato-im-pazifik-japan-und-suedkorea-kommen-mit-den-usa-zusammen\/"},"wordCount":565,"commentCount":0,"publisher":{"@id":"https:\/\/now-news.de\/de\/#organization"},"image":{"@id":"https:\/\/now-news.de\/de\/deutschland\/dreiergipfel-zum-aufbau-der-mini-nato-im-pazifik-japan-und-suedkorea-kommen-mit-den-usa-zusammen\/#primaryimage"},"thumbnailUrl":"https:\/\/now-news.de\/de\/wp-content\/uploads\/sites\/3\/2023\/08\/Dreiergipfel-zum-Aufbau-der-Mini-NATO-im-Pazifik-Japan-und-Suedkorea.jpg","keywords":["Aufbau","den","der","Dreiergipfel","Japan","kommen","MiniNATO","mit","Pazifik","S\u00fcdkorea","und","USA","zum","zusammen"],"articleSection":["Deutschland","Russland"],"inLanguage":"de","potentialAction":[{"@type":"CommentAction","name":"Comment","target":["https:\/\/now-news.de\/de\/deutschland\/dreiergipfel-zum-aufbau-der-mini-nato-im-pazifik-japan-und-suedkorea-kommen-mit-den-usa-zusammen\/#respond"]}]},{"@type":"WebPage","@id":"https:\/\/now-news.de\/de\/deutschland\/dreiergipfel-zum-aufbau-der-mini-nato-im-pazifik-japan-und-suedkorea-kommen-mit-den-usa-zusammen\/","url":"https:\/\/now-news.de\/de\/deutschland\/dreiergipfel-zum-aufbau-der-mini-nato-im-pazifik-japan-und-suedkorea-kommen-mit-den-usa-zusammen\/","name":"Dreiergipfel zum Aufbau der Mini-NATO im Pazifik? Japan und S\u00fcdkorea kommen mit den USA zusammen - just-now.NEWS Deutschland","isPartOf":{"@id":"https:\/\/now-news.de\/de\/#website"},"primaryImageOfPage":{"@id":"https:\/\/now-news.de\/de\/deutschland\/dreiergipfel-zum-aufbau-der-mini-nato-im-pazifik-japan-und-suedkorea-kommen-mit-den-usa-zusammen\/#primaryimage"},"image":{"@id":"https:\/\/now-news.de\/de\/deutschland\/dreiergipfel-zum-aufbau-der-mini-nato-im-pazifik-japan-und-suedkorea-kommen-mit-den-usa-zusammen\/#primaryimage"},"thumbnailUrl":"https:\/\/now-news.de\/de\/wp-content\/uploads\/sites\/3\/2023\/08\/Dreiergipfel-zum-Aufbau-der-Mini-NATO-im-Pazifik-Japan-und-Suedkorea.jpg","datePublished":"2023-08-18T05:30:06+00:00","dateModified":"2023-08-18T05:30:06+00:00","breadcrumb":{"@id":"https:\/\/now-news.de\/de\/deutschland\/dreiergipfel-zum-aufbau-der-mini-nato-im-pazifik-japan-und-suedkorea-kommen-mit-den-usa-zusammen\/#breadcrumb"},"inLanguage":"de","potentialAction":[{"@type":"ReadAction","target":["https:\/\/now-news.de\/de\/deutschland\/dreiergipfel-zum-aufbau-der-mini-nato-im-pazifik-japan-und-suedkorea-kommen-mit-den-usa-zusammen\/"]}]},{"@type":"ImageObject","inLanguage":"de","@id":"https:\/\/now-news.de\/de\/deutschland\/dreiergipfel-zum-aufbau-der-mini-nato-im-pazifik-japan-und-suedkorea-kommen-mit-den-usa-zusammen\/#primaryimage","url":"https:\/\/now-news.de\/de\/wp-content\/uploads\/sites\/3\/2023\/08\/Dreiergipfel-zum-Aufbau-der-Mini-NATO-im-Pazifik-Japan-und-Suedkorea.jpg","contentUrl":"https:\/\/now-news.de\/de\/wp-content\/uploads\/sites\/3\/2023\/08\/Dreiergipfel-zum-Aufbau-der-Mini-NATO-im-Pazifik-Japan-und-Suedkorea.jpg","width":460,"height":259,"caption":"Dreiergipfel zum Aufbau der Mini-NATO im Pazifik? Japan und S\u00fcdkorea kommen mit den USA zusammen"},{"@type":"BreadcrumbList","@id":"https:\/\/now-news.de\/de\/deutschland\/dreiergipfel-zum-aufbau-der-mini-nato-im-pazifik-japan-und-suedkorea-kommen-mit-den-usa-zusammen\/#breadcrumb","itemListElement":[{"@type":"ListItem","position":1,"name":"Home","item":"https:\/\/now-news.de\/de\/"},{"@type":"ListItem","position":2,"name":"Dreiergipfel zum Aufbau der Mini-NATO im Pazifik? Japan und S\u00fcdkorea kommen mit den USA zusammen"}]},{"@type":"WebSite","@id":"https:\/\/now-news.de\/de\/#website","url":"https:\/\/now-news.de\/de\/","name":"just-now.NEWS Deutschland","description":"Das Portal f\u00fcr unzensierte Nachrichten aus der Welt","publisher":{"@id":"https:\/\/now-news.de\/de\/#organization"},"potentialAction":[{"@type":"SearchAction","target":{"@type":"EntryPoint","urlTemplate":"https:\/\/now-news.de\/de\/?s={search_term_string}"},"query-input":"required name=search_term_string"}],"inLanguage":"de"},{"@type":"Organization","@id":"https:\/\/now-news.de\/de\/#organization","name":"Just Now News","url":"https:\/\/now-news.de\/de\/","logo":{"@type":"ImageObject","inLanguage":"de","@id":"https:\/\/now-news.de\/de\/#\/schema\/logo\/image\/","url":"http:\/\/just-now.news\/de\/wp-content\/uploads\/sites\/3\/2022\/04\/logo500x500.jpg","contentUrl":"http:\/\/just-now.news\/de\/wp-content\/uploads\/sites\/3\/2022\/04\/logo500x500.jpg","width":500,"height":500,"caption":"Just Now News"},"image":{"@id":"https:\/\/now-news.de\/de\/#\/schema\/logo\/image\/"},"sameAs":["https:\/\/www.facebook.com\/wirmachenauf","https:\/\/x.com\/WirMachenAuf_de"]},{"@type":"Person","@id":"https:\/\/now-news.de\/de\/#\/schema\/person\/fb534a4e865501d8b3285208df34a9b5","name":"rtnews","image":{"@type":"ImageObject","inLanguage":"de","@id":"https:\/\/now-news.de\/de\/#\/schema\/person\/image\/","url":"https:\/\/secure.gravatar.com\/avatar\/82aafea7d8127119dd649515f56e2117?s=96&d=mm&r=g","contentUrl":"https:\/\/secure.gravatar.com\/avatar\/82aafea7d8127119dd649515f56e2117?s=96&d=mm&r=g","caption":"rtnews"},"url":"https:\/\/now-news.de\/de\/author\/rnews\/"}]}},"_links":{"self":[{"href":"https:\/\/now-news.de\/de\/wp-json\/wp\/v2\/posts\/42191"}],"collection":[{"href":"https:\/\/now-news.de\/de\/wp-json\/wp\/v2\/posts"}],"about":[{"href":"https:\/\/now-news.de\/de\/wp-json\/wp\/v2\/types\/post"}],"author":[{"embeddable":true,"href":"https:\/\/now-news.de\/de\/wp-json\/wp\/v2\/users\/3"}],"replies":[{"embeddable":true,"href":"https:\/\/now-news.de\/de\/wp-json\/wp\/v2\/comments?post=42191"}],"version-history":[{"count":0,"href":"https:\/\/now-news.de\/de\/wp-json\/wp\/v2\/posts\/42191\/revisions"}],"wp:featuredmedia":[{"embeddable":true,"href":"https:\/\/now-news.de\/de\/wp-json\/wp\/v2\/media\/42192"}],"wp:attachment":[{"href":"https:\/\/now-news.de\/de\/wp-json\/wp\/v2\/media?parent=42191"}],"wp:term":[{"taxonomy":"category","embeddable":true,"href":"https:\/\/now-news.de\/de\/wp-json\/wp\/v2\/categories?post=42191"},{"taxonomy":"post_tag","embeddable":true,"href":"https:\/\/now-news.de\/de\/wp-json\/wp\/v2\/tags?post=42191"}],"curies":[{"name":"wp","href":"https:\/\/api.w.org\/{rel}","templated":true}]}}