{"id":42171,"date":"2023-08-17T20:10:06","date_gmt":"2023-08-17T18:10:06","guid":{"rendered":"https:\/\/just-now.news\/de\/deutschland\/indien-ukraine-zum-g20-gipfel-nicht-eingeladen\/"},"modified":"2023-08-17T20:10:06","modified_gmt":"2023-08-17T18:10:06","slug":"indien-ukraine-zum-g20-gipfel-nicht-eingeladen","status":"publish","type":"post","link":"https:\/\/now-news.de\/de\/deutschland\/indien-ukraine-zum-g20-gipfel-nicht-eingeladen\/","title":{"rendered":"Indien: Ukraine zum G20-Gipfel nicht eingeladen"},"content":{"rendered":"<p><img decoding=\"async\" src=\"http:\/\/just-now.news\/de\/wp-content\/uploads\/sites\/3\/2023\/08\/64de1951b480cc1b26613b06.jpg\" \/><\/p>\n<div class=\"Text-root Text-type_1 \">\n                Eine Einladung zum Gipfeltreffen der Staatengruppe in Neu-Delhi sei nicht an Kiew gerichtet worden, so der indische Au\u00dfenminister.\n            <\/div>\n<p><\/p>\n<div class=\"Text-root Text-type_5 ArticleView-text ViewText-root \">\n<p>Der indische Au\u00dfenminister Subrahmanyam Jaishankar hat den Standpunkt Neu-Delhis zur m\u00f6glichen Teilnahme der Ukraine am G20-Gipfel im September bekr\u00e4ftigt.<\/p>\n<p>In einem Gespr\u00e4ch mit den Medien erkl\u00e4rte Jaishankar am Mittwoch, dass die Ukraine keine Einladung zu dem hochrangigen Treffen der Staats- und Regierungschefs der wichtigsten Volkswirtschaften der Welt erhalten habe, zu denen auch Russland, ein st\u00e4ndiges Mitglied der G20, geh\u00f6rt.<\/p>\n<p>Der Au\u00dfenminister sagte, dass Indien zus\u00e4tzlich zu den G20-Mitgliedsstaaten Einladungen an Spanien, Bangladesch, Nigeria, Mauritius, \u00c4gypten, die Niederlande, Oman, Singapur und die Vereinigten Arabischen Emirate geschickt habe, berichtete die Nachrichtenagentur <em>EFE<\/em>.<\/p>\n<p>Jaishankar erkl\u00e4rte, dass Indiens Haltung zur Teilnahme der Ukraine darauf zur\u00fcckzuf\u00fchren sei, dass sich die G20 in erster Linie auf die F\u00f6rderung von Wachstum und Entwicklung konzentriere und Fragen der Konfliktl\u00f6sung dem UN-Sicherheitsrat \u00fcberlasse.<\/p>\n<p>Er wies auch darauf hin, dass der indische Premierminister Narendra Modi zuvor bei zahlreichen Gelegenheiten mit seinem ukrainischen Amtskollegen zusammengetroffen sei, was die &#8220;robusten&#8221; Beziehungen zwischen den beiden Nationen in verschiedenen Bereichen unterstreiche.<\/p>\n<p>Bereits im Juni hatte Jaishankar gesagt, dass Indien nicht plane, die Ukraine zum Gipfel einzuladen. Er wies darauf hin, dass die Liste der Eingeladenen bekannt gegeben worden war, als &#8220;wir im Dezember letzten Jahres die G20-Pr\u00e4sidentschaft \u00fcbernommen hatten&#8221;. &#8220;Das ist nichts, was wir \u00fcberpr\u00fcft haben, und es ist auch nichts, was wir mit irgendjemandem diskutiert haben.&#8221;<\/p>\n<p>Offizielle Vertreter Kiews reagierten auf die Bemerkungen Neu-Delhis und erkl\u00e4rten, dass sie\u00a0 &#8220;zusammen mit [ihren] Partnern&#8221; daran arbeiten w\u00fcrden, eine Einladung f\u00fcr den Gipfel zu erhalten. Zum vorigen G20-Gipfel in Indonesien war die Ukraine eingeladen worden. Nikolay Tochitski, stellvertretender Au\u00dfenminister der Ukraine, betonte:<\/p>\n<blockquote>\n<p><em>&#8220;Wir glauben, dass das, was die Russische F\u00f6deration getan hat, um das [Schwarzmeer-]Getreideabkommen zu beenden, eine bedeutende Herausforderung nicht nur f\u00fcr L\u00e4nder in Afrika und Asien, sondern f\u00fcr Volkswirtschaften auf der ganzen Welt darstellt. Deshalb arbeiten wir mit unseren Partnern \u2013 mit Indien und anderen Partnern \u2013 zusammen, um eingeladen zu werden.&#8221;<\/em><\/p>\n<\/blockquote>\n<p>Der G20-Gruppe geh\u00f6ren Argentinien, Australien, Brasilien, Kanada, China, Frankreich, Deutschland, Indien, Indonesien, Italien, Japan, Mexiko, S\u00fcdkorea, Russland, Saudi-Arabien, S\u00fcdafrika, die T\u00fcrkei, die USA, Gro\u00dfbritannien und die EU an. Auf die Mitgliedsstaaten entfallen 85 Prozent des weltweiten BIP, 75 Prozent des internationalen Handels und zwei Drittel der Weltbev\u00f6lkerung.<\/p>\n<p><strong>Mehr zum Thema<\/strong>\u00a0\u2013 <a rel=\"nofollow noopener\" target=\"_blank\" href=\"https:\/\/freedert.online\/international\/177843-indien-sicherheitspolitische-einblicke-professors-in\/\">Indien: Sicherheitspolitische Einblicke eines Professors in die Unruhen im Bundesstaat Manipur<\/a><\/p>\n<\/div>\n<p><br \/>\n<br \/><a href=\"https:\/\/de.rt.com\/international\/178141-indien-ukraine-zum-g20-gipfel\/\">Source link <\/a><\/p>\n","protected":false},"excerpt":{"rendered":"<p>Eine Einladung zum Gipfeltreffen der Staatengruppe in Neu-Delhi sei nicht an Kiew gerichtet worden, so der indische Au\u00dfenminister. Der indische Au\u00dfenminister Subrahmanyam Jaishankar hat den Standpunkt Neu-Delhis zur m\u00f6glichen Teilnahme der Ukraine am G20-Gipfel im September bekr\u00e4ftigt. In einem Gespr\u00e4ch mit den Medien erkl\u00e4rte Jaishankar am Mittwoch, dass die Ukraine keine Einladung zu dem hochrangigen [&hellip;]<\/p>\n","protected":false},"author":3,"featured_media":42172,"comment_status":"open","ping_status":"open","sticky":false,"template":"","format":"standard","meta":{"_yoast_indexnow_last_ping":["1692296498"],"wp_automatic_camp":["217"],"761660d81ce0d737338b48d683ed0dc2":["Indien: Ukraine zum G20-Gipfel nicht eingeladen"],"original_link":["https:\/\/de.rt.com\/international\/178141-indien-ukraine-zum-g20-gipfel\/"],"_thumbnail_id":["42172"],"_wptgpro_p2tg_sent2tg":["a:1:{i:23737;s:19:\"2023-08-17 20:22:10\";}"],"jnews_social_counter_last_update":["1777399451"]},"categories":[19,23],"tags":[23156,4838,356,800,127,565],"yoast_head":"<!-- This site is optimized with the Yoast SEO Premium plugin v22.7 (Yoast SEO v22.7) - https:\/\/yoast.com\/wordpress\/plugins\/seo\/ -->\n<title>Indien: Ukraine zum G20-Gipfel nicht eingeladen - just-now.NEWS Deutschland<\/title>\n<meta name=\"robots\" content=\"index, follow, max-snippet:-1, max-image-preview:large, max-video-preview:-1\" \/>\n<link rel=\"canonical\" href=\"https:\/\/now-news.de\/de\/deutschland\/indien-ukraine-zum-g20-gipfel-nicht-eingeladen\/\" \/>\n<meta property=\"og:locale\" content=\"de_DE\" \/>\n<meta property=\"og:type\" content=\"article\" \/>\n<meta property=\"og:title\" content=\"Indien: Ukraine zum G20-Gipfel nicht eingeladen\" \/>\n<meta property=\"og:description\" content=\"Eine Einladung zum Gipfeltreffen der Staatengruppe in Neu-Delhi sei nicht an Kiew gerichtet worden, so der indische Au\u00dfenminister. Der indische Au\u00dfenminister Subrahmanyam Jaishankar hat den Standpunkt Neu-Delhis zur m\u00f6glichen Teilnahme der Ukraine am G20-Gipfel im September bekr\u00e4ftigt. In einem Gespr\u00e4ch mit den Medien erkl\u00e4rte Jaishankar am Mittwoch, dass die Ukraine keine Einladung zu dem hochrangigen [&hellip;]\" \/>\n<meta property=\"og:url\" content=\"https:\/\/now-news.de\/de\/deutschland\/indien-ukraine-zum-g20-gipfel-nicht-eingeladen\/\" \/>\n<meta property=\"og:site_name\" content=\"just-now.NEWS Deutschland\" \/>\n<meta property=\"article:publisher\" content=\"https:\/\/www.facebook.com\/wirmachenauf\" \/>\n<meta property=\"article:published_time\" content=\"2023-08-17T18:10:06+00:00\" \/>\n<meta property=\"og:image\" content=\"https:\/\/now-news.de\/de\/wp-content\/uploads\/sites\/3\/2023\/08\/Indien-Ukraine-zum-G20-Gipfel-nicht-eingeladen.jpg\" \/>\n\t<meta property=\"og:image:width\" content=\"460\" \/>\n\t<meta property=\"og:image:height\" content=\"259\" \/>\n\t<meta property=\"og:image:type\" content=\"image\/jpeg\" \/>\n<meta name=\"author\" content=\"rtnews\" \/>\n<meta name=\"twitter:card\" content=\"summary_large_image\" \/>\n<meta name=\"twitter:creator\" content=\"@WirMachenAuf_de\" \/>\n<meta name=\"twitter:site\" content=\"@WirMachenAuf_de\" \/>\n<meta name=\"twitter:label1\" content=\"Verfasst von\" \/>\n\t<meta name=\"twitter:data1\" content=\"rtnews\" \/>\n\t<meta name=\"twitter:label2\" content=\"Gesch\u00e4tzte Lesezeit\" \/>\n\t<meta name=\"twitter:data2\" content=\"2\u00a0Minuten\" \/>\n<script type=\"application\/ld+json\" class=\"yoast-schema-graph\">{\"@context\":\"https:\/\/schema.org\",\"@graph\":[{\"@type\":\"Article\",\"@id\":\"https:\/\/now-news.de\/de\/deutschland\/indien-ukraine-zum-g20-gipfel-nicht-eingeladen\/#article\",\"isPartOf\":{\"@id\":\"https:\/\/now-news.de\/de\/deutschland\/indien-ukraine-zum-g20-gipfel-nicht-eingeladen\/\"},\"author\":{\"name\":\"rtnews\",\"@id\":\"https:\/\/now-news.de\/de\/#\/schema\/person\/fb534a4e865501d8b3285208df34a9b5\"},\"headline\":\"Indien: Ukraine zum G20-Gipfel nicht eingeladen\",\"datePublished\":\"2023-08-17T18:10:06+00:00\",\"dateModified\":\"2023-08-17T18:10:06+00:00\",\"mainEntityOfPage\":{\"@id\":\"https:\/\/now-news.de\/de\/deutschland\/indien-ukraine-zum-g20-gipfel-nicht-eingeladen\/\"},\"wordCount\":430,\"commentCount\":0,\"publisher\":{\"@id\":\"https:\/\/now-news.de\/de\/#organization\"},\"image\":{\"@id\":\"https:\/\/now-news.de\/de\/deutschland\/indien-ukraine-zum-g20-gipfel-nicht-eingeladen\/#primaryimage\"},\"thumbnailUrl\":\"https:\/\/now-news.de\/de\/wp-content\/uploads\/sites\/3\/2023\/08\/Indien-Ukraine-zum-G20-Gipfel-nicht-eingeladen.jpg\",\"keywords\":[\"eingeladen\",\"G20Gipfel\",\"Indien\",\"nicht\",\"ukraine\",\"zum\"],\"articleSection\":[\"Deutschland\",\"Russland\"],\"inLanguage\":\"de\",\"potentialAction\":[{\"@type\":\"CommentAction\",\"name\":\"Comment\",\"target\":[\"https:\/\/now-news.de\/de\/deutschland\/indien-ukraine-zum-g20-gipfel-nicht-eingeladen\/#respond\"]}]},{\"@type\":\"WebPage\",\"@id\":\"https:\/\/now-news.de\/de\/deutschland\/indien-ukraine-zum-g20-gipfel-nicht-eingeladen\/\",\"url\":\"https:\/\/now-news.de\/de\/deutschland\/indien-ukraine-zum-g20-gipfel-nicht-eingeladen\/\",\"name\":\"Indien: Ukraine zum G20-Gipfel nicht eingeladen - just-now.NEWS Deutschland\",\"isPartOf\":{\"@id\":\"https:\/\/now-news.de\/de\/#website\"},\"primaryImageOfPage\":{\"@id\":\"https:\/\/now-news.de\/de\/deutschland\/indien-ukraine-zum-g20-gipfel-nicht-eingeladen\/#primaryimage\"},\"image\":{\"@id\":\"https:\/\/now-news.de\/de\/deutschland\/indien-ukraine-zum-g20-gipfel-nicht-eingeladen\/#primaryimage\"},\"thumbnailUrl\":\"https:\/\/now-news.de\/de\/wp-content\/uploads\/sites\/3\/2023\/08\/Indien-Ukraine-zum-G20-Gipfel-nicht-eingeladen.jpg\",\"datePublished\":\"2023-08-17T18:10:06+00:00\",\"dateModified\":\"2023-08-17T18:10:06+00:00\",\"breadcrumb\":{\"@id\":\"https:\/\/now-news.de\/de\/deutschland\/indien-ukraine-zum-g20-gipfel-nicht-eingeladen\/#breadcrumb\"},\"inLanguage\":\"de\",\"potentialAction\":[{\"@type\":\"ReadAction\",\"target\":[\"https:\/\/now-news.de\/de\/deutschland\/indien-ukraine-zum-g20-gipfel-nicht-eingeladen\/\"]}]},{\"@type\":\"ImageObject\",\"inLanguage\":\"de\",\"@id\":\"https:\/\/now-news.de\/de\/deutschland\/indien-ukraine-zum-g20-gipfel-nicht-eingeladen\/#primaryimage\",\"url\":\"https:\/\/now-news.de\/de\/wp-content\/uploads\/sites\/3\/2023\/08\/Indien-Ukraine-zum-G20-Gipfel-nicht-eingeladen.jpg\",\"contentUrl\":\"https:\/\/now-news.de\/de\/wp-content\/uploads\/sites\/3\/2023\/08\/Indien-Ukraine-zum-G20-Gipfel-nicht-eingeladen.jpg\",\"width\":460,\"height\":259,\"caption\":\"Indien: Ukraine zum G20-Gipfel nicht eingeladen\"},{\"@type\":\"BreadcrumbList\",\"@id\":\"https:\/\/now-news.de\/de\/deutschland\/indien-ukraine-zum-g20-gipfel-nicht-eingeladen\/#breadcrumb\",\"itemListElement\":[{\"@type\":\"ListItem\",\"position\":1,\"name\":\"Home\",\"item\":\"https:\/\/now-news.de\/de\/\"},{\"@type\":\"ListItem\",\"position\":2,\"name\":\"Indien: Ukraine zum G20-Gipfel nicht eingeladen\"}]},{\"@type\":\"WebSite\",\"@id\":\"https:\/\/now-news.de\/de\/#website\",\"url\":\"https:\/\/now-news.de\/de\/\",\"name\":\"just-now.NEWS Deutschland\",\"description\":\"Das Portal f\u00fcr unzensierte Nachrichten aus der Welt\",\"publisher\":{\"@id\":\"https:\/\/now-news.de\/de\/#organization\"},\"potentialAction\":[{\"@type\":\"SearchAction\",\"target\":{\"@type\":\"EntryPoint\",\"urlTemplate\":\"https:\/\/now-news.de\/de\/?s={search_term_string}\"},\"query-input\":\"required name=search_term_string\"}],\"inLanguage\":\"de\"},{\"@type\":\"Organization\",\"@id\":\"https:\/\/now-news.de\/de\/#organization\",\"name\":\"Just Now News\",\"url\":\"https:\/\/now-news.de\/de\/\",\"logo\":{\"@type\":\"ImageObject\",\"inLanguage\":\"de\",\"@id\":\"https:\/\/now-news.de\/de\/#\/schema\/logo\/image\/\",\"url\":\"http:\/\/just-now.news\/de\/wp-content\/uploads\/sites\/3\/2022\/04\/logo500x500.jpg\",\"contentUrl\":\"http:\/\/just-now.news\/de\/wp-content\/uploads\/sites\/3\/2022\/04\/logo500x500.jpg\",\"width\":500,\"height\":500,\"caption\":\"Just Now News\"},\"image\":{\"@id\":\"https:\/\/now-news.de\/de\/#\/schema\/logo\/image\/\"},\"sameAs\":[\"https:\/\/www.facebook.com\/wirmachenauf\",\"https:\/\/x.com\/WirMachenAuf_de\"]},{\"@type\":\"Person\",\"@id\":\"https:\/\/now-news.de\/de\/#\/schema\/person\/fb534a4e865501d8b3285208df34a9b5\",\"name\":\"rtnews\",\"image\":{\"@type\":\"ImageObject\",\"inLanguage\":\"de\",\"@id\":\"https:\/\/now-news.de\/de\/#\/schema\/person\/image\/\",\"url\":\"https:\/\/secure.gravatar.com\/avatar\/82aafea7d8127119dd649515f56e2117?s=96&d=mm&r=g\",\"contentUrl\":\"https:\/\/secure.gravatar.com\/avatar\/82aafea7d8127119dd649515f56e2117?s=96&d=mm&r=g\",\"caption\":\"rtnews\"},\"url\":\"https:\/\/now-news.de\/de\/author\/rnews\/\"}]}<\/script>\n<!-- \/ Yoast SEO Premium plugin. -->","yoast_head_json":{"title":"Indien: Ukraine zum G20-Gipfel nicht eingeladen - just-now.NEWS Deutschland","robots":{"index":"index","follow":"follow","max-snippet":"max-snippet:-1","max-image-preview":"max-image-preview:large","max-video-preview":"max-video-preview:-1"},"canonical":"https:\/\/now-news.de\/de\/deutschland\/indien-ukraine-zum-g20-gipfel-nicht-eingeladen\/","og_locale":"de_DE","og_type":"article","og_title":"Indien: Ukraine zum G20-Gipfel nicht eingeladen","og_description":"Eine Einladung zum Gipfeltreffen der Staatengruppe in Neu-Delhi sei nicht an Kiew gerichtet worden, so der indische Au\u00dfenminister. Der indische Au\u00dfenminister Subrahmanyam Jaishankar hat den Standpunkt Neu-Delhis zur m\u00f6glichen Teilnahme der Ukraine am G20-Gipfel im September bekr\u00e4ftigt. In einem Gespr\u00e4ch mit den Medien erkl\u00e4rte Jaishankar am Mittwoch, dass die Ukraine keine Einladung zu dem hochrangigen [&hellip;]","og_url":"https:\/\/now-news.de\/de\/deutschland\/indien-ukraine-zum-g20-gipfel-nicht-eingeladen\/","og_site_name":"just-now.NEWS Deutschland","article_publisher":"https:\/\/www.facebook.com\/wirmachenauf","article_published_time":"2023-08-17T18:10:06+00:00","og_image":[{"width":460,"height":259,"url":"https:\/\/now-news.de\/de\/wp-content\/uploads\/sites\/3\/2023\/08\/Indien-Ukraine-zum-G20-Gipfel-nicht-eingeladen.jpg","type":"image\/jpeg"}],"author":"rtnews","twitter_card":"summary_large_image","twitter_creator":"@WirMachenAuf_de","twitter_site":"@WirMachenAuf_de","twitter_misc":{"Verfasst von":"rtnews","Gesch\u00e4tzte Lesezeit":"2\u00a0Minuten"},"schema":{"@context":"https:\/\/schema.org","@graph":[{"@type":"Article","@id":"https:\/\/now-news.de\/de\/deutschland\/indien-ukraine-zum-g20-gipfel-nicht-eingeladen\/#article","isPartOf":{"@id":"https:\/\/now-news.de\/de\/deutschland\/indien-ukraine-zum-g20-gipfel-nicht-eingeladen\/"},"author":{"name":"rtnews","@id":"https:\/\/now-news.de\/de\/#\/schema\/person\/fb534a4e865501d8b3285208df34a9b5"},"headline":"Indien: Ukraine zum G20-Gipfel nicht eingeladen","datePublished":"2023-08-17T18:10:06+00:00","dateModified":"2023-08-17T18:10:06+00:00","mainEntityOfPage":{"@id":"https:\/\/now-news.de\/de\/deutschland\/indien-ukraine-zum-g20-gipfel-nicht-eingeladen\/"},"wordCount":430,"commentCount":0,"publisher":{"@id":"https:\/\/now-news.de\/de\/#organization"},"image":{"@id":"https:\/\/now-news.de\/de\/deutschland\/indien-ukraine-zum-g20-gipfel-nicht-eingeladen\/#primaryimage"},"thumbnailUrl":"https:\/\/now-news.de\/de\/wp-content\/uploads\/sites\/3\/2023\/08\/Indien-Ukraine-zum-G20-Gipfel-nicht-eingeladen.jpg","keywords":["eingeladen","G20Gipfel","Indien","nicht","ukraine","zum"],"articleSection":["Deutschland","Russland"],"inLanguage":"de","potentialAction":[{"@type":"CommentAction","name":"Comment","target":["https:\/\/now-news.de\/de\/deutschland\/indien-ukraine-zum-g20-gipfel-nicht-eingeladen\/#respond"]}]},{"@type":"WebPage","@id":"https:\/\/now-news.de\/de\/deutschland\/indien-ukraine-zum-g20-gipfel-nicht-eingeladen\/","url":"https:\/\/now-news.de\/de\/deutschland\/indien-ukraine-zum-g20-gipfel-nicht-eingeladen\/","name":"Indien: Ukraine zum G20-Gipfel nicht eingeladen - just-now.NEWS Deutschland","isPartOf":{"@id":"https:\/\/now-news.de\/de\/#website"},"primaryImageOfPage":{"@id":"https:\/\/now-news.de\/de\/deutschland\/indien-ukraine-zum-g20-gipfel-nicht-eingeladen\/#primaryimage"},"image":{"@id":"https:\/\/now-news.de\/de\/deutschland\/indien-ukraine-zum-g20-gipfel-nicht-eingeladen\/#primaryimage"},"thumbnailUrl":"https:\/\/now-news.de\/de\/wp-content\/uploads\/sites\/3\/2023\/08\/Indien-Ukraine-zum-G20-Gipfel-nicht-eingeladen.jpg","datePublished":"2023-08-17T18:10:06+00:00","dateModified":"2023-08-17T18:10:06+00:00","breadcrumb":{"@id":"https:\/\/now-news.de\/de\/deutschland\/indien-ukraine-zum-g20-gipfel-nicht-eingeladen\/#breadcrumb"},"inLanguage":"de","potentialAction":[{"@type":"ReadAction","target":["https:\/\/now-news.de\/de\/deutschland\/indien-ukraine-zum-g20-gipfel-nicht-eingeladen\/"]}]},{"@type":"ImageObject","inLanguage":"de","@id":"https:\/\/now-news.de\/de\/deutschland\/indien-ukraine-zum-g20-gipfel-nicht-eingeladen\/#primaryimage","url":"https:\/\/now-news.de\/de\/wp-content\/uploads\/sites\/3\/2023\/08\/Indien-Ukraine-zum-G20-Gipfel-nicht-eingeladen.jpg","contentUrl":"https:\/\/now-news.de\/de\/wp-content\/uploads\/sites\/3\/2023\/08\/Indien-Ukraine-zum-G20-Gipfel-nicht-eingeladen.jpg","width":460,"height":259,"caption":"Indien: Ukraine zum G20-Gipfel nicht eingeladen"},{"@type":"BreadcrumbList","@id":"https:\/\/now-news.de\/de\/deutschland\/indien-ukraine-zum-g20-gipfel-nicht-eingeladen\/#breadcrumb","itemListElement":[{"@type":"ListItem","position":1,"name":"Home","item":"https:\/\/now-news.de\/de\/"},{"@type":"ListItem","position":2,"name":"Indien: Ukraine zum G20-Gipfel nicht eingeladen"}]},{"@type":"WebSite","@id":"https:\/\/now-news.de\/de\/#website","url":"https:\/\/now-news.de\/de\/","name":"just-now.NEWS Deutschland","description":"Das Portal f\u00fcr unzensierte Nachrichten aus der Welt","publisher":{"@id":"https:\/\/now-news.de\/de\/#organization"},"potentialAction":[{"@type":"SearchAction","target":{"@type":"EntryPoint","urlTemplate":"https:\/\/now-news.de\/de\/?s={search_term_string}"},"query-input":"required name=search_term_string"}],"inLanguage":"de"},{"@type":"Organization","@id":"https:\/\/now-news.de\/de\/#organization","name":"Just Now News","url":"https:\/\/now-news.de\/de\/","logo":{"@type":"ImageObject","inLanguage":"de","@id":"https:\/\/now-news.de\/de\/#\/schema\/logo\/image\/","url":"http:\/\/just-now.news\/de\/wp-content\/uploads\/sites\/3\/2022\/04\/logo500x500.jpg","contentUrl":"http:\/\/just-now.news\/de\/wp-content\/uploads\/sites\/3\/2022\/04\/logo500x500.jpg","width":500,"height":500,"caption":"Just Now News"},"image":{"@id":"https:\/\/now-news.de\/de\/#\/schema\/logo\/image\/"},"sameAs":["https:\/\/www.facebook.com\/wirmachenauf","https:\/\/x.com\/WirMachenAuf_de"]},{"@type":"Person","@id":"https:\/\/now-news.de\/de\/#\/schema\/person\/fb534a4e865501d8b3285208df34a9b5","name":"rtnews","image":{"@type":"ImageObject","inLanguage":"de","@id":"https:\/\/now-news.de\/de\/#\/schema\/person\/image\/","url":"https:\/\/secure.gravatar.com\/avatar\/82aafea7d8127119dd649515f56e2117?s=96&d=mm&r=g","contentUrl":"https:\/\/secure.gravatar.com\/avatar\/82aafea7d8127119dd649515f56e2117?s=96&d=mm&r=g","caption":"rtnews"},"url":"https:\/\/now-news.de\/de\/author\/rnews\/"}]}},"_links":{"self":[{"href":"https:\/\/now-news.de\/de\/wp-json\/wp\/v2\/posts\/42171"}],"collection":[{"href":"https:\/\/now-news.de\/de\/wp-json\/wp\/v2\/posts"}],"about":[{"href":"https:\/\/now-news.de\/de\/wp-json\/wp\/v2\/types\/post"}],"author":[{"embeddable":true,"href":"https:\/\/now-news.de\/de\/wp-json\/wp\/v2\/users\/3"}],"replies":[{"embeddable":true,"href":"https:\/\/now-news.de\/de\/wp-json\/wp\/v2\/comments?post=42171"}],"version-history":[{"count":0,"href":"https:\/\/now-news.de\/de\/wp-json\/wp\/v2\/posts\/42171\/revisions"}],"wp:featuredmedia":[{"embeddable":true,"href":"https:\/\/now-news.de\/de\/wp-json\/wp\/v2\/media\/42172"}],"wp:attachment":[{"href":"https:\/\/now-news.de\/de\/wp-json\/wp\/v2\/media?parent=42171"}],"wp:term":[{"taxonomy":"category","embeddable":true,"href":"https:\/\/now-news.de\/de\/wp-json\/wp\/v2\/categories?post=42171"},{"taxonomy":"post_tag","embeddable":true,"href":"https:\/\/now-news.de\/de\/wp-json\/wp\/v2\/tags?post=42171"}],"curies":[{"name":"wp","href":"https:\/\/api.w.org\/{rel}","templated":true}]}}