{"id":42155,"date":"2023-08-17T17:52:13","date_gmt":"2023-08-17T15:52:13","guid":{"rendered":"https:\/\/just-now.news\/de\/deutschland\/frankfurter-rundschau-clan-kriminalitaet-wird-als-umstrittener-begriff-politisch-missbraucht\/"},"modified":"2023-08-17T17:52:13","modified_gmt":"2023-08-17T15:52:13","slug":"frankfurter-rundschau-clan-kriminalitaet-wird-als-umstrittener-begriff-politisch-missbraucht","status":"publish","type":"post","link":"https:\/\/now-news.de\/de\/deutschland\/frankfurter-rundschau-clan-kriminalitaet-wird-als-umstrittener-begriff-politisch-missbraucht\/","title":{"rendered":"Frankfurter Rundschau: Clan-Kriminalit\u00e4t wird als &quot;umstrittener Begriff politisch missbraucht&quot;"},"content":{"rendered":"<p><img decoding=\"async\" src=\"http:\/\/just-now.news\/de\/wp-content\/uploads\/sites\/3\/2023\/08\/64ddea7448fbef274a43b750.jpg\" \/><\/p>\n<div class=\"Text-root Text-type_1 \">\n                Die FR-Redaktion kommentierte &#8220;in eigener Sache&#8221; und in Leitartikeln zum Thema &#8220;Clan-Kriminalit\u00e4t&#8221; genau diesen Terminus. Zuk\u00fcnftig m\u00f6chte sich die Zeitung von der &#8220;falschen und gef\u00e4hrlichen Rhetorik&#8221; eindeutig distanzieren und die Begrifflichkeit gegebenenfalls nur noch mit Anf\u00fchrungszeichen versehen verwenden.\n            <\/div>\n<p><\/p>\n<div class=\"Text-root Text-type_5 ArticleView-text ViewText-root \">\n<p>Wahlkampfzeiten bef\u00f6rdern regelm\u00e4\u00dfig kontroverse Schwingungen der Gesellschaft an die Oberfl\u00e4che. Das Land diskutiert aktuell die vorab im Rahmen des kommenden Hessen-Wahlkampfs im Oktober initiierte Wahlkampfstrategie der amtierenden Innenministerin Nancy Faeser (SPD), die im flie\u00dfenden \u00dcbergang zuk\u00fcnftig als Landesmutter agieren m\u00f6chte. Faeser k\u00fcndigte Anfang August ihre <a rel=\"nofollow noopener\" target=\"_blank\" href=\"https:\/\/www.bmi.bund.de\/SharedDocs\/downloads\/DE\/veroeffentlichungen\/nachrichten\/2023\/08\/DE-gesetz-verbesserung-rueckfuehrung.pdf;jsessionid=5975B9B992225C2965CD2E8F49FF5A70.2_cid340?__blob=publicationFile&amp;v=3\">Pl\u00e4ne<\/a> einer beabsichtigen Gesetzes\u00e4nderung an, um die Ausweisung von Clan-Kriminellen und deren Angeh\u00f6rigen ohne vorherige strafrechtliche Verurteilung zu erleichtern. Die <em>Frankfurter Rundschau<\/em> (<em>FR<\/em>) reagierte daraufhin mit mehreren Leitartikeln und Interviews zur Thematik &#8220;Clan-Kriminalit\u00e4t&#8221;, um am 16. August als Fu\u00dfnote den Leser folgende <a rel=\"nofollow noopener\" target=\"_blank\" href=\"https:\/\/www.fr.de\/politik\/hessen-kriminologe-kritisiert-begriff-clan-kriminalitaet-und-faeser-pr-gag-im-vorfeld-der-wahl-in-92460403.html\">Information<\/a> zu pr\u00e4sentieren:<\/p>\n<blockquote>\n<p><em>&#8220;In eigener Sache: Die Redaktion der Frankfurter Rundschau hat den umstrittenen Begriff &#8220;Clan-Kriminalit\u00e4t&#8221; intern umfassend diskutiert. Wir sind zu dem Ergebnis gekommen, dass er politisch missbraucht wird und Menschen stigmatisiert. Deshalb werden wir die Bezeichnung nur in Ausnahmef\u00e4llen verwenden.&#8221;\u00a0<\/em><\/p>\n<\/blockquote>\n<p>Weiter hei\u00dft es, dass der Begriff zuk\u00fcnftig nur noch dann eine Verwendung erfahren werde, wenn &#8220;\u00fcber Polizeieins\u00e4tze und politische Debatten&#8221; berichtet w\u00fcrde, in denen &#8220;die Kategorie zentral ist&#8221;. Abschlie\u00dfend ist in der Information ank\u00fcndigend zu lesen:<\/p>\n<blockquote>\n<p><em>&#8220;Um uns von der falschen und gef\u00e4hrlichen Rhetorik zu distanzieren, setzen wir von nun an den Begriff in Anf\u00fchrungszeichen oder machen das mit sprachlichen Formulierungen wie sogenannte Clan-Kriminalit\u00e4t deutlich. \u2013 Die Redaktion&#8221;<\/em><\/p>\n<\/blockquote>\n<p>Im Anschluss an die Information wird unmittelbar auf eine themenbezogene Leseempfehlung in der <em>FR<\/em> hingewiesen, die wie folgt anmoderiert wird:<\/p>\n<blockquote>\n<p><em>&#8220;Mit emotionaler Rhetorik fern von Fakten wird bei der Debatte \u00fcber &#8220;Clan-Kriminalit\u00e4t&#8221; Stimmung gegen junge migrantische M\u00e4nner gemacht. Eine <a rel=\"nofollow noopener\" target=\"_blank\" href=\"https:\/\/www.fr.de\/politik\/clan-kriminalitaet-deutschland-gefaehrliche-diskurse-ueber-kriminalitaet-analyse-92460442.html\">Analyse<\/a> von Ya\u011fmur Ekim Cay.&#8221;<\/em><\/p>\n<\/blockquote>\n<p>Ya\u011fmur Ekim \u00c7ay ist Redaktionsmitglied der <em>FR<\/em>. Einleitend stellte die Autorin in ihrem Kommentar fest, dass Innenministerin Faeser aktuell, aufgrund von reiner Wahlkampftaktik, &#8220;bewusst mit sehr gef\u00e4hrlichen Diskursen spielt&#8221;. Diese\u00a0Situation sei jedoch &#8220;in Deutschland nicht neu&#8221;, um den Lesern zu erkl\u00e4ren:<\/p>\n<blockquote>\n<p><em>&#8220;Der Begriff &#8220;Clan-Kriminalit\u00e4t&#8221; ist nur ein Symptom f\u00fcr eine rassistische Gesellschaft \u2013 denn in Wirklichkeit gibt es in Deutschland kein tiefgreifendes Problem mit &#8220;Clan-Kriminalit\u00e4t&#8221;, aber ein Rassismus-Problem.&#8221;<\/em><\/p>\n<\/blockquote>\n<p>Wie redaktionell angek\u00fcndigt, tragen alle Erw\u00e4hnungen des Begriffs &#8220;Clan-Kriminalit\u00e4t&#8221; in dem Artikel die neuerdings beschlossenen Anf\u00fchrungszeichen. Laut Wahrnehmung der <em>FR<\/em>-Autorin w\u00fcrden auch diesbez\u00fcglich &#8220;die Debatten fern von Fakten gef\u00fchrt, um gef\u00fchlte Wahrheiten zu transportieren&#8221;. So w\u00fcrde auch die Debatte um &#8220;Clan-Kriminalit\u00e4t&#8221; gef\u00fchrt. Statt von Banden ist die Rede &#8220;von der Kriminalit\u00e4t bestimmter ethnischer Gruppen, vor allem aus dem arabisch-t\u00fcrkischen Raum&#8221;. Dadurch zeichne sich das f\u00fcr die Autorin tr\u00fcgerischere Bild, &#8220;junge migrantische M\u00e4nner sind frauenfeindlich, gef\u00e4hrlich und kriminell und man muss h\u00e4rter gegen sie vorgehen&#8221;.<\/p>\n<p>Zur Untermauerung\u00a0der Argumente hei\u00dft es, dass die &#8220;Faktenlage auch bei der &#8216;Clan-Kriminalit\u00e4t&#8217; anders aussehen w\u00fcrde. Straftaten, die von Clan-Mitgliedern begangen wurden, machten 2022 in Berlin etwa 0,2 Prozent der statistisch erfassten Kriminalit\u00e4t aus, in Niedersachsen 0,6&#8221; Prozent.\u00a0Eine Folge dieser politischen Strategien laute, dass &#8220;sich viele junge migrantische M\u00e4nner von der Mehrheitsgesellschaft abgelehnt f\u00fchlen&#8221;. Sie\u00a0w\u00fcrden sich in finaler Konsequenz\u00a0&#8220;unter den Verdacht gestellt&#8221; sehen, &#8220;die Ordnung im deutschen Rechtsstaat zu zerst\u00f6ren&#8221;.<\/p>\n<p>In einer polizeilichen <a rel=\"nofollow noopener\" target=\"_blank\" href=\"https:\/\/www.kriminalpolizei.de\/ausgaben\/2020\/juni\/detailansicht-juni\/artikel\/clankriminalitaet.html\">Bestandsaufnahme<\/a> des Jahres 2020, findet sich folgende Erw\u00e4hnung:<\/p>\n<blockquote>\n<p><em>&#8220;Bei den kriminellen Gro\u00dffamilien in Deutschland handelt es sich vor allem um t\u00fcrkisch-arabische Gro\u00dfclans. (&#8230;)\u00a0In Deutschland geh\u00f6ren nach Sch\u00e4tzungen des Bundeskriminalamts (BKA) rund 200.0000 Menschen zu solchen Gro\u00dffamilien, wovon aber nur ein Teil kriminell wird. Die meisten Angeh\u00f6rigen der kriminellen Familienclans gelten offiziell als arbeitslos und beziehen Sozialleistungen. Die meisten stammen urspr\u00fcnglich aus dem Libanon, aus Syrien, dem Irak und der T\u00fcrkei. Vor allem im Ruhrgebiet wird h\u00e4ufig von Libanesen-Clans gesprochen. Gemeint sind dann kriminelle Mitglieder von Familien, die urspr\u00fcnglich aus der T\u00fcrkei, aus dem Libanon und aus Syrien stammen.&#8221;<\/em><\/p>\n<\/blockquote>\n<p>Am 8. August <a rel=\"nofollow noopener\" target=\"_blank\" href=\"https:\/\/www.fr.de\/panorama\/kriminelle-clans-wueten-seit-monaten-in-nrw-ministerin-macht-abschiebe-vorschlag-zr-92448195.html\">titelte<\/a> die <em>FR:<\/em> &#8220;Kriminelle Clans w\u00fcten seit Monaten in NRW: Ministerin macht Abschiebe-Vorschlag&#8221;. Am 12. August <a rel=\"nofollow noopener\" target=\"_blank\" href=\"https:\/\/www.fr.de\/politik\/clankriminalitaet-in-berlin-nimmt-zu-staat-haelt-dagegen-zr-92456786.html\">hie\u00df es<\/a>: &#8220;Clan-Kriminalit\u00e4t in Berlin nimmt zu \u2013 Staat h\u00e4lt dagegen&#8221;. In einem <a rel=\"nofollow noopener\" target=\"_blank\" href=\"https:\/\/www.fr.de\/politik\/hessen-kriminologe-kritisiert-begriff-clan-kriminalitaet-und-faeser-pr-gag-im-vorfeld-der-wahl-in-92460403.html\">Artikel<\/a> vom 16. August in der <em>FR\u00a0<\/em>wurde\u00a0Polizeiwissenschaftler Thomas Feltes interviewt.<\/p>\n<p>Er erkennt eine &#8220;fehlende Aussagekraft von beh\u00f6rdlichen Statistiken&#8221;. Die Pl\u00e4ne Faesers nennt er einen &#8220;PR-Gag ihrer Mitarbeitenden im Vorfeld der\u00a0Wahl in Hessen&#8221;. Unter der Rubrik Clan-Kriminalit\u00e4t w\u00fcrden\u00a0laut Definitionsvorgabe des Bundeskriminalamts (BKA) Menschen erfasst, die &#8220;mit einem bestimmten Nachnamen Straftaten begangen haben. Dabei wird nicht zwischen Schwarzfahren oder Ladendiebstahl und Mord unterschieden. Zudem gibt es in der t\u00fcrkischen oder arabischen Kultur Nachnamen, \u00e4hnlich wie bei uns M\u00fcller, Meier oder Schulze&#8221;, so Feltes.<\/p>\n<p>Kriminalit\u00e4t sei keine Frage &#8220;des Passes oder der ethnischen Zugeh\u00f6rigkeit&#8221;, sondern &#8220;eine Frage der sozialen Lage. Das ist eine kriminologische Grunderkenntnis&#8221;.<\/p>\n<p><strong>Mehr zum Thema\u00a0<\/strong>\u2013 <a rel=\"nofollow noopener\" target=\"_blank\" href=\"https:\/\/freedert.online\/inland\/174049-ruhrgebiet-friedensrichter-vermittelte-laut-ard\/\">Ruhrgebiet: &#8220;Friedensrichter&#8221; vermittelte laut ARD im Clan-Streit \u2013 Polizei ist irritiert<\/a><\/p>\n<\/div>\n<p><br \/>\n<br \/><a href=\"https:\/\/de.rt.com\/inland\/178108-frankfurter-rundschau-clan-kriminalitaet-wird\/\">Source link <\/a><\/p>\n","protected":false},"excerpt":{"rendered":"<p>Die FR-Redaktion kommentierte &#8220;in eigener Sache&#8221; und in Leitartikeln zum Thema &#8220;Clan-Kriminalit\u00e4t&#8221; genau diesen Terminus. Zuk\u00fcnftig m\u00f6chte sich die Zeitung von der &#8220;falschen und gef\u00e4hrlichen Rhetorik&#8221; eindeutig distanzieren und die Begrifflichkeit gegebenenfalls nur noch mit Anf\u00fchrungszeichen versehen verwenden. Wahlkampfzeiten bef\u00f6rdern regelm\u00e4\u00dfig kontroverse Schwingungen der Gesellschaft an die Oberfl\u00e4che. Das Land diskutiert aktuell die vorab im [&hellip;]<\/p>\n","protected":false},"author":3,"featured_media":42156,"comment_status":"open","ping_status":"open","sticky":false,"template":"","format":"standard","meta":{"_yoast_indexnow_last_ping":["1692287614"],"wp_automatic_camp":["217"],"aaa5debf5deef5b20aaceef67b95adf5":["Frankfurter Rundschau: Clan-Kriminalit\u00e4t wird als &quot;umstrittener Begriff politisch missbraucht&quot;"],"original_link":["https:\/\/de.rt.com\/inland\/178108-frankfurter-rundschau-clan-kriminalitaet-wird\/"],"_thumbnail_id":["42156"],"_wptgpro_p2tg_sent2tg":["a:1:{i:23737;s:19:\"2023-08-17 17:54:42\";}"],"jnews_social_counter_last_update":["1777350663"]},"categories":[19,23],"tags":[273,9111,45744,26909,47864,10036,47863,47862,374],"yoast_head":"<!-- This site is optimized with the Yoast SEO Premium plugin v22.7 (Yoast SEO v22.7) - https:\/\/yoast.com\/wordpress\/plugins\/seo\/ -->\n<title>Frankfurter Rundschau: Clan-Kriminalit\u00e4t wird als &quot;umstrittener Begriff politisch missbraucht&quot; - just-now.NEWS Deutschland<\/title>\n<meta name=\"robots\" content=\"index, follow, max-snippet:-1, max-image-preview:large, max-video-preview:-1\" \/>\n<link rel=\"canonical\" href=\"https:\/\/now-news.de\/de\/deutschland\/frankfurter-rundschau-clan-kriminalitaet-wird-als-umstrittener-begriff-politisch-missbraucht\/\" \/>\n<meta property=\"og:locale\" content=\"de_DE\" \/>\n<meta property=\"og:type\" content=\"article\" \/>\n<meta property=\"og:title\" content=\"Frankfurter Rundschau: Clan-Kriminalit\u00e4t wird als &quot;umstrittener Begriff politisch missbraucht&quot;\" \/>\n<meta property=\"og:description\" content=\"Die FR-Redaktion kommentierte &#8220;in eigener Sache&#8221; und in Leitartikeln zum Thema &#8220;Clan-Kriminalit\u00e4t&#8221; genau diesen Terminus. Zuk\u00fcnftig m\u00f6chte sich die Zeitung von der &#8220;falschen und gef\u00e4hrlichen Rhetorik&#8221; eindeutig distanzieren und die Begrifflichkeit gegebenenfalls nur noch mit Anf\u00fchrungszeichen versehen verwenden. Wahlkampfzeiten bef\u00f6rdern regelm\u00e4\u00dfig kontroverse Schwingungen der Gesellschaft an die Oberfl\u00e4che. Das Land diskutiert aktuell die vorab im [&hellip;]\" \/>\n<meta property=\"og:url\" content=\"https:\/\/now-news.de\/de\/deutschland\/frankfurter-rundschau-clan-kriminalitaet-wird-als-umstrittener-begriff-politisch-missbraucht\/\" \/>\n<meta property=\"og:site_name\" content=\"just-now.NEWS Deutschland\" \/>\n<meta property=\"article:publisher\" content=\"https:\/\/www.facebook.com\/wirmachenauf\" \/>\n<meta property=\"article:published_time\" content=\"2023-08-17T15:52:13+00:00\" \/>\n<meta property=\"og:image\" content=\"https:\/\/now-news.de\/de\/wp-content\/uploads\/sites\/3\/2023\/08\/Frankfurter-Rundschau-Clan-Kriminalitaet-wird-als-quotumstrittener-Begriff-politisch-missbrauchtquot.jpg\" \/>\n\t<meta property=\"og:image:width\" content=\"460\" \/>\n\t<meta property=\"og:image:height\" content=\"259\" \/>\n\t<meta property=\"og:image:type\" content=\"image\/jpeg\" \/>\n<meta name=\"author\" content=\"rtnews\" \/>\n<meta name=\"twitter:card\" content=\"summary_large_image\" \/>\n<meta name=\"twitter:creator\" content=\"@WirMachenAuf_de\" \/>\n<meta name=\"twitter:site\" content=\"@WirMachenAuf_de\" \/>\n<meta name=\"twitter:label1\" content=\"Verfasst von\" \/>\n\t<meta name=\"twitter:data1\" content=\"rtnews\" \/>\n\t<meta name=\"twitter:label2\" content=\"Gesch\u00e4tzte Lesezeit\" \/>\n\t<meta name=\"twitter:data2\" content=\"4\u00a0Minuten\" \/>\n<script type=\"application\/ld+json\" class=\"yoast-schema-graph\">{\"@context\":\"https:\/\/schema.org\",\"@graph\":[{\"@type\":\"Article\",\"@id\":\"https:\/\/now-news.de\/de\/deutschland\/frankfurter-rundschau-clan-kriminalitaet-wird-als-umstrittener-begriff-politisch-missbraucht\/#article\",\"isPartOf\":{\"@id\":\"https:\/\/now-news.de\/de\/deutschland\/frankfurter-rundschau-clan-kriminalitaet-wird-als-umstrittener-begriff-politisch-missbraucht\/\"},\"author\":{\"name\":\"rtnews\",\"@id\":\"https:\/\/now-news.de\/de\/#\/schema\/person\/fb534a4e865501d8b3285208df34a9b5\"},\"headline\":\"Frankfurter Rundschau: Clan-Kriminalit\u00e4t wird als &quot;umstrittener Begriff politisch missbraucht&quot;\",\"datePublished\":\"2023-08-17T15:52:13+00:00\",\"dateModified\":\"2023-08-17T15:52:13+00:00\",\"mainEntityOfPage\":{\"@id\":\"https:\/\/now-news.de\/de\/deutschland\/frankfurter-rundschau-clan-kriminalitaet-wird-als-umstrittener-begriff-politisch-missbraucht\/\"},\"wordCount\":848,\"commentCount\":0,\"publisher\":{\"@id\":\"https:\/\/now-news.de\/de\/#organization\"},\"image\":{\"@id\":\"https:\/\/now-news.de\/de\/deutschland\/frankfurter-rundschau-clan-kriminalitaet-wird-als-umstrittener-begriff-politisch-missbraucht\/#primaryimage\"},\"thumbnailUrl\":\"https:\/\/now-news.de\/de\/wp-content\/uploads\/sites\/3\/2023\/08\/Frankfurter-Rundschau-Clan-Kriminalitaet-wird-als-quotumstrittener-Begriff-politisch-missbrauchtquot.jpg\",\"keywords\":[\"als\",\"Begriff\",\"Clankriminalit\u00e4t\",\"Frankfurter\",\"missbrauchtquot\",\"politisch\",\"quotumstrittener\",\"Rundschau\",\"wird\"],\"articleSection\":[\"Deutschland\",\"Russland\"],\"inLanguage\":\"de\",\"potentialAction\":[{\"@type\":\"CommentAction\",\"name\":\"Comment\",\"target\":[\"https:\/\/now-news.de\/de\/deutschland\/frankfurter-rundschau-clan-kriminalitaet-wird-als-umstrittener-begriff-politisch-missbraucht\/#respond\"]}]},{\"@type\":\"WebPage\",\"@id\":\"https:\/\/now-news.de\/de\/deutschland\/frankfurter-rundschau-clan-kriminalitaet-wird-als-umstrittener-begriff-politisch-missbraucht\/\",\"url\":\"https:\/\/now-news.de\/de\/deutschland\/frankfurter-rundschau-clan-kriminalitaet-wird-als-umstrittener-begriff-politisch-missbraucht\/\",\"name\":\"Frankfurter Rundschau: Clan-Kriminalit\u00e4t wird als &quot;umstrittener Begriff politisch missbraucht&quot; - just-now.NEWS Deutschland\",\"isPartOf\":{\"@id\":\"https:\/\/now-news.de\/de\/#website\"},\"primaryImageOfPage\":{\"@id\":\"https:\/\/now-news.de\/de\/deutschland\/frankfurter-rundschau-clan-kriminalitaet-wird-als-umstrittener-begriff-politisch-missbraucht\/#primaryimage\"},\"image\":{\"@id\":\"https:\/\/now-news.de\/de\/deutschland\/frankfurter-rundschau-clan-kriminalitaet-wird-als-umstrittener-begriff-politisch-missbraucht\/#primaryimage\"},\"thumbnailUrl\":\"https:\/\/now-news.de\/de\/wp-content\/uploads\/sites\/3\/2023\/08\/Frankfurter-Rundschau-Clan-Kriminalitaet-wird-als-quotumstrittener-Begriff-politisch-missbrauchtquot.jpg\",\"datePublished\":\"2023-08-17T15:52:13+00:00\",\"dateModified\":\"2023-08-17T15:52:13+00:00\",\"breadcrumb\":{\"@id\":\"https:\/\/now-news.de\/de\/deutschland\/frankfurter-rundschau-clan-kriminalitaet-wird-als-umstrittener-begriff-politisch-missbraucht\/#breadcrumb\"},\"inLanguage\":\"de\",\"potentialAction\":[{\"@type\":\"ReadAction\",\"target\":[\"https:\/\/now-news.de\/de\/deutschland\/frankfurter-rundschau-clan-kriminalitaet-wird-als-umstrittener-begriff-politisch-missbraucht\/\"]}]},{\"@type\":\"ImageObject\",\"inLanguage\":\"de\",\"@id\":\"https:\/\/now-news.de\/de\/deutschland\/frankfurter-rundschau-clan-kriminalitaet-wird-als-umstrittener-begriff-politisch-missbraucht\/#primaryimage\",\"url\":\"https:\/\/now-news.de\/de\/wp-content\/uploads\/sites\/3\/2023\/08\/Frankfurter-Rundschau-Clan-Kriminalitaet-wird-als-quotumstrittener-Begriff-politisch-missbrauchtquot.jpg\",\"contentUrl\":\"https:\/\/now-news.de\/de\/wp-content\/uploads\/sites\/3\/2023\/08\/Frankfurter-Rundschau-Clan-Kriminalitaet-wird-als-quotumstrittener-Begriff-politisch-missbrauchtquot.jpg\",\"width\":460,\"height\":259,\"caption\":\"Frankfurter Rundschau: Clan-Kriminalit\u00e4t wird als &quot;umstrittener Begriff politisch missbraucht&quot;\"},{\"@type\":\"BreadcrumbList\",\"@id\":\"https:\/\/now-news.de\/de\/deutschland\/frankfurter-rundschau-clan-kriminalitaet-wird-als-umstrittener-begriff-politisch-missbraucht\/#breadcrumb\",\"itemListElement\":[{\"@type\":\"ListItem\",\"position\":1,\"name\":\"Home\",\"item\":\"https:\/\/now-news.de\/de\/\"},{\"@type\":\"ListItem\",\"position\":2,\"name\":\"Frankfurter Rundschau: Clan-Kriminalit\u00e4t wird als &quot;umstrittener Begriff politisch missbraucht&quot;\"}]},{\"@type\":\"WebSite\",\"@id\":\"https:\/\/now-news.de\/de\/#website\",\"url\":\"https:\/\/now-news.de\/de\/\",\"name\":\"just-now.NEWS Deutschland\",\"description\":\"Das Portal f\u00fcr unzensierte Nachrichten aus der Welt\",\"publisher\":{\"@id\":\"https:\/\/now-news.de\/de\/#organization\"},\"potentialAction\":[{\"@type\":\"SearchAction\",\"target\":{\"@type\":\"EntryPoint\",\"urlTemplate\":\"https:\/\/now-news.de\/de\/?s={search_term_string}\"},\"query-input\":\"required name=search_term_string\"}],\"inLanguage\":\"de\"},{\"@type\":\"Organization\",\"@id\":\"https:\/\/now-news.de\/de\/#organization\",\"name\":\"Just Now News\",\"url\":\"https:\/\/now-news.de\/de\/\",\"logo\":{\"@type\":\"ImageObject\",\"inLanguage\":\"de\",\"@id\":\"https:\/\/now-news.de\/de\/#\/schema\/logo\/image\/\",\"url\":\"http:\/\/just-now.news\/de\/wp-content\/uploads\/sites\/3\/2022\/04\/logo500x500.jpg\",\"contentUrl\":\"http:\/\/just-now.news\/de\/wp-content\/uploads\/sites\/3\/2022\/04\/logo500x500.jpg\",\"width\":500,\"height\":500,\"caption\":\"Just Now News\"},\"image\":{\"@id\":\"https:\/\/now-news.de\/de\/#\/schema\/logo\/image\/\"},\"sameAs\":[\"https:\/\/www.facebook.com\/wirmachenauf\",\"https:\/\/x.com\/WirMachenAuf_de\"]},{\"@type\":\"Person\",\"@id\":\"https:\/\/now-news.de\/de\/#\/schema\/person\/fb534a4e865501d8b3285208df34a9b5\",\"name\":\"rtnews\",\"image\":{\"@type\":\"ImageObject\",\"inLanguage\":\"de\",\"@id\":\"https:\/\/now-news.de\/de\/#\/schema\/person\/image\/\",\"url\":\"https:\/\/secure.gravatar.com\/avatar\/82aafea7d8127119dd649515f56e2117?s=96&d=mm&r=g\",\"contentUrl\":\"https:\/\/secure.gravatar.com\/avatar\/82aafea7d8127119dd649515f56e2117?s=96&d=mm&r=g\",\"caption\":\"rtnews\"},\"url\":\"https:\/\/now-news.de\/de\/author\/rnews\/\"}]}<\/script>\n<!-- \/ Yoast SEO Premium plugin. -->","yoast_head_json":{"title":"Frankfurter Rundschau: Clan-Kriminalit\u00e4t wird als &quot;umstrittener Begriff politisch missbraucht&quot; - just-now.NEWS Deutschland","robots":{"index":"index","follow":"follow","max-snippet":"max-snippet:-1","max-image-preview":"max-image-preview:large","max-video-preview":"max-video-preview:-1"},"canonical":"https:\/\/now-news.de\/de\/deutschland\/frankfurter-rundschau-clan-kriminalitaet-wird-als-umstrittener-begriff-politisch-missbraucht\/","og_locale":"de_DE","og_type":"article","og_title":"Frankfurter Rundschau: Clan-Kriminalit\u00e4t wird als &quot;umstrittener Begriff politisch missbraucht&quot;","og_description":"Die FR-Redaktion kommentierte &#8220;in eigener Sache&#8221; und in Leitartikeln zum Thema &#8220;Clan-Kriminalit\u00e4t&#8221; genau diesen Terminus. Zuk\u00fcnftig m\u00f6chte sich die Zeitung von der &#8220;falschen und gef\u00e4hrlichen Rhetorik&#8221; eindeutig distanzieren und die Begrifflichkeit gegebenenfalls nur noch mit Anf\u00fchrungszeichen versehen verwenden. Wahlkampfzeiten bef\u00f6rdern regelm\u00e4\u00dfig kontroverse Schwingungen der Gesellschaft an die Oberfl\u00e4che. Das Land diskutiert aktuell die vorab im [&hellip;]","og_url":"https:\/\/now-news.de\/de\/deutschland\/frankfurter-rundschau-clan-kriminalitaet-wird-als-umstrittener-begriff-politisch-missbraucht\/","og_site_name":"just-now.NEWS Deutschland","article_publisher":"https:\/\/www.facebook.com\/wirmachenauf","article_published_time":"2023-08-17T15:52:13+00:00","og_image":[{"width":460,"height":259,"url":"https:\/\/now-news.de\/de\/wp-content\/uploads\/sites\/3\/2023\/08\/Frankfurter-Rundschau-Clan-Kriminalitaet-wird-als-quotumstrittener-Begriff-politisch-missbrauchtquot.jpg","type":"image\/jpeg"}],"author":"rtnews","twitter_card":"summary_large_image","twitter_creator":"@WirMachenAuf_de","twitter_site":"@WirMachenAuf_de","twitter_misc":{"Verfasst von":"rtnews","Gesch\u00e4tzte Lesezeit":"4\u00a0Minuten"},"schema":{"@context":"https:\/\/schema.org","@graph":[{"@type":"Article","@id":"https:\/\/now-news.de\/de\/deutschland\/frankfurter-rundschau-clan-kriminalitaet-wird-als-umstrittener-begriff-politisch-missbraucht\/#article","isPartOf":{"@id":"https:\/\/now-news.de\/de\/deutschland\/frankfurter-rundschau-clan-kriminalitaet-wird-als-umstrittener-begriff-politisch-missbraucht\/"},"author":{"name":"rtnews","@id":"https:\/\/now-news.de\/de\/#\/schema\/person\/fb534a4e865501d8b3285208df34a9b5"},"headline":"Frankfurter Rundschau: Clan-Kriminalit\u00e4t wird als &quot;umstrittener Begriff politisch missbraucht&quot;","datePublished":"2023-08-17T15:52:13+00:00","dateModified":"2023-08-17T15:52:13+00:00","mainEntityOfPage":{"@id":"https:\/\/now-news.de\/de\/deutschland\/frankfurter-rundschau-clan-kriminalitaet-wird-als-umstrittener-begriff-politisch-missbraucht\/"},"wordCount":848,"commentCount":0,"publisher":{"@id":"https:\/\/now-news.de\/de\/#organization"},"image":{"@id":"https:\/\/now-news.de\/de\/deutschland\/frankfurter-rundschau-clan-kriminalitaet-wird-als-umstrittener-begriff-politisch-missbraucht\/#primaryimage"},"thumbnailUrl":"https:\/\/now-news.de\/de\/wp-content\/uploads\/sites\/3\/2023\/08\/Frankfurter-Rundschau-Clan-Kriminalitaet-wird-als-quotumstrittener-Begriff-politisch-missbrauchtquot.jpg","keywords":["als","Begriff","Clankriminalit\u00e4t","Frankfurter","missbrauchtquot","politisch","quotumstrittener","Rundschau","wird"],"articleSection":["Deutschland","Russland"],"inLanguage":"de","potentialAction":[{"@type":"CommentAction","name":"Comment","target":["https:\/\/now-news.de\/de\/deutschland\/frankfurter-rundschau-clan-kriminalitaet-wird-als-umstrittener-begriff-politisch-missbraucht\/#respond"]}]},{"@type":"WebPage","@id":"https:\/\/now-news.de\/de\/deutschland\/frankfurter-rundschau-clan-kriminalitaet-wird-als-umstrittener-begriff-politisch-missbraucht\/","url":"https:\/\/now-news.de\/de\/deutschland\/frankfurter-rundschau-clan-kriminalitaet-wird-als-umstrittener-begriff-politisch-missbraucht\/","name":"Frankfurter Rundschau: Clan-Kriminalit\u00e4t wird als &quot;umstrittener Begriff politisch missbraucht&quot; - just-now.NEWS Deutschland","isPartOf":{"@id":"https:\/\/now-news.de\/de\/#website"},"primaryImageOfPage":{"@id":"https:\/\/now-news.de\/de\/deutschland\/frankfurter-rundschau-clan-kriminalitaet-wird-als-umstrittener-begriff-politisch-missbraucht\/#primaryimage"},"image":{"@id":"https:\/\/now-news.de\/de\/deutschland\/frankfurter-rundschau-clan-kriminalitaet-wird-als-umstrittener-begriff-politisch-missbraucht\/#primaryimage"},"thumbnailUrl":"https:\/\/now-news.de\/de\/wp-content\/uploads\/sites\/3\/2023\/08\/Frankfurter-Rundschau-Clan-Kriminalitaet-wird-als-quotumstrittener-Begriff-politisch-missbrauchtquot.jpg","datePublished":"2023-08-17T15:52:13+00:00","dateModified":"2023-08-17T15:52:13+00:00","breadcrumb":{"@id":"https:\/\/now-news.de\/de\/deutschland\/frankfurter-rundschau-clan-kriminalitaet-wird-als-umstrittener-begriff-politisch-missbraucht\/#breadcrumb"},"inLanguage":"de","potentialAction":[{"@type":"ReadAction","target":["https:\/\/now-news.de\/de\/deutschland\/frankfurter-rundschau-clan-kriminalitaet-wird-als-umstrittener-begriff-politisch-missbraucht\/"]}]},{"@type":"ImageObject","inLanguage":"de","@id":"https:\/\/now-news.de\/de\/deutschland\/frankfurter-rundschau-clan-kriminalitaet-wird-als-umstrittener-begriff-politisch-missbraucht\/#primaryimage","url":"https:\/\/now-news.de\/de\/wp-content\/uploads\/sites\/3\/2023\/08\/Frankfurter-Rundschau-Clan-Kriminalitaet-wird-als-quotumstrittener-Begriff-politisch-missbrauchtquot.jpg","contentUrl":"https:\/\/now-news.de\/de\/wp-content\/uploads\/sites\/3\/2023\/08\/Frankfurter-Rundschau-Clan-Kriminalitaet-wird-als-quotumstrittener-Begriff-politisch-missbrauchtquot.jpg","width":460,"height":259,"caption":"Frankfurter Rundschau: Clan-Kriminalit\u00e4t wird als &quot;umstrittener Begriff politisch missbraucht&quot;"},{"@type":"BreadcrumbList","@id":"https:\/\/now-news.de\/de\/deutschland\/frankfurter-rundschau-clan-kriminalitaet-wird-als-umstrittener-begriff-politisch-missbraucht\/#breadcrumb","itemListElement":[{"@type":"ListItem","position":1,"name":"Home","item":"https:\/\/now-news.de\/de\/"},{"@type":"ListItem","position":2,"name":"Frankfurter Rundschau: Clan-Kriminalit\u00e4t wird als &quot;umstrittener Begriff politisch missbraucht&quot;"}]},{"@type":"WebSite","@id":"https:\/\/now-news.de\/de\/#website","url":"https:\/\/now-news.de\/de\/","name":"just-now.NEWS Deutschland","description":"Das Portal f\u00fcr unzensierte Nachrichten aus der Welt","publisher":{"@id":"https:\/\/now-news.de\/de\/#organization"},"potentialAction":[{"@type":"SearchAction","target":{"@type":"EntryPoint","urlTemplate":"https:\/\/now-news.de\/de\/?s={search_term_string}"},"query-input":"required name=search_term_string"}],"inLanguage":"de"},{"@type":"Organization","@id":"https:\/\/now-news.de\/de\/#organization","name":"Just Now News","url":"https:\/\/now-news.de\/de\/","logo":{"@type":"ImageObject","inLanguage":"de","@id":"https:\/\/now-news.de\/de\/#\/schema\/logo\/image\/","url":"http:\/\/just-now.news\/de\/wp-content\/uploads\/sites\/3\/2022\/04\/logo500x500.jpg","contentUrl":"http:\/\/just-now.news\/de\/wp-content\/uploads\/sites\/3\/2022\/04\/logo500x500.jpg","width":500,"height":500,"caption":"Just Now News"},"image":{"@id":"https:\/\/now-news.de\/de\/#\/schema\/logo\/image\/"},"sameAs":["https:\/\/www.facebook.com\/wirmachenauf","https:\/\/x.com\/WirMachenAuf_de"]},{"@type":"Person","@id":"https:\/\/now-news.de\/de\/#\/schema\/person\/fb534a4e865501d8b3285208df34a9b5","name":"rtnews","image":{"@type":"ImageObject","inLanguage":"de","@id":"https:\/\/now-news.de\/de\/#\/schema\/person\/image\/","url":"https:\/\/secure.gravatar.com\/avatar\/82aafea7d8127119dd649515f56e2117?s=96&d=mm&r=g","contentUrl":"https:\/\/secure.gravatar.com\/avatar\/82aafea7d8127119dd649515f56e2117?s=96&d=mm&r=g","caption":"rtnews"},"url":"https:\/\/now-news.de\/de\/author\/rnews\/"}]}},"_links":{"self":[{"href":"https:\/\/now-news.de\/de\/wp-json\/wp\/v2\/posts\/42155"}],"collection":[{"href":"https:\/\/now-news.de\/de\/wp-json\/wp\/v2\/posts"}],"about":[{"href":"https:\/\/now-news.de\/de\/wp-json\/wp\/v2\/types\/post"}],"author":[{"embeddable":true,"href":"https:\/\/now-news.de\/de\/wp-json\/wp\/v2\/users\/3"}],"replies":[{"embeddable":true,"href":"https:\/\/now-news.de\/de\/wp-json\/wp\/v2\/comments?post=42155"}],"version-history":[{"count":0,"href":"https:\/\/now-news.de\/de\/wp-json\/wp\/v2\/posts\/42155\/revisions"}],"wp:featuredmedia":[{"embeddable":true,"href":"https:\/\/now-news.de\/de\/wp-json\/wp\/v2\/media\/42156"}],"wp:attachment":[{"href":"https:\/\/now-news.de\/de\/wp-json\/wp\/v2\/media?parent=42155"}],"wp:term":[{"taxonomy":"category","embeddable":true,"href":"https:\/\/now-news.de\/de\/wp-json\/wp\/v2\/categories?post=42155"},{"taxonomy":"post_tag","embeddable":true,"href":"https:\/\/now-news.de\/de\/wp-json\/wp\/v2\/tags?post=42155"}],"curies":[{"name":"wp","href":"https:\/\/api.w.org\/{rel}","templated":true}]}}