{"id":42128,"date":"2023-08-17T13:05:31","date_gmt":"2023-08-17T11:05:31","guid":{"rendered":"https:\/\/just-now.news\/de\/deutschland\/streit-um-patente-und-milliardenmarkt-biontech-curevac-und-moderna-vor-gericht\/"},"modified":"2023-08-17T13:05:31","modified_gmt":"2023-08-17T11:05:31","slug":"streit-um-patente-und-milliardenmarkt-biontech-curevac-und-moderna-vor-gericht","status":"publish","type":"post","link":"https:\/\/now-news.de\/de\/deutschland\/streit-um-patente-und-milliardenmarkt-biontech-curevac-und-moderna-vor-gericht\/","title":{"rendered":"Streit um Patente und Milliardenmarkt: Biontech, Curevac und Moderna vor Gericht"},"content":{"rendered":"<p><img decoding=\"async\" src=\"http:\/\/just-now.news\/de\/wp-content\/uploads\/sites\/3\/2023\/08\/64dca64c48fbef286d61cd68.JPG\" \/><\/p>\n<div class=\"Text-root Text-type_1 \">\n                Bei der mRNA-Technologie handelt es sich dem Handelsblatt zufolge um einen Milliardenmarkt mit riesigem Wachstumspotenzial. Nachdem sich bei den mRNA-Impfungen gegen Corona gezeigt habe, dass die neue Technologie wirke, wolle man sie jetzt auch gegen Grippe, Krebs und andere Krankheiten einsetzen. Derweil streiten sich die Konzerne um die Patente.\n            <\/div>\n<p><\/p>\n<div class=\"Text-root Text-type_5 ArticleView-text ViewText-root \">\n<p>Das T\u00fcbinger Unternehmen Curevac hat den Mainzer Impfstoffhersteller Biontech wegen Verletzung des Patentrechts verklagt. Im September soll das D\u00fcsseldorfer Landgericht dar\u00fcber urteilen, so ein <a rel=\"nofollow noopener\" target=\"_blank\" href=\"https:\/\/www.handelsblatt.com\/unternehmen\/industrie\/biontech-und-curevac-zwei-firmen-streiten-vor-gericht-um-milliarden-markt\/29333276.html\">Bericht<\/a> des <em>Handelsblatts<\/em> vom Dienstag.<\/p>\n<p>Demnach gelte Curevac als Pionier der mRNA-Technologie und habe entsprechende Patente darauf. Curevac\u00a0wirft\u00a0Biontech vor, bei seiner Impfstoffherstellung diverse Schutzpatente verletzt zu haben. Der Curevac-Gesch\u00e4ftsf\u00fchrer Alexander Zehnder erkl\u00e4rte, Curevac fordere &#8220;eine faire Entsch\u00e4digung nach US-amerikanischem und deutschem Recht und einen Anteil an den rund 80 Milliarden US-Dollar Umsatz, die Comirnaty bisher weltweit erwirtschaftet hat, sowie einen Anteil an den zuk\u00fcnftigen Ums\u00e4tzen&#8221;.<\/p>\n<p>Laut Biontech handele es sich um\u00a0die eigene Arbeit. Die Mainzer Firma habe deshalb schon im September vergangenen Jahres vor dem Bundespatentgericht eine sogenannte Nichtigkeitsklage eingereicht. W\u00e4hrend also vor dem D\u00fcsseldorfer Landgericht noch entschieden wird, ob Biontech die Patentrechte von Curevac verletzt hat, wird vor dem Bundespatentgericht festgestellt, ob das Patent \u00fcberhaupt h\u00e4tte erteilt werden d\u00fcrfen bzw. ob es vor Gericht als g\u00fcltig anerkannt wird.<\/p>\n<p>Es gehe in dem Prozess um weit mehr als nur um die Corona-Impfstoffe, hie\u00df es im <em>Handelsblatt<\/em>: Es gehe um die Lizenzzahlungen der gesamten mRNA-Nutzung. Sollte die mRNA-Nutzung die Erwartungen auch f\u00fcr weitere Krankheiten erf\u00fcllen, k\u00f6nnten zuk\u00fcnftige Lizenzzahlungen an die Vorreiter und Patenthalter gro\u00dfe Profite versprechen. Die Corona-Impfstoffe h\u00e4tten den Herstellern Milliarden in die Kassen gesp\u00fclt. Zum weiteren Gewinnpotenzial habe sich der Fondsmanager von Union Investment, Markus Manns, ge\u00e4u\u00dfert:<\/p>\n<blockquote>\n<p><em>&#8220;Das Potenzial der mRNA-Technologie ist riesengro\u00df [&#8230;] Wenn das alles funktioniert, dann sprechen wir von einem 50- bis 100-Milliarden-Markt pro Jahr.&#8221;<\/em><\/p>\n<\/blockquote>\n<p>Schlie\u00dflich sei die mRNA-Technologie erst noch ganz am Anfang: Durch die Entwicklung der Corona-Impfstoffe h\u00e4tten die Pharmaunternehmen nun jedoch gezeigt, dass die mRNA-Produkte wirken. Prinzipiell k\u00f6nne man sie auch f\u00fcr die Behandlung von Atemwegserkrankungen, Krebs und Autoimmunerkrankungen verwenden. F\u00fcr den Einsatz von mRNA-Mitteln gegen Krebs und Grippe wollten Unternehmen noch in diesem Jahr Studien vorlegen. Wissenschaftler und Investoren seien zuversichtlich, &#8220;dass die mRNA-Technologie die Welt der Impfstoffe revolutionieren k\u00f6nnte&#8221;, so die Wirtschaftszeitung.<\/p>\n<p>Im April habe das Bundespatentgericht eine vorl\u00e4ufige Mitteilung erlassen, wonach das Curevac-Patent anerkannt werde. Endg\u00fcltig sei dies damit noch nicht entschieden. Falls das Bundespatentgericht am Ende das betroffene Patent f\u00fcr nichtig erkl\u00e4rt, er\u00fcbrige sich die Entscheidung des Landgerichts \u00fcber die Patentverletzung.<\/p>\n<p>Derweil werde Biontech auch von Moderna und drei weiteren US-Firmen wegen Patentverletzungen verklagt. Im aktuellen Gesch\u00e4ftsbericht bezeichnete Biontech den Ausgang des Verfahrens als ungewiss. Ob und inwieweit Pfizer in die Streitigkeiten verwickelt ist, wurde im <em>Handelsblatt<\/em> nicht beschrieben.<\/p>\n<p><strong>Mehr zum Thema<\/strong> &#8211; <a rel=\"nofollow noopener\" target=\"_blank\" href=\"https:\/\/freedert.online\/inland\/175542-werner-bergholz-laut-vertrag-keine-zulassung-fuer-biontech-pfizer-impfstoff\/\">Werner Bergholz: Laut Vertrag d\u00fcrfte es keine Zulassung f\u00fcr BioNTech\/Pfizer-Impfstoff geben<\/a><\/p>\n<\/div>\n<p><br \/>\n<br \/><a href=\"https:\/\/de.rt.com\/inland\/178008-streit-um-patente-und-milliardenmarkt\/\">Source link <\/a><\/p>\n","protected":false},"excerpt":{"rendered":"<p>Bei der mRNA-Technologie handelt es sich dem Handelsblatt zufolge um einen Milliardenmarkt mit riesigem Wachstumspotenzial. Nachdem sich bei den mRNA-Impfungen gegen Corona gezeigt habe, dass die neue Technologie wirke, wolle man sie jetzt auch gegen Grippe, Krebs und andere Krankheiten einsetzen. Derweil streiten sich die Konzerne um die Patente. Das T\u00fcbinger Unternehmen Curevac hat den [&hellip;]<\/p>\n","protected":false},"author":3,"featured_media":42129,"comment_status":"open","ping_status":"open","sticky":false,"template":"","format":"standard","meta":{"_yoast_indexnow_last_ping":["1692271168"],"wp_automatic_camp":["217"],"757624742af0fe9ce61a5411d2c93fde":["Streit um Patente und Milliardenmarkt: Biontech, Curevac und Moderna vor Gericht"],"original_link":["https:\/\/de.rt.com\/inland\/178008-streit-um-patente-und-milliardenmarkt\/"],"_thumbnail_id":["42129"],"_wptgpro_p2tg_sent2tg":["a:1:{i:23737;s:19:\"2023-08-17 13:20:41\";}"],"jnews_social_counter_last_update":["1777280014"]},"categories":[19,23],"tags":[10894,26904,3348,47845,14557,28254,8148,140,320],"yoast_head":"<!-- This site is optimized with the Yoast SEO Premium plugin v22.7 (Yoast SEO v22.7) - https:\/\/yoast.com\/wordpress\/plugins\/seo\/ -->\n<title>Streit um Patente und Milliardenmarkt: Biontech, Curevac und Moderna vor Gericht - just-now.NEWS Deutschland<\/title>\n<meta name=\"robots\" content=\"index, follow, max-snippet:-1, max-image-preview:large, max-video-preview:-1\" \/>\n<link rel=\"canonical\" href=\"https:\/\/now-news.de\/de\/deutschland\/streit-um-patente-und-milliardenmarkt-biontech-curevac-und-moderna-vor-gericht\/\" \/>\n<meta property=\"og:locale\" content=\"de_DE\" \/>\n<meta property=\"og:type\" content=\"article\" \/>\n<meta property=\"og:title\" content=\"Streit um Patente und Milliardenmarkt: Biontech, Curevac und Moderna vor Gericht\" \/>\n<meta property=\"og:description\" content=\"Bei der mRNA-Technologie handelt es sich dem Handelsblatt zufolge um einen Milliardenmarkt mit riesigem Wachstumspotenzial. Nachdem sich bei den mRNA-Impfungen gegen Corona gezeigt habe, dass die neue Technologie wirke, wolle man sie jetzt auch gegen Grippe, Krebs und andere Krankheiten einsetzen. Derweil streiten sich die Konzerne um die Patente. Das T\u00fcbinger Unternehmen Curevac hat den [&hellip;]\" \/>\n<meta property=\"og:url\" content=\"https:\/\/now-news.de\/de\/deutschland\/streit-um-patente-und-milliardenmarkt-biontech-curevac-und-moderna-vor-gericht\/\" \/>\n<meta property=\"og:site_name\" content=\"just-now.NEWS Deutschland\" \/>\n<meta property=\"article:publisher\" content=\"https:\/\/www.facebook.com\/wirmachenauf\" \/>\n<meta property=\"article:published_time\" content=\"2023-08-17T11:05:31+00:00\" \/>\n<meta property=\"og:image\" content=\"https:\/\/now-news.de\/de\/wp-content\/uploads\/sites\/3\/2023\/08\/Streit-um-Patente-und-Milliardenmarkt-Biontech-Curevac-und-Moderna-vor.JPG\" \/>\n\t<meta property=\"og:image:width\" content=\"460\" \/>\n\t<meta property=\"og:image:height\" content=\"259\" \/>\n\t<meta property=\"og:image:type\" content=\"image\/jpeg\" \/>\n<meta name=\"author\" content=\"rtnews\" \/>\n<meta name=\"twitter:card\" content=\"summary_large_image\" \/>\n<meta name=\"twitter:creator\" content=\"@WirMachenAuf_de\" \/>\n<meta name=\"twitter:site\" content=\"@WirMachenAuf_de\" \/>\n<meta name=\"twitter:label1\" content=\"Verfasst von\" \/>\n\t<meta name=\"twitter:data1\" content=\"rtnews\" \/>\n\t<meta name=\"twitter:label2\" content=\"Gesch\u00e4tzte Lesezeit\" \/>\n\t<meta name=\"twitter:data2\" content=\"3\u00a0Minuten\" \/>\n<script type=\"application\/ld+json\" class=\"yoast-schema-graph\">{\"@context\":\"https:\/\/schema.org\",\"@graph\":[{\"@type\":\"Article\",\"@id\":\"https:\/\/now-news.de\/de\/deutschland\/streit-um-patente-und-milliardenmarkt-biontech-curevac-und-moderna-vor-gericht\/#article\",\"isPartOf\":{\"@id\":\"https:\/\/now-news.de\/de\/deutschland\/streit-um-patente-und-milliardenmarkt-biontech-curevac-und-moderna-vor-gericht\/\"},\"author\":{\"name\":\"rtnews\",\"@id\":\"https:\/\/now-news.de\/de\/#\/schema\/person\/fb534a4e865501d8b3285208df34a9b5\"},\"headline\":\"Streit um Patente und Milliardenmarkt: Biontech, Curevac und Moderna vor Gericht\",\"datePublished\":\"2023-08-17T11:05:31+00:00\",\"dateModified\":\"2023-08-17T11:05:31+00:00\",\"mainEntityOfPage\":{\"@id\":\"https:\/\/now-news.de\/de\/deutschland\/streit-um-patente-und-milliardenmarkt-biontech-curevac-und-moderna-vor-gericht\/\"},\"wordCount\":511,\"commentCount\":0,\"publisher\":{\"@id\":\"https:\/\/now-news.de\/de\/#organization\"},\"image\":{\"@id\":\"https:\/\/now-news.de\/de\/deutschland\/streit-um-patente-und-milliardenmarkt-biontech-curevac-und-moderna-vor-gericht\/#primaryimage\"},\"thumbnailUrl\":\"https:\/\/now-news.de\/de\/wp-content\/uploads\/sites\/3\/2023\/08\/Streit-um-Patente-und-Milliardenmarkt-Biontech-Curevac-und-Moderna-vor.JPG\",\"keywords\":[\"Biontech\",\"Curevac\",\"Gericht\",\"Milliardenmarkt\",\"Moderna\",\"Patente\",\"Streit\",\"und\",\"vor\"],\"articleSection\":[\"Deutschland\",\"Russland\"],\"inLanguage\":\"de\",\"potentialAction\":[{\"@type\":\"CommentAction\",\"name\":\"Comment\",\"target\":[\"https:\/\/now-news.de\/de\/deutschland\/streit-um-patente-und-milliardenmarkt-biontech-curevac-und-moderna-vor-gericht\/#respond\"]}]},{\"@type\":\"WebPage\",\"@id\":\"https:\/\/now-news.de\/de\/deutschland\/streit-um-patente-und-milliardenmarkt-biontech-curevac-und-moderna-vor-gericht\/\",\"url\":\"https:\/\/now-news.de\/de\/deutschland\/streit-um-patente-und-milliardenmarkt-biontech-curevac-und-moderna-vor-gericht\/\",\"name\":\"Streit um Patente und Milliardenmarkt: Biontech, Curevac und Moderna vor Gericht - just-now.NEWS Deutschland\",\"isPartOf\":{\"@id\":\"https:\/\/now-news.de\/de\/#website\"},\"primaryImageOfPage\":{\"@id\":\"https:\/\/now-news.de\/de\/deutschland\/streit-um-patente-und-milliardenmarkt-biontech-curevac-und-moderna-vor-gericht\/#primaryimage\"},\"image\":{\"@id\":\"https:\/\/now-news.de\/de\/deutschland\/streit-um-patente-und-milliardenmarkt-biontech-curevac-und-moderna-vor-gericht\/#primaryimage\"},\"thumbnailUrl\":\"https:\/\/now-news.de\/de\/wp-content\/uploads\/sites\/3\/2023\/08\/Streit-um-Patente-und-Milliardenmarkt-Biontech-Curevac-und-Moderna-vor.JPG\",\"datePublished\":\"2023-08-17T11:05:31+00:00\",\"dateModified\":\"2023-08-17T11:05:31+00:00\",\"breadcrumb\":{\"@id\":\"https:\/\/now-news.de\/de\/deutschland\/streit-um-patente-und-milliardenmarkt-biontech-curevac-und-moderna-vor-gericht\/#breadcrumb\"},\"inLanguage\":\"de\",\"potentialAction\":[{\"@type\":\"ReadAction\",\"target\":[\"https:\/\/now-news.de\/de\/deutschland\/streit-um-patente-und-milliardenmarkt-biontech-curevac-und-moderna-vor-gericht\/\"]}]},{\"@type\":\"ImageObject\",\"inLanguage\":\"de\",\"@id\":\"https:\/\/now-news.de\/de\/deutschland\/streit-um-patente-und-milliardenmarkt-biontech-curevac-und-moderna-vor-gericht\/#primaryimage\",\"url\":\"https:\/\/now-news.de\/de\/wp-content\/uploads\/sites\/3\/2023\/08\/Streit-um-Patente-und-Milliardenmarkt-Biontech-Curevac-und-Moderna-vor.JPG\",\"contentUrl\":\"https:\/\/now-news.de\/de\/wp-content\/uploads\/sites\/3\/2023\/08\/Streit-um-Patente-und-Milliardenmarkt-Biontech-Curevac-und-Moderna-vor.JPG\",\"width\":460,\"height\":259,\"caption\":\"Streit um Patente und Milliardenmarkt: Biontech, Curevac und Moderna vor Gericht\"},{\"@type\":\"BreadcrumbList\",\"@id\":\"https:\/\/now-news.de\/de\/deutschland\/streit-um-patente-und-milliardenmarkt-biontech-curevac-und-moderna-vor-gericht\/#breadcrumb\",\"itemListElement\":[{\"@type\":\"ListItem\",\"position\":1,\"name\":\"Home\",\"item\":\"https:\/\/now-news.de\/de\/\"},{\"@type\":\"ListItem\",\"position\":2,\"name\":\"Streit um Patente und Milliardenmarkt: Biontech, Curevac und Moderna vor Gericht\"}]},{\"@type\":\"WebSite\",\"@id\":\"https:\/\/now-news.de\/de\/#website\",\"url\":\"https:\/\/now-news.de\/de\/\",\"name\":\"just-now.NEWS Deutschland\",\"description\":\"Das Portal f\u00fcr unzensierte Nachrichten aus der Welt\",\"publisher\":{\"@id\":\"https:\/\/now-news.de\/de\/#organization\"},\"potentialAction\":[{\"@type\":\"SearchAction\",\"target\":{\"@type\":\"EntryPoint\",\"urlTemplate\":\"https:\/\/now-news.de\/de\/?s={search_term_string}\"},\"query-input\":\"required name=search_term_string\"}],\"inLanguage\":\"de\"},{\"@type\":\"Organization\",\"@id\":\"https:\/\/now-news.de\/de\/#organization\",\"name\":\"Just Now News\",\"url\":\"https:\/\/now-news.de\/de\/\",\"logo\":{\"@type\":\"ImageObject\",\"inLanguage\":\"de\",\"@id\":\"https:\/\/now-news.de\/de\/#\/schema\/logo\/image\/\",\"url\":\"http:\/\/just-now.news\/de\/wp-content\/uploads\/sites\/3\/2022\/04\/logo500x500.jpg\",\"contentUrl\":\"http:\/\/just-now.news\/de\/wp-content\/uploads\/sites\/3\/2022\/04\/logo500x500.jpg\",\"width\":500,\"height\":500,\"caption\":\"Just Now News\"},\"image\":{\"@id\":\"https:\/\/now-news.de\/de\/#\/schema\/logo\/image\/\"},\"sameAs\":[\"https:\/\/www.facebook.com\/wirmachenauf\",\"https:\/\/x.com\/WirMachenAuf_de\"]},{\"@type\":\"Person\",\"@id\":\"https:\/\/now-news.de\/de\/#\/schema\/person\/fb534a4e865501d8b3285208df34a9b5\",\"name\":\"rtnews\",\"image\":{\"@type\":\"ImageObject\",\"inLanguage\":\"de\",\"@id\":\"https:\/\/now-news.de\/de\/#\/schema\/person\/image\/\",\"url\":\"https:\/\/secure.gravatar.com\/avatar\/82aafea7d8127119dd649515f56e2117?s=96&d=mm&r=g\",\"contentUrl\":\"https:\/\/secure.gravatar.com\/avatar\/82aafea7d8127119dd649515f56e2117?s=96&d=mm&r=g\",\"caption\":\"rtnews\"},\"url\":\"https:\/\/now-news.de\/de\/author\/rnews\/\"}]}<\/script>\n<!-- \/ Yoast SEO Premium plugin. -->","yoast_head_json":{"title":"Streit um Patente und Milliardenmarkt: Biontech, Curevac und Moderna vor Gericht - just-now.NEWS Deutschland","robots":{"index":"index","follow":"follow","max-snippet":"max-snippet:-1","max-image-preview":"max-image-preview:large","max-video-preview":"max-video-preview:-1"},"canonical":"https:\/\/now-news.de\/de\/deutschland\/streit-um-patente-und-milliardenmarkt-biontech-curevac-und-moderna-vor-gericht\/","og_locale":"de_DE","og_type":"article","og_title":"Streit um Patente und Milliardenmarkt: Biontech, Curevac und Moderna vor Gericht","og_description":"Bei der mRNA-Technologie handelt es sich dem Handelsblatt zufolge um einen Milliardenmarkt mit riesigem Wachstumspotenzial. Nachdem sich bei den mRNA-Impfungen gegen Corona gezeigt habe, dass die neue Technologie wirke, wolle man sie jetzt auch gegen Grippe, Krebs und andere Krankheiten einsetzen. Derweil streiten sich die Konzerne um die Patente. Das T\u00fcbinger Unternehmen Curevac hat den [&hellip;]","og_url":"https:\/\/now-news.de\/de\/deutschland\/streit-um-patente-und-milliardenmarkt-biontech-curevac-und-moderna-vor-gericht\/","og_site_name":"just-now.NEWS Deutschland","article_publisher":"https:\/\/www.facebook.com\/wirmachenauf","article_published_time":"2023-08-17T11:05:31+00:00","og_image":[{"width":460,"height":259,"url":"https:\/\/now-news.de\/de\/wp-content\/uploads\/sites\/3\/2023\/08\/Streit-um-Patente-und-Milliardenmarkt-Biontech-Curevac-und-Moderna-vor.JPG","type":"image\/jpeg"}],"author":"rtnews","twitter_card":"summary_large_image","twitter_creator":"@WirMachenAuf_de","twitter_site":"@WirMachenAuf_de","twitter_misc":{"Verfasst von":"rtnews","Gesch\u00e4tzte Lesezeit":"3\u00a0Minuten"},"schema":{"@context":"https:\/\/schema.org","@graph":[{"@type":"Article","@id":"https:\/\/now-news.de\/de\/deutschland\/streit-um-patente-und-milliardenmarkt-biontech-curevac-und-moderna-vor-gericht\/#article","isPartOf":{"@id":"https:\/\/now-news.de\/de\/deutschland\/streit-um-patente-und-milliardenmarkt-biontech-curevac-und-moderna-vor-gericht\/"},"author":{"name":"rtnews","@id":"https:\/\/now-news.de\/de\/#\/schema\/person\/fb534a4e865501d8b3285208df34a9b5"},"headline":"Streit um Patente und Milliardenmarkt: Biontech, Curevac und Moderna vor Gericht","datePublished":"2023-08-17T11:05:31+00:00","dateModified":"2023-08-17T11:05:31+00:00","mainEntityOfPage":{"@id":"https:\/\/now-news.de\/de\/deutschland\/streit-um-patente-und-milliardenmarkt-biontech-curevac-und-moderna-vor-gericht\/"},"wordCount":511,"commentCount":0,"publisher":{"@id":"https:\/\/now-news.de\/de\/#organization"},"image":{"@id":"https:\/\/now-news.de\/de\/deutschland\/streit-um-patente-und-milliardenmarkt-biontech-curevac-und-moderna-vor-gericht\/#primaryimage"},"thumbnailUrl":"https:\/\/now-news.de\/de\/wp-content\/uploads\/sites\/3\/2023\/08\/Streit-um-Patente-und-Milliardenmarkt-Biontech-Curevac-und-Moderna-vor.JPG","keywords":["Biontech","Curevac","Gericht","Milliardenmarkt","Moderna","Patente","Streit","und","vor"],"articleSection":["Deutschland","Russland"],"inLanguage":"de","potentialAction":[{"@type":"CommentAction","name":"Comment","target":["https:\/\/now-news.de\/de\/deutschland\/streit-um-patente-und-milliardenmarkt-biontech-curevac-und-moderna-vor-gericht\/#respond"]}]},{"@type":"WebPage","@id":"https:\/\/now-news.de\/de\/deutschland\/streit-um-patente-und-milliardenmarkt-biontech-curevac-und-moderna-vor-gericht\/","url":"https:\/\/now-news.de\/de\/deutschland\/streit-um-patente-und-milliardenmarkt-biontech-curevac-und-moderna-vor-gericht\/","name":"Streit um Patente und Milliardenmarkt: Biontech, Curevac und Moderna vor Gericht - just-now.NEWS Deutschland","isPartOf":{"@id":"https:\/\/now-news.de\/de\/#website"},"primaryImageOfPage":{"@id":"https:\/\/now-news.de\/de\/deutschland\/streit-um-patente-und-milliardenmarkt-biontech-curevac-und-moderna-vor-gericht\/#primaryimage"},"image":{"@id":"https:\/\/now-news.de\/de\/deutschland\/streit-um-patente-und-milliardenmarkt-biontech-curevac-und-moderna-vor-gericht\/#primaryimage"},"thumbnailUrl":"https:\/\/now-news.de\/de\/wp-content\/uploads\/sites\/3\/2023\/08\/Streit-um-Patente-und-Milliardenmarkt-Biontech-Curevac-und-Moderna-vor.JPG","datePublished":"2023-08-17T11:05:31+00:00","dateModified":"2023-08-17T11:05:31+00:00","breadcrumb":{"@id":"https:\/\/now-news.de\/de\/deutschland\/streit-um-patente-und-milliardenmarkt-biontech-curevac-und-moderna-vor-gericht\/#breadcrumb"},"inLanguage":"de","potentialAction":[{"@type":"ReadAction","target":["https:\/\/now-news.de\/de\/deutschland\/streit-um-patente-und-milliardenmarkt-biontech-curevac-und-moderna-vor-gericht\/"]}]},{"@type":"ImageObject","inLanguage":"de","@id":"https:\/\/now-news.de\/de\/deutschland\/streit-um-patente-und-milliardenmarkt-biontech-curevac-und-moderna-vor-gericht\/#primaryimage","url":"https:\/\/now-news.de\/de\/wp-content\/uploads\/sites\/3\/2023\/08\/Streit-um-Patente-und-Milliardenmarkt-Biontech-Curevac-und-Moderna-vor.JPG","contentUrl":"https:\/\/now-news.de\/de\/wp-content\/uploads\/sites\/3\/2023\/08\/Streit-um-Patente-und-Milliardenmarkt-Biontech-Curevac-und-Moderna-vor.JPG","width":460,"height":259,"caption":"Streit um Patente und Milliardenmarkt: Biontech, Curevac und Moderna vor Gericht"},{"@type":"BreadcrumbList","@id":"https:\/\/now-news.de\/de\/deutschland\/streit-um-patente-und-milliardenmarkt-biontech-curevac-und-moderna-vor-gericht\/#breadcrumb","itemListElement":[{"@type":"ListItem","position":1,"name":"Home","item":"https:\/\/now-news.de\/de\/"},{"@type":"ListItem","position":2,"name":"Streit um Patente und Milliardenmarkt: Biontech, Curevac und Moderna vor Gericht"}]},{"@type":"WebSite","@id":"https:\/\/now-news.de\/de\/#website","url":"https:\/\/now-news.de\/de\/","name":"just-now.NEWS Deutschland","description":"Das Portal f\u00fcr unzensierte Nachrichten aus der Welt","publisher":{"@id":"https:\/\/now-news.de\/de\/#organization"},"potentialAction":[{"@type":"SearchAction","target":{"@type":"EntryPoint","urlTemplate":"https:\/\/now-news.de\/de\/?s={search_term_string}"},"query-input":"required name=search_term_string"}],"inLanguage":"de"},{"@type":"Organization","@id":"https:\/\/now-news.de\/de\/#organization","name":"Just Now News","url":"https:\/\/now-news.de\/de\/","logo":{"@type":"ImageObject","inLanguage":"de","@id":"https:\/\/now-news.de\/de\/#\/schema\/logo\/image\/","url":"http:\/\/just-now.news\/de\/wp-content\/uploads\/sites\/3\/2022\/04\/logo500x500.jpg","contentUrl":"http:\/\/just-now.news\/de\/wp-content\/uploads\/sites\/3\/2022\/04\/logo500x500.jpg","width":500,"height":500,"caption":"Just Now News"},"image":{"@id":"https:\/\/now-news.de\/de\/#\/schema\/logo\/image\/"},"sameAs":["https:\/\/www.facebook.com\/wirmachenauf","https:\/\/x.com\/WirMachenAuf_de"]},{"@type":"Person","@id":"https:\/\/now-news.de\/de\/#\/schema\/person\/fb534a4e865501d8b3285208df34a9b5","name":"rtnews","image":{"@type":"ImageObject","inLanguage":"de","@id":"https:\/\/now-news.de\/de\/#\/schema\/person\/image\/","url":"https:\/\/secure.gravatar.com\/avatar\/82aafea7d8127119dd649515f56e2117?s=96&d=mm&r=g","contentUrl":"https:\/\/secure.gravatar.com\/avatar\/82aafea7d8127119dd649515f56e2117?s=96&d=mm&r=g","caption":"rtnews"},"url":"https:\/\/now-news.de\/de\/author\/rnews\/"}]}},"_links":{"self":[{"href":"https:\/\/now-news.de\/de\/wp-json\/wp\/v2\/posts\/42128"}],"collection":[{"href":"https:\/\/now-news.de\/de\/wp-json\/wp\/v2\/posts"}],"about":[{"href":"https:\/\/now-news.de\/de\/wp-json\/wp\/v2\/types\/post"}],"author":[{"embeddable":true,"href":"https:\/\/now-news.de\/de\/wp-json\/wp\/v2\/users\/3"}],"replies":[{"embeddable":true,"href":"https:\/\/now-news.de\/de\/wp-json\/wp\/v2\/comments?post=42128"}],"version-history":[{"count":0,"href":"https:\/\/now-news.de\/de\/wp-json\/wp\/v2\/posts\/42128\/revisions"}],"wp:featuredmedia":[{"embeddable":true,"href":"https:\/\/now-news.de\/de\/wp-json\/wp\/v2\/media\/42129"}],"wp:attachment":[{"href":"https:\/\/now-news.de\/de\/wp-json\/wp\/v2\/media?parent=42128"}],"wp:term":[{"taxonomy":"category","embeddable":true,"href":"https:\/\/now-news.de\/de\/wp-json\/wp\/v2\/categories?post=42128"},{"taxonomy":"post_tag","embeddable":true,"href":"https:\/\/now-news.de\/de\/wp-json\/wp\/v2\/tags?post=42128"}],"curies":[{"name":"wp","href":"https:\/\/api.w.org\/{rel}","templated":true}]}}