{"id":42100,"date":"2023-08-17T07:45:22","date_gmt":"2023-08-17T05:45:22","guid":{"rendered":"https:\/\/just-now.news\/de\/deutschland\/justiz-und-kunst-ein-rachefeldzug-von-berlin-bis-bremen\/"},"modified":"2023-08-17T07:45:22","modified_gmt":"2023-08-17T05:45:22","slug":"justiz-und-kunst-ein-rachefeldzug-von-berlin-bis-bremen","status":"publish","type":"post","link":"https:\/\/now-news.de\/de\/deutschland\/justiz-und-kunst-ein-rachefeldzug-von-berlin-bis-bremen\/","title":{"rendered":"Justiz und Kunst \u2013 Ein Rachefeldzug von Berlin bis Bremen"},"content":{"rendered":"<p><img decoding=\"async\" src=\"http:\/\/just-now.news\/de\/wp-content\/uploads\/sites\/3\/2023\/08\/64dced0048fbef27ff13742b.jpg\" \/><\/p>\n<div class=\"Text-root Text-type_1 \">\n                Unnachgiebig verfolgt der Ma\u00dfnahmenstaat \u2013 nicht nur in Sachen Corona \u2013 seine Kritiker. K\u00fcrzlich wurde der 84-j\u00e4hrige Professor und K\u00fcnstler Rudolph Bauer Opfer einer Hausdurchsuchung durch den bremischen &#8220;Staatsschutz&#8221;. Angesto\u00dfen wurde die Verfolgung Bauers durch ein staatlich finanziertes Denunziationsportal.\n            <\/div>\n<p><\/p>\n<div class=\"Text-root Text-type_5 ArticleView-text ViewText-root \">\n<p><em>Von Uli Gellermann<\/em><\/p>\n<p>Das Corona-Regime hat in der Kunst einen ernsten Gegner entdeckt. Viele Kunstschaffende wurden in den letzten drei Jahren diskriminiert und verfolgt. Einer der ersten K\u00fcnstler war der Schauspieler Jean-Theo mit seiner Kunstfigur des Paters Theo, des Gr\u00fcnders der Ekklesia Corona. Lange verfolgte ihn die Berliner Justiz zum Zwecke der Reinigung seiner Kunst von Politik und Satire. Dieselbe kunstverst\u00e4ndige Berliner Justiz verpasste der S\u00e4ngerin und \u00c4rztin Perin Dinekli einen Strafbefehl: Sie hatte gemeinsam mit anderen Lieder f\u00fcr die Freiheit der Gedanken und der Kunst gesungen. Jetzt ist der Bremer Professor Rudolph Bauer wieder dran.<\/p>\n<p><strong>Hausdurchsuchung bei Professor Bauer<\/strong><\/p>\n<p>In den fr\u00fchen Morgenstunden des 10. August 2023 wurde der Bremer K\u00fcnstler und Politikwissenschaftler Opfer einer Hausdurchsuchung. Die Durchsuchungsbediensteten waren teils bewaffnet und mit Schutzwesten ausgestattet. Gegen Professor Dr. Bauer wurde auf Beschluss des Amtsgerichts Bremen ein Ermittlungsverfahren des Kommissariats Staatsschutz bei der Direktion Kriminalpolizei des Landeskriminalamts Bremen eingeleitet.<\/p>\n<p><strong>IMPFSTOFF MACHT FREI<\/strong><\/p>\n<p>Denunziert wurde der Professor von der &#8220;Meldestelle REspect!&#8221; (finanziert von den L\u00e4ndern Bayern und Baden-W\u00fcrttemberg) unter anderem wegen\u00a0seiner Illustration zum Thema &#8220;COVID 19 IMPFSTOFF MACHT FREI&#8221;. Dass diese Zeile manchen Betrachter an die gleichlautenden Inschriften \u00fcber Eing\u00e4ngen von Konzentrationslagern erinnerte, lag in den Augen der denunzierenden Betrachter und der die Denunziation verwaltenden Beh\u00f6rde. Offenkundig wurden durch die Bauer-Worte gewisse \u00c4hnlichkeiten in den konzentrierten Lockdowns, der Corona-Gleichschaltung der Medien und dem rigorosen Verhalten von Polizei und Justiz mit der Nazizeit erkannt und deshalb dem K\u00fcnstler eine Gleichsetzung unterstellt.<\/p>\n<p><strong>Staatsschutz: Zweimal S<\/strong><\/p>\n<p>Was w\u00e4re wohl, wenn Betrachter im Namen des bremischen &#8220;Staatsschutzes&#8221;, der ein doppeltes S im Namen f\u00fchrt, ein SS lesen w\u00fcrden? Durch das rigide Verhalten der Beamten, die bei ihrer Hausdurchsuchung das Handy des Professors beschlagnahmten, die Nebenr\u00e4ume, Schr\u00e4nke und Schubladen durchw\u00fchlten, als suchte man Waffen dort, wo es um B\u00fccher und Kunst ging, dr\u00e4ngen sich Vergleiche aller Art auf. Sie auszusprechen, k\u00f6nnte als Bettelei um einen weiteren Strafbefehl ausgelegt werden. Deshalb sei hier unmissverst\u00e4ndlich festgehalten: \u00c4hnlichkeiten liegen im Auge des Betrachters\u00a0\u2012 er allein ist f\u00fcr Vergleiche verantwortlich.<\/p>\n<p><strong>Lumpenstaat durch Denunziation<\/strong><\/p>\n<p>Deshalb muss nach den F\u00e4llen Jost, Denikli und Bauer mit gro\u00dfer Sorge um den Bestand der demokratischen Grundordnung festgestellt werden, dass 1. wenn sich diverse Vergleiche durch die herrschende Wirklichkeit geradezu aufdr\u00e4ngen, die Wirklichkeit be\u00e4ngstigend real ist; oder 2. Justiz und Polizei von Menschen durchsetzt sind, die der aktuellen deutschen Republik jede nur denkbare Deformierung zutrauen; und 3. die Denunziationsstellen \u2013 die wie im Fall der &#8220;Meldestelle REspect!&#8221; vom Staat bezahlt werden \u2013 denselben Staat als Lumpenstaat (siehe Hoffmann von Fallersleben*) brandmarken.<\/p>\n<p><strong>Corona-Tribunal installieren<\/strong><\/p>\n<p>Der Staat h\u00e4tte noch eine M\u00f6glichkeit, uns alle von den Sorgen um seinen Bestand zu befreien: Er k\u00f6nnte mithilfe der Demokratiebewegung, die gern Ankl\u00e4ger und Zeugen zur Verf\u00fcgung stellen w\u00fcrde, ein gro\u00dfes Corona-Tribunal installieren. Ein \u00f6ffentliches, vom Staatsfernsehen \u00fcbertragenes Volksgericht k\u00f6nnte die Spaltung des Landes mildern, w\u00e4re gut f\u00fcr eine offene Atmosph\u00e4re im Land und w\u00fcrde die Medien von der Last der Dauerl\u00fcge befreien.<\/p>\n<p><strong>Kunst als zeugende Anklage<\/strong><\/p>\n<p>Tats\u00e4chlich wird dieser Staat in seiner jetzigen Verfassung nicht zur Selbstreinigung f\u00e4hig sein. Ein s\u00e4uberndes Tribunal wird also von der Demokratie-Bewegung selbst installiert werden m\u00fcssen. Bis zu diesem Tag wird die Kunst weiterhin die Rolle der zeugenden Anklage \u00fcbernehmen m\u00fcssen. Eine Rolle, die sie in den genannten F\u00e4llen mit Bravour \u00fcbernommen hat.<\/p>\n<p><em>*&#8221;Der gr\u00f6\u00dfte Lump im ganzen Land ist und bleibt der Denunziant&#8221;, Hoffmann von Fallersleben, Sch\u00f6pfer des Deutschlandliedes.<\/em><\/p>\n<p><em>Der Artikel wird mit freundlicher Genehmigung des Autors abgedruckt. Er wurde zuerst am 14. August 2023 auf der Online-Plattform\u00a0<a rel=\"nofollow noopener\" target=\"_blank\" href=\"https:\/\/www.rationalgalerie.de\/home\/justiz-und-kunst\">www.rationalgalerie.de<\/a> ver\u00f6ffentlicht.<\/em><\/p>\n<p><em>Uli Gellermann ist Filmemacher und Journalist. Seine Erfahrungen mit den \u00f6ffentlich-rechtlichen Sendern begr\u00fcnden seine Medienkritik. Er ist Betreiber der Internetseite\u00a0<a rel=\"nofollow noopener\" target=\"_blank\" href=\"https:\/\/www.rationalgalerie.de\/\">rationalgalerie.de<\/a>.<\/em><\/p>\n<p><strong>Mehr zum Thema<\/strong> &#8211;\u00a0<a rel=\"nofollow noopener\" target=\"_blank\" href=\"https:\/\/freedert.online\/meinung\/177630-wie-die-deutsche-justiz--zum-repressionsapparat-verkommen-konnte\/\">\u00a7 140 StGB oder: Wie die deutsche Justiz zum Repressionsapparat verkommen konnte<\/a><em><\/em><\/p>\n<\/div>\n<p><br \/>\n<br \/><a href=\"https:\/\/de.rt.com\/meinung\/178050-justiz-und-kunst-rachefeldzug-von\/\">Source link <\/a><\/p>\n","protected":false},"excerpt":{"rendered":"<p>Unnachgiebig verfolgt der Ma\u00dfnahmenstaat \u2013 nicht nur in Sachen Corona \u2013 seine Kritiker. K\u00fcrzlich wurde der 84-j\u00e4hrige Professor und K\u00fcnstler Rudolph Bauer Opfer einer Hausdurchsuchung durch den bremischen &#8220;Staatsschutz&#8221;. Angesto\u00dfen wurde die Verfolgung Bauers durch ein staatlich finanziertes Denunziationsportal. Von Uli Gellermann Das Corona-Regime hat in der Kunst einen ernsten Gegner entdeckt. Viele Kunstschaffende wurden [&hellip;]<\/p>\n","protected":false},"author":3,"featured_media":42101,"comment_status":"open","ping_status":"open","sticky":false,"template":"","format":"standard","meta":{"_yoast_indexnow_last_ping":["1692251741"],"wp_automatic_camp":["217"],"aec9ac663fa577cf4a8d33a1cdd2440c":["Justiz und Kunst \u2013 Ein Rachefeldzug von Berlin bis Bremen"],"original_link":["https:\/\/de.rt.com\/meinung\/178050-justiz-und-kunst-rachefeldzug-von\/"],"_thumbnail_id":["42101"],"_wptgpro_p2tg_sent2tg":["a:1:{i:23737;s:19:\"2023-08-17 07:56:54\";}"],"jnews_social_counter_last_update":["1777266102"]},"categories":[19,23],"tags":[943,843,40004,357,17725,20026,34030,140,50],"yoast_head":"<!-- This site is optimized with the Yoast SEO Premium plugin v22.7 (Yoast SEO v22.7) - https:\/\/yoast.com\/wordpress\/plugins\/seo\/ -->\n<title>Justiz und Kunst \u2013 Ein Rachefeldzug von Berlin bis Bremen - just-now.NEWS Deutschland<\/title>\n<meta name=\"robots\" content=\"index, follow, max-snippet:-1, max-image-preview:large, max-video-preview:-1\" \/>\n<link rel=\"canonical\" href=\"https:\/\/now-news.de\/de\/deutschland\/justiz-und-kunst-ein-rachefeldzug-von-berlin-bis-bremen\/\" \/>\n<meta property=\"og:locale\" content=\"de_DE\" \/>\n<meta property=\"og:type\" content=\"article\" \/>\n<meta property=\"og:title\" content=\"Justiz und Kunst \u2013 Ein Rachefeldzug von Berlin bis Bremen\" \/>\n<meta property=\"og:description\" content=\"Unnachgiebig verfolgt der Ma\u00dfnahmenstaat \u2013 nicht nur in Sachen Corona \u2013 seine Kritiker. K\u00fcrzlich wurde der 84-j\u00e4hrige Professor und K\u00fcnstler Rudolph Bauer Opfer einer Hausdurchsuchung durch den bremischen &#8220;Staatsschutz&#8221;. Angesto\u00dfen wurde die Verfolgung Bauers durch ein staatlich finanziertes Denunziationsportal. Von Uli Gellermann Das Corona-Regime hat in der Kunst einen ernsten Gegner entdeckt. Viele Kunstschaffende wurden [&hellip;]\" \/>\n<meta property=\"og:url\" content=\"https:\/\/now-news.de\/de\/deutschland\/justiz-und-kunst-ein-rachefeldzug-von-berlin-bis-bremen\/\" \/>\n<meta property=\"og:site_name\" content=\"just-now.NEWS Deutschland\" \/>\n<meta property=\"article:publisher\" content=\"https:\/\/www.facebook.com\/wirmachenauf\" \/>\n<meta property=\"article:published_time\" content=\"2023-08-17T05:45:22+00:00\" \/>\n<meta property=\"og:image\" content=\"https:\/\/now-news.de\/de\/wp-content\/uploads\/sites\/3\/2023\/08\/Justiz-und-Kunst-\u2013-Ein-Rachefeldzug-von-Berlin-bis-Bremen.jpg\" \/>\n\t<meta property=\"og:image:width\" content=\"460\" \/>\n\t<meta property=\"og:image:height\" content=\"259\" \/>\n\t<meta property=\"og:image:type\" content=\"image\/jpeg\" \/>\n<meta name=\"author\" content=\"rtnews\" \/>\n<meta name=\"twitter:card\" content=\"summary_large_image\" \/>\n<meta name=\"twitter:creator\" content=\"@WirMachenAuf_de\" \/>\n<meta name=\"twitter:site\" content=\"@WirMachenAuf_de\" \/>\n<meta name=\"twitter:label1\" content=\"Verfasst von\" \/>\n\t<meta name=\"twitter:data1\" content=\"rtnews\" \/>\n\t<meta name=\"twitter:label2\" content=\"Gesch\u00e4tzte Lesezeit\" \/>\n\t<meta name=\"twitter:data2\" content=\"3\u00a0Minuten\" \/>\n<script type=\"application\/ld+json\" class=\"yoast-schema-graph\">{\"@context\":\"https:\/\/schema.org\",\"@graph\":[{\"@type\":\"Article\",\"@id\":\"https:\/\/now-news.de\/de\/deutschland\/justiz-und-kunst-ein-rachefeldzug-von-berlin-bis-bremen\/#article\",\"isPartOf\":{\"@id\":\"https:\/\/now-news.de\/de\/deutschland\/justiz-und-kunst-ein-rachefeldzug-von-berlin-bis-bremen\/\"},\"author\":{\"name\":\"rtnews\",\"@id\":\"https:\/\/now-news.de\/de\/#\/schema\/person\/fb534a4e865501d8b3285208df34a9b5\"},\"headline\":\"Justiz und Kunst \u2013 Ein Rachefeldzug von Berlin bis Bremen\",\"datePublished\":\"2023-08-17T05:45:22+00:00\",\"dateModified\":\"2023-08-17T05:45:22+00:00\",\"mainEntityOfPage\":{\"@id\":\"https:\/\/now-news.de\/de\/deutschland\/justiz-und-kunst-ein-rachefeldzug-von-berlin-bis-bremen\/\"},\"wordCount\":708,\"commentCount\":0,\"publisher\":{\"@id\":\"https:\/\/now-news.de\/de\/#organization\"},\"image\":{\"@id\":\"https:\/\/now-news.de\/de\/deutschland\/justiz-und-kunst-ein-rachefeldzug-von-berlin-bis-bremen\/#primaryimage\"},\"thumbnailUrl\":\"https:\/\/now-news.de\/de\/wp-content\/uploads\/sites\/3\/2023\/08\/Justiz-und-Kunst-\u2013-Ein-Rachefeldzug-von-Berlin-bis-Bremen.jpg\",\"keywords\":[\"Berlin\",\"bis\",\"Bremen\",\"ein\",\"Justiz\",\"Kunst\",\"Rachefeldzug\",\"und\",\"von\"],\"articleSection\":[\"Deutschland\",\"Russland\"],\"inLanguage\":\"de\",\"potentialAction\":[{\"@type\":\"CommentAction\",\"name\":\"Comment\",\"target\":[\"https:\/\/now-news.de\/de\/deutschland\/justiz-und-kunst-ein-rachefeldzug-von-berlin-bis-bremen\/#respond\"]}]},{\"@type\":\"WebPage\",\"@id\":\"https:\/\/now-news.de\/de\/deutschland\/justiz-und-kunst-ein-rachefeldzug-von-berlin-bis-bremen\/\",\"url\":\"https:\/\/now-news.de\/de\/deutschland\/justiz-und-kunst-ein-rachefeldzug-von-berlin-bis-bremen\/\",\"name\":\"Justiz und Kunst \u2013 Ein Rachefeldzug von Berlin bis Bremen - just-now.NEWS Deutschland\",\"isPartOf\":{\"@id\":\"https:\/\/now-news.de\/de\/#website\"},\"primaryImageOfPage\":{\"@id\":\"https:\/\/now-news.de\/de\/deutschland\/justiz-und-kunst-ein-rachefeldzug-von-berlin-bis-bremen\/#primaryimage\"},\"image\":{\"@id\":\"https:\/\/now-news.de\/de\/deutschland\/justiz-und-kunst-ein-rachefeldzug-von-berlin-bis-bremen\/#primaryimage\"},\"thumbnailUrl\":\"https:\/\/now-news.de\/de\/wp-content\/uploads\/sites\/3\/2023\/08\/Justiz-und-Kunst-\u2013-Ein-Rachefeldzug-von-Berlin-bis-Bremen.jpg\",\"datePublished\":\"2023-08-17T05:45:22+00:00\",\"dateModified\":\"2023-08-17T05:45:22+00:00\",\"breadcrumb\":{\"@id\":\"https:\/\/now-news.de\/de\/deutschland\/justiz-und-kunst-ein-rachefeldzug-von-berlin-bis-bremen\/#breadcrumb\"},\"inLanguage\":\"de\",\"potentialAction\":[{\"@type\":\"ReadAction\",\"target\":[\"https:\/\/now-news.de\/de\/deutschland\/justiz-und-kunst-ein-rachefeldzug-von-berlin-bis-bremen\/\"]}]},{\"@type\":\"ImageObject\",\"inLanguage\":\"de\",\"@id\":\"https:\/\/now-news.de\/de\/deutschland\/justiz-und-kunst-ein-rachefeldzug-von-berlin-bis-bremen\/#primaryimage\",\"url\":\"https:\/\/now-news.de\/de\/wp-content\/uploads\/sites\/3\/2023\/08\/Justiz-und-Kunst-\u2013-Ein-Rachefeldzug-von-Berlin-bis-Bremen.jpg\",\"contentUrl\":\"https:\/\/now-news.de\/de\/wp-content\/uploads\/sites\/3\/2023\/08\/Justiz-und-Kunst-\u2013-Ein-Rachefeldzug-von-Berlin-bis-Bremen.jpg\",\"width\":460,\"height\":259,\"caption\":\"Justiz und Kunst \u2013 Ein Rachefeldzug von Berlin bis Bremen\"},{\"@type\":\"BreadcrumbList\",\"@id\":\"https:\/\/now-news.de\/de\/deutschland\/justiz-und-kunst-ein-rachefeldzug-von-berlin-bis-bremen\/#breadcrumb\",\"itemListElement\":[{\"@type\":\"ListItem\",\"position\":1,\"name\":\"Home\",\"item\":\"https:\/\/now-news.de\/de\/\"},{\"@type\":\"ListItem\",\"position\":2,\"name\":\"Justiz und Kunst \u2013 Ein Rachefeldzug von Berlin bis Bremen\"}]},{\"@type\":\"WebSite\",\"@id\":\"https:\/\/now-news.de\/de\/#website\",\"url\":\"https:\/\/now-news.de\/de\/\",\"name\":\"just-now.NEWS Deutschland\",\"description\":\"Das Portal f\u00fcr unzensierte Nachrichten aus der Welt\",\"publisher\":{\"@id\":\"https:\/\/now-news.de\/de\/#organization\"},\"potentialAction\":[{\"@type\":\"SearchAction\",\"target\":{\"@type\":\"EntryPoint\",\"urlTemplate\":\"https:\/\/now-news.de\/de\/?s={search_term_string}\"},\"query-input\":\"required name=search_term_string\"}],\"inLanguage\":\"de\"},{\"@type\":\"Organization\",\"@id\":\"https:\/\/now-news.de\/de\/#organization\",\"name\":\"Just Now News\",\"url\":\"https:\/\/now-news.de\/de\/\",\"logo\":{\"@type\":\"ImageObject\",\"inLanguage\":\"de\",\"@id\":\"https:\/\/now-news.de\/de\/#\/schema\/logo\/image\/\",\"url\":\"http:\/\/just-now.news\/de\/wp-content\/uploads\/sites\/3\/2022\/04\/logo500x500.jpg\",\"contentUrl\":\"http:\/\/just-now.news\/de\/wp-content\/uploads\/sites\/3\/2022\/04\/logo500x500.jpg\",\"width\":500,\"height\":500,\"caption\":\"Just Now News\"},\"image\":{\"@id\":\"https:\/\/now-news.de\/de\/#\/schema\/logo\/image\/\"},\"sameAs\":[\"https:\/\/www.facebook.com\/wirmachenauf\",\"https:\/\/x.com\/WirMachenAuf_de\"]},{\"@type\":\"Person\",\"@id\":\"https:\/\/now-news.de\/de\/#\/schema\/person\/fb534a4e865501d8b3285208df34a9b5\",\"name\":\"rtnews\",\"image\":{\"@type\":\"ImageObject\",\"inLanguage\":\"de\",\"@id\":\"https:\/\/now-news.de\/de\/#\/schema\/person\/image\/\",\"url\":\"https:\/\/secure.gravatar.com\/avatar\/82aafea7d8127119dd649515f56e2117?s=96&d=mm&r=g\",\"contentUrl\":\"https:\/\/secure.gravatar.com\/avatar\/82aafea7d8127119dd649515f56e2117?s=96&d=mm&r=g\",\"caption\":\"rtnews\"},\"url\":\"https:\/\/now-news.de\/de\/author\/rnews\/\"}]}<\/script>\n<!-- \/ Yoast SEO Premium plugin. -->","yoast_head_json":{"title":"Justiz und Kunst \u2013 Ein Rachefeldzug von Berlin bis Bremen - just-now.NEWS Deutschland","robots":{"index":"index","follow":"follow","max-snippet":"max-snippet:-1","max-image-preview":"max-image-preview:large","max-video-preview":"max-video-preview:-1"},"canonical":"https:\/\/now-news.de\/de\/deutschland\/justiz-und-kunst-ein-rachefeldzug-von-berlin-bis-bremen\/","og_locale":"de_DE","og_type":"article","og_title":"Justiz und Kunst \u2013 Ein Rachefeldzug von Berlin bis Bremen","og_description":"Unnachgiebig verfolgt der Ma\u00dfnahmenstaat \u2013 nicht nur in Sachen Corona \u2013 seine Kritiker. K\u00fcrzlich wurde der 84-j\u00e4hrige Professor und K\u00fcnstler Rudolph Bauer Opfer einer Hausdurchsuchung durch den bremischen &#8220;Staatsschutz&#8221;. Angesto\u00dfen wurde die Verfolgung Bauers durch ein staatlich finanziertes Denunziationsportal. Von Uli Gellermann Das Corona-Regime hat in der Kunst einen ernsten Gegner entdeckt. Viele Kunstschaffende wurden [&hellip;]","og_url":"https:\/\/now-news.de\/de\/deutschland\/justiz-und-kunst-ein-rachefeldzug-von-berlin-bis-bremen\/","og_site_name":"just-now.NEWS Deutschland","article_publisher":"https:\/\/www.facebook.com\/wirmachenauf","article_published_time":"2023-08-17T05:45:22+00:00","og_image":[{"width":460,"height":259,"url":"https:\/\/now-news.de\/de\/wp-content\/uploads\/sites\/3\/2023\/08\/Justiz-und-Kunst-\u2013-Ein-Rachefeldzug-von-Berlin-bis-Bremen.jpg","type":"image\/jpeg"}],"author":"rtnews","twitter_card":"summary_large_image","twitter_creator":"@WirMachenAuf_de","twitter_site":"@WirMachenAuf_de","twitter_misc":{"Verfasst von":"rtnews","Gesch\u00e4tzte Lesezeit":"3\u00a0Minuten"},"schema":{"@context":"https:\/\/schema.org","@graph":[{"@type":"Article","@id":"https:\/\/now-news.de\/de\/deutschland\/justiz-und-kunst-ein-rachefeldzug-von-berlin-bis-bremen\/#article","isPartOf":{"@id":"https:\/\/now-news.de\/de\/deutschland\/justiz-und-kunst-ein-rachefeldzug-von-berlin-bis-bremen\/"},"author":{"name":"rtnews","@id":"https:\/\/now-news.de\/de\/#\/schema\/person\/fb534a4e865501d8b3285208df34a9b5"},"headline":"Justiz und Kunst \u2013 Ein Rachefeldzug von Berlin bis Bremen","datePublished":"2023-08-17T05:45:22+00:00","dateModified":"2023-08-17T05:45:22+00:00","mainEntityOfPage":{"@id":"https:\/\/now-news.de\/de\/deutschland\/justiz-und-kunst-ein-rachefeldzug-von-berlin-bis-bremen\/"},"wordCount":708,"commentCount":0,"publisher":{"@id":"https:\/\/now-news.de\/de\/#organization"},"image":{"@id":"https:\/\/now-news.de\/de\/deutschland\/justiz-und-kunst-ein-rachefeldzug-von-berlin-bis-bremen\/#primaryimage"},"thumbnailUrl":"https:\/\/now-news.de\/de\/wp-content\/uploads\/sites\/3\/2023\/08\/Justiz-und-Kunst-\u2013-Ein-Rachefeldzug-von-Berlin-bis-Bremen.jpg","keywords":["Berlin","bis","Bremen","ein","Justiz","Kunst","Rachefeldzug","und","von"],"articleSection":["Deutschland","Russland"],"inLanguage":"de","potentialAction":[{"@type":"CommentAction","name":"Comment","target":["https:\/\/now-news.de\/de\/deutschland\/justiz-und-kunst-ein-rachefeldzug-von-berlin-bis-bremen\/#respond"]}]},{"@type":"WebPage","@id":"https:\/\/now-news.de\/de\/deutschland\/justiz-und-kunst-ein-rachefeldzug-von-berlin-bis-bremen\/","url":"https:\/\/now-news.de\/de\/deutschland\/justiz-und-kunst-ein-rachefeldzug-von-berlin-bis-bremen\/","name":"Justiz und Kunst \u2013 Ein Rachefeldzug von Berlin bis Bremen - just-now.NEWS Deutschland","isPartOf":{"@id":"https:\/\/now-news.de\/de\/#website"},"primaryImageOfPage":{"@id":"https:\/\/now-news.de\/de\/deutschland\/justiz-und-kunst-ein-rachefeldzug-von-berlin-bis-bremen\/#primaryimage"},"image":{"@id":"https:\/\/now-news.de\/de\/deutschland\/justiz-und-kunst-ein-rachefeldzug-von-berlin-bis-bremen\/#primaryimage"},"thumbnailUrl":"https:\/\/now-news.de\/de\/wp-content\/uploads\/sites\/3\/2023\/08\/Justiz-und-Kunst-\u2013-Ein-Rachefeldzug-von-Berlin-bis-Bremen.jpg","datePublished":"2023-08-17T05:45:22+00:00","dateModified":"2023-08-17T05:45:22+00:00","breadcrumb":{"@id":"https:\/\/now-news.de\/de\/deutschland\/justiz-und-kunst-ein-rachefeldzug-von-berlin-bis-bremen\/#breadcrumb"},"inLanguage":"de","potentialAction":[{"@type":"ReadAction","target":["https:\/\/now-news.de\/de\/deutschland\/justiz-und-kunst-ein-rachefeldzug-von-berlin-bis-bremen\/"]}]},{"@type":"ImageObject","inLanguage":"de","@id":"https:\/\/now-news.de\/de\/deutschland\/justiz-und-kunst-ein-rachefeldzug-von-berlin-bis-bremen\/#primaryimage","url":"https:\/\/now-news.de\/de\/wp-content\/uploads\/sites\/3\/2023\/08\/Justiz-und-Kunst-\u2013-Ein-Rachefeldzug-von-Berlin-bis-Bremen.jpg","contentUrl":"https:\/\/now-news.de\/de\/wp-content\/uploads\/sites\/3\/2023\/08\/Justiz-und-Kunst-\u2013-Ein-Rachefeldzug-von-Berlin-bis-Bremen.jpg","width":460,"height":259,"caption":"Justiz und Kunst \u2013 Ein Rachefeldzug von Berlin bis Bremen"},{"@type":"BreadcrumbList","@id":"https:\/\/now-news.de\/de\/deutschland\/justiz-und-kunst-ein-rachefeldzug-von-berlin-bis-bremen\/#breadcrumb","itemListElement":[{"@type":"ListItem","position":1,"name":"Home","item":"https:\/\/now-news.de\/de\/"},{"@type":"ListItem","position":2,"name":"Justiz und Kunst \u2013 Ein Rachefeldzug von Berlin bis Bremen"}]},{"@type":"WebSite","@id":"https:\/\/now-news.de\/de\/#website","url":"https:\/\/now-news.de\/de\/","name":"just-now.NEWS Deutschland","description":"Das Portal f\u00fcr unzensierte Nachrichten aus der Welt","publisher":{"@id":"https:\/\/now-news.de\/de\/#organization"},"potentialAction":[{"@type":"SearchAction","target":{"@type":"EntryPoint","urlTemplate":"https:\/\/now-news.de\/de\/?s={search_term_string}"},"query-input":"required name=search_term_string"}],"inLanguage":"de"},{"@type":"Organization","@id":"https:\/\/now-news.de\/de\/#organization","name":"Just Now News","url":"https:\/\/now-news.de\/de\/","logo":{"@type":"ImageObject","inLanguage":"de","@id":"https:\/\/now-news.de\/de\/#\/schema\/logo\/image\/","url":"http:\/\/just-now.news\/de\/wp-content\/uploads\/sites\/3\/2022\/04\/logo500x500.jpg","contentUrl":"http:\/\/just-now.news\/de\/wp-content\/uploads\/sites\/3\/2022\/04\/logo500x500.jpg","width":500,"height":500,"caption":"Just Now News"},"image":{"@id":"https:\/\/now-news.de\/de\/#\/schema\/logo\/image\/"},"sameAs":["https:\/\/www.facebook.com\/wirmachenauf","https:\/\/x.com\/WirMachenAuf_de"]},{"@type":"Person","@id":"https:\/\/now-news.de\/de\/#\/schema\/person\/fb534a4e865501d8b3285208df34a9b5","name":"rtnews","image":{"@type":"ImageObject","inLanguage":"de","@id":"https:\/\/now-news.de\/de\/#\/schema\/person\/image\/","url":"https:\/\/secure.gravatar.com\/avatar\/82aafea7d8127119dd649515f56e2117?s=96&d=mm&r=g","contentUrl":"https:\/\/secure.gravatar.com\/avatar\/82aafea7d8127119dd649515f56e2117?s=96&d=mm&r=g","caption":"rtnews"},"url":"https:\/\/now-news.de\/de\/author\/rnews\/"}]}},"_links":{"self":[{"href":"https:\/\/now-news.de\/de\/wp-json\/wp\/v2\/posts\/42100"}],"collection":[{"href":"https:\/\/now-news.de\/de\/wp-json\/wp\/v2\/posts"}],"about":[{"href":"https:\/\/now-news.de\/de\/wp-json\/wp\/v2\/types\/post"}],"author":[{"embeddable":true,"href":"https:\/\/now-news.de\/de\/wp-json\/wp\/v2\/users\/3"}],"replies":[{"embeddable":true,"href":"https:\/\/now-news.de\/de\/wp-json\/wp\/v2\/comments?post=42100"}],"version-history":[{"count":0,"href":"https:\/\/now-news.de\/de\/wp-json\/wp\/v2\/posts\/42100\/revisions"}],"wp:featuredmedia":[{"embeddable":true,"href":"https:\/\/now-news.de\/de\/wp-json\/wp\/v2\/media\/42101"}],"wp:attachment":[{"href":"https:\/\/now-news.de\/de\/wp-json\/wp\/v2\/media?parent=42100"}],"wp:term":[{"taxonomy":"category","embeddable":true,"href":"https:\/\/now-news.de\/de\/wp-json\/wp\/v2\/categories?post=42100"},{"taxonomy":"post_tag","embeddable":true,"href":"https:\/\/now-news.de\/de\/wp-json\/wp\/v2\/tags?post=42100"}],"curies":[{"name":"wp","href":"https:\/\/api.w.org\/{rel}","templated":true}]}}