{"id":42084,"date":"2023-08-16T18:23:07","date_gmt":"2023-08-16T16:23:07","guid":{"rendered":"https:\/\/just-now.news\/de\/deutschland\/wirtschaftsexperte-fratzscher-klimaschutz-erhoeht-wohlstand-und-wachstum\/"},"modified":"2023-08-16T18:23:07","modified_gmt":"2023-08-16T16:23:07","slug":"wirtschaftsexperte-fratzscher-klimaschutz-erhoeht-wohlstand-und-wachstum","status":"publish","type":"post","link":"https:\/\/now-news.de\/de\/deutschland\/wirtschaftsexperte-fratzscher-klimaschutz-erhoeht-wohlstand-und-wachstum\/","title":{"rendered":"&quot;Wirtschaftsexperte&quot; Fratzscher: &quot;Klimaschutz erh\u00f6ht Wohlstand (und Wachstum)&quot;"},"content":{"rendered":"<p><img decoding=\"async\" src=\"http:\/\/just-now.news\/de\/wp-content\/uploads\/sites\/3\/2023\/08\/64dccfbd48fbef278e15d1ed.jpg\" \/><\/p>\n<div class=\"Text-root Text-type_1 \">\n                In einem Artikel f\u00fcr das Handelsblatt sieht Politikberater und Pr\u00e4sident des Deutschen Instituts f\u00fcr Wirtschaftsforschung, Marcel Fratzscher, beim Thema &#8220;Klimaschutz&#8221; mehr Chancen als Risiken f\u00fcr die deutsche Volkswirtschaft &#8211; aber nur, &#8220;wenn wir unser bisheriges Verst\u00e4ndnis von Wohlstand&#8221; \u00fcberdenken.\n            <\/div>\n<p><\/p>\n<div class=\"Text-root Text-type_5 ArticleView-text ViewText-root \">\n<p>In einem Gastbeitrag f\u00fcr das <em>Handelsblatt<\/em>\u00a0<a rel=\"nofollow noopener\" target=\"_blank\" href=\"https:\/\/twitter.com\/MFratzscher\/status\/1691367790072983553\/photo\/1\">betont<\/a> der Chef des\u00a0Deutschen Instituts f\u00fcr Wirtschaftsforschung, Marcel Fratzscher, die angeblichen Chancen einer radikalen Klimapolitik. Kritikern, welche die milliardenschweren Steuergeldausgaben der Bundesregierung f\u00fcr sogenannte regenerative Energien und die parallele Deindustrialisierung des Landes nicht gerade f\u00fcr wohlstandsmehrend halten, h\u00e4lt er in seinem Artikel &#8220;Klimaschutz sch\u00e4digt den Wohlstand nicht&#8221; vor, sie m\u00fcssten ihr &#8220;bisheriges Verst\u00e4ndnis von Wohlstand&#8221; schlichtweg \u00fcberdenken. Konkret schreibt er:<\/p>\n<blockquote>\n<p><em>&#8220;Dass Menschen in Deutschland in den kommenden zehn Jahren bei manch einer Gewohnheit zur\u00fccktreten m\u00fcssen, da diese teurer oder weniger leicht verf\u00fcgbar sein werden, wird oftmals als Wohlstandsverlust wahrgenommen. Das liegt daran, dass deren Effekte auf Mensch und Umwelt in der etablierten \u00f6konomischen Denkweise unzureichend erfasst sind.&#8221;<\/em><\/p>\n<\/blockquote>\n<div class=\"EmbedBlock-root EmbedBlock-twitter\">\n<div class=\"TwitterEmbed\">\n<blockquote class=\"twitter-tweet lazyload\" data-twitter=\"twitter-tweet\">\n<p lang=\"de\" dir=\"ltr\">Wie oft lagen Sie schon daneben, ihre Sch\u00e4fchen scheinen im Trocknen zu sein.<\/p>\n<p>\u2014 Dori \ud83c\udde9\ud83c\uddea (@Herzensgut58) <a rel=\"nofollow noopener\" target=\"_blank\" href=\"https:\/\/twitter.com\/Herzensgut58\/status\/1691482616669646848?ref_src=twsrc%5Etfw\">August 15, 2023<\/a><\/p><\/blockquote>\n<\/div>\n<\/div>\n<p>So m\u00fcsse man das Aus des Verbrenner-Motors als wichtigen Effekt f\u00fcr die Verringerung von Atemwegserkrankungen ansehen oder die &#8220;Agrarwende&#8221; mitsamt h\u00f6heren Fleischpreisen durch einen &#8220;nachhaltigen Lebensraum&#8221; denken. Der &#8220;menschengemachte Klimawandel&#8221; und nicht &#8220;Ma\u00dfnahmen zum Klimaschutz&#8221; sind laut Fratzscher daf\u00fcr verantwortlich, die Menschen &#8220;zu mehr Verzicht&#8221; zu zwingen. Die aktuellen &#8220;D\u00fcrreperioden&#8221; in Spanien und Frankreich bieten laut Fratzscher &#8220;einen Vorgeschmack, was die Menschen in Europa erwartet&#8221;. Immerhin konstatiert Fratzscher: &#8220;70 Prozent der Kosten des Klimawandels werden von der \u00e4rmsten H\u00e4lfte der Menschheit getragen.&#8221;<\/p>\n<p>Im weiteren Verlauf seines Textes behauptet Fratzscher\u00a0\u2012 ohne dies zu belegen\u00a0\u2012, dass &#8220;E-Autos und W\u00e4rmepumpen technisch effizienter als ihre mit Brennstoffen betriebene Konkurrenz&#8221; seien. Mit Blick auf die Kosten und Chancen des Klimawandels fordert Fratzscher &#8220;Optimismus&#8221; ein. &#8220;Wirtschaft und Gesellschaft&#8221; w\u00fcssten einfach, was &#8220;zu tun ist&#8221;, denn sie &#8220;verf\u00fcgen \u00fcber Technologien f\u00fcr eine erfolgreiche Transformation&#8221; und haben den &#8220;Nutzen des erforderlichen Handelns eindrucksvoll nachgewiesen&#8221;. Final betonte Fratzscher noch die weltweit f\u00fchrende Rolle der Bundesrepublik bei &#8220;gr\u00fcnen Technologien&#8221;. F\u00fcr die &#8220;\u00f6kologische Transformation&#8221; fordert Fratzscher schlie\u00dflich &#8220;massive Investitionen&#8221; und mehr &#8220;nationale und globale Kooperation&#8221;, denn &#8220;Klimawandel sch\u00e4digt Wachstum und Wohlstand. Klimaschutz ist unsere einzige Chance, sie zu sichern.&#8221;<\/p>\n<p>Fratzscher trat in der Vergangenheit immer wieder als regierungsnaher \u00d6konom auf, der mit seinen Prognosen\u00a0\u2012 wie beispielsweise zu Beginn der anhaltenden Inflationsphase 2021\u00a0\u2012\u00a0<a rel=\"nofollow noopener\" target=\"_blank\" href=\"https:\/\/www.faz.net\/aktuell\/wirtschaft\/diw-chef-fratzscher-erwartet-kurzfristigen-anstieg-der-inflation-und-warnt-vor-panikmache-17610373.html#:~:text=Allerdings%20d%C3%BCrfe%20man%20die%20Entwicklung,%E2%80%9C&amp;text=Das%20DIW%20gehe%20davon%20aus,von%202%2C5%20Prozent%20anstehe\">oftmals danebenlag<\/a>.<\/p>\n<p><strong>Mehr zum Thema<\/strong> &#8211; <a rel=\"nofollow noopener\" target=\"_blank\" href=\"https:\/\/freedert.online\/inland\/177191-verharmlosende-klimasprache-wdr-format-monitor\/\">&#8220;Verharmlosende Klimasprache&#8221;? &#8211; WDR-Format &#8220;Monitor&#8221; stellt Sprachvorgaben auf<\/a><\/p>\n<\/div>\n<p><script async src=\"https:\/\/platform.twitter.com\/widgets.js\" charset=\"utf-8\"><\/script><br \/>\n<br \/><br \/>\n<br \/><a href=\"https:\/\/de.rt.com\/inland\/177980-wirtschaftsexperte-fratzscher-klimaschutz-erhoeht-wohlstand\/\">Source link <\/a><\/p>\n","protected":false},"excerpt":{"rendered":"<p>In einem Artikel f\u00fcr das Handelsblatt sieht Politikberater und Pr\u00e4sident des Deutschen Instituts f\u00fcr Wirtschaftsforschung, Marcel Fratzscher, beim Thema &#8220;Klimaschutz&#8221; mehr Chancen als Risiken f\u00fcr die deutsche Volkswirtschaft &#8211; aber nur, &#8220;wenn wir unser bisheriges Verst\u00e4ndnis von Wohlstand&#8221; \u00fcberdenken. In einem Gastbeitrag f\u00fcr das Handelsblatt\u00a0betont der Chef des\u00a0Deutschen Instituts f\u00fcr Wirtschaftsforschung, Marcel Fratzscher, die angeblichen [&hellip;]<\/p>\n","protected":false},"author":3,"featured_media":42085,"comment_status":"open","ping_status":"open","sticky":false,"template":"","format":"standard","meta":{"_yoast_indexnow_last_ping":["1692203251"],"wp_automatic_camp":["217"],"4aea5268e848d33b99e277a55831557e":["&quot;Wirtschaftsexperte&quot; Fratzscher: &quot;Klimaschutz erh\u00f6ht Wohlstand (und Wachstum)&quot;"],"original_link":["https:\/\/de.rt.com\/inland\/177980-wirtschaftsexperte-fratzscher-klimaschutz-erhoeht-wohlstand\/"],"_thumbnail_id":["42085"],"_wptgpro_p2tg_sent2tg":["a:1:{i:23737;s:19:\"2023-08-16 18:28:35\";}"],"jnews_social_counter_last_update":["1777578743"]},"categories":[19,23],"tags":[3073,47817,47818,47816,140,47819,270],"yoast_head":"<!-- This site is optimized with the Yoast SEO Premium plugin v22.7 (Yoast SEO v22.7) - https:\/\/yoast.com\/wordpress\/plugins\/seo\/ -->\n<title>&quot;Wirtschaftsexperte&quot; Fratzscher: &quot;Klimaschutz erh\u00f6ht Wohlstand (und Wachstum)&quot; - just-now.NEWS Deutschland<\/title>\n<meta name=\"robots\" content=\"index, follow, max-snippet:-1, max-image-preview:large, max-video-preview:-1\" \/>\n<link rel=\"canonical\" href=\"https:\/\/now-news.de\/de\/deutschland\/wirtschaftsexperte-fratzscher-klimaschutz-erhoeht-wohlstand-und-wachstum\/\" \/>\n<meta property=\"og:locale\" content=\"de_DE\" \/>\n<meta property=\"og:type\" content=\"article\" \/>\n<meta property=\"og:title\" content=\"&quot;Wirtschaftsexperte&quot; Fratzscher: &quot;Klimaschutz erh\u00f6ht Wohlstand (und Wachstum)&quot;\" \/>\n<meta property=\"og:description\" content=\"In einem Artikel f\u00fcr das Handelsblatt sieht Politikberater und Pr\u00e4sident des Deutschen Instituts f\u00fcr Wirtschaftsforschung, Marcel Fratzscher, beim Thema &#8220;Klimaschutz&#8221; mehr Chancen als Risiken f\u00fcr die deutsche Volkswirtschaft &#8211; aber nur, &#8220;wenn wir unser bisheriges Verst\u00e4ndnis von Wohlstand&#8221; \u00fcberdenken. In einem Gastbeitrag f\u00fcr das Handelsblatt\u00a0betont der Chef des\u00a0Deutschen Instituts f\u00fcr Wirtschaftsforschung, Marcel Fratzscher, die angeblichen [&hellip;]\" \/>\n<meta property=\"og:url\" content=\"https:\/\/now-news.de\/de\/deutschland\/wirtschaftsexperte-fratzscher-klimaschutz-erhoeht-wohlstand-und-wachstum\/\" \/>\n<meta property=\"og:site_name\" content=\"just-now.NEWS Deutschland\" \/>\n<meta property=\"article:publisher\" content=\"https:\/\/www.facebook.com\/wirmachenauf\" \/>\n<meta property=\"article:published_time\" content=\"2023-08-16T16:23:07+00:00\" \/>\n<meta property=\"og:image\" content=\"https:\/\/now-news.de\/de\/wp-content\/uploads\/sites\/3\/2023\/08\/quotWirtschaftsexpertequot-Fratzscher-quotKlimaschutz-erhoeht-Wohlstand-und-Wachstumquot.jpg\" \/>\n\t<meta property=\"og:image:width\" content=\"460\" \/>\n\t<meta property=\"og:image:height\" content=\"259\" \/>\n\t<meta property=\"og:image:type\" content=\"image\/jpeg\" \/>\n<meta name=\"author\" content=\"rtnews\" \/>\n<meta name=\"twitter:card\" content=\"summary_large_image\" \/>\n<meta name=\"twitter:creator\" content=\"@WirMachenAuf_de\" \/>\n<meta name=\"twitter:site\" content=\"@WirMachenAuf_de\" \/>\n<meta name=\"twitter:label1\" content=\"Verfasst von\" \/>\n\t<meta name=\"twitter:data1\" content=\"rtnews\" \/>\n\t<meta name=\"twitter:label2\" content=\"Gesch\u00e4tzte Lesezeit\" \/>\n\t<meta name=\"twitter:data2\" content=\"2\u00a0Minuten\" \/>\n<script type=\"application\/ld+json\" class=\"yoast-schema-graph\">{\"@context\":\"https:\/\/schema.org\",\"@graph\":[{\"@type\":\"Article\",\"@id\":\"https:\/\/now-news.de\/de\/deutschland\/wirtschaftsexperte-fratzscher-klimaschutz-erhoeht-wohlstand-und-wachstum\/#article\",\"isPartOf\":{\"@id\":\"https:\/\/now-news.de\/de\/deutschland\/wirtschaftsexperte-fratzscher-klimaschutz-erhoeht-wohlstand-und-wachstum\/\"},\"author\":{\"name\":\"rtnews\",\"@id\":\"https:\/\/now-news.de\/de\/#\/schema\/person\/fb534a4e865501d8b3285208df34a9b5\"},\"headline\":\"&quot;Wirtschaftsexperte&quot; Fratzscher: &quot;Klimaschutz erh\u00f6ht Wohlstand (und Wachstum)&quot;\",\"datePublished\":\"2023-08-16T16:23:07+00:00\",\"dateModified\":\"2023-08-16T16:23:07+00:00\",\"mainEntityOfPage\":{\"@id\":\"https:\/\/now-news.de\/de\/deutschland\/wirtschaftsexperte-fratzscher-klimaschutz-erhoeht-wohlstand-und-wachstum\/\"},\"wordCount\":440,\"commentCount\":0,\"publisher\":{\"@id\":\"https:\/\/now-news.de\/de\/#organization\"},\"image\":{\"@id\":\"https:\/\/now-news.de\/de\/deutschland\/wirtschaftsexperte-fratzscher-klimaschutz-erhoeht-wohlstand-und-wachstum\/#primaryimage\"},\"thumbnailUrl\":\"https:\/\/now-news.de\/de\/wp-content\/uploads\/sites\/3\/2023\/08\/quotWirtschaftsexpertequot-Fratzscher-quotKlimaschutz-erhoeht-Wohlstand-und-Wachstumquot.jpg\",\"keywords\":[\"erh\u00f6ht\",\"Fratzscher\",\"quotKlimaschutz\",\"quotWirtschaftsexpertequot\",\"und\",\"Wachstumquot\",\"WOHLSTAND\"],\"articleSection\":[\"Deutschland\",\"Russland\"],\"inLanguage\":\"de\",\"potentialAction\":[{\"@type\":\"CommentAction\",\"name\":\"Comment\",\"target\":[\"https:\/\/now-news.de\/de\/deutschland\/wirtschaftsexperte-fratzscher-klimaschutz-erhoeht-wohlstand-und-wachstum\/#respond\"]}]},{\"@type\":\"WebPage\",\"@id\":\"https:\/\/now-news.de\/de\/deutschland\/wirtschaftsexperte-fratzscher-klimaschutz-erhoeht-wohlstand-und-wachstum\/\",\"url\":\"https:\/\/now-news.de\/de\/deutschland\/wirtschaftsexperte-fratzscher-klimaschutz-erhoeht-wohlstand-und-wachstum\/\",\"name\":\"&quot;Wirtschaftsexperte&quot; Fratzscher: &quot;Klimaschutz erh\u00f6ht Wohlstand (und Wachstum)&quot; - just-now.NEWS Deutschland\",\"isPartOf\":{\"@id\":\"https:\/\/now-news.de\/de\/#website\"},\"primaryImageOfPage\":{\"@id\":\"https:\/\/now-news.de\/de\/deutschland\/wirtschaftsexperte-fratzscher-klimaschutz-erhoeht-wohlstand-und-wachstum\/#primaryimage\"},\"image\":{\"@id\":\"https:\/\/now-news.de\/de\/deutschland\/wirtschaftsexperte-fratzscher-klimaschutz-erhoeht-wohlstand-und-wachstum\/#primaryimage\"},\"thumbnailUrl\":\"https:\/\/now-news.de\/de\/wp-content\/uploads\/sites\/3\/2023\/08\/quotWirtschaftsexpertequot-Fratzscher-quotKlimaschutz-erhoeht-Wohlstand-und-Wachstumquot.jpg\",\"datePublished\":\"2023-08-16T16:23:07+00:00\",\"dateModified\":\"2023-08-16T16:23:07+00:00\",\"breadcrumb\":{\"@id\":\"https:\/\/now-news.de\/de\/deutschland\/wirtschaftsexperte-fratzscher-klimaschutz-erhoeht-wohlstand-und-wachstum\/#breadcrumb\"},\"inLanguage\":\"de\",\"potentialAction\":[{\"@type\":\"ReadAction\",\"target\":[\"https:\/\/now-news.de\/de\/deutschland\/wirtschaftsexperte-fratzscher-klimaschutz-erhoeht-wohlstand-und-wachstum\/\"]}]},{\"@type\":\"ImageObject\",\"inLanguage\":\"de\",\"@id\":\"https:\/\/now-news.de\/de\/deutschland\/wirtschaftsexperte-fratzscher-klimaschutz-erhoeht-wohlstand-und-wachstum\/#primaryimage\",\"url\":\"https:\/\/now-news.de\/de\/wp-content\/uploads\/sites\/3\/2023\/08\/quotWirtschaftsexpertequot-Fratzscher-quotKlimaschutz-erhoeht-Wohlstand-und-Wachstumquot.jpg\",\"contentUrl\":\"https:\/\/now-news.de\/de\/wp-content\/uploads\/sites\/3\/2023\/08\/quotWirtschaftsexpertequot-Fratzscher-quotKlimaschutz-erhoeht-Wohlstand-und-Wachstumquot.jpg\",\"width\":460,\"height\":259,\"caption\":\"&quot;Wirtschaftsexperte&quot; Fratzscher: &quot;Klimaschutz erh\u00f6ht Wohlstand (und Wachstum)&quot;\"},{\"@type\":\"BreadcrumbList\",\"@id\":\"https:\/\/now-news.de\/de\/deutschland\/wirtschaftsexperte-fratzscher-klimaschutz-erhoeht-wohlstand-und-wachstum\/#breadcrumb\",\"itemListElement\":[{\"@type\":\"ListItem\",\"position\":1,\"name\":\"Home\",\"item\":\"https:\/\/now-news.de\/de\/\"},{\"@type\":\"ListItem\",\"position\":2,\"name\":\"&quot;Wirtschaftsexperte&quot; Fratzscher: &quot;Klimaschutz erh\u00f6ht Wohlstand (und Wachstum)&quot;\"}]},{\"@type\":\"WebSite\",\"@id\":\"https:\/\/now-news.de\/de\/#website\",\"url\":\"https:\/\/now-news.de\/de\/\",\"name\":\"just-now.NEWS Deutschland\",\"description\":\"Das Portal f\u00fcr unzensierte Nachrichten aus der Welt\",\"publisher\":{\"@id\":\"https:\/\/now-news.de\/de\/#organization\"},\"potentialAction\":[{\"@type\":\"SearchAction\",\"target\":{\"@type\":\"EntryPoint\",\"urlTemplate\":\"https:\/\/now-news.de\/de\/?s={search_term_string}\"},\"query-input\":\"required name=search_term_string\"}],\"inLanguage\":\"de\"},{\"@type\":\"Organization\",\"@id\":\"https:\/\/now-news.de\/de\/#organization\",\"name\":\"Just Now News\",\"url\":\"https:\/\/now-news.de\/de\/\",\"logo\":{\"@type\":\"ImageObject\",\"inLanguage\":\"de\",\"@id\":\"https:\/\/now-news.de\/de\/#\/schema\/logo\/image\/\",\"url\":\"http:\/\/just-now.news\/de\/wp-content\/uploads\/sites\/3\/2022\/04\/logo500x500.jpg\",\"contentUrl\":\"http:\/\/just-now.news\/de\/wp-content\/uploads\/sites\/3\/2022\/04\/logo500x500.jpg\",\"width\":500,\"height\":500,\"caption\":\"Just Now News\"},\"image\":{\"@id\":\"https:\/\/now-news.de\/de\/#\/schema\/logo\/image\/\"},\"sameAs\":[\"https:\/\/www.facebook.com\/wirmachenauf\",\"https:\/\/x.com\/WirMachenAuf_de\"]},{\"@type\":\"Person\",\"@id\":\"https:\/\/now-news.de\/de\/#\/schema\/person\/fb534a4e865501d8b3285208df34a9b5\",\"name\":\"rtnews\",\"image\":{\"@type\":\"ImageObject\",\"inLanguage\":\"de\",\"@id\":\"https:\/\/now-news.de\/de\/#\/schema\/person\/image\/\",\"url\":\"https:\/\/secure.gravatar.com\/avatar\/82aafea7d8127119dd649515f56e2117?s=96&d=mm&r=g\",\"contentUrl\":\"https:\/\/secure.gravatar.com\/avatar\/82aafea7d8127119dd649515f56e2117?s=96&d=mm&r=g\",\"caption\":\"rtnews\"},\"url\":\"https:\/\/now-news.de\/de\/author\/rnews\/\"}]}<\/script>\n<!-- \/ Yoast SEO Premium plugin. -->","yoast_head_json":{"title":"&quot;Wirtschaftsexperte&quot; Fratzscher: &quot;Klimaschutz erh\u00f6ht Wohlstand (und Wachstum)&quot; - just-now.NEWS Deutschland","robots":{"index":"index","follow":"follow","max-snippet":"max-snippet:-1","max-image-preview":"max-image-preview:large","max-video-preview":"max-video-preview:-1"},"canonical":"https:\/\/now-news.de\/de\/deutschland\/wirtschaftsexperte-fratzscher-klimaschutz-erhoeht-wohlstand-und-wachstum\/","og_locale":"de_DE","og_type":"article","og_title":"&quot;Wirtschaftsexperte&quot; Fratzscher: &quot;Klimaschutz erh\u00f6ht Wohlstand (und Wachstum)&quot;","og_description":"In einem Artikel f\u00fcr das Handelsblatt sieht Politikberater und Pr\u00e4sident des Deutschen Instituts f\u00fcr Wirtschaftsforschung, Marcel Fratzscher, beim Thema &#8220;Klimaschutz&#8221; mehr Chancen als Risiken f\u00fcr die deutsche Volkswirtschaft &#8211; aber nur, &#8220;wenn wir unser bisheriges Verst\u00e4ndnis von Wohlstand&#8221; \u00fcberdenken. In einem Gastbeitrag f\u00fcr das Handelsblatt\u00a0betont der Chef des\u00a0Deutschen Instituts f\u00fcr Wirtschaftsforschung, Marcel Fratzscher, die angeblichen [&hellip;]","og_url":"https:\/\/now-news.de\/de\/deutschland\/wirtschaftsexperte-fratzscher-klimaschutz-erhoeht-wohlstand-und-wachstum\/","og_site_name":"just-now.NEWS Deutschland","article_publisher":"https:\/\/www.facebook.com\/wirmachenauf","article_published_time":"2023-08-16T16:23:07+00:00","og_image":[{"width":460,"height":259,"url":"https:\/\/now-news.de\/de\/wp-content\/uploads\/sites\/3\/2023\/08\/quotWirtschaftsexpertequot-Fratzscher-quotKlimaschutz-erhoeht-Wohlstand-und-Wachstumquot.jpg","type":"image\/jpeg"}],"author":"rtnews","twitter_card":"summary_large_image","twitter_creator":"@WirMachenAuf_de","twitter_site":"@WirMachenAuf_de","twitter_misc":{"Verfasst von":"rtnews","Gesch\u00e4tzte Lesezeit":"2\u00a0Minuten"},"schema":{"@context":"https:\/\/schema.org","@graph":[{"@type":"Article","@id":"https:\/\/now-news.de\/de\/deutschland\/wirtschaftsexperte-fratzscher-klimaschutz-erhoeht-wohlstand-und-wachstum\/#article","isPartOf":{"@id":"https:\/\/now-news.de\/de\/deutschland\/wirtschaftsexperte-fratzscher-klimaschutz-erhoeht-wohlstand-und-wachstum\/"},"author":{"name":"rtnews","@id":"https:\/\/now-news.de\/de\/#\/schema\/person\/fb534a4e865501d8b3285208df34a9b5"},"headline":"&quot;Wirtschaftsexperte&quot; Fratzscher: &quot;Klimaschutz erh\u00f6ht Wohlstand (und Wachstum)&quot;","datePublished":"2023-08-16T16:23:07+00:00","dateModified":"2023-08-16T16:23:07+00:00","mainEntityOfPage":{"@id":"https:\/\/now-news.de\/de\/deutschland\/wirtschaftsexperte-fratzscher-klimaschutz-erhoeht-wohlstand-und-wachstum\/"},"wordCount":440,"commentCount":0,"publisher":{"@id":"https:\/\/now-news.de\/de\/#organization"},"image":{"@id":"https:\/\/now-news.de\/de\/deutschland\/wirtschaftsexperte-fratzscher-klimaschutz-erhoeht-wohlstand-und-wachstum\/#primaryimage"},"thumbnailUrl":"https:\/\/now-news.de\/de\/wp-content\/uploads\/sites\/3\/2023\/08\/quotWirtschaftsexpertequot-Fratzscher-quotKlimaschutz-erhoeht-Wohlstand-und-Wachstumquot.jpg","keywords":["erh\u00f6ht","Fratzscher","quotKlimaschutz","quotWirtschaftsexpertequot","und","Wachstumquot","WOHLSTAND"],"articleSection":["Deutschland","Russland"],"inLanguage":"de","potentialAction":[{"@type":"CommentAction","name":"Comment","target":["https:\/\/now-news.de\/de\/deutschland\/wirtschaftsexperte-fratzscher-klimaschutz-erhoeht-wohlstand-und-wachstum\/#respond"]}]},{"@type":"WebPage","@id":"https:\/\/now-news.de\/de\/deutschland\/wirtschaftsexperte-fratzscher-klimaschutz-erhoeht-wohlstand-und-wachstum\/","url":"https:\/\/now-news.de\/de\/deutschland\/wirtschaftsexperte-fratzscher-klimaschutz-erhoeht-wohlstand-und-wachstum\/","name":"&quot;Wirtschaftsexperte&quot; Fratzscher: &quot;Klimaschutz erh\u00f6ht Wohlstand (und Wachstum)&quot; - just-now.NEWS Deutschland","isPartOf":{"@id":"https:\/\/now-news.de\/de\/#website"},"primaryImageOfPage":{"@id":"https:\/\/now-news.de\/de\/deutschland\/wirtschaftsexperte-fratzscher-klimaschutz-erhoeht-wohlstand-und-wachstum\/#primaryimage"},"image":{"@id":"https:\/\/now-news.de\/de\/deutschland\/wirtschaftsexperte-fratzscher-klimaschutz-erhoeht-wohlstand-und-wachstum\/#primaryimage"},"thumbnailUrl":"https:\/\/now-news.de\/de\/wp-content\/uploads\/sites\/3\/2023\/08\/quotWirtschaftsexpertequot-Fratzscher-quotKlimaschutz-erhoeht-Wohlstand-und-Wachstumquot.jpg","datePublished":"2023-08-16T16:23:07+00:00","dateModified":"2023-08-16T16:23:07+00:00","breadcrumb":{"@id":"https:\/\/now-news.de\/de\/deutschland\/wirtschaftsexperte-fratzscher-klimaschutz-erhoeht-wohlstand-und-wachstum\/#breadcrumb"},"inLanguage":"de","potentialAction":[{"@type":"ReadAction","target":["https:\/\/now-news.de\/de\/deutschland\/wirtschaftsexperte-fratzscher-klimaschutz-erhoeht-wohlstand-und-wachstum\/"]}]},{"@type":"ImageObject","inLanguage":"de","@id":"https:\/\/now-news.de\/de\/deutschland\/wirtschaftsexperte-fratzscher-klimaschutz-erhoeht-wohlstand-und-wachstum\/#primaryimage","url":"https:\/\/now-news.de\/de\/wp-content\/uploads\/sites\/3\/2023\/08\/quotWirtschaftsexpertequot-Fratzscher-quotKlimaschutz-erhoeht-Wohlstand-und-Wachstumquot.jpg","contentUrl":"https:\/\/now-news.de\/de\/wp-content\/uploads\/sites\/3\/2023\/08\/quotWirtschaftsexpertequot-Fratzscher-quotKlimaschutz-erhoeht-Wohlstand-und-Wachstumquot.jpg","width":460,"height":259,"caption":"&quot;Wirtschaftsexperte&quot; Fratzscher: &quot;Klimaschutz erh\u00f6ht Wohlstand (und Wachstum)&quot;"},{"@type":"BreadcrumbList","@id":"https:\/\/now-news.de\/de\/deutschland\/wirtschaftsexperte-fratzscher-klimaschutz-erhoeht-wohlstand-und-wachstum\/#breadcrumb","itemListElement":[{"@type":"ListItem","position":1,"name":"Home","item":"https:\/\/now-news.de\/de\/"},{"@type":"ListItem","position":2,"name":"&quot;Wirtschaftsexperte&quot; Fratzscher: &quot;Klimaschutz erh\u00f6ht Wohlstand (und Wachstum)&quot;"}]},{"@type":"WebSite","@id":"https:\/\/now-news.de\/de\/#website","url":"https:\/\/now-news.de\/de\/","name":"just-now.NEWS Deutschland","description":"Das Portal f\u00fcr unzensierte Nachrichten aus der Welt","publisher":{"@id":"https:\/\/now-news.de\/de\/#organization"},"potentialAction":[{"@type":"SearchAction","target":{"@type":"EntryPoint","urlTemplate":"https:\/\/now-news.de\/de\/?s={search_term_string}"},"query-input":"required name=search_term_string"}],"inLanguage":"de"},{"@type":"Organization","@id":"https:\/\/now-news.de\/de\/#organization","name":"Just Now News","url":"https:\/\/now-news.de\/de\/","logo":{"@type":"ImageObject","inLanguage":"de","@id":"https:\/\/now-news.de\/de\/#\/schema\/logo\/image\/","url":"http:\/\/just-now.news\/de\/wp-content\/uploads\/sites\/3\/2022\/04\/logo500x500.jpg","contentUrl":"http:\/\/just-now.news\/de\/wp-content\/uploads\/sites\/3\/2022\/04\/logo500x500.jpg","width":500,"height":500,"caption":"Just Now News"},"image":{"@id":"https:\/\/now-news.de\/de\/#\/schema\/logo\/image\/"},"sameAs":["https:\/\/www.facebook.com\/wirmachenauf","https:\/\/x.com\/WirMachenAuf_de"]},{"@type":"Person","@id":"https:\/\/now-news.de\/de\/#\/schema\/person\/fb534a4e865501d8b3285208df34a9b5","name":"rtnews","image":{"@type":"ImageObject","inLanguage":"de","@id":"https:\/\/now-news.de\/de\/#\/schema\/person\/image\/","url":"https:\/\/secure.gravatar.com\/avatar\/82aafea7d8127119dd649515f56e2117?s=96&d=mm&r=g","contentUrl":"https:\/\/secure.gravatar.com\/avatar\/82aafea7d8127119dd649515f56e2117?s=96&d=mm&r=g","caption":"rtnews"},"url":"https:\/\/now-news.de\/de\/author\/rnews\/"}]}},"_links":{"self":[{"href":"https:\/\/now-news.de\/de\/wp-json\/wp\/v2\/posts\/42084"}],"collection":[{"href":"https:\/\/now-news.de\/de\/wp-json\/wp\/v2\/posts"}],"about":[{"href":"https:\/\/now-news.de\/de\/wp-json\/wp\/v2\/types\/post"}],"author":[{"embeddable":true,"href":"https:\/\/now-news.de\/de\/wp-json\/wp\/v2\/users\/3"}],"replies":[{"embeddable":true,"href":"https:\/\/now-news.de\/de\/wp-json\/wp\/v2\/comments?post=42084"}],"version-history":[{"count":0,"href":"https:\/\/now-news.de\/de\/wp-json\/wp\/v2\/posts\/42084\/revisions"}],"wp:featuredmedia":[{"embeddable":true,"href":"https:\/\/now-news.de\/de\/wp-json\/wp\/v2\/media\/42085"}],"wp:attachment":[{"href":"https:\/\/now-news.de\/de\/wp-json\/wp\/v2\/media?parent=42084"}],"wp:term":[{"taxonomy":"category","embeddable":true,"href":"https:\/\/now-news.de\/de\/wp-json\/wp\/v2\/categories?post=42084"},{"taxonomy":"post_tag","embeddable":true,"href":"https:\/\/now-news.de\/de\/wp-json\/wp\/v2\/tags?post=42084"}],"curies":[{"name":"wp","href":"https:\/\/api.w.org\/{rel}","templated":true}]}}