{"id":42029,"date":"2023-08-15T18:50:33","date_gmt":"2023-08-15T16:50:33","guid":{"rendered":"https:\/\/just-now.news\/de\/deutschland\/studie-private-vermoegen-erstmals-seit-der-finanzkrise-in-2008-gesunken\/"},"modified":"2023-08-15T18:50:33","modified_gmt":"2023-08-15T16:50:33","slug":"studie-private-vermoegen-erstmals-seit-der-finanzkrise-in-2008-gesunken","status":"publish","type":"post","link":"https:\/\/now-news.de\/de\/deutschland\/studie-private-vermoegen-erstmals-seit-der-finanzkrise-in-2008-gesunken\/","title":{"rendered":"Studie: Private Verm\u00f6gen erstmals seit der Finanzkrise in 2008 gesunken"},"content":{"rendered":"<p><img decoding=\"async\" src=\"http:\/\/just-now.news\/de\/wp-content\/uploads\/sites\/3\/2023\/08\/64db7b2a48fbef530e19e102.jpg\" \/><\/p>\n<div class=\"Text-root Text-type_1 \">\n                Zwar sind die privaten Verm\u00f6gen seit der Finanzkrise 2008 erstmals wieder gesunken, doch laut dem aktuellen Global Wealth Report der Schweizer Banken UBS und Credit Suisse gibt es regionale Unterschiede. So ist zum Beispiel das Privatverm\u00f6gen in Lateinamerika gewachsen.\n            <\/div>\n<p><\/p>\n<div class=\"Text-root Text-type_5 ArticleView-text ViewText-root \">\n<p>Laut der am Dienstag ver\u00f6ffentlichten 14. Ausgabe des Global Wealth Reports ist das gesamte private Nettoverm\u00f6gen, gemessen in aktuellem nominalem US-Dollar, Ende 2022 im Vergleich zum Vorjahr um 2,4\u00a0Prozent gesunken.<\/p>\n<p>Dem Bericht zufolge, der von den Schweizer Banken UBS und Credit Suisse erstellt wird, sank das private Nettoverm\u00f6gen um 11,3 Billionen US-Dollar auf 454,4 Billionen US-Dollar. Auch das Verm\u00f6gen pro Erwachsenem ging um 3.198 US-Dollar auf 84.718 US-Dollar zur\u00fcck. Das ist ein R\u00fcckgang von 3,6 Prozent.<\/p>\n<p>Es ist gleichzeitig der erste R\u00fcckgang des Privatverm\u00f6gens seit der Finanzkrise im Jahr 2008. Laut der Studie l\u00e4sst sich ein Gro\u00dfteil des R\u00fcckgangs auf die Aufwertung des US-Dollars gegen\u00fcber zahlreichen anderen W\u00e4hrungen zur\u00fcckf\u00fchren.<\/p>\n<p>Finanzielle Verm\u00f6genswerte trugen 2022 am st\u00e4rksten zum Verm\u00f6gensr\u00fcckgang bei, w\u00e4hrend das nicht finanzielle Verm\u00f6gen, haupts\u00e4chlich Immobilien, trotz rasch steigender Zinsen stabil blieb.<\/p>\n<p>Doch die Studie zeigt auch regionale Unterschiede bei der Verm\u00f6gensentwicklung auf. Der Verlust des globalen Verm\u00f6gens konzentriert sich stark auf wohlhabendere Regionen wie Nordamerika und Europa, die zusammen 10,9 Billionen US-Dollar verloren haben.<\/p>\n<p>Ein gegenteiliger Trend zeigt sich hingegen in Lateinamerika. Dort verzeichnet die Studie einen Gesamtverm\u00f6genszuwachs von 2,4 Billionen US-Dollar. Dies, so der Bericht, sei beg\u00fcnstigt durch eine durchschnittliche W\u00e4hrungsaufwertung von 6 Prozent gegen\u00fcber dem US-Dollar.<\/p>\n<p>Weiter zeigt die Studie auf, dass Russland, Mexiko, Indien und Brasilien die h\u00f6chsten Verm\u00f6genszuw\u00e4chse erzielen konnten.<\/p>\n<p>Gemessen am Verm\u00f6gen pro Erwachsenem liegt die Schweiz mit 685.230 US-Dollar an der Spitze, gefolgt von den USA, Hongkong, Australien und D\u00e4nemark.<\/p>\n<p>Die Verfasser der Studie gegen davon aus, dass das weltweite Verm\u00f6gen in den n\u00e4chsten f\u00fcnf Jahren um 38 Prozent steigt und bis 2027 629 Billionen\u00a0US-Dollar erreicht.<\/p>\n<p>Zudem wird erwartet, dass das Wachstum in den L\u00e4ndern mit mittlerem Einkommen die Haupttriebkraft der globalen Trends sein wird.<\/p>\n<p><strong>Mehr zum Thema<\/strong> \u2013 <a rel=\"nofollow noopener\" target=\"_blank\" href=\"https:\/\/rtde.site\/international\/177684-chinas-aussenminister-wang-yi-bezeichnet-usa-als-groesste-quelle-von-instabilitaet-weltweit\/\">Chinas Au\u00dfenminister Wang Yi bezeichnet USA als gr\u00f6\u00dfte Quelle von Instabilit\u00e4t weltweit<\/a><\/p>\n<div class=\"EmbedBlock-root EmbedBlock-externalVideo EmbedBlock-odysee\">\n<div class=\"VkEmbed\"><iframe class=\"lazyload\" data-src=\"https:\/\/odysee.com\/%24\/embed\/%40RTDE%3Ae%2Fblackrock-kontrolliert-die-globale-wirtschaft-dr.-werner-r%C3%BCgemer-im-interview%3A0\" frameborder=\"0\" width=\"853\" height=\"480\" allowfullscreen><\/iframe><\/div>\n<\/div>\n<\/div>\n<p><br \/>\n<br \/><a href=\"https:\/\/de.rt.com\/international\/177946-studie-private-vermoegen-erstmals-seit\/\">Source link <\/a><\/p>\n","protected":false},"excerpt":{"rendered":"<p>Zwar sind die privaten Verm\u00f6gen seit der Finanzkrise 2008 erstmals wieder gesunken, doch laut dem aktuellen Global Wealth Report der Schweizer Banken UBS und Credit Suisse gibt es regionale Unterschiede. So ist zum Beispiel das Privatverm\u00f6gen in Lateinamerika gewachsen. Laut der am Dienstag ver\u00f6ffentlichten 14. Ausgabe des Global Wealth Reports ist das gesamte private Nettoverm\u00f6gen, [&hellip;]<\/p>\n","protected":false},"author":3,"featured_media":42030,"comment_status":"open","ping_status":"open","sticky":false,"template":"","format":"standard","meta":{"_yoast_indexnow_last_ping":["1692118701"],"wp_automatic_camp":["217"],"2595c9fbe5f6f3e6714319432eef19be":["Studie: Private Verm\u00f6gen erstmals seit der Finanzkrise in 2008 gesunken"],"original_link":["https:\/\/de.rt.com\/international\/177946-studie-private-vermoegen-erstmals-seit\/"],"_thumbnail_id":["42030"],"_wptgpro_p2tg_sent2tg":["a:1:{i:23737;s:19:\"2023-08-15 19:02:15\";}"],"jnews_social_counter_last_update":["1777370916"]},"categories":[19,23],"tags":[82,7182,699,1441,4256,1829,10038,7544],"yoast_head":"<!-- This site is optimized with the Yoast SEO Premium plugin v22.7 (Yoast SEO v22.7) - https:\/\/yoast.com\/wordpress\/plugins\/seo\/ -->\n<title>Studie: Private Verm\u00f6gen erstmals seit der Finanzkrise in 2008 gesunken - just-now.NEWS Deutschland<\/title>\n<meta name=\"robots\" content=\"index, follow, max-snippet:-1, max-image-preview:large, max-video-preview:-1\" \/>\n<link rel=\"canonical\" href=\"https:\/\/now-news.de\/de\/deutschland\/studie-private-vermoegen-erstmals-seit-der-finanzkrise-in-2008-gesunken\/\" \/>\n<meta property=\"og:locale\" content=\"de_DE\" \/>\n<meta property=\"og:type\" content=\"article\" \/>\n<meta property=\"og:title\" content=\"Studie: Private Verm\u00f6gen erstmals seit der Finanzkrise in 2008 gesunken\" \/>\n<meta property=\"og:description\" content=\"Zwar sind die privaten Verm\u00f6gen seit der Finanzkrise 2008 erstmals wieder gesunken, doch laut dem aktuellen Global Wealth Report der Schweizer Banken UBS und Credit Suisse gibt es regionale Unterschiede. So ist zum Beispiel das Privatverm\u00f6gen in Lateinamerika gewachsen. Laut der am Dienstag ver\u00f6ffentlichten 14. Ausgabe des Global Wealth Reports ist das gesamte private Nettoverm\u00f6gen, [&hellip;]\" \/>\n<meta property=\"og:url\" content=\"https:\/\/now-news.de\/de\/deutschland\/studie-private-vermoegen-erstmals-seit-der-finanzkrise-in-2008-gesunken\/\" \/>\n<meta property=\"og:site_name\" content=\"just-now.NEWS Deutschland\" \/>\n<meta property=\"article:publisher\" content=\"https:\/\/www.facebook.com\/wirmachenauf\" \/>\n<meta property=\"article:published_time\" content=\"2023-08-15T16:50:33+00:00\" \/>\n<meta property=\"og:image\" content=\"https:\/\/now-news.de\/de\/wp-content\/uploads\/sites\/3\/2023\/08\/Studie-Private-Vermoegen-erstmals-seit-der-Finanzkrise-in-2008-gesunken.jpg\" \/>\n\t<meta property=\"og:image:width\" content=\"460\" \/>\n\t<meta property=\"og:image:height\" content=\"259\" \/>\n\t<meta property=\"og:image:type\" content=\"image\/jpeg\" \/>\n<meta name=\"author\" content=\"rtnews\" \/>\n<meta name=\"twitter:card\" content=\"summary_large_image\" \/>\n<meta name=\"twitter:creator\" content=\"@WirMachenAuf_de\" \/>\n<meta name=\"twitter:site\" content=\"@WirMachenAuf_de\" \/>\n<meta name=\"twitter:label1\" content=\"Verfasst von\" \/>\n\t<meta name=\"twitter:data1\" content=\"rtnews\" \/>\n\t<meta name=\"twitter:label2\" content=\"Gesch\u00e4tzte Lesezeit\" \/>\n\t<meta name=\"twitter:data2\" content=\"2\u00a0Minuten\" \/>\n<script type=\"application\/ld+json\" class=\"yoast-schema-graph\">{\"@context\":\"https:\/\/schema.org\",\"@graph\":[{\"@type\":\"Article\",\"@id\":\"https:\/\/now-news.de\/de\/deutschland\/studie-private-vermoegen-erstmals-seit-der-finanzkrise-in-2008-gesunken\/#article\",\"isPartOf\":{\"@id\":\"https:\/\/now-news.de\/de\/deutschland\/studie-private-vermoegen-erstmals-seit-der-finanzkrise-in-2008-gesunken\/\"},\"author\":{\"name\":\"rtnews\",\"@id\":\"https:\/\/now-news.de\/de\/#\/schema\/person\/fb534a4e865501d8b3285208df34a9b5\"},\"headline\":\"Studie: Private Verm\u00f6gen erstmals seit der Finanzkrise in 2008 gesunken\",\"datePublished\":\"2023-08-15T16:50:33+00:00\",\"dateModified\":\"2023-08-15T16:50:33+00:00\",\"mainEntityOfPage\":{\"@id\":\"https:\/\/now-news.de\/de\/deutschland\/studie-private-vermoegen-erstmals-seit-der-finanzkrise-in-2008-gesunken\/\"},\"wordCount\":374,\"commentCount\":0,\"publisher\":{\"@id\":\"https:\/\/now-news.de\/de\/#organization\"},\"image\":{\"@id\":\"https:\/\/now-news.de\/de\/deutschland\/studie-private-vermoegen-erstmals-seit-der-finanzkrise-in-2008-gesunken\/#primaryimage\"},\"thumbnailUrl\":\"https:\/\/now-news.de\/de\/wp-content\/uploads\/sites\/3\/2023\/08\/Studie-Private-Vermoegen-erstmals-seit-der-Finanzkrise-in-2008-gesunken.jpg\",\"keywords\":[\"der\",\"Erstmals\",\"finanzkrise\",\"gesunken\",\"Private\",\"seit\",\"STUDIE\",\"Verm\u00f6gen\"],\"articleSection\":[\"Deutschland\",\"Russland\"],\"inLanguage\":\"de\",\"potentialAction\":[{\"@type\":\"CommentAction\",\"name\":\"Comment\",\"target\":[\"https:\/\/now-news.de\/de\/deutschland\/studie-private-vermoegen-erstmals-seit-der-finanzkrise-in-2008-gesunken\/#respond\"]}]},{\"@type\":\"WebPage\",\"@id\":\"https:\/\/now-news.de\/de\/deutschland\/studie-private-vermoegen-erstmals-seit-der-finanzkrise-in-2008-gesunken\/\",\"url\":\"https:\/\/now-news.de\/de\/deutschland\/studie-private-vermoegen-erstmals-seit-der-finanzkrise-in-2008-gesunken\/\",\"name\":\"Studie: Private Verm\u00f6gen erstmals seit der Finanzkrise in 2008 gesunken - just-now.NEWS Deutschland\",\"isPartOf\":{\"@id\":\"https:\/\/now-news.de\/de\/#website\"},\"primaryImageOfPage\":{\"@id\":\"https:\/\/now-news.de\/de\/deutschland\/studie-private-vermoegen-erstmals-seit-der-finanzkrise-in-2008-gesunken\/#primaryimage\"},\"image\":{\"@id\":\"https:\/\/now-news.de\/de\/deutschland\/studie-private-vermoegen-erstmals-seit-der-finanzkrise-in-2008-gesunken\/#primaryimage\"},\"thumbnailUrl\":\"https:\/\/now-news.de\/de\/wp-content\/uploads\/sites\/3\/2023\/08\/Studie-Private-Vermoegen-erstmals-seit-der-Finanzkrise-in-2008-gesunken.jpg\",\"datePublished\":\"2023-08-15T16:50:33+00:00\",\"dateModified\":\"2023-08-15T16:50:33+00:00\",\"breadcrumb\":{\"@id\":\"https:\/\/now-news.de\/de\/deutschland\/studie-private-vermoegen-erstmals-seit-der-finanzkrise-in-2008-gesunken\/#breadcrumb\"},\"inLanguage\":\"de\",\"potentialAction\":[{\"@type\":\"ReadAction\",\"target\":[\"https:\/\/now-news.de\/de\/deutschland\/studie-private-vermoegen-erstmals-seit-der-finanzkrise-in-2008-gesunken\/\"]}]},{\"@type\":\"ImageObject\",\"inLanguage\":\"de\",\"@id\":\"https:\/\/now-news.de\/de\/deutschland\/studie-private-vermoegen-erstmals-seit-der-finanzkrise-in-2008-gesunken\/#primaryimage\",\"url\":\"https:\/\/now-news.de\/de\/wp-content\/uploads\/sites\/3\/2023\/08\/Studie-Private-Vermoegen-erstmals-seit-der-Finanzkrise-in-2008-gesunken.jpg\",\"contentUrl\":\"https:\/\/now-news.de\/de\/wp-content\/uploads\/sites\/3\/2023\/08\/Studie-Private-Vermoegen-erstmals-seit-der-Finanzkrise-in-2008-gesunken.jpg\",\"width\":460,\"height\":259,\"caption\":\"Studie: Private Verm\u00f6gen erstmals seit der Finanzkrise in 2008 gesunken\"},{\"@type\":\"BreadcrumbList\",\"@id\":\"https:\/\/now-news.de\/de\/deutschland\/studie-private-vermoegen-erstmals-seit-der-finanzkrise-in-2008-gesunken\/#breadcrumb\",\"itemListElement\":[{\"@type\":\"ListItem\",\"position\":1,\"name\":\"Home\",\"item\":\"https:\/\/now-news.de\/de\/\"},{\"@type\":\"ListItem\",\"position\":2,\"name\":\"Studie: Private Verm\u00f6gen erstmals seit der Finanzkrise in 2008 gesunken\"}]},{\"@type\":\"WebSite\",\"@id\":\"https:\/\/now-news.de\/de\/#website\",\"url\":\"https:\/\/now-news.de\/de\/\",\"name\":\"just-now.NEWS Deutschland\",\"description\":\"Das Portal f\u00fcr unzensierte Nachrichten aus der Welt\",\"publisher\":{\"@id\":\"https:\/\/now-news.de\/de\/#organization\"},\"potentialAction\":[{\"@type\":\"SearchAction\",\"target\":{\"@type\":\"EntryPoint\",\"urlTemplate\":\"https:\/\/now-news.de\/de\/?s={search_term_string}\"},\"query-input\":\"required name=search_term_string\"}],\"inLanguage\":\"de\"},{\"@type\":\"Organization\",\"@id\":\"https:\/\/now-news.de\/de\/#organization\",\"name\":\"Just Now News\",\"url\":\"https:\/\/now-news.de\/de\/\",\"logo\":{\"@type\":\"ImageObject\",\"inLanguage\":\"de\",\"@id\":\"https:\/\/now-news.de\/de\/#\/schema\/logo\/image\/\",\"url\":\"http:\/\/just-now.news\/de\/wp-content\/uploads\/sites\/3\/2022\/04\/logo500x500.jpg\",\"contentUrl\":\"http:\/\/just-now.news\/de\/wp-content\/uploads\/sites\/3\/2022\/04\/logo500x500.jpg\",\"width\":500,\"height\":500,\"caption\":\"Just Now News\"},\"image\":{\"@id\":\"https:\/\/now-news.de\/de\/#\/schema\/logo\/image\/\"},\"sameAs\":[\"https:\/\/www.facebook.com\/wirmachenauf\",\"https:\/\/x.com\/WirMachenAuf_de\"]},{\"@type\":\"Person\",\"@id\":\"https:\/\/now-news.de\/de\/#\/schema\/person\/fb534a4e865501d8b3285208df34a9b5\",\"name\":\"rtnews\",\"image\":{\"@type\":\"ImageObject\",\"inLanguage\":\"de\",\"@id\":\"https:\/\/now-news.de\/de\/#\/schema\/person\/image\/\",\"url\":\"https:\/\/secure.gravatar.com\/avatar\/82aafea7d8127119dd649515f56e2117?s=96&d=mm&r=g\",\"contentUrl\":\"https:\/\/secure.gravatar.com\/avatar\/82aafea7d8127119dd649515f56e2117?s=96&d=mm&r=g\",\"caption\":\"rtnews\"},\"url\":\"https:\/\/now-news.de\/de\/author\/rnews\/\"}]}<\/script>\n<!-- \/ Yoast SEO Premium plugin. -->","yoast_head_json":{"title":"Studie: Private Verm\u00f6gen erstmals seit der Finanzkrise in 2008 gesunken - just-now.NEWS Deutschland","robots":{"index":"index","follow":"follow","max-snippet":"max-snippet:-1","max-image-preview":"max-image-preview:large","max-video-preview":"max-video-preview:-1"},"canonical":"https:\/\/now-news.de\/de\/deutschland\/studie-private-vermoegen-erstmals-seit-der-finanzkrise-in-2008-gesunken\/","og_locale":"de_DE","og_type":"article","og_title":"Studie: Private Verm\u00f6gen erstmals seit der Finanzkrise in 2008 gesunken","og_description":"Zwar sind die privaten Verm\u00f6gen seit der Finanzkrise 2008 erstmals wieder gesunken, doch laut dem aktuellen Global Wealth Report der Schweizer Banken UBS und Credit Suisse gibt es regionale Unterschiede. So ist zum Beispiel das Privatverm\u00f6gen in Lateinamerika gewachsen. Laut der am Dienstag ver\u00f6ffentlichten 14. Ausgabe des Global Wealth Reports ist das gesamte private Nettoverm\u00f6gen, [&hellip;]","og_url":"https:\/\/now-news.de\/de\/deutschland\/studie-private-vermoegen-erstmals-seit-der-finanzkrise-in-2008-gesunken\/","og_site_name":"just-now.NEWS Deutschland","article_publisher":"https:\/\/www.facebook.com\/wirmachenauf","article_published_time":"2023-08-15T16:50:33+00:00","og_image":[{"width":460,"height":259,"url":"https:\/\/now-news.de\/de\/wp-content\/uploads\/sites\/3\/2023\/08\/Studie-Private-Vermoegen-erstmals-seit-der-Finanzkrise-in-2008-gesunken.jpg","type":"image\/jpeg"}],"author":"rtnews","twitter_card":"summary_large_image","twitter_creator":"@WirMachenAuf_de","twitter_site":"@WirMachenAuf_de","twitter_misc":{"Verfasst von":"rtnews","Gesch\u00e4tzte Lesezeit":"2\u00a0Minuten"},"schema":{"@context":"https:\/\/schema.org","@graph":[{"@type":"Article","@id":"https:\/\/now-news.de\/de\/deutschland\/studie-private-vermoegen-erstmals-seit-der-finanzkrise-in-2008-gesunken\/#article","isPartOf":{"@id":"https:\/\/now-news.de\/de\/deutschland\/studie-private-vermoegen-erstmals-seit-der-finanzkrise-in-2008-gesunken\/"},"author":{"name":"rtnews","@id":"https:\/\/now-news.de\/de\/#\/schema\/person\/fb534a4e865501d8b3285208df34a9b5"},"headline":"Studie: Private Verm\u00f6gen erstmals seit der Finanzkrise in 2008 gesunken","datePublished":"2023-08-15T16:50:33+00:00","dateModified":"2023-08-15T16:50:33+00:00","mainEntityOfPage":{"@id":"https:\/\/now-news.de\/de\/deutschland\/studie-private-vermoegen-erstmals-seit-der-finanzkrise-in-2008-gesunken\/"},"wordCount":374,"commentCount":0,"publisher":{"@id":"https:\/\/now-news.de\/de\/#organization"},"image":{"@id":"https:\/\/now-news.de\/de\/deutschland\/studie-private-vermoegen-erstmals-seit-der-finanzkrise-in-2008-gesunken\/#primaryimage"},"thumbnailUrl":"https:\/\/now-news.de\/de\/wp-content\/uploads\/sites\/3\/2023\/08\/Studie-Private-Vermoegen-erstmals-seit-der-Finanzkrise-in-2008-gesunken.jpg","keywords":["der","Erstmals","finanzkrise","gesunken","Private","seit","STUDIE","Verm\u00f6gen"],"articleSection":["Deutschland","Russland"],"inLanguage":"de","potentialAction":[{"@type":"CommentAction","name":"Comment","target":["https:\/\/now-news.de\/de\/deutschland\/studie-private-vermoegen-erstmals-seit-der-finanzkrise-in-2008-gesunken\/#respond"]}]},{"@type":"WebPage","@id":"https:\/\/now-news.de\/de\/deutschland\/studie-private-vermoegen-erstmals-seit-der-finanzkrise-in-2008-gesunken\/","url":"https:\/\/now-news.de\/de\/deutschland\/studie-private-vermoegen-erstmals-seit-der-finanzkrise-in-2008-gesunken\/","name":"Studie: Private Verm\u00f6gen erstmals seit der Finanzkrise in 2008 gesunken - just-now.NEWS Deutschland","isPartOf":{"@id":"https:\/\/now-news.de\/de\/#website"},"primaryImageOfPage":{"@id":"https:\/\/now-news.de\/de\/deutschland\/studie-private-vermoegen-erstmals-seit-der-finanzkrise-in-2008-gesunken\/#primaryimage"},"image":{"@id":"https:\/\/now-news.de\/de\/deutschland\/studie-private-vermoegen-erstmals-seit-der-finanzkrise-in-2008-gesunken\/#primaryimage"},"thumbnailUrl":"https:\/\/now-news.de\/de\/wp-content\/uploads\/sites\/3\/2023\/08\/Studie-Private-Vermoegen-erstmals-seit-der-Finanzkrise-in-2008-gesunken.jpg","datePublished":"2023-08-15T16:50:33+00:00","dateModified":"2023-08-15T16:50:33+00:00","breadcrumb":{"@id":"https:\/\/now-news.de\/de\/deutschland\/studie-private-vermoegen-erstmals-seit-der-finanzkrise-in-2008-gesunken\/#breadcrumb"},"inLanguage":"de","potentialAction":[{"@type":"ReadAction","target":["https:\/\/now-news.de\/de\/deutschland\/studie-private-vermoegen-erstmals-seit-der-finanzkrise-in-2008-gesunken\/"]}]},{"@type":"ImageObject","inLanguage":"de","@id":"https:\/\/now-news.de\/de\/deutschland\/studie-private-vermoegen-erstmals-seit-der-finanzkrise-in-2008-gesunken\/#primaryimage","url":"https:\/\/now-news.de\/de\/wp-content\/uploads\/sites\/3\/2023\/08\/Studie-Private-Vermoegen-erstmals-seit-der-Finanzkrise-in-2008-gesunken.jpg","contentUrl":"https:\/\/now-news.de\/de\/wp-content\/uploads\/sites\/3\/2023\/08\/Studie-Private-Vermoegen-erstmals-seit-der-Finanzkrise-in-2008-gesunken.jpg","width":460,"height":259,"caption":"Studie: Private Verm\u00f6gen erstmals seit der Finanzkrise in 2008 gesunken"},{"@type":"BreadcrumbList","@id":"https:\/\/now-news.de\/de\/deutschland\/studie-private-vermoegen-erstmals-seit-der-finanzkrise-in-2008-gesunken\/#breadcrumb","itemListElement":[{"@type":"ListItem","position":1,"name":"Home","item":"https:\/\/now-news.de\/de\/"},{"@type":"ListItem","position":2,"name":"Studie: Private Verm\u00f6gen erstmals seit der Finanzkrise in 2008 gesunken"}]},{"@type":"WebSite","@id":"https:\/\/now-news.de\/de\/#website","url":"https:\/\/now-news.de\/de\/","name":"just-now.NEWS Deutschland","description":"Das Portal f\u00fcr unzensierte Nachrichten aus der Welt","publisher":{"@id":"https:\/\/now-news.de\/de\/#organization"},"potentialAction":[{"@type":"SearchAction","target":{"@type":"EntryPoint","urlTemplate":"https:\/\/now-news.de\/de\/?s={search_term_string}"},"query-input":"required name=search_term_string"}],"inLanguage":"de"},{"@type":"Organization","@id":"https:\/\/now-news.de\/de\/#organization","name":"Just Now News","url":"https:\/\/now-news.de\/de\/","logo":{"@type":"ImageObject","inLanguage":"de","@id":"https:\/\/now-news.de\/de\/#\/schema\/logo\/image\/","url":"http:\/\/just-now.news\/de\/wp-content\/uploads\/sites\/3\/2022\/04\/logo500x500.jpg","contentUrl":"http:\/\/just-now.news\/de\/wp-content\/uploads\/sites\/3\/2022\/04\/logo500x500.jpg","width":500,"height":500,"caption":"Just Now News"},"image":{"@id":"https:\/\/now-news.de\/de\/#\/schema\/logo\/image\/"},"sameAs":["https:\/\/www.facebook.com\/wirmachenauf","https:\/\/x.com\/WirMachenAuf_de"]},{"@type":"Person","@id":"https:\/\/now-news.de\/de\/#\/schema\/person\/fb534a4e865501d8b3285208df34a9b5","name":"rtnews","image":{"@type":"ImageObject","inLanguage":"de","@id":"https:\/\/now-news.de\/de\/#\/schema\/person\/image\/","url":"https:\/\/secure.gravatar.com\/avatar\/82aafea7d8127119dd649515f56e2117?s=96&d=mm&r=g","contentUrl":"https:\/\/secure.gravatar.com\/avatar\/82aafea7d8127119dd649515f56e2117?s=96&d=mm&r=g","caption":"rtnews"},"url":"https:\/\/now-news.de\/de\/author\/rnews\/"}]}},"_links":{"self":[{"href":"https:\/\/now-news.de\/de\/wp-json\/wp\/v2\/posts\/42029"}],"collection":[{"href":"https:\/\/now-news.de\/de\/wp-json\/wp\/v2\/posts"}],"about":[{"href":"https:\/\/now-news.de\/de\/wp-json\/wp\/v2\/types\/post"}],"author":[{"embeddable":true,"href":"https:\/\/now-news.de\/de\/wp-json\/wp\/v2\/users\/3"}],"replies":[{"embeddable":true,"href":"https:\/\/now-news.de\/de\/wp-json\/wp\/v2\/comments?post=42029"}],"version-history":[{"count":0,"href":"https:\/\/now-news.de\/de\/wp-json\/wp\/v2\/posts\/42029\/revisions"}],"wp:featuredmedia":[{"embeddable":true,"href":"https:\/\/now-news.de\/de\/wp-json\/wp\/v2\/media\/42030"}],"wp:attachment":[{"href":"https:\/\/now-news.de\/de\/wp-json\/wp\/v2\/media?parent=42029"}],"wp:term":[{"taxonomy":"category","embeddable":true,"href":"https:\/\/now-news.de\/de\/wp-json\/wp\/v2\/categories?post=42029"},{"taxonomy":"post_tag","embeddable":true,"href":"https:\/\/now-news.de\/de\/wp-json\/wp\/v2\/tags?post=42029"}],"curies":[{"name":"wp","href":"https:\/\/api.w.org\/{rel}","templated":true}]}}