{"id":41958,"date":"2023-08-14T15:02:41","date_gmt":"2023-08-14T13:02:41","guid":{"rendered":"https:\/\/just-now.news\/de\/deutschland\/polens-regierung-kuendigt-volksabstimmung-zur-geplanten-eu-asylpolitik-an\/"},"modified":"2023-08-14T15:02:41","modified_gmt":"2023-08-14T13:02:41","slug":"polens-regierung-kuendigt-volksabstimmung-zur-geplanten-eu-asylpolitik-an","status":"publish","type":"post","link":"https:\/\/now-news.de\/de\/deutschland\/polens-regierung-kuendigt-volksabstimmung-zur-geplanten-eu-asylpolitik-an\/","title":{"rendered":"Polens Regierung k\u00fcndigt Volksabstimmung zur geplanten EU-Asylpolitik an"},"content":{"rendered":"<p><img decoding=\"async\" src=\"http:\/\/just-now.news\/de\/wp-content\/uploads\/sites\/3\/2023\/08\/64d9fe7048fbef530e19e061.jpg\" \/><\/p>\n<div class=\"Text-root Text-type_1 \">\n                Der polnische Ministerpr\u00e4sident Mateusz Morawiecki hat angek\u00fcndigt, dass die Polen am 15. Oktober \u00fcber die Asylreform der EU abstimmen werden. Laut dem geplanten EU-Asylrecht, sollen L\u00e4nder, die die Aufnahme illegal eingereister Personen ablehnten,  zuk\u00fcnftig 20.000 Euro pro abgelehntem Fl\u00fcchtling bezahlen.\n            <\/div>\n<p><\/p>\n<div class=\"Text-root Text-type_5 ArticleView-text ViewText-root \">\n<p>Ende Juni beschlossen die EU-Innenminister eine Asylreform, wonach illegal in die EU eingereiste Fl\u00fcchtlinge auf die einzelnen Mitgliedsl\u00e4nder aufgeteilt werden. Gem\u00e4\u00df diesem Gesetzesentwurf m\u00fcssten L\u00e4nder, die die Aufnahme illegal eingereister Menschen weiterhin ablehnten, zuk\u00fcnftig 20.000 Euro pro abgewiesenem Fl\u00fcchtling bezahlen.<\/p>\n<p>Jetzt hat der polnische Ministerpr\u00e4sident Mateusz Morawiecki angek\u00fcndigt, die Bev\u00f6lkerung \u00fcber die EU-Asylreform abstimmen zu lassen. Wie die\u00a0<em>Zeit<\/em>\u00a0am Sonntag\u00a0<a rel=\"nofollow noopener\" target=\"_blank\" href=\"https:\/\/www.zeit.de\/politik\/ausland\/2023-08\/polen-eu-asylkompromiss-volksabstimmung\">berichtete<\/a>, erkl\u00e4rte Morawiecki am Wochenende auf X (vormals Twitter) per\u00a0<a rel=\"nofollow noopener\" target=\"_blank\" href=\"https:\/\/publish.twitter.com\/?query=https%3A%2F%2Ftwitter.com%2Fpisorgpl%2Fstatus%2F1690589004628910080&amp;widget=Tweet\">Videobotschaft<\/a>, ein solches Referendum solle parallel zu den Parlamentswahlen am 15. Oktober in Polen durchgef\u00fchrt werden. Der Videobotschaft zufolge soll bei dem Referendum den polnischen B\u00fcrgern konkret folgende Frage gestellt werden:<\/p>\n<blockquote>\n<p><em>&#8220;Unterst\u00fctzen Sie die Aufnahme Tausender illegaler Einwanderer aus dem Nahen Osten und Afrika im Rahmen des von der europ\u00e4ischen B\u00fcrokratie auferlegten Zwangsumsiedlungsmechanismus?&#8221;<\/em><\/p>\n<\/blockquote>\n<p>Im Video werden auch Bilder von brennenden Autos und Gewaltszenen auf den Stra\u00dfen Westeuropas eingespielt. Diese kommentierte der polnische Ministerpr\u00e4sident: &#8220;Wollt ihr, dass dies auch in Polen geschieht? Wollt ihr aufh\u00f6ren, die Herren eures eigenen Landes zu sein?&#8221;<\/p>\n<div class=\"EmbedBlock-root EmbedBlock-twitter\">\n<div class=\"TwitterEmbed\">\n<blockquote class=\"twitter-tweet lazyload\" data-twitter=\"twitter-tweet\">\n<p lang=\"pl\" dir=\"ltr\">\u2705 Dla nas zawsze decyduj\u0105cy jest g\u0142os zwyk\u0142ych Polak\u00f3w. Trzecie pytanie b\u0119dzie brzmia\u0142o \ud83d\udc47<a rel=\"nofollow noopener\" target=\"_blank\" href=\"https:\/\/twitter.com\/hashtag\/PolacyDecyduj%C4%85?src=hash&amp;ref_src=twsrc%5Etfw\">#PolacyDecyduj\u0105<\/a><a rel=\"nofollow noopener\" target=\"_blank\" href=\"https:\/\/t.co\/AUN9K7hlg4\">pic.twitter.com\/AUN9K7hlg4<\/a><\/p>\n<p>\u2014 Prawo i Sprawiedliwo\u015b\u0107 (@pisorgpl) <a rel=\"nofollow noopener\" target=\"_blank\" href=\"https:\/\/twitter.com\/pisorgpl\/status\/1690589004628910080?ref_src=twsrc%5Etfw\">August 13, 2023<\/a><\/p><\/blockquote>\n<\/div>\n<\/div>\n<p>Schlie\u00dflich griff der Regierungschef von der PiS-Partei (Recht und Gerechtigkeit) auch den Vorsitzenden der Oppositionspartei PO an. Morawiecki bezeichnete Donald Tusk als &#8220;gr\u00f6\u00dfte Bedrohung f\u00fcr unsere Sicherheit&#8221;. Schon im Juni habe der PiS-Vorsitzende Jaroslaw Kaczy\u0144ski in einer Parlamentsrede ein Referendum zur Fl\u00fcchtlingsaufnahme angek\u00fcndigt und der EU die Zustimmung zur geplanten Asylreform schon von vorneherein verweigert. In der Parlamentsrede habe Kaczy\u0144ski gesagt: &#8220;Wir werden nicht zustimmen, ebenso wenig wie die polnische Nation, und das muss Gegenstand eines Referendums sein.&#8221;<\/p>\n<p>Seit Beginn des Krieges in der Ukraine habe Polen mehr als eine Million ukrainische Fl\u00fcchtlinge aufgenommen. In muslimischen Migranten und in Migranten aus anderen Kulturen s\u00e4hen Regierungsvertreter eine Bedrohung f\u00fcr die kulturelle Identit\u00e4t ihres Landes, kommentierte die\u00a0<em>Zeit<\/em>\u00a0die angek\u00fcndigte Volksabstimmung in Polen.<\/p>\n<p>Insgesamt sollen die Polen laut der j\u00fcngsten Ank\u00fcndigung der PiS-Partei bei dem geplanten Referendum \u00fcber vier Fragen abstimmen,\u00a0<a rel=\"nofollow noopener\" target=\"_blank\" href=\"https:\/\/www.spiegel.de\/ausland\/polen-sollen-in-referendum-ueber-eu-asylkompromiss-abstimmen-a-66a974f5-39d9-4561-9883-99900adfffcb\">schrieb<\/a>\u00a0der\u00a0<em>Spiegel<\/em>\u00a0diesbez\u00fcglich am Montag: \u00fcber die Privatisierung staatlicher Unternehmen, \u00fcber die Anhebung des Renteneintrittsalters und die EU-Asylpolitik. Das vierte Thema w\u00fcrde am Montag bekannt gegeben.<\/p>\n<p><strong>Mehr zum Thema<\/strong> &#8211; <a rel=\"nofollow noopener\" target=\"_blank\" href=\"https:\/\/freedert.online\/kurzclips\/video\/176610-brandbrief-stadt-burg-an-bundeskanzler\/\">Brandbrief der Stadt Burg an Bundeskanzler \u2013 Kommunen mit Fl\u00fcchtlingspolitik \u00fcberfordert<\/a><\/p>\n<\/div>\n<p><script async src=\"https:\/\/platform.twitter.com\/widgets.js\" charset=\"utf-8\"><\/script><br \/>\n<br \/><br \/>\n<br \/><a href=\"https:\/\/de.rt.com\/europa\/177824-polens-regierung-kuendigt-volksabstimmung-zur\/\">Source link <\/a><\/p>\n","protected":false},"excerpt":{"rendered":"<p>Der polnische Ministerpr\u00e4sident Mateusz Morawiecki hat angek\u00fcndigt, dass die Polen am 15. Oktober \u00fcber die Asylreform der EU abstimmen werden. Laut dem geplanten EU-Asylrecht, sollen L\u00e4nder, die die Aufnahme illegal eingereister Personen ablehnten, zuk\u00fcnftig 20.000 Euro pro abgelehntem Fl\u00fcchtling bezahlen. Ende Juni beschlossen die EU-Innenminister eine Asylreform, wonach illegal in die EU eingereiste Fl\u00fcchtlinge auf [&hellip;]<\/p>\n","protected":false},"author":3,"featured_media":41959,"comment_status":"open","ping_status":"open","sticky":false,"template":"","format":"standard","meta":{"_yoast_indexnow_last_ping":["1692018836"],"wp_automatic_camp":["217"],"3df884c2028069dfc6347b017729381e":["Polens Regierung k\u00fcndigt Volksabstimmung zur geplanten EU-Asylpolitik an"],"original_link":["https:\/\/de.rt.com\/europa\/177824-polens-regierung-kuendigt-volksabstimmung-zur\/"],"_thumbnail_id":["41959"],"_wptgpro_p2tg_sent2tg":["a:1:{i:23737;s:19:\"2023-08-14 15:15:07\";}"],"jnews_social_counter_last_update":["1777800566"]},"categories":[19,23],"tags":[47736,29541,4224,14418,46,23199,581],"yoast_head":"<!-- This site is optimized with the Yoast SEO Premium plugin v22.7 (Yoast SEO v22.7) - https:\/\/yoast.com\/wordpress\/plugins\/seo\/ -->\n<title>Polens Regierung k\u00fcndigt Volksabstimmung zur geplanten EU-Asylpolitik an - just-now.NEWS Deutschland<\/title>\n<meta name=\"robots\" content=\"index, follow, max-snippet:-1, max-image-preview:large, max-video-preview:-1\" \/>\n<link rel=\"canonical\" href=\"https:\/\/now-news.de\/de\/deutschland\/polens-regierung-kuendigt-volksabstimmung-zur-geplanten-eu-asylpolitik-an\/\" \/>\n<meta property=\"og:locale\" content=\"de_DE\" \/>\n<meta property=\"og:type\" content=\"article\" \/>\n<meta property=\"og:title\" content=\"Polens Regierung k\u00fcndigt Volksabstimmung zur geplanten EU-Asylpolitik an\" \/>\n<meta property=\"og:description\" content=\"Der polnische Ministerpr\u00e4sident Mateusz Morawiecki hat angek\u00fcndigt, dass die Polen am 15. Oktober \u00fcber die Asylreform der EU abstimmen werden. Laut dem geplanten EU-Asylrecht, sollen L\u00e4nder, die die Aufnahme illegal eingereister Personen ablehnten, zuk\u00fcnftig 20.000 Euro pro abgelehntem Fl\u00fcchtling bezahlen. Ende Juni beschlossen die EU-Innenminister eine Asylreform, wonach illegal in die EU eingereiste Fl\u00fcchtlinge auf [&hellip;]\" \/>\n<meta property=\"og:url\" content=\"https:\/\/now-news.de\/de\/deutschland\/polens-regierung-kuendigt-volksabstimmung-zur-geplanten-eu-asylpolitik-an\/\" \/>\n<meta property=\"og:site_name\" content=\"just-now.NEWS Deutschland\" \/>\n<meta property=\"article:publisher\" content=\"https:\/\/www.facebook.com\/wirmachenauf\" \/>\n<meta property=\"article:published_time\" content=\"2023-08-14T13:02:41+00:00\" \/>\n<meta property=\"og:image\" content=\"https:\/\/now-news.de\/de\/wp-content\/uploads\/sites\/3\/2023\/08\/Polens-Regierung-kuendigt-Volksabstimmung-zur-geplanten-EU-Asylpolitik-an.jpg\" \/>\n\t<meta property=\"og:image:width\" content=\"460\" \/>\n\t<meta property=\"og:image:height\" content=\"259\" \/>\n\t<meta property=\"og:image:type\" content=\"image\/jpeg\" \/>\n<meta name=\"author\" content=\"rtnews\" \/>\n<meta name=\"twitter:card\" content=\"summary_large_image\" \/>\n<meta name=\"twitter:creator\" content=\"@WirMachenAuf_de\" \/>\n<meta name=\"twitter:site\" content=\"@WirMachenAuf_de\" \/>\n<meta name=\"twitter:label1\" content=\"Verfasst von\" \/>\n\t<meta name=\"twitter:data1\" content=\"rtnews\" \/>\n\t<meta name=\"twitter:label2\" content=\"Gesch\u00e4tzte Lesezeit\" \/>\n\t<meta name=\"twitter:data2\" content=\"2\u00a0Minuten\" \/>\n<script type=\"application\/ld+json\" class=\"yoast-schema-graph\">{\"@context\":\"https:\/\/schema.org\",\"@graph\":[{\"@type\":\"Article\",\"@id\":\"https:\/\/now-news.de\/de\/deutschland\/polens-regierung-kuendigt-volksabstimmung-zur-geplanten-eu-asylpolitik-an\/#article\",\"isPartOf\":{\"@id\":\"https:\/\/now-news.de\/de\/deutschland\/polens-regierung-kuendigt-volksabstimmung-zur-geplanten-eu-asylpolitik-an\/\"},\"author\":{\"name\":\"rtnews\",\"@id\":\"https:\/\/now-news.de\/de\/#\/schema\/person\/fb534a4e865501d8b3285208df34a9b5\"},\"headline\":\"Polens Regierung k\u00fcndigt Volksabstimmung zur geplanten EU-Asylpolitik an\",\"datePublished\":\"2023-08-14T13:02:41+00:00\",\"dateModified\":\"2023-08-14T13:02:41+00:00\",\"mainEntityOfPage\":{\"@id\":\"https:\/\/now-news.de\/de\/deutschland\/polens-regierung-kuendigt-volksabstimmung-zur-geplanten-eu-asylpolitik-an\/\"},\"wordCount\":460,\"commentCount\":0,\"publisher\":{\"@id\":\"https:\/\/now-news.de\/de\/#organization\"},\"image\":{\"@id\":\"https:\/\/now-news.de\/de\/deutschland\/polens-regierung-kuendigt-volksabstimmung-zur-geplanten-eu-asylpolitik-an\/#primaryimage\"},\"thumbnailUrl\":\"https:\/\/now-news.de\/de\/wp-content\/uploads\/sites\/3\/2023\/08\/Polens-Regierung-kuendigt-Volksabstimmung-zur-geplanten-EU-Asylpolitik-an.jpg\",\"keywords\":[\"EUAsylpolitik\",\"geplanten\",\"k\u00fcndigt\",\"Polens\",\"Regierung\",\"Volksabstimmung\",\"zur\"],\"articleSection\":[\"Deutschland\",\"Russland\"],\"inLanguage\":\"de\",\"potentialAction\":[{\"@type\":\"CommentAction\",\"name\":\"Comment\",\"target\":[\"https:\/\/now-news.de\/de\/deutschland\/polens-regierung-kuendigt-volksabstimmung-zur-geplanten-eu-asylpolitik-an\/#respond\"]}]},{\"@type\":\"WebPage\",\"@id\":\"https:\/\/now-news.de\/de\/deutschland\/polens-regierung-kuendigt-volksabstimmung-zur-geplanten-eu-asylpolitik-an\/\",\"url\":\"https:\/\/now-news.de\/de\/deutschland\/polens-regierung-kuendigt-volksabstimmung-zur-geplanten-eu-asylpolitik-an\/\",\"name\":\"Polens Regierung k\u00fcndigt Volksabstimmung zur geplanten EU-Asylpolitik an - just-now.NEWS Deutschland\",\"isPartOf\":{\"@id\":\"https:\/\/now-news.de\/de\/#website\"},\"primaryImageOfPage\":{\"@id\":\"https:\/\/now-news.de\/de\/deutschland\/polens-regierung-kuendigt-volksabstimmung-zur-geplanten-eu-asylpolitik-an\/#primaryimage\"},\"image\":{\"@id\":\"https:\/\/now-news.de\/de\/deutschland\/polens-regierung-kuendigt-volksabstimmung-zur-geplanten-eu-asylpolitik-an\/#primaryimage\"},\"thumbnailUrl\":\"https:\/\/now-news.de\/de\/wp-content\/uploads\/sites\/3\/2023\/08\/Polens-Regierung-kuendigt-Volksabstimmung-zur-geplanten-EU-Asylpolitik-an.jpg\",\"datePublished\":\"2023-08-14T13:02:41+00:00\",\"dateModified\":\"2023-08-14T13:02:41+00:00\",\"breadcrumb\":{\"@id\":\"https:\/\/now-news.de\/de\/deutschland\/polens-regierung-kuendigt-volksabstimmung-zur-geplanten-eu-asylpolitik-an\/#breadcrumb\"},\"inLanguage\":\"de\",\"potentialAction\":[{\"@type\":\"ReadAction\",\"target\":[\"https:\/\/now-news.de\/de\/deutschland\/polens-regierung-kuendigt-volksabstimmung-zur-geplanten-eu-asylpolitik-an\/\"]}]},{\"@type\":\"ImageObject\",\"inLanguage\":\"de\",\"@id\":\"https:\/\/now-news.de\/de\/deutschland\/polens-regierung-kuendigt-volksabstimmung-zur-geplanten-eu-asylpolitik-an\/#primaryimage\",\"url\":\"https:\/\/now-news.de\/de\/wp-content\/uploads\/sites\/3\/2023\/08\/Polens-Regierung-kuendigt-Volksabstimmung-zur-geplanten-EU-Asylpolitik-an.jpg\",\"contentUrl\":\"https:\/\/now-news.de\/de\/wp-content\/uploads\/sites\/3\/2023\/08\/Polens-Regierung-kuendigt-Volksabstimmung-zur-geplanten-EU-Asylpolitik-an.jpg\",\"width\":460,\"height\":259,\"caption\":\"Polens Regierung k\u00fcndigt Volksabstimmung zur geplanten EU-Asylpolitik an\"},{\"@type\":\"BreadcrumbList\",\"@id\":\"https:\/\/now-news.de\/de\/deutschland\/polens-regierung-kuendigt-volksabstimmung-zur-geplanten-eu-asylpolitik-an\/#breadcrumb\",\"itemListElement\":[{\"@type\":\"ListItem\",\"position\":1,\"name\":\"Home\",\"item\":\"https:\/\/now-news.de\/de\/\"},{\"@type\":\"ListItem\",\"position\":2,\"name\":\"Polens Regierung k\u00fcndigt Volksabstimmung zur geplanten EU-Asylpolitik an\"}]},{\"@type\":\"WebSite\",\"@id\":\"https:\/\/now-news.de\/de\/#website\",\"url\":\"https:\/\/now-news.de\/de\/\",\"name\":\"just-now.NEWS Deutschland\",\"description\":\"Das Portal f\u00fcr unzensierte Nachrichten aus der Welt\",\"publisher\":{\"@id\":\"https:\/\/now-news.de\/de\/#organization\"},\"potentialAction\":[{\"@type\":\"SearchAction\",\"target\":{\"@type\":\"EntryPoint\",\"urlTemplate\":\"https:\/\/now-news.de\/de\/?s={search_term_string}\"},\"query-input\":\"required name=search_term_string\"}],\"inLanguage\":\"de\"},{\"@type\":\"Organization\",\"@id\":\"https:\/\/now-news.de\/de\/#organization\",\"name\":\"Just Now News\",\"url\":\"https:\/\/now-news.de\/de\/\",\"logo\":{\"@type\":\"ImageObject\",\"inLanguage\":\"de\",\"@id\":\"https:\/\/now-news.de\/de\/#\/schema\/logo\/image\/\",\"url\":\"http:\/\/just-now.news\/de\/wp-content\/uploads\/sites\/3\/2022\/04\/logo500x500.jpg\",\"contentUrl\":\"http:\/\/just-now.news\/de\/wp-content\/uploads\/sites\/3\/2022\/04\/logo500x500.jpg\",\"width\":500,\"height\":500,\"caption\":\"Just Now News\"},\"image\":{\"@id\":\"https:\/\/now-news.de\/de\/#\/schema\/logo\/image\/\"},\"sameAs\":[\"https:\/\/www.facebook.com\/wirmachenauf\",\"https:\/\/x.com\/WirMachenAuf_de\"]},{\"@type\":\"Person\",\"@id\":\"https:\/\/now-news.de\/de\/#\/schema\/person\/fb534a4e865501d8b3285208df34a9b5\",\"name\":\"rtnews\",\"image\":{\"@type\":\"ImageObject\",\"inLanguage\":\"de\",\"@id\":\"https:\/\/now-news.de\/de\/#\/schema\/person\/image\/\",\"url\":\"https:\/\/secure.gravatar.com\/avatar\/82aafea7d8127119dd649515f56e2117?s=96&d=mm&r=g\",\"contentUrl\":\"https:\/\/secure.gravatar.com\/avatar\/82aafea7d8127119dd649515f56e2117?s=96&d=mm&r=g\",\"caption\":\"rtnews\"},\"url\":\"https:\/\/now-news.de\/de\/author\/rnews\/\"}]}<\/script>\n<!-- \/ Yoast SEO Premium plugin. -->","yoast_head_json":{"title":"Polens Regierung k\u00fcndigt Volksabstimmung zur geplanten EU-Asylpolitik an - just-now.NEWS Deutschland","robots":{"index":"index","follow":"follow","max-snippet":"max-snippet:-1","max-image-preview":"max-image-preview:large","max-video-preview":"max-video-preview:-1"},"canonical":"https:\/\/now-news.de\/de\/deutschland\/polens-regierung-kuendigt-volksabstimmung-zur-geplanten-eu-asylpolitik-an\/","og_locale":"de_DE","og_type":"article","og_title":"Polens Regierung k\u00fcndigt Volksabstimmung zur geplanten EU-Asylpolitik an","og_description":"Der polnische Ministerpr\u00e4sident Mateusz Morawiecki hat angek\u00fcndigt, dass die Polen am 15. Oktober \u00fcber die Asylreform der EU abstimmen werden. Laut dem geplanten EU-Asylrecht, sollen L\u00e4nder, die die Aufnahme illegal eingereister Personen ablehnten, zuk\u00fcnftig 20.000 Euro pro abgelehntem Fl\u00fcchtling bezahlen. Ende Juni beschlossen die EU-Innenminister eine Asylreform, wonach illegal in die EU eingereiste Fl\u00fcchtlinge auf [&hellip;]","og_url":"https:\/\/now-news.de\/de\/deutschland\/polens-regierung-kuendigt-volksabstimmung-zur-geplanten-eu-asylpolitik-an\/","og_site_name":"just-now.NEWS Deutschland","article_publisher":"https:\/\/www.facebook.com\/wirmachenauf","article_published_time":"2023-08-14T13:02:41+00:00","og_image":[{"width":460,"height":259,"url":"https:\/\/now-news.de\/de\/wp-content\/uploads\/sites\/3\/2023\/08\/Polens-Regierung-kuendigt-Volksabstimmung-zur-geplanten-EU-Asylpolitik-an.jpg","type":"image\/jpeg"}],"author":"rtnews","twitter_card":"summary_large_image","twitter_creator":"@WirMachenAuf_de","twitter_site":"@WirMachenAuf_de","twitter_misc":{"Verfasst von":"rtnews","Gesch\u00e4tzte Lesezeit":"2\u00a0Minuten"},"schema":{"@context":"https:\/\/schema.org","@graph":[{"@type":"Article","@id":"https:\/\/now-news.de\/de\/deutschland\/polens-regierung-kuendigt-volksabstimmung-zur-geplanten-eu-asylpolitik-an\/#article","isPartOf":{"@id":"https:\/\/now-news.de\/de\/deutschland\/polens-regierung-kuendigt-volksabstimmung-zur-geplanten-eu-asylpolitik-an\/"},"author":{"name":"rtnews","@id":"https:\/\/now-news.de\/de\/#\/schema\/person\/fb534a4e865501d8b3285208df34a9b5"},"headline":"Polens Regierung k\u00fcndigt Volksabstimmung zur geplanten EU-Asylpolitik an","datePublished":"2023-08-14T13:02:41+00:00","dateModified":"2023-08-14T13:02:41+00:00","mainEntityOfPage":{"@id":"https:\/\/now-news.de\/de\/deutschland\/polens-regierung-kuendigt-volksabstimmung-zur-geplanten-eu-asylpolitik-an\/"},"wordCount":460,"commentCount":0,"publisher":{"@id":"https:\/\/now-news.de\/de\/#organization"},"image":{"@id":"https:\/\/now-news.de\/de\/deutschland\/polens-regierung-kuendigt-volksabstimmung-zur-geplanten-eu-asylpolitik-an\/#primaryimage"},"thumbnailUrl":"https:\/\/now-news.de\/de\/wp-content\/uploads\/sites\/3\/2023\/08\/Polens-Regierung-kuendigt-Volksabstimmung-zur-geplanten-EU-Asylpolitik-an.jpg","keywords":["EUAsylpolitik","geplanten","k\u00fcndigt","Polens","Regierung","Volksabstimmung","zur"],"articleSection":["Deutschland","Russland"],"inLanguage":"de","potentialAction":[{"@type":"CommentAction","name":"Comment","target":["https:\/\/now-news.de\/de\/deutschland\/polens-regierung-kuendigt-volksabstimmung-zur-geplanten-eu-asylpolitik-an\/#respond"]}]},{"@type":"WebPage","@id":"https:\/\/now-news.de\/de\/deutschland\/polens-regierung-kuendigt-volksabstimmung-zur-geplanten-eu-asylpolitik-an\/","url":"https:\/\/now-news.de\/de\/deutschland\/polens-regierung-kuendigt-volksabstimmung-zur-geplanten-eu-asylpolitik-an\/","name":"Polens Regierung k\u00fcndigt Volksabstimmung zur geplanten EU-Asylpolitik an - just-now.NEWS Deutschland","isPartOf":{"@id":"https:\/\/now-news.de\/de\/#website"},"primaryImageOfPage":{"@id":"https:\/\/now-news.de\/de\/deutschland\/polens-regierung-kuendigt-volksabstimmung-zur-geplanten-eu-asylpolitik-an\/#primaryimage"},"image":{"@id":"https:\/\/now-news.de\/de\/deutschland\/polens-regierung-kuendigt-volksabstimmung-zur-geplanten-eu-asylpolitik-an\/#primaryimage"},"thumbnailUrl":"https:\/\/now-news.de\/de\/wp-content\/uploads\/sites\/3\/2023\/08\/Polens-Regierung-kuendigt-Volksabstimmung-zur-geplanten-EU-Asylpolitik-an.jpg","datePublished":"2023-08-14T13:02:41+00:00","dateModified":"2023-08-14T13:02:41+00:00","breadcrumb":{"@id":"https:\/\/now-news.de\/de\/deutschland\/polens-regierung-kuendigt-volksabstimmung-zur-geplanten-eu-asylpolitik-an\/#breadcrumb"},"inLanguage":"de","potentialAction":[{"@type":"ReadAction","target":["https:\/\/now-news.de\/de\/deutschland\/polens-regierung-kuendigt-volksabstimmung-zur-geplanten-eu-asylpolitik-an\/"]}]},{"@type":"ImageObject","inLanguage":"de","@id":"https:\/\/now-news.de\/de\/deutschland\/polens-regierung-kuendigt-volksabstimmung-zur-geplanten-eu-asylpolitik-an\/#primaryimage","url":"https:\/\/now-news.de\/de\/wp-content\/uploads\/sites\/3\/2023\/08\/Polens-Regierung-kuendigt-Volksabstimmung-zur-geplanten-EU-Asylpolitik-an.jpg","contentUrl":"https:\/\/now-news.de\/de\/wp-content\/uploads\/sites\/3\/2023\/08\/Polens-Regierung-kuendigt-Volksabstimmung-zur-geplanten-EU-Asylpolitik-an.jpg","width":460,"height":259,"caption":"Polens Regierung k\u00fcndigt Volksabstimmung zur geplanten EU-Asylpolitik an"},{"@type":"BreadcrumbList","@id":"https:\/\/now-news.de\/de\/deutschland\/polens-regierung-kuendigt-volksabstimmung-zur-geplanten-eu-asylpolitik-an\/#breadcrumb","itemListElement":[{"@type":"ListItem","position":1,"name":"Home","item":"https:\/\/now-news.de\/de\/"},{"@type":"ListItem","position":2,"name":"Polens Regierung k\u00fcndigt Volksabstimmung zur geplanten EU-Asylpolitik an"}]},{"@type":"WebSite","@id":"https:\/\/now-news.de\/de\/#website","url":"https:\/\/now-news.de\/de\/","name":"just-now.NEWS Deutschland","description":"Das Portal f\u00fcr unzensierte Nachrichten aus der Welt","publisher":{"@id":"https:\/\/now-news.de\/de\/#organization"},"potentialAction":[{"@type":"SearchAction","target":{"@type":"EntryPoint","urlTemplate":"https:\/\/now-news.de\/de\/?s={search_term_string}"},"query-input":"required name=search_term_string"}],"inLanguage":"de"},{"@type":"Organization","@id":"https:\/\/now-news.de\/de\/#organization","name":"Just Now News","url":"https:\/\/now-news.de\/de\/","logo":{"@type":"ImageObject","inLanguage":"de","@id":"https:\/\/now-news.de\/de\/#\/schema\/logo\/image\/","url":"http:\/\/just-now.news\/de\/wp-content\/uploads\/sites\/3\/2022\/04\/logo500x500.jpg","contentUrl":"http:\/\/just-now.news\/de\/wp-content\/uploads\/sites\/3\/2022\/04\/logo500x500.jpg","width":500,"height":500,"caption":"Just Now News"},"image":{"@id":"https:\/\/now-news.de\/de\/#\/schema\/logo\/image\/"},"sameAs":["https:\/\/www.facebook.com\/wirmachenauf","https:\/\/x.com\/WirMachenAuf_de"]},{"@type":"Person","@id":"https:\/\/now-news.de\/de\/#\/schema\/person\/fb534a4e865501d8b3285208df34a9b5","name":"rtnews","image":{"@type":"ImageObject","inLanguage":"de","@id":"https:\/\/now-news.de\/de\/#\/schema\/person\/image\/","url":"https:\/\/secure.gravatar.com\/avatar\/82aafea7d8127119dd649515f56e2117?s=96&d=mm&r=g","contentUrl":"https:\/\/secure.gravatar.com\/avatar\/82aafea7d8127119dd649515f56e2117?s=96&d=mm&r=g","caption":"rtnews"},"url":"https:\/\/now-news.de\/de\/author\/rnews\/"}]}},"_links":{"self":[{"href":"https:\/\/now-news.de\/de\/wp-json\/wp\/v2\/posts\/41958"}],"collection":[{"href":"https:\/\/now-news.de\/de\/wp-json\/wp\/v2\/posts"}],"about":[{"href":"https:\/\/now-news.de\/de\/wp-json\/wp\/v2\/types\/post"}],"author":[{"embeddable":true,"href":"https:\/\/now-news.de\/de\/wp-json\/wp\/v2\/users\/3"}],"replies":[{"embeddable":true,"href":"https:\/\/now-news.de\/de\/wp-json\/wp\/v2\/comments?post=41958"}],"version-history":[{"count":0,"href":"https:\/\/now-news.de\/de\/wp-json\/wp\/v2\/posts\/41958\/revisions"}],"wp:featuredmedia":[{"embeddable":true,"href":"https:\/\/now-news.de\/de\/wp-json\/wp\/v2\/media\/41959"}],"wp:attachment":[{"href":"https:\/\/now-news.de\/de\/wp-json\/wp\/v2\/media?parent=41958"}],"wp:term":[{"taxonomy":"category","embeddable":true,"href":"https:\/\/now-news.de\/de\/wp-json\/wp\/v2\/categories?post=41958"},{"taxonomy":"post_tag","embeddable":true,"href":"https:\/\/now-news.de\/de\/wp-json\/wp\/v2\/tags?post=41958"}],"curies":[{"name":"wp","href":"https:\/\/api.w.org\/{rel}","templated":true}]}}