{"id":41940,"date":"2023-08-14T09:38:56","date_gmt":"2023-08-14T07:38:56","guid":{"rendered":"https:\/\/just-now.news\/de\/deutschland\/wahlkampf-in-bayern-afd-politiker-in-augsburg-brutal-zusammengeschlagen\/"},"modified":"2023-08-14T09:38:56","modified_gmt":"2023-08-14T07:38:56","slug":"wahlkampf-in-bayern-afd-politiker-in-augsburg-brutal-zusammengeschlagen","status":"publish","type":"post","link":"https:\/\/now-news.de\/de\/deutschland\/wahlkampf-in-bayern-afd-politiker-in-augsburg-brutal-zusammengeschlagen\/","title":{"rendered":"Wahlkampf in Bayern: AfD-Politiker in Augsburg brutal zusammengeschlagen"},"content":{"rendered":"<p><img decoding=\"async\" src=\"http:\/\/just-now.news\/de\/wp-content\/uploads\/sites\/3\/2023\/08\/64d9d0f648fbef544b1e518c.PNG\" \/><\/p>\n<div class=\"Text-root Text-type_1 \">\n                Ein AfD-Politiker ist in Augsburg nach einer Wahlkampfveranstaltung \u00fcberfallen und brutal zusammengeschlagen worden. Das berichtete der verletzte Politiker selbst in einem Videointerview. Eine Best\u00e4tigung vonseiten der Polizei gibt es noch nicht. Der mediale Mainstream schweigt.\n            <\/div>\n<p><\/p>\n<div class=\"Text-root Text-type_5 ArticleView-text ViewText-root \">\n<p>Der bayerische AfD-Politiker Andreas Jurca ist in der Nacht zum Sonnabend in Augsburg \u00fcberfallen und krankenhausreif geschlagen worden. Das berichtete Jurca selbst in einem <a rel=\"nofollow noopener\" target=\"_blank\" href=\"https:\/\/www.youtube.com\/watch?v=w7lLavi8Oyo\">Videointerview<\/a> mit dem <em>Deutschland-Kurier<\/em>. Demnach kam es zu dem \u00dcberfall, als\u00a0er nach einem Grillfest bei Wahlkampfhelfern einen Parteifreund nach Hause begleitete.\u00a0<\/p>\n<p>Auf dem Weg von der Feier sei ihnen eine Gruppe begegnet, die zumindest zum Teil aus &#8220;S\u00fcdl\u00e4ndern&#8221; bestanden habe \u2013 &#8220;Mit S\u00fcdl\u00e4ndern meine ich jetzt nicht Spanier oder Italiener&#8221;, erkl\u00e4rte Jurca. Wie gro\u00df die Gruppe war, konnte er nicht sagen. Ein Mann habe ihn gefragt: &#8220;Bist Du nicht der Andreas Jurca von den Plakaten?&#8221;, und habe ihm die Hand ausgestreckt. Noch ehe er einschlagen konnte, sei er niedergeschlagen worden.<\/p>\n<p>Er habe f\u00fcr kurze Zeit das Bewusstsein verloren und sich dann auf dem Boden wiedergefunden. Die M\u00e4nner h\u00e4tten auf ihn eingetreten. Dabei erlitt der AfD-Politiker schwere Prellungen im Gesicht und weitere Verletzungen. Die Schl\u00e4ger brachen ihm nach eigenen Angaben auch das Sprunggelenk. Auch sein Parteifreund sei verletzt worden, aber weniger schwer als er.<\/p>\n<p>Nachdem\u00a0Jurca zu Hause angelangt sei, h\u00e4tten ihn seine Frau und seine Mutter \u00fcberzeugt, ins Krankenhaus\u00a0zu fahren. Dort h\u00e4tten die \u00c4rzte den Bruch im Sprunggelenk festgestellt. Die Mediziner h\u00e4tten ihn wegen seiner Kopfverletzungen \u00fcber Nacht in der Klinik behalten wollen, &#8220;aber ich wollte nach Hause, wollte auch wieder zu meinen Kindern&#8221;.\u00a0<\/p>\n<div class=\"EmbedBlock-root EmbedBlock-twitter\">\n<div class=\"TwitterEmbed\">\n<blockquote class=\"twitter-tweet lazyload\" data-twitter=\"twitter-tweet\">\n<p lang=\"de\" dir=\"ltr\">Der AfD Politiker Andreas Jurca wurde attackiert, blo\u00df weil er Mitglied bei der AfD ist. F\u00fcrchterlich. Ich w\u00fcnsche diesem Mann gute Besserung und Genesung! <a rel=\"nofollow noopener\" target=\"_blank\" href=\"https:\/\/t.co\/wG8dcM5ghJ\">pic.twitter.com\/wG8dcM5ghJ<\/a><\/p>\n<p>\u2014 Ronai Chaker (@RonaiChaker) <a rel=\"nofollow noopener\" target=\"_blank\" href=\"https:\/\/twitter.com\/RonaiChaker\/status\/1690837720325570562?ref_src=twsrc%5Etfw\">August 13, 2023<\/a><\/p><\/blockquote>\n<\/div>\n<\/div>\n<p>Befragt nach dem Grund f\u00fcr den \u00dcberfall, erkl\u00e4rte Jurca:<\/p>\n<blockquote>\n<p><em>&#8220;Ich sehe ganz ehrlich die Schuld bei dieser Hetze gegen uns. Dass wir so verteufelt werden, dass wir so dargestellt werden, als ob wir diejenigen sind, die alle gef\u00e4hrden oder angreifen wollen.&#8221;\u00a0<\/em><\/p>\n<\/blockquote>\n<p>Der 35-J\u00e4hrige ist\u00a0Vorsitzender der Augsburger AfD und ihr Fraktionsvorsitzender im Stadtrat.\u00a0Er kandidiert auf Platz sieben der Landesliste seiner Partei f\u00fcr den Bayerischen Landtag. Die Landtagswahl in Bayern findet am 8. Oktober statt.<\/p>\n<p>Von der Polizei, bei der\u00a0Jurca\u00a0nach dem \u00dcberfall Anzeige erstattete, gibt es noch keine Best\u00e4tigung des Vorfalls. In den Mainstream-Medien wurde\u00a0nicht von dem\u00a0\u00dcberfall berichtet. Auf Twitter\/X \u00e4u\u00dferten AfD-Gegner den Verdacht, dass es sich dabei um eine Kneipenschl\u00e4gerei unter Betrunkenen gehandelt haben k\u00f6nnte und verwiesen auf einen entsprechenden Polizeibericht. Allerdings passen weder das Datum des Vorfalls noch das Alter der Beteiligten zu dem \u00dcberfall auf den AfD-Politiker.<\/p>\n<p>Andere Nutzer emp\u00f6rten sich dagegen \u00fcber das Schweigen der Medien. Einige Kommentatoren verwiesen auch auf Bundespr\u00e4sident Frank-Walter Steinmeier, der in der vergangenen Woche die AfD f\u00fcr die Verrohung der Gesellschaft verantwortlich gemacht und eindringlich vor einer Wahl der Partei gewarnt hatte:<\/p>\n<blockquote>\n<p><em>&#8220;Kein m\u00fcndiger W\u00e4hler kann sich auf mildernde Umst\u00e4nde herausreden, wenn er sehenden Auges politische Kr\u00e4fte st\u00e4rkt, die zur Verrohung unserer Gesellschaft und zur Aush\u00f6hlung der freiheitlichen Demokratie beitragen.&#8221;<\/em><\/p>\n<\/blockquote>\n<p>Die Antifa in Hessen hatte eine &#8220;Feindesliste&#8221; mit Namen und Adressen hessischer AfD-Politiker verbreitet und dazu aufgerufen, diese zu kontaktieren und zu attackieren:<\/p>\n<p><em>&#8220;Lasst uns der AfD jedoch vor allem auf militanter Weise begegnen, ihnen das Leben zur H\u00f6lle machen und zeigen, was wir von ihrer menschenverachtenden Politik halten.&#8221;\u00a0<\/em><\/p>\n<p><strong>Mehr zum Thema<\/strong> &#8211; <a rel=\"nofollow noopener\" target=\"_blank\" href=\"https:\/\/freedert.online\/inland\/177621-rechtsanwalt-markus-haintz-stellt-strafanzeige-gegen-hr-und-polizei\/\">Antifa-Feindesliste: Rechtsanwalt Markus Haintz stellt Strafanzeige gegen hr und Polizei<\/a><\/p>\n<\/p>\n<\/div>\n<p><script async src=\"https:\/\/platform.twitter.com\/widgets.js\" charset=\"utf-8\"><\/script><br \/>\n<br \/><br \/>\n<br \/><a href=\"https:\/\/de.rt.com\/inland\/177806-wahlkampf-in-bayern-afd-politiker\/\">Source link <\/a><\/p>\n","protected":false},"excerpt":{"rendered":"<p>Ein AfD-Politiker ist in Augsburg nach einer Wahlkampfveranstaltung \u00fcberfallen und brutal zusammengeschlagen worden. Das berichtete der verletzte Politiker selbst in einem Videointerview. Eine Best\u00e4tigung vonseiten der Polizei gibt es noch nicht. Der mediale Mainstream schweigt. Der bayerische AfD-Politiker Andreas Jurca ist in der Nacht zum Sonnabend in Augsburg \u00fcberfallen und krankenhausreif geschlagen worden. Das berichtete [&hellip;]<\/p>\n","protected":false},"author":3,"featured_media":41941,"comment_status":"open","ping_status":"open","sticky":false,"template":"","format":"standard","meta":{"_yoast_indexnow_last_ping":["1692000473"],"wp_automatic_camp":["217"],"5d209fe9b8f9e06bf7a03d4af7058882":["Wahlkampf in Bayern: AfD-Politiker in Augsburg brutal zusammengeschlagen"],"original_link":["https:\/\/de.rt.com\/inland\/177806-wahlkampf-in-bayern-afd-politiker\/"],"_thumbnail_id":["41941"],"_wptgpro_p2tg_sent2tg":["a:1:{i:23737;s:19:\"2023-08-14 10:08:58\";}"],"jnews_social_counter_last_update":["1777649801"]},"categories":[19,23],"tags":[38951,16740,11374,6412,31772,47725],"yoast_head":"<!-- This site is optimized with the Yoast SEO Premium plugin v22.7 (Yoast SEO v22.7) - https:\/\/yoast.com\/wordpress\/plugins\/seo\/ -->\n<title>Wahlkampf in Bayern: AfD-Politiker in Augsburg brutal zusammengeschlagen - just-now.NEWS Deutschland<\/title>\n<meta name=\"robots\" content=\"index, follow, max-snippet:-1, max-image-preview:large, max-video-preview:-1\" \/>\n<link rel=\"canonical\" href=\"https:\/\/now-news.de\/de\/deutschland\/wahlkampf-in-bayern-afd-politiker-in-augsburg-brutal-zusammengeschlagen\/\" \/>\n<meta property=\"og:locale\" content=\"de_DE\" \/>\n<meta property=\"og:type\" content=\"article\" \/>\n<meta property=\"og:title\" content=\"Wahlkampf in Bayern: AfD-Politiker in Augsburg brutal zusammengeschlagen\" \/>\n<meta property=\"og:description\" content=\"Ein AfD-Politiker ist in Augsburg nach einer Wahlkampfveranstaltung \u00fcberfallen und brutal zusammengeschlagen worden. Das berichtete der verletzte Politiker selbst in einem Videointerview. Eine Best\u00e4tigung vonseiten der Polizei gibt es noch nicht. Der mediale Mainstream schweigt. Der bayerische AfD-Politiker Andreas Jurca ist in der Nacht zum Sonnabend in Augsburg \u00fcberfallen und krankenhausreif geschlagen worden. Das berichtete [&hellip;]\" \/>\n<meta property=\"og:url\" content=\"https:\/\/now-news.de\/de\/deutschland\/wahlkampf-in-bayern-afd-politiker-in-augsburg-brutal-zusammengeschlagen\/\" \/>\n<meta property=\"og:site_name\" content=\"just-now.NEWS Deutschland\" \/>\n<meta property=\"article:publisher\" content=\"https:\/\/www.facebook.com\/wirmachenauf\" \/>\n<meta property=\"article:published_time\" content=\"2023-08-14T07:38:56+00:00\" \/>\n<meta property=\"og:image\" content=\"https:\/\/now-news.de\/de\/wp-content\/uploads\/sites\/3\/2023\/08\/Wahlkampf-in-Bayern-AfD-Politiker-in-Augsburg-brutal-zusammengeschlagen.PNG\" \/>\n\t<meta property=\"og:image:width\" content=\"460\" \/>\n\t<meta property=\"og:image:height\" content=\"259\" \/>\n\t<meta property=\"og:image:type\" content=\"image\/png\" \/>\n<meta name=\"author\" content=\"rtnews\" \/>\n<meta name=\"twitter:card\" content=\"summary_large_image\" \/>\n<meta name=\"twitter:creator\" content=\"@WirMachenAuf_de\" \/>\n<meta name=\"twitter:site\" content=\"@WirMachenAuf_de\" \/>\n<meta name=\"twitter:label1\" content=\"Verfasst von\" \/>\n\t<meta name=\"twitter:data1\" content=\"rtnews\" \/>\n\t<meta name=\"twitter:label2\" content=\"Gesch\u00e4tzte Lesezeit\" \/>\n\t<meta name=\"twitter:data2\" content=\"3\u00a0Minuten\" \/>\n<script type=\"application\/ld+json\" class=\"yoast-schema-graph\">{\"@context\":\"https:\/\/schema.org\",\"@graph\":[{\"@type\":\"Article\",\"@id\":\"https:\/\/now-news.de\/de\/deutschland\/wahlkampf-in-bayern-afd-politiker-in-augsburg-brutal-zusammengeschlagen\/#article\",\"isPartOf\":{\"@id\":\"https:\/\/now-news.de\/de\/deutschland\/wahlkampf-in-bayern-afd-politiker-in-augsburg-brutal-zusammengeschlagen\/\"},\"author\":{\"name\":\"rtnews\",\"@id\":\"https:\/\/now-news.de\/de\/#\/schema\/person\/fb534a4e865501d8b3285208df34a9b5\"},\"headline\":\"Wahlkampf in Bayern: AfD-Politiker in Augsburg brutal zusammengeschlagen\",\"datePublished\":\"2023-08-14T07:38:56+00:00\",\"dateModified\":\"2023-08-14T07:38:56+00:00\",\"mainEntityOfPage\":{\"@id\":\"https:\/\/now-news.de\/de\/deutschland\/wahlkampf-in-bayern-afd-politiker-in-augsburg-brutal-zusammengeschlagen\/\"},\"wordCount\":609,\"commentCount\":0,\"publisher\":{\"@id\":\"https:\/\/now-news.de\/de\/#organization\"},\"image\":{\"@id\":\"https:\/\/now-news.de\/de\/deutschland\/wahlkampf-in-bayern-afd-politiker-in-augsburg-brutal-zusammengeschlagen\/#primaryimage\"},\"thumbnailUrl\":\"https:\/\/now-news.de\/de\/wp-content\/uploads\/sites\/3\/2023\/08\/Wahlkampf-in-Bayern-AfD-Politiker-in-Augsburg-brutal-zusammengeschlagen.PNG\",\"keywords\":[\"AfDPolitiker\",\"augsburg\",\"bayern\",\"brutal\",\"Wahlkampf\",\"zusammengeschlagen\"],\"articleSection\":[\"Deutschland\",\"Russland\"],\"inLanguage\":\"de\",\"potentialAction\":[{\"@type\":\"CommentAction\",\"name\":\"Comment\",\"target\":[\"https:\/\/now-news.de\/de\/deutschland\/wahlkampf-in-bayern-afd-politiker-in-augsburg-brutal-zusammengeschlagen\/#respond\"]}]},{\"@type\":\"WebPage\",\"@id\":\"https:\/\/now-news.de\/de\/deutschland\/wahlkampf-in-bayern-afd-politiker-in-augsburg-brutal-zusammengeschlagen\/\",\"url\":\"https:\/\/now-news.de\/de\/deutschland\/wahlkampf-in-bayern-afd-politiker-in-augsburg-brutal-zusammengeschlagen\/\",\"name\":\"Wahlkampf in Bayern: AfD-Politiker in Augsburg brutal zusammengeschlagen - just-now.NEWS Deutschland\",\"isPartOf\":{\"@id\":\"https:\/\/now-news.de\/de\/#website\"},\"primaryImageOfPage\":{\"@id\":\"https:\/\/now-news.de\/de\/deutschland\/wahlkampf-in-bayern-afd-politiker-in-augsburg-brutal-zusammengeschlagen\/#primaryimage\"},\"image\":{\"@id\":\"https:\/\/now-news.de\/de\/deutschland\/wahlkampf-in-bayern-afd-politiker-in-augsburg-brutal-zusammengeschlagen\/#primaryimage\"},\"thumbnailUrl\":\"https:\/\/now-news.de\/de\/wp-content\/uploads\/sites\/3\/2023\/08\/Wahlkampf-in-Bayern-AfD-Politiker-in-Augsburg-brutal-zusammengeschlagen.PNG\",\"datePublished\":\"2023-08-14T07:38:56+00:00\",\"dateModified\":\"2023-08-14T07:38:56+00:00\",\"breadcrumb\":{\"@id\":\"https:\/\/now-news.de\/de\/deutschland\/wahlkampf-in-bayern-afd-politiker-in-augsburg-brutal-zusammengeschlagen\/#breadcrumb\"},\"inLanguage\":\"de\",\"potentialAction\":[{\"@type\":\"ReadAction\",\"target\":[\"https:\/\/now-news.de\/de\/deutschland\/wahlkampf-in-bayern-afd-politiker-in-augsburg-brutal-zusammengeschlagen\/\"]}]},{\"@type\":\"ImageObject\",\"inLanguage\":\"de\",\"@id\":\"https:\/\/now-news.de\/de\/deutschland\/wahlkampf-in-bayern-afd-politiker-in-augsburg-brutal-zusammengeschlagen\/#primaryimage\",\"url\":\"https:\/\/now-news.de\/de\/wp-content\/uploads\/sites\/3\/2023\/08\/Wahlkampf-in-Bayern-AfD-Politiker-in-Augsburg-brutal-zusammengeschlagen.PNG\",\"contentUrl\":\"https:\/\/now-news.de\/de\/wp-content\/uploads\/sites\/3\/2023\/08\/Wahlkampf-in-Bayern-AfD-Politiker-in-Augsburg-brutal-zusammengeschlagen.PNG\",\"width\":460,\"height\":259,\"caption\":\"Wahlkampf in Bayern: AfD-Politiker in Augsburg brutal zusammengeschlagen\"},{\"@type\":\"BreadcrumbList\",\"@id\":\"https:\/\/now-news.de\/de\/deutschland\/wahlkampf-in-bayern-afd-politiker-in-augsburg-brutal-zusammengeschlagen\/#breadcrumb\",\"itemListElement\":[{\"@type\":\"ListItem\",\"position\":1,\"name\":\"Home\",\"item\":\"https:\/\/now-news.de\/de\/\"},{\"@type\":\"ListItem\",\"position\":2,\"name\":\"Wahlkampf in Bayern: AfD-Politiker in Augsburg brutal zusammengeschlagen\"}]},{\"@type\":\"WebSite\",\"@id\":\"https:\/\/now-news.de\/de\/#website\",\"url\":\"https:\/\/now-news.de\/de\/\",\"name\":\"just-now.NEWS Deutschland\",\"description\":\"Das Portal f\u00fcr unzensierte Nachrichten aus der Welt\",\"publisher\":{\"@id\":\"https:\/\/now-news.de\/de\/#organization\"},\"potentialAction\":[{\"@type\":\"SearchAction\",\"target\":{\"@type\":\"EntryPoint\",\"urlTemplate\":\"https:\/\/now-news.de\/de\/?s={search_term_string}\"},\"query-input\":\"required name=search_term_string\"}],\"inLanguage\":\"de\"},{\"@type\":\"Organization\",\"@id\":\"https:\/\/now-news.de\/de\/#organization\",\"name\":\"Just Now News\",\"url\":\"https:\/\/now-news.de\/de\/\",\"logo\":{\"@type\":\"ImageObject\",\"inLanguage\":\"de\",\"@id\":\"https:\/\/now-news.de\/de\/#\/schema\/logo\/image\/\",\"url\":\"http:\/\/just-now.news\/de\/wp-content\/uploads\/sites\/3\/2022\/04\/logo500x500.jpg\",\"contentUrl\":\"http:\/\/just-now.news\/de\/wp-content\/uploads\/sites\/3\/2022\/04\/logo500x500.jpg\",\"width\":500,\"height\":500,\"caption\":\"Just Now News\"},\"image\":{\"@id\":\"https:\/\/now-news.de\/de\/#\/schema\/logo\/image\/\"},\"sameAs\":[\"https:\/\/www.facebook.com\/wirmachenauf\",\"https:\/\/x.com\/WirMachenAuf_de\"]},{\"@type\":\"Person\",\"@id\":\"https:\/\/now-news.de\/de\/#\/schema\/person\/fb534a4e865501d8b3285208df34a9b5\",\"name\":\"rtnews\",\"image\":{\"@type\":\"ImageObject\",\"inLanguage\":\"de\",\"@id\":\"https:\/\/now-news.de\/de\/#\/schema\/person\/image\/\",\"url\":\"https:\/\/secure.gravatar.com\/avatar\/82aafea7d8127119dd649515f56e2117?s=96&d=mm&r=g\",\"contentUrl\":\"https:\/\/secure.gravatar.com\/avatar\/82aafea7d8127119dd649515f56e2117?s=96&d=mm&r=g\",\"caption\":\"rtnews\"},\"url\":\"https:\/\/now-news.de\/de\/author\/rnews\/\"}]}<\/script>\n<!-- \/ Yoast SEO Premium plugin. -->","yoast_head_json":{"title":"Wahlkampf in Bayern: AfD-Politiker in Augsburg brutal zusammengeschlagen - just-now.NEWS Deutschland","robots":{"index":"index","follow":"follow","max-snippet":"max-snippet:-1","max-image-preview":"max-image-preview:large","max-video-preview":"max-video-preview:-1"},"canonical":"https:\/\/now-news.de\/de\/deutschland\/wahlkampf-in-bayern-afd-politiker-in-augsburg-brutal-zusammengeschlagen\/","og_locale":"de_DE","og_type":"article","og_title":"Wahlkampf in Bayern: AfD-Politiker in Augsburg brutal zusammengeschlagen","og_description":"Ein AfD-Politiker ist in Augsburg nach einer Wahlkampfveranstaltung \u00fcberfallen und brutal zusammengeschlagen worden. Das berichtete der verletzte Politiker selbst in einem Videointerview. Eine Best\u00e4tigung vonseiten der Polizei gibt es noch nicht. Der mediale Mainstream schweigt. Der bayerische AfD-Politiker Andreas Jurca ist in der Nacht zum Sonnabend in Augsburg \u00fcberfallen und krankenhausreif geschlagen worden. Das berichtete [&hellip;]","og_url":"https:\/\/now-news.de\/de\/deutschland\/wahlkampf-in-bayern-afd-politiker-in-augsburg-brutal-zusammengeschlagen\/","og_site_name":"just-now.NEWS Deutschland","article_publisher":"https:\/\/www.facebook.com\/wirmachenauf","article_published_time":"2023-08-14T07:38:56+00:00","og_image":[{"width":460,"height":259,"url":"https:\/\/now-news.de\/de\/wp-content\/uploads\/sites\/3\/2023\/08\/Wahlkampf-in-Bayern-AfD-Politiker-in-Augsburg-brutal-zusammengeschlagen.PNG","type":"image\/png"}],"author":"rtnews","twitter_card":"summary_large_image","twitter_creator":"@WirMachenAuf_de","twitter_site":"@WirMachenAuf_de","twitter_misc":{"Verfasst von":"rtnews","Gesch\u00e4tzte Lesezeit":"3\u00a0Minuten"},"schema":{"@context":"https:\/\/schema.org","@graph":[{"@type":"Article","@id":"https:\/\/now-news.de\/de\/deutschland\/wahlkampf-in-bayern-afd-politiker-in-augsburg-brutal-zusammengeschlagen\/#article","isPartOf":{"@id":"https:\/\/now-news.de\/de\/deutschland\/wahlkampf-in-bayern-afd-politiker-in-augsburg-brutal-zusammengeschlagen\/"},"author":{"name":"rtnews","@id":"https:\/\/now-news.de\/de\/#\/schema\/person\/fb534a4e865501d8b3285208df34a9b5"},"headline":"Wahlkampf in Bayern: AfD-Politiker in Augsburg brutal zusammengeschlagen","datePublished":"2023-08-14T07:38:56+00:00","dateModified":"2023-08-14T07:38:56+00:00","mainEntityOfPage":{"@id":"https:\/\/now-news.de\/de\/deutschland\/wahlkampf-in-bayern-afd-politiker-in-augsburg-brutal-zusammengeschlagen\/"},"wordCount":609,"commentCount":0,"publisher":{"@id":"https:\/\/now-news.de\/de\/#organization"},"image":{"@id":"https:\/\/now-news.de\/de\/deutschland\/wahlkampf-in-bayern-afd-politiker-in-augsburg-brutal-zusammengeschlagen\/#primaryimage"},"thumbnailUrl":"https:\/\/now-news.de\/de\/wp-content\/uploads\/sites\/3\/2023\/08\/Wahlkampf-in-Bayern-AfD-Politiker-in-Augsburg-brutal-zusammengeschlagen.PNG","keywords":["AfDPolitiker","augsburg","bayern","brutal","Wahlkampf","zusammengeschlagen"],"articleSection":["Deutschland","Russland"],"inLanguage":"de","potentialAction":[{"@type":"CommentAction","name":"Comment","target":["https:\/\/now-news.de\/de\/deutschland\/wahlkampf-in-bayern-afd-politiker-in-augsburg-brutal-zusammengeschlagen\/#respond"]}]},{"@type":"WebPage","@id":"https:\/\/now-news.de\/de\/deutschland\/wahlkampf-in-bayern-afd-politiker-in-augsburg-brutal-zusammengeschlagen\/","url":"https:\/\/now-news.de\/de\/deutschland\/wahlkampf-in-bayern-afd-politiker-in-augsburg-brutal-zusammengeschlagen\/","name":"Wahlkampf in Bayern: AfD-Politiker in Augsburg brutal zusammengeschlagen - just-now.NEWS Deutschland","isPartOf":{"@id":"https:\/\/now-news.de\/de\/#website"},"primaryImageOfPage":{"@id":"https:\/\/now-news.de\/de\/deutschland\/wahlkampf-in-bayern-afd-politiker-in-augsburg-brutal-zusammengeschlagen\/#primaryimage"},"image":{"@id":"https:\/\/now-news.de\/de\/deutschland\/wahlkampf-in-bayern-afd-politiker-in-augsburg-brutal-zusammengeschlagen\/#primaryimage"},"thumbnailUrl":"https:\/\/now-news.de\/de\/wp-content\/uploads\/sites\/3\/2023\/08\/Wahlkampf-in-Bayern-AfD-Politiker-in-Augsburg-brutal-zusammengeschlagen.PNG","datePublished":"2023-08-14T07:38:56+00:00","dateModified":"2023-08-14T07:38:56+00:00","breadcrumb":{"@id":"https:\/\/now-news.de\/de\/deutschland\/wahlkampf-in-bayern-afd-politiker-in-augsburg-brutal-zusammengeschlagen\/#breadcrumb"},"inLanguage":"de","potentialAction":[{"@type":"ReadAction","target":["https:\/\/now-news.de\/de\/deutschland\/wahlkampf-in-bayern-afd-politiker-in-augsburg-brutal-zusammengeschlagen\/"]}]},{"@type":"ImageObject","inLanguage":"de","@id":"https:\/\/now-news.de\/de\/deutschland\/wahlkampf-in-bayern-afd-politiker-in-augsburg-brutal-zusammengeschlagen\/#primaryimage","url":"https:\/\/now-news.de\/de\/wp-content\/uploads\/sites\/3\/2023\/08\/Wahlkampf-in-Bayern-AfD-Politiker-in-Augsburg-brutal-zusammengeschlagen.PNG","contentUrl":"https:\/\/now-news.de\/de\/wp-content\/uploads\/sites\/3\/2023\/08\/Wahlkampf-in-Bayern-AfD-Politiker-in-Augsburg-brutal-zusammengeschlagen.PNG","width":460,"height":259,"caption":"Wahlkampf in Bayern: AfD-Politiker in Augsburg brutal zusammengeschlagen"},{"@type":"BreadcrumbList","@id":"https:\/\/now-news.de\/de\/deutschland\/wahlkampf-in-bayern-afd-politiker-in-augsburg-brutal-zusammengeschlagen\/#breadcrumb","itemListElement":[{"@type":"ListItem","position":1,"name":"Home","item":"https:\/\/now-news.de\/de\/"},{"@type":"ListItem","position":2,"name":"Wahlkampf in Bayern: AfD-Politiker in Augsburg brutal zusammengeschlagen"}]},{"@type":"WebSite","@id":"https:\/\/now-news.de\/de\/#website","url":"https:\/\/now-news.de\/de\/","name":"just-now.NEWS Deutschland","description":"Das Portal f\u00fcr unzensierte Nachrichten aus der Welt","publisher":{"@id":"https:\/\/now-news.de\/de\/#organization"},"potentialAction":[{"@type":"SearchAction","target":{"@type":"EntryPoint","urlTemplate":"https:\/\/now-news.de\/de\/?s={search_term_string}"},"query-input":"required name=search_term_string"}],"inLanguage":"de"},{"@type":"Organization","@id":"https:\/\/now-news.de\/de\/#organization","name":"Just Now News","url":"https:\/\/now-news.de\/de\/","logo":{"@type":"ImageObject","inLanguage":"de","@id":"https:\/\/now-news.de\/de\/#\/schema\/logo\/image\/","url":"http:\/\/just-now.news\/de\/wp-content\/uploads\/sites\/3\/2022\/04\/logo500x500.jpg","contentUrl":"http:\/\/just-now.news\/de\/wp-content\/uploads\/sites\/3\/2022\/04\/logo500x500.jpg","width":500,"height":500,"caption":"Just Now News"},"image":{"@id":"https:\/\/now-news.de\/de\/#\/schema\/logo\/image\/"},"sameAs":["https:\/\/www.facebook.com\/wirmachenauf","https:\/\/x.com\/WirMachenAuf_de"]},{"@type":"Person","@id":"https:\/\/now-news.de\/de\/#\/schema\/person\/fb534a4e865501d8b3285208df34a9b5","name":"rtnews","image":{"@type":"ImageObject","inLanguage":"de","@id":"https:\/\/now-news.de\/de\/#\/schema\/person\/image\/","url":"https:\/\/secure.gravatar.com\/avatar\/82aafea7d8127119dd649515f56e2117?s=96&d=mm&r=g","contentUrl":"https:\/\/secure.gravatar.com\/avatar\/82aafea7d8127119dd649515f56e2117?s=96&d=mm&r=g","caption":"rtnews"},"url":"https:\/\/now-news.de\/de\/author\/rnews\/"}]}},"_links":{"self":[{"href":"https:\/\/now-news.de\/de\/wp-json\/wp\/v2\/posts\/41940"}],"collection":[{"href":"https:\/\/now-news.de\/de\/wp-json\/wp\/v2\/posts"}],"about":[{"href":"https:\/\/now-news.de\/de\/wp-json\/wp\/v2\/types\/post"}],"author":[{"embeddable":true,"href":"https:\/\/now-news.de\/de\/wp-json\/wp\/v2\/users\/3"}],"replies":[{"embeddable":true,"href":"https:\/\/now-news.de\/de\/wp-json\/wp\/v2\/comments?post=41940"}],"version-history":[{"count":0,"href":"https:\/\/now-news.de\/de\/wp-json\/wp\/v2\/posts\/41940\/revisions"}],"wp:featuredmedia":[{"embeddable":true,"href":"https:\/\/now-news.de\/de\/wp-json\/wp\/v2\/media\/41941"}],"wp:attachment":[{"href":"https:\/\/now-news.de\/de\/wp-json\/wp\/v2\/media?parent=41940"}],"wp:term":[{"taxonomy":"category","embeddable":true,"href":"https:\/\/now-news.de\/de\/wp-json\/wp\/v2\/categories?post=41940"},{"taxonomy":"post_tag","embeddable":true,"href":"https:\/\/now-news.de\/de\/wp-json\/wp\/v2\/tags?post=41940"}],"curies":[{"name":"wp","href":"https:\/\/api.w.org\/{rel}","templated":true}]}}