{"id":41911,"date":"2023-08-13T17:05:00","date_gmt":"2023-08-13T15:05:00","guid":{"rendered":"https:\/\/just-now.news\/de\/deutschland\/g7-vertreter-nicht-zum-belt-and-road-forum-eingeladen\/"},"modified":"2023-08-13T17:05:00","modified_gmt":"2023-08-13T15:05:00","slug":"g7-vertreter-nicht-zum-belt-and-road-forum-eingeladen","status":"publish","type":"post","link":"https:\/\/now-news.de\/de\/deutschland\/g7-vertreter-nicht-zum-belt-and-road-forum-eingeladen\/","title":{"rendered":"G7-Vertreter nicht zum Belt-And-Road-Forum eingeladen"},"content":{"rendered":"<p><img decoding=\"async\" src=\"http:\/\/just-now.news\/de\/wp-content\/uploads\/sites\/3\/2023\/08\/64d8b2c748fbef7b9e6c6ff1.jpg\" \/><\/p>\n<div class=\"Text-root Text-type_1 \">\n                Westliche Medien behaupteten, zahlreiche Regierungschefs der EU w\u00fcrden dem f\u00fcr den Herbst anberaumten Treffen bez\u00fcglich der Neuen Seidenstra\u00dfe fernbleiben. Chinas diplomatische Kraft sei ersch\u00f6pft, schlussfolgerten sie. China widerspricht. Scholz, Macron und Co. seien gar nicht eingeladen worden.\n            <\/div>\n<p><\/p>\n<div class=\"Text-root Text-type_5 ArticleView-text ViewText-root \">\n<p>In China werden Behauptungen westlicher Medien zur\u00fcckgewiesen, dass das Interesse westlicher Vertreter an dem f\u00fcr den Herbst geplanten 3. Belt-And-Road-Forum wenig ausgepr\u00e4gt sei. Wie das <em>Wall Street Journal<\/em> im Juli berichtete, w\u00fcrden weder Frankreichs Pr\u00e4sident Macron, noch Kanzler Scholz und Italiens Ministerpr\u00e4sidentin Meloni am Forum zu der von China initiierten Neuen Seidenstra\u00dfe teilnehmen. Auch andere Staatsoberh\u00e4upter der Staaten der EU h\u00e4tten abgesagt. Die Zeitung schlussfolgerte, dass die diplomatischen\u00a0Bem\u00fchungen des chinesischen Pr\u00e4sidenten Xi im Westen zunehmend ignoriert w\u00fcrden.\u00a0<\/p>\n<p>Die in China erscheinende <em>Global Times<\/em> stellte mit <a rel=\"nofollow noopener\" target=\"_blank\" href=\"https:\/\/www.globaltimes.cn\/page\/202308\/1296143.shtml\">Bezug<\/a> auf eine mit der Sache vertraute Quelle nun klar, dass diese L\u00e4nder gar keine Einladung zur Teilnahme erhalten h\u00e4tten. Vielmehr sei es so, dass der Fokus beim kommenden Treffen auf der Zusammenarbeit der Entwicklungs- und Schwellenl\u00e4ndern liege.\u00a0<\/p>\n<blockquote>\n<p><em>&#8220;Das zentrale Anliegen des Forums sei die Entwicklungszusammenarbeit, sagte die Quelle, weshalb die Mehrheit der Teilnehmer des One-Belt-One-Road-Forums Schwellenl\u00e4nder seien. Folglich werden die eingeladenen Staatsoberh\u00e4upter \u00fcberwiegend aus Entwicklungsl\u00e4ndern kommen.&#8221;<\/em><\/p>\n<\/blockquote>\n<p>Die Behauptungen westlicher Medien \u00fcber ein mangelndes Interesse seien schlicht nicht stichhaltig, f\u00fcgte die Quelle hinzu.<\/p>\n<p>Weiter hei\u00dft es:\u00a0<\/p>\n<blockquote>\n<p><em>&#8220;Das Forum wird nicht nur diese drei Male stattfinden. Einige Staatsf\u00fchrer werden m\u00f6glicherweise am diesj\u00e4hrigen Forum teilnehmen, w\u00e4hrend andere m\u00f6glicherweise am n\u00e4chsten teilnehmen. China hofft, dass die Staats- und Regierungschefs der teilnehmenden L\u00e4nder reichlich Gelegenheit zum produktiven Meinungsaustausch und intensiven Gespr\u00e4chen erhalten und sie so rationale und vern\u00fcnftige Vereinbarungen treffen werden.&#8221;<\/em><\/p>\n<\/blockquote>\n<p>Grunds\u00e4tzlich w\u00fcrden allen L\u00e4ndern die T\u00fcren zu einer Kooperation mit der One-Belt-One-Road-Initiative offenstehen. Das Projekt Neue Seidenstra\u00dfe sei nicht diskriminierend oder auf Unterordnung angelegt.<\/p>\n<p>Im ersten Jahrzehnt der Existenz des Projekts wurden Investitionen im Umfang von drei Billionen Dollar angeregt. Dadurch sei es gelungen, \u00fcber 40 Millionen Menschen aus der Armut zu befreien.<\/p>\n<p><strong>Mehr zum Thema<\/strong>\u00a0\u2013 <a rel=\"nofollow noopener\" target=\"_blank\" href=\"https:\/\/freedert.online\/international\/176061-italien-will-aus-seidenstrassen-projekt-aussteigen\/\">Italien will aus Seidenstra\u00dfen-Projekt aussteigen<\/a><\/p>\n<\/p>\n<\/div>\n<p><br \/>\n<br \/><a href=\"https:\/\/de.rt.com\/international\/177760-g7-vertreter-nicht-zum-belt\/\">Source link <\/a><\/p>\n","protected":false},"excerpt":{"rendered":"<p>Westliche Medien behaupteten, zahlreiche Regierungschefs der EU w\u00fcrden dem f\u00fcr den Herbst anberaumten Treffen bez\u00fcglich der Neuen Seidenstra\u00dfe fernbleiben. Chinas diplomatische Kraft sei ersch\u00f6pft, schlussfolgerten sie. China widerspricht. Scholz, Macron und Co. seien gar nicht eingeladen worden. In China werden Behauptungen westlicher Medien zur\u00fcckgewiesen, dass das Interesse westlicher Vertreter an dem f\u00fcr den Herbst geplanten [&hellip;]<\/p>\n","protected":false},"author":3,"featured_media":41912,"comment_status":"open","ping_status":"open","sticky":false,"template":"","format":"standard","meta":{"_yoast_indexnow_last_ping":["1691939155"],"wp_automatic_camp":["217"],"93df5f27a3c1b2ad52a3dd199df03bab":["G7-Vertreter nicht zum Belt-And-Road-Forum eingeladen"],"original_link":["https:\/\/de.rt.com\/international\/177760-g7-vertreter-nicht-zum-belt\/"],"_thumbnail_id":["41912"],"_wptgpro_p2tg_sent2tg":["a:1:{i:23737;s:19:\"2023-08-13 17:06:58\";}"],"jnews_social_counter_last_update":["1777159208"]},"categories":[19,23],"tags":[47709,23156,47708,800,565],"yoast_head":"<!-- This site is optimized with the Yoast SEO Premium plugin v22.7 (Yoast SEO v22.7) - https:\/\/yoast.com\/wordpress\/plugins\/seo\/ -->\n<title>G7-Vertreter nicht zum Belt-And-Road-Forum eingeladen - just-now.NEWS Deutschland<\/title>\n<meta name=\"robots\" content=\"index, follow, max-snippet:-1, max-image-preview:large, max-video-preview:-1\" \/>\n<link rel=\"canonical\" href=\"https:\/\/now-news.de\/de\/deutschland\/g7-vertreter-nicht-zum-belt-and-road-forum-eingeladen\/\" \/>\n<meta property=\"og:locale\" content=\"de_DE\" \/>\n<meta property=\"og:type\" content=\"article\" \/>\n<meta property=\"og:title\" content=\"G7-Vertreter nicht zum Belt-And-Road-Forum eingeladen\" \/>\n<meta property=\"og:description\" content=\"Westliche Medien behaupteten, zahlreiche Regierungschefs der EU w\u00fcrden dem f\u00fcr den Herbst anberaumten Treffen bez\u00fcglich der Neuen Seidenstra\u00dfe fernbleiben. Chinas diplomatische Kraft sei ersch\u00f6pft, schlussfolgerten sie. China widerspricht. Scholz, Macron und Co. seien gar nicht eingeladen worden. In China werden Behauptungen westlicher Medien zur\u00fcckgewiesen, dass das Interesse westlicher Vertreter an dem f\u00fcr den Herbst geplanten [&hellip;]\" \/>\n<meta property=\"og:url\" content=\"https:\/\/now-news.de\/de\/deutschland\/g7-vertreter-nicht-zum-belt-and-road-forum-eingeladen\/\" \/>\n<meta property=\"og:site_name\" content=\"just-now.NEWS Deutschland\" \/>\n<meta property=\"article:publisher\" content=\"https:\/\/www.facebook.com\/wirmachenauf\" \/>\n<meta property=\"article:published_time\" content=\"2023-08-13T15:05:00+00:00\" \/>\n<meta property=\"og:image\" content=\"https:\/\/now-news.de\/de\/wp-content\/uploads\/sites\/3\/2023\/08\/G7-Vertreter-nicht-zum-Belt-And-Road-Forum-eingeladen.jpg\" \/>\n\t<meta property=\"og:image:width\" content=\"460\" \/>\n\t<meta property=\"og:image:height\" content=\"259\" \/>\n\t<meta property=\"og:image:type\" content=\"image\/jpeg\" \/>\n<meta name=\"author\" content=\"rtnews\" \/>\n<meta name=\"twitter:card\" content=\"summary_large_image\" \/>\n<meta name=\"twitter:creator\" content=\"@WirMachenAuf_de\" \/>\n<meta name=\"twitter:site\" content=\"@WirMachenAuf_de\" \/>\n<meta name=\"twitter:label1\" content=\"Verfasst von\" \/>\n\t<meta name=\"twitter:data1\" content=\"rtnews\" \/>\n\t<meta name=\"twitter:label2\" content=\"Gesch\u00e4tzte Lesezeit\" \/>\n\t<meta name=\"twitter:data2\" content=\"2\u00a0Minuten\" \/>\n<script type=\"application\/ld+json\" class=\"yoast-schema-graph\">{\"@context\":\"https:\/\/schema.org\",\"@graph\":[{\"@type\":\"Article\",\"@id\":\"https:\/\/now-news.de\/de\/deutschland\/g7-vertreter-nicht-zum-belt-and-road-forum-eingeladen\/#article\",\"isPartOf\":{\"@id\":\"https:\/\/now-news.de\/de\/deutschland\/g7-vertreter-nicht-zum-belt-and-road-forum-eingeladen\/\"},\"author\":{\"name\":\"rtnews\",\"@id\":\"https:\/\/now-news.de\/de\/#\/schema\/person\/fb534a4e865501d8b3285208df34a9b5\"},\"headline\":\"G7-Vertreter nicht zum Belt-And-Road-Forum eingeladen\",\"datePublished\":\"2023-08-13T15:05:00+00:00\",\"dateModified\":\"2023-08-13T15:05:00+00:00\",\"mainEntityOfPage\":{\"@id\":\"https:\/\/now-news.de\/de\/deutschland\/g7-vertreter-nicht-zum-belt-and-road-forum-eingeladen\/\"},\"wordCount\":368,\"commentCount\":0,\"publisher\":{\"@id\":\"https:\/\/now-news.de\/de\/#organization\"},\"image\":{\"@id\":\"https:\/\/now-news.de\/de\/deutschland\/g7-vertreter-nicht-zum-belt-and-road-forum-eingeladen\/#primaryimage\"},\"thumbnailUrl\":\"https:\/\/now-news.de\/de\/wp-content\/uploads\/sites\/3\/2023\/08\/G7-Vertreter-nicht-zum-Belt-And-Road-Forum-eingeladen.jpg\",\"keywords\":[\"BeltAndRoadForum\",\"eingeladen\",\"G7Vertreter\",\"nicht\",\"zum\"],\"articleSection\":[\"Deutschland\",\"Russland\"],\"inLanguage\":\"de\",\"potentialAction\":[{\"@type\":\"CommentAction\",\"name\":\"Comment\",\"target\":[\"https:\/\/now-news.de\/de\/deutschland\/g7-vertreter-nicht-zum-belt-and-road-forum-eingeladen\/#respond\"]}]},{\"@type\":\"WebPage\",\"@id\":\"https:\/\/now-news.de\/de\/deutschland\/g7-vertreter-nicht-zum-belt-and-road-forum-eingeladen\/\",\"url\":\"https:\/\/now-news.de\/de\/deutschland\/g7-vertreter-nicht-zum-belt-and-road-forum-eingeladen\/\",\"name\":\"G7-Vertreter nicht zum Belt-And-Road-Forum eingeladen - just-now.NEWS Deutschland\",\"isPartOf\":{\"@id\":\"https:\/\/now-news.de\/de\/#website\"},\"primaryImageOfPage\":{\"@id\":\"https:\/\/now-news.de\/de\/deutschland\/g7-vertreter-nicht-zum-belt-and-road-forum-eingeladen\/#primaryimage\"},\"image\":{\"@id\":\"https:\/\/now-news.de\/de\/deutschland\/g7-vertreter-nicht-zum-belt-and-road-forum-eingeladen\/#primaryimage\"},\"thumbnailUrl\":\"https:\/\/now-news.de\/de\/wp-content\/uploads\/sites\/3\/2023\/08\/G7-Vertreter-nicht-zum-Belt-And-Road-Forum-eingeladen.jpg\",\"datePublished\":\"2023-08-13T15:05:00+00:00\",\"dateModified\":\"2023-08-13T15:05:00+00:00\",\"breadcrumb\":{\"@id\":\"https:\/\/now-news.de\/de\/deutschland\/g7-vertreter-nicht-zum-belt-and-road-forum-eingeladen\/#breadcrumb\"},\"inLanguage\":\"de\",\"potentialAction\":[{\"@type\":\"ReadAction\",\"target\":[\"https:\/\/now-news.de\/de\/deutschland\/g7-vertreter-nicht-zum-belt-and-road-forum-eingeladen\/\"]}]},{\"@type\":\"ImageObject\",\"inLanguage\":\"de\",\"@id\":\"https:\/\/now-news.de\/de\/deutschland\/g7-vertreter-nicht-zum-belt-and-road-forum-eingeladen\/#primaryimage\",\"url\":\"https:\/\/now-news.de\/de\/wp-content\/uploads\/sites\/3\/2023\/08\/G7-Vertreter-nicht-zum-Belt-And-Road-Forum-eingeladen.jpg\",\"contentUrl\":\"https:\/\/now-news.de\/de\/wp-content\/uploads\/sites\/3\/2023\/08\/G7-Vertreter-nicht-zum-Belt-And-Road-Forum-eingeladen.jpg\",\"width\":460,\"height\":259,\"caption\":\"G7-Vertreter nicht zum Belt-And-Road-Forum eingeladen\"},{\"@type\":\"BreadcrumbList\",\"@id\":\"https:\/\/now-news.de\/de\/deutschland\/g7-vertreter-nicht-zum-belt-and-road-forum-eingeladen\/#breadcrumb\",\"itemListElement\":[{\"@type\":\"ListItem\",\"position\":1,\"name\":\"Home\",\"item\":\"https:\/\/now-news.de\/de\/\"},{\"@type\":\"ListItem\",\"position\":2,\"name\":\"G7-Vertreter nicht zum Belt-And-Road-Forum eingeladen\"}]},{\"@type\":\"WebSite\",\"@id\":\"https:\/\/now-news.de\/de\/#website\",\"url\":\"https:\/\/now-news.de\/de\/\",\"name\":\"just-now.NEWS Deutschland\",\"description\":\"Das Portal f\u00fcr unzensierte Nachrichten aus der Welt\",\"publisher\":{\"@id\":\"https:\/\/now-news.de\/de\/#organization\"},\"potentialAction\":[{\"@type\":\"SearchAction\",\"target\":{\"@type\":\"EntryPoint\",\"urlTemplate\":\"https:\/\/now-news.de\/de\/?s={search_term_string}\"},\"query-input\":\"required name=search_term_string\"}],\"inLanguage\":\"de\"},{\"@type\":\"Organization\",\"@id\":\"https:\/\/now-news.de\/de\/#organization\",\"name\":\"Just Now News\",\"url\":\"https:\/\/now-news.de\/de\/\",\"logo\":{\"@type\":\"ImageObject\",\"inLanguage\":\"de\",\"@id\":\"https:\/\/now-news.de\/de\/#\/schema\/logo\/image\/\",\"url\":\"http:\/\/just-now.news\/de\/wp-content\/uploads\/sites\/3\/2022\/04\/logo500x500.jpg\",\"contentUrl\":\"http:\/\/just-now.news\/de\/wp-content\/uploads\/sites\/3\/2022\/04\/logo500x500.jpg\",\"width\":500,\"height\":500,\"caption\":\"Just Now News\"},\"image\":{\"@id\":\"https:\/\/now-news.de\/de\/#\/schema\/logo\/image\/\"},\"sameAs\":[\"https:\/\/www.facebook.com\/wirmachenauf\",\"https:\/\/x.com\/WirMachenAuf_de\"]},{\"@type\":\"Person\",\"@id\":\"https:\/\/now-news.de\/de\/#\/schema\/person\/fb534a4e865501d8b3285208df34a9b5\",\"name\":\"rtnews\",\"image\":{\"@type\":\"ImageObject\",\"inLanguage\":\"de\",\"@id\":\"https:\/\/now-news.de\/de\/#\/schema\/person\/image\/\",\"url\":\"https:\/\/secure.gravatar.com\/avatar\/82aafea7d8127119dd649515f56e2117?s=96&d=mm&r=g\",\"contentUrl\":\"https:\/\/secure.gravatar.com\/avatar\/82aafea7d8127119dd649515f56e2117?s=96&d=mm&r=g\",\"caption\":\"rtnews\"},\"url\":\"https:\/\/now-news.de\/de\/author\/rnews\/\"}]}<\/script>\n<!-- \/ Yoast SEO Premium plugin. -->","yoast_head_json":{"title":"G7-Vertreter nicht zum Belt-And-Road-Forum eingeladen - just-now.NEWS Deutschland","robots":{"index":"index","follow":"follow","max-snippet":"max-snippet:-1","max-image-preview":"max-image-preview:large","max-video-preview":"max-video-preview:-1"},"canonical":"https:\/\/now-news.de\/de\/deutschland\/g7-vertreter-nicht-zum-belt-and-road-forum-eingeladen\/","og_locale":"de_DE","og_type":"article","og_title":"G7-Vertreter nicht zum Belt-And-Road-Forum eingeladen","og_description":"Westliche Medien behaupteten, zahlreiche Regierungschefs der EU w\u00fcrden dem f\u00fcr den Herbst anberaumten Treffen bez\u00fcglich der Neuen Seidenstra\u00dfe fernbleiben. Chinas diplomatische Kraft sei ersch\u00f6pft, schlussfolgerten sie. China widerspricht. Scholz, Macron und Co. seien gar nicht eingeladen worden. In China werden Behauptungen westlicher Medien zur\u00fcckgewiesen, dass das Interesse westlicher Vertreter an dem f\u00fcr den Herbst geplanten [&hellip;]","og_url":"https:\/\/now-news.de\/de\/deutschland\/g7-vertreter-nicht-zum-belt-and-road-forum-eingeladen\/","og_site_name":"just-now.NEWS Deutschland","article_publisher":"https:\/\/www.facebook.com\/wirmachenauf","article_published_time":"2023-08-13T15:05:00+00:00","og_image":[{"width":460,"height":259,"url":"https:\/\/now-news.de\/de\/wp-content\/uploads\/sites\/3\/2023\/08\/G7-Vertreter-nicht-zum-Belt-And-Road-Forum-eingeladen.jpg","type":"image\/jpeg"}],"author":"rtnews","twitter_card":"summary_large_image","twitter_creator":"@WirMachenAuf_de","twitter_site":"@WirMachenAuf_de","twitter_misc":{"Verfasst von":"rtnews","Gesch\u00e4tzte Lesezeit":"2\u00a0Minuten"},"schema":{"@context":"https:\/\/schema.org","@graph":[{"@type":"Article","@id":"https:\/\/now-news.de\/de\/deutschland\/g7-vertreter-nicht-zum-belt-and-road-forum-eingeladen\/#article","isPartOf":{"@id":"https:\/\/now-news.de\/de\/deutschland\/g7-vertreter-nicht-zum-belt-and-road-forum-eingeladen\/"},"author":{"name":"rtnews","@id":"https:\/\/now-news.de\/de\/#\/schema\/person\/fb534a4e865501d8b3285208df34a9b5"},"headline":"G7-Vertreter nicht zum Belt-And-Road-Forum eingeladen","datePublished":"2023-08-13T15:05:00+00:00","dateModified":"2023-08-13T15:05:00+00:00","mainEntityOfPage":{"@id":"https:\/\/now-news.de\/de\/deutschland\/g7-vertreter-nicht-zum-belt-and-road-forum-eingeladen\/"},"wordCount":368,"commentCount":0,"publisher":{"@id":"https:\/\/now-news.de\/de\/#organization"},"image":{"@id":"https:\/\/now-news.de\/de\/deutschland\/g7-vertreter-nicht-zum-belt-and-road-forum-eingeladen\/#primaryimage"},"thumbnailUrl":"https:\/\/now-news.de\/de\/wp-content\/uploads\/sites\/3\/2023\/08\/G7-Vertreter-nicht-zum-Belt-And-Road-Forum-eingeladen.jpg","keywords":["BeltAndRoadForum","eingeladen","G7Vertreter","nicht","zum"],"articleSection":["Deutschland","Russland"],"inLanguage":"de","potentialAction":[{"@type":"CommentAction","name":"Comment","target":["https:\/\/now-news.de\/de\/deutschland\/g7-vertreter-nicht-zum-belt-and-road-forum-eingeladen\/#respond"]}]},{"@type":"WebPage","@id":"https:\/\/now-news.de\/de\/deutschland\/g7-vertreter-nicht-zum-belt-and-road-forum-eingeladen\/","url":"https:\/\/now-news.de\/de\/deutschland\/g7-vertreter-nicht-zum-belt-and-road-forum-eingeladen\/","name":"G7-Vertreter nicht zum Belt-And-Road-Forum eingeladen - just-now.NEWS Deutschland","isPartOf":{"@id":"https:\/\/now-news.de\/de\/#website"},"primaryImageOfPage":{"@id":"https:\/\/now-news.de\/de\/deutschland\/g7-vertreter-nicht-zum-belt-and-road-forum-eingeladen\/#primaryimage"},"image":{"@id":"https:\/\/now-news.de\/de\/deutschland\/g7-vertreter-nicht-zum-belt-and-road-forum-eingeladen\/#primaryimage"},"thumbnailUrl":"https:\/\/now-news.de\/de\/wp-content\/uploads\/sites\/3\/2023\/08\/G7-Vertreter-nicht-zum-Belt-And-Road-Forum-eingeladen.jpg","datePublished":"2023-08-13T15:05:00+00:00","dateModified":"2023-08-13T15:05:00+00:00","breadcrumb":{"@id":"https:\/\/now-news.de\/de\/deutschland\/g7-vertreter-nicht-zum-belt-and-road-forum-eingeladen\/#breadcrumb"},"inLanguage":"de","potentialAction":[{"@type":"ReadAction","target":["https:\/\/now-news.de\/de\/deutschland\/g7-vertreter-nicht-zum-belt-and-road-forum-eingeladen\/"]}]},{"@type":"ImageObject","inLanguage":"de","@id":"https:\/\/now-news.de\/de\/deutschland\/g7-vertreter-nicht-zum-belt-and-road-forum-eingeladen\/#primaryimage","url":"https:\/\/now-news.de\/de\/wp-content\/uploads\/sites\/3\/2023\/08\/G7-Vertreter-nicht-zum-Belt-And-Road-Forum-eingeladen.jpg","contentUrl":"https:\/\/now-news.de\/de\/wp-content\/uploads\/sites\/3\/2023\/08\/G7-Vertreter-nicht-zum-Belt-And-Road-Forum-eingeladen.jpg","width":460,"height":259,"caption":"G7-Vertreter nicht zum Belt-And-Road-Forum eingeladen"},{"@type":"BreadcrumbList","@id":"https:\/\/now-news.de\/de\/deutschland\/g7-vertreter-nicht-zum-belt-and-road-forum-eingeladen\/#breadcrumb","itemListElement":[{"@type":"ListItem","position":1,"name":"Home","item":"https:\/\/now-news.de\/de\/"},{"@type":"ListItem","position":2,"name":"G7-Vertreter nicht zum Belt-And-Road-Forum eingeladen"}]},{"@type":"WebSite","@id":"https:\/\/now-news.de\/de\/#website","url":"https:\/\/now-news.de\/de\/","name":"just-now.NEWS Deutschland","description":"Das Portal f\u00fcr unzensierte Nachrichten aus der Welt","publisher":{"@id":"https:\/\/now-news.de\/de\/#organization"},"potentialAction":[{"@type":"SearchAction","target":{"@type":"EntryPoint","urlTemplate":"https:\/\/now-news.de\/de\/?s={search_term_string}"},"query-input":"required name=search_term_string"}],"inLanguage":"de"},{"@type":"Organization","@id":"https:\/\/now-news.de\/de\/#organization","name":"Just Now News","url":"https:\/\/now-news.de\/de\/","logo":{"@type":"ImageObject","inLanguage":"de","@id":"https:\/\/now-news.de\/de\/#\/schema\/logo\/image\/","url":"http:\/\/just-now.news\/de\/wp-content\/uploads\/sites\/3\/2022\/04\/logo500x500.jpg","contentUrl":"http:\/\/just-now.news\/de\/wp-content\/uploads\/sites\/3\/2022\/04\/logo500x500.jpg","width":500,"height":500,"caption":"Just Now News"},"image":{"@id":"https:\/\/now-news.de\/de\/#\/schema\/logo\/image\/"},"sameAs":["https:\/\/www.facebook.com\/wirmachenauf","https:\/\/x.com\/WirMachenAuf_de"]},{"@type":"Person","@id":"https:\/\/now-news.de\/de\/#\/schema\/person\/fb534a4e865501d8b3285208df34a9b5","name":"rtnews","image":{"@type":"ImageObject","inLanguage":"de","@id":"https:\/\/now-news.de\/de\/#\/schema\/person\/image\/","url":"https:\/\/secure.gravatar.com\/avatar\/82aafea7d8127119dd649515f56e2117?s=96&d=mm&r=g","contentUrl":"https:\/\/secure.gravatar.com\/avatar\/82aafea7d8127119dd649515f56e2117?s=96&d=mm&r=g","caption":"rtnews"},"url":"https:\/\/now-news.de\/de\/author\/rnews\/"}]}},"_links":{"self":[{"href":"https:\/\/now-news.de\/de\/wp-json\/wp\/v2\/posts\/41911"}],"collection":[{"href":"https:\/\/now-news.de\/de\/wp-json\/wp\/v2\/posts"}],"about":[{"href":"https:\/\/now-news.de\/de\/wp-json\/wp\/v2\/types\/post"}],"author":[{"embeddable":true,"href":"https:\/\/now-news.de\/de\/wp-json\/wp\/v2\/users\/3"}],"replies":[{"embeddable":true,"href":"https:\/\/now-news.de\/de\/wp-json\/wp\/v2\/comments?post=41911"}],"version-history":[{"count":0,"href":"https:\/\/now-news.de\/de\/wp-json\/wp\/v2\/posts\/41911\/revisions"}],"wp:featuredmedia":[{"embeddable":true,"href":"https:\/\/now-news.de\/de\/wp-json\/wp\/v2\/media\/41912"}],"wp:attachment":[{"href":"https:\/\/now-news.de\/de\/wp-json\/wp\/v2\/media?parent=41911"}],"wp:term":[{"taxonomy":"category","embeddable":true,"href":"https:\/\/now-news.de\/de\/wp-json\/wp\/v2\/categories?post=41911"},{"taxonomy":"post_tag","embeddable":true,"href":"https:\/\/now-news.de\/de\/wp-json\/wp\/v2\/tags?post=41911"}],"curies":[{"name":"wp","href":"https:\/\/api.w.org\/{rel}","templated":true}]}}