{"id":41847,"date":"2023-08-12T12:40:16","date_gmt":"2023-08-12T10:40:16","guid":{"rendered":"https:\/\/just-now.news\/de\/deutschland\/armenien-bittet-un-sicherheitsrat-eindringlich-um-eroerterung-der-humanitaeren-krise-in-bergkarabach\/"},"modified":"2023-08-12T12:40:16","modified_gmt":"2023-08-12T10:40:16","slug":"armenien-bittet-un-sicherheitsrat-eindringlich-um-eroerterung-der-humanitaeren-krise-in-bergkarabach","status":"publish","type":"post","link":"https:\/\/now-news.de\/de\/deutschland\/armenien-bittet-un-sicherheitsrat-eindringlich-um-eroerterung-der-humanitaeren-krise-in-bergkarabach\/","title":{"rendered":"Armenien bittet UN-Sicherheitsrat eindringlich um Er\u00f6rterung der humanit\u00e4ren Krise in Bergkarabach"},"content":{"rendered":"<p><img decoding=\"async\" src=\"http:\/\/just-now.news\/de\/wp-content\/uploads\/sites\/3\/2023\/08\/64d73ae948fbef372e681bad.jpg\" \/><\/p>\n<div class=\"Text-root Text-type_1 \">\n                Die humanit\u00e4re Lage in Bergkarabach verschlimmert sich immer mehr, seitdem Aserbaidschan die wichtigste Route in die s\u00fcdkaukasische Konfliktregion gesperrt hat. Vor diesem Hintergrund beantragte Armenien eine Dringlichkeitssitzung im Sicherheitsrat der Vereinten Nationen.\n            <\/div>\n<p><\/p>\n<div class=\"Text-root Text-type_5 ArticleView-text ViewText-root \">\n<p>Armenien hat sich an den Sicherheitsrat der Vereinten Nationen mit der Bitte gewandt, wegen der schweren humanit\u00e4ren Krise in Bergkarabach eine Dringlichkeitssitzung durchzuf\u00fchren. Wie aus der am Samstagmorgen ver\u00f6ffentlichten Mitteilung des Au\u00dfenministeriums in Jerewan zu entnehmen, ist der entsprechende Antrag am Freitag eingereicht worden. Als Grund daf\u00fcr wurde die &#8220;erzwungene vollst\u00e4ndige Blockade der Zivilbev\u00f6lkerung&#8221; in der s\u00fcdkaukasischen Konfliktregion genannt.<\/p>\n<p>Der armenische Botschafter bei der UNO, Mger Margarjan, bat die internationale Organisation darum, der armenischen Delegation die Teilnahme an der Sitzung zu erm\u00f6glichen. In seinem ebenfalls auf der Website des Au\u00dfenministeriums in Jerewan ver\u00f6ffentlichten Brief berichtete der Diplomat \u00fcber einen akuten Mangel an Lebensmitteln, Medikamenten, Brennstoff und G\u00fctern des t\u00e4glichen Bedarfs. Margarjan zufolge seien davon unter anderem rund 2.000 Schwangere, 30.000 Kinder, 20.000 \u00e4ltere Menschen und 9.000 Behinderte betroffen. Rund 4.700 Menschen mit Diabetes und fast 8.500 Patienten mit Kreislauferkrankungen m\u00fcssten derzeit nahezu ohne Medikamente \u00fcberleben. Der Diplomat <a rel=\"nofollow noopener\" target=\"_blank\" href=\"https:\/\/www.mfa.am\/hy\/press-releases\/2023\/08\/12\/arm_unsc\/12135\">schrieb<\/a> von einer Katastrophe in der Region:<\/p>\n<blockquote>\n<p><em>&#8220;Infolgedessen stehen die Menschen im Bergkarabach heute am Rande einer totalen humanit\u00e4ren Katastrophe.&#8221;<\/em><\/p>\n<\/blockquote>\n<p>Margarjan warf Aserbaidschan einen schweren Versto\u00df gegen das trilaterale Abkommen von Jerewan, Baku und Moskau vom 9. November 2020 sowie gegen das humanit\u00e4re V\u00f6lkerrecht vor. Aserbaidschan wolle durch diese unertr\u00e4glichen Lebensbedingungen die Bev\u00f6lkerung der Region dazu zwingen, ihre Heimat zu verlassen.<\/p>\n<p>Bereits am 12. Dezember 2022 hatte eine Gruppe Aserbaidschaner die einzige Verkehrsroute in die Region gesperrt, den sogenannten Latschin-Korridor. Nach eigenen Worten protestierten die angeblichen Umweltsch\u00fctzer damit gegen die illegale Ausbeutung der Bodensch\u00e4tze in Bergkarabach. Jerewan sah hinter der Protestaktion eine Provokation und warf der Regierung in Baku vor, eine humanit\u00e4re Katastrophe in der international nicht anerkannten Republik Arzach herbeif\u00fchren zu wollen. Gleichzeitig machte der armenische Regierungschef, Nikol Paschinjan, Russland f\u00fcr die entstandene Situation mitverantwortlich. Ihm zufolge missachte das vor Ort stationierte russische Friedenskontingent seine Pflicht, den Latschin-Korridor zu bewachen. Am 15. Juni 2023 kam es zu einem Schusswechsel zwischen armenischen und aserbaidschanischen Grenzschutzsoldaten. Daraufhin untersagte die Regierung in Baku, die Bef\u00f6rderung jeglicher G\u00fcter, darunter auch humanit\u00e4re Hilfe, in die Konfliktregion.<\/p>\n<p>Der jahrzehntelange Konflikt zwischen den ehemaligen Sowjetrepubliken war Ende September 2020 erneut zu einem regelrechten Krieg eskaliert. In der Nacht zum 10. November desselben Jahres einigten sich die Konfliktparteien unter der Vermittlung Russlands auf einen Waffenstillstand. Im Rahmen des trilateralen Abkommens trat Jerewan an Baku einige Gebiete ab, die sich bis dahin unter der Kontrolle der nicht anerkannten Republik Arzach befunden hatten. Au\u00dferdem schickte Russland seine Friedenstruppen in die Region.<\/p>\n<p><strong>Mehr zum Thema<\/strong> \u2013 <a rel=\"nofollow noopener\" target=\"_blank\" href=\"https:\/\/freedert.online\/international\/171011-jerewan-und-baku-einigen-sich-auf-gegenseitige-anerkennung-der-territorialen-integritaet\/\">Jerewan und Baku einigen sich auf gegenseitige Anerkennung der territorialen Integrit\u00e4t<\/a><\/p>\n<\/div>\n<p><br \/>\n<br \/><a href=\"https:\/\/de.rt.com\/international\/177680-armenien-will-im-un-sicherheitsrat-humanitaere-krise-im-bergkarabach-eroertern\/\">Source link <\/a><\/p>\n","protected":false},"excerpt":{"rendered":"<p>Die humanit\u00e4re Lage in Bergkarabach verschlimmert sich immer mehr, seitdem Aserbaidschan die wichtigste Route in die s\u00fcdkaukasische Konfliktregion gesperrt hat. Vor diesem Hintergrund beantragte Armenien eine Dringlichkeitssitzung im Sicherheitsrat der Vereinten Nationen. Armenien hat sich an den Sicherheitsrat der Vereinten Nationen mit der Bitte gewandt, wegen der schweren humanit\u00e4ren Krise in Bergkarabach eine Dringlichkeitssitzung durchzuf\u00fchren. [&hellip;]<\/p>\n","protected":false},"author":3,"featured_media":41848,"comment_status":"open","ping_status":"open","sticky":false,"template":"","format":"standard","meta":{"_yoast_indexnow_last_ping":["1691838474"],"wp_automatic_camp":["217"],"bbf405344b49751eef3402c681e3b441":["Armenien bittet UN-Sicherheitsrat eindringlich um Er\u00f6rterung der humanit\u00e4ren Krise in Bergkarabach"],"original_link":["https:\/\/de.rt.com\/international\/177680-armenien-will-im-un-sicherheitsrat-humanitaere-krise-im-bergkarabach-eroertern\/"],"_thumbnail_id":["41848"],"_wptgpro_p2tg_sent2tg":["a:1:{i:23737;s:19:\"2023-08-12 13:08:57\";}"],"jnews_social_counter_last_update":["1777696803"]},"categories":[19,23],"tags":[10002,30003,675,82,913,47680,9692,861,18725],"yoast_head":"<!-- This site is optimized with the Yoast SEO Premium plugin v22.7 (Yoast SEO v22.7) - https:\/\/yoast.com\/wordpress\/plugins\/seo\/ -->\n<title>Armenien bittet UN-Sicherheitsrat eindringlich um Er\u00f6rterung der humanit\u00e4ren Krise in Bergkarabach - just-now.NEWS Deutschland<\/title>\n<meta name=\"robots\" content=\"index, follow, max-snippet:-1, max-image-preview:large, max-video-preview:-1\" \/>\n<link rel=\"canonical\" href=\"https:\/\/now-news.de\/de\/deutschland\/armenien-bittet-un-sicherheitsrat-eindringlich-um-eroerterung-der-humanitaeren-krise-in-bergkarabach\/\" \/>\n<meta property=\"og:locale\" content=\"de_DE\" \/>\n<meta property=\"og:type\" content=\"article\" \/>\n<meta property=\"og:title\" content=\"Armenien bittet UN-Sicherheitsrat eindringlich um Er\u00f6rterung der humanit\u00e4ren Krise in Bergkarabach\" \/>\n<meta property=\"og:description\" content=\"Die humanit\u00e4re Lage in Bergkarabach verschlimmert sich immer mehr, seitdem Aserbaidschan die wichtigste Route in die s\u00fcdkaukasische Konfliktregion gesperrt hat. Vor diesem Hintergrund beantragte Armenien eine Dringlichkeitssitzung im Sicherheitsrat der Vereinten Nationen. Armenien hat sich an den Sicherheitsrat der Vereinten Nationen mit der Bitte gewandt, wegen der schweren humanit\u00e4ren Krise in Bergkarabach eine Dringlichkeitssitzung durchzuf\u00fchren. [&hellip;]\" \/>\n<meta property=\"og:url\" content=\"https:\/\/now-news.de\/de\/deutschland\/armenien-bittet-un-sicherheitsrat-eindringlich-um-eroerterung-der-humanitaeren-krise-in-bergkarabach\/\" \/>\n<meta property=\"og:site_name\" content=\"just-now.NEWS Deutschland\" \/>\n<meta property=\"article:publisher\" content=\"https:\/\/www.facebook.com\/wirmachenauf\" \/>\n<meta property=\"article:published_time\" content=\"2023-08-12T10:40:16+00:00\" \/>\n<meta property=\"og:image\" content=\"https:\/\/now-news.de\/de\/wp-content\/uploads\/sites\/3\/2023\/08\/Armenien-bittet-UN-Sicherheitsrat-eindringlich-um-Eroerterung-der-humanitaeren-Krise-in.jpg\" \/>\n\t<meta property=\"og:image:width\" content=\"460\" \/>\n\t<meta property=\"og:image:height\" content=\"259\" \/>\n\t<meta property=\"og:image:type\" content=\"image\/jpeg\" \/>\n<meta name=\"author\" content=\"rtnews\" \/>\n<meta name=\"twitter:card\" content=\"summary_large_image\" \/>\n<meta name=\"twitter:creator\" content=\"@WirMachenAuf_de\" \/>\n<meta name=\"twitter:site\" content=\"@WirMachenAuf_de\" \/>\n<meta name=\"twitter:label1\" content=\"Verfasst von\" \/>\n\t<meta name=\"twitter:data1\" content=\"rtnews\" \/>\n\t<meta name=\"twitter:label2\" content=\"Gesch\u00e4tzte Lesezeit\" \/>\n\t<meta name=\"twitter:data2\" content=\"2\u00a0Minuten\" \/>\n<script type=\"application\/ld+json\" class=\"yoast-schema-graph\">{\"@context\":\"https:\/\/schema.org\",\"@graph\":[{\"@type\":\"Article\",\"@id\":\"https:\/\/now-news.de\/de\/deutschland\/armenien-bittet-un-sicherheitsrat-eindringlich-um-eroerterung-der-humanitaeren-krise-in-bergkarabach\/#article\",\"isPartOf\":{\"@id\":\"https:\/\/now-news.de\/de\/deutschland\/armenien-bittet-un-sicherheitsrat-eindringlich-um-eroerterung-der-humanitaeren-krise-in-bergkarabach\/\"},\"author\":{\"name\":\"rtnews\",\"@id\":\"https:\/\/now-news.de\/de\/#\/schema\/person\/fb534a4e865501d8b3285208df34a9b5\"},\"headline\":\"Armenien bittet UN-Sicherheitsrat eindringlich um Er\u00f6rterung der humanit\u00e4ren Krise in Bergkarabach\",\"datePublished\":\"2023-08-12T10:40:16+00:00\",\"dateModified\":\"2023-08-12T10:40:16+00:00\",\"mainEntityOfPage\":{\"@id\":\"https:\/\/now-news.de\/de\/deutschland\/armenien-bittet-un-sicherheitsrat-eindringlich-um-eroerterung-der-humanitaeren-krise-in-bergkarabach\/\"},\"wordCount\":478,\"commentCount\":0,\"publisher\":{\"@id\":\"https:\/\/now-news.de\/de\/#organization\"},\"image\":{\"@id\":\"https:\/\/now-news.de\/de\/deutschland\/armenien-bittet-un-sicherheitsrat-eindringlich-um-eroerterung-der-humanitaeren-krise-in-bergkarabach\/#primaryimage\"},\"thumbnailUrl\":\"https:\/\/now-news.de\/de\/wp-content\/uploads\/sites\/3\/2023\/08\/Armenien-bittet-UN-Sicherheitsrat-eindringlich-um-Eroerterung-der-humanitaeren-Krise-in.jpg\",\"keywords\":[\"Armenien\",\"BergKarabach\",\"bittet\",\"der\",\"eindringlich\",\"Er\u00f6rterung\",\"humanit\u00e4ren\",\"krise\",\"UNSicherheitsrat\"],\"articleSection\":[\"Deutschland\",\"Russland\"],\"inLanguage\":\"de\",\"potentialAction\":[{\"@type\":\"CommentAction\",\"name\":\"Comment\",\"target\":[\"https:\/\/now-news.de\/de\/deutschland\/armenien-bittet-un-sicherheitsrat-eindringlich-um-eroerterung-der-humanitaeren-krise-in-bergkarabach\/#respond\"]}]},{\"@type\":\"WebPage\",\"@id\":\"https:\/\/now-news.de\/de\/deutschland\/armenien-bittet-un-sicherheitsrat-eindringlich-um-eroerterung-der-humanitaeren-krise-in-bergkarabach\/\",\"url\":\"https:\/\/now-news.de\/de\/deutschland\/armenien-bittet-un-sicherheitsrat-eindringlich-um-eroerterung-der-humanitaeren-krise-in-bergkarabach\/\",\"name\":\"Armenien bittet UN-Sicherheitsrat eindringlich um Er\u00f6rterung der humanit\u00e4ren Krise in Bergkarabach - just-now.NEWS Deutschland\",\"isPartOf\":{\"@id\":\"https:\/\/now-news.de\/de\/#website\"},\"primaryImageOfPage\":{\"@id\":\"https:\/\/now-news.de\/de\/deutschland\/armenien-bittet-un-sicherheitsrat-eindringlich-um-eroerterung-der-humanitaeren-krise-in-bergkarabach\/#primaryimage\"},\"image\":{\"@id\":\"https:\/\/now-news.de\/de\/deutschland\/armenien-bittet-un-sicherheitsrat-eindringlich-um-eroerterung-der-humanitaeren-krise-in-bergkarabach\/#primaryimage\"},\"thumbnailUrl\":\"https:\/\/now-news.de\/de\/wp-content\/uploads\/sites\/3\/2023\/08\/Armenien-bittet-UN-Sicherheitsrat-eindringlich-um-Eroerterung-der-humanitaeren-Krise-in.jpg\",\"datePublished\":\"2023-08-12T10:40:16+00:00\",\"dateModified\":\"2023-08-12T10:40:16+00:00\",\"breadcrumb\":{\"@id\":\"https:\/\/now-news.de\/de\/deutschland\/armenien-bittet-un-sicherheitsrat-eindringlich-um-eroerterung-der-humanitaeren-krise-in-bergkarabach\/#breadcrumb\"},\"inLanguage\":\"de\",\"potentialAction\":[{\"@type\":\"ReadAction\",\"target\":[\"https:\/\/now-news.de\/de\/deutschland\/armenien-bittet-un-sicherheitsrat-eindringlich-um-eroerterung-der-humanitaeren-krise-in-bergkarabach\/\"]}]},{\"@type\":\"ImageObject\",\"inLanguage\":\"de\",\"@id\":\"https:\/\/now-news.de\/de\/deutschland\/armenien-bittet-un-sicherheitsrat-eindringlich-um-eroerterung-der-humanitaeren-krise-in-bergkarabach\/#primaryimage\",\"url\":\"https:\/\/now-news.de\/de\/wp-content\/uploads\/sites\/3\/2023\/08\/Armenien-bittet-UN-Sicherheitsrat-eindringlich-um-Eroerterung-der-humanitaeren-Krise-in.jpg\",\"contentUrl\":\"https:\/\/now-news.de\/de\/wp-content\/uploads\/sites\/3\/2023\/08\/Armenien-bittet-UN-Sicherheitsrat-eindringlich-um-Eroerterung-der-humanitaeren-Krise-in.jpg\",\"width\":460,\"height\":259,\"caption\":\"Armenien bittet UN-Sicherheitsrat eindringlich um Er\u00f6rterung der humanit\u00e4ren Krise in Bergkarabach\"},{\"@type\":\"BreadcrumbList\",\"@id\":\"https:\/\/now-news.de\/de\/deutschland\/armenien-bittet-un-sicherheitsrat-eindringlich-um-eroerterung-der-humanitaeren-krise-in-bergkarabach\/#breadcrumb\",\"itemListElement\":[{\"@type\":\"ListItem\",\"position\":1,\"name\":\"Home\",\"item\":\"https:\/\/now-news.de\/de\/\"},{\"@type\":\"ListItem\",\"position\":2,\"name\":\"Armenien bittet UN-Sicherheitsrat eindringlich um Er\u00f6rterung der humanit\u00e4ren Krise in Bergkarabach\"}]},{\"@type\":\"WebSite\",\"@id\":\"https:\/\/now-news.de\/de\/#website\",\"url\":\"https:\/\/now-news.de\/de\/\",\"name\":\"just-now.NEWS Deutschland\",\"description\":\"Das Portal f\u00fcr unzensierte Nachrichten aus der Welt\",\"publisher\":{\"@id\":\"https:\/\/now-news.de\/de\/#organization\"},\"potentialAction\":[{\"@type\":\"SearchAction\",\"target\":{\"@type\":\"EntryPoint\",\"urlTemplate\":\"https:\/\/now-news.de\/de\/?s={search_term_string}\"},\"query-input\":\"required name=search_term_string\"}],\"inLanguage\":\"de\"},{\"@type\":\"Organization\",\"@id\":\"https:\/\/now-news.de\/de\/#organization\",\"name\":\"Just Now News\",\"url\":\"https:\/\/now-news.de\/de\/\",\"logo\":{\"@type\":\"ImageObject\",\"inLanguage\":\"de\",\"@id\":\"https:\/\/now-news.de\/de\/#\/schema\/logo\/image\/\",\"url\":\"http:\/\/just-now.news\/de\/wp-content\/uploads\/sites\/3\/2022\/04\/logo500x500.jpg\",\"contentUrl\":\"http:\/\/just-now.news\/de\/wp-content\/uploads\/sites\/3\/2022\/04\/logo500x500.jpg\",\"width\":500,\"height\":500,\"caption\":\"Just Now News\"},\"image\":{\"@id\":\"https:\/\/now-news.de\/de\/#\/schema\/logo\/image\/\"},\"sameAs\":[\"https:\/\/www.facebook.com\/wirmachenauf\",\"https:\/\/x.com\/WirMachenAuf_de\"]},{\"@type\":\"Person\",\"@id\":\"https:\/\/now-news.de\/de\/#\/schema\/person\/fb534a4e865501d8b3285208df34a9b5\",\"name\":\"rtnews\",\"image\":{\"@type\":\"ImageObject\",\"inLanguage\":\"de\",\"@id\":\"https:\/\/now-news.de\/de\/#\/schema\/person\/image\/\",\"url\":\"https:\/\/secure.gravatar.com\/avatar\/82aafea7d8127119dd649515f56e2117?s=96&d=mm&r=g\",\"contentUrl\":\"https:\/\/secure.gravatar.com\/avatar\/82aafea7d8127119dd649515f56e2117?s=96&d=mm&r=g\",\"caption\":\"rtnews\"},\"url\":\"https:\/\/now-news.de\/de\/author\/rnews\/\"}]}<\/script>\n<!-- \/ Yoast SEO Premium plugin. -->","yoast_head_json":{"title":"Armenien bittet UN-Sicherheitsrat eindringlich um Er\u00f6rterung der humanit\u00e4ren Krise in Bergkarabach - just-now.NEWS Deutschland","robots":{"index":"index","follow":"follow","max-snippet":"max-snippet:-1","max-image-preview":"max-image-preview:large","max-video-preview":"max-video-preview:-1"},"canonical":"https:\/\/now-news.de\/de\/deutschland\/armenien-bittet-un-sicherheitsrat-eindringlich-um-eroerterung-der-humanitaeren-krise-in-bergkarabach\/","og_locale":"de_DE","og_type":"article","og_title":"Armenien bittet UN-Sicherheitsrat eindringlich um Er\u00f6rterung der humanit\u00e4ren Krise in Bergkarabach","og_description":"Die humanit\u00e4re Lage in Bergkarabach verschlimmert sich immer mehr, seitdem Aserbaidschan die wichtigste Route in die s\u00fcdkaukasische Konfliktregion gesperrt hat. Vor diesem Hintergrund beantragte Armenien eine Dringlichkeitssitzung im Sicherheitsrat der Vereinten Nationen. Armenien hat sich an den Sicherheitsrat der Vereinten Nationen mit der Bitte gewandt, wegen der schweren humanit\u00e4ren Krise in Bergkarabach eine Dringlichkeitssitzung durchzuf\u00fchren. [&hellip;]","og_url":"https:\/\/now-news.de\/de\/deutschland\/armenien-bittet-un-sicherheitsrat-eindringlich-um-eroerterung-der-humanitaeren-krise-in-bergkarabach\/","og_site_name":"just-now.NEWS Deutschland","article_publisher":"https:\/\/www.facebook.com\/wirmachenauf","article_published_time":"2023-08-12T10:40:16+00:00","og_image":[{"width":460,"height":259,"url":"https:\/\/now-news.de\/de\/wp-content\/uploads\/sites\/3\/2023\/08\/Armenien-bittet-UN-Sicherheitsrat-eindringlich-um-Eroerterung-der-humanitaeren-Krise-in.jpg","type":"image\/jpeg"}],"author":"rtnews","twitter_card":"summary_large_image","twitter_creator":"@WirMachenAuf_de","twitter_site":"@WirMachenAuf_de","twitter_misc":{"Verfasst von":"rtnews","Gesch\u00e4tzte Lesezeit":"2\u00a0Minuten"},"schema":{"@context":"https:\/\/schema.org","@graph":[{"@type":"Article","@id":"https:\/\/now-news.de\/de\/deutschland\/armenien-bittet-un-sicherheitsrat-eindringlich-um-eroerterung-der-humanitaeren-krise-in-bergkarabach\/#article","isPartOf":{"@id":"https:\/\/now-news.de\/de\/deutschland\/armenien-bittet-un-sicherheitsrat-eindringlich-um-eroerterung-der-humanitaeren-krise-in-bergkarabach\/"},"author":{"name":"rtnews","@id":"https:\/\/now-news.de\/de\/#\/schema\/person\/fb534a4e865501d8b3285208df34a9b5"},"headline":"Armenien bittet UN-Sicherheitsrat eindringlich um Er\u00f6rterung der humanit\u00e4ren Krise in Bergkarabach","datePublished":"2023-08-12T10:40:16+00:00","dateModified":"2023-08-12T10:40:16+00:00","mainEntityOfPage":{"@id":"https:\/\/now-news.de\/de\/deutschland\/armenien-bittet-un-sicherheitsrat-eindringlich-um-eroerterung-der-humanitaeren-krise-in-bergkarabach\/"},"wordCount":478,"commentCount":0,"publisher":{"@id":"https:\/\/now-news.de\/de\/#organization"},"image":{"@id":"https:\/\/now-news.de\/de\/deutschland\/armenien-bittet-un-sicherheitsrat-eindringlich-um-eroerterung-der-humanitaeren-krise-in-bergkarabach\/#primaryimage"},"thumbnailUrl":"https:\/\/now-news.de\/de\/wp-content\/uploads\/sites\/3\/2023\/08\/Armenien-bittet-UN-Sicherheitsrat-eindringlich-um-Eroerterung-der-humanitaeren-Krise-in.jpg","keywords":["Armenien","BergKarabach","bittet","der","eindringlich","Er\u00f6rterung","humanit\u00e4ren","krise","UNSicherheitsrat"],"articleSection":["Deutschland","Russland"],"inLanguage":"de","potentialAction":[{"@type":"CommentAction","name":"Comment","target":["https:\/\/now-news.de\/de\/deutschland\/armenien-bittet-un-sicherheitsrat-eindringlich-um-eroerterung-der-humanitaeren-krise-in-bergkarabach\/#respond"]}]},{"@type":"WebPage","@id":"https:\/\/now-news.de\/de\/deutschland\/armenien-bittet-un-sicherheitsrat-eindringlich-um-eroerterung-der-humanitaeren-krise-in-bergkarabach\/","url":"https:\/\/now-news.de\/de\/deutschland\/armenien-bittet-un-sicherheitsrat-eindringlich-um-eroerterung-der-humanitaeren-krise-in-bergkarabach\/","name":"Armenien bittet UN-Sicherheitsrat eindringlich um Er\u00f6rterung der humanit\u00e4ren Krise in Bergkarabach - just-now.NEWS Deutschland","isPartOf":{"@id":"https:\/\/now-news.de\/de\/#website"},"primaryImageOfPage":{"@id":"https:\/\/now-news.de\/de\/deutschland\/armenien-bittet-un-sicherheitsrat-eindringlich-um-eroerterung-der-humanitaeren-krise-in-bergkarabach\/#primaryimage"},"image":{"@id":"https:\/\/now-news.de\/de\/deutschland\/armenien-bittet-un-sicherheitsrat-eindringlich-um-eroerterung-der-humanitaeren-krise-in-bergkarabach\/#primaryimage"},"thumbnailUrl":"https:\/\/now-news.de\/de\/wp-content\/uploads\/sites\/3\/2023\/08\/Armenien-bittet-UN-Sicherheitsrat-eindringlich-um-Eroerterung-der-humanitaeren-Krise-in.jpg","datePublished":"2023-08-12T10:40:16+00:00","dateModified":"2023-08-12T10:40:16+00:00","breadcrumb":{"@id":"https:\/\/now-news.de\/de\/deutschland\/armenien-bittet-un-sicherheitsrat-eindringlich-um-eroerterung-der-humanitaeren-krise-in-bergkarabach\/#breadcrumb"},"inLanguage":"de","potentialAction":[{"@type":"ReadAction","target":["https:\/\/now-news.de\/de\/deutschland\/armenien-bittet-un-sicherheitsrat-eindringlich-um-eroerterung-der-humanitaeren-krise-in-bergkarabach\/"]}]},{"@type":"ImageObject","inLanguage":"de","@id":"https:\/\/now-news.de\/de\/deutschland\/armenien-bittet-un-sicherheitsrat-eindringlich-um-eroerterung-der-humanitaeren-krise-in-bergkarabach\/#primaryimage","url":"https:\/\/now-news.de\/de\/wp-content\/uploads\/sites\/3\/2023\/08\/Armenien-bittet-UN-Sicherheitsrat-eindringlich-um-Eroerterung-der-humanitaeren-Krise-in.jpg","contentUrl":"https:\/\/now-news.de\/de\/wp-content\/uploads\/sites\/3\/2023\/08\/Armenien-bittet-UN-Sicherheitsrat-eindringlich-um-Eroerterung-der-humanitaeren-Krise-in.jpg","width":460,"height":259,"caption":"Armenien bittet UN-Sicherheitsrat eindringlich um Er\u00f6rterung der humanit\u00e4ren Krise in Bergkarabach"},{"@type":"BreadcrumbList","@id":"https:\/\/now-news.de\/de\/deutschland\/armenien-bittet-un-sicherheitsrat-eindringlich-um-eroerterung-der-humanitaeren-krise-in-bergkarabach\/#breadcrumb","itemListElement":[{"@type":"ListItem","position":1,"name":"Home","item":"https:\/\/now-news.de\/de\/"},{"@type":"ListItem","position":2,"name":"Armenien bittet UN-Sicherheitsrat eindringlich um Er\u00f6rterung der humanit\u00e4ren Krise in Bergkarabach"}]},{"@type":"WebSite","@id":"https:\/\/now-news.de\/de\/#website","url":"https:\/\/now-news.de\/de\/","name":"just-now.NEWS Deutschland","description":"Das Portal f\u00fcr unzensierte Nachrichten aus der Welt","publisher":{"@id":"https:\/\/now-news.de\/de\/#organization"},"potentialAction":[{"@type":"SearchAction","target":{"@type":"EntryPoint","urlTemplate":"https:\/\/now-news.de\/de\/?s={search_term_string}"},"query-input":"required name=search_term_string"}],"inLanguage":"de"},{"@type":"Organization","@id":"https:\/\/now-news.de\/de\/#organization","name":"Just Now News","url":"https:\/\/now-news.de\/de\/","logo":{"@type":"ImageObject","inLanguage":"de","@id":"https:\/\/now-news.de\/de\/#\/schema\/logo\/image\/","url":"http:\/\/just-now.news\/de\/wp-content\/uploads\/sites\/3\/2022\/04\/logo500x500.jpg","contentUrl":"http:\/\/just-now.news\/de\/wp-content\/uploads\/sites\/3\/2022\/04\/logo500x500.jpg","width":500,"height":500,"caption":"Just Now News"},"image":{"@id":"https:\/\/now-news.de\/de\/#\/schema\/logo\/image\/"},"sameAs":["https:\/\/www.facebook.com\/wirmachenauf","https:\/\/x.com\/WirMachenAuf_de"]},{"@type":"Person","@id":"https:\/\/now-news.de\/de\/#\/schema\/person\/fb534a4e865501d8b3285208df34a9b5","name":"rtnews","image":{"@type":"ImageObject","inLanguage":"de","@id":"https:\/\/now-news.de\/de\/#\/schema\/person\/image\/","url":"https:\/\/secure.gravatar.com\/avatar\/82aafea7d8127119dd649515f56e2117?s=96&d=mm&r=g","contentUrl":"https:\/\/secure.gravatar.com\/avatar\/82aafea7d8127119dd649515f56e2117?s=96&d=mm&r=g","caption":"rtnews"},"url":"https:\/\/now-news.de\/de\/author\/rnews\/"}]}},"_links":{"self":[{"href":"https:\/\/now-news.de\/de\/wp-json\/wp\/v2\/posts\/41847"}],"collection":[{"href":"https:\/\/now-news.de\/de\/wp-json\/wp\/v2\/posts"}],"about":[{"href":"https:\/\/now-news.de\/de\/wp-json\/wp\/v2\/types\/post"}],"author":[{"embeddable":true,"href":"https:\/\/now-news.de\/de\/wp-json\/wp\/v2\/users\/3"}],"replies":[{"embeddable":true,"href":"https:\/\/now-news.de\/de\/wp-json\/wp\/v2\/comments?post=41847"}],"version-history":[{"count":0,"href":"https:\/\/now-news.de\/de\/wp-json\/wp\/v2\/posts\/41847\/revisions"}],"wp:featuredmedia":[{"embeddable":true,"href":"https:\/\/now-news.de\/de\/wp-json\/wp\/v2\/media\/41848"}],"wp:attachment":[{"href":"https:\/\/now-news.de\/de\/wp-json\/wp\/v2\/media?parent=41847"}],"wp:term":[{"taxonomy":"category","embeddable":true,"href":"https:\/\/now-news.de\/de\/wp-json\/wp\/v2\/categories?post=41847"},{"taxonomy":"post_tag","embeddable":true,"href":"https:\/\/now-news.de\/de\/wp-json\/wp\/v2\/tags?post=41847"}],"curies":[{"name":"wp","href":"https:\/\/api.w.org\/{rel}","templated":true}]}}