{"id":41844,"date":"2023-08-12T11:49:10","date_gmt":"2023-08-12T09:49:10","guid":{"rendered":"https:\/\/just-now.news\/de\/deutschland\/praesident-der-ihk-chemnitz-lage-ist-schlimmer-als-oft-berichtet-wird\/"},"modified":"2023-08-12T11:49:10","modified_gmt":"2023-08-12T09:49:10","slug":"praesident-der-ihk-chemnitz-lage-ist-schlimmer-als-oft-berichtet-wird","status":"publish","type":"post","link":"https:\/\/now-news.de\/de\/deutschland\/praesident-der-ihk-chemnitz-lage-ist-schlimmer-als-oft-berichtet-wird\/","title":{"rendered":"Pr\u00e4sident der IHK Chemnitz: Lage ist schlimmer, als oft berichtet wird"},"content":{"rendered":"<p><img decoding=\"async\" src=\"http:\/\/just-now.news\/de\/wp-content\/uploads\/sites\/3\/2023\/08\/64d679dcb480cc1ad847e8b1.jpg\" \/><\/p>\n<div class=\"Text-root Text-type_1 \">\n                Der Pr\u00e4sident der Industrie- und Handelskammer Chemnitz hat sich sorgenvoll \u00fcber die  Zukunft der energieintensiven Mittelst\u00e4ndler in der Bundesrepublik ge\u00e4u\u00dfert. Die Insolvenzen kleinerer Firmen nehme man in der \u00d6ffentlichkeit kaum wahr, daher sei die Lage &#8220;schlimmer, als oft berichtet wird&#8221;.\n            <\/div>\n<p><\/p>\n<div class=\"Text-root Text-type_5 ArticleView-text ViewText-root \">\n<p>Der Gie\u00dfereibesitzer und Pr\u00e4sident der Industrie- und Handelskammer (IHK) Chemnitz, Max Jankowsky, hat sich kritisch \u00fcber die Zukunft der energieintensiven Mittelst\u00e4ndler in der Bundesrepublik ge\u00e4u\u00dfert. Er mache sich gro\u00dfe Sorgen um die Zukunft, wie er der <em>FAZ <\/em>sagte. Ihm &#8220;graue bereits davor, dass man im Herbst dieselbe Debatte um Energieengp\u00e4sse f\u00fchren werde wie im vorigen Jahr&#8221;. Man befinde sich immer noch in einer Notlage, was energieintensive Unternehmen sehr unruhig mache. Der deutsche Mittelstand sei &#8220;widerstandsf\u00e4hig\u00a0\u2012 aber er ist nicht unsterblich&#8221;.<\/p>\n<blockquote>\n<p><em>&#8220;Wir erleben fast schon regelm\u00e4\u00dfig Insolvenzen unter unseren Kunden. Das sind keine gro\u00dfen Firmen, deshalb nimmt das kaum jemand wahr. F\u00fcr mich ist das aber ein Zeichen: Die Lage ist schlimmer, als oft berichtet wird.&#8221;<\/em><\/p>\n<\/blockquote>\n<p>Weiterhin f\u00fchrte er aus, dass er k\u00fcrzlich in Lubmin an der Ostsee war. Der Ort stelle f\u00fcr ihn mittlerweile ein Symbol der deutschen Energiepolitik dar: Ein brachliegendes Atomkraftwerk, zwei stillgelegte Gaspipelines \u2013 und daneben ein LNG-Schiff, das nur ein Provisorium ist. Er stelle sich daher die Frage, ob Grundstoff- und Schwerindustrie in Deutschland noch eine Zukunft haben.<\/p>\n<blockquote>\n<p><em>&#8220;Dann sagt auch noch der Sachverst\u00e4ndigenrat der Bundesregierung in Gestalt der Vorsitzenden Monika Schnitzer, dass energieintensive Industrien in Deutschland sowieso keine Zukunft haben und Subventionen f\u00fcr unsere Branche deshalb unsinnig sind.&#8221;<\/em><\/p>\n<\/blockquote>\n<p>Des Weiteren erkl\u00e4rte Jankowsky, dass sein Gie\u00dfereibetrieb mit 85 Mitarbeitern im Erzgebirge derzeit Kokskohle verbrenne, er aber auf den elektrischen Betrieb umstellen wolle. Doch in seiner Kleinstadt fehle es an den n\u00f6tigen Stromleitungen, um die derzeitige Leistung von drei Megawatt auf die dann ben\u00f6tigten neun zus\u00e4tzlichen Megawatt zu bringen. Daf\u00fcr w\u00fcrde man allerdings eine neue Stromtrasse ben\u00f6tigen. Bei diesem Thema gebe es daher Probleme und Fragen. So k\u00f6nne sein Betrieb von einem Strompreis von 10 Cent, der beispielsweise Gro\u00dfkonzernen wie Intel in seinem Werk in Magdeburg f\u00fcr die n\u00e4chsten 20 Jahre garantiert wurde, nur tr\u00e4umen.<\/p>\n<blockquote>\n<p><em>&#8220;Am Ende des Tages ist mir egal, wie ein bezahlbarer Strompreis zustande kommt: durch geringere Steuern und Netzentgelte, durch einen Transformations- oder Industriestrompreis \u2013 oder auch mit den von der DIHK vorgeschlagenen Strompartnerschaften, dass wir also direkte Vertr\u00e4ge mit Versorgern f\u00fcr erneuerbare Energie aus Windr\u00e4dern abschlie\u00dfen. Mit den aktuellen Strompreisen wird es jedenfalls nicht funktionieren, unsere Industrie zu elektrifizieren. Das treibt viele Unternehmer um.&#8221;<\/em><\/p>\n<\/blockquote>\n<p>Wasserstoff h\u00e4lt Jankowsky\u00a0dar\u00fcber hinaus f\u00fcr ein Trendthema.<\/p>\n<p><em>&#8220;In der Praxis hat das seine Grenzen, das Handling wird oft untersch\u00e4tzt. Direkt neben meiner Gie\u00dferei befindet sich ein Wohngebiet, da ist der Umgang mit Wasserstoff schwer vorstellbar. Es funktioniert auch nicht jedes Gasger\u00e4t mit Wasserstoff. Und die Umstellung ist sehr teuer, die Produktion des Wasserstoffs auch. Wie viel soll dann die Kilowattstunde kosten? Ist das wettbewerbsf\u00e4hig?&#8221;<\/em><\/p>\n<p>Trotz mehrmaliger Nachfrage des <em>FAZ<\/em>-Reporters \u00e4u\u00dferte sich Jankowsky im \u00dcbrigen nicht zur AfD.<\/p>\n<p>Als Pr\u00e4sident der IHK Chemnitz nehme er zu parteipolitischen Fragen keine Stellung. Er stellte weiterhin klar, dass es ihm nicht um Parteipolitik gehe, sondern um die Wirtschaft. Eine gewisse Frustration im Osten, vor allem auf dem Land, k\u00f6nne er allerdings verstehen.<\/p>\n<blockquote>\n<p><em>&#8220;Da geht es gar nicht um radikale Positionen. Sondern um eine Unzufriedenheit, weil das gro\u00dfe Ganze nicht gesehen und stattdessen \u00fcber Details eines Heizungsgesetzes debattiert wird.&#8221;<\/em><\/p>\n<\/blockquote>\n<p><strong>Mehr zum Thema &#8211;<\/strong>\u00a0<a rel=\"nofollow noopener\" target=\"_blank\" href=\"https:\/\/freedert.online\/inland\/177535-ines-risiko-gasmangels-in-deutschland-bleibt\/\">Deutsche Gasspeicherbetreiber: Risiko eines Gasmangels in Deutschland bleibt bis 2027 akut <\/a><\/p>\n<\/p>\n<\/div>\n<p><br \/>\n<br \/><a href=\"https:\/\/de.rt.com\/inland\/177659-praesident-ihk-chemnitz-lage-ist\/\">Source link <\/a><\/p>\n","protected":false},"excerpt":{"rendered":"<p>Der Pr\u00e4sident der Industrie- und Handelskammer Chemnitz hat sich sorgenvoll \u00fcber die Zukunft der energieintensiven Mittelst\u00e4ndler in der Bundesrepublik ge\u00e4u\u00dfert. Die Insolvenzen kleinerer Firmen nehme man in der \u00d6ffentlichkeit kaum wahr, daher sei die Lage &#8220;schlimmer, als oft berichtet wird&#8221;. Der Gie\u00dfereibesitzer und Pr\u00e4sident der Industrie- und Handelskammer (IHK) Chemnitz, Max Jankowsky, hat sich kritisch [&hellip;]<\/p>\n","protected":false},"author":3,"featured_media":41845,"comment_status":"open","ping_status":"open","sticky":false,"template":"","format":"standard","meta":{"_yoast_indexnow_last_ping":["1691834659"],"wp_automatic_camp":["217"],"521dafc5f956353ee07859002363b74a":["Pr\u00e4sident der IHK Chemnitz: Lage ist schlimmer, als oft berichtet wird"],"original_link":["https:\/\/de.rt.com\/inland\/177659-praesident-ihk-chemnitz-lage-ist\/"],"_thumbnail_id":["41845"],"_wptgpro_p2tg_sent2tg":["a:1:{i:23737;s:19:\"2023-08-12 12:05:23\";}"],"jnews_social_counter_last_update":["1777356020"]},"categories":[19,23],"tags":[273,313,7935,82,32630,414,525,24119,3464,12806,374],"yoast_head":"<!-- This site is optimized with the Yoast SEO Premium plugin v22.7 (Yoast SEO v22.7) - https:\/\/yoast.com\/wordpress\/plugins\/seo\/ -->\n<title>Pr\u00e4sident der IHK Chemnitz: Lage ist schlimmer, als oft berichtet wird - just-now.NEWS Deutschland<\/title>\n<meta name=\"robots\" content=\"index, follow, max-snippet:-1, max-image-preview:large, max-video-preview:-1\" \/>\n<link rel=\"canonical\" href=\"https:\/\/now-news.de\/de\/deutschland\/praesident-der-ihk-chemnitz-lage-ist-schlimmer-als-oft-berichtet-wird\/\" \/>\n<meta property=\"og:locale\" content=\"de_DE\" \/>\n<meta property=\"og:type\" content=\"article\" \/>\n<meta property=\"og:title\" content=\"Pr\u00e4sident der IHK Chemnitz: Lage ist schlimmer, als oft berichtet wird\" \/>\n<meta property=\"og:description\" content=\"Der Pr\u00e4sident der Industrie- und Handelskammer Chemnitz hat sich sorgenvoll \u00fcber die Zukunft der energieintensiven Mittelst\u00e4ndler in der Bundesrepublik ge\u00e4u\u00dfert. Die Insolvenzen kleinerer Firmen nehme man in der \u00d6ffentlichkeit kaum wahr, daher sei die Lage &#8220;schlimmer, als oft berichtet wird&#8221;. Der Gie\u00dfereibesitzer und Pr\u00e4sident der Industrie- und Handelskammer (IHK) Chemnitz, Max Jankowsky, hat sich kritisch [&hellip;]\" \/>\n<meta property=\"og:url\" content=\"https:\/\/now-news.de\/de\/deutschland\/praesident-der-ihk-chemnitz-lage-ist-schlimmer-als-oft-berichtet-wird\/\" \/>\n<meta property=\"og:site_name\" content=\"just-now.NEWS Deutschland\" \/>\n<meta property=\"article:publisher\" content=\"https:\/\/www.facebook.com\/wirmachenauf\" \/>\n<meta property=\"article:published_time\" content=\"2023-08-12T09:49:10+00:00\" \/>\n<meta property=\"og:image\" content=\"https:\/\/now-news.de\/de\/wp-content\/uploads\/sites\/3\/2023\/08\/Praesident-der-IHK-Chemnitz-Lage-ist-schlimmer-als-oft-berichtet.jpg\" \/>\n\t<meta property=\"og:image:width\" content=\"460\" \/>\n\t<meta property=\"og:image:height\" content=\"259\" \/>\n\t<meta property=\"og:image:type\" content=\"image\/jpeg\" \/>\n<meta name=\"author\" content=\"rtnews\" \/>\n<meta name=\"twitter:card\" content=\"summary_large_image\" \/>\n<meta name=\"twitter:creator\" content=\"@WirMachenAuf_de\" \/>\n<meta name=\"twitter:site\" content=\"@WirMachenAuf_de\" \/>\n<meta name=\"twitter:label1\" content=\"Verfasst von\" \/>\n\t<meta name=\"twitter:data1\" content=\"rtnews\" \/>\n\t<meta name=\"twitter:label2\" content=\"Gesch\u00e4tzte Lesezeit\" \/>\n\t<meta name=\"twitter:data2\" content=\"3\u00a0Minuten\" \/>\n<script type=\"application\/ld+json\" class=\"yoast-schema-graph\">{\"@context\":\"https:\/\/schema.org\",\"@graph\":[{\"@type\":\"Article\",\"@id\":\"https:\/\/now-news.de\/de\/deutschland\/praesident-der-ihk-chemnitz-lage-ist-schlimmer-als-oft-berichtet-wird\/#article\",\"isPartOf\":{\"@id\":\"https:\/\/now-news.de\/de\/deutschland\/praesident-der-ihk-chemnitz-lage-ist-schlimmer-als-oft-berichtet-wird\/\"},\"author\":{\"name\":\"rtnews\",\"@id\":\"https:\/\/now-news.de\/de\/#\/schema\/person\/fb534a4e865501d8b3285208df34a9b5\"},\"headline\":\"Pr\u00e4sident der IHK Chemnitz: Lage ist schlimmer, als oft berichtet wird\",\"datePublished\":\"2023-08-12T09:49:10+00:00\",\"dateModified\":\"2023-08-12T09:49:10+00:00\",\"mainEntityOfPage\":{\"@id\":\"https:\/\/now-news.de\/de\/deutschland\/praesident-der-ihk-chemnitz-lage-ist-schlimmer-als-oft-berichtet-wird\/\"},\"wordCount\":620,\"commentCount\":0,\"publisher\":{\"@id\":\"https:\/\/now-news.de\/de\/#organization\"},\"image\":{\"@id\":\"https:\/\/now-news.de\/de\/deutschland\/praesident-der-ihk-chemnitz-lage-ist-schlimmer-als-oft-berichtet-wird\/#primaryimage\"},\"thumbnailUrl\":\"https:\/\/now-news.de\/de\/wp-content\/uploads\/sites\/3\/2023\/08\/Praesident-der-IHK-Chemnitz-Lage-ist-schlimmer-als-oft-berichtet.jpg\",\"keywords\":[\"als\",\"berichtet\",\"Chemnitz\",\"der\",\"IHK\",\"ist\",\"Lage\",\"oft\",\"Pr\u00e4sident\",\"schlimmer\",\"wird\"],\"articleSection\":[\"Deutschland\",\"Russland\"],\"inLanguage\":\"de\",\"potentialAction\":[{\"@type\":\"CommentAction\",\"name\":\"Comment\",\"target\":[\"https:\/\/now-news.de\/de\/deutschland\/praesident-der-ihk-chemnitz-lage-ist-schlimmer-als-oft-berichtet-wird\/#respond\"]}]},{\"@type\":\"WebPage\",\"@id\":\"https:\/\/now-news.de\/de\/deutschland\/praesident-der-ihk-chemnitz-lage-ist-schlimmer-als-oft-berichtet-wird\/\",\"url\":\"https:\/\/now-news.de\/de\/deutschland\/praesident-der-ihk-chemnitz-lage-ist-schlimmer-als-oft-berichtet-wird\/\",\"name\":\"Pr\u00e4sident der IHK Chemnitz: Lage ist schlimmer, als oft berichtet wird - just-now.NEWS Deutschland\",\"isPartOf\":{\"@id\":\"https:\/\/now-news.de\/de\/#website\"},\"primaryImageOfPage\":{\"@id\":\"https:\/\/now-news.de\/de\/deutschland\/praesident-der-ihk-chemnitz-lage-ist-schlimmer-als-oft-berichtet-wird\/#primaryimage\"},\"image\":{\"@id\":\"https:\/\/now-news.de\/de\/deutschland\/praesident-der-ihk-chemnitz-lage-ist-schlimmer-als-oft-berichtet-wird\/#primaryimage\"},\"thumbnailUrl\":\"https:\/\/now-news.de\/de\/wp-content\/uploads\/sites\/3\/2023\/08\/Praesident-der-IHK-Chemnitz-Lage-ist-schlimmer-als-oft-berichtet.jpg\",\"datePublished\":\"2023-08-12T09:49:10+00:00\",\"dateModified\":\"2023-08-12T09:49:10+00:00\",\"breadcrumb\":{\"@id\":\"https:\/\/now-news.de\/de\/deutschland\/praesident-der-ihk-chemnitz-lage-ist-schlimmer-als-oft-berichtet-wird\/#breadcrumb\"},\"inLanguage\":\"de\",\"potentialAction\":[{\"@type\":\"ReadAction\",\"target\":[\"https:\/\/now-news.de\/de\/deutschland\/praesident-der-ihk-chemnitz-lage-ist-schlimmer-als-oft-berichtet-wird\/\"]}]},{\"@type\":\"ImageObject\",\"inLanguage\":\"de\",\"@id\":\"https:\/\/now-news.de\/de\/deutschland\/praesident-der-ihk-chemnitz-lage-ist-schlimmer-als-oft-berichtet-wird\/#primaryimage\",\"url\":\"https:\/\/now-news.de\/de\/wp-content\/uploads\/sites\/3\/2023\/08\/Praesident-der-IHK-Chemnitz-Lage-ist-schlimmer-als-oft-berichtet.jpg\",\"contentUrl\":\"https:\/\/now-news.de\/de\/wp-content\/uploads\/sites\/3\/2023\/08\/Praesident-der-IHK-Chemnitz-Lage-ist-schlimmer-als-oft-berichtet.jpg\",\"width\":460,\"height\":259,\"caption\":\"Pr\u00e4sident der IHK Chemnitz: Lage ist schlimmer, als oft berichtet wird\"},{\"@type\":\"BreadcrumbList\",\"@id\":\"https:\/\/now-news.de\/de\/deutschland\/praesident-der-ihk-chemnitz-lage-ist-schlimmer-als-oft-berichtet-wird\/#breadcrumb\",\"itemListElement\":[{\"@type\":\"ListItem\",\"position\":1,\"name\":\"Home\",\"item\":\"https:\/\/now-news.de\/de\/\"},{\"@type\":\"ListItem\",\"position\":2,\"name\":\"Pr\u00e4sident der IHK Chemnitz: Lage ist schlimmer, als oft berichtet wird\"}]},{\"@type\":\"WebSite\",\"@id\":\"https:\/\/now-news.de\/de\/#website\",\"url\":\"https:\/\/now-news.de\/de\/\",\"name\":\"just-now.NEWS Deutschland\",\"description\":\"Das Portal f\u00fcr unzensierte Nachrichten aus der Welt\",\"publisher\":{\"@id\":\"https:\/\/now-news.de\/de\/#organization\"},\"potentialAction\":[{\"@type\":\"SearchAction\",\"target\":{\"@type\":\"EntryPoint\",\"urlTemplate\":\"https:\/\/now-news.de\/de\/?s={search_term_string}\"},\"query-input\":\"required name=search_term_string\"}],\"inLanguage\":\"de\"},{\"@type\":\"Organization\",\"@id\":\"https:\/\/now-news.de\/de\/#organization\",\"name\":\"Just Now News\",\"url\":\"https:\/\/now-news.de\/de\/\",\"logo\":{\"@type\":\"ImageObject\",\"inLanguage\":\"de\",\"@id\":\"https:\/\/now-news.de\/de\/#\/schema\/logo\/image\/\",\"url\":\"http:\/\/just-now.news\/de\/wp-content\/uploads\/sites\/3\/2022\/04\/logo500x500.jpg\",\"contentUrl\":\"http:\/\/just-now.news\/de\/wp-content\/uploads\/sites\/3\/2022\/04\/logo500x500.jpg\",\"width\":500,\"height\":500,\"caption\":\"Just Now News\"},\"image\":{\"@id\":\"https:\/\/now-news.de\/de\/#\/schema\/logo\/image\/\"},\"sameAs\":[\"https:\/\/www.facebook.com\/wirmachenauf\",\"https:\/\/x.com\/WirMachenAuf_de\"]},{\"@type\":\"Person\",\"@id\":\"https:\/\/now-news.de\/de\/#\/schema\/person\/fb534a4e865501d8b3285208df34a9b5\",\"name\":\"rtnews\",\"image\":{\"@type\":\"ImageObject\",\"inLanguage\":\"de\",\"@id\":\"https:\/\/now-news.de\/de\/#\/schema\/person\/image\/\",\"url\":\"https:\/\/secure.gravatar.com\/avatar\/82aafea7d8127119dd649515f56e2117?s=96&d=mm&r=g\",\"contentUrl\":\"https:\/\/secure.gravatar.com\/avatar\/82aafea7d8127119dd649515f56e2117?s=96&d=mm&r=g\",\"caption\":\"rtnews\"},\"url\":\"https:\/\/now-news.de\/de\/author\/rnews\/\"}]}<\/script>\n<!-- \/ Yoast SEO Premium plugin. -->","yoast_head_json":{"title":"Pr\u00e4sident der IHK Chemnitz: Lage ist schlimmer, als oft berichtet wird - just-now.NEWS Deutschland","robots":{"index":"index","follow":"follow","max-snippet":"max-snippet:-1","max-image-preview":"max-image-preview:large","max-video-preview":"max-video-preview:-1"},"canonical":"https:\/\/now-news.de\/de\/deutschland\/praesident-der-ihk-chemnitz-lage-ist-schlimmer-als-oft-berichtet-wird\/","og_locale":"de_DE","og_type":"article","og_title":"Pr\u00e4sident der IHK Chemnitz: Lage ist schlimmer, als oft berichtet wird","og_description":"Der Pr\u00e4sident der Industrie- und Handelskammer Chemnitz hat sich sorgenvoll \u00fcber die Zukunft der energieintensiven Mittelst\u00e4ndler in der Bundesrepublik ge\u00e4u\u00dfert. Die Insolvenzen kleinerer Firmen nehme man in der \u00d6ffentlichkeit kaum wahr, daher sei die Lage &#8220;schlimmer, als oft berichtet wird&#8221;. Der Gie\u00dfereibesitzer und Pr\u00e4sident der Industrie- und Handelskammer (IHK) Chemnitz, Max Jankowsky, hat sich kritisch [&hellip;]","og_url":"https:\/\/now-news.de\/de\/deutschland\/praesident-der-ihk-chemnitz-lage-ist-schlimmer-als-oft-berichtet-wird\/","og_site_name":"just-now.NEWS Deutschland","article_publisher":"https:\/\/www.facebook.com\/wirmachenauf","article_published_time":"2023-08-12T09:49:10+00:00","og_image":[{"width":460,"height":259,"url":"https:\/\/now-news.de\/de\/wp-content\/uploads\/sites\/3\/2023\/08\/Praesident-der-IHK-Chemnitz-Lage-ist-schlimmer-als-oft-berichtet.jpg","type":"image\/jpeg"}],"author":"rtnews","twitter_card":"summary_large_image","twitter_creator":"@WirMachenAuf_de","twitter_site":"@WirMachenAuf_de","twitter_misc":{"Verfasst von":"rtnews","Gesch\u00e4tzte Lesezeit":"3\u00a0Minuten"},"schema":{"@context":"https:\/\/schema.org","@graph":[{"@type":"Article","@id":"https:\/\/now-news.de\/de\/deutschland\/praesident-der-ihk-chemnitz-lage-ist-schlimmer-als-oft-berichtet-wird\/#article","isPartOf":{"@id":"https:\/\/now-news.de\/de\/deutschland\/praesident-der-ihk-chemnitz-lage-ist-schlimmer-als-oft-berichtet-wird\/"},"author":{"name":"rtnews","@id":"https:\/\/now-news.de\/de\/#\/schema\/person\/fb534a4e865501d8b3285208df34a9b5"},"headline":"Pr\u00e4sident der IHK Chemnitz: Lage ist schlimmer, als oft berichtet wird","datePublished":"2023-08-12T09:49:10+00:00","dateModified":"2023-08-12T09:49:10+00:00","mainEntityOfPage":{"@id":"https:\/\/now-news.de\/de\/deutschland\/praesident-der-ihk-chemnitz-lage-ist-schlimmer-als-oft-berichtet-wird\/"},"wordCount":620,"commentCount":0,"publisher":{"@id":"https:\/\/now-news.de\/de\/#organization"},"image":{"@id":"https:\/\/now-news.de\/de\/deutschland\/praesident-der-ihk-chemnitz-lage-ist-schlimmer-als-oft-berichtet-wird\/#primaryimage"},"thumbnailUrl":"https:\/\/now-news.de\/de\/wp-content\/uploads\/sites\/3\/2023\/08\/Praesident-der-IHK-Chemnitz-Lage-ist-schlimmer-als-oft-berichtet.jpg","keywords":["als","berichtet","Chemnitz","der","IHK","ist","Lage","oft","Pr\u00e4sident","schlimmer","wird"],"articleSection":["Deutschland","Russland"],"inLanguage":"de","potentialAction":[{"@type":"CommentAction","name":"Comment","target":["https:\/\/now-news.de\/de\/deutschland\/praesident-der-ihk-chemnitz-lage-ist-schlimmer-als-oft-berichtet-wird\/#respond"]}]},{"@type":"WebPage","@id":"https:\/\/now-news.de\/de\/deutschland\/praesident-der-ihk-chemnitz-lage-ist-schlimmer-als-oft-berichtet-wird\/","url":"https:\/\/now-news.de\/de\/deutschland\/praesident-der-ihk-chemnitz-lage-ist-schlimmer-als-oft-berichtet-wird\/","name":"Pr\u00e4sident der IHK Chemnitz: Lage ist schlimmer, als oft berichtet wird - just-now.NEWS Deutschland","isPartOf":{"@id":"https:\/\/now-news.de\/de\/#website"},"primaryImageOfPage":{"@id":"https:\/\/now-news.de\/de\/deutschland\/praesident-der-ihk-chemnitz-lage-ist-schlimmer-als-oft-berichtet-wird\/#primaryimage"},"image":{"@id":"https:\/\/now-news.de\/de\/deutschland\/praesident-der-ihk-chemnitz-lage-ist-schlimmer-als-oft-berichtet-wird\/#primaryimage"},"thumbnailUrl":"https:\/\/now-news.de\/de\/wp-content\/uploads\/sites\/3\/2023\/08\/Praesident-der-IHK-Chemnitz-Lage-ist-schlimmer-als-oft-berichtet.jpg","datePublished":"2023-08-12T09:49:10+00:00","dateModified":"2023-08-12T09:49:10+00:00","breadcrumb":{"@id":"https:\/\/now-news.de\/de\/deutschland\/praesident-der-ihk-chemnitz-lage-ist-schlimmer-als-oft-berichtet-wird\/#breadcrumb"},"inLanguage":"de","potentialAction":[{"@type":"ReadAction","target":["https:\/\/now-news.de\/de\/deutschland\/praesident-der-ihk-chemnitz-lage-ist-schlimmer-als-oft-berichtet-wird\/"]}]},{"@type":"ImageObject","inLanguage":"de","@id":"https:\/\/now-news.de\/de\/deutschland\/praesident-der-ihk-chemnitz-lage-ist-schlimmer-als-oft-berichtet-wird\/#primaryimage","url":"https:\/\/now-news.de\/de\/wp-content\/uploads\/sites\/3\/2023\/08\/Praesident-der-IHK-Chemnitz-Lage-ist-schlimmer-als-oft-berichtet.jpg","contentUrl":"https:\/\/now-news.de\/de\/wp-content\/uploads\/sites\/3\/2023\/08\/Praesident-der-IHK-Chemnitz-Lage-ist-schlimmer-als-oft-berichtet.jpg","width":460,"height":259,"caption":"Pr\u00e4sident der IHK Chemnitz: Lage ist schlimmer, als oft berichtet wird"},{"@type":"BreadcrumbList","@id":"https:\/\/now-news.de\/de\/deutschland\/praesident-der-ihk-chemnitz-lage-ist-schlimmer-als-oft-berichtet-wird\/#breadcrumb","itemListElement":[{"@type":"ListItem","position":1,"name":"Home","item":"https:\/\/now-news.de\/de\/"},{"@type":"ListItem","position":2,"name":"Pr\u00e4sident der IHK Chemnitz: Lage ist schlimmer, als oft berichtet wird"}]},{"@type":"WebSite","@id":"https:\/\/now-news.de\/de\/#website","url":"https:\/\/now-news.de\/de\/","name":"just-now.NEWS Deutschland","description":"Das Portal f\u00fcr unzensierte Nachrichten aus der Welt","publisher":{"@id":"https:\/\/now-news.de\/de\/#organization"},"potentialAction":[{"@type":"SearchAction","target":{"@type":"EntryPoint","urlTemplate":"https:\/\/now-news.de\/de\/?s={search_term_string}"},"query-input":"required name=search_term_string"}],"inLanguage":"de"},{"@type":"Organization","@id":"https:\/\/now-news.de\/de\/#organization","name":"Just Now News","url":"https:\/\/now-news.de\/de\/","logo":{"@type":"ImageObject","inLanguage":"de","@id":"https:\/\/now-news.de\/de\/#\/schema\/logo\/image\/","url":"http:\/\/just-now.news\/de\/wp-content\/uploads\/sites\/3\/2022\/04\/logo500x500.jpg","contentUrl":"http:\/\/just-now.news\/de\/wp-content\/uploads\/sites\/3\/2022\/04\/logo500x500.jpg","width":500,"height":500,"caption":"Just Now News"},"image":{"@id":"https:\/\/now-news.de\/de\/#\/schema\/logo\/image\/"},"sameAs":["https:\/\/www.facebook.com\/wirmachenauf","https:\/\/x.com\/WirMachenAuf_de"]},{"@type":"Person","@id":"https:\/\/now-news.de\/de\/#\/schema\/person\/fb534a4e865501d8b3285208df34a9b5","name":"rtnews","image":{"@type":"ImageObject","inLanguage":"de","@id":"https:\/\/now-news.de\/de\/#\/schema\/person\/image\/","url":"https:\/\/secure.gravatar.com\/avatar\/82aafea7d8127119dd649515f56e2117?s=96&d=mm&r=g","contentUrl":"https:\/\/secure.gravatar.com\/avatar\/82aafea7d8127119dd649515f56e2117?s=96&d=mm&r=g","caption":"rtnews"},"url":"https:\/\/now-news.de\/de\/author\/rnews\/"}]}},"_links":{"self":[{"href":"https:\/\/now-news.de\/de\/wp-json\/wp\/v2\/posts\/41844"}],"collection":[{"href":"https:\/\/now-news.de\/de\/wp-json\/wp\/v2\/posts"}],"about":[{"href":"https:\/\/now-news.de\/de\/wp-json\/wp\/v2\/types\/post"}],"author":[{"embeddable":true,"href":"https:\/\/now-news.de\/de\/wp-json\/wp\/v2\/users\/3"}],"replies":[{"embeddable":true,"href":"https:\/\/now-news.de\/de\/wp-json\/wp\/v2\/comments?post=41844"}],"version-history":[{"count":0,"href":"https:\/\/now-news.de\/de\/wp-json\/wp\/v2\/posts\/41844\/revisions"}],"wp:featuredmedia":[{"embeddable":true,"href":"https:\/\/now-news.de\/de\/wp-json\/wp\/v2\/media\/41845"}],"wp:attachment":[{"href":"https:\/\/now-news.de\/de\/wp-json\/wp\/v2\/media?parent=41844"}],"wp:term":[{"taxonomy":"category","embeddable":true,"href":"https:\/\/now-news.de\/de\/wp-json\/wp\/v2\/categories?post=41844"},{"taxonomy":"post_tag","embeddable":true,"href":"https:\/\/now-news.de\/de\/wp-json\/wp\/v2\/tags?post=41844"}],"curies":[{"name":"wp","href":"https:\/\/api.w.org\/{rel}","templated":true}]}}