{"id":41836,"date":"2023-08-12T10:03:32","date_gmt":"2023-08-12T08:03:32","guid":{"rendered":"https:\/\/just-now.news\/de\/deutschland\/der-75-jahrestag-des-verfassungskonvents-wenn-festakte-zu-wahlwerbung-verkommen\/"},"modified":"2023-08-12T10:03:32","modified_gmt":"2023-08-12T08:03:32","slug":"der-75-jahrestag-des-verfassungskonvents-wenn-festakte-zu-wahlwerbung-verkommen","status":"publish","type":"post","link":"https:\/\/now-news.de\/de\/deutschland\/der-75-jahrestag-des-verfassungskonvents-wenn-festakte-zu-wahlwerbung-verkommen\/","title":{"rendered":"Der 75. Jahrestag des Verfassungskonvents: Wenn Festakte zu Wahlwerbung verkommen"},"content":{"rendered":"<p><img decoding=\"async\" src=\"http:\/\/just-now.news\/de\/wp-content\/uploads\/sites\/3\/2023\/08\/64d6014b48fbef37663ac53d.jpg\" \/><\/p>\n<div class=\"Text-root Text-type_1 \">\n                Viel Vertrauen in die Demokratie scheinen die Repr\u00e4sentanten des Staates aktuell nicht zu haben, wenn sie mittlerweile gef\u00fchlt jeden Anlass nutzen, um vor angeblichen Verfassungsfeinden zu warnen.\n            <\/div>\n<p><\/p>\n<div class=\"Text-root Text-type_5 ArticleView-text ViewText-root \">\n<p><em>Von Bj\u00f6rn Kawecki<\/em><\/p>\n<p>Auf der Herreninsel im Chiemsee wurde am Donnerstag der Festakt zum 75. Jahrestag des Verfassungskonvents Herrenchiemsee 1948 begangen. Wer alles geladen war und aus welchem Grund, kann man \u2013 abgesehen von der Rednerliste \u2013 lediglich anhand der Pressefotos erahnen. Die\u00a0<em>S\u00fcddeutsche Zeitung<\/em>\u00a0schrieb vermutlich recht treffend von &#8220;politischer Prominenz&#8221;.<\/p>\n<p>Der Spiegelsaal des Neuen Schlosses war auf jeden Fall voll und dem Anschein nach feierte man die erfolgreiche deutsche Demokratiegeschichte, die mit dem Grundgesetz, deren Entwurf auf der Herreninsel erstellt wurde, einen zweiten Anlauf nahm.<\/p>\n<p><strong>Keine mildernden Umst\u00e4nde f\u00fcr m\u00fcndige B\u00fcrger<\/strong><\/p>\n<p>Viel Vertrauen in die Demokratie scheint man aktuell jedoch nicht zu haben. So setzte Bundespr\u00e4sident Frank-Walter Steinmeier (SPD) zwar zun\u00e4chst in dem ihm eigenen Tonfall des Predigers zur Grundgesetz-Exegese an, lobte die verbrieften Rechte auf W\u00fcrde, Freiheit und Demokratie.<\/p>\n<p>Doch nach den festlichen Lippenbekenntnissen wird der Ton bereits rauer. Von Verfassungs- und Freiheitsfeinden ist auf einmal die Rede. Die B\u00fcrger seien aufgefordert, im Alltag &#8220;robust&#8221; und &#8220;wehrhaft&#8221; zu sein. Gegen &#8220;Angriffe auf Freiheit und Demokratie&#8221; sollen sie &#8220;Willen zum Widerspruch&#8221; beweisen, Schweigen im Angesicht der &#8220;auftrumpfenden L\u00fcge&#8221; ermutige die Feinde der Freiheit.<\/p>\n<blockquote>\n<p><em>&#8220;Kein m\u00fcndiger W\u00e4hler kann sich auf mildernde Umst\u00e4nde herausreden, wenn er sehenden Auges politische Kr\u00e4fte st\u00e4rkt, die zur Verrohung unserer Gesellschaft und zur Aush\u00f6hlung der freiheitlichen Demokratie beitragen.&#8221;<\/em><\/p>\n<\/blockquote>\n<p>Ist das noch eine verdeckte Wahlempfehlung\u00a0f\u00fcr die anstehenden Landtagswahlen in Bayern und Hessen oder eine gar nicht so verdeckte Warnung vor Strafverfolgung?<\/p>\n<p><strong>Bayern hat die Wahl \u2013\u00a0<em>\u00a0<\/em>am 8. Oktober<\/strong><\/p>\n<p>Auch die Pr\u00e4sidentin des bayerischen Landtags, Ilse Aigner (CSU), die wie Steinmeier eigentlich als Repr\u00e4sentantin des Staates auftrat, war nicht in der Lage, das Parteibuch in der Tasche zu lassen.<\/p>\n<p>Auf die obligatorischen\u00a0Formeln anl\u00e4sslich des Festakts folgten Warnungen vor gezielten &#8220;Sticheleien&#8221; gegen die &#8220;demokratische Kultur&#8221; von &#8220;Kr\u00e4ften, deren Arme bis in die Parlamente reichen&#8221; w\u00fcrden. Ganze Personenkreise w\u00fcrden vermehrt durch Vertreter &#8220;einer Partei&#8221; in ihrer Menschenw\u00fcrde verletzt, raunte Aigner weiter,\u00a0um dann unverhohlen zur Wahlwerbung \u00fcberzugehen.<\/p>\n<blockquote>\n<p><em>&#8220;Hier an der Wiege der zweiten deutschen Demokratie sage ich: Eine dritte deutsche Demokratie braucht es nicht! \u2026 Wir in Deutschland haben die Wahl \u2013 und wir in Bayern sogar schon am 8. Oktober.&#8221;<\/em><\/p>\n<\/blockquote>\n<p>Verbl\u00fcffend. Die Angst vor dem Machtverlust scheint in der Politprominenz gr\u00f6\u00dfer zu sein, als man glauben\u00a0konnte. Doch wer vorsorglich einer &#8220;dritten&#8221; deutschen Demokratie\u00a0die Absage erteilt, h\u00e4tte vermutlich bereits auf die\u00a0<em>zweite<\/em>\u00a0gut und gerne verzichten k\u00f6nnen.<\/p>\n<p><strong>Mehr zum Thema\u00a0<\/strong>\u2013\u00a0<a rel=\"nofollow noopener\" target=\"_blank\" href=\"https:\/\/freedert.online\/inland\/177360-antifa-hessen-veroeffentlicht-afd-privatadressen\/\">Antifa Frankfurt ver\u00f6ffentlicht AfD-Privatadressen, um ihnen &#8220;das Leben zur H\u00f6lle zu machen&#8221;<\/a><\/p>\n<div class=\"EmbedBlock-root EmbedBlock-externalVideo EmbedBlock-odysee\">\n<div class=\"VkEmbed\"><iframe class=\"lazyload\" data-src=\"https:\/\/odysee.com\/%24\/embed\/%40RTDE%3Ae%2Fbuergerfragen-an-scholz-warum-verteilt-baerbock-in-aller-welt-unser-geld%3A1\" frameborder=\"0\" width=\"853\" height=\"480\" allowfullscreen><\/iframe><\/div>\n<\/div>\n<\/div>\n<p><br \/>\n<br \/><a href=\"https:\/\/de.rt.com\/meinung\/177600-75-jahrestag-verfassungskonvents-wenn-festakte\/\">Source link <\/a><\/p>\n","protected":false},"excerpt":{"rendered":"<p>Viel Vertrauen in die Demokratie scheinen die Repr\u00e4sentanten des Staates aktuell nicht zu haben, wenn sie mittlerweile gef\u00fchlt jeden Anlass nutzen, um vor angeblichen Verfassungsfeinden zu warnen. Von Bj\u00f6rn Kawecki Auf der Herreninsel im Chiemsee wurde am Donnerstag der Festakt zum 75. Jahrestag des Verfassungskonvents Herrenchiemsee 1948 begangen. Wer alles geladen war und aus welchem [&hellip;]<\/p>\n","protected":false},"author":3,"featured_media":41837,"comment_status":"open","ping_status":"open","sticky":false,"template":"","format":"standard","meta":{"_yoast_indexnow_last_ping":["1691828829"],"wp_automatic_camp":["217"],"abda41cb725f652d854c2396a9c8e009":["Der 75. Jahrestag des Verfassungskonvents: Wenn Festakte zu Wahlwerbung verkommen"],"original_link":["https:\/\/de.rt.com\/meinung\/177600-75-jahrestag-verfassungskonvents-wenn-festakte\/"],"_thumbnail_id":["41837"],"_wptgpro_p2tg_sent2tg":["a:1:{i:23737;s:19:\"2023-08-12 10:28:25\";}"],"jnews_social_counter_last_update":["1777405054"]},"categories":[19,23],"tags":[82,583,47675,16868,47674,16057,47676,4218],"yoast_head":"<!-- This site is optimized with the Yoast SEO Premium plugin v22.7 (Yoast SEO v22.7) - https:\/\/yoast.com\/wordpress\/plugins\/seo\/ -->\n<title>Der 75. Jahrestag des Verfassungskonvents: Wenn Festakte zu Wahlwerbung verkommen - just-now.NEWS Deutschland<\/title>\n<meta name=\"robots\" content=\"index, follow, max-snippet:-1, max-image-preview:large, max-video-preview:-1\" \/>\n<link rel=\"canonical\" href=\"https:\/\/now-news.de\/de\/deutschland\/der-75-jahrestag-des-verfassungskonvents-wenn-festakte-zu-wahlwerbung-verkommen\/\" \/>\n<meta property=\"og:locale\" content=\"de_DE\" \/>\n<meta property=\"og:type\" content=\"article\" \/>\n<meta property=\"og:title\" content=\"Der 75. Jahrestag des Verfassungskonvents: Wenn Festakte zu Wahlwerbung verkommen\" \/>\n<meta property=\"og:description\" content=\"Viel Vertrauen in die Demokratie scheinen die Repr\u00e4sentanten des Staates aktuell nicht zu haben, wenn sie mittlerweile gef\u00fchlt jeden Anlass nutzen, um vor angeblichen Verfassungsfeinden zu warnen. Von Bj\u00f6rn Kawecki Auf der Herreninsel im Chiemsee wurde am Donnerstag der Festakt zum 75. Jahrestag des Verfassungskonvents Herrenchiemsee 1948 begangen. Wer alles geladen war und aus welchem [&hellip;]\" \/>\n<meta property=\"og:url\" content=\"https:\/\/now-news.de\/de\/deutschland\/der-75-jahrestag-des-verfassungskonvents-wenn-festakte-zu-wahlwerbung-verkommen\/\" \/>\n<meta property=\"og:site_name\" content=\"just-now.NEWS Deutschland\" \/>\n<meta property=\"article:publisher\" content=\"https:\/\/www.facebook.com\/wirmachenauf\" \/>\n<meta property=\"article:published_time\" content=\"2023-08-12T08:03:32+00:00\" \/>\n<meta property=\"og:image\" content=\"https:\/\/now-news.de\/de\/wp-content\/uploads\/sites\/3\/2023\/08\/Der-75-Jahrestag-des-Verfassungskonvents-Wenn-Festakte-zu-Wahlwerbung-verkommen.jpg\" \/>\n\t<meta property=\"og:image:width\" content=\"460\" \/>\n\t<meta property=\"og:image:height\" content=\"259\" \/>\n\t<meta property=\"og:image:type\" content=\"image\/jpeg\" \/>\n<meta name=\"author\" content=\"rtnews\" \/>\n<meta name=\"twitter:card\" content=\"summary_large_image\" \/>\n<meta name=\"twitter:creator\" content=\"@WirMachenAuf_de\" \/>\n<meta name=\"twitter:site\" content=\"@WirMachenAuf_de\" \/>\n<meta name=\"twitter:label1\" content=\"Verfasst von\" \/>\n\t<meta name=\"twitter:data1\" content=\"rtnews\" \/>\n\t<meta name=\"twitter:label2\" content=\"Gesch\u00e4tzte Lesezeit\" \/>\n\t<meta name=\"twitter:data2\" content=\"2\u00a0Minuten\" \/>\n<script type=\"application\/ld+json\" class=\"yoast-schema-graph\">{\"@context\":\"https:\/\/schema.org\",\"@graph\":[{\"@type\":\"Article\",\"@id\":\"https:\/\/now-news.de\/de\/deutschland\/der-75-jahrestag-des-verfassungskonvents-wenn-festakte-zu-wahlwerbung-verkommen\/#article\",\"isPartOf\":{\"@id\":\"https:\/\/now-news.de\/de\/deutschland\/der-75-jahrestag-des-verfassungskonvents-wenn-festakte-zu-wahlwerbung-verkommen\/\"},\"author\":{\"name\":\"rtnews\",\"@id\":\"https:\/\/now-news.de\/de\/#\/schema\/person\/fb534a4e865501d8b3285208df34a9b5\"},\"headline\":\"Der 75. Jahrestag des Verfassungskonvents: Wenn Festakte zu Wahlwerbung verkommen\",\"datePublished\":\"2023-08-12T08:03:32+00:00\",\"dateModified\":\"2023-08-12T08:03:32+00:00\",\"mainEntityOfPage\":{\"@id\":\"https:\/\/now-news.de\/de\/deutschland\/der-75-jahrestag-des-verfassungskonvents-wenn-festakte-zu-wahlwerbung-verkommen\/\"},\"wordCount\":471,\"commentCount\":0,\"publisher\":{\"@id\":\"https:\/\/now-news.de\/de\/#organization\"},\"image\":{\"@id\":\"https:\/\/now-news.de\/de\/deutschland\/der-75-jahrestag-des-verfassungskonvents-wenn-festakte-zu-wahlwerbung-verkommen\/#primaryimage\"},\"thumbnailUrl\":\"https:\/\/now-news.de\/de\/wp-content\/uploads\/sites\/3\/2023\/08\/Der-75-Jahrestag-des-Verfassungskonvents-Wenn-Festakte-zu-Wahlwerbung-verkommen.jpg\",\"keywords\":[\"der\",\"des\",\"Festakte\",\"Jahrestag\",\"Verfassungskonvents\",\"verkommen\",\"Wahlwerbung\",\"wenn\"],\"articleSection\":[\"Deutschland\",\"Russland\"],\"inLanguage\":\"de\",\"potentialAction\":[{\"@type\":\"CommentAction\",\"name\":\"Comment\",\"target\":[\"https:\/\/now-news.de\/de\/deutschland\/der-75-jahrestag-des-verfassungskonvents-wenn-festakte-zu-wahlwerbung-verkommen\/#respond\"]}]},{\"@type\":\"WebPage\",\"@id\":\"https:\/\/now-news.de\/de\/deutschland\/der-75-jahrestag-des-verfassungskonvents-wenn-festakte-zu-wahlwerbung-verkommen\/\",\"url\":\"https:\/\/now-news.de\/de\/deutschland\/der-75-jahrestag-des-verfassungskonvents-wenn-festakte-zu-wahlwerbung-verkommen\/\",\"name\":\"Der 75. Jahrestag des Verfassungskonvents: Wenn Festakte zu Wahlwerbung verkommen - just-now.NEWS Deutschland\",\"isPartOf\":{\"@id\":\"https:\/\/now-news.de\/de\/#website\"},\"primaryImageOfPage\":{\"@id\":\"https:\/\/now-news.de\/de\/deutschland\/der-75-jahrestag-des-verfassungskonvents-wenn-festakte-zu-wahlwerbung-verkommen\/#primaryimage\"},\"image\":{\"@id\":\"https:\/\/now-news.de\/de\/deutschland\/der-75-jahrestag-des-verfassungskonvents-wenn-festakte-zu-wahlwerbung-verkommen\/#primaryimage\"},\"thumbnailUrl\":\"https:\/\/now-news.de\/de\/wp-content\/uploads\/sites\/3\/2023\/08\/Der-75-Jahrestag-des-Verfassungskonvents-Wenn-Festakte-zu-Wahlwerbung-verkommen.jpg\",\"datePublished\":\"2023-08-12T08:03:32+00:00\",\"dateModified\":\"2023-08-12T08:03:32+00:00\",\"breadcrumb\":{\"@id\":\"https:\/\/now-news.de\/de\/deutschland\/der-75-jahrestag-des-verfassungskonvents-wenn-festakte-zu-wahlwerbung-verkommen\/#breadcrumb\"},\"inLanguage\":\"de\",\"potentialAction\":[{\"@type\":\"ReadAction\",\"target\":[\"https:\/\/now-news.de\/de\/deutschland\/der-75-jahrestag-des-verfassungskonvents-wenn-festakte-zu-wahlwerbung-verkommen\/\"]}]},{\"@type\":\"ImageObject\",\"inLanguage\":\"de\",\"@id\":\"https:\/\/now-news.de\/de\/deutschland\/der-75-jahrestag-des-verfassungskonvents-wenn-festakte-zu-wahlwerbung-verkommen\/#primaryimage\",\"url\":\"https:\/\/now-news.de\/de\/wp-content\/uploads\/sites\/3\/2023\/08\/Der-75-Jahrestag-des-Verfassungskonvents-Wenn-Festakte-zu-Wahlwerbung-verkommen.jpg\",\"contentUrl\":\"https:\/\/now-news.de\/de\/wp-content\/uploads\/sites\/3\/2023\/08\/Der-75-Jahrestag-des-Verfassungskonvents-Wenn-Festakte-zu-Wahlwerbung-verkommen.jpg\",\"width\":460,\"height\":259,\"caption\":\"Der 75. Jahrestag des Verfassungskonvents: Wenn Festakte zu Wahlwerbung verkommen\"},{\"@type\":\"BreadcrumbList\",\"@id\":\"https:\/\/now-news.de\/de\/deutschland\/der-75-jahrestag-des-verfassungskonvents-wenn-festakte-zu-wahlwerbung-verkommen\/#breadcrumb\",\"itemListElement\":[{\"@type\":\"ListItem\",\"position\":1,\"name\":\"Home\",\"item\":\"https:\/\/now-news.de\/de\/\"},{\"@type\":\"ListItem\",\"position\":2,\"name\":\"Der 75. Jahrestag des Verfassungskonvents: Wenn Festakte zu Wahlwerbung verkommen\"}]},{\"@type\":\"WebSite\",\"@id\":\"https:\/\/now-news.de\/de\/#website\",\"url\":\"https:\/\/now-news.de\/de\/\",\"name\":\"just-now.NEWS Deutschland\",\"description\":\"Das Portal f\u00fcr unzensierte Nachrichten aus der Welt\",\"publisher\":{\"@id\":\"https:\/\/now-news.de\/de\/#organization\"},\"potentialAction\":[{\"@type\":\"SearchAction\",\"target\":{\"@type\":\"EntryPoint\",\"urlTemplate\":\"https:\/\/now-news.de\/de\/?s={search_term_string}\"},\"query-input\":\"required name=search_term_string\"}],\"inLanguage\":\"de\"},{\"@type\":\"Organization\",\"@id\":\"https:\/\/now-news.de\/de\/#organization\",\"name\":\"Just Now News\",\"url\":\"https:\/\/now-news.de\/de\/\",\"logo\":{\"@type\":\"ImageObject\",\"inLanguage\":\"de\",\"@id\":\"https:\/\/now-news.de\/de\/#\/schema\/logo\/image\/\",\"url\":\"http:\/\/just-now.news\/de\/wp-content\/uploads\/sites\/3\/2022\/04\/logo500x500.jpg\",\"contentUrl\":\"http:\/\/just-now.news\/de\/wp-content\/uploads\/sites\/3\/2022\/04\/logo500x500.jpg\",\"width\":500,\"height\":500,\"caption\":\"Just Now News\"},\"image\":{\"@id\":\"https:\/\/now-news.de\/de\/#\/schema\/logo\/image\/\"},\"sameAs\":[\"https:\/\/www.facebook.com\/wirmachenauf\",\"https:\/\/x.com\/WirMachenAuf_de\"]},{\"@type\":\"Person\",\"@id\":\"https:\/\/now-news.de\/de\/#\/schema\/person\/fb534a4e865501d8b3285208df34a9b5\",\"name\":\"rtnews\",\"image\":{\"@type\":\"ImageObject\",\"inLanguage\":\"de\",\"@id\":\"https:\/\/now-news.de\/de\/#\/schema\/person\/image\/\",\"url\":\"https:\/\/secure.gravatar.com\/avatar\/82aafea7d8127119dd649515f56e2117?s=96&d=mm&r=g\",\"contentUrl\":\"https:\/\/secure.gravatar.com\/avatar\/82aafea7d8127119dd649515f56e2117?s=96&d=mm&r=g\",\"caption\":\"rtnews\"},\"url\":\"https:\/\/now-news.de\/de\/author\/rnews\/\"}]}<\/script>\n<!-- \/ Yoast SEO Premium plugin. -->","yoast_head_json":{"title":"Der 75. Jahrestag des Verfassungskonvents: Wenn Festakte zu Wahlwerbung verkommen - just-now.NEWS Deutschland","robots":{"index":"index","follow":"follow","max-snippet":"max-snippet:-1","max-image-preview":"max-image-preview:large","max-video-preview":"max-video-preview:-1"},"canonical":"https:\/\/now-news.de\/de\/deutschland\/der-75-jahrestag-des-verfassungskonvents-wenn-festakte-zu-wahlwerbung-verkommen\/","og_locale":"de_DE","og_type":"article","og_title":"Der 75. Jahrestag des Verfassungskonvents: Wenn Festakte zu Wahlwerbung verkommen","og_description":"Viel Vertrauen in die Demokratie scheinen die Repr\u00e4sentanten des Staates aktuell nicht zu haben, wenn sie mittlerweile gef\u00fchlt jeden Anlass nutzen, um vor angeblichen Verfassungsfeinden zu warnen. Von Bj\u00f6rn Kawecki Auf der Herreninsel im Chiemsee wurde am Donnerstag der Festakt zum 75. Jahrestag des Verfassungskonvents Herrenchiemsee 1948 begangen. Wer alles geladen war und aus welchem [&hellip;]","og_url":"https:\/\/now-news.de\/de\/deutschland\/der-75-jahrestag-des-verfassungskonvents-wenn-festakte-zu-wahlwerbung-verkommen\/","og_site_name":"just-now.NEWS Deutschland","article_publisher":"https:\/\/www.facebook.com\/wirmachenauf","article_published_time":"2023-08-12T08:03:32+00:00","og_image":[{"width":460,"height":259,"url":"https:\/\/now-news.de\/de\/wp-content\/uploads\/sites\/3\/2023\/08\/Der-75-Jahrestag-des-Verfassungskonvents-Wenn-Festakte-zu-Wahlwerbung-verkommen.jpg","type":"image\/jpeg"}],"author":"rtnews","twitter_card":"summary_large_image","twitter_creator":"@WirMachenAuf_de","twitter_site":"@WirMachenAuf_de","twitter_misc":{"Verfasst von":"rtnews","Gesch\u00e4tzte Lesezeit":"2\u00a0Minuten"},"schema":{"@context":"https:\/\/schema.org","@graph":[{"@type":"Article","@id":"https:\/\/now-news.de\/de\/deutschland\/der-75-jahrestag-des-verfassungskonvents-wenn-festakte-zu-wahlwerbung-verkommen\/#article","isPartOf":{"@id":"https:\/\/now-news.de\/de\/deutschland\/der-75-jahrestag-des-verfassungskonvents-wenn-festakte-zu-wahlwerbung-verkommen\/"},"author":{"name":"rtnews","@id":"https:\/\/now-news.de\/de\/#\/schema\/person\/fb534a4e865501d8b3285208df34a9b5"},"headline":"Der 75. Jahrestag des Verfassungskonvents: Wenn Festakte zu Wahlwerbung verkommen","datePublished":"2023-08-12T08:03:32+00:00","dateModified":"2023-08-12T08:03:32+00:00","mainEntityOfPage":{"@id":"https:\/\/now-news.de\/de\/deutschland\/der-75-jahrestag-des-verfassungskonvents-wenn-festakte-zu-wahlwerbung-verkommen\/"},"wordCount":471,"commentCount":0,"publisher":{"@id":"https:\/\/now-news.de\/de\/#organization"},"image":{"@id":"https:\/\/now-news.de\/de\/deutschland\/der-75-jahrestag-des-verfassungskonvents-wenn-festakte-zu-wahlwerbung-verkommen\/#primaryimage"},"thumbnailUrl":"https:\/\/now-news.de\/de\/wp-content\/uploads\/sites\/3\/2023\/08\/Der-75-Jahrestag-des-Verfassungskonvents-Wenn-Festakte-zu-Wahlwerbung-verkommen.jpg","keywords":["der","des","Festakte","Jahrestag","Verfassungskonvents","verkommen","Wahlwerbung","wenn"],"articleSection":["Deutschland","Russland"],"inLanguage":"de","potentialAction":[{"@type":"CommentAction","name":"Comment","target":["https:\/\/now-news.de\/de\/deutschland\/der-75-jahrestag-des-verfassungskonvents-wenn-festakte-zu-wahlwerbung-verkommen\/#respond"]}]},{"@type":"WebPage","@id":"https:\/\/now-news.de\/de\/deutschland\/der-75-jahrestag-des-verfassungskonvents-wenn-festakte-zu-wahlwerbung-verkommen\/","url":"https:\/\/now-news.de\/de\/deutschland\/der-75-jahrestag-des-verfassungskonvents-wenn-festakte-zu-wahlwerbung-verkommen\/","name":"Der 75. Jahrestag des Verfassungskonvents: Wenn Festakte zu Wahlwerbung verkommen - just-now.NEWS Deutschland","isPartOf":{"@id":"https:\/\/now-news.de\/de\/#website"},"primaryImageOfPage":{"@id":"https:\/\/now-news.de\/de\/deutschland\/der-75-jahrestag-des-verfassungskonvents-wenn-festakte-zu-wahlwerbung-verkommen\/#primaryimage"},"image":{"@id":"https:\/\/now-news.de\/de\/deutschland\/der-75-jahrestag-des-verfassungskonvents-wenn-festakte-zu-wahlwerbung-verkommen\/#primaryimage"},"thumbnailUrl":"https:\/\/now-news.de\/de\/wp-content\/uploads\/sites\/3\/2023\/08\/Der-75-Jahrestag-des-Verfassungskonvents-Wenn-Festakte-zu-Wahlwerbung-verkommen.jpg","datePublished":"2023-08-12T08:03:32+00:00","dateModified":"2023-08-12T08:03:32+00:00","breadcrumb":{"@id":"https:\/\/now-news.de\/de\/deutschland\/der-75-jahrestag-des-verfassungskonvents-wenn-festakte-zu-wahlwerbung-verkommen\/#breadcrumb"},"inLanguage":"de","potentialAction":[{"@type":"ReadAction","target":["https:\/\/now-news.de\/de\/deutschland\/der-75-jahrestag-des-verfassungskonvents-wenn-festakte-zu-wahlwerbung-verkommen\/"]}]},{"@type":"ImageObject","inLanguage":"de","@id":"https:\/\/now-news.de\/de\/deutschland\/der-75-jahrestag-des-verfassungskonvents-wenn-festakte-zu-wahlwerbung-verkommen\/#primaryimage","url":"https:\/\/now-news.de\/de\/wp-content\/uploads\/sites\/3\/2023\/08\/Der-75-Jahrestag-des-Verfassungskonvents-Wenn-Festakte-zu-Wahlwerbung-verkommen.jpg","contentUrl":"https:\/\/now-news.de\/de\/wp-content\/uploads\/sites\/3\/2023\/08\/Der-75-Jahrestag-des-Verfassungskonvents-Wenn-Festakte-zu-Wahlwerbung-verkommen.jpg","width":460,"height":259,"caption":"Der 75. Jahrestag des Verfassungskonvents: Wenn Festakte zu Wahlwerbung verkommen"},{"@type":"BreadcrumbList","@id":"https:\/\/now-news.de\/de\/deutschland\/der-75-jahrestag-des-verfassungskonvents-wenn-festakte-zu-wahlwerbung-verkommen\/#breadcrumb","itemListElement":[{"@type":"ListItem","position":1,"name":"Home","item":"https:\/\/now-news.de\/de\/"},{"@type":"ListItem","position":2,"name":"Der 75. Jahrestag des Verfassungskonvents: Wenn Festakte zu Wahlwerbung verkommen"}]},{"@type":"WebSite","@id":"https:\/\/now-news.de\/de\/#website","url":"https:\/\/now-news.de\/de\/","name":"just-now.NEWS Deutschland","description":"Das Portal f\u00fcr unzensierte Nachrichten aus der Welt","publisher":{"@id":"https:\/\/now-news.de\/de\/#organization"},"potentialAction":[{"@type":"SearchAction","target":{"@type":"EntryPoint","urlTemplate":"https:\/\/now-news.de\/de\/?s={search_term_string}"},"query-input":"required name=search_term_string"}],"inLanguage":"de"},{"@type":"Organization","@id":"https:\/\/now-news.de\/de\/#organization","name":"Just Now News","url":"https:\/\/now-news.de\/de\/","logo":{"@type":"ImageObject","inLanguage":"de","@id":"https:\/\/now-news.de\/de\/#\/schema\/logo\/image\/","url":"http:\/\/just-now.news\/de\/wp-content\/uploads\/sites\/3\/2022\/04\/logo500x500.jpg","contentUrl":"http:\/\/just-now.news\/de\/wp-content\/uploads\/sites\/3\/2022\/04\/logo500x500.jpg","width":500,"height":500,"caption":"Just Now News"},"image":{"@id":"https:\/\/now-news.de\/de\/#\/schema\/logo\/image\/"},"sameAs":["https:\/\/www.facebook.com\/wirmachenauf","https:\/\/x.com\/WirMachenAuf_de"]},{"@type":"Person","@id":"https:\/\/now-news.de\/de\/#\/schema\/person\/fb534a4e865501d8b3285208df34a9b5","name":"rtnews","image":{"@type":"ImageObject","inLanguage":"de","@id":"https:\/\/now-news.de\/de\/#\/schema\/person\/image\/","url":"https:\/\/secure.gravatar.com\/avatar\/82aafea7d8127119dd649515f56e2117?s=96&d=mm&r=g","contentUrl":"https:\/\/secure.gravatar.com\/avatar\/82aafea7d8127119dd649515f56e2117?s=96&d=mm&r=g","caption":"rtnews"},"url":"https:\/\/now-news.de\/de\/author\/rnews\/"}]}},"_links":{"self":[{"href":"https:\/\/now-news.de\/de\/wp-json\/wp\/v2\/posts\/41836"}],"collection":[{"href":"https:\/\/now-news.de\/de\/wp-json\/wp\/v2\/posts"}],"about":[{"href":"https:\/\/now-news.de\/de\/wp-json\/wp\/v2\/types\/post"}],"author":[{"embeddable":true,"href":"https:\/\/now-news.de\/de\/wp-json\/wp\/v2\/users\/3"}],"replies":[{"embeddable":true,"href":"https:\/\/now-news.de\/de\/wp-json\/wp\/v2\/comments?post=41836"}],"version-history":[{"count":0,"href":"https:\/\/now-news.de\/de\/wp-json\/wp\/v2\/posts\/41836\/revisions"}],"wp:featuredmedia":[{"embeddable":true,"href":"https:\/\/now-news.de\/de\/wp-json\/wp\/v2\/media\/41837"}],"wp:attachment":[{"href":"https:\/\/now-news.de\/de\/wp-json\/wp\/v2\/media?parent=41836"}],"wp:term":[{"taxonomy":"category","embeddable":true,"href":"https:\/\/now-news.de\/de\/wp-json\/wp\/v2\/categories?post=41836"},{"taxonomy":"post_tag","embeddable":true,"href":"https:\/\/now-news.de\/de\/wp-json\/wp\/v2\/tags?post=41836"}],"curies":[{"name":"wp","href":"https:\/\/api.w.org\/{rel}","templated":true}]}}