{"id":41773,"date":"2023-08-11T09:20:51","date_gmt":"2023-08-11T07:20:51","guid":{"rendered":"https:\/\/just-now.news\/de\/deutschland\/partei-verbieten-fuehrung-einsperren-waehler-enteignen-seenotretter-will-gegen-afd-vorgehen\/"},"modified":"2023-08-11T09:20:51","modified_gmt":"2023-08-11T07:20:51","slug":"partei-verbieten-fuehrung-einsperren-waehler-enteignen-seenotretter-will-gegen-afd-vorgehen","status":"publish","type":"post","link":"https:\/\/now-news.de\/de\/deutschland\/partei-verbieten-fuehrung-einsperren-waehler-enteignen-seenotretter-will-gegen-afd-vorgehen\/","title":{"rendered":"Partei verbieten, F\u00fchrung einsperren, W\u00e4hler enteignen \u2013 &quot;Seenotretter&quot; will gegen AfD vorgehen"},"content":{"rendered":"<p><img decoding=\"async\" src=\"http:\/\/just-now.news\/de\/wp-content\/uploads\/sites\/3\/2023\/08\/64d5d85048fbef36bf22d5ba.jpg\" \/><\/p>\n<div class=\"Text-root Text-type_1 \">\n                Wie umgehen mit der AfD? Diese Frage wird unter &#8220;Demokraten&#8221; rege diskutiert. Ein prominenter &#8220;Fl\u00fcchtlingshelfer&#8221; bietet nun eine griffige Antwort: Partei verbieten, F\u00fchrung einsperren, W\u00e4hler enteignen. Im &#8220;Land der T\u00e4ter*innen&#8221; sollte das kein Tabu sein.\n            <\/div>\n<p><\/p>\n<div class=\"Text-root Text-type_5 ArticleView-text ViewText-root \">\n<p>Axel Steier, Vorsitzender und Gr\u00fcnder der sogenannten Seenotrettungsorganisation &#8220;Mission Lifeline&#8221;, hat in einem Beitrag bei Twitter\/X ein hartes Vorgehen gegen die AfD verlangt. Der Fl\u00fcchtlingshelfer forderte, die Partei zu verbieten, ihre F\u00fchrung einzusperren und ihre W\u00e4hler zu enteignen. W\u00f6rtlich hei\u00dft es in seinem Tweet vom Donnerstagmorgen (Schreibung hier und in der Folge wie im Original):<\/p>\n<blockquote>\n<p><em>&#8220;Im Land der T\u00e4ter*innen sollte es kein Tabu sein, die AfD zu verbieten &amp; das F\u00fchrungspersonal einzusperren. Auch wenn dadurch 20\u201340\u00a0% der deutschen W\u00e4hler*innen um ihre &#8220;Meinung&#8221; gebracht werden, die Verfolgung von Nazis ist nach wie vor ein Dienst an der gesamten Menschheit.&#8221;<\/em><\/p>\n<\/blockquote>\n<p>Die Forderung einer Nutzerin, dass es auch ein\u00a0Resozialisierungsprogramm f\u00fcr die 20\u201340 Prozent geben m\u00fcsse, beantwortete der Fl\u00fcchtlingshelfer mit der Aussage:<\/p>\n<blockquote>\n<p><em>&#8220;Ja, da gibts bereits Erfahrungen: Enteignung.&#8221;<\/em><\/p>\n<\/blockquote>\n<div class=\"EmbedBlock-root EmbedBlock-twitter\">\n<div class=\"TwitterEmbed\">\n<blockquote class=\"twitter-tweet lazyload\" data-twitter=\"twitter-tweet\">\n<p lang=\"de\" dir=\"ltr\">Im Land der T\u00e4ter*innen sollte es kein Tabu sein, die AfD zu verbieten &amp; das F\u00fchrungspersonal einzusperren. Auch wenn dadurch 20-40% der deutschen W\u00e4hler*innen um ihre &#8220;Meinung&#8221; gebracht werden, die Verfolgung von Nazis ist nach wie vor ein Dienst an der gesamten Menschheit.<\/p>\n<p>\u2014 Axel Steier (@Axel_Steier) <a rel=\"nofollow noopener\" target=\"_blank\" href=\"https:\/\/twitter.com\/Axel_Steier\/status\/1689526980989849600?ref_src=twsrc%5Etfw\">August 10, 2023<\/a><\/p><\/blockquote>\n<\/div>\n<\/div>\n<p>Steier war schon zuvor wiederholt mit radikalen Aussagen aufgefallen.\u00a0Im Januar 2023 schrieb der geb\u00fcrtige Dresdner, dass &#8220;Rassismus und Abschottungspolitik&#8221; erst an ein Ende f\u00e4nden, wenn es Deutschland nicht mehr g\u00e4be:<\/p>\n<blockquote>\n<p><em>&#8220;Alle hoffen auf Besserung, auf ein Ende von Rassismus und Abschottungspolitik. Ich f\u00fcrchte, dass das nicht kommt, solange Deutschland existiert. Das ist alles so verfestigt und in den regelhaften Strukturen fest verankert, das ist mit Reformen nicht zu l\u00f6sen.&#8221;<\/em><\/p>\n<\/blockquote>\n<p>Im Dezember 2022 hatte Steier erkl\u00e4rt, Ziel seiner Arbeit sei die &#8220;Enthomogenisierung&#8221; Deutschlands:<\/p>\n<blockquote>\n<p><em>&#8220;Wir sitzen am l\u00e4ngeren Hebel. Bald ist Schluss mit dem lustigen Leben als Wei\u00dfbrot!&#8221;<\/em><\/p>\n<p><em>&#8220;Nein, es wird irgendwann keine Wei\u00dfbrote mehr geben, weil Ihre Nachkommen in 50\u2013100 Jahren sich (offenbar anders als Sie) f\u00fcr ein*n Partner*in entscheidet, der nicht wei\u00df ist. Die Enthomogenisierung der Gesellschaft schreitet voran. Ich unterst\u00fctze das mit meiner Arbeit.&#8221;<\/em><\/p>\n<p><em>&#8220;Nennt sich Evolution. Man kann es durch soziale Ma\u00dfnahmen beschleunigen. Ein Teil davon ist, Migration zu f\u00f6rdern.&#8221;<\/em><\/p>\n<\/blockquote>\n<p>Diese Aussagen hatte der &#8220;Seenotretter&#8221; in der Folge als Satire bezeichnet.\u00a0Steiers\u00a0Verein &#8220;Mission Lifeline&#8221; ist als &#8220;meldeberechtigte Stelle&#8221; im Afghanistan-Aufnahmeprogramm Kooperationspartner der Bundesregierung.\u00a0<\/p>\n<p><strong>Mehr zum Thema<\/strong> &#8211; <a rel=\"nofollow noopener\" target=\"_blank\" href=\"https:\/\/freedert.online\/inland\/169401-schluss-mit-lustigen-leben-als\/\">Kooperationspartner der Regierung arbeitet an der &#8220;Enthomogenisierung&#8221; Deutschlands<\/a><\/p>\n<\/p>\n<\/div>\n<p><script async src=\"https:\/\/platform.twitter.com\/widgets.js\" charset=\"utf-8\"><\/script><br \/>\n<br \/><br \/>\n<br \/><a href=\"https:\/\/de.rt.com\/inland\/177581-partei-verbieten-fuehrung-einsperren-waehler\/\">Source link <\/a><\/p>\n","protected":false},"excerpt":{"rendered":"<p>Wie umgehen mit der AfD? Diese Frage wird unter &#8220;Demokraten&#8221; rege diskutiert. Ein prominenter &#8220;Fl\u00fcchtlingshelfer&#8221; bietet nun eine griffige Antwort: Partei verbieten, F\u00fchrung einsperren, W\u00e4hler enteignen. Im &#8220;Land der T\u00e4ter*innen&#8221; sollte das kein Tabu sein. Axel Steier, Vorsitzender und Gr\u00fcnder der sogenannten Seenotrettungsorganisation &#8220;Mission Lifeline&#8221;, hat in einem Beitrag bei Twitter\/X ein hartes Vorgehen gegen [&hellip;]<\/p>\n","protected":false},"author":3,"featured_media":41774,"comment_status":"open","ping_status":"open","sticky":false,"template":"","format":"standard","meta":{"_yoast_indexnow_last_ping":["1691739122"],"wp_automatic_camp":["217"],"56a3a61f7c47cec15f6d6ad556599401":["Partei verbieten, F\u00fchrung einsperren, W\u00e4hler enteignen \u2013 &quot;Seenotretter&quot; will gegen AfD vorgehen"],"original_link":["https:\/\/de.rt.com\/inland\/177581-partei-verbieten-fuehrung-einsperren-waehler\/"],"_thumbnail_id":["41774"],"jnews_social_counter_last_update":["1777181241"],"_wptgpro_p2tg_sent2tg":["a:1:{i:23737;s:19:\"2023-08-11 09:33:05\";}"]},"categories":[19,23],"tags":[3815,47651,36863,19159,278,2504,47652,1523,359,13169],"yoast_head":"<!-- This site is optimized with the Yoast SEO Premium plugin v22.7 (Yoast SEO v22.7) - https:\/\/yoast.com\/wordpress\/plugins\/seo\/ -->\n<title>Partei verbieten, F\u00fchrung einsperren, W\u00e4hler enteignen \u2013 &quot;Seenotretter&quot; will gegen AfD vorgehen - just-now.NEWS Deutschland<\/title>\n<meta name=\"robots\" content=\"index, follow, max-snippet:-1, max-image-preview:large, max-video-preview:-1\" \/>\n<link rel=\"canonical\" href=\"https:\/\/now-news.de\/de\/deutschland\/partei-verbieten-fuehrung-einsperren-waehler-enteignen-seenotretter-will-gegen-afd-vorgehen\/\" \/>\n<meta property=\"og:locale\" content=\"de_DE\" \/>\n<meta property=\"og:type\" content=\"article\" \/>\n<meta property=\"og:title\" content=\"Partei verbieten, F\u00fchrung einsperren, W\u00e4hler enteignen \u2013 &quot;Seenotretter&quot; will gegen AfD vorgehen\" \/>\n<meta property=\"og:description\" content=\"Wie umgehen mit der AfD? Diese Frage wird unter &#8220;Demokraten&#8221; rege diskutiert. Ein prominenter &#8220;Fl\u00fcchtlingshelfer&#8221; bietet nun eine griffige Antwort: Partei verbieten, F\u00fchrung einsperren, W\u00e4hler enteignen. Im &#8220;Land der T\u00e4ter*innen&#8221; sollte das kein Tabu sein. Axel Steier, Vorsitzender und Gr\u00fcnder der sogenannten Seenotrettungsorganisation &#8220;Mission Lifeline&#8221;, hat in einem Beitrag bei Twitter\/X ein hartes Vorgehen gegen [&hellip;]\" \/>\n<meta property=\"og:url\" content=\"https:\/\/now-news.de\/de\/deutschland\/partei-verbieten-fuehrung-einsperren-waehler-enteignen-seenotretter-will-gegen-afd-vorgehen\/\" \/>\n<meta property=\"og:site_name\" content=\"just-now.NEWS Deutschland\" \/>\n<meta property=\"article:publisher\" content=\"https:\/\/www.facebook.com\/wirmachenauf\" \/>\n<meta property=\"article:published_time\" content=\"2023-08-11T07:20:51+00:00\" \/>\n<meta property=\"og:image\" content=\"https:\/\/now-news.de\/de\/wp-content\/uploads\/sites\/3\/2023\/08\/Partei-verbieten-Fuehrung-einsperren-Waehler-enteignen-\u2013-quotSeenotretterquot-will-gegen.jpg\" \/>\n\t<meta property=\"og:image:width\" content=\"460\" \/>\n\t<meta property=\"og:image:height\" content=\"259\" \/>\n\t<meta property=\"og:image:type\" content=\"image\/jpeg\" \/>\n<meta name=\"author\" content=\"rtnews\" \/>\n<meta name=\"twitter:card\" content=\"summary_large_image\" \/>\n<meta name=\"twitter:creator\" content=\"@WirMachenAuf_de\" \/>\n<meta name=\"twitter:site\" content=\"@WirMachenAuf_de\" \/>\n<meta name=\"twitter:label1\" content=\"Verfasst von\" \/>\n\t<meta name=\"twitter:data1\" content=\"rtnews\" \/>\n\t<meta name=\"twitter:label2\" content=\"Gesch\u00e4tzte Lesezeit\" \/>\n\t<meta name=\"twitter:data2\" content=\"2\u00a0Minuten\" \/>\n<script type=\"application\/ld+json\" class=\"yoast-schema-graph\">{\"@context\":\"https:\/\/schema.org\",\"@graph\":[{\"@type\":\"Article\",\"@id\":\"https:\/\/now-news.de\/de\/deutschland\/partei-verbieten-fuehrung-einsperren-waehler-enteignen-seenotretter-will-gegen-afd-vorgehen\/#article\",\"isPartOf\":{\"@id\":\"https:\/\/now-news.de\/de\/deutschland\/partei-verbieten-fuehrung-einsperren-waehler-enteignen-seenotretter-will-gegen-afd-vorgehen\/\"},\"author\":{\"name\":\"rtnews\",\"@id\":\"https:\/\/now-news.de\/de\/#\/schema\/person\/fb534a4e865501d8b3285208df34a9b5\"},\"headline\":\"Partei verbieten, F\u00fchrung einsperren, W\u00e4hler enteignen \u2013 &quot;Seenotretter&quot; will gegen AfD vorgehen\",\"datePublished\":\"2023-08-11T07:20:51+00:00\",\"dateModified\":\"2023-08-11T07:20:51+00:00\",\"mainEntityOfPage\":{\"@id\":\"https:\/\/now-news.de\/de\/deutschland\/partei-verbieten-fuehrung-einsperren-waehler-enteignen-seenotretter-will-gegen-afd-vorgehen\/\"},\"wordCount\":450,\"commentCount\":0,\"publisher\":{\"@id\":\"https:\/\/now-news.de\/de\/#organization\"},\"image\":{\"@id\":\"https:\/\/now-news.de\/de\/deutschland\/partei-verbieten-fuehrung-einsperren-waehler-enteignen-seenotretter-will-gegen-afd-vorgehen\/#primaryimage\"},\"thumbnailUrl\":\"https:\/\/now-news.de\/de\/wp-content\/uploads\/sites\/3\/2023\/08\/Partei-verbieten-Fuehrung-einsperren-Waehler-enteignen-\u2013-quotSeenotretterquot-will-gegen.jpg\",\"keywords\":[\"AfD\",\"einsperren\",\"Enteignen\",\"F\u00fchrung\",\"gegen\",\"Partei\",\"quotSeenotretterquot\",\"verbieten\",\"Vorgehen\",\"W\u00e4hler\"],\"articleSection\":[\"Deutschland\",\"Russland\"],\"inLanguage\":\"de\",\"potentialAction\":[{\"@type\":\"CommentAction\",\"name\":\"Comment\",\"target\":[\"https:\/\/now-news.de\/de\/deutschland\/partei-verbieten-fuehrung-einsperren-waehler-enteignen-seenotretter-will-gegen-afd-vorgehen\/#respond\"]}]},{\"@type\":\"WebPage\",\"@id\":\"https:\/\/now-news.de\/de\/deutschland\/partei-verbieten-fuehrung-einsperren-waehler-enteignen-seenotretter-will-gegen-afd-vorgehen\/\",\"url\":\"https:\/\/now-news.de\/de\/deutschland\/partei-verbieten-fuehrung-einsperren-waehler-enteignen-seenotretter-will-gegen-afd-vorgehen\/\",\"name\":\"Partei verbieten, F\u00fchrung einsperren, W\u00e4hler enteignen \u2013 &quot;Seenotretter&quot; will gegen AfD vorgehen - just-now.NEWS Deutschland\",\"isPartOf\":{\"@id\":\"https:\/\/now-news.de\/de\/#website\"},\"primaryImageOfPage\":{\"@id\":\"https:\/\/now-news.de\/de\/deutschland\/partei-verbieten-fuehrung-einsperren-waehler-enteignen-seenotretter-will-gegen-afd-vorgehen\/#primaryimage\"},\"image\":{\"@id\":\"https:\/\/now-news.de\/de\/deutschland\/partei-verbieten-fuehrung-einsperren-waehler-enteignen-seenotretter-will-gegen-afd-vorgehen\/#primaryimage\"},\"thumbnailUrl\":\"https:\/\/now-news.de\/de\/wp-content\/uploads\/sites\/3\/2023\/08\/Partei-verbieten-Fuehrung-einsperren-Waehler-enteignen-\u2013-quotSeenotretterquot-will-gegen.jpg\",\"datePublished\":\"2023-08-11T07:20:51+00:00\",\"dateModified\":\"2023-08-11T07:20:51+00:00\",\"breadcrumb\":{\"@id\":\"https:\/\/now-news.de\/de\/deutschland\/partei-verbieten-fuehrung-einsperren-waehler-enteignen-seenotretter-will-gegen-afd-vorgehen\/#breadcrumb\"},\"inLanguage\":\"de\",\"potentialAction\":[{\"@type\":\"ReadAction\",\"target\":[\"https:\/\/now-news.de\/de\/deutschland\/partei-verbieten-fuehrung-einsperren-waehler-enteignen-seenotretter-will-gegen-afd-vorgehen\/\"]}]},{\"@type\":\"ImageObject\",\"inLanguage\":\"de\",\"@id\":\"https:\/\/now-news.de\/de\/deutschland\/partei-verbieten-fuehrung-einsperren-waehler-enteignen-seenotretter-will-gegen-afd-vorgehen\/#primaryimage\",\"url\":\"https:\/\/now-news.de\/de\/wp-content\/uploads\/sites\/3\/2023\/08\/Partei-verbieten-Fuehrung-einsperren-Waehler-enteignen-\u2013-quotSeenotretterquot-will-gegen.jpg\",\"contentUrl\":\"https:\/\/now-news.de\/de\/wp-content\/uploads\/sites\/3\/2023\/08\/Partei-verbieten-Fuehrung-einsperren-Waehler-enteignen-\u2013-quotSeenotretterquot-will-gegen.jpg\",\"width\":460,\"height\":259,\"caption\":\"Partei verbieten, F\u00fchrung einsperren, W\u00e4hler enteignen \u2013 &quot;Seenotretter&quot; will gegen AfD vorgehen\"},{\"@type\":\"BreadcrumbList\",\"@id\":\"https:\/\/now-news.de\/de\/deutschland\/partei-verbieten-fuehrung-einsperren-waehler-enteignen-seenotretter-will-gegen-afd-vorgehen\/#breadcrumb\",\"itemListElement\":[{\"@type\":\"ListItem\",\"position\":1,\"name\":\"Home\",\"item\":\"https:\/\/now-news.de\/de\/\"},{\"@type\":\"ListItem\",\"position\":2,\"name\":\"Partei verbieten, F\u00fchrung einsperren, W\u00e4hler enteignen \u2013 &quot;Seenotretter&quot; will gegen AfD vorgehen\"}]},{\"@type\":\"WebSite\",\"@id\":\"https:\/\/now-news.de\/de\/#website\",\"url\":\"https:\/\/now-news.de\/de\/\",\"name\":\"just-now.NEWS Deutschland\",\"description\":\"Das Portal f\u00fcr unzensierte Nachrichten aus der Welt\",\"publisher\":{\"@id\":\"https:\/\/now-news.de\/de\/#organization\"},\"potentialAction\":[{\"@type\":\"SearchAction\",\"target\":{\"@type\":\"EntryPoint\",\"urlTemplate\":\"https:\/\/now-news.de\/de\/?s={search_term_string}\"},\"query-input\":\"required name=search_term_string\"}],\"inLanguage\":\"de\"},{\"@type\":\"Organization\",\"@id\":\"https:\/\/now-news.de\/de\/#organization\",\"name\":\"Just Now News\",\"url\":\"https:\/\/now-news.de\/de\/\",\"logo\":{\"@type\":\"ImageObject\",\"inLanguage\":\"de\",\"@id\":\"https:\/\/now-news.de\/de\/#\/schema\/logo\/image\/\",\"url\":\"http:\/\/just-now.news\/de\/wp-content\/uploads\/sites\/3\/2022\/04\/logo500x500.jpg\",\"contentUrl\":\"http:\/\/just-now.news\/de\/wp-content\/uploads\/sites\/3\/2022\/04\/logo500x500.jpg\",\"width\":500,\"height\":500,\"caption\":\"Just Now News\"},\"image\":{\"@id\":\"https:\/\/now-news.de\/de\/#\/schema\/logo\/image\/\"},\"sameAs\":[\"https:\/\/www.facebook.com\/wirmachenauf\",\"https:\/\/x.com\/WirMachenAuf_de\"]},{\"@type\":\"Person\",\"@id\":\"https:\/\/now-news.de\/de\/#\/schema\/person\/fb534a4e865501d8b3285208df34a9b5\",\"name\":\"rtnews\",\"image\":{\"@type\":\"ImageObject\",\"inLanguage\":\"de\",\"@id\":\"https:\/\/now-news.de\/de\/#\/schema\/person\/image\/\",\"url\":\"https:\/\/secure.gravatar.com\/avatar\/82aafea7d8127119dd649515f56e2117?s=96&d=mm&r=g\",\"contentUrl\":\"https:\/\/secure.gravatar.com\/avatar\/82aafea7d8127119dd649515f56e2117?s=96&d=mm&r=g\",\"caption\":\"rtnews\"},\"url\":\"https:\/\/now-news.de\/de\/author\/rnews\/\"}]}<\/script>\n<!-- \/ Yoast SEO Premium plugin. -->","yoast_head_json":{"title":"Partei verbieten, F\u00fchrung einsperren, W\u00e4hler enteignen \u2013 &quot;Seenotretter&quot; will gegen AfD vorgehen - just-now.NEWS Deutschland","robots":{"index":"index","follow":"follow","max-snippet":"max-snippet:-1","max-image-preview":"max-image-preview:large","max-video-preview":"max-video-preview:-1"},"canonical":"https:\/\/now-news.de\/de\/deutschland\/partei-verbieten-fuehrung-einsperren-waehler-enteignen-seenotretter-will-gegen-afd-vorgehen\/","og_locale":"de_DE","og_type":"article","og_title":"Partei verbieten, F\u00fchrung einsperren, W\u00e4hler enteignen \u2013 &quot;Seenotretter&quot; will gegen AfD vorgehen","og_description":"Wie umgehen mit der AfD? Diese Frage wird unter &#8220;Demokraten&#8221; rege diskutiert. Ein prominenter &#8220;Fl\u00fcchtlingshelfer&#8221; bietet nun eine griffige Antwort: Partei verbieten, F\u00fchrung einsperren, W\u00e4hler enteignen. Im &#8220;Land der T\u00e4ter*innen&#8221; sollte das kein Tabu sein. Axel Steier, Vorsitzender und Gr\u00fcnder der sogenannten Seenotrettungsorganisation &#8220;Mission Lifeline&#8221;, hat in einem Beitrag bei Twitter\/X ein hartes Vorgehen gegen [&hellip;]","og_url":"https:\/\/now-news.de\/de\/deutschland\/partei-verbieten-fuehrung-einsperren-waehler-enteignen-seenotretter-will-gegen-afd-vorgehen\/","og_site_name":"just-now.NEWS Deutschland","article_publisher":"https:\/\/www.facebook.com\/wirmachenauf","article_published_time":"2023-08-11T07:20:51+00:00","og_image":[{"width":460,"height":259,"url":"https:\/\/now-news.de\/de\/wp-content\/uploads\/sites\/3\/2023\/08\/Partei-verbieten-Fuehrung-einsperren-Waehler-enteignen-\u2013-quotSeenotretterquot-will-gegen.jpg","type":"image\/jpeg"}],"author":"rtnews","twitter_card":"summary_large_image","twitter_creator":"@WirMachenAuf_de","twitter_site":"@WirMachenAuf_de","twitter_misc":{"Verfasst von":"rtnews","Gesch\u00e4tzte Lesezeit":"2\u00a0Minuten"},"schema":{"@context":"https:\/\/schema.org","@graph":[{"@type":"Article","@id":"https:\/\/now-news.de\/de\/deutschland\/partei-verbieten-fuehrung-einsperren-waehler-enteignen-seenotretter-will-gegen-afd-vorgehen\/#article","isPartOf":{"@id":"https:\/\/now-news.de\/de\/deutschland\/partei-verbieten-fuehrung-einsperren-waehler-enteignen-seenotretter-will-gegen-afd-vorgehen\/"},"author":{"name":"rtnews","@id":"https:\/\/now-news.de\/de\/#\/schema\/person\/fb534a4e865501d8b3285208df34a9b5"},"headline":"Partei verbieten, F\u00fchrung einsperren, W\u00e4hler enteignen \u2013 &quot;Seenotretter&quot; will gegen AfD vorgehen","datePublished":"2023-08-11T07:20:51+00:00","dateModified":"2023-08-11T07:20:51+00:00","mainEntityOfPage":{"@id":"https:\/\/now-news.de\/de\/deutschland\/partei-verbieten-fuehrung-einsperren-waehler-enteignen-seenotretter-will-gegen-afd-vorgehen\/"},"wordCount":450,"commentCount":0,"publisher":{"@id":"https:\/\/now-news.de\/de\/#organization"},"image":{"@id":"https:\/\/now-news.de\/de\/deutschland\/partei-verbieten-fuehrung-einsperren-waehler-enteignen-seenotretter-will-gegen-afd-vorgehen\/#primaryimage"},"thumbnailUrl":"https:\/\/now-news.de\/de\/wp-content\/uploads\/sites\/3\/2023\/08\/Partei-verbieten-Fuehrung-einsperren-Waehler-enteignen-\u2013-quotSeenotretterquot-will-gegen.jpg","keywords":["AfD","einsperren","Enteignen","F\u00fchrung","gegen","Partei","quotSeenotretterquot","verbieten","Vorgehen","W\u00e4hler"],"articleSection":["Deutschland","Russland"],"inLanguage":"de","potentialAction":[{"@type":"CommentAction","name":"Comment","target":["https:\/\/now-news.de\/de\/deutschland\/partei-verbieten-fuehrung-einsperren-waehler-enteignen-seenotretter-will-gegen-afd-vorgehen\/#respond"]}]},{"@type":"WebPage","@id":"https:\/\/now-news.de\/de\/deutschland\/partei-verbieten-fuehrung-einsperren-waehler-enteignen-seenotretter-will-gegen-afd-vorgehen\/","url":"https:\/\/now-news.de\/de\/deutschland\/partei-verbieten-fuehrung-einsperren-waehler-enteignen-seenotretter-will-gegen-afd-vorgehen\/","name":"Partei verbieten, F\u00fchrung einsperren, W\u00e4hler enteignen \u2013 &quot;Seenotretter&quot; will gegen AfD vorgehen - just-now.NEWS Deutschland","isPartOf":{"@id":"https:\/\/now-news.de\/de\/#website"},"primaryImageOfPage":{"@id":"https:\/\/now-news.de\/de\/deutschland\/partei-verbieten-fuehrung-einsperren-waehler-enteignen-seenotretter-will-gegen-afd-vorgehen\/#primaryimage"},"image":{"@id":"https:\/\/now-news.de\/de\/deutschland\/partei-verbieten-fuehrung-einsperren-waehler-enteignen-seenotretter-will-gegen-afd-vorgehen\/#primaryimage"},"thumbnailUrl":"https:\/\/now-news.de\/de\/wp-content\/uploads\/sites\/3\/2023\/08\/Partei-verbieten-Fuehrung-einsperren-Waehler-enteignen-\u2013-quotSeenotretterquot-will-gegen.jpg","datePublished":"2023-08-11T07:20:51+00:00","dateModified":"2023-08-11T07:20:51+00:00","breadcrumb":{"@id":"https:\/\/now-news.de\/de\/deutschland\/partei-verbieten-fuehrung-einsperren-waehler-enteignen-seenotretter-will-gegen-afd-vorgehen\/#breadcrumb"},"inLanguage":"de","potentialAction":[{"@type":"ReadAction","target":["https:\/\/now-news.de\/de\/deutschland\/partei-verbieten-fuehrung-einsperren-waehler-enteignen-seenotretter-will-gegen-afd-vorgehen\/"]}]},{"@type":"ImageObject","inLanguage":"de","@id":"https:\/\/now-news.de\/de\/deutschland\/partei-verbieten-fuehrung-einsperren-waehler-enteignen-seenotretter-will-gegen-afd-vorgehen\/#primaryimage","url":"https:\/\/now-news.de\/de\/wp-content\/uploads\/sites\/3\/2023\/08\/Partei-verbieten-Fuehrung-einsperren-Waehler-enteignen-\u2013-quotSeenotretterquot-will-gegen.jpg","contentUrl":"https:\/\/now-news.de\/de\/wp-content\/uploads\/sites\/3\/2023\/08\/Partei-verbieten-Fuehrung-einsperren-Waehler-enteignen-\u2013-quotSeenotretterquot-will-gegen.jpg","width":460,"height":259,"caption":"Partei verbieten, F\u00fchrung einsperren, W\u00e4hler enteignen \u2013 &quot;Seenotretter&quot; will gegen AfD vorgehen"},{"@type":"BreadcrumbList","@id":"https:\/\/now-news.de\/de\/deutschland\/partei-verbieten-fuehrung-einsperren-waehler-enteignen-seenotretter-will-gegen-afd-vorgehen\/#breadcrumb","itemListElement":[{"@type":"ListItem","position":1,"name":"Home","item":"https:\/\/now-news.de\/de\/"},{"@type":"ListItem","position":2,"name":"Partei verbieten, F\u00fchrung einsperren, W\u00e4hler enteignen \u2013 &quot;Seenotretter&quot; will gegen AfD vorgehen"}]},{"@type":"WebSite","@id":"https:\/\/now-news.de\/de\/#website","url":"https:\/\/now-news.de\/de\/","name":"just-now.NEWS Deutschland","description":"Das Portal f\u00fcr unzensierte Nachrichten aus der Welt","publisher":{"@id":"https:\/\/now-news.de\/de\/#organization"},"potentialAction":[{"@type":"SearchAction","target":{"@type":"EntryPoint","urlTemplate":"https:\/\/now-news.de\/de\/?s={search_term_string}"},"query-input":"required name=search_term_string"}],"inLanguage":"de"},{"@type":"Organization","@id":"https:\/\/now-news.de\/de\/#organization","name":"Just Now News","url":"https:\/\/now-news.de\/de\/","logo":{"@type":"ImageObject","inLanguage":"de","@id":"https:\/\/now-news.de\/de\/#\/schema\/logo\/image\/","url":"http:\/\/just-now.news\/de\/wp-content\/uploads\/sites\/3\/2022\/04\/logo500x500.jpg","contentUrl":"http:\/\/just-now.news\/de\/wp-content\/uploads\/sites\/3\/2022\/04\/logo500x500.jpg","width":500,"height":500,"caption":"Just Now News"},"image":{"@id":"https:\/\/now-news.de\/de\/#\/schema\/logo\/image\/"},"sameAs":["https:\/\/www.facebook.com\/wirmachenauf","https:\/\/x.com\/WirMachenAuf_de"]},{"@type":"Person","@id":"https:\/\/now-news.de\/de\/#\/schema\/person\/fb534a4e865501d8b3285208df34a9b5","name":"rtnews","image":{"@type":"ImageObject","inLanguage":"de","@id":"https:\/\/now-news.de\/de\/#\/schema\/person\/image\/","url":"https:\/\/secure.gravatar.com\/avatar\/82aafea7d8127119dd649515f56e2117?s=96&d=mm&r=g","contentUrl":"https:\/\/secure.gravatar.com\/avatar\/82aafea7d8127119dd649515f56e2117?s=96&d=mm&r=g","caption":"rtnews"},"url":"https:\/\/now-news.de\/de\/author\/rnews\/"}]}},"_links":{"self":[{"href":"https:\/\/now-news.de\/de\/wp-json\/wp\/v2\/posts\/41773"}],"collection":[{"href":"https:\/\/now-news.de\/de\/wp-json\/wp\/v2\/posts"}],"about":[{"href":"https:\/\/now-news.de\/de\/wp-json\/wp\/v2\/types\/post"}],"author":[{"embeddable":true,"href":"https:\/\/now-news.de\/de\/wp-json\/wp\/v2\/users\/3"}],"replies":[{"embeddable":true,"href":"https:\/\/now-news.de\/de\/wp-json\/wp\/v2\/comments?post=41773"}],"version-history":[{"count":0,"href":"https:\/\/now-news.de\/de\/wp-json\/wp\/v2\/posts\/41773\/revisions"}],"wp:featuredmedia":[{"embeddable":true,"href":"https:\/\/now-news.de\/de\/wp-json\/wp\/v2\/media\/41774"}],"wp:attachment":[{"href":"https:\/\/now-news.de\/de\/wp-json\/wp\/v2\/media?parent=41773"}],"wp:term":[{"taxonomy":"category","embeddable":true,"href":"https:\/\/now-news.de\/de\/wp-json\/wp\/v2\/categories?post=41773"},{"taxonomy":"post_tag","embeddable":true,"href":"https:\/\/now-news.de\/de\/wp-json\/wp\/v2\/tags?post=41773"}],"curies":[{"name":"wp","href":"https:\/\/api.w.org\/{rel}","templated":true}]}}