{"id":41626,"date":"2023-08-09T10:01:03","date_gmt":"2023-08-09T08:01:03","guid":{"rendered":"https:\/\/just-now.news\/de\/deutschland\/antifa-frankfurt-veroeffentlicht-afd-privatadressen-um-ihnen-das-leben-zur-hoelle-zu-machen\/"},"modified":"2023-08-09T10:01:03","modified_gmt":"2023-08-09T08:01:03","slug":"antifa-frankfurt-veroeffentlicht-afd-privatadressen-um-ihnen-das-leben-zur-hoelle-zu-machen","status":"publish","type":"post","link":"https:\/\/now-news.de\/de\/deutschland\/antifa-frankfurt-veroeffentlicht-afd-privatadressen-um-ihnen-das-leben-zur-hoelle-zu-machen\/","title":{"rendered":"Antifa Frankfurt ver\u00f6ffentlicht AfD-Privatadressen, um ihnen &quot;das Leben zur H\u00f6lle zu machen&quot;"},"content":{"rendered":"<p><img decoding=\"async\" src=\"http:\/\/just-now.news\/de\/wp-content\/uploads\/sites\/3\/2023\/08\/64d33161b480cc18e530e6aa.jpg\" \/><\/p>\n<div class=\"Text-root Text-type_1 \">\n                Im Oktober wird im Bundesland Hessen gew\u00e4hlt. Mitglieder der Antifa-Szene aus Frankfurt ver\u00f6ffentlichten nun ein Pamphlet, mit dem Hinweis auf die Offenlegung von Privatdaten der AfD-Kandidaten. Sympathisanten sollen den Politikern damit &#8220;vor allem auf militanter Weise begegnen&#8221;.\n            <\/div>\n<p><\/p>\n<div class=\"Text-root Text-type_5 ArticleView-text ViewText-root \">\n<p>&#8220;In Hessen stehen am 8. Oktober 2023 Landtagswahlen an. Wie bereits bei den vergangenen Wahlen wird auch hier die AfD antreten&#8221;, so der einleitende Inhalt eines Pamphlets der Antifa Frankfurt vom 6. August. Regelm\u00e4\u00dfige Umfragen bescheinigen der Partei AfD weiterhin stabile Zustimmungswerte befragter B\u00fcrger. Der Text\u00a0informiert, dass seitens der Antifa die Webseite der hessischen AfD &#8220;gespiegelt&#8221;, also kopiert wurde, &#8220;auf der die KandidatInnen der hessischen AfD f\u00fcr die Landtagswahl ausf\u00fchrlich samt Adressen und Bildern vorgestellt werden&#8221;. Es folgt im Text\u00a0der unmissverst\u00e4ndliche Aufruf, gelistete Parteimitglieder dar\u00fcber zu kontaktieren und verbal, wenn nicht sogar k\u00f6rperlich zu attackieren.<\/p>\n<p>So hei\u00dft es wortw\u00f6rtlich in dem Pamphlet:<\/p>\n<blockquote>\n<p>&#8220;<em>Mit der Seite sollen Antifas in Hessen dazu animiert werden, der derzeit wieder st\u00e4rker werdenden AfD Einhalt zu bieten.&#8221;<\/em><\/p>\n<\/blockquote>\n<p>Wie dieser &#8220;Einhalt&#8221; ablaufen k\u00f6nnte, bzw. wie die Antifa Frankfurt f\u00fcr sich effektive Aktionen eindeutig benennt, wird den Sympathisanten auch gleich mitgeliefert. So hei\u00dft es:<\/p>\n<blockquote>\n<p>&#8220;<em>Auch wir rufen dazu auf, sich mit der AfD auseinanderzusetzen\u00a0\u2026 Die n\u00e4chsten Jahre unter m\u00f6glichen AfD-Regierungen werden d\u00fcster.<\/em><\/p>\n<p><em>Lasst uns der AfD jedoch vor allem auf militanter Weise begegnen, ihnen das Leben zur H\u00f6lle machen und zeigen, was wir von ihrer menschenverachtenden Politik halten. Ob das der antifaschistische Hausbesuch, die Zerst\u00f6rung von Wahlkampfst\u00e4nden oder die klassische Konfrontation mit PolitikerInnen der Partei bedeuten \u2013 wir freuen uns \u00fcber jede sinnvolle Intervention! Viel Spa\u00df beim Lesen.&#8221;<\/em><\/p>\n<\/blockquote>\n<p>Zur vermeintlichen Notwendigkeit und Rechtfertigung des kriminellen Aufrufs\u00a0hei\u00dft es auf der Antifa-Seite, dass die\u00a0unterstellte rechtsextreme Ausrichtung der AfD &#8220;in ihrer Programmatik, den \u00c4u\u00dferungen von Funktion\u00e4rInnen und den Verstrickungen zu faschistischen Gruppen und Verlagen tagt\u00e4glich sichtbar&#8221; werde. Der Text behauptet:<\/p>\n<blockquote>\n<p><em>&#8220;Die AfD, die seit 2013 als Partei besteht, ist endg\u00fcltig in der extremen Rechten angekommen (\u2026)\u00a0Wer jetzt noch f\u00fcr die Partei kandidiert, tr\u00e4gt die Politik der extremen Rechten aktiv mit.&#8221;<\/em><\/p>\n<\/blockquote>\n<p>Der Text animiert und erl\u00e4utert m\u00f6glichen Sympathisanten und Unterst\u00fctzern weitere Vorschl\u00e4ge von St\u00f6raktionen, so die Darlegung:<\/p>\n<blockquote>\n<p><em>&#8220;Ob Restaurant, Verein oder Arbeitsplatz: Wer andere aufgrund eines rassistischen, antisemitischen, sexistischen und queerfeindlichen Weltbildes ausschlie\u00dfen, einsperren oder entsorgen will, sollte sich \u00fcber Gegenwehr und Ausschluss nicht beklagen.&#8221;<\/em><\/p>\n<\/blockquote>\n<p>Nutzer der sozialen Medien\u00a0<a rel=\"nofollow noopener\" target=\"_blank\" href=\"https:\/\/twitter.com\/BuergerDerMitte\/status\/1688990354756767744\">reagierten<\/a>\u00a0auf die Ver\u00f6ffentlichung des Antifa-Textes mit der Feststellung:<\/p>\n<blockquote>\n<p><em>&#8220;Man stelle sich das Ganze mal umgedreht vor. Eine rechtsextreme, gewaltbereite Organisation ver\u00f6ffentlicht Adressen von SPD, Gr\u00fcnen und Linken Politikern und ruft genau dazu auf. 24\/7 ARD Brennpunkt, Staatsschutz, Verfassungsschutz und alle Parteien w\u00e4ren auf Dauersendung.&#8221;<\/em><\/p>\n<\/blockquote>\n<p>Ein\u00a0<a rel=\"nofollow noopener\" target=\"_blank\" href=\"https:\/\/www.tagesschau.de\/inland\/regional\/hessen\/hessen-landtagswahl-antifa-afd-100.html\">Artikel<\/a>\u00a0der\u00a0<em>ARD<\/em>-Tagesschau erkennt in seiner Darlegung des Ereignisses, zumindest \u00fcberraschend klar formuliert, die Aufforderung &#8220;zu Straftaten gegen hessische AfD-Politiker&#8221;. Der AfD-Co-Landesvorsitzende von Hessen und Landtagsabgeordnete Andreas Lichert kommentierte, &#8220;das f\u00fchlt sich an, als w\u00fcrde man f\u00fcr vogelfrei erkl\u00e4rt werden&#8221;. Laut\u00a0<em>SZ<\/em>&#8211;<a rel=\"nofollow noopener\" target=\"_blank\" href=\"https:\/\/www.sueddeutsche.de\/politik\/parteien-frankfurt-am-main-antifa-veroeffentlicht-privatadressen-von-afd-kandidaten-dpa.urn-newsml-dpa-com-20090101-230808-99-769839\">Artikel<\/a>\u00a0h\u00e4tte Lichert bereits negative Erfahrungen mit der Antifa: &#8220;Ich wei\u00df, wovon ich spreche, denn gegen mein Haus wurde bereits ein Anschlag ver\u00fcbt&#8221;.\u00a0Auf dem von ihm ver\u00f6ffentlichten Antifa-Profil wird Lichert selbst von seinen Gegnern als &#8220;weiterer &#8216;extrem rechter Akteur&#8217; charakterisiert, der nach der Landtagswahl gewiss wieder im Parlament &#8216;seine menschenverachtende Ideologie verbreiten will'&#8221;, so der\u00a0<em>Tagesschau-<\/em>Artikel\u00a0darlegend.<\/p>\n<p>Laut Definition des Bundesamts f\u00fcr Verfassungsschutz (BfA)\u00a0stelle die Antifa &#8220;keine klar umrissene bundesweite Organisation&#8221;. Weiter hei\u00dft es w\u00f6rtlich:<\/p>\n<blockquote>\n<p><em>&#8220;So rufen unter dem Motto &#8220;Antifa hei\u00dft Angriff&#8221; insbesondere autonome Linksextremisten regelm\u00e4\u00dfig zu von Ihnen so bezeichneten &#8220;Gegenaktionen&#8221; zum Nachteil ihrer Meinung nach &#8220;faschistischer&#8221; Personen, Gruppen oder Institutionen auf. Gemeint ist damit letztlich nichts anderes als die Begehung von Straftaten wie Sachbesch\u00e4digungen, Brandstiftungen oder teils erheblicher K\u00f6rperverletzungen, bei denen in Einzelf\u00e4llen auch der Tod von Menschen in Kauf genommen wird.&#8221;<\/em><\/p>\n<\/blockquote>\n<p>Ein Sprecher der AfD k\u00fcndigte auf\u00a0<em>ARD<\/em>-Anfrage rechtliche Schritte an. Man werde den Staatsschutz einschalten. Nancy Faeser, amtierende Innenministerin und frisch gek\u00fcrte SPD-Spitzenkandidatin f\u00fcr den hessischen Wahlkampf hat sich im Rahmen beider Funktionen, seit dem 6. August noch nicht zu der Antifa-Ver\u00f6ffentlichung ge\u00e4u\u00dfert.<\/p>\n<p><strong>Mehr zum Thema &#8211;<\/strong>\u00a0<a rel=\"nofollow noopener\" target=\"_blank\" href=\"https:\/\/freeassange.rtde.life\/meinung\/176981-mittenwald-blutiges-edelweiss-und-geheuchelte-demokratie\/\">Der AfD-Fall Mittenwald: Blutiges Edelwei\u00df und geheuchelte Demokratie<\/a><\/p>\n<\/p>\n<\/div>\n<p><script async src=\"https:\/\/platform.twitter.com\/widgets.js\" charset=\"utf-8\"><\/script><br \/>\n<br \/><br \/>\n<br \/><a href=\"https:\/\/de.rt.com\/inland\/177360-antifa-hessen-veroeffentlicht-afd-privatadressen\/\">Source link <\/a><\/p>\n","protected":false},"excerpt":{"rendered":"<p>Im Oktober wird im Bundesland Hessen gew\u00e4hlt. Mitglieder der Antifa-Szene aus Frankfurt ver\u00f6ffentlichten nun ein Pamphlet, mit dem Hinweis auf die Offenlegung von Privatdaten der AfD-Kandidaten. Sympathisanten sollen den Politikern damit &#8220;vor allem auf militanter Weise begegnen&#8221;. &#8220;In Hessen stehen am 8. Oktober 2023 Landtagswahlen an. Wie bereits bei den vergangenen Wahlen wird auch hier [&hellip;]<\/p>\n","protected":false},"author":3,"featured_media":41627,"comment_status":"open","ping_status":"open","sticky":false,"template":"","format":"standard","meta":{"_yoast_indexnow_last_ping":["1691568251"],"wp_automatic_camp":["217"],"dc107688faa2e752e2a101dadef579fd":["Antifa Frankfurt ver\u00f6ffentlicht AfD-Privatadressen, um ihnen &quot;das Leben zur H\u00f6lle zu machen&quot;"],"original_link":["https:\/\/de.rt.com\/inland\/177360-antifa-hessen-veroeffentlicht-afd-privatadressen\/"],"_thumbnail_id":["41627"],"_wptgpro_p2tg_sent2tg":["a:1:{i:23737;s:19:\"2023-08-09 10:05:37\";}"],"jnews_social_counter_last_update":["1777172050"]},"categories":[19,23],"tags":[47571,4925,29272,16320,4823,5886,40020,4209,2329,581],"yoast_head":"<!-- This site is optimized with the Yoast SEO Premium plugin v22.7 (Yoast SEO v22.7) - https:\/\/yoast.com\/wordpress\/plugins\/seo\/ -->\n<title>Antifa Frankfurt ver\u00f6ffentlicht AfD-Privatadressen, um ihnen &quot;das Leben zur H\u00f6lle zu machen&quot; - just-now.NEWS Deutschland<\/title>\n<meta name=\"robots\" content=\"index, follow, max-snippet:-1, max-image-preview:large, max-video-preview:-1\" \/>\n<link rel=\"canonical\" href=\"https:\/\/now-news.de\/de\/deutschland\/antifa-frankfurt-veroeffentlicht-afd-privatadressen-um-ihnen-das-leben-zur-hoelle-zu-machen\/\" \/>\n<meta property=\"og:locale\" content=\"de_DE\" \/>\n<meta property=\"og:type\" content=\"article\" \/>\n<meta property=\"og:title\" content=\"Antifa Frankfurt ver\u00f6ffentlicht AfD-Privatadressen, um ihnen &quot;das Leben zur H\u00f6lle zu machen&quot;\" \/>\n<meta property=\"og:description\" content=\"Im Oktober wird im Bundesland Hessen gew\u00e4hlt. Mitglieder der Antifa-Szene aus Frankfurt ver\u00f6ffentlichten nun ein Pamphlet, mit dem Hinweis auf die Offenlegung von Privatdaten der AfD-Kandidaten. Sympathisanten sollen den Politikern damit &#8220;vor allem auf militanter Weise begegnen&#8221;. &#8220;In Hessen stehen am 8. Oktober 2023 Landtagswahlen an. Wie bereits bei den vergangenen Wahlen wird auch hier [&hellip;]\" \/>\n<meta property=\"og:url\" content=\"https:\/\/now-news.de\/de\/deutschland\/antifa-frankfurt-veroeffentlicht-afd-privatadressen-um-ihnen-das-leben-zur-hoelle-zu-machen\/\" \/>\n<meta property=\"og:site_name\" content=\"just-now.NEWS Deutschland\" \/>\n<meta property=\"article:publisher\" content=\"https:\/\/www.facebook.com\/wirmachenauf\" \/>\n<meta property=\"article:published_time\" content=\"2023-08-09T08:01:03+00:00\" \/>\n<meta property=\"og:image\" content=\"https:\/\/now-news.de\/de\/wp-content\/uploads\/sites\/3\/2023\/08\/Antifa-Frankfurt-veroeffentlicht-AfD-Privatadressen-um-ihnen-quotdas-Leben-zur-Hoelle.jpg\" \/>\n\t<meta property=\"og:image:width\" content=\"460\" \/>\n\t<meta property=\"og:image:height\" content=\"259\" \/>\n\t<meta property=\"og:image:type\" content=\"image\/jpeg\" \/>\n<meta name=\"author\" content=\"rtnews\" \/>\n<meta name=\"twitter:card\" content=\"summary_large_image\" \/>\n<meta name=\"twitter:creator\" content=\"@WirMachenAuf_de\" \/>\n<meta name=\"twitter:site\" content=\"@WirMachenAuf_de\" \/>\n<meta name=\"twitter:label1\" content=\"Verfasst von\" \/>\n\t<meta name=\"twitter:data1\" content=\"rtnews\" \/>\n\t<meta name=\"twitter:label2\" content=\"Gesch\u00e4tzte Lesezeit\" \/>\n\t<meta name=\"twitter:data2\" content=\"4\u00a0Minuten\" \/>\n<script type=\"application\/ld+json\" class=\"yoast-schema-graph\">{\"@context\":\"https:\/\/schema.org\",\"@graph\":[{\"@type\":\"Article\",\"@id\":\"https:\/\/now-news.de\/de\/deutschland\/antifa-frankfurt-veroeffentlicht-afd-privatadressen-um-ihnen-das-leben-zur-hoelle-zu-machen\/#article\",\"isPartOf\":{\"@id\":\"https:\/\/now-news.de\/de\/deutschland\/antifa-frankfurt-veroeffentlicht-afd-privatadressen-um-ihnen-das-leben-zur-hoelle-zu-machen\/\"},\"author\":{\"name\":\"rtnews\",\"@id\":\"https:\/\/now-news.de\/de\/#\/schema\/person\/fb534a4e865501d8b3285208df34a9b5\"},\"headline\":\"Antifa Frankfurt ver\u00f6ffentlicht AfD-Privatadressen, um ihnen &quot;das Leben zur H\u00f6lle zu machen&quot;\",\"datePublished\":\"2023-08-09T08:01:03+00:00\",\"dateModified\":\"2023-08-09T08:01:03+00:00\",\"mainEntityOfPage\":{\"@id\":\"https:\/\/now-news.de\/de\/deutschland\/antifa-frankfurt-veroeffentlicht-afd-privatadressen-um-ihnen-das-leben-zur-hoelle-zu-machen\/\"},\"wordCount\":728,\"commentCount\":1,\"publisher\":{\"@id\":\"https:\/\/now-news.de\/de\/#organization\"},\"image\":{\"@id\":\"https:\/\/now-news.de\/de\/deutschland\/antifa-frankfurt-veroeffentlicht-afd-privatadressen-um-ihnen-das-leben-zur-hoelle-zu-machen\/#primaryimage\"},\"thumbnailUrl\":\"https:\/\/now-news.de\/de\/wp-content\/uploads\/sites\/3\/2023\/08\/Antifa-Frankfurt-veroeffentlicht-AfD-Privatadressen-um-ihnen-quotdas-Leben-zur-Hoelle.jpg\",\"keywords\":[\"AfDPrivatadressen\",\"antifa\",\"Frankfurt\",\"H\u00f6lle\",\"ihnen\",\"leben\",\"machenquot\",\"quotDas\",\"ver\u00f6ffentlicht\",\"zur\"],\"articleSection\":[\"Deutschland\",\"Russland\"],\"inLanguage\":\"de\",\"potentialAction\":[{\"@type\":\"CommentAction\",\"name\":\"Comment\",\"target\":[\"https:\/\/now-news.de\/de\/deutschland\/antifa-frankfurt-veroeffentlicht-afd-privatadressen-um-ihnen-das-leben-zur-hoelle-zu-machen\/#respond\"]}]},{\"@type\":\"WebPage\",\"@id\":\"https:\/\/now-news.de\/de\/deutschland\/antifa-frankfurt-veroeffentlicht-afd-privatadressen-um-ihnen-das-leben-zur-hoelle-zu-machen\/\",\"url\":\"https:\/\/now-news.de\/de\/deutschland\/antifa-frankfurt-veroeffentlicht-afd-privatadressen-um-ihnen-das-leben-zur-hoelle-zu-machen\/\",\"name\":\"Antifa Frankfurt ver\u00f6ffentlicht AfD-Privatadressen, um ihnen &quot;das Leben zur H\u00f6lle zu machen&quot; - just-now.NEWS Deutschland\",\"isPartOf\":{\"@id\":\"https:\/\/now-news.de\/de\/#website\"},\"primaryImageOfPage\":{\"@id\":\"https:\/\/now-news.de\/de\/deutschland\/antifa-frankfurt-veroeffentlicht-afd-privatadressen-um-ihnen-das-leben-zur-hoelle-zu-machen\/#primaryimage\"},\"image\":{\"@id\":\"https:\/\/now-news.de\/de\/deutschland\/antifa-frankfurt-veroeffentlicht-afd-privatadressen-um-ihnen-das-leben-zur-hoelle-zu-machen\/#primaryimage\"},\"thumbnailUrl\":\"https:\/\/now-news.de\/de\/wp-content\/uploads\/sites\/3\/2023\/08\/Antifa-Frankfurt-veroeffentlicht-AfD-Privatadressen-um-ihnen-quotdas-Leben-zur-Hoelle.jpg\",\"datePublished\":\"2023-08-09T08:01:03+00:00\",\"dateModified\":\"2023-08-09T08:01:03+00:00\",\"breadcrumb\":{\"@id\":\"https:\/\/now-news.de\/de\/deutschland\/antifa-frankfurt-veroeffentlicht-afd-privatadressen-um-ihnen-das-leben-zur-hoelle-zu-machen\/#breadcrumb\"},\"inLanguage\":\"de\",\"potentialAction\":[{\"@type\":\"ReadAction\",\"target\":[\"https:\/\/now-news.de\/de\/deutschland\/antifa-frankfurt-veroeffentlicht-afd-privatadressen-um-ihnen-das-leben-zur-hoelle-zu-machen\/\"]}]},{\"@type\":\"ImageObject\",\"inLanguage\":\"de\",\"@id\":\"https:\/\/now-news.de\/de\/deutschland\/antifa-frankfurt-veroeffentlicht-afd-privatadressen-um-ihnen-das-leben-zur-hoelle-zu-machen\/#primaryimage\",\"url\":\"https:\/\/now-news.de\/de\/wp-content\/uploads\/sites\/3\/2023\/08\/Antifa-Frankfurt-veroeffentlicht-AfD-Privatadressen-um-ihnen-quotdas-Leben-zur-Hoelle.jpg\",\"contentUrl\":\"https:\/\/now-news.de\/de\/wp-content\/uploads\/sites\/3\/2023\/08\/Antifa-Frankfurt-veroeffentlicht-AfD-Privatadressen-um-ihnen-quotdas-Leben-zur-Hoelle.jpg\",\"width\":460,\"height\":259,\"caption\":\"Antifa Frankfurt ver\u00f6ffentlicht AfD-Privatadressen, um ihnen &quot;das Leben zur H\u00f6lle zu machen&quot;\"},{\"@type\":\"BreadcrumbList\",\"@id\":\"https:\/\/now-news.de\/de\/deutschland\/antifa-frankfurt-veroeffentlicht-afd-privatadressen-um-ihnen-das-leben-zur-hoelle-zu-machen\/#breadcrumb\",\"itemListElement\":[{\"@type\":\"ListItem\",\"position\":1,\"name\":\"Home\",\"item\":\"https:\/\/now-news.de\/de\/\"},{\"@type\":\"ListItem\",\"position\":2,\"name\":\"Antifa Frankfurt ver\u00f6ffentlicht AfD-Privatadressen, um ihnen &quot;das Leben zur H\u00f6lle zu machen&quot;\"}]},{\"@type\":\"WebSite\",\"@id\":\"https:\/\/now-news.de\/de\/#website\",\"url\":\"https:\/\/now-news.de\/de\/\",\"name\":\"just-now.NEWS Deutschland\",\"description\":\"Das Portal f\u00fcr unzensierte Nachrichten aus der Welt\",\"publisher\":{\"@id\":\"https:\/\/now-news.de\/de\/#organization\"},\"potentialAction\":[{\"@type\":\"SearchAction\",\"target\":{\"@type\":\"EntryPoint\",\"urlTemplate\":\"https:\/\/now-news.de\/de\/?s={search_term_string}\"},\"query-input\":\"required name=search_term_string\"}],\"inLanguage\":\"de\"},{\"@type\":\"Organization\",\"@id\":\"https:\/\/now-news.de\/de\/#organization\",\"name\":\"Just Now News\",\"url\":\"https:\/\/now-news.de\/de\/\",\"logo\":{\"@type\":\"ImageObject\",\"inLanguage\":\"de\",\"@id\":\"https:\/\/now-news.de\/de\/#\/schema\/logo\/image\/\",\"url\":\"http:\/\/just-now.news\/de\/wp-content\/uploads\/sites\/3\/2022\/04\/logo500x500.jpg\",\"contentUrl\":\"http:\/\/just-now.news\/de\/wp-content\/uploads\/sites\/3\/2022\/04\/logo500x500.jpg\",\"width\":500,\"height\":500,\"caption\":\"Just Now News\"},\"image\":{\"@id\":\"https:\/\/now-news.de\/de\/#\/schema\/logo\/image\/\"},\"sameAs\":[\"https:\/\/www.facebook.com\/wirmachenauf\",\"https:\/\/x.com\/WirMachenAuf_de\"]},{\"@type\":\"Person\",\"@id\":\"https:\/\/now-news.de\/de\/#\/schema\/person\/fb534a4e865501d8b3285208df34a9b5\",\"name\":\"rtnews\",\"image\":{\"@type\":\"ImageObject\",\"inLanguage\":\"de\",\"@id\":\"https:\/\/now-news.de\/de\/#\/schema\/person\/image\/\",\"url\":\"https:\/\/secure.gravatar.com\/avatar\/82aafea7d8127119dd649515f56e2117?s=96&d=mm&r=g\",\"contentUrl\":\"https:\/\/secure.gravatar.com\/avatar\/82aafea7d8127119dd649515f56e2117?s=96&d=mm&r=g\",\"caption\":\"rtnews\"},\"url\":\"https:\/\/now-news.de\/de\/author\/rnews\/\"}]}<\/script>\n<!-- \/ Yoast SEO Premium plugin. -->","yoast_head_json":{"title":"Antifa Frankfurt ver\u00f6ffentlicht AfD-Privatadressen, um ihnen &quot;das Leben zur H\u00f6lle zu machen&quot; - just-now.NEWS Deutschland","robots":{"index":"index","follow":"follow","max-snippet":"max-snippet:-1","max-image-preview":"max-image-preview:large","max-video-preview":"max-video-preview:-1"},"canonical":"https:\/\/now-news.de\/de\/deutschland\/antifa-frankfurt-veroeffentlicht-afd-privatadressen-um-ihnen-das-leben-zur-hoelle-zu-machen\/","og_locale":"de_DE","og_type":"article","og_title":"Antifa Frankfurt ver\u00f6ffentlicht AfD-Privatadressen, um ihnen &quot;das Leben zur H\u00f6lle zu machen&quot;","og_description":"Im Oktober wird im Bundesland Hessen gew\u00e4hlt. Mitglieder der Antifa-Szene aus Frankfurt ver\u00f6ffentlichten nun ein Pamphlet, mit dem Hinweis auf die Offenlegung von Privatdaten der AfD-Kandidaten. Sympathisanten sollen den Politikern damit &#8220;vor allem auf militanter Weise begegnen&#8221;. &#8220;In Hessen stehen am 8. Oktober 2023 Landtagswahlen an. Wie bereits bei den vergangenen Wahlen wird auch hier [&hellip;]","og_url":"https:\/\/now-news.de\/de\/deutschland\/antifa-frankfurt-veroeffentlicht-afd-privatadressen-um-ihnen-das-leben-zur-hoelle-zu-machen\/","og_site_name":"just-now.NEWS Deutschland","article_publisher":"https:\/\/www.facebook.com\/wirmachenauf","article_published_time":"2023-08-09T08:01:03+00:00","og_image":[{"width":460,"height":259,"url":"https:\/\/now-news.de\/de\/wp-content\/uploads\/sites\/3\/2023\/08\/Antifa-Frankfurt-veroeffentlicht-AfD-Privatadressen-um-ihnen-quotdas-Leben-zur-Hoelle.jpg","type":"image\/jpeg"}],"author":"rtnews","twitter_card":"summary_large_image","twitter_creator":"@WirMachenAuf_de","twitter_site":"@WirMachenAuf_de","twitter_misc":{"Verfasst von":"rtnews","Gesch\u00e4tzte Lesezeit":"4\u00a0Minuten"},"schema":{"@context":"https:\/\/schema.org","@graph":[{"@type":"Article","@id":"https:\/\/now-news.de\/de\/deutschland\/antifa-frankfurt-veroeffentlicht-afd-privatadressen-um-ihnen-das-leben-zur-hoelle-zu-machen\/#article","isPartOf":{"@id":"https:\/\/now-news.de\/de\/deutschland\/antifa-frankfurt-veroeffentlicht-afd-privatadressen-um-ihnen-das-leben-zur-hoelle-zu-machen\/"},"author":{"name":"rtnews","@id":"https:\/\/now-news.de\/de\/#\/schema\/person\/fb534a4e865501d8b3285208df34a9b5"},"headline":"Antifa Frankfurt ver\u00f6ffentlicht AfD-Privatadressen, um ihnen &quot;das Leben zur H\u00f6lle zu machen&quot;","datePublished":"2023-08-09T08:01:03+00:00","dateModified":"2023-08-09T08:01:03+00:00","mainEntityOfPage":{"@id":"https:\/\/now-news.de\/de\/deutschland\/antifa-frankfurt-veroeffentlicht-afd-privatadressen-um-ihnen-das-leben-zur-hoelle-zu-machen\/"},"wordCount":728,"commentCount":1,"publisher":{"@id":"https:\/\/now-news.de\/de\/#organization"},"image":{"@id":"https:\/\/now-news.de\/de\/deutschland\/antifa-frankfurt-veroeffentlicht-afd-privatadressen-um-ihnen-das-leben-zur-hoelle-zu-machen\/#primaryimage"},"thumbnailUrl":"https:\/\/now-news.de\/de\/wp-content\/uploads\/sites\/3\/2023\/08\/Antifa-Frankfurt-veroeffentlicht-AfD-Privatadressen-um-ihnen-quotdas-Leben-zur-Hoelle.jpg","keywords":["AfDPrivatadressen","antifa","Frankfurt","H\u00f6lle","ihnen","leben","machenquot","quotDas","ver\u00f6ffentlicht","zur"],"articleSection":["Deutschland","Russland"],"inLanguage":"de","potentialAction":[{"@type":"CommentAction","name":"Comment","target":["https:\/\/now-news.de\/de\/deutschland\/antifa-frankfurt-veroeffentlicht-afd-privatadressen-um-ihnen-das-leben-zur-hoelle-zu-machen\/#respond"]}]},{"@type":"WebPage","@id":"https:\/\/now-news.de\/de\/deutschland\/antifa-frankfurt-veroeffentlicht-afd-privatadressen-um-ihnen-das-leben-zur-hoelle-zu-machen\/","url":"https:\/\/now-news.de\/de\/deutschland\/antifa-frankfurt-veroeffentlicht-afd-privatadressen-um-ihnen-das-leben-zur-hoelle-zu-machen\/","name":"Antifa Frankfurt ver\u00f6ffentlicht AfD-Privatadressen, um ihnen &quot;das Leben zur H\u00f6lle zu machen&quot; - just-now.NEWS Deutschland","isPartOf":{"@id":"https:\/\/now-news.de\/de\/#website"},"primaryImageOfPage":{"@id":"https:\/\/now-news.de\/de\/deutschland\/antifa-frankfurt-veroeffentlicht-afd-privatadressen-um-ihnen-das-leben-zur-hoelle-zu-machen\/#primaryimage"},"image":{"@id":"https:\/\/now-news.de\/de\/deutschland\/antifa-frankfurt-veroeffentlicht-afd-privatadressen-um-ihnen-das-leben-zur-hoelle-zu-machen\/#primaryimage"},"thumbnailUrl":"https:\/\/now-news.de\/de\/wp-content\/uploads\/sites\/3\/2023\/08\/Antifa-Frankfurt-veroeffentlicht-AfD-Privatadressen-um-ihnen-quotdas-Leben-zur-Hoelle.jpg","datePublished":"2023-08-09T08:01:03+00:00","dateModified":"2023-08-09T08:01:03+00:00","breadcrumb":{"@id":"https:\/\/now-news.de\/de\/deutschland\/antifa-frankfurt-veroeffentlicht-afd-privatadressen-um-ihnen-das-leben-zur-hoelle-zu-machen\/#breadcrumb"},"inLanguage":"de","potentialAction":[{"@type":"ReadAction","target":["https:\/\/now-news.de\/de\/deutschland\/antifa-frankfurt-veroeffentlicht-afd-privatadressen-um-ihnen-das-leben-zur-hoelle-zu-machen\/"]}]},{"@type":"ImageObject","inLanguage":"de","@id":"https:\/\/now-news.de\/de\/deutschland\/antifa-frankfurt-veroeffentlicht-afd-privatadressen-um-ihnen-das-leben-zur-hoelle-zu-machen\/#primaryimage","url":"https:\/\/now-news.de\/de\/wp-content\/uploads\/sites\/3\/2023\/08\/Antifa-Frankfurt-veroeffentlicht-AfD-Privatadressen-um-ihnen-quotdas-Leben-zur-Hoelle.jpg","contentUrl":"https:\/\/now-news.de\/de\/wp-content\/uploads\/sites\/3\/2023\/08\/Antifa-Frankfurt-veroeffentlicht-AfD-Privatadressen-um-ihnen-quotdas-Leben-zur-Hoelle.jpg","width":460,"height":259,"caption":"Antifa Frankfurt ver\u00f6ffentlicht AfD-Privatadressen, um ihnen &quot;das Leben zur H\u00f6lle zu machen&quot;"},{"@type":"BreadcrumbList","@id":"https:\/\/now-news.de\/de\/deutschland\/antifa-frankfurt-veroeffentlicht-afd-privatadressen-um-ihnen-das-leben-zur-hoelle-zu-machen\/#breadcrumb","itemListElement":[{"@type":"ListItem","position":1,"name":"Home","item":"https:\/\/now-news.de\/de\/"},{"@type":"ListItem","position":2,"name":"Antifa Frankfurt ver\u00f6ffentlicht AfD-Privatadressen, um ihnen &quot;das Leben zur H\u00f6lle zu machen&quot;"}]},{"@type":"WebSite","@id":"https:\/\/now-news.de\/de\/#website","url":"https:\/\/now-news.de\/de\/","name":"just-now.NEWS Deutschland","description":"Das Portal f\u00fcr unzensierte Nachrichten aus der Welt","publisher":{"@id":"https:\/\/now-news.de\/de\/#organization"},"potentialAction":[{"@type":"SearchAction","target":{"@type":"EntryPoint","urlTemplate":"https:\/\/now-news.de\/de\/?s={search_term_string}"},"query-input":"required name=search_term_string"}],"inLanguage":"de"},{"@type":"Organization","@id":"https:\/\/now-news.de\/de\/#organization","name":"Just Now News","url":"https:\/\/now-news.de\/de\/","logo":{"@type":"ImageObject","inLanguage":"de","@id":"https:\/\/now-news.de\/de\/#\/schema\/logo\/image\/","url":"http:\/\/just-now.news\/de\/wp-content\/uploads\/sites\/3\/2022\/04\/logo500x500.jpg","contentUrl":"http:\/\/just-now.news\/de\/wp-content\/uploads\/sites\/3\/2022\/04\/logo500x500.jpg","width":500,"height":500,"caption":"Just Now News"},"image":{"@id":"https:\/\/now-news.de\/de\/#\/schema\/logo\/image\/"},"sameAs":["https:\/\/www.facebook.com\/wirmachenauf","https:\/\/x.com\/WirMachenAuf_de"]},{"@type":"Person","@id":"https:\/\/now-news.de\/de\/#\/schema\/person\/fb534a4e865501d8b3285208df34a9b5","name":"rtnews","image":{"@type":"ImageObject","inLanguage":"de","@id":"https:\/\/now-news.de\/de\/#\/schema\/person\/image\/","url":"https:\/\/secure.gravatar.com\/avatar\/82aafea7d8127119dd649515f56e2117?s=96&d=mm&r=g","contentUrl":"https:\/\/secure.gravatar.com\/avatar\/82aafea7d8127119dd649515f56e2117?s=96&d=mm&r=g","caption":"rtnews"},"url":"https:\/\/now-news.de\/de\/author\/rnews\/"}]}},"_links":{"self":[{"href":"https:\/\/now-news.de\/de\/wp-json\/wp\/v2\/posts\/41626"}],"collection":[{"href":"https:\/\/now-news.de\/de\/wp-json\/wp\/v2\/posts"}],"about":[{"href":"https:\/\/now-news.de\/de\/wp-json\/wp\/v2\/types\/post"}],"author":[{"embeddable":true,"href":"https:\/\/now-news.de\/de\/wp-json\/wp\/v2\/users\/3"}],"replies":[{"embeddable":true,"href":"https:\/\/now-news.de\/de\/wp-json\/wp\/v2\/comments?post=41626"}],"version-history":[{"count":0,"href":"https:\/\/now-news.de\/de\/wp-json\/wp\/v2\/posts\/41626\/revisions"}],"wp:featuredmedia":[{"embeddable":true,"href":"https:\/\/now-news.de\/de\/wp-json\/wp\/v2\/media\/41627"}],"wp:attachment":[{"href":"https:\/\/now-news.de\/de\/wp-json\/wp\/v2\/media?parent=41626"}],"wp:term":[{"taxonomy":"category","embeddable":true,"href":"https:\/\/now-news.de\/de\/wp-json\/wp\/v2\/categories?post=41626"},{"taxonomy":"post_tag","embeddable":true,"href":"https:\/\/now-news.de\/de\/wp-json\/wp\/v2\/tags?post=41626"}],"curies":[{"name":"wp","href":"https:\/\/api.w.org\/{rel}","templated":true}]}}