{"id":41620,"date":"2023-08-09T07:30:28","date_gmt":"2023-08-09T05:30:28","guid":{"rendered":"https:\/\/just-now.news\/de\/deutschland\/lauterbach-bestaetigt-deutsches-clan-problem-und-unterstuetzt-ausweisungs-plaene-von-faeser\/"},"modified":"2023-08-09T07:30:28","modified_gmt":"2023-08-09T05:30:28","slug":"lauterbach-bestaetigt-deutsches-clan-problem-und-unterstuetzt-ausweisungs-plaene-von-faeser","status":"publish","type":"post","link":"https:\/\/now-news.de\/de\/deutschland\/lauterbach-bestaetigt-deutsches-clan-problem-und-unterstuetzt-ausweisungs-plaene-von-faeser\/","title":{"rendered":"Lauterbach best\u00e4tigt deutsches Clan-Problem und unterst\u00fctzt Ausweisungs-Pl\u00e4ne von Faeser"},"content":{"rendered":"<p><img decoding=\"async\" src=\"http:\/\/just-now.news\/de\/wp-content\/uploads\/sites\/3\/2023\/08\/64d2217fb480cc5372245b0f.jpg\" \/><\/p>\n<div class=\"Text-root Text-type_1 \">\n                Innenministerin Nancy Faeser erfuhr f\u00fcr ihre angek\u00fcndigte Gesetzes\u00e4nderung, die Ausweisung von Clankriminellen und Angeh\u00f6rigen ohne vorherige strafrechtliche Verurteilung zu erleichtern, unterschiedlichste Reaktionen von Kritik bis Unverst\u00e4ndnis. Als prominentester Bef\u00fcrworter der Pl\u00e4ne meldete sich \u00fcberraschend Gesundheitsminister Karl Lauterbach zu Wort.\n            <\/div>\n<p><\/p>\n<div class=\"Text-root Text-type_5 ArticleView-text ViewText-root \">\n<p>Mitte vergangener Woche pr\u00e4sentierte Innenministerin Nancy Faeser (SPD) ihren sogenannten &#8220;Diskussionsentwurf des Bundesministeriums des Innern und f\u00fcr Heimat (BMI) zur Verbesserung der R\u00fcckf\u00fchrung&#8221;, dessen 35-seitiger Inhalt \u00f6ffentlich auf der Website des BMI <a rel=\"nofollow noopener\" target=\"_blank\" href=\"https:\/\/www.bmi.bund.de\/SharedDocs\/downloads\/DE\/veroeffentlichungen\/nachrichten\/2023\/08\/DE-gesetz-verbesserung-rueckfuehrung.pdf;jsessionid=5975B9B992225C2965CD2E8F49FF5A70.2_cid340?__blob=publicationFile&amp;v=3\">einsehbar<\/a> ist. Die Medienlandschaft reagierte hinsichtlich der geplanten Gesetzesmodifikationen mehrheitlich kritisch. So titelte die <em>S\u00fcddeutsche Zeitung<\/em> (<em>SZ)<\/em> in einem Leitartikel: &#8220;Clan-Kriminalit\u00e4t: &#8216;Wiedereinf\u00fchrung der Sippenhaft'&#8221;, um dar\u00fcber Tareq Alaows von Pro Asyl zu zitieren, der den Entwurf &#8220;als gef\u00e4hrlich&#8221; bezeichnete. Vollstes Verst\u00e4ndnis f\u00fcr die Pl\u00e4ne zeigte demgegen\u00fcber der themenflexible Ministerkollege von Faeser, Karl Lauterbach, im Rahmen eines <a rel=\"nofollow noopener\" target=\"_blank\" href=\"https:\/\/twitter.com\/Karl_Lauterbach\/status\/1688642053058568192\">Postings<\/a> auf X (fr\u00fcher Twitter). So teilte er seinen Followern mit:<\/p>\n<blockquote>\n<p><em>&#8220;Auch in meinem Wahlkreis kann man den B\u00fcrgern schon lange nicht mehr erkl\u00e4ren, weshalb die Clankriminalit\u00e4t nicht besser bek\u00e4mpft wird. Der Vorsto\u00df von Nancy Faeser ist meines Ermessens richtig und wird nicht falsch, nur weil in Hessen Wahlkampf ist.&#8221;<\/em><\/p>\n<\/blockquote>\n<p>In mehreren Artikeln und Kommentaren in den sozialen Medien wird genau dieser Punkt \u2013 einer rein wahltaktischen Ank\u00fcndigung Faesers \u2013 thematisiert. Am 8. Oktober wird in Hessen der Landtag gew\u00e4hlt, wobei Faeser rund eine Woche vor Ver\u00f6ffentlichung des BMI-Entwurfes f\u00fcr ihren Heimatwahlkreis als Direktkandidatin f\u00fcr die Landtagswahl in Hessen <a rel=\"nofollow noopener\" target=\"_blank\" href=\"https:\/\/www.fr.de\/politik\/landtagswahl-hessen-ere855992\/hohe-zustimmung-fuer-nancy-faeser-92281043.html\">nominiert<\/a> wurde. Diese Parallelit\u00e4t erfuhr umgehend Aufmerksamkeit auf X:<\/p>\n<div class=\"EmbedBlock-root EmbedBlock-twitter\">\n<div class=\"TwitterEmbed\">\n<blockquote class=\"twitter-tweet lazyload\" data-twitter=\"twitter-tweet\">\n<p lang=\"qme\" dir=\"ltr\"><a rel=\"nofollow noopener\" target=\"_blank\" href=\"https:\/\/t.co\/8TNfdM5Pyo\">pic.twitter.com\/8TNfdM5Pyo<\/a><\/p>\n<p>\u2014 Pfino Taff \ud83d\udcef\ud83d\udc8932x \ud83d\ude373x \ud83c\udf08 72x (@PfinoTaff) <a rel=\"nofollow noopener\" target=\"_blank\" href=\"https:\/\/twitter.com\/PfinoTaff\/status\/1688650819204161536?ref_src=twsrc%5Etfw\">August 7, 2023<\/a><\/p><\/blockquote>\n<\/div>\n<\/div>\n<p>Das Hamburger Nachrichtenmagazin <em>Der Spiegel<\/em>\u00a0<a rel=\"nofollow noopener\" target=\"_blank\" href=\"https:\/\/www.spiegel.de\/politik\/deutschland\/nancy-faeser-zu-clans-und-abschiebungen-koennen-die-remmos-ausgewiesen-werden-a-b8ab7fc5-c8a9-4d40-b7dd-7804b750cdd7?sara_ref=re-so-app-sh\">erl\u00e4utert<\/a> im Leitartikel zum BMI-Papier:<\/p>\n<blockquote>\n<p><em>&#8220;K\u00f6nnen gef\u00e4hrliche Clans wie die Remmos ausgewiesen werden? Angeh\u00f6rige krimineller Vereinigungen sollen einfacher ausgewiesen werden \u2013 auch wenn sie nicht strafrechtlich verurteilt sind.&#8221;<\/em><\/p>\n<\/blockquote>\n<p>Die\u00a0flexible Formulierungsvorgabe des Entwurfs und daraus resultierende dehnbare Argumentationslinien werden vom\u00a0ehemaligen NRW-Linken-Chef Jules El-Khatib auf X mit der Erkenntnis <a rel=\"nofollow noopener\" target=\"_blank\" href=\"https:\/\/twitter.com\/ju_khatib\/status\/1688296234774147072\">kommentiert<\/a>:<\/p>\n<blockquote>\n<p><em>&#8220;Der &#8216;Clan&#8217;-Begriff dient in Deutschland als Rechtfertigung um Sippenhaft einzuf\u00fchren, wenn es nach der SPD geht, oder um 12 J\u00e4hrige Kinder ins Gef\u00e4ngnis zu stecken, Forderung CDU Berlin. Was ist das f\u00fcr eine Demokratie, wenn der Nachname ausreicht um Menschen abzuschieben?&#8221;<\/em><\/p>\n<\/blockquote>\n<p>Clara B\u00fcnger, Sprecherin der Linksfraktion, teilte der <em>SZ <\/em>mit: &#8220;Faesers Vorschl\u00e4ge sind v\u00f6llig indiskutabel und aggressiver Rechtspopulismus&#8221;. Der Musiker und Podcaster Mohamed Chahrour, selbst Mitglied einer arabischen Gro\u00dffamilie, findet laut <em>Stern-Artikel<\/em> den Abschiebe-Vorsto\u00df &#8220;besorgniserregend&#8221;. Alaows von Pro Asyl befindet laut dem <em>SZ-Artikel<\/em>, dass &#8220;das Thema Clan-Kriminalit\u00e4t politisch gr\u00f6\u00dfer gemacht werde, als es sei&#8221;. Dem widerspricht der nordrhein-westf\u00e4lische Innenminister Herbert Reul (CDU) vehement. So hatte es in einem <a rel=\"nofollow noopener\" target=\"_blank\" href=\"https:\/\/www.sueddeutsche.de\/panorama\/kriminalitaet-duesseldorf-nrw-startet-aussteiger-programm-fuer-clans-dpa.urn-newsml-dpa-com-20090101-200616-99-441910\">Bericht<\/a> seines Ministeriums an den Landtag aus dem Jahr 2019 gehei\u00dfen:<\/p>\n<blockquote>\n<p><em>&#8220;Der Einstieg in den Clan ist in der Regel die Geburt.&#8221;<\/em><\/p>\n<\/blockquote>\n<p>Das Magazin <em>Focus<\/em>\u00a0<a rel=\"nofollow noopener\" target=\"_blank\" href=\"https:\/\/www.msn.com\/de-de\/nachrichten\/politik\/kommentar-auf-faesers-klare-kante-bei-den-clans-sollten-sie-nicht-hereinfallen\/ar-AA1eUI0o\">res\u00fcmiert<\/a> hinsichtlich der Faeser-Pl\u00e4ne: &#8220;Die neue &#8216;klare Kante&#8217; der SPD-Frau entpuppt sich schnell als plumpes Wahlkampfman\u00f6ver&#8221;, um den Lesern weiter zu vermitteln:<\/p>\n<blockquote>\n<p data-t='{\"n\":\"blueLinks\"}'><em>&#8220;Einen Preis h\u00e4tte Nancy Faeser (SPD) sicherlich verdient: die silberne Zitrone der Ank\u00fcndigungsministerin. Noch im April hatte sich die Bundesinnenministerin in einem Fernsehinterview trotz stark zunehmender Fl\u00fcchtlingszahlen geweigert, die Zuwanderung zu limitieren. Bei der Aufnahme von Migranten d\u00fcrfe es keine H\u00f6chstgrenze f\u00fcr Menschlichkeit geben, sagte sie.&#8221;<\/em><\/p>\n<\/blockquote>\n<p data-t='{\"n\":\"blueLinks\"}'>Im <em>Focus<\/em>-Artikel wird mit folgendem Verweis an das politische Vorleben Faesers erinnert: &#8220;Unvergessen ist auch der Versuch der hessischen SPD-Politikerin zu Beginn ihrer Amtszeit, in der EU eine &#8216;Koalition der Willigen&#8217; zu bilden, um noch mehr Asylbewerber nach Europa bringen zu k\u00f6nnen.&#8221; Strafrechtsexperte Arndt Sinn von der Universit\u00e4t Osnabr\u00fcck stellt bezugnehmend auf die j\u00fcngsten BMI-Pl\u00e4ne fest: &#8220;Die Zugeh\u00f6rigkeit zu irgendeiner Familie kann kein Anlass sein, jemanden aus der Gesellschaft zu entfernen.&#8221; Die\u00a0diesbez\u00fcgliche Passage lautet in dem Entwurf, ohne dabei den Begriff Clan zu verwenden:<\/p>\n<blockquote>\n<p data-t='{\"n\":\"blueLinks\"}'><em>&#8220;Die \u00c4nderung wurde eingef\u00fcgt, damit auch f\u00fcr die in \u00a7 54 Absatz 1 Nummer 2 Buchstabe c neu eingef\u00fchrte Tatbestandsalternative der Fallgruppe Gef\u00e4hrdung der freiheitlichen demokratischen Grundordnung oder der Sicherheit der Bundesrepublik Deutschland f\u00fcr Angeh\u00f6rige von Gemeinschaften der Organisierten Kriminalit\u00e4t die M\u00f6glichkeit des Erlasses eines unbefristeten Einreise und Aufenthaltsverbots besteht (Seite 13).&#8221;<\/em><\/p>\n<\/blockquote>\n<p>Das BMI l\u00e4sst nach erster breiterer medial-politischer Kritik in einer Stellungnahme verlautbaren, dass auch weiterhin &#8220;die\u00a0Familienzugeh\u00f6rigkeit keine kriminelle Aktivit\u00e4t ist, es braucht immer einen Bezug zu Straftaten&#8221;. Dabei w\u00fcrden jedoch &#8220;Tatsachen&#8221; ber\u00fccksichtigt, die den Schluss zulassen, dass die Person Teil einer kriminellen Vereinigung sei.\u00a0Sebastian Hartmann, Sprecher der SPD-Bundestagsfraktion, kommentiert hinsichtlich der Kritik am Papier:<\/p>\n<blockquote>\n<p><em>&#8220;Der Rechtsstaat darf sich von der organisierten Kriminalit\u00e4t nicht einsch\u00fcchtern lassen. Aufenthaltsrechtliche Freir\u00e4ume d\u00fcrfen dabei kein R\u00fcckzugsort f\u00fcr Kriminelle darstellen.&#8221;<\/em><\/p>\n<\/blockquote>\n<p>Wann der\u00a0Diskussionsentwurf schlussendlich seinen Weg durch die Instanzen findet, sei zum jetzigen Zeitpunkt &#8220;v\u00f6llig offen&#8221;. Das eigentliche Problem f\u00fcr betroffene\u00a0L\u00e4nder und Kommunen stelle die Tatsache dar, dass &#8220;ein Gro\u00dfteil der Clanmitglieder die deutsche Staatsb\u00fcrgerschaft besitzt und sowieso nicht ausgewiesen\u00a0werden kann&#8221;, so die <em>SZ<\/em>\u00a0den bedenklichen Status quo des Problems Clan-Kriminalit\u00e4t in Deutschland zusammenfassend.<\/p>\n<p><strong>Mehr zum Thema <\/strong>\u2013<strong><\/strong><a rel=\"nofollow noopener\" target=\"_blank\" href=\"https:\/\/freedert.online\/inland\/170193-remmo-clan-mehrjaehrige-freiheitsstrafen-fuer\/\">Remmo-Clan: Mehrj\u00e4hrige Freiheitsstrafen f\u00fcr Juwelendiebstahl aus dem Dresdener Gr\u00fcnen Gew\u00f6lbe<\/a><\/p>\n<\/div>\n<p><script async src=\"https:\/\/platform.twitter.com\/widgets.js\" charset=\"utf-8\"><\/script><br \/>\n<br \/><br \/>\n<br \/><a href=\"https:\/\/de.rt.com\/inland\/177300-lauterbach-bestaetigt-deutsches-clan-problem\/\">Source link <\/a><\/p>\n","protected":false},"excerpt":{"rendered":"<p>Innenministerin Nancy Faeser erfuhr f\u00fcr ihre angek\u00fcndigte Gesetzes\u00e4nderung, die Ausweisung von Clankriminellen und Angeh\u00f6rigen ohne vorherige strafrechtliche Verurteilung zu erleichtern, unterschiedlichste Reaktionen von Kritik bis Unverst\u00e4ndnis. Als prominentester Bef\u00fcrworter der Pl\u00e4ne meldete sich \u00fcberraschend Gesundheitsminister Karl Lauterbach zu Wort. Mitte vergangener Woche pr\u00e4sentierte Innenministerin Nancy Faeser (SPD) ihren sogenannten &#8220;Diskussionsentwurf des Bundesministeriums des Innern und [&hellip;]<\/p>\n","protected":false},"author":3,"featured_media":41621,"comment_status":"open","ping_status":"open","sticky":false,"template":"","format":"standard","meta":{"_yoast_indexnow_last_ping":["1691564287"],"wp_automatic_camp":["217"],"8ef3cb453b6d2df15f71ded446ffe4c2":["Lauterbach best\u00e4tigt deutsches Clan-Problem und unterst\u00fctzt Ausweisungs-Pl\u00e4ne von Faeser"],"original_link":["https:\/\/de.rt.com\/inland\/177300-lauterbach-bestaetigt-deutsches-clan-problem\/"],"_thumbnail_id":["41621"],"_wptgpro_p2tg_sent2tg":["a:1:{i:23737;s:19:\"2023-08-09 08:59:16\";}"],"jnews_social_counter_last_update":["1777246559"]},"categories":[19,23],"tags":[47567,1438,47566,29966,16802,1748,140,5073,50],"yoast_head":"<!-- This site is optimized with the Yoast SEO Premium plugin v22.7 (Yoast SEO v22.7) - https:\/\/yoast.com\/wordpress\/plugins\/seo\/ -->\n<title>Lauterbach best\u00e4tigt deutsches Clan-Problem und unterst\u00fctzt Ausweisungs-Pl\u00e4ne von Faeser - just-now.NEWS Deutschland<\/title>\n<meta name=\"robots\" content=\"index, follow, max-snippet:-1, max-image-preview:large, max-video-preview:-1\" \/>\n<link rel=\"canonical\" href=\"https:\/\/now-news.de\/de\/deutschland\/lauterbach-bestaetigt-deutsches-clan-problem-und-unterstuetzt-ausweisungs-plaene-von-faeser\/\" \/>\n<meta property=\"og:locale\" content=\"de_DE\" \/>\n<meta property=\"og:type\" content=\"article\" \/>\n<meta property=\"og:title\" content=\"Lauterbach best\u00e4tigt deutsches Clan-Problem und unterst\u00fctzt Ausweisungs-Pl\u00e4ne von Faeser\" \/>\n<meta property=\"og:description\" content=\"Innenministerin Nancy Faeser erfuhr f\u00fcr ihre angek\u00fcndigte Gesetzes\u00e4nderung, die Ausweisung von Clankriminellen und Angeh\u00f6rigen ohne vorherige strafrechtliche Verurteilung zu erleichtern, unterschiedlichste Reaktionen von Kritik bis Unverst\u00e4ndnis. Als prominentester Bef\u00fcrworter der Pl\u00e4ne meldete sich \u00fcberraschend Gesundheitsminister Karl Lauterbach zu Wort. Mitte vergangener Woche pr\u00e4sentierte Innenministerin Nancy Faeser (SPD) ihren sogenannten &#8220;Diskussionsentwurf des Bundesministeriums des Innern und [&hellip;]\" \/>\n<meta property=\"og:url\" content=\"https:\/\/now-news.de\/de\/deutschland\/lauterbach-bestaetigt-deutsches-clan-problem-und-unterstuetzt-ausweisungs-plaene-von-faeser\/\" \/>\n<meta property=\"og:site_name\" content=\"just-now.NEWS Deutschland\" \/>\n<meta property=\"article:publisher\" content=\"https:\/\/www.facebook.com\/wirmachenauf\" \/>\n<meta property=\"article:published_time\" content=\"2023-08-09T05:30:28+00:00\" \/>\n<meta property=\"og:image\" content=\"https:\/\/now-news.de\/de\/wp-content\/uploads\/sites\/3\/2023\/08\/Lauterbach-bestaetigt-deutsches-Clan-Problem-und-unterstuetzt-Ausweisungs-Plaene-von-Faeser.jpg\" \/>\n\t<meta property=\"og:image:width\" content=\"460\" \/>\n\t<meta property=\"og:image:height\" content=\"259\" \/>\n\t<meta property=\"og:image:type\" content=\"image\/jpeg\" \/>\n<meta name=\"author\" content=\"rtnews\" \/>\n<meta name=\"twitter:card\" content=\"summary_large_image\" \/>\n<meta name=\"twitter:creator\" content=\"@WirMachenAuf_de\" \/>\n<meta name=\"twitter:site\" content=\"@WirMachenAuf_de\" \/>\n<meta name=\"twitter:label1\" content=\"Verfasst von\" \/>\n\t<meta name=\"twitter:data1\" content=\"rtnews\" \/>\n\t<meta name=\"twitter:label2\" content=\"Gesch\u00e4tzte Lesezeit\" \/>\n\t<meta name=\"twitter:data2\" content=\"4\u00a0Minuten\" \/>\n<script type=\"application\/ld+json\" class=\"yoast-schema-graph\">{\"@context\":\"https:\/\/schema.org\",\"@graph\":[{\"@type\":\"Article\",\"@id\":\"https:\/\/now-news.de\/de\/deutschland\/lauterbach-bestaetigt-deutsches-clan-problem-und-unterstuetzt-ausweisungs-plaene-von-faeser\/#article\",\"isPartOf\":{\"@id\":\"https:\/\/now-news.de\/de\/deutschland\/lauterbach-bestaetigt-deutsches-clan-problem-und-unterstuetzt-ausweisungs-plaene-von-faeser\/\"},\"author\":{\"name\":\"rtnews\",\"@id\":\"https:\/\/now-news.de\/de\/#\/schema\/person\/fb534a4e865501d8b3285208df34a9b5\"},\"headline\":\"Lauterbach best\u00e4tigt deutsches Clan-Problem und unterst\u00fctzt Ausweisungs-Pl\u00e4ne von Faeser\",\"datePublished\":\"2023-08-09T05:30:28+00:00\",\"dateModified\":\"2023-08-09T05:30:28+00:00\",\"mainEntityOfPage\":{\"@id\":\"https:\/\/now-news.de\/de\/deutschland\/lauterbach-bestaetigt-deutsches-clan-problem-und-unterstuetzt-ausweisungs-plaene-von-faeser\/\"},\"wordCount\":882,\"commentCount\":0,\"publisher\":{\"@id\":\"https:\/\/now-news.de\/de\/#organization\"},\"image\":{\"@id\":\"https:\/\/now-news.de\/de\/deutschland\/lauterbach-bestaetigt-deutsches-clan-problem-und-unterstuetzt-ausweisungs-plaene-von-faeser\/#primaryimage\"},\"thumbnailUrl\":\"https:\/\/now-news.de\/de\/wp-content\/uploads\/sites\/3\/2023\/08\/Lauterbach-bestaetigt-deutsches-Clan-Problem-und-unterstuetzt-Ausweisungs-Plaene-von-Faeser.jpg\",\"keywords\":[\"AusweisungsPl\u00e4ne\",\"best\u00e4tigt\",\"ClanProblem\",\"deutsches\",\"Faeser\",\"Lauterbach\",\"und\",\"unterst\u00fctzt\",\"von\"],\"articleSection\":[\"Deutschland\",\"Russland\"],\"inLanguage\":\"de\",\"potentialAction\":[{\"@type\":\"CommentAction\",\"name\":\"Comment\",\"target\":[\"https:\/\/now-news.de\/de\/deutschland\/lauterbach-bestaetigt-deutsches-clan-problem-und-unterstuetzt-ausweisungs-plaene-von-faeser\/#respond\"]}]},{\"@type\":\"WebPage\",\"@id\":\"https:\/\/now-news.de\/de\/deutschland\/lauterbach-bestaetigt-deutsches-clan-problem-und-unterstuetzt-ausweisungs-plaene-von-faeser\/\",\"url\":\"https:\/\/now-news.de\/de\/deutschland\/lauterbach-bestaetigt-deutsches-clan-problem-und-unterstuetzt-ausweisungs-plaene-von-faeser\/\",\"name\":\"Lauterbach best\u00e4tigt deutsches Clan-Problem und unterst\u00fctzt Ausweisungs-Pl\u00e4ne von Faeser - just-now.NEWS Deutschland\",\"isPartOf\":{\"@id\":\"https:\/\/now-news.de\/de\/#website\"},\"primaryImageOfPage\":{\"@id\":\"https:\/\/now-news.de\/de\/deutschland\/lauterbach-bestaetigt-deutsches-clan-problem-und-unterstuetzt-ausweisungs-plaene-von-faeser\/#primaryimage\"},\"image\":{\"@id\":\"https:\/\/now-news.de\/de\/deutschland\/lauterbach-bestaetigt-deutsches-clan-problem-und-unterstuetzt-ausweisungs-plaene-von-faeser\/#primaryimage\"},\"thumbnailUrl\":\"https:\/\/now-news.de\/de\/wp-content\/uploads\/sites\/3\/2023\/08\/Lauterbach-bestaetigt-deutsches-Clan-Problem-und-unterstuetzt-Ausweisungs-Plaene-von-Faeser.jpg\",\"datePublished\":\"2023-08-09T05:30:28+00:00\",\"dateModified\":\"2023-08-09T05:30:28+00:00\",\"breadcrumb\":{\"@id\":\"https:\/\/now-news.de\/de\/deutschland\/lauterbach-bestaetigt-deutsches-clan-problem-und-unterstuetzt-ausweisungs-plaene-von-faeser\/#breadcrumb\"},\"inLanguage\":\"de\",\"potentialAction\":[{\"@type\":\"ReadAction\",\"target\":[\"https:\/\/now-news.de\/de\/deutschland\/lauterbach-bestaetigt-deutsches-clan-problem-und-unterstuetzt-ausweisungs-plaene-von-faeser\/\"]}]},{\"@type\":\"ImageObject\",\"inLanguage\":\"de\",\"@id\":\"https:\/\/now-news.de\/de\/deutschland\/lauterbach-bestaetigt-deutsches-clan-problem-und-unterstuetzt-ausweisungs-plaene-von-faeser\/#primaryimage\",\"url\":\"https:\/\/now-news.de\/de\/wp-content\/uploads\/sites\/3\/2023\/08\/Lauterbach-bestaetigt-deutsches-Clan-Problem-und-unterstuetzt-Ausweisungs-Plaene-von-Faeser.jpg\",\"contentUrl\":\"https:\/\/now-news.de\/de\/wp-content\/uploads\/sites\/3\/2023\/08\/Lauterbach-bestaetigt-deutsches-Clan-Problem-und-unterstuetzt-Ausweisungs-Plaene-von-Faeser.jpg\",\"width\":460,\"height\":259,\"caption\":\"Lauterbach best\u00e4tigt deutsches Clan-Problem und unterst\u00fctzt Ausweisungs-Pl\u00e4ne von Faeser\"},{\"@type\":\"BreadcrumbList\",\"@id\":\"https:\/\/now-news.de\/de\/deutschland\/lauterbach-bestaetigt-deutsches-clan-problem-und-unterstuetzt-ausweisungs-plaene-von-faeser\/#breadcrumb\",\"itemListElement\":[{\"@type\":\"ListItem\",\"position\":1,\"name\":\"Home\",\"item\":\"https:\/\/now-news.de\/de\/\"},{\"@type\":\"ListItem\",\"position\":2,\"name\":\"Lauterbach best\u00e4tigt deutsches Clan-Problem und unterst\u00fctzt Ausweisungs-Pl\u00e4ne von Faeser\"}]},{\"@type\":\"WebSite\",\"@id\":\"https:\/\/now-news.de\/de\/#website\",\"url\":\"https:\/\/now-news.de\/de\/\",\"name\":\"just-now.NEWS Deutschland\",\"description\":\"Das Portal f\u00fcr unzensierte Nachrichten aus der Welt\",\"publisher\":{\"@id\":\"https:\/\/now-news.de\/de\/#organization\"},\"potentialAction\":[{\"@type\":\"SearchAction\",\"target\":{\"@type\":\"EntryPoint\",\"urlTemplate\":\"https:\/\/now-news.de\/de\/?s={search_term_string}\"},\"query-input\":\"required name=search_term_string\"}],\"inLanguage\":\"de\"},{\"@type\":\"Organization\",\"@id\":\"https:\/\/now-news.de\/de\/#organization\",\"name\":\"Just Now News\",\"url\":\"https:\/\/now-news.de\/de\/\",\"logo\":{\"@type\":\"ImageObject\",\"inLanguage\":\"de\",\"@id\":\"https:\/\/now-news.de\/de\/#\/schema\/logo\/image\/\",\"url\":\"http:\/\/just-now.news\/de\/wp-content\/uploads\/sites\/3\/2022\/04\/logo500x500.jpg\",\"contentUrl\":\"http:\/\/just-now.news\/de\/wp-content\/uploads\/sites\/3\/2022\/04\/logo500x500.jpg\",\"width\":500,\"height\":500,\"caption\":\"Just Now News\"},\"image\":{\"@id\":\"https:\/\/now-news.de\/de\/#\/schema\/logo\/image\/\"},\"sameAs\":[\"https:\/\/www.facebook.com\/wirmachenauf\",\"https:\/\/x.com\/WirMachenAuf_de\"]},{\"@type\":\"Person\",\"@id\":\"https:\/\/now-news.de\/de\/#\/schema\/person\/fb534a4e865501d8b3285208df34a9b5\",\"name\":\"rtnews\",\"image\":{\"@type\":\"ImageObject\",\"inLanguage\":\"de\",\"@id\":\"https:\/\/now-news.de\/de\/#\/schema\/person\/image\/\",\"url\":\"https:\/\/secure.gravatar.com\/avatar\/82aafea7d8127119dd649515f56e2117?s=96&d=mm&r=g\",\"contentUrl\":\"https:\/\/secure.gravatar.com\/avatar\/82aafea7d8127119dd649515f56e2117?s=96&d=mm&r=g\",\"caption\":\"rtnews\"},\"url\":\"https:\/\/now-news.de\/de\/author\/rnews\/\"}]}<\/script>\n<!-- \/ Yoast SEO Premium plugin. -->","yoast_head_json":{"title":"Lauterbach best\u00e4tigt deutsches Clan-Problem und unterst\u00fctzt Ausweisungs-Pl\u00e4ne von Faeser - just-now.NEWS Deutschland","robots":{"index":"index","follow":"follow","max-snippet":"max-snippet:-1","max-image-preview":"max-image-preview:large","max-video-preview":"max-video-preview:-1"},"canonical":"https:\/\/now-news.de\/de\/deutschland\/lauterbach-bestaetigt-deutsches-clan-problem-und-unterstuetzt-ausweisungs-plaene-von-faeser\/","og_locale":"de_DE","og_type":"article","og_title":"Lauterbach best\u00e4tigt deutsches Clan-Problem und unterst\u00fctzt Ausweisungs-Pl\u00e4ne von Faeser","og_description":"Innenministerin Nancy Faeser erfuhr f\u00fcr ihre angek\u00fcndigte Gesetzes\u00e4nderung, die Ausweisung von Clankriminellen und Angeh\u00f6rigen ohne vorherige strafrechtliche Verurteilung zu erleichtern, unterschiedlichste Reaktionen von Kritik bis Unverst\u00e4ndnis. Als prominentester Bef\u00fcrworter der Pl\u00e4ne meldete sich \u00fcberraschend Gesundheitsminister Karl Lauterbach zu Wort. Mitte vergangener Woche pr\u00e4sentierte Innenministerin Nancy Faeser (SPD) ihren sogenannten &#8220;Diskussionsentwurf des Bundesministeriums des Innern und [&hellip;]","og_url":"https:\/\/now-news.de\/de\/deutschland\/lauterbach-bestaetigt-deutsches-clan-problem-und-unterstuetzt-ausweisungs-plaene-von-faeser\/","og_site_name":"just-now.NEWS Deutschland","article_publisher":"https:\/\/www.facebook.com\/wirmachenauf","article_published_time":"2023-08-09T05:30:28+00:00","og_image":[{"width":460,"height":259,"url":"https:\/\/now-news.de\/de\/wp-content\/uploads\/sites\/3\/2023\/08\/Lauterbach-bestaetigt-deutsches-Clan-Problem-und-unterstuetzt-Ausweisungs-Plaene-von-Faeser.jpg","type":"image\/jpeg"}],"author":"rtnews","twitter_card":"summary_large_image","twitter_creator":"@WirMachenAuf_de","twitter_site":"@WirMachenAuf_de","twitter_misc":{"Verfasst von":"rtnews","Gesch\u00e4tzte Lesezeit":"4\u00a0Minuten"},"schema":{"@context":"https:\/\/schema.org","@graph":[{"@type":"Article","@id":"https:\/\/now-news.de\/de\/deutschland\/lauterbach-bestaetigt-deutsches-clan-problem-und-unterstuetzt-ausweisungs-plaene-von-faeser\/#article","isPartOf":{"@id":"https:\/\/now-news.de\/de\/deutschland\/lauterbach-bestaetigt-deutsches-clan-problem-und-unterstuetzt-ausweisungs-plaene-von-faeser\/"},"author":{"name":"rtnews","@id":"https:\/\/now-news.de\/de\/#\/schema\/person\/fb534a4e865501d8b3285208df34a9b5"},"headline":"Lauterbach best\u00e4tigt deutsches Clan-Problem und unterst\u00fctzt Ausweisungs-Pl\u00e4ne von Faeser","datePublished":"2023-08-09T05:30:28+00:00","dateModified":"2023-08-09T05:30:28+00:00","mainEntityOfPage":{"@id":"https:\/\/now-news.de\/de\/deutschland\/lauterbach-bestaetigt-deutsches-clan-problem-und-unterstuetzt-ausweisungs-plaene-von-faeser\/"},"wordCount":882,"commentCount":0,"publisher":{"@id":"https:\/\/now-news.de\/de\/#organization"},"image":{"@id":"https:\/\/now-news.de\/de\/deutschland\/lauterbach-bestaetigt-deutsches-clan-problem-und-unterstuetzt-ausweisungs-plaene-von-faeser\/#primaryimage"},"thumbnailUrl":"https:\/\/now-news.de\/de\/wp-content\/uploads\/sites\/3\/2023\/08\/Lauterbach-bestaetigt-deutsches-Clan-Problem-und-unterstuetzt-Ausweisungs-Plaene-von-Faeser.jpg","keywords":["AusweisungsPl\u00e4ne","best\u00e4tigt","ClanProblem","deutsches","Faeser","Lauterbach","und","unterst\u00fctzt","von"],"articleSection":["Deutschland","Russland"],"inLanguage":"de","potentialAction":[{"@type":"CommentAction","name":"Comment","target":["https:\/\/now-news.de\/de\/deutschland\/lauterbach-bestaetigt-deutsches-clan-problem-und-unterstuetzt-ausweisungs-plaene-von-faeser\/#respond"]}]},{"@type":"WebPage","@id":"https:\/\/now-news.de\/de\/deutschland\/lauterbach-bestaetigt-deutsches-clan-problem-und-unterstuetzt-ausweisungs-plaene-von-faeser\/","url":"https:\/\/now-news.de\/de\/deutschland\/lauterbach-bestaetigt-deutsches-clan-problem-und-unterstuetzt-ausweisungs-plaene-von-faeser\/","name":"Lauterbach best\u00e4tigt deutsches Clan-Problem und unterst\u00fctzt Ausweisungs-Pl\u00e4ne von Faeser - just-now.NEWS Deutschland","isPartOf":{"@id":"https:\/\/now-news.de\/de\/#website"},"primaryImageOfPage":{"@id":"https:\/\/now-news.de\/de\/deutschland\/lauterbach-bestaetigt-deutsches-clan-problem-und-unterstuetzt-ausweisungs-plaene-von-faeser\/#primaryimage"},"image":{"@id":"https:\/\/now-news.de\/de\/deutschland\/lauterbach-bestaetigt-deutsches-clan-problem-und-unterstuetzt-ausweisungs-plaene-von-faeser\/#primaryimage"},"thumbnailUrl":"https:\/\/now-news.de\/de\/wp-content\/uploads\/sites\/3\/2023\/08\/Lauterbach-bestaetigt-deutsches-Clan-Problem-und-unterstuetzt-Ausweisungs-Plaene-von-Faeser.jpg","datePublished":"2023-08-09T05:30:28+00:00","dateModified":"2023-08-09T05:30:28+00:00","breadcrumb":{"@id":"https:\/\/now-news.de\/de\/deutschland\/lauterbach-bestaetigt-deutsches-clan-problem-und-unterstuetzt-ausweisungs-plaene-von-faeser\/#breadcrumb"},"inLanguage":"de","potentialAction":[{"@type":"ReadAction","target":["https:\/\/now-news.de\/de\/deutschland\/lauterbach-bestaetigt-deutsches-clan-problem-und-unterstuetzt-ausweisungs-plaene-von-faeser\/"]}]},{"@type":"ImageObject","inLanguage":"de","@id":"https:\/\/now-news.de\/de\/deutschland\/lauterbach-bestaetigt-deutsches-clan-problem-und-unterstuetzt-ausweisungs-plaene-von-faeser\/#primaryimage","url":"https:\/\/now-news.de\/de\/wp-content\/uploads\/sites\/3\/2023\/08\/Lauterbach-bestaetigt-deutsches-Clan-Problem-und-unterstuetzt-Ausweisungs-Plaene-von-Faeser.jpg","contentUrl":"https:\/\/now-news.de\/de\/wp-content\/uploads\/sites\/3\/2023\/08\/Lauterbach-bestaetigt-deutsches-Clan-Problem-und-unterstuetzt-Ausweisungs-Plaene-von-Faeser.jpg","width":460,"height":259,"caption":"Lauterbach best\u00e4tigt deutsches Clan-Problem und unterst\u00fctzt Ausweisungs-Pl\u00e4ne von Faeser"},{"@type":"BreadcrumbList","@id":"https:\/\/now-news.de\/de\/deutschland\/lauterbach-bestaetigt-deutsches-clan-problem-und-unterstuetzt-ausweisungs-plaene-von-faeser\/#breadcrumb","itemListElement":[{"@type":"ListItem","position":1,"name":"Home","item":"https:\/\/now-news.de\/de\/"},{"@type":"ListItem","position":2,"name":"Lauterbach best\u00e4tigt deutsches Clan-Problem und unterst\u00fctzt Ausweisungs-Pl\u00e4ne von Faeser"}]},{"@type":"WebSite","@id":"https:\/\/now-news.de\/de\/#website","url":"https:\/\/now-news.de\/de\/","name":"just-now.NEWS Deutschland","description":"Das Portal f\u00fcr unzensierte Nachrichten aus der Welt","publisher":{"@id":"https:\/\/now-news.de\/de\/#organization"},"potentialAction":[{"@type":"SearchAction","target":{"@type":"EntryPoint","urlTemplate":"https:\/\/now-news.de\/de\/?s={search_term_string}"},"query-input":"required name=search_term_string"}],"inLanguage":"de"},{"@type":"Organization","@id":"https:\/\/now-news.de\/de\/#organization","name":"Just Now News","url":"https:\/\/now-news.de\/de\/","logo":{"@type":"ImageObject","inLanguage":"de","@id":"https:\/\/now-news.de\/de\/#\/schema\/logo\/image\/","url":"http:\/\/just-now.news\/de\/wp-content\/uploads\/sites\/3\/2022\/04\/logo500x500.jpg","contentUrl":"http:\/\/just-now.news\/de\/wp-content\/uploads\/sites\/3\/2022\/04\/logo500x500.jpg","width":500,"height":500,"caption":"Just Now News"},"image":{"@id":"https:\/\/now-news.de\/de\/#\/schema\/logo\/image\/"},"sameAs":["https:\/\/www.facebook.com\/wirmachenauf","https:\/\/x.com\/WirMachenAuf_de"]},{"@type":"Person","@id":"https:\/\/now-news.de\/de\/#\/schema\/person\/fb534a4e865501d8b3285208df34a9b5","name":"rtnews","image":{"@type":"ImageObject","inLanguage":"de","@id":"https:\/\/now-news.de\/de\/#\/schema\/person\/image\/","url":"https:\/\/secure.gravatar.com\/avatar\/82aafea7d8127119dd649515f56e2117?s=96&d=mm&r=g","contentUrl":"https:\/\/secure.gravatar.com\/avatar\/82aafea7d8127119dd649515f56e2117?s=96&d=mm&r=g","caption":"rtnews"},"url":"https:\/\/now-news.de\/de\/author\/rnews\/"}]}},"_links":{"self":[{"href":"https:\/\/now-news.de\/de\/wp-json\/wp\/v2\/posts\/41620"}],"collection":[{"href":"https:\/\/now-news.de\/de\/wp-json\/wp\/v2\/posts"}],"about":[{"href":"https:\/\/now-news.de\/de\/wp-json\/wp\/v2\/types\/post"}],"author":[{"embeddable":true,"href":"https:\/\/now-news.de\/de\/wp-json\/wp\/v2\/users\/3"}],"replies":[{"embeddable":true,"href":"https:\/\/now-news.de\/de\/wp-json\/wp\/v2\/comments?post=41620"}],"version-history":[{"count":0,"href":"https:\/\/now-news.de\/de\/wp-json\/wp\/v2\/posts\/41620\/revisions"}],"wp:featuredmedia":[{"embeddable":true,"href":"https:\/\/now-news.de\/de\/wp-json\/wp\/v2\/media\/41621"}],"wp:attachment":[{"href":"https:\/\/now-news.de\/de\/wp-json\/wp\/v2\/media?parent=41620"}],"wp:term":[{"taxonomy":"category","embeddable":true,"href":"https:\/\/now-news.de\/de\/wp-json\/wp\/v2\/categories?post=41620"},{"taxonomy":"post_tag","embeddable":true,"href":"https:\/\/now-news.de\/de\/wp-json\/wp\/v2\/tags?post=41620"}],"curies":[{"name":"wp","href":"https:\/\/api.w.org\/{rel}","templated":true}]}}