{"id":41509,"date":"2023-08-07T18:06:26","date_gmt":"2023-08-07T16:06:26","guid":{"rendered":"https:\/\/just-now.news\/de\/deutschland\/westliche-analysen-inkompetenz-und-fuehrungsschwaeche-beim-ukrainischen-militaer\/"},"modified":"2023-08-07T18:06:26","modified_gmt":"2023-08-07T16:06:26","slug":"westliche-analysen-inkompetenz-und-fuehrungsschwaeche-beim-ukrainischen-militaer","status":"publish","type":"post","link":"https:\/\/now-news.de\/de\/deutschland\/westliche-analysen-inkompetenz-und-fuehrungsschwaeche-beim-ukrainischen-militaer\/","title":{"rendered":"Westliche Analysen: Inkompetenz und F\u00fchrungsschw\u00e4che beim ukrainischen Milit\u00e4r"},"content":{"rendered":"<p><img decoding=\"async\" src=\"http:\/\/just-now.news\/de\/wp-content\/uploads\/sites\/3\/2023\/08\/64d10e6048fbef06c61271cd.jpg\" \/><\/p>\n<div class=\"Text-root Text-type_1 \">\n                Immer mehr westliche Thinktanks und Milit\u00e4rexperten \u00e4u\u00dfern Zweifel an der milit\u00e4rischen Durchschlagskraft der Ukraine, deren Gegenoffensive nicht in die G\u00e4nge komme. Zur wachsenden Skepsis westlicher Experten im Hinblick auf einen Sieg der Ukraine ver\u00f6ffentlichte das &#8220;Handelsblatt&#8221; eine umfangreiche Analyse.\n            <\/div>\n<p><\/p>\n<div class=\"Text-root Text-type_5 ArticleView-text ViewText-root \">\n<p>Angesichts\u00a0des Stockens der seit zwei Monaten andauernden ukrainischen Gegenoffensive herrsche im Westen Ern\u00fcchterung und Ratlosigkeit. In Washington frage man sich mittlerweile, ob man die westliche Milit\u00e4rtechnik \u00fcbersch\u00e4tzt habe. In einer ausf\u00fchrlichen Analyse l\u00e4sst das <em>Handelsblatt<\/em> an diesem Montag Milit\u00e4rexperten und Medien zu Wort kommen, die einen Sieg der Ukraine immer weniger in Betracht ziehen.<\/p>\n<p>Zwar dr\u00e4ngten weiterhin kaum Details \u00fcber die K\u00e4mpfe an die \u00d6ffentlichkeit, so das <em>Handelsblatt.<\/em>\u00a0Dennoch lie\u00dfen &#8220;einzelne Situationen erahnen, wie schwierig sich die K\u00e4mpfe gestalten.&#8221;\u00a0Laut der\u00a0<a rel=\"nofollow noopener\" target=\"_blank\" href=\"https:\/\/xxtomcooperxx.substack.com\/p\/ukraine-war-30-july-2023-oldies-and\">Berichterstattung<\/a> des Kriegsanalytikers Tom Cooper h\u00e4tten die russischen Truppen beispielsweise eine Kompanie der 118. ukrainischen Brigade bei Robotine Ende Juli fast komplett ausgel\u00f6scht.<\/p>\n<p>Zur gleichen Zeit habe man Soldaten in die K\u00e4mpfe schicken m\u00fcssen, die eigentlich erst nach einem geplanten Durchbruch der &#8220;sogenannten Surowikin-Linie&#8221; eingesetzt werden sollten. Immer offener w\u00fcrden US-Beamte ihre Entt\u00e4uschung auch vor den Medien nicht mehr verbergen. Wie der US-amerikanische Fernsehsender <em>CNN<\/em>\u00a0<a rel=\"nofollow noopener\" target=\"_blank\" href=\"https:\/\/edition.cnn.com\/2023\/06\/22\/politics\/ukraine-counteroffensive-western-assessment\/index.html\">berichtete<\/a>, &#8220;machen Vertreter des amerikanischen Sicherheitsapparates kein Geheimnis aus ihrer Entt\u00e4uschung.&#8221;<\/p>\n<p>Schwer habe es in dieser Lage vor allem der ukrainische Pr\u00e4sident Wladimir Selenskij. Seine politische Karriere h\u00e4nge an der Umsetzung seines Versprechens eines baldigen Sieges. Doch schon im Juni habe er eingestehen m\u00fcssen, dass die Offensive nicht so schnell vorankomme. Die ukrainische Milit\u00e4rf\u00fchrung habe dies auf die &#8220;begrenzten Waffenlieferungen aus dem Westen&#8221; und die\u00a0vehemente\u00a0russische Gegenwehr zur\u00fcckgef\u00fchrt. Dabei w\u00fcrden die Ukrainer laut einem\u00a0<a rel=\"nofollow noopener\" target=\"_blank\" href=\"https:\/\/www.ft.com\/content\/b2c89d88-3e71-4787-920f-5385236aa684?utm_source=substack&amp;utm_medium=email\">Bericht<\/a> der <em>Financial Times<\/em> schon t\u00e4glich ein Drittel dessen verschie\u00dfen, was die USA in einem Monat produzierten.<\/p>\n<p>Schlie\u00dflich seien westliche Panzer und Truppentransporter auch &#8220;keine Wunderwaffen gegen Russlands Luft\u00fcberlegenheit&#8221;, kommentierte das <em>Handelsblatt<\/em> das \u00fcbersch\u00e4tzte Potenzial der Waffen aus dem Westen. Die Wirtschaftszeitung beschrieb au\u00dferdem die F\u00fchrungsschw\u00e4che und Inkompetenz bei der ukrainischen Armee. Wobei die von der NATO im Schnellverfahren ausgebildeten Milit\u00e4rs noch schlechter abschneiden w\u00fcrden als erfahrene ukrainische Soldaten. Dazu habe sich auch Michael Kofman vom <a rel=\"nofollow noopener\" target=\"_blank\" href=\"https:\/\/carnegieendowment.org\/experts\/2362\">Carnegie Endowment for International Peace<\/a> ge\u00e4u\u00dfert:<\/p>\n<blockquote>\n<p><em>&#8220;Erfahrene Einheiten h\u00e4tten mit veralteter sowjetischer Technik durchgehend bessere Resultate erzielt als die im Westen ausgebildeten und mit <a rel=\"nofollow noopener\" target=\"_blank\" href=\"https:\/\/www.handelsblatt.com\/themen\/nato\">Nato<\/a>-Ausr\u00fcstung versehenen Brigaden,&#8221; gab das Handelsblatt Kofmans Bewertung wieder.<\/em><\/p>\n<\/blockquote>\n<p>Der ukrainische Milit\u00e4rexperte und Journalist Juri Butusow sehe die aktuellen Probleme an der Front als &#8220;symptomatisch f\u00fcr strukturelle Schw\u00e4chen in der Armee&#8221;. So k\u00f6nne die ukrainische Armee kaum Schwerpunkte an der Front bilden, weil Russland jegliche Schw\u00e4che an anderen Abschnitten &#8220;sofort ausnutzen&#8221; w\u00fcrde. Das erlebten die Ukrainer aktuell bei Kremennaja, wo eine russische Gegenoffensive &#8220;ausged\u00fcnnte Einheiten&#8221; unter Druck setze.<\/p>\n<p>Dem ukrainischen Journalisten zufolge sei das Halten eroberter Gebiete zudem aufgrund des Mangels an\u00a0guten Kommandanten erschwert: &#8220;Keiner k\u00fcmmert sich, es gibt keine Verantwortlichen&#8221;, so Butusow. Auf Twitter habe ein ukrainischer Offizier unter dem Pseudonym &#8220;Tatarigami&#8221; hohe Offiziere der Ukraine ebenfalls als v\u00f6llig inkompetent kritisiert.<\/p>\n<p>Das <em>Handelsblatt<\/em> kommt zu dem Schluss, ein Zusammenbrechen der russischen Front w\u00e4re angesichts der milit\u00e4rischen Lage &#8220;eine \u00dcberraschung&#8221;: Zun\u00e4chst m\u00fcssten die Ukrainer sich &#8220;auf einen l\u00e4nger andauernden Abnutzungskrieg einstellen.&#8221; Dabei m\u00fcsste das ukrainische Milit\u00e4r darauf hoffen, &#8220;die Schl\u00e4ge gegen die Logistik im Hinterland w\u00fcrden die russische Front doch noch \u00fcberraschend kollabieren lassen.&#8221;<\/p>\n<p><strong>Mehr zum Thema<\/strong> &#8211; <a rel=\"nofollow noopener\" target=\"_blank\" href=\"https:\/\/freedert.online\/meinung\/176804-selenksij-letzte-akt-wird-bereits\/\">Selenskij: Der letzte Akt wird bereits geschrieben<\/a><\/p>\n<\/div>\n<p><br \/>\n<br \/><a href=\"https:\/\/de.rt.com\/international\/177218-westliche-analysen-russische-niederlage-in\/\">Source link <\/a><\/p>\n","protected":false},"excerpt":{"rendered":"<p>Immer mehr westliche Thinktanks und Milit\u00e4rexperten \u00e4u\u00dfern Zweifel an der milit\u00e4rischen Durchschlagskraft der Ukraine, deren Gegenoffensive nicht in die G\u00e4nge komme. Zur wachsenden Skepsis westlicher Experten im Hinblick auf einen Sieg der Ukraine ver\u00f6ffentlichte das &#8220;Handelsblatt&#8221; eine umfangreiche Analyse. Angesichts\u00a0des Stockens der seit zwei Monaten andauernden ukrainischen Gegenoffensive herrsche im Westen Ern\u00fcchterung und Ratlosigkeit. In [&hellip;]<\/p>\n","protected":false},"author":3,"featured_media":41510,"comment_status":"open","ping_status":"open","sticky":false,"template":"","format":"standard","meta":{"_yoast_indexnow_last_ping":["1691424777"],"wp_automatic_camp":["217"],"cd09376ac2517a5774a0ee3805995bed":["Westliche Analysen: Inkompetenz und F\u00fchrungsschw\u00e4che beim ukrainischen Milit\u00e4r"],"original_link":["https:\/\/de.rt.com\/international\/177218-westliche-analysen-russische-niederlage-in\/"],"_thumbnail_id":["41510"],"_wptgpro_p2tg_sent2tg":["a:1:{i:23737;s:19:\"2023-08-07 18:14:58\";}"],"jnews_social_counter_last_update":["1777174726"]},"categories":[19,23],"tags":[33269,1814,47506,20999,4029,2332,140,740],"yoast_head":"<!-- This site is optimized with the Yoast SEO Premium plugin v22.7 (Yoast SEO v22.7) - https:\/\/yoast.com\/wordpress\/plugins\/seo\/ -->\n<title>Westliche Analysen: Inkompetenz und F\u00fchrungsschw\u00e4che beim ukrainischen Milit\u00e4r - just-now.NEWS Deutschland<\/title>\n<meta name=\"robots\" content=\"index, follow, max-snippet:-1, max-image-preview:large, max-video-preview:-1\" \/>\n<link rel=\"canonical\" href=\"https:\/\/now-news.de\/de\/deutschland\/westliche-analysen-inkompetenz-und-fuehrungsschwaeche-beim-ukrainischen-militaer\/\" \/>\n<meta property=\"og:locale\" content=\"de_DE\" \/>\n<meta property=\"og:type\" content=\"article\" \/>\n<meta property=\"og:title\" content=\"Westliche Analysen: Inkompetenz und F\u00fchrungsschw\u00e4che beim ukrainischen Milit\u00e4r\" \/>\n<meta property=\"og:description\" content=\"Immer mehr westliche Thinktanks und Milit\u00e4rexperten \u00e4u\u00dfern Zweifel an der milit\u00e4rischen Durchschlagskraft der Ukraine, deren Gegenoffensive nicht in die G\u00e4nge komme. Zur wachsenden Skepsis westlicher Experten im Hinblick auf einen Sieg der Ukraine ver\u00f6ffentlichte das &#8220;Handelsblatt&#8221; eine umfangreiche Analyse. Angesichts\u00a0des Stockens der seit zwei Monaten andauernden ukrainischen Gegenoffensive herrsche im Westen Ern\u00fcchterung und Ratlosigkeit. In [&hellip;]\" \/>\n<meta property=\"og:url\" content=\"https:\/\/now-news.de\/de\/deutschland\/westliche-analysen-inkompetenz-und-fuehrungsschwaeche-beim-ukrainischen-militaer\/\" \/>\n<meta property=\"og:site_name\" content=\"just-now.NEWS Deutschland\" \/>\n<meta property=\"article:publisher\" content=\"https:\/\/www.facebook.com\/wirmachenauf\" \/>\n<meta property=\"article:published_time\" content=\"2023-08-07T16:06:26+00:00\" \/>\n<meta property=\"og:image\" content=\"https:\/\/now-news.de\/de\/wp-content\/uploads\/sites\/3\/2023\/08\/Westliche-Analysen-Inkompetenz-und-Fuehrungsschwaeche-beim-ukrainischen-Militaer.jpg\" \/>\n\t<meta property=\"og:image:width\" content=\"460\" \/>\n\t<meta property=\"og:image:height\" content=\"259\" \/>\n\t<meta property=\"og:image:type\" content=\"image\/jpeg\" \/>\n<meta name=\"author\" content=\"rtnews\" \/>\n<meta name=\"twitter:card\" content=\"summary_large_image\" \/>\n<meta name=\"twitter:creator\" content=\"@WirMachenAuf_de\" \/>\n<meta name=\"twitter:site\" content=\"@WirMachenAuf_de\" \/>\n<meta name=\"twitter:label1\" content=\"Verfasst von\" \/>\n\t<meta name=\"twitter:data1\" content=\"rtnews\" \/>\n\t<meta name=\"twitter:label2\" content=\"Gesch\u00e4tzte Lesezeit\" \/>\n\t<meta name=\"twitter:data2\" content=\"3\u00a0Minuten\" \/>\n<script type=\"application\/ld+json\" class=\"yoast-schema-graph\">{\"@context\":\"https:\/\/schema.org\",\"@graph\":[{\"@type\":\"Article\",\"@id\":\"https:\/\/now-news.de\/de\/deutschland\/westliche-analysen-inkompetenz-und-fuehrungsschwaeche-beim-ukrainischen-militaer\/#article\",\"isPartOf\":{\"@id\":\"https:\/\/now-news.de\/de\/deutschland\/westliche-analysen-inkompetenz-und-fuehrungsschwaeche-beim-ukrainischen-militaer\/\"},\"author\":{\"name\":\"rtnews\",\"@id\":\"https:\/\/now-news.de\/de\/#\/schema\/person\/fb534a4e865501d8b3285208df34a9b5\"},\"headline\":\"Westliche Analysen: Inkompetenz und F\u00fchrungsschw\u00e4che beim ukrainischen Milit\u00e4r\",\"datePublished\":\"2023-08-07T16:06:26+00:00\",\"dateModified\":\"2023-08-07T16:06:26+00:00\",\"mainEntityOfPage\":{\"@id\":\"https:\/\/now-news.de\/de\/deutschland\/westliche-analysen-inkompetenz-und-fuehrungsschwaeche-beim-ukrainischen-militaer\/\"},\"wordCount\":612,\"commentCount\":0,\"publisher\":{\"@id\":\"https:\/\/now-news.de\/de\/#organization\"},\"image\":{\"@id\":\"https:\/\/now-news.de\/de\/deutschland\/westliche-analysen-inkompetenz-und-fuehrungsschwaeche-beim-ukrainischen-militaer\/#primaryimage\"},\"thumbnailUrl\":\"https:\/\/now-news.de\/de\/wp-content\/uploads\/sites\/3\/2023\/08\/Westliche-Analysen-Inkompetenz-und-Fuehrungsschwaeche-beim-ukrainischen-Militaer.jpg\",\"keywords\":[\"Analysen\",\"beim\",\"F\u00fchrungsschw\u00e4che\",\"Inkompetenz\",\"Milit\u00e4r\",\"ukrainischen\",\"und\",\"westliche\"],\"articleSection\":[\"Deutschland\",\"Russland\"],\"inLanguage\":\"de\",\"potentialAction\":[{\"@type\":\"CommentAction\",\"name\":\"Comment\",\"target\":[\"https:\/\/now-news.de\/de\/deutschland\/westliche-analysen-inkompetenz-und-fuehrungsschwaeche-beim-ukrainischen-militaer\/#respond\"]}]},{\"@type\":\"WebPage\",\"@id\":\"https:\/\/now-news.de\/de\/deutschland\/westliche-analysen-inkompetenz-und-fuehrungsschwaeche-beim-ukrainischen-militaer\/\",\"url\":\"https:\/\/now-news.de\/de\/deutschland\/westliche-analysen-inkompetenz-und-fuehrungsschwaeche-beim-ukrainischen-militaer\/\",\"name\":\"Westliche Analysen: Inkompetenz und F\u00fchrungsschw\u00e4che beim ukrainischen Milit\u00e4r - just-now.NEWS Deutschland\",\"isPartOf\":{\"@id\":\"https:\/\/now-news.de\/de\/#website\"},\"primaryImageOfPage\":{\"@id\":\"https:\/\/now-news.de\/de\/deutschland\/westliche-analysen-inkompetenz-und-fuehrungsschwaeche-beim-ukrainischen-militaer\/#primaryimage\"},\"image\":{\"@id\":\"https:\/\/now-news.de\/de\/deutschland\/westliche-analysen-inkompetenz-und-fuehrungsschwaeche-beim-ukrainischen-militaer\/#primaryimage\"},\"thumbnailUrl\":\"https:\/\/now-news.de\/de\/wp-content\/uploads\/sites\/3\/2023\/08\/Westliche-Analysen-Inkompetenz-und-Fuehrungsschwaeche-beim-ukrainischen-Militaer.jpg\",\"datePublished\":\"2023-08-07T16:06:26+00:00\",\"dateModified\":\"2023-08-07T16:06:26+00:00\",\"breadcrumb\":{\"@id\":\"https:\/\/now-news.de\/de\/deutschland\/westliche-analysen-inkompetenz-und-fuehrungsschwaeche-beim-ukrainischen-militaer\/#breadcrumb\"},\"inLanguage\":\"de\",\"potentialAction\":[{\"@type\":\"ReadAction\",\"target\":[\"https:\/\/now-news.de\/de\/deutschland\/westliche-analysen-inkompetenz-und-fuehrungsschwaeche-beim-ukrainischen-militaer\/\"]}]},{\"@type\":\"ImageObject\",\"inLanguage\":\"de\",\"@id\":\"https:\/\/now-news.de\/de\/deutschland\/westliche-analysen-inkompetenz-und-fuehrungsschwaeche-beim-ukrainischen-militaer\/#primaryimage\",\"url\":\"https:\/\/now-news.de\/de\/wp-content\/uploads\/sites\/3\/2023\/08\/Westliche-Analysen-Inkompetenz-und-Fuehrungsschwaeche-beim-ukrainischen-Militaer.jpg\",\"contentUrl\":\"https:\/\/now-news.de\/de\/wp-content\/uploads\/sites\/3\/2023\/08\/Westliche-Analysen-Inkompetenz-und-Fuehrungsschwaeche-beim-ukrainischen-Militaer.jpg\",\"width\":460,\"height\":259,\"caption\":\"Westliche Analysen: Inkompetenz und F\u00fchrungsschw\u00e4che beim ukrainischen Milit\u00e4r\"},{\"@type\":\"BreadcrumbList\",\"@id\":\"https:\/\/now-news.de\/de\/deutschland\/westliche-analysen-inkompetenz-und-fuehrungsschwaeche-beim-ukrainischen-militaer\/#breadcrumb\",\"itemListElement\":[{\"@type\":\"ListItem\",\"position\":1,\"name\":\"Home\",\"item\":\"https:\/\/now-news.de\/de\/\"},{\"@type\":\"ListItem\",\"position\":2,\"name\":\"Westliche Analysen: Inkompetenz und F\u00fchrungsschw\u00e4che beim ukrainischen Milit\u00e4r\"}]},{\"@type\":\"WebSite\",\"@id\":\"https:\/\/now-news.de\/de\/#website\",\"url\":\"https:\/\/now-news.de\/de\/\",\"name\":\"just-now.NEWS Deutschland\",\"description\":\"Das Portal f\u00fcr unzensierte Nachrichten aus der Welt\",\"publisher\":{\"@id\":\"https:\/\/now-news.de\/de\/#organization\"},\"potentialAction\":[{\"@type\":\"SearchAction\",\"target\":{\"@type\":\"EntryPoint\",\"urlTemplate\":\"https:\/\/now-news.de\/de\/?s={search_term_string}\"},\"query-input\":\"required name=search_term_string\"}],\"inLanguage\":\"de\"},{\"@type\":\"Organization\",\"@id\":\"https:\/\/now-news.de\/de\/#organization\",\"name\":\"Just Now News\",\"url\":\"https:\/\/now-news.de\/de\/\",\"logo\":{\"@type\":\"ImageObject\",\"inLanguage\":\"de\",\"@id\":\"https:\/\/now-news.de\/de\/#\/schema\/logo\/image\/\",\"url\":\"http:\/\/just-now.news\/de\/wp-content\/uploads\/sites\/3\/2022\/04\/logo500x500.jpg\",\"contentUrl\":\"http:\/\/just-now.news\/de\/wp-content\/uploads\/sites\/3\/2022\/04\/logo500x500.jpg\",\"width\":500,\"height\":500,\"caption\":\"Just Now News\"},\"image\":{\"@id\":\"https:\/\/now-news.de\/de\/#\/schema\/logo\/image\/\"},\"sameAs\":[\"https:\/\/www.facebook.com\/wirmachenauf\",\"https:\/\/x.com\/WirMachenAuf_de\"]},{\"@type\":\"Person\",\"@id\":\"https:\/\/now-news.de\/de\/#\/schema\/person\/fb534a4e865501d8b3285208df34a9b5\",\"name\":\"rtnews\",\"image\":{\"@type\":\"ImageObject\",\"inLanguage\":\"de\",\"@id\":\"https:\/\/now-news.de\/de\/#\/schema\/person\/image\/\",\"url\":\"https:\/\/secure.gravatar.com\/avatar\/82aafea7d8127119dd649515f56e2117?s=96&d=mm&r=g\",\"contentUrl\":\"https:\/\/secure.gravatar.com\/avatar\/82aafea7d8127119dd649515f56e2117?s=96&d=mm&r=g\",\"caption\":\"rtnews\"},\"url\":\"https:\/\/now-news.de\/de\/author\/rnews\/\"}]}<\/script>\n<!-- \/ Yoast SEO Premium plugin. -->","yoast_head_json":{"title":"Westliche Analysen: Inkompetenz und F\u00fchrungsschw\u00e4che beim ukrainischen Milit\u00e4r - just-now.NEWS Deutschland","robots":{"index":"index","follow":"follow","max-snippet":"max-snippet:-1","max-image-preview":"max-image-preview:large","max-video-preview":"max-video-preview:-1"},"canonical":"https:\/\/now-news.de\/de\/deutschland\/westliche-analysen-inkompetenz-und-fuehrungsschwaeche-beim-ukrainischen-militaer\/","og_locale":"de_DE","og_type":"article","og_title":"Westliche Analysen: Inkompetenz und F\u00fchrungsschw\u00e4che beim ukrainischen Milit\u00e4r","og_description":"Immer mehr westliche Thinktanks und Milit\u00e4rexperten \u00e4u\u00dfern Zweifel an der milit\u00e4rischen Durchschlagskraft der Ukraine, deren Gegenoffensive nicht in die G\u00e4nge komme. Zur wachsenden Skepsis westlicher Experten im Hinblick auf einen Sieg der Ukraine ver\u00f6ffentlichte das &#8220;Handelsblatt&#8221; eine umfangreiche Analyse. Angesichts\u00a0des Stockens der seit zwei Monaten andauernden ukrainischen Gegenoffensive herrsche im Westen Ern\u00fcchterung und Ratlosigkeit. In [&hellip;]","og_url":"https:\/\/now-news.de\/de\/deutschland\/westliche-analysen-inkompetenz-und-fuehrungsschwaeche-beim-ukrainischen-militaer\/","og_site_name":"just-now.NEWS Deutschland","article_publisher":"https:\/\/www.facebook.com\/wirmachenauf","article_published_time":"2023-08-07T16:06:26+00:00","og_image":[{"width":460,"height":259,"url":"https:\/\/now-news.de\/de\/wp-content\/uploads\/sites\/3\/2023\/08\/Westliche-Analysen-Inkompetenz-und-Fuehrungsschwaeche-beim-ukrainischen-Militaer.jpg","type":"image\/jpeg"}],"author":"rtnews","twitter_card":"summary_large_image","twitter_creator":"@WirMachenAuf_de","twitter_site":"@WirMachenAuf_de","twitter_misc":{"Verfasst von":"rtnews","Gesch\u00e4tzte Lesezeit":"3\u00a0Minuten"},"schema":{"@context":"https:\/\/schema.org","@graph":[{"@type":"Article","@id":"https:\/\/now-news.de\/de\/deutschland\/westliche-analysen-inkompetenz-und-fuehrungsschwaeche-beim-ukrainischen-militaer\/#article","isPartOf":{"@id":"https:\/\/now-news.de\/de\/deutschland\/westliche-analysen-inkompetenz-und-fuehrungsschwaeche-beim-ukrainischen-militaer\/"},"author":{"name":"rtnews","@id":"https:\/\/now-news.de\/de\/#\/schema\/person\/fb534a4e865501d8b3285208df34a9b5"},"headline":"Westliche Analysen: Inkompetenz und F\u00fchrungsschw\u00e4che beim ukrainischen Milit\u00e4r","datePublished":"2023-08-07T16:06:26+00:00","dateModified":"2023-08-07T16:06:26+00:00","mainEntityOfPage":{"@id":"https:\/\/now-news.de\/de\/deutschland\/westliche-analysen-inkompetenz-und-fuehrungsschwaeche-beim-ukrainischen-militaer\/"},"wordCount":612,"commentCount":0,"publisher":{"@id":"https:\/\/now-news.de\/de\/#organization"},"image":{"@id":"https:\/\/now-news.de\/de\/deutschland\/westliche-analysen-inkompetenz-und-fuehrungsschwaeche-beim-ukrainischen-militaer\/#primaryimage"},"thumbnailUrl":"https:\/\/now-news.de\/de\/wp-content\/uploads\/sites\/3\/2023\/08\/Westliche-Analysen-Inkompetenz-und-Fuehrungsschwaeche-beim-ukrainischen-Militaer.jpg","keywords":["Analysen","beim","F\u00fchrungsschw\u00e4che","Inkompetenz","Milit\u00e4r","ukrainischen","und","westliche"],"articleSection":["Deutschland","Russland"],"inLanguage":"de","potentialAction":[{"@type":"CommentAction","name":"Comment","target":["https:\/\/now-news.de\/de\/deutschland\/westliche-analysen-inkompetenz-und-fuehrungsschwaeche-beim-ukrainischen-militaer\/#respond"]}]},{"@type":"WebPage","@id":"https:\/\/now-news.de\/de\/deutschland\/westliche-analysen-inkompetenz-und-fuehrungsschwaeche-beim-ukrainischen-militaer\/","url":"https:\/\/now-news.de\/de\/deutschland\/westliche-analysen-inkompetenz-und-fuehrungsschwaeche-beim-ukrainischen-militaer\/","name":"Westliche Analysen: Inkompetenz und F\u00fchrungsschw\u00e4che beim ukrainischen Milit\u00e4r - just-now.NEWS Deutschland","isPartOf":{"@id":"https:\/\/now-news.de\/de\/#website"},"primaryImageOfPage":{"@id":"https:\/\/now-news.de\/de\/deutschland\/westliche-analysen-inkompetenz-und-fuehrungsschwaeche-beim-ukrainischen-militaer\/#primaryimage"},"image":{"@id":"https:\/\/now-news.de\/de\/deutschland\/westliche-analysen-inkompetenz-und-fuehrungsschwaeche-beim-ukrainischen-militaer\/#primaryimage"},"thumbnailUrl":"https:\/\/now-news.de\/de\/wp-content\/uploads\/sites\/3\/2023\/08\/Westliche-Analysen-Inkompetenz-und-Fuehrungsschwaeche-beim-ukrainischen-Militaer.jpg","datePublished":"2023-08-07T16:06:26+00:00","dateModified":"2023-08-07T16:06:26+00:00","breadcrumb":{"@id":"https:\/\/now-news.de\/de\/deutschland\/westliche-analysen-inkompetenz-und-fuehrungsschwaeche-beim-ukrainischen-militaer\/#breadcrumb"},"inLanguage":"de","potentialAction":[{"@type":"ReadAction","target":["https:\/\/now-news.de\/de\/deutschland\/westliche-analysen-inkompetenz-und-fuehrungsschwaeche-beim-ukrainischen-militaer\/"]}]},{"@type":"ImageObject","inLanguage":"de","@id":"https:\/\/now-news.de\/de\/deutschland\/westliche-analysen-inkompetenz-und-fuehrungsschwaeche-beim-ukrainischen-militaer\/#primaryimage","url":"https:\/\/now-news.de\/de\/wp-content\/uploads\/sites\/3\/2023\/08\/Westliche-Analysen-Inkompetenz-und-Fuehrungsschwaeche-beim-ukrainischen-Militaer.jpg","contentUrl":"https:\/\/now-news.de\/de\/wp-content\/uploads\/sites\/3\/2023\/08\/Westliche-Analysen-Inkompetenz-und-Fuehrungsschwaeche-beim-ukrainischen-Militaer.jpg","width":460,"height":259,"caption":"Westliche Analysen: Inkompetenz und F\u00fchrungsschw\u00e4che beim ukrainischen Milit\u00e4r"},{"@type":"BreadcrumbList","@id":"https:\/\/now-news.de\/de\/deutschland\/westliche-analysen-inkompetenz-und-fuehrungsschwaeche-beim-ukrainischen-militaer\/#breadcrumb","itemListElement":[{"@type":"ListItem","position":1,"name":"Home","item":"https:\/\/now-news.de\/de\/"},{"@type":"ListItem","position":2,"name":"Westliche Analysen: Inkompetenz und F\u00fchrungsschw\u00e4che beim ukrainischen Milit\u00e4r"}]},{"@type":"WebSite","@id":"https:\/\/now-news.de\/de\/#website","url":"https:\/\/now-news.de\/de\/","name":"just-now.NEWS Deutschland","description":"Das Portal f\u00fcr unzensierte Nachrichten aus der Welt","publisher":{"@id":"https:\/\/now-news.de\/de\/#organization"},"potentialAction":[{"@type":"SearchAction","target":{"@type":"EntryPoint","urlTemplate":"https:\/\/now-news.de\/de\/?s={search_term_string}"},"query-input":"required name=search_term_string"}],"inLanguage":"de"},{"@type":"Organization","@id":"https:\/\/now-news.de\/de\/#organization","name":"Just Now News","url":"https:\/\/now-news.de\/de\/","logo":{"@type":"ImageObject","inLanguage":"de","@id":"https:\/\/now-news.de\/de\/#\/schema\/logo\/image\/","url":"http:\/\/just-now.news\/de\/wp-content\/uploads\/sites\/3\/2022\/04\/logo500x500.jpg","contentUrl":"http:\/\/just-now.news\/de\/wp-content\/uploads\/sites\/3\/2022\/04\/logo500x500.jpg","width":500,"height":500,"caption":"Just Now News"},"image":{"@id":"https:\/\/now-news.de\/de\/#\/schema\/logo\/image\/"},"sameAs":["https:\/\/www.facebook.com\/wirmachenauf","https:\/\/x.com\/WirMachenAuf_de"]},{"@type":"Person","@id":"https:\/\/now-news.de\/de\/#\/schema\/person\/fb534a4e865501d8b3285208df34a9b5","name":"rtnews","image":{"@type":"ImageObject","inLanguage":"de","@id":"https:\/\/now-news.de\/de\/#\/schema\/person\/image\/","url":"https:\/\/secure.gravatar.com\/avatar\/82aafea7d8127119dd649515f56e2117?s=96&d=mm&r=g","contentUrl":"https:\/\/secure.gravatar.com\/avatar\/82aafea7d8127119dd649515f56e2117?s=96&d=mm&r=g","caption":"rtnews"},"url":"https:\/\/now-news.de\/de\/author\/rnews\/"}]}},"_links":{"self":[{"href":"https:\/\/now-news.de\/de\/wp-json\/wp\/v2\/posts\/41509"}],"collection":[{"href":"https:\/\/now-news.de\/de\/wp-json\/wp\/v2\/posts"}],"about":[{"href":"https:\/\/now-news.de\/de\/wp-json\/wp\/v2\/types\/post"}],"author":[{"embeddable":true,"href":"https:\/\/now-news.de\/de\/wp-json\/wp\/v2\/users\/3"}],"replies":[{"embeddable":true,"href":"https:\/\/now-news.de\/de\/wp-json\/wp\/v2\/comments?post=41509"}],"version-history":[{"count":0,"href":"https:\/\/now-news.de\/de\/wp-json\/wp\/v2\/posts\/41509\/revisions"}],"wp:featuredmedia":[{"embeddable":true,"href":"https:\/\/now-news.de\/de\/wp-json\/wp\/v2\/media\/41510"}],"wp:attachment":[{"href":"https:\/\/now-news.de\/de\/wp-json\/wp\/v2\/media?parent=41509"}],"wp:term":[{"taxonomy":"category","embeddable":true,"href":"https:\/\/now-news.de\/de\/wp-json\/wp\/v2\/categories?post=41509"},{"taxonomy":"post_tag","embeddable":true,"href":"https:\/\/now-news.de\/de\/wp-json\/wp\/v2\/tags?post=41509"}],"curies":[{"name":"wp","href":"https:\/\/api.w.org\/{rel}","templated":true}]}}