{"id":41491,"date":"2023-08-07T10:35:48","date_gmt":"2023-08-07T08:35:48","guid":{"rendered":"https:\/\/just-now.news\/de\/deutschland\/die-selbstaufloesung-der-partei-die-linke-fraktionsvorsitzende-amira-mohamed-ali-will-abtreten\/"},"modified":"2023-08-07T10:35:48","modified_gmt":"2023-08-07T08:35:48","slug":"die-selbstaufloesung-der-partei-die-linke-fraktionsvorsitzende-amira-mohamed-ali-will-abtreten","status":"publish","type":"post","link":"https:\/\/now-news.de\/de\/deutschland\/die-selbstaufloesung-der-partei-die-linke-fraktionsvorsitzende-amira-mohamed-ali-will-abtreten\/","title":{"rendered":"Die Selbstaufl\u00f6sung der Partei Die Linke \u2013 Fraktionsvorsitzende Amira Mohamed Ali will abtreten"},"content":{"rendered":"<p><img decoding=\"async\" src=\"http:\/\/just-now.news\/de\/wp-content\/uploads\/sites\/3\/2023\/08\/64d08bae48fbef068f3dfd59.jpg\" \/><\/p>\n<div class=\"Text-root Text-type_1 \">\n                Die Partei Die Linke f\u00e4llt in sich zusammen. Inhaltlich politisch schwimmend und vage in den Aussagen, mit Sahra Wagenknecht wird zudem regelm\u00e4\u00dfig das (noch) prominenteste Gesicht hinterr\u00fccks attackiert. Nun k\u00fcndigte die Fraktionsvorsitzende der Partei im Deutschen Bundestag an, nicht mehr antreten zu wollen.\n            <\/div>\n<p><\/p>\n<div class=\"Text-root Text-type_5 ArticleView-text ViewText-root \">\n<p>In einer pers\u00f6nlichen Erkl\u00e4rung auf Facebook verk\u00fcndete am Wochenende die aktuelle Linken-Fraktionschefin Amira Mohamed Ali ihre f\u00fcr die Partei desastr\u00f6se Entscheidung. So hei\u00dft es in ihrem\u00a0<a rel=\"nofollow noopener\" target=\"_blank\" href=\"https:\/\/www.facebook.com\/amira.dielinke\/\">Posting<\/a>:<\/p>\n<blockquote>\n<p><em>&#8220;Ich habe mich entschieden, bei der kommenden Vorstandswahl nicht mehr f\u00fcr den Fraktionsvorsitz der Linken im Bundestag zu kandidieren. Diese Entscheidung hat politische Gr\u00fcnde.&#8221;<\/em><\/p>\n<\/blockquote>\n<p>Die finale Entscheidung fu\u00dft f\u00fcr die entt\u00e4uschte Mohamed Ali vordergr\u00fcndig auf dem Umgang und dem Streit der Parteispitze und der Mitglieder mit\u00a0Sahra Wagenknecht.\u00a0 Dieser basiert auf dem einstimmigen Beschluss des Parteivorstandes vom 10. Juni 2023, welcher besagt, dass Wagenknecht &#8220;in der Linken keine Zukunft mehr habe&#8221;. Dieser Beschluss entspr\u00e4che nicht ihrem &#8220;Verst\u00e4ndnis von Pluralit\u00e4t und Solidarit\u00e4t&#8221;.<\/p>\n<p>Zudem nennt Mohamed Ali das f\u00fcr sie stetig wachsende Problem, den Kurs der Parteif\u00fchrung in der \u00d6ffentlichkeit glaubw\u00fcrdig zu vermitteln. Seit 2021 ist Mohamed Ali gemeinsam mit Dietmar Bartsch Vorsitzende der Fraktion\u00a0Die Linke\u00a0im Deutschen Bundestag. Der Vorstand soll im Herbst neu gew\u00e4hlt werden. W\u00f6rtlich hei\u00dft es darlegend:<\/p>\n<blockquote>\n<p><em>&#8220;Es ist auch Aufgabe einer Fraktionsvorsitzenden, den Kurs der Partei, allen voran der Parteif\u00fchrung, in der \u00d6ffentlichkeit zu st\u00fctzen und zu vertreten. Diese Aufgabe fiel mir zunehmend schwer und ist mir mittlerweile unm\u00f6glich geworden.&#8221;<\/em><\/p>\n<\/blockquote>\n<p>So habe sich nach Ansicht der Fraktionsvorsitzenden aktuell &#8220;in der Parteif\u00fchrung und unter einer Mehrheit von Funktion\u00e4ren ein Kurs durchgesetzt, der meinen politischen \u00dcberzeugungen an vielen Stellen deutlich widerspricht und der die Linke zunehmend in die politische Bedeutungslosigkeit treibt&#8221;. Dazu geh\u00f6re unter anderem auch die halbherzige Kritik an der amtierenden\u00a0Ampelregierung. Diesbez\u00fcglicher Wahrnehmungen schreibt\u00a0Mohamed Ali<strong>:<\/strong><\/p>\n<blockquote>\n<p><em>&#8220;Es wird bewusst kein klares und grunds\u00e4tzliches Nein zum falschen Kurs der Ampelkoalition formuliert, der den Wirtschaftsstandort Deutschland gef\u00e4hrdet und damit massiv Wohlstand und Arbeitspl\u00e4tze bedroht, der nichts tut gegen Kinderarmut, gegen L\u00f6hne, die zum Leben nicht reichen, gegen Armutsrenten.&#8221;<\/em><\/p>\n<\/blockquote>\n<p>Die Bundesregierung betreibe dabei\u00a0eine Klimapolitik, &#8220;die nicht den Klimawandel bek\u00e4mpft, sondern vor allem das Alltagsleben vieler Menschen noch schwieriger und teurer macht&#8221;. Des Weiteren kritisiert die Linken-Politikerin nachdr\u00fccklich, dass es &#8220;an einem klaren &#8216;Ja&#8217; zu konsequenter Friedenspolitik&#8221; und dazugeh\u00f6riger Diplomatie fehle. Zu diesem Punkt hei\u00dft es w\u00f6rtlich:<\/p>\n<blockquote>\n<p><em>&#8220;Besonders deutlich wurde das, als der Parteivorstand sich im Februar weigerte, zur Teilnahme an einer der gr\u00f6\u00dften Friedensdemonstrationen der letzten Jahre aufzurufen. Eine konsequente Friedenspolitik ist aber eine der wichtigsten Aufgaben der Linken und Teil unserer historischen Tradition.<\/em><\/p>\n<p><em>Mit dem Kurs der Parteif\u00fchrung sollen in erster Linie entt\u00e4uschte Gr\u00fcnen-W\u00e4hler gewonnen werden. Dies gelingt nicht und es gelingt so erst recht nicht, die Menschen zu erreichen, f\u00fcr die eine linke Partei vor allem Politik machen sollte.&#8221;<\/em><\/p>\n<\/blockquote>\n<p>Der Linken-Bundestagsabgeordnete Alexander Ulrich bezeichnete den R\u00fcckzug von Amira Mohamed Ali laut einem\u00a0<em>Zeit<\/em>&#8211;<a rel=\"nofollow noopener\" target=\"_blank\" href=\"https:\/\/www.zeit.de\/politik\/deutschland\/2023-08\/amira-mohamed-ali-linke-fraktionsvorsitz-bundestag\">Artikel<\/a>\u00a0&#8220;als weiteren Sargnagel f\u00fcr die Partei&#8221;. Ulrich wird mit den Worten zitiert:<\/p>\n<blockquote>\n<p><em>&#8220;Ich kann die Gr\u00fcnde v\u00f6llig nachvollziehen. Die Parteif\u00fchrung schafft es nicht nur die Partei zu zerlegen, sondern nun auch die Bundestagsfraktion.\u00a0Die Linke verkommt leider zu einer Sekte. Wir hoffen auf Sahra Wagenknecht.&#8221;<\/em><\/p>\n<\/blockquote>\n<p>Mit dem jetzigen Kurs und Verhalten der Parteispitze,<em>\u00a0<\/em>h\u00e4tte die Partei keinerlei Chancen mehr, nochmals in den\u00a0Bundestag\u00a0zu kommen. Ex-Linken-Vorsitzender Klaus Ernst bedauert demnach die Entscheidung von Mohamed Ali, zeige jedoch f\u00fcr die Entscheidung &#8220;gr\u00f6\u00dftes Verst\u00e4ndnis&#8221;. Die\u00a0Linken-Bundestagsabgeordnete Jessica Tatti res\u00fcmierte unmissverst\u00e4ndlich, dass\u00a0Mohamed Ali nicht bereit sei, sich &#8220;dem Anti-Wagenknecht-Kurs der Parteif\u00fchrung zu beugen&#8221;.<\/p>\n<p>Die Linken-Vorsitzenden Janine Wissler und Martin Schirdewan nahmen die Ank\u00fcndigung &#8220;mit Respekt zur Kenntnis&#8221;. Zudem dankten sie\u00a0Mohamed Ali<strong>\u00a0<\/strong>&#8220;f\u00fcr ihre jahrelange Arbeit als Vorsitzende der Linksfraktion&#8221;. Reaktionen oder Kommentare zu den unmissverst\u00e4ndlichen Vorw\u00fcrfen der Parteikollegin gab es bis dato nicht.<\/p>\n<p><strong>Mehr zum Thema &#8211;<\/strong>\u00a0<a rel=\"nofollow noopener\" target=\"_blank\" href=\"https:\/\/freedert.online\/inland\/177094-spd-chefin-ich-halte-fuer\/\">SPD-Chefin Esken: &#8220;Ich halte das f\u00fcr ein Tal der Chancen&#8221;<\/a><\/p>\n<\/div>\n<p><br \/>\n<br \/><a href=\"https:\/\/de.rt.com\/inland\/177178-selbstaufloesung-partei-linke-fraktionsvorsitzende-amira\/\">Source link <\/a><\/p>\n","protected":false},"excerpt":{"rendered":"<p>Die Partei Die Linke f\u00e4llt in sich zusammen. Inhaltlich politisch schwimmend und vage in den Aussagen, mit Sahra Wagenknecht wird zudem regelm\u00e4\u00dfig das (noch) prominenteste Gesicht hinterr\u00fccks attackiert. Nun k\u00fcndigte die Fraktionsvorsitzende der Partei im Deutschen Bundestag an, nicht mehr antreten zu wollen. In einer pers\u00f6nlichen Erkl\u00e4rung auf Facebook verk\u00fcndete am Wochenende die aktuelle Linken-Fraktionschefin [&hellip;]<\/p>\n","protected":false},"author":3,"featured_media":41492,"comment_status":"open","ping_status":"open","sticky":false,"template":"","format":"standard","meta":{"_yoast_indexnow_last_ping":["1691397693"],"wp_automatic_camp":["217"],"ed1531c1da507d6d70f28540e8b7f51b":["Die Selbstaufl\u00f6sung der Partei Die Linke \u2013 Fraktionsvorsitzende Amira Mohamed Ali will abtreten"],"original_link":["https:\/\/de.rt.com\/inland\/177178-selbstaufloesung-partei-linke-fraktionsvorsitzende-amira\/"],"_thumbnail_id":["41492"],"jnews_social_counter_last_update":["1777662070"],"_wptgpro_p2tg_sent2tg":["a:1:{i:23737;s:19:\"2023-08-07 10:44:44\";}"]},"categories":[19,23],"tags":[19933,28557,47494,82,45,47493,1301,47495,2504,47492],"yoast_head":"<!-- This site is optimized with the Yoast SEO Premium plugin v22.7 (Yoast SEO v22.7) - https:\/\/yoast.com\/wordpress\/plugins\/seo\/ -->\n<title>Die Selbstaufl\u00f6sung der Partei Die Linke \u2013 Fraktionsvorsitzende Amira Mohamed Ali will abtreten - just-now.NEWS Deutschland<\/title>\n<meta name=\"robots\" content=\"index, follow, max-snippet:-1, max-image-preview:large, max-video-preview:-1\" \/>\n<link rel=\"canonical\" href=\"https:\/\/now-news.de\/de\/deutschland\/die-selbstaufloesung-der-partei-die-linke-fraktionsvorsitzende-amira-mohamed-ali-will-abtreten\/\" \/>\n<meta property=\"og:locale\" content=\"de_DE\" \/>\n<meta property=\"og:type\" content=\"article\" \/>\n<meta property=\"og:title\" content=\"Die Selbstaufl\u00f6sung der Partei Die Linke \u2013 Fraktionsvorsitzende Amira Mohamed Ali will abtreten\" \/>\n<meta property=\"og:description\" content=\"Die Partei Die Linke f\u00e4llt in sich zusammen. Inhaltlich politisch schwimmend und vage in den Aussagen, mit Sahra Wagenknecht wird zudem regelm\u00e4\u00dfig das (noch) prominenteste Gesicht hinterr\u00fccks attackiert. Nun k\u00fcndigte die Fraktionsvorsitzende der Partei im Deutschen Bundestag an, nicht mehr antreten zu wollen. In einer pers\u00f6nlichen Erkl\u00e4rung auf Facebook verk\u00fcndete am Wochenende die aktuelle Linken-Fraktionschefin [&hellip;]\" \/>\n<meta property=\"og:url\" content=\"https:\/\/now-news.de\/de\/deutschland\/die-selbstaufloesung-der-partei-die-linke-fraktionsvorsitzende-amira-mohamed-ali-will-abtreten\/\" \/>\n<meta property=\"og:site_name\" content=\"just-now.NEWS Deutschland\" \/>\n<meta property=\"article:publisher\" content=\"https:\/\/www.facebook.com\/wirmachenauf\" \/>\n<meta property=\"article:published_time\" content=\"2023-08-07T08:35:48+00:00\" \/>\n<meta property=\"og:image\" content=\"https:\/\/now-news.de\/de\/wp-content\/uploads\/sites\/3\/2023\/08\/Die-Selbstaufloesung-der-Partei-Die-Linke-\u2013-Fraktionsvorsitzende-Amira-Mohamed.jpg\" \/>\n\t<meta property=\"og:image:width\" content=\"460\" \/>\n\t<meta property=\"og:image:height\" content=\"259\" \/>\n\t<meta property=\"og:image:type\" content=\"image\/jpeg\" \/>\n<meta name=\"author\" content=\"rtnews\" \/>\n<meta name=\"twitter:card\" content=\"summary_large_image\" \/>\n<meta name=\"twitter:creator\" content=\"@WirMachenAuf_de\" \/>\n<meta name=\"twitter:site\" content=\"@WirMachenAuf_de\" \/>\n<meta name=\"twitter:label1\" content=\"Verfasst von\" \/>\n\t<meta name=\"twitter:data1\" content=\"rtnews\" \/>\n\t<meta name=\"twitter:label2\" content=\"Gesch\u00e4tzte Lesezeit\" \/>\n\t<meta name=\"twitter:data2\" content=\"3\u00a0Minuten\" \/>\n<script type=\"application\/ld+json\" class=\"yoast-schema-graph\">{\"@context\":\"https:\/\/schema.org\",\"@graph\":[{\"@type\":\"Article\",\"@id\":\"https:\/\/now-news.de\/de\/deutschland\/die-selbstaufloesung-der-partei-die-linke-fraktionsvorsitzende-amira-mohamed-ali-will-abtreten\/#article\",\"isPartOf\":{\"@id\":\"https:\/\/now-news.de\/de\/deutschland\/die-selbstaufloesung-der-partei-die-linke-fraktionsvorsitzende-amira-mohamed-ali-will-abtreten\/\"},\"author\":{\"name\":\"rtnews\",\"@id\":\"https:\/\/now-news.de\/de\/#\/schema\/person\/fb534a4e865501d8b3285208df34a9b5\"},\"headline\":\"Die Selbstaufl\u00f6sung der Partei Die Linke \u2013 Fraktionsvorsitzende Amira Mohamed Ali will abtreten\",\"datePublished\":\"2023-08-07T08:35:48+00:00\",\"dateModified\":\"2023-08-07T08:35:48+00:00\",\"mainEntityOfPage\":{\"@id\":\"https:\/\/now-news.de\/de\/deutschland\/die-selbstaufloesung-der-partei-die-linke-fraktionsvorsitzende-amira-mohamed-ali-will-abtreten\/\"},\"wordCount\":701,\"commentCount\":1,\"publisher\":{\"@id\":\"https:\/\/now-news.de\/de\/#organization\"},\"image\":{\"@id\":\"https:\/\/now-news.de\/de\/deutschland\/die-selbstaufloesung-der-partei-die-linke-fraktionsvorsitzende-amira-mohamed-ali-will-abtreten\/#primaryimage\"},\"thumbnailUrl\":\"https:\/\/now-news.de\/de\/wp-content\/uploads\/sites\/3\/2023\/08\/Die-Selbstaufloesung-der-Partei-Die-Linke-\u2013-Fraktionsvorsitzende-Amira-Mohamed.jpg\",\"keywords\":[\"abtreten\",\"Ali\",\"Amira\",\"der\",\"die\",\"Fraktionsvorsitzende\",\"Linke\",\"Mohamed\",\"Partei\",\"Selbstaufl\u00f6sung\"],\"articleSection\":[\"Deutschland\",\"Russland\"],\"inLanguage\":\"de\",\"potentialAction\":[{\"@type\":\"CommentAction\",\"name\":\"Comment\",\"target\":[\"https:\/\/now-news.de\/de\/deutschland\/die-selbstaufloesung-der-partei-die-linke-fraktionsvorsitzende-amira-mohamed-ali-will-abtreten\/#respond\"]}]},{\"@type\":\"WebPage\",\"@id\":\"https:\/\/now-news.de\/de\/deutschland\/die-selbstaufloesung-der-partei-die-linke-fraktionsvorsitzende-amira-mohamed-ali-will-abtreten\/\",\"url\":\"https:\/\/now-news.de\/de\/deutschland\/die-selbstaufloesung-der-partei-die-linke-fraktionsvorsitzende-amira-mohamed-ali-will-abtreten\/\",\"name\":\"Die Selbstaufl\u00f6sung der Partei Die Linke \u2013 Fraktionsvorsitzende Amira Mohamed Ali will abtreten - just-now.NEWS Deutschland\",\"isPartOf\":{\"@id\":\"https:\/\/now-news.de\/de\/#website\"},\"primaryImageOfPage\":{\"@id\":\"https:\/\/now-news.de\/de\/deutschland\/die-selbstaufloesung-der-partei-die-linke-fraktionsvorsitzende-amira-mohamed-ali-will-abtreten\/#primaryimage\"},\"image\":{\"@id\":\"https:\/\/now-news.de\/de\/deutschland\/die-selbstaufloesung-der-partei-die-linke-fraktionsvorsitzende-amira-mohamed-ali-will-abtreten\/#primaryimage\"},\"thumbnailUrl\":\"https:\/\/now-news.de\/de\/wp-content\/uploads\/sites\/3\/2023\/08\/Die-Selbstaufloesung-der-Partei-Die-Linke-\u2013-Fraktionsvorsitzende-Amira-Mohamed.jpg\",\"datePublished\":\"2023-08-07T08:35:48+00:00\",\"dateModified\":\"2023-08-07T08:35:48+00:00\",\"breadcrumb\":{\"@id\":\"https:\/\/now-news.de\/de\/deutschland\/die-selbstaufloesung-der-partei-die-linke-fraktionsvorsitzende-amira-mohamed-ali-will-abtreten\/#breadcrumb\"},\"inLanguage\":\"de\",\"potentialAction\":[{\"@type\":\"ReadAction\",\"target\":[\"https:\/\/now-news.de\/de\/deutschland\/die-selbstaufloesung-der-partei-die-linke-fraktionsvorsitzende-amira-mohamed-ali-will-abtreten\/\"]}]},{\"@type\":\"ImageObject\",\"inLanguage\":\"de\",\"@id\":\"https:\/\/now-news.de\/de\/deutschland\/die-selbstaufloesung-der-partei-die-linke-fraktionsvorsitzende-amira-mohamed-ali-will-abtreten\/#primaryimage\",\"url\":\"https:\/\/now-news.de\/de\/wp-content\/uploads\/sites\/3\/2023\/08\/Die-Selbstaufloesung-der-Partei-Die-Linke-\u2013-Fraktionsvorsitzende-Amira-Mohamed.jpg\",\"contentUrl\":\"https:\/\/now-news.de\/de\/wp-content\/uploads\/sites\/3\/2023\/08\/Die-Selbstaufloesung-der-Partei-Die-Linke-\u2013-Fraktionsvorsitzende-Amira-Mohamed.jpg\",\"width\":460,\"height\":259,\"caption\":\"Die Selbstaufl\u00f6sung der Partei Die Linke \u2013 Fraktionsvorsitzende Amira Mohamed Ali will abtreten\"},{\"@type\":\"BreadcrumbList\",\"@id\":\"https:\/\/now-news.de\/de\/deutschland\/die-selbstaufloesung-der-partei-die-linke-fraktionsvorsitzende-amira-mohamed-ali-will-abtreten\/#breadcrumb\",\"itemListElement\":[{\"@type\":\"ListItem\",\"position\":1,\"name\":\"Home\",\"item\":\"https:\/\/now-news.de\/de\/\"},{\"@type\":\"ListItem\",\"position\":2,\"name\":\"Die Selbstaufl\u00f6sung der Partei Die Linke \u2013 Fraktionsvorsitzende Amira Mohamed Ali will abtreten\"}]},{\"@type\":\"WebSite\",\"@id\":\"https:\/\/now-news.de\/de\/#website\",\"url\":\"https:\/\/now-news.de\/de\/\",\"name\":\"just-now.NEWS Deutschland\",\"description\":\"Das Portal f\u00fcr unzensierte Nachrichten aus der Welt\",\"publisher\":{\"@id\":\"https:\/\/now-news.de\/de\/#organization\"},\"potentialAction\":[{\"@type\":\"SearchAction\",\"target\":{\"@type\":\"EntryPoint\",\"urlTemplate\":\"https:\/\/now-news.de\/de\/?s={search_term_string}\"},\"query-input\":\"required name=search_term_string\"}],\"inLanguage\":\"de\"},{\"@type\":\"Organization\",\"@id\":\"https:\/\/now-news.de\/de\/#organization\",\"name\":\"Just Now News\",\"url\":\"https:\/\/now-news.de\/de\/\",\"logo\":{\"@type\":\"ImageObject\",\"inLanguage\":\"de\",\"@id\":\"https:\/\/now-news.de\/de\/#\/schema\/logo\/image\/\",\"url\":\"http:\/\/just-now.news\/de\/wp-content\/uploads\/sites\/3\/2022\/04\/logo500x500.jpg\",\"contentUrl\":\"http:\/\/just-now.news\/de\/wp-content\/uploads\/sites\/3\/2022\/04\/logo500x500.jpg\",\"width\":500,\"height\":500,\"caption\":\"Just Now News\"},\"image\":{\"@id\":\"https:\/\/now-news.de\/de\/#\/schema\/logo\/image\/\"},\"sameAs\":[\"https:\/\/www.facebook.com\/wirmachenauf\",\"https:\/\/x.com\/WirMachenAuf_de\"]},{\"@type\":\"Person\",\"@id\":\"https:\/\/now-news.de\/de\/#\/schema\/person\/fb534a4e865501d8b3285208df34a9b5\",\"name\":\"rtnews\",\"image\":{\"@type\":\"ImageObject\",\"inLanguage\":\"de\",\"@id\":\"https:\/\/now-news.de\/de\/#\/schema\/person\/image\/\",\"url\":\"https:\/\/secure.gravatar.com\/avatar\/82aafea7d8127119dd649515f56e2117?s=96&d=mm&r=g\",\"contentUrl\":\"https:\/\/secure.gravatar.com\/avatar\/82aafea7d8127119dd649515f56e2117?s=96&d=mm&r=g\",\"caption\":\"rtnews\"},\"url\":\"https:\/\/now-news.de\/de\/author\/rnews\/\"}]}<\/script>\n<!-- \/ Yoast SEO Premium plugin. -->","yoast_head_json":{"title":"Die Selbstaufl\u00f6sung der Partei Die Linke \u2013 Fraktionsvorsitzende Amira Mohamed Ali will abtreten - just-now.NEWS Deutschland","robots":{"index":"index","follow":"follow","max-snippet":"max-snippet:-1","max-image-preview":"max-image-preview:large","max-video-preview":"max-video-preview:-1"},"canonical":"https:\/\/now-news.de\/de\/deutschland\/die-selbstaufloesung-der-partei-die-linke-fraktionsvorsitzende-amira-mohamed-ali-will-abtreten\/","og_locale":"de_DE","og_type":"article","og_title":"Die Selbstaufl\u00f6sung der Partei Die Linke \u2013 Fraktionsvorsitzende Amira Mohamed Ali will abtreten","og_description":"Die Partei Die Linke f\u00e4llt in sich zusammen. Inhaltlich politisch schwimmend und vage in den Aussagen, mit Sahra Wagenknecht wird zudem regelm\u00e4\u00dfig das (noch) prominenteste Gesicht hinterr\u00fccks attackiert. Nun k\u00fcndigte die Fraktionsvorsitzende der Partei im Deutschen Bundestag an, nicht mehr antreten zu wollen. In einer pers\u00f6nlichen Erkl\u00e4rung auf Facebook verk\u00fcndete am Wochenende die aktuelle Linken-Fraktionschefin [&hellip;]","og_url":"https:\/\/now-news.de\/de\/deutschland\/die-selbstaufloesung-der-partei-die-linke-fraktionsvorsitzende-amira-mohamed-ali-will-abtreten\/","og_site_name":"just-now.NEWS Deutschland","article_publisher":"https:\/\/www.facebook.com\/wirmachenauf","article_published_time":"2023-08-07T08:35:48+00:00","og_image":[{"width":460,"height":259,"url":"https:\/\/now-news.de\/de\/wp-content\/uploads\/sites\/3\/2023\/08\/Die-Selbstaufloesung-der-Partei-Die-Linke-\u2013-Fraktionsvorsitzende-Amira-Mohamed.jpg","type":"image\/jpeg"}],"author":"rtnews","twitter_card":"summary_large_image","twitter_creator":"@WirMachenAuf_de","twitter_site":"@WirMachenAuf_de","twitter_misc":{"Verfasst von":"rtnews","Gesch\u00e4tzte Lesezeit":"3\u00a0Minuten"},"schema":{"@context":"https:\/\/schema.org","@graph":[{"@type":"Article","@id":"https:\/\/now-news.de\/de\/deutschland\/die-selbstaufloesung-der-partei-die-linke-fraktionsvorsitzende-amira-mohamed-ali-will-abtreten\/#article","isPartOf":{"@id":"https:\/\/now-news.de\/de\/deutschland\/die-selbstaufloesung-der-partei-die-linke-fraktionsvorsitzende-amira-mohamed-ali-will-abtreten\/"},"author":{"name":"rtnews","@id":"https:\/\/now-news.de\/de\/#\/schema\/person\/fb534a4e865501d8b3285208df34a9b5"},"headline":"Die Selbstaufl\u00f6sung der Partei Die Linke \u2013 Fraktionsvorsitzende Amira Mohamed Ali will abtreten","datePublished":"2023-08-07T08:35:48+00:00","dateModified":"2023-08-07T08:35:48+00:00","mainEntityOfPage":{"@id":"https:\/\/now-news.de\/de\/deutschland\/die-selbstaufloesung-der-partei-die-linke-fraktionsvorsitzende-amira-mohamed-ali-will-abtreten\/"},"wordCount":701,"commentCount":1,"publisher":{"@id":"https:\/\/now-news.de\/de\/#organization"},"image":{"@id":"https:\/\/now-news.de\/de\/deutschland\/die-selbstaufloesung-der-partei-die-linke-fraktionsvorsitzende-amira-mohamed-ali-will-abtreten\/#primaryimage"},"thumbnailUrl":"https:\/\/now-news.de\/de\/wp-content\/uploads\/sites\/3\/2023\/08\/Die-Selbstaufloesung-der-Partei-Die-Linke-\u2013-Fraktionsvorsitzende-Amira-Mohamed.jpg","keywords":["abtreten","Ali","Amira","der","die","Fraktionsvorsitzende","Linke","Mohamed","Partei","Selbstaufl\u00f6sung"],"articleSection":["Deutschland","Russland"],"inLanguage":"de","potentialAction":[{"@type":"CommentAction","name":"Comment","target":["https:\/\/now-news.de\/de\/deutschland\/die-selbstaufloesung-der-partei-die-linke-fraktionsvorsitzende-amira-mohamed-ali-will-abtreten\/#respond"]}]},{"@type":"WebPage","@id":"https:\/\/now-news.de\/de\/deutschland\/die-selbstaufloesung-der-partei-die-linke-fraktionsvorsitzende-amira-mohamed-ali-will-abtreten\/","url":"https:\/\/now-news.de\/de\/deutschland\/die-selbstaufloesung-der-partei-die-linke-fraktionsvorsitzende-amira-mohamed-ali-will-abtreten\/","name":"Die Selbstaufl\u00f6sung der Partei Die Linke \u2013 Fraktionsvorsitzende Amira Mohamed Ali will abtreten - just-now.NEWS Deutschland","isPartOf":{"@id":"https:\/\/now-news.de\/de\/#website"},"primaryImageOfPage":{"@id":"https:\/\/now-news.de\/de\/deutschland\/die-selbstaufloesung-der-partei-die-linke-fraktionsvorsitzende-amira-mohamed-ali-will-abtreten\/#primaryimage"},"image":{"@id":"https:\/\/now-news.de\/de\/deutschland\/die-selbstaufloesung-der-partei-die-linke-fraktionsvorsitzende-amira-mohamed-ali-will-abtreten\/#primaryimage"},"thumbnailUrl":"https:\/\/now-news.de\/de\/wp-content\/uploads\/sites\/3\/2023\/08\/Die-Selbstaufloesung-der-Partei-Die-Linke-\u2013-Fraktionsvorsitzende-Amira-Mohamed.jpg","datePublished":"2023-08-07T08:35:48+00:00","dateModified":"2023-08-07T08:35:48+00:00","breadcrumb":{"@id":"https:\/\/now-news.de\/de\/deutschland\/die-selbstaufloesung-der-partei-die-linke-fraktionsvorsitzende-amira-mohamed-ali-will-abtreten\/#breadcrumb"},"inLanguage":"de","potentialAction":[{"@type":"ReadAction","target":["https:\/\/now-news.de\/de\/deutschland\/die-selbstaufloesung-der-partei-die-linke-fraktionsvorsitzende-amira-mohamed-ali-will-abtreten\/"]}]},{"@type":"ImageObject","inLanguage":"de","@id":"https:\/\/now-news.de\/de\/deutschland\/die-selbstaufloesung-der-partei-die-linke-fraktionsvorsitzende-amira-mohamed-ali-will-abtreten\/#primaryimage","url":"https:\/\/now-news.de\/de\/wp-content\/uploads\/sites\/3\/2023\/08\/Die-Selbstaufloesung-der-Partei-Die-Linke-\u2013-Fraktionsvorsitzende-Amira-Mohamed.jpg","contentUrl":"https:\/\/now-news.de\/de\/wp-content\/uploads\/sites\/3\/2023\/08\/Die-Selbstaufloesung-der-Partei-Die-Linke-\u2013-Fraktionsvorsitzende-Amira-Mohamed.jpg","width":460,"height":259,"caption":"Die Selbstaufl\u00f6sung der Partei Die Linke \u2013 Fraktionsvorsitzende Amira Mohamed Ali will abtreten"},{"@type":"BreadcrumbList","@id":"https:\/\/now-news.de\/de\/deutschland\/die-selbstaufloesung-der-partei-die-linke-fraktionsvorsitzende-amira-mohamed-ali-will-abtreten\/#breadcrumb","itemListElement":[{"@type":"ListItem","position":1,"name":"Home","item":"https:\/\/now-news.de\/de\/"},{"@type":"ListItem","position":2,"name":"Die Selbstaufl\u00f6sung der Partei Die Linke \u2013 Fraktionsvorsitzende Amira Mohamed Ali will abtreten"}]},{"@type":"WebSite","@id":"https:\/\/now-news.de\/de\/#website","url":"https:\/\/now-news.de\/de\/","name":"just-now.NEWS Deutschland","description":"Das Portal f\u00fcr unzensierte Nachrichten aus der Welt","publisher":{"@id":"https:\/\/now-news.de\/de\/#organization"},"potentialAction":[{"@type":"SearchAction","target":{"@type":"EntryPoint","urlTemplate":"https:\/\/now-news.de\/de\/?s={search_term_string}"},"query-input":"required name=search_term_string"}],"inLanguage":"de"},{"@type":"Organization","@id":"https:\/\/now-news.de\/de\/#organization","name":"Just Now News","url":"https:\/\/now-news.de\/de\/","logo":{"@type":"ImageObject","inLanguage":"de","@id":"https:\/\/now-news.de\/de\/#\/schema\/logo\/image\/","url":"http:\/\/just-now.news\/de\/wp-content\/uploads\/sites\/3\/2022\/04\/logo500x500.jpg","contentUrl":"http:\/\/just-now.news\/de\/wp-content\/uploads\/sites\/3\/2022\/04\/logo500x500.jpg","width":500,"height":500,"caption":"Just Now News"},"image":{"@id":"https:\/\/now-news.de\/de\/#\/schema\/logo\/image\/"},"sameAs":["https:\/\/www.facebook.com\/wirmachenauf","https:\/\/x.com\/WirMachenAuf_de"]},{"@type":"Person","@id":"https:\/\/now-news.de\/de\/#\/schema\/person\/fb534a4e865501d8b3285208df34a9b5","name":"rtnews","image":{"@type":"ImageObject","inLanguage":"de","@id":"https:\/\/now-news.de\/de\/#\/schema\/person\/image\/","url":"https:\/\/secure.gravatar.com\/avatar\/82aafea7d8127119dd649515f56e2117?s=96&d=mm&r=g","contentUrl":"https:\/\/secure.gravatar.com\/avatar\/82aafea7d8127119dd649515f56e2117?s=96&d=mm&r=g","caption":"rtnews"},"url":"https:\/\/now-news.de\/de\/author\/rnews\/"}]}},"_links":{"self":[{"href":"https:\/\/now-news.de\/de\/wp-json\/wp\/v2\/posts\/41491"}],"collection":[{"href":"https:\/\/now-news.de\/de\/wp-json\/wp\/v2\/posts"}],"about":[{"href":"https:\/\/now-news.de\/de\/wp-json\/wp\/v2\/types\/post"}],"author":[{"embeddable":true,"href":"https:\/\/now-news.de\/de\/wp-json\/wp\/v2\/users\/3"}],"replies":[{"embeddable":true,"href":"https:\/\/now-news.de\/de\/wp-json\/wp\/v2\/comments?post=41491"}],"version-history":[{"count":0,"href":"https:\/\/now-news.de\/de\/wp-json\/wp\/v2\/posts\/41491\/revisions"}],"wp:featuredmedia":[{"embeddable":true,"href":"https:\/\/now-news.de\/de\/wp-json\/wp\/v2\/media\/41492"}],"wp:attachment":[{"href":"https:\/\/now-news.de\/de\/wp-json\/wp\/v2\/media?parent=41491"}],"wp:term":[{"taxonomy":"category","embeddable":true,"href":"https:\/\/now-news.de\/de\/wp-json\/wp\/v2\/categories?post=41491"},{"taxonomy":"post_tag","embeddable":true,"href":"https:\/\/now-news.de\/de\/wp-json\/wp\/v2\/tags?post=41491"}],"curies":[{"name":"wp","href":"https:\/\/api.w.org\/{rel}","templated":true}]}}