{"id":41449,"date":"2023-08-06T12:41:19","date_gmt":"2023-08-06T10:41:19","guid":{"rendered":"https:\/\/just-now.news\/de\/deutschland\/land-ohne-mut-buch-des-philosophen-michael-esfeld-auf-der-frankfurter-buchmesse-gecancelt\/"},"modified":"2023-08-06T12:41:19","modified_gmt":"2023-08-06T10:41:19","slug":"land-ohne-mut-buch-des-philosophen-michael-esfeld-auf-der-frankfurter-buchmesse-gecancelt","status":"publish","type":"post","link":"https:\/\/now-news.de\/de\/deutschland\/land-ohne-mut-buch-des-philosophen-michael-esfeld-auf-der-frankfurter-buchmesse-gecancelt\/","title":{"rendered":"&quot;Land ohne Mut&quot;: Buch des Philosophen Michael Esfeld auf der Frankfurter Buchmesse &quot;gecancelt&quot;"},"content":{"rendered":"<p><img decoding=\"async\" src=\"http:\/\/just-now.news\/de\/wp-content\/uploads\/sites\/3\/2023\/08\/64cf739c48fbef4e8934adfa.JPG\" \/><\/p>\n<div class=\"Text-root Text-type_1 \">\n                Deutschland ist weiterhin in der w\u00e4hrend der Regierungszeit von Angela Merkel etablierten, ungesunden geistig-moralischen Verfassung, die freie Debatten und kritische Meinungs\u00e4u\u00dferungen weitgehend unm\u00f6glich macht. Jetzt hat es das Buch eines Philosophieprofessors getroffen, das auf der Frankfurter Buchmesse &#8220;gecancelt&#8221; wurde.\n            <\/div>\n<p><\/p>\n<div class=\"Text-root Text-type_5 ArticleView-text ViewText-root \">\n<p>Das Buch &#8220;Land ohne Mut&#8221; des Professors f\u00fcr Philosophie und Mitglieds der &#8220;Leopoldina&#8221;-Akademie, Michael Esfeld, darf auf der bevorstehenden Frankfurter Buchmesse nicht pr\u00e4sentiert werden. Der Achgut-Verlag, in dem das Buch erschienen war, teilt hierzu in einer Pressemitteilung mit, er habe das Buch bei der Livro-Gemeinschaftsausstellung kleiner Verlage vorstellen wollen, was ihm nun vom Veranstalter, dem Marketing- und Verlagsservice des Buchhandels (MVB), untersagt worden sei.\u00a0<\/p>\n<p>Der MVB, der zum B\u00f6rsenverein des Deutschen Buchhandels geh\u00f6rt, verweist dabei auf seine\u00a0Teilnahmebedingungen. Es handele sich bei dem Werk zwar nicht um einen strafbaren, verbotenen oder wegen Jugendgef\u00e4hrdung indizierten Titel, doch sei die &#8220;Pr\u00e4sentation dem Veranstalter aus anderen Gr\u00fcnden nicht zumutbar&#8221;. Konkret wird auf &#8220;drohende Gesch\u00e4ftseinbu\u00dfen&#8221; verwiesen, die man bef\u00fcrchte. In der Vergangenheit habe ein\u00a0Achgut-Buch, n\u00e4mlich\u00a0Henryk M. Broders &#8220;Wer, wenn nicht ich&#8221;,\u00a0bei Besuchern und anderen (Klein)Verlagen &#8220;starke Ablehnung&#8221; hervorgerufen.\u00a0<\/p>\n<p>Der Verlag geht mit dieser Entscheidung hart ins Gericht. Es handele sich um einen Versuch, den Verlag insgesamt aus dem Sichtfeld zu dr\u00e4ngen. Achgut-Herausgeber Fabian Nicolay fragt sich, &#8220;wie denn ein Buch [\u2026] aussehen muss, welchen Titel es tragen darf und welche politische Ausrichtung es haben muss, damit es den Kriterien des MVB entspricht&#8221;:<\/p>\n<blockquote>\n<p><em>&#8220;Mutma\u00dflich w\u00fcrde man selbst &#8216;Die besten Kochrezepte aus der Achgut-Redaktion&#8217; ablehnen, wenn es sie denn als Printpublikation g\u00e4be.&#8221;<\/em><\/p>\n<\/blockquote>\n<p>Das Fazit des ausgesto\u00dfenen Verlags:\u00a0<\/p>\n<blockquote>\n<p><em>&#8220;Wenn ausgewiesene Wissenschaftler mit ihren B\u00fcchern gecancelt werden, dann ist f\u00fcr\u00a0das Publikum offensichtlich, dass bei denjenigen, die canceln, etwas nicht stimmt.&#8221;<\/em><\/p>\n<\/blockquote>\n<p>Im Fr\u00fchjahr war dem Achgut-Verlag bereits die Pr\u00e4sentation des Bestsellers &#8220;Das Staatsverbrechen&#8221; auf der Leipziger Buchmesse verwehrt worden.<\/p>\n<p>In dem Buch &#8220;Land ohne Mut&#8221; weist Michael Esfeld laut Vorwort auf der Verlagsseite darauf hin, dass es &#8220;starke Bestrebungen gibt, der offenen Gesellschaft ein Ende zu bereiten&#8221;. Das sei keine Verschw\u00f6rungstheorie, &#8220;weil das unverhohlen und klar ausgesprochen wird&#8221;:<\/p>\n<blockquote>\n<p><em>&#8220;Wer sich ert\u00fcchtigen will, weil er es vorzieht, ein m\u00fcndiger B\u00fcrger zu bleiben, statt ein zertifizierter, fremdgesteuerter Mensch zu werden, kann sich hier das n\u00f6tige R\u00fcstzeug holen.&#8221;<\/em><\/p>\n<\/blockquote>\n<p><strong>Mehr zum Thema<\/strong> &#8211; <a rel=\"nofollow noopener\" target=\"_blank\" href=\"https:\/\/freedert.online\/russland\/176964-klassische-musiker-aus-westen-arbeiten\/\">Drohungen zum Trotz: Klassische Musiker aus dem Westen arbeiten weiter in Russland<\/a><\/p>\n<\/p>\n<\/div>\n<p><br \/>\n<br \/><a href=\"https:\/\/de.rt.com\/inland\/177138-land-ohne-mut-buch-philisophen-gecancelt\/\">Source link <\/a><\/p>\n","protected":false},"excerpt":{"rendered":"<p>Deutschland ist weiterhin in der w\u00e4hrend der Regierungszeit von Angela Merkel etablierten, ungesunden geistig-moralischen Verfassung, die freie Debatten und kritische Meinungs\u00e4u\u00dferungen weitgehend unm\u00f6glich macht. Jetzt hat es das Buch eines Philosophieprofessors getroffen, das auf der Frankfurter Buchmesse &#8220;gecancelt&#8221; wurde. Das Buch &#8220;Land ohne Mut&#8221; des Professors f\u00fcr Philosophie und Mitglieds der &#8220;Leopoldina&#8221;-Akademie, Michael Esfeld, darf [&hellip;]<\/p>\n","protected":false},"author":3,"featured_media":41450,"comment_status":"open","ping_status":"open","sticky":false,"template":"","format":"standard","meta":{"_yoast_indexnow_last_ping":["1691318695"],"wp_automatic_camp":["217"],"1712be55549b037e0f8ddb879ee74147":["&quot;Land ohne Mut&quot;: Buch des Philosophen Michael Esfeld auf der Frankfurter Buchmesse &quot;gecancelt&quot;"],"original_link":["https:\/\/de.rt.com\/inland\/177138-land-ohne-mut-buch-philisophen-gecancelt\/"],"_thumbnail_id":["41450"],"jnews_social_counter_last_update":["1777156195"],"_wptgpro_p2tg_sent2tg":["a:1:{i:23737;s:19:\"2023-08-06 12:45:56\";}"]},"categories":[19,23],"tags":[133,9119,34616,82,583,47467,26909,3080,34354,779,5415,47468,47466],"yoast_head":"<!-- This site is optimized with the Yoast SEO Premium plugin v22.7 (Yoast SEO v22.7) - https:\/\/yoast.com\/wordpress\/plugins\/seo\/ -->\n<title>&quot;Land ohne Mut&quot;: Buch des Philosophen Michael Esfeld auf der Frankfurter Buchmesse &quot;gecancelt&quot; - just-now.NEWS Deutschland<\/title>\n<meta name=\"robots\" content=\"index, follow, max-snippet:-1, max-image-preview:large, max-video-preview:-1\" \/>\n<link rel=\"canonical\" href=\"https:\/\/now-news.de\/de\/deutschland\/land-ohne-mut-buch-des-philosophen-michael-esfeld-auf-der-frankfurter-buchmesse-gecancelt\/\" \/>\n<meta property=\"og:locale\" content=\"de_DE\" \/>\n<meta property=\"og:type\" content=\"article\" \/>\n<meta property=\"og:title\" content=\"&quot;Land ohne Mut&quot;: Buch des Philosophen Michael Esfeld auf der Frankfurter Buchmesse &quot;gecancelt&quot;\" \/>\n<meta property=\"og:description\" content=\"Deutschland ist weiterhin in der w\u00e4hrend der Regierungszeit von Angela Merkel etablierten, ungesunden geistig-moralischen Verfassung, die freie Debatten und kritische Meinungs\u00e4u\u00dferungen weitgehend unm\u00f6glich macht. Jetzt hat es das Buch eines Philosophieprofessors getroffen, das auf der Frankfurter Buchmesse &#8220;gecancelt&#8221; wurde. Das Buch &#8220;Land ohne Mut&#8221; des Professors f\u00fcr Philosophie und Mitglieds der &#8220;Leopoldina&#8221;-Akademie, Michael Esfeld, darf [&hellip;]\" \/>\n<meta property=\"og:url\" content=\"https:\/\/now-news.de\/de\/deutschland\/land-ohne-mut-buch-des-philosophen-michael-esfeld-auf-der-frankfurter-buchmesse-gecancelt\/\" \/>\n<meta property=\"og:site_name\" content=\"just-now.NEWS Deutschland\" \/>\n<meta property=\"article:publisher\" content=\"https:\/\/www.facebook.com\/wirmachenauf\" \/>\n<meta property=\"article:published_time\" content=\"2023-08-06T10:41:19+00:00\" \/>\n<meta property=\"og:image\" content=\"https:\/\/now-news.de\/de\/wp-content\/uploads\/sites\/3\/2023\/08\/quotLand-ohne-Mutquot-Buch-des-Philosophen-Michael-Esfeld-auf-der.JPG\" \/>\n\t<meta property=\"og:image:width\" content=\"460\" \/>\n\t<meta property=\"og:image:height\" content=\"259\" \/>\n\t<meta property=\"og:image:type\" content=\"image\/jpeg\" \/>\n<meta name=\"author\" content=\"rtnews\" \/>\n<meta name=\"twitter:card\" content=\"summary_large_image\" \/>\n<meta name=\"twitter:creator\" content=\"@WirMachenAuf_de\" \/>\n<meta name=\"twitter:site\" content=\"@WirMachenAuf_de\" \/>\n<meta name=\"twitter:label1\" content=\"Verfasst von\" \/>\n\t<meta name=\"twitter:data1\" content=\"rtnews\" \/>\n\t<meta name=\"twitter:label2\" content=\"Gesch\u00e4tzte Lesezeit\" \/>\n\t<meta name=\"twitter:data2\" content=\"2\u00a0Minuten\" \/>\n<script type=\"application\/ld+json\" class=\"yoast-schema-graph\">{\"@context\":\"https:\/\/schema.org\",\"@graph\":[{\"@type\":\"Article\",\"@id\":\"https:\/\/now-news.de\/de\/deutschland\/land-ohne-mut-buch-des-philosophen-michael-esfeld-auf-der-frankfurter-buchmesse-gecancelt\/#article\",\"isPartOf\":{\"@id\":\"https:\/\/now-news.de\/de\/deutschland\/land-ohne-mut-buch-des-philosophen-michael-esfeld-auf-der-frankfurter-buchmesse-gecancelt\/\"},\"author\":{\"name\":\"rtnews\",\"@id\":\"https:\/\/now-news.de\/de\/#\/schema\/person\/fb534a4e865501d8b3285208df34a9b5\"},\"headline\":\"&quot;Land ohne Mut&quot;: Buch des Philosophen Michael Esfeld auf der Frankfurter Buchmesse &quot;gecancelt&quot;\",\"datePublished\":\"2023-08-06T10:41:19+00:00\",\"dateModified\":\"2023-08-06T10:41:19+00:00\",\"mainEntityOfPage\":{\"@id\":\"https:\/\/now-news.de\/de\/deutschland\/land-ohne-mut-buch-des-philosophen-michael-esfeld-auf-der-frankfurter-buchmesse-gecancelt\/\"},\"wordCount\":426,\"commentCount\":0,\"publisher\":{\"@id\":\"https:\/\/now-news.de\/de\/#organization\"},\"image\":{\"@id\":\"https:\/\/now-news.de\/de\/deutschland\/land-ohne-mut-buch-des-philosophen-michael-esfeld-auf-der-frankfurter-buchmesse-gecancelt\/#primaryimage\"},\"thumbnailUrl\":\"https:\/\/now-news.de\/de\/wp-content\/uploads\/sites\/3\/2023\/08\/quotLand-ohne-Mutquot-Buch-des-Philosophen-Michael-Esfeld-auf-der.JPG\",\"keywords\":[\"AUF\",\"Buch\",\"Buchmesse\",\"der\",\"des\",\"Esfeld\",\"Frankfurter\",\"Michael\",\"Mutquot\",\"ohne\",\"philosophen\",\"quotgecanceltquot\",\"quotLand\"],\"articleSection\":[\"Deutschland\",\"Russland\"],\"inLanguage\":\"de\",\"potentialAction\":[{\"@type\":\"CommentAction\",\"name\":\"Comment\",\"target\":[\"https:\/\/now-news.de\/de\/deutschland\/land-ohne-mut-buch-des-philosophen-michael-esfeld-auf-der-frankfurter-buchmesse-gecancelt\/#respond\"]}]},{\"@type\":\"WebPage\",\"@id\":\"https:\/\/now-news.de\/de\/deutschland\/land-ohne-mut-buch-des-philosophen-michael-esfeld-auf-der-frankfurter-buchmesse-gecancelt\/\",\"url\":\"https:\/\/now-news.de\/de\/deutschland\/land-ohne-mut-buch-des-philosophen-michael-esfeld-auf-der-frankfurter-buchmesse-gecancelt\/\",\"name\":\"&quot;Land ohne Mut&quot;: Buch des Philosophen Michael Esfeld auf der Frankfurter Buchmesse &quot;gecancelt&quot; - just-now.NEWS Deutschland\",\"isPartOf\":{\"@id\":\"https:\/\/now-news.de\/de\/#website\"},\"primaryImageOfPage\":{\"@id\":\"https:\/\/now-news.de\/de\/deutschland\/land-ohne-mut-buch-des-philosophen-michael-esfeld-auf-der-frankfurter-buchmesse-gecancelt\/#primaryimage\"},\"image\":{\"@id\":\"https:\/\/now-news.de\/de\/deutschland\/land-ohne-mut-buch-des-philosophen-michael-esfeld-auf-der-frankfurter-buchmesse-gecancelt\/#primaryimage\"},\"thumbnailUrl\":\"https:\/\/now-news.de\/de\/wp-content\/uploads\/sites\/3\/2023\/08\/quotLand-ohne-Mutquot-Buch-des-Philosophen-Michael-Esfeld-auf-der.JPG\",\"datePublished\":\"2023-08-06T10:41:19+00:00\",\"dateModified\":\"2023-08-06T10:41:19+00:00\",\"breadcrumb\":{\"@id\":\"https:\/\/now-news.de\/de\/deutschland\/land-ohne-mut-buch-des-philosophen-michael-esfeld-auf-der-frankfurter-buchmesse-gecancelt\/#breadcrumb\"},\"inLanguage\":\"de\",\"potentialAction\":[{\"@type\":\"ReadAction\",\"target\":[\"https:\/\/now-news.de\/de\/deutschland\/land-ohne-mut-buch-des-philosophen-michael-esfeld-auf-der-frankfurter-buchmesse-gecancelt\/\"]}]},{\"@type\":\"ImageObject\",\"inLanguage\":\"de\",\"@id\":\"https:\/\/now-news.de\/de\/deutschland\/land-ohne-mut-buch-des-philosophen-michael-esfeld-auf-der-frankfurter-buchmesse-gecancelt\/#primaryimage\",\"url\":\"https:\/\/now-news.de\/de\/wp-content\/uploads\/sites\/3\/2023\/08\/quotLand-ohne-Mutquot-Buch-des-Philosophen-Michael-Esfeld-auf-der.JPG\",\"contentUrl\":\"https:\/\/now-news.de\/de\/wp-content\/uploads\/sites\/3\/2023\/08\/quotLand-ohne-Mutquot-Buch-des-Philosophen-Michael-Esfeld-auf-der.JPG\",\"width\":460,\"height\":259,\"caption\":\"&quot;Land ohne Mut&quot;: Buch des Philosophen Michael Esfeld auf der Frankfurter Buchmesse &quot;gecancelt&quot;\"},{\"@type\":\"BreadcrumbList\",\"@id\":\"https:\/\/now-news.de\/de\/deutschland\/land-ohne-mut-buch-des-philosophen-michael-esfeld-auf-der-frankfurter-buchmesse-gecancelt\/#breadcrumb\",\"itemListElement\":[{\"@type\":\"ListItem\",\"position\":1,\"name\":\"Home\",\"item\":\"https:\/\/now-news.de\/de\/\"},{\"@type\":\"ListItem\",\"position\":2,\"name\":\"&quot;Land ohne Mut&quot;: Buch des Philosophen Michael Esfeld auf der Frankfurter Buchmesse &quot;gecancelt&quot;\"}]},{\"@type\":\"WebSite\",\"@id\":\"https:\/\/now-news.de\/de\/#website\",\"url\":\"https:\/\/now-news.de\/de\/\",\"name\":\"just-now.NEWS Deutschland\",\"description\":\"Das Portal f\u00fcr unzensierte Nachrichten aus der Welt\",\"publisher\":{\"@id\":\"https:\/\/now-news.de\/de\/#organization\"},\"potentialAction\":[{\"@type\":\"SearchAction\",\"target\":{\"@type\":\"EntryPoint\",\"urlTemplate\":\"https:\/\/now-news.de\/de\/?s={search_term_string}\"},\"query-input\":\"required name=search_term_string\"}],\"inLanguage\":\"de\"},{\"@type\":\"Organization\",\"@id\":\"https:\/\/now-news.de\/de\/#organization\",\"name\":\"Just Now News\",\"url\":\"https:\/\/now-news.de\/de\/\",\"logo\":{\"@type\":\"ImageObject\",\"inLanguage\":\"de\",\"@id\":\"https:\/\/now-news.de\/de\/#\/schema\/logo\/image\/\",\"url\":\"http:\/\/just-now.news\/de\/wp-content\/uploads\/sites\/3\/2022\/04\/logo500x500.jpg\",\"contentUrl\":\"http:\/\/just-now.news\/de\/wp-content\/uploads\/sites\/3\/2022\/04\/logo500x500.jpg\",\"width\":500,\"height\":500,\"caption\":\"Just Now News\"},\"image\":{\"@id\":\"https:\/\/now-news.de\/de\/#\/schema\/logo\/image\/\"},\"sameAs\":[\"https:\/\/www.facebook.com\/wirmachenauf\",\"https:\/\/x.com\/WirMachenAuf_de\"]},{\"@type\":\"Person\",\"@id\":\"https:\/\/now-news.de\/de\/#\/schema\/person\/fb534a4e865501d8b3285208df34a9b5\",\"name\":\"rtnews\",\"image\":{\"@type\":\"ImageObject\",\"inLanguage\":\"de\",\"@id\":\"https:\/\/now-news.de\/de\/#\/schema\/person\/image\/\",\"url\":\"https:\/\/secure.gravatar.com\/avatar\/82aafea7d8127119dd649515f56e2117?s=96&d=mm&r=g\",\"contentUrl\":\"https:\/\/secure.gravatar.com\/avatar\/82aafea7d8127119dd649515f56e2117?s=96&d=mm&r=g\",\"caption\":\"rtnews\"},\"url\":\"https:\/\/now-news.de\/de\/author\/rnews\/\"}]}<\/script>\n<!-- \/ Yoast SEO Premium plugin. -->","yoast_head_json":{"title":"&quot;Land ohne Mut&quot;: Buch des Philosophen Michael Esfeld auf der Frankfurter Buchmesse &quot;gecancelt&quot; - just-now.NEWS Deutschland","robots":{"index":"index","follow":"follow","max-snippet":"max-snippet:-1","max-image-preview":"max-image-preview:large","max-video-preview":"max-video-preview:-1"},"canonical":"https:\/\/now-news.de\/de\/deutschland\/land-ohne-mut-buch-des-philosophen-michael-esfeld-auf-der-frankfurter-buchmesse-gecancelt\/","og_locale":"de_DE","og_type":"article","og_title":"&quot;Land ohne Mut&quot;: Buch des Philosophen Michael Esfeld auf der Frankfurter Buchmesse &quot;gecancelt&quot;","og_description":"Deutschland ist weiterhin in der w\u00e4hrend der Regierungszeit von Angela Merkel etablierten, ungesunden geistig-moralischen Verfassung, die freie Debatten und kritische Meinungs\u00e4u\u00dferungen weitgehend unm\u00f6glich macht. Jetzt hat es das Buch eines Philosophieprofessors getroffen, das auf der Frankfurter Buchmesse &#8220;gecancelt&#8221; wurde. Das Buch &#8220;Land ohne Mut&#8221; des Professors f\u00fcr Philosophie und Mitglieds der &#8220;Leopoldina&#8221;-Akademie, Michael Esfeld, darf [&hellip;]","og_url":"https:\/\/now-news.de\/de\/deutschland\/land-ohne-mut-buch-des-philosophen-michael-esfeld-auf-der-frankfurter-buchmesse-gecancelt\/","og_site_name":"just-now.NEWS Deutschland","article_publisher":"https:\/\/www.facebook.com\/wirmachenauf","article_published_time":"2023-08-06T10:41:19+00:00","og_image":[{"width":460,"height":259,"url":"https:\/\/now-news.de\/de\/wp-content\/uploads\/sites\/3\/2023\/08\/quotLand-ohne-Mutquot-Buch-des-Philosophen-Michael-Esfeld-auf-der.JPG","type":"image\/jpeg"}],"author":"rtnews","twitter_card":"summary_large_image","twitter_creator":"@WirMachenAuf_de","twitter_site":"@WirMachenAuf_de","twitter_misc":{"Verfasst von":"rtnews","Gesch\u00e4tzte Lesezeit":"2\u00a0Minuten"},"schema":{"@context":"https:\/\/schema.org","@graph":[{"@type":"Article","@id":"https:\/\/now-news.de\/de\/deutschland\/land-ohne-mut-buch-des-philosophen-michael-esfeld-auf-der-frankfurter-buchmesse-gecancelt\/#article","isPartOf":{"@id":"https:\/\/now-news.de\/de\/deutschland\/land-ohne-mut-buch-des-philosophen-michael-esfeld-auf-der-frankfurter-buchmesse-gecancelt\/"},"author":{"name":"rtnews","@id":"https:\/\/now-news.de\/de\/#\/schema\/person\/fb534a4e865501d8b3285208df34a9b5"},"headline":"&quot;Land ohne Mut&quot;: Buch des Philosophen Michael Esfeld auf der Frankfurter Buchmesse &quot;gecancelt&quot;","datePublished":"2023-08-06T10:41:19+00:00","dateModified":"2023-08-06T10:41:19+00:00","mainEntityOfPage":{"@id":"https:\/\/now-news.de\/de\/deutschland\/land-ohne-mut-buch-des-philosophen-michael-esfeld-auf-der-frankfurter-buchmesse-gecancelt\/"},"wordCount":426,"commentCount":0,"publisher":{"@id":"https:\/\/now-news.de\/de\/#organization"},"image":{"@id":"https:\/\/now-news.de\/de\/deutschland\/land-ohne-mut-buch-des-philosophen-michael-esfeld-auf-der-frankfurter-buchmesse-gecancelt\/#primaryimage"},"thumbnailUrl":"https:\/\/now-news.de\/de\/wp-content\/uploads\/sites\/3\/2023\/08\/quotLand-ohne-Mutquot-Buch-des-Philosophen-Michael-Esfeld-auf-der.JPG","keywords":["AUF","Buch","Buchmesse","der","des","Esfeld","Frankfurter","Michael","Mutquot","ohne","philosophen","quotgecanceltquot","quotLand"],"articleSection":["Deutschland","Russland"],"inLanguage":"de","potentialAction":[{"@type":"CommentAction","name":"Comment","target":["https:\/\/now-news.de\/de\/deutschland\/land-ohne-mut-buch-des-philosophen-michael-esfeld-auf-der-frankfurter-buchmesse-gecancelt\/#respond"]}]},{"@type":"WebPage","@id":"https:\/\/now-news.de\/de\/deutschland\/land-ohne-mut-buch-des-philosophen-michael-esfeld-auf-der-frankfurter-buchmesse-gecancelt\/","url":"https:\/\/now-news.de\/de\/deutschland\/land-ohne-mut-buch-des-philosophen-michael-esfeld-auf-der-frankfurter-buchmesse-gecancelt\/","name":"&quot;Land ohne Mut&quot;: Buch des Philosophen Michael Esfeld auf der Frankfurter Buchmesse &quot;gecancelt&quot; - just-now.NEWS Deutschland","isPartOf":{"@id":"https:\/\/now-news.de\/de\/#website"},"primaryImageOfPage":{"@id":"https:\/\/now-news.de\/de\/deutschland\/land-ohne-mut-buch-des-philosophen-michael-esfeld-auf-der-frankfurter-buchmesse-gecancelt\/#primaryimage"},"image":{"@id":"https:\/\/now-news.de\/de\/deutschland\/land-ohne-mut-buch-des-philosophen-michael-esfeld-auf-der-frankfurter-buchmesse-gecancelt\/#primaryimage"},"thumbnailUrl":"https:\/\/now-news.de\/de\/wp-content\/uploads\/sites\/3\/2023\/08\/quotLand-ohne-Mutquot-Buch-des-Philosophen-Michael-Esfeld-auf-der.JPG","datePublished":"2023-08-06T10:41:19+00:00","dateModified":"2023-08-06T10:41:19+00:00","breadcrumb":{"@id":"https:\/\/now-news.de\/de\/deutschland\/land-ohne-mut-buch-des-philosophen-michael-esfeld-auf-der-frankfurter-buchmesse-gecancelt\/#breadcrumb"},"inLanguage":"de","potentialAction":[{"@type":"ReadAction","target":["https:\/\/now-news.de\/de\/deutschland\/land-ohne-mut-buch-des-philosophen-michael-esfeld-auf-der-frankfurter-buchmesse-gecancelt\/"]}]},{"@type":"ImageObject","inLanguage":"de","@id":"https:\/\/now-news.de\/de\/deutschland\/land-ohne-mut-buch-des-philosophen-michael-esfeld-auf-der-frankfurter-buchmesse-gecancelt\/#primaryimage","url":"https:\/\/now-news.de\/de\/wp-content\/uploads\/sites\/3\/2023\/08\/quotLand-ohne-Mutquot-Buch-des-Philosophen-Michael-Esfeld-auf-der.JPG","contentUrl":"https:\/\/now-news.de\/de\/wp-content\/uploads\/sites\/3\/2023\/08\/quotLand-ohne-Mutquot-Buch-des-Philosophen-Michael-Esfeld-auf-der.JPG","width":460,"height":259,"caption":"&quot;Land ohne Mut&quot;: Buch des Philosophen Michael Esfeld auf der Frankfurter Buchmesse &quot;gecancelt&quot;"},{"@type":"BreadcrumbList","@id":"https:\/\/now-news.de\/de\/deutschland\/land-ohne-mut-buch-des-philosophen-michael-esfeld-auf-der-frankfurter-buchmesse-gecancelt\/#breadcrumb","itemListElement":[{"@type":"ListItem","position":1,"name":"Home","item":"https:\/\/now-news.de\/de\/"},{"@type":"ListItem","position":2,"name":"&quot;Land ohne Mut&quot;: Buch des Philosophen Michael Esfeld auf der Frankfurter Buchmesse &quot;gecancelt&quot;"}]},{"@type":"WebSite","@id":"https:\/\/now-news.de\/de\/#website","url":"https:\/\/now-news.de\/de\/","name":"just-now.NEWS Deutschland","description":"Das Portal f\u00fcr unzensierte Nachrichten aus der Welt","publisher":{"@id":"https:\/\/now-news.de\/de\/#organization"},"potentialAction":[{"@type":"SearchAction","target":{"@type":"EntryPoint","urlTemplate":"https:\/\/now-news.de\/de\/?s={search_term_string}"},"query-input":"required name=search_term_string"}],"inLanguage":"de"},{"@type":"Organization","@id":"https:\/\/now-news.de\/de\/#organization","name":"Just Now News","url":"https:\/\/now-news.de\/de\/","logo":{"@type":"ImageObject","inLanguage":"de","@id":"https:\/\/now-news.de\/de\/#\/schema\/logo\/image\/","url":"http:\/\/just-now.news\/de\/wp-content\/uploads\/sites\/3\/2022\/04\/logo500x500.jpg","contentUrl":"http:\/\/just-now.news\/de\/wp-content\/uploads\/sites\/3\/2022\/04\/logo500x500.jpg","width":500,"height":500,"caption":"Just Now News"},"image":{"@id":"https:\/\/now-news.de\/de\/#\/schema\/logo\/image\/"},"sameAs":["https:\/\/www.facebook.com\/wirmachenauf","https:\/\/x.com\/WirMachenAuf_de"]},{"@type":"Person","@id":"https:\/\/now-news.de\/de\/#\/schema\/person\/fb534a4e865501d8b3285208df34a9b5","name":"rtnews","image":{"@type":"ImageObject","inLanguage":"de","@id":"https:\/\/now-news.de\/de\/#\/schema\/person\/image\/","url":"https:\/\/secure.gravatar.com\/avatar\/82aafea7d8127119dd649515f56e2117?s=96&d=mm&r=g","contentUrl":"https:\/\/secure.gravatar.com\/avatar\/82aafea7d8127119dd649515f56e2117?s=96&d=mm&r=g","caption":"rtnews"},"url":"https:\/\/now-news.de\/de\/author\/rnews\/"}]}},"_links":{"self":[{"href":"https:\/\/now-news.de\/de\/wp-json\/wp\/v2\/posts\/41449"}],"collection":[{"href":"https:\/\/now-news.de\/de\/wp-json\/wp\/v2\/posts"}],"about":[{"href":"https:\/\/now-news.de\/de\/wp-json\/wp\/v2\/types\/post"}],"author":[{"embeddable":true,"href":"https:\/\/now-news.de\/de\/wp-json\/wp\/v2\/users\/3"}],"replies":[{"embeddable":true,"href":"https:\/\/now-news.de\/de\/wp-json\/wp\/v2\/comments?post=41449"}],"version-history":[{"count":0,"href":"https:\/\/now-news.de\/de\/wp-json\/wp\/v2\/posts\/41449\/revisions"}],"wp:featuredmedia":[{"embeddable":true,"href":"https:\/\/now-news.de\/de\/wp-json\/wp\/v2\/media\/41450"}],"wp:attachment":[{"href":"https:\/\/now-news.de\/de\/wp-json\/wp\/v2\/media?parent=41449"}],"wp:term":[{"taxonomy":"category","embeddable":true,"href":"https:\/\/now-news.de\/de\/wp-json\/wp\/v2\/categories?post=41449"},{"taxonomy":"post_tag","embeddable":true,"href":"https:\/\/now-news.de\/de\/wp-json\/wp\/v2\/tags?post=41449"}],"curies":[{"name":"wp","href":"https:\/\/api.w.org\/{rel}","templated":true}]}}