{"id":41396,"date":"2023-08-05T12:13:38","date_gmt":"2023-08-05T10:13:38","guid":{"rendered":"https:\/\/just-now.news\/de\/deutschland\/bundeslaender-empoert-ueber-oezdemirs-sparplaene\/"},"modified":"2023-08-05T12:13:38","modified_gmt":"2023-08-05T10:13:38","slug":"bundeslaender-empoert-ueber-oezdemirs-sparplaene","status":"publish","type":"post","link":"https:\/\/now-news.de\/de\/deutschland\/bundeslaender-empoert-ueber-oezdemirs-sparplaene\/","title":{"rendered":"Bundesl\u00e4nder emp\u00f6rt \u00fcber \u00d6zdemirs Sparpl\u00e4ne"},"content":{"rendered":"<p><img decoding=\"async\" src=\"http:\/\/just-now.news\/de\/wp-content\/uploads\/sites\/3\/2023\/08\/64ce1625b480cc7c8031501e.jpg\" \/><\/p>\n<div class=\"Text-root Text-type_1 \">\n                &#8220;Entwicklung des l\u00e4ndlichen Raums&#8221; ist ein Euphemismus f\u00fcr den seit Jahrzehnten voranschreitenden Verlust an l\u00e4ndlicher Lebensqualit\u00e4t. Nun beabsichtigt Landwirtschaftsminister \u00d6zdemir, Mittel zu k\u00fcrzen, die das kompensieren sollen.\n            <\/div>\n<p><\/p>\n<div class=\"Text-root Text-type_5 ArticleView-text ViewText-root \">\n<p>Die Sparpl\u00e4ne der Bundesregierung, die n\u00f6tig sind, um unter anderem die Steigerung der R\u00fcstungsausgaben zu kompensieren, werden konkreter, und die K\u00fcrzungen, die das Landwirtschaftsministerium von Minister Cem \u00d6zdemir plant, sto\u00dfen auf breiten Protest. Sechs Bundesl\u00e4nder haben deswegen bereits ein Schreiben verfasst, in dem sie vor den gravierenden Folgen dieser Sparma\u00dfnahmen warnen.<\/p>\n<p>Konkret geht es um Bundesmittel aus dem Posten &#8220;Gemeinschaftsaufgabe zur Verbesserung der Agrarstruktur und des K\u00fcstenschutzes&#8221; (GAK), der im laufenden Jahr ein Volumen von 1,133 Milliarden Euro umfasste und nun auf 48 Millionen gek\u00fcrzt werden soll.<\/p>\n<p>Es handelt sich dabei um Bundesmittel, die letztlich durch die L\u00e4nder aufgestockt und vergeben werden, oftmals weiter an die kommunale Ebene. Diese komplizierte Struktur ist erforderlich, weil das Grundgesetz eine direkte Kooperation zwischen Bund und Kommunen untersagt. Die meisten betroffenen Bereiche, wie beispielsweise der K\u00fcstenschutz, sind origin\u00e4re Landesaufgaben. Die L\u00e4nder haben aber oft nicht die Mittel, um diese Aufgaben zu erf\u00fcllen.<\/p>\n<p>Unter dem Posten GAK finden sich viele verschiedene Positionen, wie beispielsweise Investitionsf\u00f6rderungen f\u00fcr Viehz\u00fcchter, die auf Tierhaltung mit Fl\u00e4chenbindung umstellen wollen, Energieberatung f\u00fcr die Landwirte oder F\u00f6rderung des &#8220;Anbaus mehrj\u00e4hriger Wildpflanzenmischungen&#8221;, also f\u00fcr Heckengeh\u00f6lze. Der Grund, warum neben den Bundesl\u00e4ndern auch viele Landr\u00e4te gegen die K\u00fcrzungen protestiert haben und als Hauptargument vortragen, dass damit eine Angleichung der Lebensverh\u00e4ltnisse von Stadt und Land\u00a0\u2012 ein Auftrag der Verfassung\u00a0\u2012 nicht mehr m\u00f6glich w\u00e4re, d\u00fcrfte sich hinter folgender Formulierung auf der Webseite \u00fcber den GAK-Rahmenplan 2023-2026 <a rel=\"nofollow noopener\" target=\"_blank\" href=\"https:\/\/www.bmel.de\/SharedDocs\/Pressemitteilungen\/DE\/2023\/014-planak.html\">verbergen<\/a>:<\/p>\n<blockquote>\n<p><em>&#8220;\u00dcber die F\u00f6rderma\u00dfnahme &#8216;Regionalbudget&#8217; k\u00f6nnen Kleinprojekte gef\u00f6rdert werden, die insbesondere einen Beitrag zur Orts- und Innenentwicklung, zum sozialen und kulturellen Leben sowie zur Freizeit und Erholung leisten.&#8221;<\/em><\/p>\n<\/blockquote>\n<p>Das Problem, das sich dahinter verbirgt, ist, dass die Corona-Ma\u00dfnahmen f\u00fcr kleinere Betriebe auf dem Land mindestens genauso verheerend waren wie f\u00fcr jene in den St\u00e4dten, aber die M\u00f6glichkeiten, solche Ausf\u00e4lle zu kompensieren, noch weit geringer sind.<\/p>\n<p>Die immer weiter voranschreitende Zentralisierung im l\u00e4ndlichen Raum lie\u00df erst die Schulen, dann die Gasth\u00e4user, die Pfarrer, dann B\u00e4cker und Metzger verschwinden, von Bahn und Post ganz zu schweigen. Mehr noch als die Zentren der Stadtviertel in den St\u00e4dten m\u00fcssen die verbliebenen Zentren auf dem Land k\u00fcnstlich am Leben gehalten werden. Eine Aufgabe, die eigentlich die finanziellen M\u00f6glichkeiten vor Ort \u00fcbersteigt, weshalb um jeden Cent F\u00f6rdermittel gerungen wird, der sich aus irgendeinem Topf beschaffen l\u00e4sst.<\/p>\n<p>Dazu kommt, dass auch bei Mischfinanzierungen, wie jenen um die GAK, in der Regel mehrj\u00e4hrige Vertr\u00e4ge geschlossen werden, die weiter bedient werden m\u00fcssen, auch wenn die Bundesmittel ausfallen. Auf diese Weise werden die Entscheidungsm\u00f6glichkeiten auf den politischen Ebenen darunter weiter eingeschr\u00e4nkt.<\/p>\n<p><strong>Mehr zum Thema<\/strong> &#8211; <a rel=\"nofollow noopener\" target=\"_blank\" href=\"https:\/\/freedert.online\/meinung\/170974-alles-fuers-klima-fleischlos-in\/\">Alles f\u00fcrs Klima: Fleischlos in den Abgrund<\/a><\/p>\n<\/p>\n<\/div>\n<p><br \/>\n<br \/><a href=\"https:\/\/de.rt.com\/inland\/177063-landraete-und-laender-empoert-ueber\/\">Source link <\/a><\/p>\n","protected":false},"excerpt":{"rendered":"<p>&#8220;Entwicklung des l\u00e4ndlichen Raums&#8221; ist ein Euphemismus f\u00fcr den seit Jahrzehnten voranschreitenden Verlust an l\u00e4ndlicher Lebensqualit\u00e4t. Nun beabsichtigt Landwirtschaftsminister \u00d6zdemir, Mittel zu k\u00fcrzen, die das kompensieren sollen. Die Sparpl\u00e4ne der Bundesregierung, die n\u00f6tig sind, um unter anderem die Steigerung der R\u00fcstungsausgaben zu kompensieren, werden konkreter, und die K\u00fcrzungen, die das Landwirtschaftsministerium von Minister Cem \u00d6zdemir [&hellip;]<\/p>\n","protected":false},"author":3,"featured_media":41397,"comment_status":"open","ping_status":"open","sticky":false,"template":"","format":"standard","meta":{"_yoast_indexnow_last_ping":["1691231176"],"wp_automatic_camp":["217"],"b5d21e3cfd20db39656cd1de6f046306":["Bundesl\u00e4nder emp\u00f6rt \u00fcber \u00d6zdemirs Sparpl\u00e4ne"],"original_link":["https:\/\/de.rt.com\/inland\/177063-landraete-und-laender-empoert-ueber\/"],"_thumbnail_id":["41397"],"jnews_social_counter_last_update":["1776875223"],"_wptgpro_p2tg_sent2tg":["a:1:{i:23737;s:19:\"2023-08-05 12:28:04\";}"]},"categories":[19,23],"tags":[34689,765,30614,47427,139],"yoast_head":"<!-- This site is optimized with the Yoast SEO Premium plugin v22.7 (Yoast SEO v22.7) - https:\/\/yoast.com\/wordpress\/plugins\/seo\/ -->\n<title>Bundesl\u00e4nder emp\u00f6rt \u00fcber \u00d6zdemirs Sparpl\u00e4ne - just-now.NEWS Deutschland<\/title>\n<meta name=\"robots\" content=\"index, follow, max-snippet:-1, max-image-preview:large, max-video-preview:-1\" \/>\n<link rel=\"canonical\" href=\"https:\/\/now-news.de\/de\/deutschland\/bundeslaender-empoert-ueber-oezdemirs-sparplaene\/\" \/>\n<meta property=\"og:locale\" content=\"de_DE\" \/>\n<meta property=\"og:type\" content=\"article\" \/>\n<meta property=\"og:title\" content=\"Bundesl\u00e4nder emp\u00f6rt \u00fcber \u00d6zdemirs Sparpl\u00e4ne\" \/>\n<meta property=\"og:description\" content=\"&#8220;Entwicklung des l\u00e4ndlichen Raums&#8221; ist ein Euphemismus f\u00fcr den seit Jahrzehnten voranschreitenden Verlust an l\u00e4ndlicher Lebensqualit\u00e4t. Nun beabsichtigt Landwirtschaftsminister \u00d6zdemir, Mittel zu k\u00fcrzen, die das kompensieren sollen. Die Sparpl\u00e4ne der Bundesregierung, die n\u00f6tig sind, um unter anderem die Steigerung der R\u00fcstungsausgaben zu kompensieren, werden konkreter, und die K\u00fcrzungen, die das Landwirtschaftsministerium von Minister Cem \u00d6zdemir [&hellip;]\" \/>\n<meta property=\"og:url\" content=\"https:\/\/now-news.de\/de\/deutschland\/bundeslaender-empoert-ueber-oezdemirs-sparplaene\/\" \/>\n<meta property=\"og:site_name\" content=\"just-now.NEWS Deutschland\" \/>\n<meta property=\"article:publisher\" content=\"https:\/\/www.facebook.com\/wirmachenauf\" \/>\n<meta property=\"article:published_time\" content=\"2023-08-05T10:13:38+00:00\" \/>\n<meta property=\"og:image\" content=\"https:\/\/now-news.de\/de\/wp-content\/uploads\/sites\/3\/2023\/08\/Bundeslaender-empoert-ueber-Oezdemirs-Sparplaene.jpg\" \/>\n\t<meta property=\"og:image:width\" content=\"460\" \/>\n\t<meta property=\"og:image:height\" content=\"259\" \/>\n\t<meta property=\"og:image:type\" content=\"image\/jpeg\" \/>\n<meta name=\"author\" content=\"rtnews\" \/>\n<meta name=\"twitter:card\" content=\"summary_large_image\" \/>\n<meta name=\"twitter:creator\" content=\"@WirMachenAuf_de\" \/>\n<meta name=\"twitter:site\" content=\"@WirMachenAuf_de\" \/>\n<meta name=\"twitter:label1\" content=\"Verfasst von\" \/>\n\t<meta name=\"twitter:data1\" content=\"rtnews\" \/>\n\t<meta name=\"twitter:label2\" content=\"Gesch\u00e4tzte Lesezeit\" \/>\n\t<meta name=\"twitter:data2\" content=\"3\u00a0Minuten\" \/>\n<script type=\"application\/ld+json\" class=\"yoast-schema-graph\">{\"@context\":\"https:\/\/schema.org\",\"@graph\":[{\"@type\":\"Article\",\"@id\":\"https:\/\/now-news.de\/de\/deutschland\/bundeslaender-empoert-ueber-oezdemirs-sparplaene\/#article\",\"isPartOf\":{\"@id\":\"https:\/\/now-news.de\/de\/deutschland\/bundeslaender-empoert-ueber-oezdemirs-sparplaene\/\"},\"author\":{\"name\":\"rtnews\",\"@id\":\"https:\/\/now-news.de\/de\/#\/schema\/person\/fb534a4e865501d8b3285208df34a9b5\"},\"headline\":\"Bundesl\u00e4nder emp\u00f6rt \u00fcber \u00d6zdemirs Sparpl\u00e4ne\",\"datePublished\":\"2023-08-05T10:13:38+00:00\",\"dateModified\":\"2023-08-05T10:13:38+00:00\",\"mainEntityOfPage\":{\"@id\":\"https:\/\/now-news.de\/de\/deutschland\/bundeslaender-empoert-ueber-oezdemirs-sparplaene\/\"},\"wordCount\":518,\"commentCount\":0,\"publisher\":{\"@id\":\"https:\/\/now-news.de\/de\/#organization\"},\"image\":{\"@id\":\"https:\/\/now-news.de\/de\/deutschland\/bundeslaender-empoert-ueber-oezdemirs-sparplaene\/#primaryimage\"},\"thumbnailUrl\":\"https:\/\/now-news.de\/de\/wp-content\/uploads\/sites\/3\/2023\/08\/Bundeslaender-empoert-ueber-Oezdemirs-Sparplaene.jpg\",\"keywords\":[\"Bundesl\u00e4nder\",\"emp\u00f6rt\",\"\u00d6zdemirs\",\"Sparpl\u00e4ne\",\"\u00fcber\"],\"articleSection\":[\"Deutschland\",\"Russland\"],\"inLanguage\":\"de\",\"potentialAction\":[{\"@type\":\"CommentAction\",\"name\":\"Comment\",\"target\":[\"https:\/\/now-news.de\/de\/deutschland\/bundeslaender-empoert-ueber-oezdemirs-sparplaene\/#respond\"]}]},{\"@type\":\"WebPage\",\"@id\":\"https:\/\/now-news.de\/de\/deutschland\/bundeslaender-empoert-ueber-oezdemirs-sparplaene\/\",\"url\":\"https:\/\/now-news.de\/de\/deutschland\/bundeslaender-empoert-ueber-oezdemirs-sparplaene\/\",\"name\":\"Bundesl\u00e4nder emp\u00f6rt \u00fcber \u00d6zdemirs Sparpl\u00e4ne - just-now.NEWS Deutschland\",\"isPartOf\":{\"@id\":\"https:\/\/now-news.de\/de\/#website\"},\"primaryImageOfPage\":{\"@id\":\"https:\/\/now-news.de\/de\/deutschland\/bundeslaender-empoert-ueber-oezdemirs-sparplaene\/#primaryimage\"},\"image\":{\"@id\":\"https:\/\/now-news.de\/de\/deutschland\/bundeslaender-empoert-ueber-oezdemirs-sparplaene\/#primaryimage\"},\"thumbnailUrl\":\"https:\/\/now-news.de\/de\/wp-content\/uploads\/sites\/3\/2023\/08\/Bundeslaender-empoert-ueber-Oezdemirs-Sparplaene.jpg\",\"datePublished\":\"2023-08-05T10:13:38+00:00\",\"dateModified\":\"2023-08-05T10:13:38+00:00\",\"breadcrumb\":{\"@id\":\"https:\/\/now-news.de\/de\/deutschland\/bundeslaender-empoert-ueber-oezdemirs-sparplaene\/#breadcrumb\"},\"inLanguage\":\"de\",\"potentialAction\":[{\"@type\":\"ReadAction\",\"target\":[\"https:\/\/now-news.de\/de\/deutschland\/bundeslaender-empoert-ueber-oezdemirs-sparplaene\/\"]}]},{\"@type\":\"ImageObject\",\"inLanguage\":\"de\",\"@id\":\"https:\/\/now-news.de\/de\/deutschland\/bundeslaender-empoert-ueber-oezdemirs-sparplaene\/#primaryimage\",\"url\":\"https:\/\/now-news.de\/de\/wp-content\/uploads\/sites\/3\/2023\/08\/Bundeslaender-empoert-ueber-Oezdemirs-Sparplaene.jpg\",\"contentUrl\":\"https:\/\/now-news.de\/de\/wp-content\/uploads\/sites\/3\/2023\/08\/Bundeslaender-empoert-ueber-Oezdemirs-Sparplaene.jpg\",\"width\":460,\"height\":259,\"caption\":\"Bundesl\u00e4nder emp\u00f6rt \u00fcber \u00d6zdemirs Sparpl\u00e4ne\"},{\"@type\":\"BreadcrumbList\",\"@id\":\"https:\/\/now-news.de\/de\/deutschland\/bundeslaender-empoert-ueber-oezdemirs-sparplaene\/#breadcrumb\",\"itemListElement\":[{\"@type\":\"ListItem\",\"position\":1,\"name\":\"Home\",\"item\":\"https:\/\/now-news.de\/de\/\"},{\"@type\":\"ListItem\",\"position\":2,\"name\":\"Bundesl\u00e4nder emp\u00f6rt \u00fcber \u00d6zdemirs Sparpl\u00e4ne\"}]},{\"@type\":\"WebSite\",\"@id\":\"https:\/\/now-news.de\/de\/#website\",\"url\":\"https:\/\/now-news.de\/de\/\",\"name\":\"just-now.NEWS Deutschland\",\"description\":\"Das Portal f\u00fcr unzensierte Nachrichten aus der Welt\",\"publisher\":{\"@id\":\"https:\/\/now-news.de\/de\/#organization\"},\"potentialAction\":[{\"@type\":\"SearchAction\",\"target\":{\"@type\":\"EntryPoint\",\"urlTemplate\":\"https:\/\/now-news.de\/de\/?s={search_term_string}\"},\"query-input\":\"required name=search_term_string\"}],\"inLanguage\":\"de\"},{\"@type\":\"Organization\",\"@id\":\"https:\/\/now-news.de\/de\/#organization\",\"name\":\"Just Now News\",\"url\":\"https:\/\/now-news.de\/de\/\",\"logo\":{\"@type\":\"ImageObject\",\"inLanguage\":\"de\",\"@id\":\"https:\/\/now-news.de\/de\/#\/schema\/logo\/image\/\",\"url\":\"http:\/\/just-now.news\/de\/wp-content\/uploads\/sites\/3\/2022\/04\/logo500x500.jpg\",\"contentUrl\":\"http:\/\/just-now.news\/de\/wp-content\/uploads\/sites\/3\/2022\/04\/logo500x500.jpg\",\"width\":500,\"height\":500,\"caption\":\"Just Now News\"},\"image\":{\"@id\":\"https:\/\/now-news.de\/de\/#\/schema\/logo\/image\/\"},\"sameAs\":[\"https:\/\/www.facebook.com\/wirmachenauf\",\"https:\/\/x.com\/WirMachenAuf_de\"]},{\"@type\":\"Person\",\"@id\":\"https:\/\/now-news.de\/de\/#\/schema\/person\/fb534a4e865501d8b3285208df34a9b5\",\"name\":\"rtnews\",\"image\":{\"@type\":\"ImageObject\",\"inLanguage\":\"de\",\"@id\":\"https:\/\/now-news.de\/de\/#\/schema\/person\/image\/\",\"url\":\"https:\/\/secure.gravatar.com\/avatar\/82aafea7d8127119dd649515f56e2117?s=96&d=mm&r=g\",\"contentUrl\":\"https:\/\/secure.gravatar.com\/avatar\/82aafea7d8127119dd649515f56e2117?s=96&d=mm&r=g\",\"caption\":\"rtnews\"},\"url\":\"https:\/\/now-news.de\/de\/author\/rnews\/\"}]}<\/script>\n<!-- \/ Yoast SEO Premium plugin. -->","yoast_head_json":{"title":"Bundesl\u00e4nder emp\u00f6rt \u00fcber \u00d6zdemirs Sparpl\u00e4ne - just-now.NEWS Deutschland","robots":{"index":"index","follow":"follow","max-snippet":"max-snippet:-1","max-image-preview":"max-image-preview:large","max-video-preview":"max-video-preview:-1"},"canonical":"https:\/\/now-news.de\/de\/deutschland\/bundeslaender-empoert-ueber-oezdemirs-sparplaene\/","og_locale":"de_DE","og_type":"article","og_title":"Bundesl\u00e4nder emp\u00f6rt \u00fcber \u00d6zdemirs Sparpl\u00e4ne","og_description":"&#8220;Entwicklung des l\u00e4ndlichen Raums&#8221; ist ein Euphemismus f\u00fcr den seit Jahrzehnten voranschreitenden Verlust an l\u00e4ndlicher Lebensqualit\u00e4t. Nun beabsichtigt Landwirtschaftsminister \u00d6zdemir, Mittel zu k\u00fcrzen, die das kompensieren sollen. Die Sparpl\u00e4ne der Bundesregierung, die n\u00f6tig sind, um unter anderem die Steigerung der R\u00fcstungsausgaben zu kompensieren, werden konkreter, und die K\u00fcrzungen, die das Landwirtschaftsministerium von Minister Cem \u00d6zdemir [&hellip;]","og_url":"https:\/\/now-news.de\/de\/deutschland\/bundeslaender-empoert-ueber-oezdemirs-sparplaene\/","og_site_name":"just-now.NEWS Deutschland","article_publisher":"https:\/\/www.facebook.com\/wirmachenauf","article_published_time":"2023-08-05T10:13:38+00:00","og_image":[{"width":460,"height":259,"url":"https:\/\/now-news.de\/de\/wp-content\/uploads\/sites\/3\/2023\/08\/Bundeslaender-empoert-ueber-Oezdemirs-Sparplaene.jpg","type":"image\/jpeg"}],"author":"rtnews","twitter_card":"summary_large_image","twitter_creator":"@WirMachenAuf_de","twitter_site":"@WirMachenAuf_de","twitter_misc":{"Verfasst von":"rtnews","Gesch\u00e4tzte Lesezeit":"3\u00a0Minuten"},"schema":{"@context":"https:\/\/schema.org","@graph":[{"@type":"Article","@id":"https:\/\/now-news.de\/de\/deutschland\/bundeslaender-empoert-ueber-oezdemirs-sparplaene\/#article","isPartOf":{"@id":"https:\/\/now-news.de\/de\/deutschland\/bundeslaender-empoert-ueber-oezdemirs-sparplaene\/"},"author":{"name":"rtnews","@id":"https:\/\/now-news.de\/de\/#\/schema\/person\/fb534a4e865501d8b3285208df34a9b5"},"headline":"Bundesl\u00e4nder emp\u00f6rt \u00fcber \u00d6zdemirs Sparpl\u00e4ne","datePublished":"2023-08-05T10:13:38+00:00","dateModified":"2023-08-05T10:13:38+00:00","mainEntityOfPage":{"@id":"https:\/\/now-news.de\/de\/deutschland\/bundeslaender-empoert-ueber-oezdemirs-sparplaene\/"},"wordCount":518,"commentCount":0,"publisher":{"@id":"https:\/\/now-news.de\/de\/#organization"},"image":{"@id":"https:\/\/now-news.de\/de\/deutschland\/bundeslaender-empoert-ueber-oezdemirs-sparplaene\/#primaryimage"},"thumbnailUrl":"https:\/\/now-news.de\/de\/wp-content\/uploads\/sites\/3\/2023\/08\/Bundeslaender-empoert-ueber-Oezdemirs-Sparplaene.jpg","keywords":["Bundesl\u00e4nder","emp\u00f6rt","\u00d6zdemirs","Sparpl\u00e4ne","\u00fcber"],"articleSection":["Deutschland","Russland"],"inLanguage":"de","potentialAction":[{"@type":"CommentAction","name":"Comment","target":["https:\/\/now-news.de\/de\/deutschland\/bundeslaender-empoert-ueber-oezdemirs-sparplaene\/#respond"]}]},{"@type":"WebPage","@id":"https:\/\/now-news.de\/de\/deutschland\/bundeslaender-empoert-ueber-oezdemirs-sparplaene\/","url":"https:\/\/now-news.de\/de\/deutschland\/bundeslaender-empoert-ueber-oezdemirs-sparplaene\/","name":"Bundesl\u00e4nder emp\u00f6rt \u00fcber \u00d6zdemirs Sparpl\u00e4ne - just-now.NEWS Deutschland","isPartOf":{"@id":"https:\/\/now-news.de\/de\/#website"},"primaryImageOfPage":{"@id":"https:\/\/now-news.de\/de\/deutschland\/bundeslaender-empoert-ueber-oezdemirs-sparplaene\/#primaryimage"},"image":{"@id":"https:\/\/now-news.de\/de\/deutschland\/bundeslaender-empoert-ueber-oezdemirs-sparplaene\/#primaryimage"},"thumbnailUrl":"https:\/\/now-news.de\/de\/wp-content\/uploads\/sites\/3\/2023\/08\/Bundeslaender-empoert-ueber-Oezdemirs-Sparplaene.jpg","datePublished":"2023-08-05T10:13:38+00:00","dateModified":"2023-08-05T10:13:38+00:00","breadcrumb":{"@id":"https:\/\/now-news.de\/de\/deutschland\/bundeslaender-empoert-ueber-oezdemirs-sparplaene\/#breadcrumb"},"inLanguage":"de","potentialAction":[{"@type":"ReadAction","target":["https:\/\/now-news.de\/de\/deutschland\/bundeslaender-empoert-ueber-oezdemirs-sparplaene\/"]}]},{"@type":"ImageObject","inLanguage":"de","@id":"https:\/\/now-news.de\/de\/deutschland\/bundeslaender-empoert-ueber-oezdemirs-sparplaene\/#primaryimage","url":"https:\/\/now-news.de\/de\/wp-content\/uploads\/sites\/3\/2023\/08\/Bundeslaender-empoert-ueber-Oezdemirs-Sparplaene.jpg","contentUrl":"https:\/\/now-news.de\/de\/wp-content\/uploads\/sites\/3\/2023\/08\/Bundeslaender-empoert-ueber-Oezdemirs-Sparplaene.jpg","width":460,"height":259,"caption":"Bundesl\u00e4nder emp\u00f6rt \u00fcber \u00d6zdemirs Sparpl\u00e4ne"},{"@type":"BreadcrumbList","@id":"https:\/\/now-news.de\/de\/deutschland\/bundeslaender-empoert-ueber-oezdemirs-sparplaene\/#breadcrumb","itemListElement":[{"@type":"ListItem","position":1,"name":"Home","item":"https:\/\/now-news.de\/de\/"},{"@type":"ListItem","position":2,"name":"Bundesl\u00e4nder emp\u00f6rt \u00fcber \u00d6zdemirs Sparpl\u00e4ne"}]},{"@type":"WebSite","@id":"https:\/\/now-news.de\/de\/#website","url":"https:\/\/now-news.de\/de\/","name":"just-now.NEWS Deutschland","description":"Das Portal f\u00fcr unzensierte Nachrichten aus der Welt","publisher":{"@id":"https:\/\/now-news.de\/de\/#organization"},"potentialAction":[{"@type":"SearchAction","target":{"@type":"EntryPoint","urlTemplate":"https:\/\/now-news.de\/de\/?s={search_term_string}"},"query-input":"required name=search_term_string"}],"inLanguage":"de"},{"@type":"Organization","@id":"https:\/\/now-news.de\/de\/#organization","name":"Just Now News","url":"https:\/\/now-news.de\/de\/","logo":{"@type":"ImageObject","inLanguage":"de","@id":"https:\/\/now-news.de\/de\/#\/schema\/logo\/image\/","url":"http:\/\/just-now.news\/de\/wp-content\/uploads\/sites\/3\/2022\/04\/logo500x500.jpg","contentUrl":"http:\/\/just-now.news\/de\/wp-content\/uploads\/sites\/3\/2022\/04\/logo500x500.jpg","width":500,"height":500,"caption":"Just Now News"},"image":{"@id":"https:\/\/now-news.de\/de\/#\/schema\/logo\/image\/"},"sameAs":["https:\/\/www.facebook.com\/wirmachenauf","https:\/\/x.com\/WirMachenAuf_de"]},{"@type":"Person","@id":"https:\/\/now-news.de\/de\/#\/schema\/person\/fb534a4e865501d8b3285208df34a9b5","name":"rtnews","image":{"@type":"ImageObject","inLanguage":"de","@id":"https:\/\/now-news.de\/de\/#\/schema\/person\/image\/","url":"https:\/\/secure.gravatar.com\/avatar\/82aafea7d8127119dd649515f56e2117?s=96&d=mm&r=g","contentUrl":"https:\/\/secure.gravatar.com\/avatar\/82aafea7d8127119dd649515f56e2117?s=96&d=mm&r=g","caption":"rtnews"},"url":"https:\/\/now-news.de\/de\/author\/rnews\/"}]}},"_links":{"self":[{"href":"https:\/\/now-news.de\/de\/wp-json\/wp\/v2\/posts\/41396"}],"collection":[{"href":"https:\/\/now-news.de\/de\/wp-json\/wp\/v2\/posts"}],"about":[{"href":"https:\/\/now-news.de\/de\/wp-json\/wp\/v2\/types\/post"}],"author":[{"embeddable":true,"href":"https:\/\/now-news.de\/de\/wp-json\/wp\/v2\/users\/3"}],"replies":[{"embeddable":true,"href":"https:\/\/now-news.de\/de\/wp-json\/wp\/v2\/comments?post=41396"}],"version-history":[{"count":0,"href":"https:\/\/now-news.de\/de\/wp-json\/wp\/v2\/posts\/41396\/revisions"}],"wp:featuredmedia":[{"embeddable":true,"href":"https:\/\/now-news.de\/de\/wp-json\/wp\/v2\/media\/41397"}],"wp:attachment":[{"href":"https:\/\/now-news.de\/de\/wp-json\/wp\/v2\/media?parent=41396"}],"wp:term":[{"taxonomy":"category","embeddable":true,"href":"https:\/\/now-news.de\/de\/wp-json\/wp\/v2\/categories?post=41396"},{"taxonomy":"post_tag","embeddable":true,"href":"https:\/\/now-news.de\/de\/wp-json\/wp\/v2\/tags?post=41396"}],"curies":[{"name":"wp","href":"https:\/\/api.w.org\/{rel}","templated":true}]}}