{"id":41364,"date":"2023-08-04T19:14:55","date_gmt":"2023-08-04T17:14:55","guid":{"rendered":"https:\/\/just-now.news\/de\/deutschland\/podoljaka-neuer-brueckenkopf-im-norden-bahnt-sich-an\/"},"modified":"2023-08-04T19:14:55","modified_gmt":"2023-08-04T17:14:55","slug":"podoljaka-neuer-brueckenkopf-im-norden-bahnt-sich-an","status":"publish","type":"post","link":"https:\/\/now-news.de\/de\/deutschland\/podoljaka-neuer-brueckenkopf-im-norden-bahnt-sich-an\/","title":{"rendered":"Podoljaka: Neuer Br\u00fcckenkopf im Norden bahnt sich an"},"content":{"rendered":"<p><img decoding=\"async\" src=\"http:\/\/just-now.news\/de\/wp-content\/uploads\/sites\/3\/2023\/08\/64cd293348fbef06c7118ac4.jpg\" \/><\/p>\n<div class=\"Text-root Text-type_1 \">\n                Russland kann taktische Erfolge an den meisten Frontabschnitten verbuchen. Das erkl\u00e4rt Juri Podoljaka in seiner neuesten Analyse. F\u00fcr besonders vielversprechend h\u00e4lt er das Entstehen eines neuen Br\u00fcckenkopfes auf dem rechten Ufer der Oskol im Gro\u00dfraum Kupjansk.\n            <\/div>\n<p><\/p>\n<div class=\"Text-root Text-type_5 ArticleView-text ViewText-root \">\n<p>Kleinere taktische Erfolge kann das russische Milit\u00e4r an allen Frontabschnitten des Ukraine-Krieges f\u00fcr sich verbuchen \u2013 bis auf den weitestgehend statischen Abschnitt Cherson und bis auf Saporoschje, wo sich seinerseits Kiew weiter in allerdings erfolglosen Wellenangriffen \u00fcbt.<\/p>\n<p>Ein Erfolg mit Perspektiven \u2013 so urteilt Juri Podoljaka mit aller n\u00f6tigen Vorsicht \u2013 scheint sich am Abschnitt Charkow-Swatowo im Gro\u00dfraum Kupjansk anzubahnen, wo Russlands Soldaten zus\u00e4tzlich zum Br\u00fcckenkopf auf dem rechten Ufer der Oskol in H\u00f6he Dwuretschnaja, den sie sich bereits vor einiger Zeit erk\u00e4mpften, nun auch etwa sechs Kilometer s\u00fcdlicher ebenfalls unter Gefechten auf das rechte Ufer hin\u00fcbersetzen konnten.<\/p>\n<p>Damit k\u00f6nnten sie den Erfolg nahezu eins zu eins wiederholen, den sie deutlich s\u00fcdlicher am selben Frontabschnitt, auf dem rechten Ufer der Scherebez in H\u00f6he Swatowo, erwirken konnten. Der Journalist erinnert in seiner Analyseausgabe zum 03. August 2023:<\/p>\n<p>Dort k\u00e4mpften die russischen Soldaten zuerst einen taktischen Br\u00fcckenkopf auf dem rechten Ufer des Flusses frei, dann den zweiten, und vereinigten sie dann. Und jetzt hat Russlands Milit\u00e4r dort einen ernstzunehmenden operativen Br\u00fcckenkopf, von dem aus es die ukrainischen Stellungen angreift.<\/p>\n<p>Au\u00dferdem kamen russische Einheiten in H\u00f6he Swatowo der Ortschaft Stelmachowka deutlich n\u00e4her.<\/p>\n<p>Bei Awdejewka am Frontabschnitt Donbass bewegen sich russische Truppen, nachdem sie ukrainische Gegenangriffe abgewehrt haben, auf Orlowka und damit auf die einzige befestigte Versorgungsstra\u00dfe der ukrainischen Garnison in Awdejewka zu. Von Awdejewka aus \u00fcbt das ukrainische Milit\u00e4r seit neun Jahren \u2013 davon seit eineinhalb Jahren besonders intensiv \u2013 Artillerieterror gegen die Zivilbev\u00f6lkerung der Stadt Donezk.<\/p>\n<p>Bei Artjomowsk sind russische Soldaten dabei, in heftigem Nahkampf den Befestigten Raum nahe der s\u00fcdlicher gelegenen Ortschaft Kleschtschejewka zu befreien, dessen n\u00f6rdliche H\u00e4lfte sie schon jetzt beherrschen.<\/p>\n<p>Juri Podoljaka ist ein ukrainischer politischer Blogger und Journalist aus Sumy, dessen Einsichten im Zeitraum um den Beginn der Intervention in den russischen Medien zunehmend gefragter wurden. Seine Analyseausgaben warten mit nur wenigen Zahlen auf, daf\u00fcr vermittelt er anhand von Karten aber ein gutes Verst\u00e4ndnis vom r\u00e4umlichen Umfang der jeweiligen Entwicklungen und bietet dann und wann kurzfristige Prognosen.<\/p>\n<p>An Quellen bem\u00fcht Podoljaka einerseits offen zug\u00e4ngliche Daten. Dies sind Meldungen von Augenzeugen in den sozialen Medien sowie Meldungen des russischen, aber auch des ukrainischen Verteidigungsministeriums. Andererseits gibt er Insiderquellen an. Neben solchen in den Volksmilizen und Sicherheitsorganen der russischen Volksrepubliken Donezk und Lugansk seien dies solche in den ukrainischen Sicherheits- und Regierungsbeh\u00f6rden, die er aufgrund alter Beziehungen aus der Zeit als ukrainischer Journalist noch zu unterhalten erkl\u00e4rt. Um es mit dem aktuellen Jargon der Aufkl\u00e4rungsdienste auszudr\u00fccken, ist Juri Podoljaka also vornehmlich ein OSINT-Analyst.<\/p>\n<p><strong>Mehr zum Thema<\/strong> &#8211; <a rel=\"nofollow noopener\" target=\"_blank\" href=\"https:\/\/freedert.online\/europa\/176090-podoljaka-russland-erzielt-taktisch-operativen\/\">Podoljaka: Russland erzielt taktisch-operativen Durchbruch im Norden<\/a><\/p>\n<div class=\"EmbedBlock-root EmbedBlock-externalVideo EmbedBlock-odysee\">\n<div class=\"VkEmbed\"><iframe class=\"lazyload\" data-src=\"https:\/\/odysee.com\/%24\/embed\/%40RTDE%3Ae%2Fpodoljaka-neuer-br%C3%BCckenkopf-im-norden-bahnt-sich-an%3A0\" frameborder=\"0\" width=\"853\" height=\"480\" allowfullscreen><\/iframe><\/div>\n<\/div>\n<\/div>\n<p><br \/>\n<br \/><a href=\"https:\/\/de.rt.com\/europa\/177032-podoljaka-neuer-brueckenkopf-im-norden\/\">Source link <\/a><\/p>\n","protected":false},"excerpt":{"rendered":"<p>Russland kann taktische Erfolge an den meisten Frontabschnitten verbuchen. Das erkl\u00e4rt Juri Podoljaka in seiner neuesten Analyse. F\u00fcr besonders vielversprechend h\u00e4lt er das Entstehen eines neuen Br\u00fcckenkopfes auf dem rechten Ufer der Oskol im Gro\u00dfraum Kupjansk. Kleinere taktische Erfolge kann das russische Milit\u00e4r an allen Frontabschnitten des Ukraine-Krieges f\u00fcr sich verbuchen \u2013 bis auf den [&hellip;]<\/p>\n","protected":false},"author":3,"featured_media":41365,"comment_status":"open","ping_status":"open","sticky":false,"template":"","format":"standard","meta":{"_yoast_indexnow_last_ping":["1691169995"],"wp_automatic_camp":["217"],"15cb588a73f36a2ff96c3ed479c0870e":["Podoljaka: Neuer Br\u00fcckenkopf im Norden bahnt sich an"],"original_link":["https:\/\/de.rt.com\/europa\/177032-podoljaka-neuer-brueckenkopf-im-norden\/"],"_thumbnail_id":["41365"],"jnews_social_counter_last_update":["1777578633"],"_wptgpro_p2tg_sent2tg":["a:1:{i:23737;s:19:\"2023-08-04 19:28:51\";}"]},"categories":[19,23],"tags":[33938,46074,956,9182,34692,434],"yoast_head":"<!-- This site is optimized with the Yoast SEO Premium plugin v22.7 (Yoast SEO v22.7) - https:\/\/yoast.com\/wordpress\/plugins\/seo\/ -->\n<title>Podoljaka: Neuer Br\u00fcckenkopf im Norden bahnt sich an - just-now.NEWS Deutschland<\/title>\n<meta name=\"robots\" content=\"index, follow, max-snippet:-1, max-image-preview:large, max-video-preview:-1\" \/>\n<link rel=\"canonical\" href=\"https:\/\/now-news.de\/de\/deutschland\/podoljaka-neuer-brueckenkopf-im-norden-bahnt-sich-an\/\" \/>\n<meta property=\"og:locale\" content=\"de_DE\" \/>\n<meta property=\"og:type\" content=\"article\" \/>\n<meta property=\"og:title\" content=\"Podoljaka: Neuer Br\u00fcckenkopf im Norden bahnt sich an\" \/>\n<meta property=\"og:description\" content=\"Russland kann taktische Erfolge an den meisten Frontabschnitten verbuchen. Das erkl\u00e4rt Juri Podoljaka in seiner neuesten Analyse. F\u00fcr besonders vielversprechend h\u00e4lt er das Entstehen eines neuen Br\u00fcckenkopfes auf dem rechten Ufer der Oskol im Gro\u00dfraum Kupjansk. Kleinere taktische Erfolge kann das russische Milit\u00e4r an allen Frontabschnitten des Ukraine-Krieges f\u00fcr sich verbuchen \u2013 bis auf den [&hellip;]\" \/>\n<meta property=\"og:url\" content=\"https:\/\/now-news.de\/de\/deutschland\/podoljaka-neuer-brueckenkopf-im-norden-bahnt-sich-an\/\" \/>\n<meta property=\"og:site_name\" content=\"just-now.NEWS Deutschland\" \/>\n<meta property=\"article:publisher\" content=\"https:\/\/www.facebook.com\/wirmachenauf\" \/>\n<meta property=\"article:published_time\" content=\"2023-08-04T17:14:55+00:00\" \/>\n<meta property=\"og:image\" content=\"https:\/\/now-news.de\/de\/wp-content\/uploads\/sites\/3\/2023\/08\/Podoljaka-Neuer-Brueckenkopf-im-Norden-bahnt-sich-an.jpg\" \/>\n\t<meta property=\"og:image:width\" content=\"460\" \/>\n\t<meta property=\"og:image:height\" content=\"259\" \/>\n\t<meta property=\"og:image:type\" content=\"image\/jpeg\" \/>\n<meta name=\"author\" content=\"rtnews\" \/>\n<meta name=\"twitter:card\" content=\"summary_large_image\" \/>\n<meta name=\"twitter:creator\" content=\"@WirMachenAuf_de\" \/>\n<meta name=\"twitter:site\" content=\"@WirMachenAuf_de\" \/>\n<meta name=\"twitter:label1\" content=\"Verfasst von\" \/>\n\t<meta name=\"twitter:data1\" content=\"rtnews\" \/>\n\t<meta name=\"twitter:label2\" content=\"Gesch\u00e4tzte Lesezeit\" \/>\n\t<meta name=\"twitter:data2\" content=\"2\u00a0Minuten\" \/>\n<script type=\"application\/ld+json\" class=\"yoast-schema-graph\">{\"@context\":\"https:\/\/schema.org\",\"@graph\":[{\"@type\":\"Article\",\"@id\":\"https:\/\/now-news.de\/de\/deutschland\/podoljaka-neuer-brueckenkopf-im-norden-bahnt-sich-an\/#article\",\"isPartOf\":{\"@id\":\"https:\/\/now-news.de\/de\/deutschland\/podoljaka-neuer-brueckenkopf-im-norden-bahnt-sich-an\/\"},\"author\":{\"name\":\"rtnews\",\"@id\":\"https:\/\/now-news.de\/de\/#\/schema\/person\/fb534a4e865501d8b3285208df34a9b5\"},\"headline\":\"Podoljaka: Neuer Br\u00fcckenkopf im Norden bahnt sich an\",\"datePublished\":\"2023-08-04T17:14:55+00:00\",\"dateModified\":\"2023-08-04T17:14:55+00:00\",\"mainEntityOfPage\":{\"@id\":\"https:\/\/now-news.de\/de\/deutschland\/podoljaka-neuer-brueckenkopf-im-norden-bahnt-sich-an\/\"},\"wordCount\":505,\"commentCount\":0,\"publisher\":{\"@id\":\"https:\/\/now-news.de\/de\/#organization\"},\"image\":{\"@id\":\"https:\/\/now-news.de\/de\/deutschland\/podoljaka-neuer-brueckenkopf-im-norden-bahnt-sich-an\/#primaryimage\"},\"thumbnailUrl\":\"https:\/\/now-news.de\/de\/wp-content\/uploads\/sites\/3\/2023\/08\/Podoljaka-Neuer-Brueckenkopf-im-Norden-bahnt-sich-an.jpg\",\"keywords\":[\"bahnt\",\"Br\u00fcckenkopf\",\"Neuer\",\"Norden\",\"Podoljaka\",\"sich\"],\"articleSection\":[\"Deutschland\",\"Russland\"],\"inLanguage\":\"de\",\"potentialAction\":[{\"@type\":\"CommentAction\",\"name\":\"Comment\",\"target\":[\"https:\/\/now-news.de\/de\/deutschland\/podoljaka-neuer-brueckenkopf-im-norden-bahnt-sich-an\/#respond\"]}]},{\"@type\":\"WebPage\",\"@id\":\"https:\/\/now-news.de\/de\/deutschland\/podoljaka-neuer-brueckenkopf-im-norden-bahnt-sich-an\/\",\"url\":\"https:\/\/now-news.de\/de\/deutschland\/podoljaka-neuer-brueckenkopf-im-norden-bahnt-sich-an\/\",\"name\":\"Podoljaka: Neuer Br\u00fcckenkopf im Norden bahnt sich an - just-now.NEWS Deutschland\",\"isPartOf\":{\"@id\":\"https:\/\/now-news.de\/de\/#website\"},\"primaryImageOfPage\":{\"@id\":\"https:\/\/now-news.de\/de\/deutschland\/podoljaka-neuer-brueckenkopf-im-norden-bahnt-sich-an\/#primaryimage\"},\"image\":{\"@id\":\"https:\/\/now-news.de\/de\/deutschland\/podoljaka-neuer-brueckenkopf-im-norden-bahnt-sich-an\/#primaryimage\"},\"thumbnailUrl\":\"https:\/\/now-news.de\/de\/wp-content\/uploads\/sites\/3\/2023\/08\/Podoljaka-Neuer-Brueckenkopf-im-Norden-bahnt-sich-an.jpg\",\"datePublished\":\"2023-08-04T17:14:55+00:00\",\"dateModified\":\"2023-08-04T17:14:55+00:00\",\"breadcrumb\":{\"@id\":\"https:\/\/now-news.de\/de\/deutschland\/podoljaka-neuer-brueckenkopf-im-norden-bahnt-sich-an\/#breadcrumb\"},\"inLanguage\":\"de\",\"potentialAction\":[{\"@type\":\"ReadAction\",\"target\":[\"https:\/\/now-news.de\/de\/deutschland\/podoljaka-neuer-brueckenkopf-im-norden-bahnt-sich-an\/\"]}]},{\"@type\":\"ImageObject\",\"inLanguage\":\"de\",\"@id\":\"https:\/\/now-news.de\/de\/deutschland\/podoljaka-neuer-brueckenkopf-im-norden-bahnt-sich-an\/#primaryimage\",\"url\":\"https:\/\/now-news.de\/de\/wp-content\/uploads\/sites\/3\/2023\/08\/Podoljaka-Neuer-Brueckenkopf-im-Norden-bahnt-sich-an.jpg\",\"contentUrl\":\"https:\/\/now-news.de\/de\/wp-content\/uploads\/sites\/3\/2023\/08\/Podoljaka-Neuer-Brueckenkopf-im-Norden-bahnt-sich-an.jpg\",\"width\":460,\"height\":259,\"caption\":\"Podoljaka: Neuer Br\u00fcckenkopf im Norden bahnt sich an\"},{\"@type\":\"BreadcrumbList\",\"@id\":\"https:\/\/now-news.de\/de\/deutschland\/podoljaka-neuer-brueckenkopf-im-norden-bahnt-sich-an\/#breadcrumb\",\"itemListElement\":[{\"@type\":\"ListItem\",\"position\":1,\"name\":\"Home\",\"item\":\"https:\/\/now-news.de\/de\/\"},{\"@type\":\"ListItem\",\"position\":2,\"name\":\"Podoljaka: Neuer Br\u00fcckenkopf im Norden bahnt sich an\"}]},{\"@type\":\"WebSite\",\"@id\":\"https:\/\/now-news.de\/de\/#website\",\"url\":\"https:\/\/now-news.de\/de\/\",\"name\":\"just-now.NEWS Deutschland\",\"description\":\"Das Portal f\u00fcr unzensierte Nachrichten aus der Welt\",\"publisher\":{\"@id\":\"https:\/\/now-news.de\/de\/#organization\"},\"potentialAction\":[{\"@type\":\"SearchAction\",\"target\":{\"@type\":\"EntryPoint\",\"urlTemplate\":\"https:\/\/now-news.de\/de\/?s={search_term_string}\"},\"query-input\":\"required name=search_term_string\"}],\"inLanguage\":\"de\"},{\"@type\":\"Organization\",\"@id\":\"https:\/\/now-news.de\/de\/#organization\",\"name\":\"Just Now News\",\"url\":\"https:\/\/now-news.de\/de\/\",\"logo\":{\"@type\":\"ImageObject\",\"inLanguage\":\"de\",\"@id\":\"https:\/\/now-news.de\/de\/#\/schema\/logo\/image\/\",\"url\":\"http:\/\/just-now.news\/de\/wp-content\/uploads\/sites\/3\/2022\/04\/logo500x500.jpg\",\"contentUrl\":\"http:\/\/just-now.news\/de\/wp-content\/uploads\/sites\/3\/2022\/04\/logo500x500.jpg\",\"width\":500,\"height\":500,\"caption\":\"Just Now News\"},\"image\":{\"@id\":\"https:\/\/now-news.de\/de\/#\/schema\/logo\/image\/\"},\"sameAs\":[\"https:\/\/www.facebook.com\/wirmachenauf\",\"https:\/\/x.com\/WirMachenAuf_de\"]},{\"@type\":\"Person\",\"@id\":\"https:\/\/now-news.de\/de\/#\/schema\/person\/fb534a4e865501d8b3285208df34a9b5\",\"name\":\"rtnews\",\"image\":{\"@type\":\"ImageObject\",\"inLanguage\":\"de\",\"@id\":\"https:\/\/now-news.de\/de\/#\/schema\/person\/image\/\",\"url\":\"https:\/\/secure.gravatar.com\/avatar\/82aafea7d8127119dd649515f56e2117?s=96&d=mm&r=g\",\"contentUrl\":\"https:\/\/secure.gravatar.com\/avatar\/82aafea7d8127119dd649515f56e2117?s=96&d=mm&r=g\",\"caption\":\"rtnews\"},\"url\":\"https:\/\/now-news.de\/de\/author\/rnews\/\"}]}<\/script>\n<!-- \/ Yoast SEO Premium plugin. -->","yoast_head_json":{"title":"Podoljaka: Neuer Br\u00fcckenkopf im Norden bahnt sich an - just-now.NEWS Deutschland","robots":{"index":"index","follow":"follow","max-snippet":"max-snippet:-1","max-image-preview":"max-image-preview:large","max-video-preview":"max-video-preview:-1"},"canonical":"https:\/\/now-news.de\/de\/deutschland\/podoljaka-neuer-brueckenkopf-im-norden-bahnt-sich-an\/","og_locale":"de_DE","og_type":"article","og_title":"Podoljaka: Neuer Br\u00fcckenkopf im Norden bahnt sich an","og_description":"Russland kann taktische Erfolge an den meisten Frontabschnitten verbuchen. Das erkl\u00e4rt Juri Podoljaka in seiner neuesten Analyse. F\u00fcr besonders vielversprechend h\u00e4lt er das Entstehen eines neuen Br\u00fcckenkopfes auf dem rechten Ufer der Oskol im Gro\u00dfraum Kupjansk. Kleinere taktische Erfolge kann das russische Milit\u00e4r an allen Frontabschnitten des Ukraine-Krieges f\u00fcr sich verbuchen \u2013 bis auf den [&hellip;]","og_url":"https:\/\/now-news.de\/de\/deutschland\/podoljaka-neuer-brueckenkopf-im-norden-bahnt-sich-an\/","og_site_name":"just-now.NEWS Deutschland","article_publisher":"https:\/\/www.facebook.com\/wirmachenauf","article_published_time":"2023-08-04T17:14:55+00:00","og_image":[{"width":460,"height":259,"url":"https:\/\/now-news.de\/de\/wp-content\/uploads\/sites\/3\/2023\/08\/Podoljaka-Neuer-Brueckenkopf-im-Norden-bahnt-sich-an.jpg","type":"image\/jpeg"}],"author":"rtnews","twitter_card":"summary_large_image","twitter_creator":"@WirMachenAuf_de","twitter_site":"@WirMachenAuf_de","twitter_misc":{"Verfasst von":"rtnews","Gesch\u00e4tzte Lesezeit":"2\u00a0Minuten"},"schema":{"@context":"https:\/\/schema.org","@graph":[{"@type":"Article","@id":"https:\/\/now-news.de\/de\/deutschland\/podoljaka-neuer-brueckenkopf-im-norden-bahnt-sich-an\/#article","isPartOf":{"@id":"https:\/\/now-news.de\/de\/deutschland\/podoljaka-neuer-brueckenkopf-im-norden-bahnt-sich-an\/"},"author":{"name":"rtnews","@id":"https:\/\/now-news.de\/de\/#\/schema\/person\/fb534a4e865501d8b3285208df34a9b5"},"headline":"Podoljaka: Neuer Br\u00fcckenkopf im Norden bahnt sich an","datePublished":"2023-08-04T17:14:55+00:00","dateModified":"2023-08-04T17:14:55+00:00","mainEntityOfPage":{"@id":"https:\/\/now-news.de\/de\/deutschland\/podoljaka-neuer-brueckenkopf-im-norden-bahnt-sich-an\/"},"wordCount":505,"commentCount":0,"publisher":{"@id":"https:\/\/now-news.de\/de\/#organization"},"image":{"@id":"https:\/\/now-news.de\/de\/deutschland\/podoljaka-neuer-brueckenkopf-im-norden-bahnt-sich-an\/#primaryimage"},"thumbnailUrl":"https:\/\/now-news.de\/de\/wp-content\/uploads\/sites\/3\/2023\/08\/Podoljaka-Neuer-Brueckenkopf-im-Norden-bahnt-sich-an.jpg","keywords":["bahnt","Br\u00fcckenkopf","Neuer","Norden","Podoljaka","sich"],"articleSection":["Deutschland","Russland"],"inLanguage":"de","potentialAction":[{"@type":"CommentAction","name":"Comment","target":["https:\/\/now-news.de\/de\/deutschland\/podoljaka-neuer-brueckenkopf-im-norden-bahnt-sich-an\/#respond"]}]},{"@type":"WebPage","@id":"https:\/\/now-news.de\/de\/deutschland\/podoljaka-neuer-brueckenkopf-im-norden-bahnt-sich-an\/","url":"https:\/\/now-news.de\/de\/deutschland\/podoljaka-neuer-brueckenkopf-im-norden-bahnt-sich-an\/","name":"Podoljaka: Neuer Br\u00fcckenkopf im Norden bahnt sich an - just-now.NEWS Deutschland","isPartOf":{"@id":"https:\/\/now-news.de\/de\/#website"},"primaryImageOfPage":{"@id":"https:\/\/now-news.de\/de\/deutschland\/podoljaka-neuer-brueckenkopf-im-norden-bahnt-sich-an\/#primaryimage"},"image":{"@id":"https:\/\/now-news.de\/de\/deutschland\/podoljaka-neuer-brueckenkopf-im-norden-bahnt-sich-an\/#primaryimage"},"thumbnailUrl":"https:\/\/now-news.de\/de\/wp-content\/uploads\/sites\/3\/2023\/08\/Podoljaka-Neuer-Brueckenkopf-im-Norden-bahnt-sich-an.jpg","datePublished":"2023-08-04T17:14:55+00:00","dateModified":"2023-08-04T17:14:55+00:00","breadcrumb":{"@id":"https:\/\/now-news.de\/de\/deutschland\/podoljaka-neuer-brueckenkopf-im-norden-bahnt-sich-an\/#breadcrumb"},"inLanguage":"de","potentialAction":[{"@type":"ReadAction","target":["https:\/\/now-news.de\/de\/deutschland\/podoljaka-neuer-brueckenkopf-im-norden-bahnt-sich-an\/"]}]},{"@type":"ImageObject","inLanguage":"de","@id":"https:\/\/now-news.de\/de\/deutschland\/podoljaka-neuer-brueckenkopf-im-norden-bahnt-sich-an\/#primaryimage","url":"https:\/\/now-news.de\/de\/wp-content\/uploads\/sites\/3\/2023\/08\/Podoljaka-Neuer-Brueckenkopf-im-Norden-bahnt-sich-an.jpg","contentUrl":"https:\/\/now-news.de\/de\/wp-content\/uploads\/sites\/3\/2023\/08\/Podoljaka-Neuer-Brueckenkopf-im-Norden-bahnt-sich-an.jpg","width":460,"height":259,"caption":"Podoljaka: Neuer Br\u00fcckenkopf im Norden bahnt sich an"},{"@type":"BreadcrumbList","@id":"https:\/\/now-news.de\/de\/deutschland\/podoljaka-neuer-brueckenkopf-im-norden-bahnt-sich-an\/#breadcrumb","itemListElement":[{"@type":"ListItem","position":1,"name":"Home","item":"https:\/\/now-news.de\/de\/"},{"@type":"ListItem","position":2,"name":"Podoljaka: Neuer Br\u00fcckenkopf im Norden bahnt sich an"}]},{"@type":"WebSite","@id":"https:\/\/now-news.de\/de\/#website","url":"https:\/\/now-news.de\/de\/","name":"just-now.NEWS Deutschland","description":"Das Portal f\u00fcr unzensierte Nachrichten aus der Welt","publisher":{"@id":"https:\/\/now-news.de\/de\/#organization"},"potentialAction":[{"@type":"SearchAction","target":{"@type":"EntryPoint","urlTemplate":"https:\/\/now-news.de\/de\/?s={search_term_string}"},"query-input":"required name=search_term_string"}],"inLanguage":"de"},{"@type":"Organization","@id":"https:\/\/now-news.de\/de\/#organization","name":"Just Now News","url":"https:\/\/now-news.de\/de\/","logo":{"@type":"ImageObject","inLanguage":"de","@id":"https:\/\/now-news.de\/de\/#\/schema\/logo\/image\/","url":"http:\/\/just-now.news\/de\/wp-content\/uploads\/sites\/3\/2022\/04\/logo500x500.jpg","contentUrl":"http:\/\/just-now.news\/de\/wp-content\/uploads\/sites\/3\/2022\/04\/logo500x500.jpg","width":500,"height":500,"caption":"Just Now News"},"image":{"@id":"https:\/\/now-news.de\/de\/#\/schema\/logo\/image\/"},"sameAs":["https:\/\/www.facebook.com\/wirmachenauf","https:\/\/x.com\/WirMachenAuf_de"]},{"@type":"Person","@id":"https:\/\/now-news.de\/de\/#\/schema\/person\/fb534a4e865501d8b3285208df34a9b5","name":"rtnews","image":{"@type":"ImageObject","inLanguage":"de","@id":"https:\/\/now-news.de\/de\/#\/schema\/person\/image\/","url":"https:\/\/secure.gravatar.com\/avatar\/82aafea7d8127119dd649515f56e2117?s=96&d=mm&r=g","contentUrl":"https:\/\/secure.gravatar.com\/avatar\/82aafea7d8127119dd649515f56e2117?s=96&d=mm&r=g","caption":"rtnews"},"url":"https:\/\/now-news.de\/de\/author\/rnews\/"}]}},"_links":{"self":[{"href":"https:\/\/now-news.de\/de\/wp-json\/wp\/v2\/posts\/41364"}],"collection":[{"href":"https:\/\/now-news.de\/de\/wp-json\/wp\/v2\/posts"}],"about":[{"href":"https:\/\/now-news.de\/de\/wp-json\/wp\/v2\/types\/post"}],"author":[{"embeddable":true,"href":"https:\/\/now-news.de\/de\/wp-json\/wp\/v2\/users\/3"}],"replies":[{"embeddable":true,"href":"https:\/\/now-news.de\/de\/wp-json\/wp\/v2\/comments?post=41364"}],"version-history":[{"count":0,"href":"https:\/\/now-news.de\/de\/wp-json\/wp\/v2\/posts\/41364\/revisions"}],"wp:featuredmedia":[{"embeddable":true,"href":"https:\/\/now-news.de\/de\/wp-json\/wp\/v2\/media\/41365"}],"wp:attachment":[{"href":"https:\/\/now-news.de\/de\/wp-json\/wp\/v2\/media?parent=41364"}],"wp:term":[{"taxonomy":"category","embeddable":true,"href":"https:\/\/now-news.de\/de\/wp-json\/wp\/v2\/categories?post=41364"},{"taxonomy":"post_tag","embeddable":true,"href":"https:\/\/now-news.de\/de\/wp-json\/wp\/v2\/tags?post=41364"}],"curies":[{"name":"wp","href":"https:\/\/api.w.org\/{rel}","templated":true}]}}