{"id":41354,"date":"2023-08-04T17:33:47","date_gmt":"2023-08-04T15:33:47","guid":{"rendered":"https:\/\/just-now.news\/de\/deutschland\/lage-in-niger-eskaliert-militaerregierung-kuendigt-militaerabkommen-mit-frankreich-auf\/"},"modified":"2023-08-04T17:33:47","modified_gmt":"2023-08-04T15:33:47","slug":"lage-in-niger-eskaliert-militaerregierung-kuendigt-militaerabkommen-mit-frankreich-auf","status":"publish","type":"post","link":"https:\/\/now-news.de\/de\/deutschland\/lage-in-niger-eskaliert-militaerregierung-kuendigt-militaerabkommen-mit-frankreich-auf\/","title":{"rendered":"Lage in Niger eskaliert: Milit\u00e4rregierung k\u00fcndigt Milit\u00e4rabkommen mit Frankreich auf"},"content":{"rendered":"<p><img decoding=\"async\" src=\"http:\/\/just-now.news\/de\/wp-content\/uploads\/sites\/3\/2023\/08\/64ccf775b480cc71fc228c77.jpg\" \/><\/p>\n<div class=\"Text-root Text-type_1 \">\n                Die\u00a0neue Regierung\u00a0in Niger hat die Milit\u00e4rabkommen mit dem ehemaligen\u00a0Kolonialherrn\u00a0Frankreich aufgek\u00fcndigt. Die Milit\u00e4rregierung hat zudem die Botschafter ihres Landes in\u00a0Frankreich, Nigeria, Togo und den USA abberufen, da diese L\u00e4nder\u00a0die Bem\u00fchungen der Westafrikanischen Wirtschaftsgemeinschaft ECOWAS um die Wiedereinsetzung des abgesetzten Pr\u00e4sidenten Mohamed Bazoum anf\u00fchren.\n            <\/div>\n<p><\/p>\n<div class=\"Text-root Text-type_5 ArticleView-text ViewText-root \">\n<p>Die Milit\u00e4rjunta von Niger hat die Milit\u00e4rabkommen mit Frankreich, dem ehemaligen Kolonialherrn des Landes, aufgek\u00fcndigt, einige der wichtigsten Botschafter der Vorg\u00e4ngerregierung entlassen und die B\u00fcrger des westafrikanischen Landes gewarnt, sich vor ausl\u00e4ndischen Armeen und Spionen in Acht zu nehmen. &#8220;Angesichts der r\u00fccksichtslosen Haltung und Reaktion Frankreichs auf die Situation hat der Nationale Rat f\u00fcr die Rettung des Vaterlandes beschlossen, die Sicherheits- und Verteidigungskooperationsabkommen mit dem Land zu k\u00fcndigen&#8221;, zitierte <em>AFP<\/em> aus einer Erkl\u00e4rung der Milit\u00e4rregierung.<\/p>\n<p>Die neue Regierung k\u00fcndigte zudem an, die Arbeit der diplomatischen Vertretungen Nigers in Frankreich, den USA, Togo und im benachbarten Nigeria einzustellen,\u00a0da diese L\u00e4nder\u00a0die Bem\u00fchungen der Westafrikanischen Wirtschaftsgemeinschaft ECOWAS um die\u00a0Wiedereinsetzung des festgesetzten Pr\u00e4sidenten Mohamed Bazoum anf\u00fchren.<\/p>\n<p>In Niger sind bis zu 1.500 franz\u00f6sische\u00a0Soldaten stationiert, die dort nach Angaben der Franzosen zur Bek\u00e4mpfung des Terrorismus in der Region eingesetzt seien.\u00a0In den letzten Jahren hat Frankreich seine milit\u00e4rische Pr\u00e4senz auf dem afrikanischen Kontinent stark zur\u00fcckgefahren, vor allem infolge von Putschserien in einigen L\u00e4ndern. Das franz\u00f6sische Milit\u00e4rpersonal musste beispielsweise Mali, Burkina Faso und die Zentralafrikanische Republik verlassen.<\/p>\n<p>Das franz\u00f6sische Au\u00dfenministerium erkl\u00e4rte, Paris erkenne nur &#8220;die legitimen nigrischen Beh\u00f6rden&#8221; an und wies den Schritt der Putschisten zur\u00fcck. Frankreich wiederholte seine Forderung nach &#8220;der Wiederherstellung der demokratischen Institutionen Nigers&#8221;, so das Ministerium.<\/p>\n<p>Laut einem Bericht der UN vom vergangenen Monat bef\u00fcrworten viele junge Afrikaner die Putschserie auf dem Kontinent.\u00a0In dem Bericht hei\u00dft es, dass &#8220;paradoxerweise&#8221; die Unterst\u00fctzung der Bev\u00f6lkerung f\u00fcr die j\u00fcngsten Milit\u00e4rputsche in Afrika &#8220;symptomatisch f\u00fcr eine neue Welle demokratischer Bestrebungen ist, die sich auf dem gesamten Kontinent ausbreitet&#8221;. Die \u00fcberw\u00e4ltigend junge Bev\u00f6lkerung sei von den bestehenden wirtschaftlichen und politischen Systemen frustriert und dr\u00e4nge auf schnellere Ver\u00e4nderungen, als sie durch Wahlen erreicht werden k\u00f6nnen.<\/p>\n<p><strong>Mehr zum Thema<\/strong> &#8211; <a rel=\"nofollow noopener\" target=\"_blank\" href=\"https:\/\/freeassange.rtde.life\/afrika\/176452-staatsstreich-in-niger-aendert-politischen\/\">Staatsstreich in Niger \u00e4ndert den politischen Kurs des Landes<\/a><\/p>\n<div class=\"EmbedBlock-root EmbedBlock-externalVideo EmbedBlock-vk\">\n<div class=\"VkEmbed\"><iframe class=\"lazyload\" data-src=\"https:\/\/vk.com\/video_ext.php?oid=-134310637&amp;id=456268901&amp;hash=a52650a496ba890b\" frameborder=\"0\" width=\"853\" height=\"480\" allowfullscreen><\/iframe><\/div>\n<\/div>\n<\/div>\n<p><br \/>\n<br \/><a href=\"https:\/\/de.rt.com\/afrika\/176992-lage-in-niger-eskaliert-militaerregierung\/\">Source link <\/a><\/p>\n","protected":false},"excerpt":{"rendered":"<p>Die\u00a0neue Regierung\u00a0in Niger hat die Milit\u00e4rabkommen mit dem ehemaligen\u00a0Kolonialherrn\u00a0Frankreich aufgek\u00fcndigt. Die Milit\u00e4rregierung hat zudem die Botschafter ihres Landes in\u00a0Frankreich, Nigeria, Togo und den USA abberufen, da diese L\u00e4nder\u00a0die Bem\u00fchungen der Westafrikanischen Wirtschaftsgemeinschaft ECOWAS um die Wiedereinsetzung des abgesetzten Pr\u00e4sidenten Mohamed Bazoum anf\u00fchren. Die Milit\u00e4rjunta von Niger hat die Milit\u00e4rabkommen mit Frankreich, dem ehemaligen Kolonialherrn des [&hellip;]<\/p>\n","protected":false},"author":3,"featured_media":41355,"comment_status":"open","ping_status":"open","sticky":false,"template":"","format":"standard","meta":{"_yoast_indexnow_last_ping":["1691163296"],"wp_automatic_camp":["217"],"0b25a373a72e920d2ff3135b18ea9db8":["Lage in Niger eskaliert: Milit\u00e4rregierung k\u00fcndigt Milit\u00e4rabkommen mit Frankreich auf"],"original_link":["https:\/\/de.rt.com\/afrika\/176992-lage-in-niger-eskaliert-militaerregierung\/"],"_thumbnail_id":["41355"],"_wptgpro_p2tg_sent2tg":["a:1:{i:23737;s:19:\"2023-08-04 17:35:56\";}"],"jnews_social_counter_last_update":["1776916161"]},"categories":[19,23],"tags":[133,24074,3320,4224,525,47404,47259,419,36434],"yoast_head":"<!-- This site is optimized with the Yoast SEO Premium plugin v22.7 (Yoast SEO v22.7) - https:\/\/yoast.com\/wordpress\/plugins\/seo\/ -->\n<title>Lage in Niger eskaliert: Milit\u00e4rregierung k\u00fcndigt Milit\u00e4rabkommen mit Frankreich auf - just-now.NEWS Deutschland<\/title>\n<meta name=\"robots\" content=\"index, follow, max-snippet:-1, max-image-preview:large, max-video-preview:-1\" \/>\n<link rel=\"canonical\" href=\"https:\/\/now-news.de\/de\/deutschland\/lage-in-niger-eskaliert-militaerregierung-kuendigt-militaerabkommen-mit-frankreich-auf\/\" \/>\n<meta property=\"og:locale\" content=\"de_DE\" \/>\n<meta property=\"og:type\" content=\"article\" \/>\n<meta property=\"og:title\" content=\"Lage in Niger eskaliert: Milit\u00e4rregierung k\u00fcndigt Milit\u00e4rabkommen mit Frankreich auf\" \/>\n<meta property=\"og:description\" content=\"Die\u00a0neue Regierung\u00a0in Niger hat die Milit\u00e4rabkommen mit dem ehemaligen\u00a0Kolonialherrn\u00a0Frankreich aufgek\u00fcndigt. Die Milit\u00e4rregierung hat zudem die Botschafter ihres Landes in\u00a0Frankreich, Nigeria, Togo und den USA abberufen, da diese L\u00e4nder\u00a0die Bem\u00fchungen der Westafrikanischen Wirtschaftsgemeinschaft ECOWAS um die Wiedereinsetzung des abgesetzten Pr\u00e4sidenten Mohamed Bazoum anf\u00fchren. Die Milit\u00e4rjunta von Niger hat die Milit\u00e4rabkommen mit Frankreich, dem ehemaligen Kolonialherrn des [&hellip;]\" \/>\n<meta property=\"og:url\" content=\"https:\/\/now-news.de\/de\/deutschland\/lage-in-niger-eskaliert-militaerregierung-kuendigt-militaerabkommen-mit-frankreich-auf\/\" \/>\n<meta property=\"og:site_name\" content=\"just-now.NEWS Deutschland\" \/>\n<meta property=\"article:publisher\" content=\"https:\/\/www.facebook.com\/wirmachenauf\" \/>\n<meta property=\"article:published_time\" content=\"2023-08-04T15:33:47+00:00\" \/>\n<meta property=\"og:image\" content=\"https:\/\/now-news.de\/de\/wp-content\/uploads\/sites\/3\/2023\/08\/Lage-in-Niger-eskaliert-Militaerregierung-kuendigt-Militaerabkommen-mit-Frankreich-auf.jpg\" \/>\n\t<meta property=\"og:image:width\" content=\"460\" \/>\n\t<meta property=\"og:image:height\" content=\"259\" \/>\n\t<meta property=\"og:image:type\" content=\"image\/jpeg\" \/>\n<meta name=\"author\" content=\"rtnews\" \/>\n<meta name=\"twitter:card\" content=\"summary_large_image\" \/>\n<meta name=\"twitter:creator\" content=\"@WirMachenAuf_de\" \/>\n<meta name=\"twitter:site\" content=\"@WirMachenAuf_de\" \/>\n<meta name=\"twitter:label1\" content=\"Verfasst von\" \/>\n\t<meta name=\"twitter:data1\" content=\"rtnews\" \/>\n\t<meta name=\"twitter:label2\" content=\"Gesch\u00e4tzte Lesezeit\" \/>\n\t<meta name=\"twitter:data2\" content=\"2\u00a0Minuten\" \/>\n<script type=\"application\/ld+json\" class=\"yoast-schema-graph\">{\"@context\":\"https:\/\/schema.org\",\"@graph\":[{\"@type\":\"Article\",\"@id\":\"https:\/\/now-news.de\/de\/deutschland\/lage-in-niger-eskaliert-militaerregierung-kuendigt-militaerabkommen-mit-frankreich-auf\/#article\",\"isPartOf\":{\"@id\":\"https:\/\/now-news.de\/de\/deutschland\/lage-in-niger-eskaliert-militaerregierung-kuendigt-militaerabkommen-mit-frankreich-auf\/\"},\"author\":{\"name\":\"rtnews\",\"@id\":\"https:\/\/now-news.de\/de\/#\/schema\/person\/fb534a4e865501d8b3285208df34a9b5\"},\"headline\":\"Lage in Niger eskaliert: Milit\u00e4rregierung k\u00fcndigt Milit\u00e4rabkommen mit Frankreich auf\",\"datePublished\":\"2023-08-04T15:33:47+00:00\",\"dateModified\":\"2023-08-04T15:33:47+00:00\",\"mainEntityOfPage\":{\"@id\":\"https:\/\/now-news.de\/de\/deutschland\/lage-in-niger-eskaliert-militaerregierung-kuendigt-militaerabkommen-mit-frankreich-auf\/\"},\"wordCount\":407,\"commentCount\":0,\"publisher\":{\"@id\":\"https:\/\/now-news.de\/de\/#organization\"},\"image\":{\"@id\":\"https:\/\/now-news.de\/de\/deutschland\/lage-in-niger-eskaliert-militaerregierung-kuendigt-militaerabkommen-mit-frankreich-auf\/#primaryimage\"},\"thumbnailUrl\":\"https:\/\/now-news.de\/de\/wp-content\/uploads\/sites\/3\/2023\/08\/Lage-in-Niger-eskaliert-Militaerregierung-kuendigt-Militaerabkommen-mit-Frankreich-auf.jpg\",\"keywords\":[\"AUF\",\"eskaliert\",\"Frankreich\",\"k\u00fcndigt\",\"Lage\",\"Milit\u00e4rabkommen\",\"Milit\u00e4rregierung\",\"mit\",\"Niger\"],\"articleSection\":[\"Deutschland\",\"Russland\"],\"inLanguage\":\"de\",\"potentialAction\":[{\"@type\":\"CommentAction\",\"name\":\"Comment\",\"target\":[\"https:\/\/now-news.de\/de\/deutschland\/lage-in-niger-eskaliert-militaerregierung-kuendigt-militaerabkommen-mit-frankreich-auf\/#respond\"]}]},{\"@type\":\"WebPage\",\"@id\":\"https:\/\/now-news.de\/de\/deutschland\/lage-in-niger-eskaliert-militaerregierung-kuendigt-militaerabkommen-mit-frankreich-auf\/\",\"url\":\"https:\/\/now-news.de\/de\/deutschland\/lage-in-niger-eskaliert-militaerregierung-kuendigt-militaerabkommen-mit-frankreich-auf\/\",\"name\":\"Lage in Niger eskaliert: Milit\u00e4rregierung k\u00fcndigt Milit\u00e4rabkommen mit Frankreich auf - just-now.NEWS Deutschland\",\"isPartOf\":{\"@id\":\"https:\/\/now-news.de\/de\/#website\"},\"primaryImageOfPage\":{\"@id\":\"https:\/\/now-news.de\/de\/deutschland\/lage-in-niger-eskaliert-militaerregierung-kuendigt-militaerabkommen-mit-frankreich-auf\/#primaryimage\"},\"image\":{\"@id\":\"https:\/\/now-news.de\/de\/deutschland\/lage-in-niger-eskaliert-militaerregierung-kuendigt-militaerabkommen-mit-frankreich-auf\/#primaryimage\"},\"thumbnailUrl\":\"https:\/\/now-news.de\/de\/wp-content\/uploads\/sites\/3\/2023\/08\/Lage-in-Niger-eskaliert-Militaerregierung-kuendigt-Militaerabkommen-mit-Frankreich-auf.jpg\",\"datePublished\":\"2023-08-04T15:33:47+00:00\",\"dateModified\":\"2023-08-04T15:33:47+00:00\",\"breadcrumb\":{\"@id\":\"https:\/\/now-news.de\/de\/deutschland\/lage-in-niger-eskaliert-militaerregierung-kuendigt-militaerabkommen-mit-frankreich-auf\/#breadcrumb\"},\"inLanguage\":\"de\",\"potentialAction\":[{\"@type\":\"ReadAction\",\"target\":[\"https:\/\/now-news.de\/de\/deutschland\/lage-in-niger-eskaliert-militaerregierung-kuendigt-militaerabkommen-mit-frankreich-auf\/\"]}]},{\"@type\":\"ImageObject\",\"inLanguage\":\"de\",\"@id\":\"https:\/\/now-news.de\/de\/deutschland\/lage-in-niger-eskaliert-militaerregierung-kuendigt-militaerabkommen-mit-frankreich-auf\/#primaryimage\",\"url\":\"https:\/\/now-news.de\/de\/wp-content\/uploads\/sites\/3\/2023\/08\/Lage-in-Niger-eskaliert-Militaerregierung-kuendigt-Militaerabkommen-mit-Frankreich-auf.jpg\",\"contentUrl\":\"https:\/\/now-news.de\/de\/wp-content\/uploads\/sites\/3\/2023\/08\/Lage-in-Niger-eskaliert-Militaerregierung-kuendigt-Militaerabkommen-mit-Frankreich-auf.jpg\",\"width\":460,\"height\":259,\"caption\":\"Lage in Niger eskaliert: Milit\u00e4rregierung k\u00fcndigt Milit\u00e4rabkommen mit Frankreich auf\"},{\"@type\":\"BreadcrumbList\",\"@id\":\"https:\/\/now-news.de\/de\/deutschland\/lage-in-niger-eskaliert-militaerregierung-kuendigt-militaerabkommen-mit-frankreich-auf\/#breadcrumb\",\"itemListElement\":[{\"@type\":\"ListItem\",\"position\":1,\"name\":\"Home\",\"item\":\"https:\/\/now-news.de\/de\/\"},{\"@type\":\"ListItem\",\"position\":2,\"name\":\"Lage in Niger eskaliert: Milit\u00e4rregierung k\u00fcndigt Milit\u00e4rabkommen mit Frankreich auf\"}]},{\"@type\":\"WebSite\",\"@id\":\"https:\/\/now-news.de\/de\/#website\",\"url\":\"https:\/\/now-news.de\/de\/\",\"name\":\"just-now.NEWS Deutschland\",\"description\":\"Das Portal f\u00fcr unzensierte Nachrichten aus der Welt\",\"publisher\":{\"@id\":\"https:\/\/now-news.de\/de\/#organization\"},\"potentialAction\":[{\"@type\":\"SearchAction\",\"target\":{\"@type\":\"EntryPoint\",\"urlTemplate\":\"https:\/\/now-news.de\/de\/?s={search_term_string}\"},\"query-input\":\"required name=search_term_string\"}],\"inLanguage\":\"de\"},{\"@type\":\"Organization\",\"@id\":\"https:\/\/now-news.de\/de\/#organization\",\"name\":\"Just Now News\",\"url\":\"https:\/\/now-news.de\/de\/\",\"logo\":{\"@type\":\"ImageObject\",\"inLanguage\":\"de\",\"@id\":\"https:\/\/now-news.de\/de\/#\/schema\/logo\/image\/\",\"url\":\"http:\/\/just-now.news\/de\/wp-content\/uploads\/sites\/3\/2022\/04\/logo500x500.jpg\",\"contentUrl\":\"http:\/\/just-now.news\/de\/wp-content\/uploads\/sites\/3\/2022\/04\/logo500x500.jpg\",\"width\":500,\"height\":500,\"caption\":\"Just Now News\"},\"image\":{\"@id\":\"https:\/\/now-news.de\/de\/#\/schema\/logo\/image\/\"},\"sameAs\":[\"https:\/\/www.facebook.com\/wirmachenauf\",\"https:\/\/x.com\/WirMachenAuf_de\"]},{\"@type\":\"Person\",\"@id\":\"https:\/\/now-news.de\/de\/#\/schema\/person\/fb534a4e865501d8b3285208df34a9b5\",\"name\":\"rtnews\",\"image\":{\"@type\":\"ImageObject\",\"inLanguage\":\"de\",\"@id\":\"https:\/\/now-news.de\/de\/#\/schema\/person\/image\/\",\"url\":\"https:\/\/secure.gravatar.com\/avatar\/82aafea7d8127119dd649515f56e2117?s=96&d=mm&r=g\",\"contentUrl\":\"https:\/\/secure.gravatar.com\/avatar\/82aafea7d8127119dd649515f56e2117?s=96&d=mm&r=g\",\"caption\":\"rtnews\"},\"url\":\"https:\/\/now-news.de\/de\/author\/rnews\/\"}]}<\/script>\n<!-- \/ Yoast SEO Premium plugin. -->","yoast_head_json":{"title":"Lage in Niger eskaliert: Milit\u00e4rregierung k\u00fcndigt Milit\u00e4rabkommen mit Frankreich auf - just-now.NEWS Deutschland","robots":{"index":"index","follow":"follow","max-snippet":"max-snippet:-1","max-image-preview":"max-image-preview:large","max-video-preview":"max-video-preview:-1"},"canonical":"https:\/\/now-news.de\/de\/deutschland\/lage-in-niger-eskaliert-militaerregierung-kuendigt-militaerabkommen-mit-frankreich-auf\/","og_locale":"de_DE","og_type":"article","og_title":"Lage in Niger eskaliert: Milit\u00e4rregierung k\u00fcndigt Milit\u00e4rabkommen mit Frankreich auf","og_description":"Die\u00a0neue Regierung\u00a0in Niger hat die Milit\u00e4rabkommen mit dem ehemaligen\u00a0Kolonialherrn\u00a0Frankreich aufgek\u00fcndigt. Die Milit\u00e4rregierung hat zudem die Botschafter ihres Landes in\u00a0Frankreich, Nigeria, Togo und den USA abberufen, da diese L\u00e4nder\u00a0die Bem\u00fchungen der Westafrikanischen Wirtschaftsgemeinschaft ECOWAS um die Wiedereinsetzung des abgesetzten Pr\u00e4sidenten Mohamed Bazoum anf\u00fchren. Die Milit\u00e4rjunta von Niger hat die Milit\u00e4rabkommen mit Frankreich, dem ehemaligen Kolonialherrn des [&hellip;]","og_url":"https:\/\/now-news.de\/de\/deutschland\/lage-in-niger-eskaliert-militaerregierung-kuendigt-militaerabkommen-mit-frankreich-auf\/","og_site_name":"just-now.NEWS Deutschland","article_publisher":"https:\/\/www.facebook.com\/wirmachenauf","article_published_time":"2023-08-04T15:33:47+00:00","og_image":[{"width":460,"height":259,"url":"https:\/\/now-news.de\/de\/wp-content\/uploads\/sites\/3\/2023\/08\/Lage-in-Niger-eskaliert-Militaerregierung-kuendigt-Militaerabkommen-mit-Frankreich-auf.jpg","type":"image\/jpeg"}],"author":"rtnews","twitter_card":"summary_large_image","twitter_creator":"@WirMachenAuf_de","twitter_site":"@WirMachenAuf_de","twitter_misc":{"Verfasst von":"rtnews","Gesch\u00e4tzte Lesezeit":"2\u00a0Minuten"},"schema":{"@context":"https:\/\/schema.org","@graph":[{"@type":"Article","@id":"https:\/\/now-news.de\/de\/deutschland\/lage-in-niger-eskaliert-militaerregierung-kuendigt-militaerabkommen-mit-frankreich-auf\/#article","isPartOf":{"@id":"https:\/\/now-news.de\/de\/deutschland\/lage-in-niger-eskaliert-militaerregierung-kuendigt-militaerabkommen-mit-frankreich-auf\/"},"author":{"name":"rtnews","@id":"https:\/\/now-news.de\/de\/#\/schema\/person\/fb534a4e865501d8b3285208df34a9b5"},"headline":"Lage in Niger eskaliert: Milit\u00e4rregierung k\u00fcndigt Milit\u00e4rabkommen mit Frankreich auf","datePublished":"2023-08-04T15:33:47+00:00","dateModified":"2023-08-04T15:33:47+00:00","mainEntityOfPage":{"@id":"https:\/\/now-news.de\/de\/deutschland\/lage-in-niger-eskaliert-militaerregierung-kuendigt-militaerabkommen-mit-frankreich-auf\/"},"wordCount":407,"commentCount":0,"publisher":{"@id":"https:\/\/now-news.de\/de\/#organization"},"image":{"@id":"https:\/\/now-news.de\/de\/deutschland\/lage-in-niger-eskaliert-militaerregierung-kuendigt-militaerabkommen-mit-frankreich-auf\/#primaryimage"},"thumbnailUrl":"https:\/\/now-news.de\/de\/wp-content\/uploads\/sites\/3\/2023\/08\/Lage-in-Niger-eskaliert-Militaerregierung-kuendigt-Militaerabkommen-mit-Frankreich-auf.jpg","keywords":["AUF","eskaliert","Frankreich","k\u00fcndigt","Lage","Milit\u00e4rabkommen","Milit\u00e4rregierung","mit","Niger"],"articleSection":["Deutschland","Russland"],"inLanguage":"de","potentialAction":[{"@type":"CommentAction","name":"Comment","target":["https:\/\/now-news.de\/de\/deutschland\/lage-in-niger-eskaliert-militaerregierung-kuendigt-militaerabkommen-mit-frankreich-auf\/#respond"]}]},{"@type":"WebPage","@id":"https:\/\/now-news.de\/de\/deutschland\/lage-in-niger-eskaliert-militaerregierung-kuendigt-militaerabkommen-mit-frankreich-auf\/","url":"https:\/\/now-news.de\/de\/deutschland\/lage-in-niger-eskaliert-militaerregierung-kuendigt-militaerabkommen-mit-frankreich-auf\/","name":"Lage in Niger eskaliert: Milit\u00e4rregierung k\u00fcndigt Milit\u00e4rabkommen mit Frankreich auf - just-now.NEWS Deutschland","isPartOf":{"@id":"https:\/\/now-news.de\/de\/#website"},"primaryImageOfPage":{"@id":"https:\/\/now-news.de\/de\/deutschland\/lage-in-niger-eskaliert-militaerregierung-kuendigt-militaerabkommen-mit-frankreich-auf\/#primaryimage"},"image":{"@id":"https:\/\/now-news.de\/de\/deutschland\/lage-in-niger-eskaliert-militaerregierung-kuendigt-militaerabkommen-mit-frankreich-auf\/#primaryimage"},"thumbnailUrl":"https:\/\/now-news.de\/de\/wp-content\/uploads\/sites\/3\/2023\/08\/Lage-in-Niger-eskaliert-Militaerregierung-kuendigt-Militaerabkommen-mit-Frankreich-auf.jpg","datePublished":"2023-08-04T15:33:47+00:00","dateModified":"2023-08-04T15:33:47+00:00","breadcrumb":{"@id":"https:\/\/now-news.de\/de\/deutschland\/lage-in-niger-eskaliert-militaerregierung-kuendigt-militaerabkommen-mit-frankreich-auf\/#breadcrumb"},"inLanguage":"de","potentialAction":[{"@type":"ReadAction","target":["https:\/\/now-news.de\/de\/deutschland\/lage-in-niger-eskaliert-militaerregierung-kuendigt-militaerabkommen-mit-frankreich-auf\/"]}]},{"@type":"ImageObject","inLanguage":"de","@id":"https:\/\/now-news.de\/de\/deutschland\/lage-in-niger-eskaliert-militaerregierung-kuendigt-militaerabkommen-mit-frankreich-auf\/#primaryimage","url":"https:\/\/now-news.de\/de\/wp-content\/uploads\/sites\/3\/2023\/08\/Lage-in-Niger-eskaliert-Militaerregierung-kuendigt-Militaerabkommen-mit-Frankreich-auf.jpg","contentUrl":"https:\/\/now-news.de\/de\/wp-content\/uploads\/sites\/3\/2023\/08\/Lage-in-Niger-eskaliert-Militaerregierung-kuendigt-Militaerabkommen-mit-Frankreich-auf.jpg","width":460,"height":259,"caption":"Lage in Niger eskaliert: Milit\u00e4rregierung k\u00fcndigt Milit\u00e4rabkommen mit Frankreich auf"},{"@type":"BreadcrumbList","@id":"https:\/\/now-news.de\/de\/deutschland\/lage-in-niger-eskaliert-militaerregierung-kuendigt-militaerabkommen-mit-frankreich-auf\/#breadcrumb","itemListElement":[{"@type":"ListItem","position":1,"name":"Home","item":"https:\/\/now-news.de\/de\/"},{"@type":"ListItem","position":2,"name":"Lage in Niger eskaliert: Milit\u00e4rregierung k\u00fcndigt Milit\u00e4rabkommen mit Frankreich auf"}]},{"@type":"WebSite","@id":"https:\/\/now-news.de\/de\/#website","url":"https:\/\/now-news.de\/de\/","name":"just-now.NEWS Deutschland","description":"Das Portal f\u00fcr unzensierte Nachrichten aus der Welt","publisher":{"@id":"https:\/\/now-news.de\/de\/#organization"},"potentialAction":[{"@type":"SearchAction","target":{"@type":"EntryPoint","urlTemplate":"https:\/\/now-news.de\/de\/?s={search_term_string}"},"query-input":"required name=search_term_string"}],"inLanguage":"de"},{"@type":"Organization","@id":"https:\/\/now-news.de\/de\/#organization","name":"Just Now News","url":"https:\/\/now-news.de\/de\/","logo":{"@type":"ImageObject","inLanguage":"de","@id":"https:\/\/now-news.de\/de\/#\/schema\/logo\/image\/","url":"http:\/\/just-now.news\/de\/wp-content\/uploads\/sites\/3\/2022\/04\/logo500x500.jpg","contentUrl":"http:\/\/just-now.news\/de\/wp-content\/uploads\/sites\/3\/2022\/04\/logo500x500.jpg","width":500,"height":500,"caption":"Just Now News"},"image":{"@id":"https:\/\/now-news.de\/de\/#\/schema\/logo\/image\/"},"sameAs":["https:\/\/www.facebook.com\/wirmachenauf","https:\/\/x.com\/WirMachenAuf_de"]},{"@type":"Person","@id":"https:\/\/now-news.de\/de\/#\/schema\/person\/fb534a4e865501d8b3285208df34a9b5","name":"rtnews","image":{"@type":"ImageObject","inLanguage":"de","@id":"https:\/\/now-news.de\/de\/#\/schema\/person\/image\/","url":"https:\/\/secure.gravatar.com\/avatar\/82aafea7d8127119dd649515f56e2117?s=96&d=mm&r=g","contentUrl":"https:\/\/secure.gravatar.com\/avatar\/82aafea7d8127119dd649515f56e2117?s=96&d=mm&r=g","caption":"rtnews"},"url":"https:\/\/now-news.de\/de\/author\/rnews\/"}]}},"_links":{"self":[{"href":"https:\/\/now-news.de\/de\/wp-json\/wp\/v2\/posts\/41354"}],"collection":[{"href":"https:\/\/now-news.de\/de\/wp-json\/wp\/v2\/posts"}],"about":[{"href":"https:\/\/now-news.de\/de\/wp-json\/wp\/v2\/types\/post"}],"author":[{"embeddable":true,"href":"https:\/\/now-news.de\/de\/wp-json\/wp\/v2\/users\/3"}],"replies":[{"embeddable":true,"href":"https:\/\/now-news.de\/de\/wp-json\/wp\/v2\/comments?post=41354"}],"version-history":[{"count":0,"href":"https:\/\/now-news.de\/de\/wp-json\/wp\/v2\/posts\/41354\/revisions"}],"wp:featuredmedia":[{"embeddable":true,"href":"https:\/\/now-news.de\/de\/wp-json\/wp\/v2\/media\/41355"}],"wp:attachment":[{"href":"https:\/\/now-news.de\/de\/wp-json\/wp\/v2\/media?parent=41354"}],"wp:term":[{"taxonomy":"category","embeddable":true,"href":"https:\/\/now-news.de\/de\/wp-json\/wp\/v2\/categories?post=41354"},{"taxonomy":"post_tag","embeddable":true,"href":"https:\/\/now-news.de\/de\/wp-json\/wp\/v2\/tags?post=41354"}],"curies":[{"name":"wp","href":"https:\/\/api.w.org\/{rel}","templated":true}]}}