{"id":41352,"date":"2023-08-04T17:08:42","date_gmt":"2023-08-04T15:08:42","guid":{"rendered":"https:\/\/just-now.news\/de\/deutschland\/niger-verbietet-franzoesische-sender-die-reaktion-der-eu-ist-entlarvend\/"},"modified":"2023-08-04T17:08:42","modified_gmt":"2023-08-04T15:08:42","slug":"niger-verbietet-franzoesische-sender-die-reaktion-der-eu-ist-entlarvend","status":"publish","type":"post","link":"https:\/\/now-news.de\/de\/deutschland\/niger-verbietet-franzoesische-sender-die-reaktion-der-eu-ist-entlarvend\/","title":{"rendered":"Niger verbietet franz\u00f6sische Sender, die Reaktion der EU ist entlarvend"},"content":{"rendered":"<p><img decoding=\"async\" src=\"http:\/\/just-now.news\/de\/wp-content\/uploads\/sites\/3\/2023\/08\/64cd0163b480cc71a2399b25.jpg\" \/><\/p>\n<div class=\"Text-root Text-type_1 \">\n                Eine Sprecherin des EU-Au\u00dfenbeauftragten Josep Borrell nannte das Verbot franz\u00f6sischer Fernsehsender in Niger &#8220;Verst\u00f6\u00dfe gegen die Grundfreiheiten&#8221;. Daraufhin hielt die Sprecherin des russischen Au\u00dfenministeriums Maria Sacharowa der EU erst mal den Spiegel vor.\n            <\/div>\n<p><\/p>\n<div class=\"Text-root Text-type_5 ArticleView-text ViewText-root \">\n<p><em>Von Thomas R\u00f6per<\/em><\/p>\n<p>Niger hat die franz\u00f6sischen Fernsehsender <em>RFI<\/em> und <em>France 24<\/em> im Land verboten, woraufhin die EU reagiert hat. Nabila Massrali, die Sprecherin des greisen EU-Chefdiplomaten Borrell, schrieb auf X (ehemals Twitter):<\/p>\n<blockquote>\n<p><em>&#8220;Die EU h\u00e4lt die Suspendierung von @RFI und von @FRANCE24 in Niger f\u00fcr inakzeptabel.\u00a0<\/em><em>Diese Ma\u00dfnahme stellt einen schweren Versto\u00df gegen das Recht auf Information und Meinungsfreiheit dar.\u00a0Die EU verurteilt diese Verst\u00f6\u00dfe gegen die Grundfreiheiten aufs Sch\u00e4rfste.&#8221;<\/em><\/p>\n<\/blockquote>\n<div class=\"EmbedBlock-root EmbedBlock-twitter\">\n<div class=\"TwitterEmbed\">\n<blockquote class=\"twitter-tweet lazyload\" data-twitter=\"twitter-tweet\">\n<p lang=\"fr\" dir=\"ltr\">L\u2019UE juge inacceptable la suspension de <a rel=\"nofollow noopener\" target=\"_blank\" href=\"https:\/\/twitter.com\/RFI?ref_src=twsrc%5Etfw\">@RFI<\/a> et de <a rel=\"nofollow noopener\" target=\"_blank\" href=\"https:\/\/twitter.com\/FRANCE24?ref_src=twsrc%5Etfw\">@FRANCE24<\/a> au Niger.Cette mesure est une atteinte grave au droit \u00e0 l\u2019information et \u00e0 la libert\u00e9 d\u2019expression. L\u2019UE condamne fermement ces violations aux libert\u00e9s fondamentales.<\/p>\n<p>\u2014 Nabila Massrali (@NabilaEUspox) <a rel=\"nofollow noopener\" target=\"_blank\" href=\"https:\/\/twitter.com\/NabilaEUspox\/status\/1687343683631259648?ref_src=twsrc%5Etfw\">August 4, 2023<\/a><\/p><\/blockquote>\n<\/div>\n<\/div>\n<p>Das war Maria Sacharowa, der Sprecherin des russischen Au\u00dfenministeriums, eine\u00a0<a rel=\"nofollow noopener\" target=\"_blank\" href=\"https:\/\/t.me\/MariaVladimirovnaZakharova\/5925\">Reaktion auf Telegram<\/a>\u00a0wert, die die ganze Doppelmoral der EU anschaulich aufzeigt und die ich daher genauso unkommentiert \u00fcbersetzt habe (Links und Hervorhebungen aus dem Original) wie die Erkl\u00e4rung der Sprecherin von Borrell auf X (ehemals Twitter), damit die Leser sich selbst ein Bild von den Positionen der Beteiligten machen k\u00f6nnen.<\/p>\n<p><strong>Beginn der \u00dcbersetzung:<\/strong><\/p>\n<p>&#8220;Die EU h\u00e4lt die Suspendierung von <em>RFI<\/em> und von <em>France 24<\/em> in Niger f\u00fcr inakzeptabel. Diese Ma\u00dfnahme stellt einen schweren Versto\u00df gegen das Recht auf Information und Meinungsfreiheit dar&#8221;,\u00a0<a rel=\"nofollow noopener\" target=\"_blank\" href=\"https:\/\/twitter.com\/NabilaEUspox\/status\/1687343683631259648\">twitterte<\/a>\u00a0Nabila Massrali, Sprecherin des Europ\u00e4ischen Ausw\u00e4rtigen Dienstes und von Josep Borrell, heute Morgen.<\/p>\n<p>Frau Massrali, wir freuen uns sehr, dass Sie die Aufmerksamkeit auf den Zustand der Medien und die Rechte der Journalisten in der Welt gelenkt haben. Allerdings ist Niger nicht in der EU. Aber anscheinend legen Sie Ihre Vollmachten sehr weit aus. Lassen Sie uns sehen, wie die Dinge in Ihrem direkten Zust\u00e4ndigkeitsbereich stehen.<\/p>\n<p>Das russische Au\u00dfenministerium\u00a0<a rel=\"nofollow noopener\" target=\"_blank\" href=\"https:\/\/mid.ru\/ru\/press_service\/journalist_help\/repressions\/\">f\u00fchrt seit mehreren Jahren Statistiken<\/a>\u00a0\u00fcber derartige Verst\u00f6\u00dfe. Schade, dass Sie die nicht kennen.<\/p>\n<p>Also:<\/p>\n<ul>\n<li>Auf\u00a0<a rel=\"nofollow noopener\" target=\"_blank\" href=\"http:\/\/%28https\/\/eur-lex.europa.eu\/legal-content\/EN\/TXT\/PDF\/?uri=CELEX:02014D0512-20230722\">Beschluss des EU-Rates<\/a>\u00a0wurde die Ausstrahlung der russischen Fernsehsender <em>Erster Kanal<\/em>, <em>Russia 1<\/em>, <em>NTV<\/em> und <em>REN TV<\/em> sowie\u00a0<a rel=\"nofollow noopener\" target=\"_blank\" href=\"https:\/\/www.consilium.europa.eu\/en\/press\/press-releases\/2022\/03\/02\/eu-imposes-sanctions-on-state-owned-outlets-rt-russia-today-and-sputnik-s-broadcasting-in-the-eu\/\">jeglicher Inhalte<\/a>\u00a0der Sender <em>RT<\/em> und <em>Sputnik<\/em> sowie die Lizenz von <em>Zargrad<\/em> ausgesetzt.<\/li>\n<li>Gegen russische Journalisten und Medienmanager wurden pers\u00f6nliche Sanktionen verh\u00e4ngt: Oleg Dobrodejew, Pawel Gussew, Alexei Pimanow, Dmitri Kisseljow, Margarita Simonjan, Boris Kortschewnikow, Marina Kim, Kirill Wyschinski, Kirill Kleimjonow, Marina Achmedowa und viele andere.<\/li>\n<\/ul>\n<p>Nun zu den EU-Staaten:<\/p>\n<ul>\n<li><strong>\u00d6sterreich<\/strong>\u00a0verh\u00e4ngt Geldstrafen f\u00fcr die Weiterverbreitung von Material von <em>RT<\/em> und <em>Sputnik<\/em>.<\/li>\n<li>In\u00a0<strong>Bulgarien<\/strong>\u00a0ist die Ausstrahlung von <em>RT<\/em> und <em>Sputnik<\/em> eingeschr\u00e4nkt.<\/li>\n<li>In\u00a0<strong>Deutschland<\/strong>\u00a0hat die Kommission f\u00fcr Zulassung und Aufsicht die Ausstrahlung von <em>RT DE<\/em> in der BRD verboten.<\/li>\n<li>In\u00a0<strong>Italien<\/strong>\u00a0wurden die Konten von <em>VGTRK<\/em> gesperrt.<\/li>\n<li>In\u00a0<strong>Lettland<\/strong>\u00a0wurden <em>RTR<\/em>, <em>Rossija 24<\/em>, <em>TV Centre<\/em>, <em>TNT<\/em>, <em>CTC<\/em>, <em>RTVI<\/em>, <em>Peretz!<\/em>, <em>RBC<\/em>, <em>Moya Planeta<\/em>, <em>Domashny<\/em>, <em>NTV<\/em> und 18 weitere Sender der Gazprom-Media Holding mit einem Sendeverbot belegt, der Zugang zu <em>lenta.ru<\/em>,<em> ria.ru <\/em>und<em> vz.ru<\/em> wurde blockiert, und der Chefredakteur von <em>Sputnik Litauen<\/em>, Marat Kasem, wurde verhaftet.<\/li>\n<li>In\u00a0<strong>Litauen<\/strong>\u00a0wurden alle russischen Sender verboten und alle Websites, auf denen sie online zu sehen sind, wurden blockiert.<\/li>\n<li>In\u00a0<strong>Luxemburg<\/strong>\u00a0wurde die Ausstrahlung von <em>RT<\/em> und <em>Sputnik<\/em> eingestellt.<\/li>\n<li>In\u00a0<strong>Malta<\/strong>\u00a0wurde die Satellitenausstrahlung russischer Fernsehsender blockiert.<\/li>\n<li>In\u00a0<strong>Polen<\/strong>\u00a0wurden <em>RT<\/em>, <em>RT Documentary<\/em>, <em>RTR-Planeta<\/em>, <em>Soyuz TV<\/em> und <em>Rossija 24<\/em> verboten.<\/li>\n<li>In\u00a0<strong>Finnland<\/strong>\u00a0wurde die Ausstrahlung von <em>RT<\/em> eingestellt.<\/li>\n<li>In\u00a0<strong>Frankreich<\/strong>\u00a0wurden die Accounts von <em>Sputnik<\/em> in den sozialen Medien gesperrt, die Bankkonten von <em>RT France<\/em> wurden blockiert, die russischen Fernsehsender <em>RTR Planeta<\/em>, <em>Rossija 24<\/em>\u00a0und <em>TV Centre<\/em> wurden abgeschaltet und die Medienaufsichtsbeh\u00f6rde hat die Ausstrahlung von <em>Erster Kanal<\/em>, <em>Russia 1<\/em> und <em>NTV<\/em> eingestellt.<\/li>\n<li>In\u00a0<strong>Estland<\/strong>\u00a0wurde die Ausstrahlung von <em>RTR Planeta<\/em>, <em>NTV Mir<\/em> und <em>Rossija 24<\/em>\u00a0eingestellt, alle Websites, auf denen sie online zu sehen sind, wurden gesperrt, und der Zugang zu den russischen Nachrichtenseiten <em>ntv.ru;<\/em> ren.tv; <em>5-tv.ru<\/em>;<em> 78.ru<\/em>;<em> 1tv.com<\/em>;<em> lenta.ru<\/em>;<em> tass.ru<\/em> wurde blockiert.<\/li>\n<\/ul>\n<p>Dies ist nur ein Teil des ganzen Mechanismus systematischer Verst\u00f6\u00dfe gegen die Rechte von Medien und Journalisten auf dem Gebiet der EU. Dies ist ein wirklich schwerwiegender Angriff auf das Recht auf Information und Meinungsfreiheit. Um die Schwierigkeiten zu l\u00f6sen, die mit der derzeitigen Situation auf dem Gebiet der EU verbunden sind, ist es dringend n\u00f6tig, die Gerechtigkeit wiederherzustellen. Dar\u00fcber sprechen wir schon seit Jahren.<\/p>\n<p>Danach k\u00f6nnen Sie sich getrost der Lage in Niger zuwenden. Solange die EU dasselbe tut wie Niger, steht es Ihnen nicht zu, \u00fcber sie zu urteilen.<\/p>\n<p><strong>Ende der \u00dcbersetzung<\/strong><\/p>\n<p><em>Zuerst ver\u00f6ffentlicht auf dem Medienportal\u00a0<a rel=\"nofollow noopener\" target=\"_blank\" href=\"https:\/\/www.anti-spiegel.ru\/2023\/niger-verbietet-franzoesische-sender-die-reaktion-der-eu-ist-entlarvend\/\">Anti-Spiegel<\/a>\u00a0am 4. August 2023.<\/em><\/p>\n<p><strong><em>Thomas R\u00f6per<\/em><\/strong><em>\u00a0ist\u00a0<a rel=\"nofollow noopener\" target=\"_blank\" href=\"https:\/\/www.j-k-fischer-verlag.de\/J-K-Fischer-Verlag\/INSIDE-CORONA--10647.html?MODsid=j1ntrqphthqn9pcq14hvvjgic1\">Herausgeber<\/a>\u00a0und Blogbetreiber der Website Anti-Spiegel.<\/em><\/p>\n<p><strong>Mehr zum Thema\u00a0<\/strong>\u2013 <a rel=\"nofollow noopener\" target=\"_blank\" href=\"https:\/\/freedert.online\/programme\/anti-spiegel-tv\/176647-brics-sperrt-westen-aus-frontbesuch\/\">BRICS sperrt den Westen aus, Frontbesuch und der &#8220;Baerbock der Woche&#8221;<\/a><em><br \/><\/em><\/p>\n<div class=\"EmbedBlock-root EmbedBlock-externalVideo EmbedBlock-vk\">\n<div class=\"VkEmbed\"><iframe class=\"lazyload\" data-src=\"https:\/\/vk.com\/video_ext.php?oid=-134310637&amp;id=456268899&amp;hash=c1f7cb0a281af853\" frameborder=\"0\" width=\"853\" height=\"480\" allowfullscreen><\/iframe><\/div>\n<\/div>\n<\/div>\n<p><script async src=\"https:\/\/platform.twitter.com\/widgets.js\" charset=\"utf-8\"><\/script><br \/>\n<br \/><br \/>\n<br \/><a href=\"https:\/\/de.rt.com\/meinung\/177005-niger-verbietet-franzoesische-sender-die-reaktion-der-eu-ist-entlarvend\/\">Source link <\/a><\/p>\n","protected":false},"excerpt":{"rendered":"<p>Eine Sprecherin des EU-Au\u00dfenbeauftragten Josep Borrell nannte das Verbot franz\u00f6sischer Fernsehsender in Niger &#8220;Verst\u00f6\u00dfe gegen die Grundfreiheiten&#8221;. Daraufhin hielt die Sprecherin des russischen Au\u00dfenministeriums Maria Sacharowa der EU erst mal den Spiegel vor. Von Thomas R\u00f6per Niger hat die franz\u00f6sischen Fernsehsender RFI und France 24 im Land verboten, woraufhin die EU reagiert hat. Nabila Massrali, [&hellip;]<\/p>\n","protected":false},"author":3,"featured_media":41353,"comment_status":"open","ping_status":"open","sticky":false,"template":"","format":"standard","meta":{"_yoast_indexnow_last_ping":["1691162339"],"wp_automatic_camp":["217"],"cee510e19661b65d9737139c82a2ec51":["Niger verbietet franz\u00f6sische Sender, die Reaktion der EU ist entlarvend"],"original_link":["https:\/\/de.rt.com\/meinung\/177005-niger-verbietet-franzoesische-sender-die-reaktion-der-eu-ist-entlarvend\/"],"_thumbnail_id":["41353"],"_wptgpro_p2tg_sent2tg":["a:1:{i:23737;s:19:\"2023-08-04 17:20:07\";}"],"jnews_social_counter_last_update":["1776914670"]},"categories":[19,23],"tags":[82,45,47403,9969,414,36434,158,7173,19452],"yoast_head":"<!-- This site is optimized with the Yoast SEO Premium plugin v22.7 (Yoast SEO v22.7) - https:\/\/yoast.com\/wordpress\/plugins\/seo\/ -->\n<title>Niger verbietet franz\u00f6sische Sender, die Reaktion der EU ist entlarvend - just-now.NEWS Deutschland<\/title>\n<meta name=\"robots\" content=\"index, follow, max-snippet:-1, max-image-preview:large, max-video-preview:-1\" \/>\n<link rel=\"canonical\" href=\"https:\/\/now-news.de\/de\/deutschland\/niger-verbietet-franzoesische-sender-die-reaktion-der-eu-ist-entlarvend\/\" \/>\n<meta property=\"og:locale\" content=\"de_DE\" \/>\n<meta property=\"og:type\" content=\"article\" \/>\n<meta property=\"og:title\" content=\"Niger verbietet franz\u00f6sische Sender, die Reaktion der EU ist entlarvend\" \/>\n<meta property=\"og:description\" content=\"Eine Sprecherin des EU-Au\u00dfenbeauftragten Josep Borrell nannte das Verbot franz\u00f6sischer Fernsehsender in Niger &#8220;Verst\u00f6\u00dfe gegen die Grundfreiheiten&#8221;. Daraufhin hielt die Sprecherin des russischen Au\u00dfenministeriums Maria Sacharowa der EU erst mal den Spiegel vor. Von Thomas R\u00f6per Niger hat die franz\u00f6sischen Fernsehsender RFI und France 24 im Land verboten, woraufhin die EU reagiert hat. Nabila Massrali, [&hellip;]\" \/>\n<meta property=\"og:url\" content=\"https:\/\/now-news.de\/de\/deutschland\/niger-verbietet-franzoesische-sender-die-reaktion-der-eu-ist-entlarvend\/\" \/>\n<meta property=\"og:site_name\" content=\"just-now.NEWS Deutschland\" \/>\n<meta property=\"article:publisher\" content=\"https:\/\/www.facebook.com\/wirmachenauf\" \/>\n<meta property=\"article:published_time\" content=\"2023-08-04T15:08:42+00:00\" \/>\n<meta property=\"og:image\" content=\"https:\/\/now-news.de\/de\/wp-content\/uploads\/sites\/3\/2023\/08\/Niger-verbietet-franzoesische-Sender-die-Reaktion-der-EU-ist-entlarvend.jpg\" \/>\n\t<meta property=\"og:image:width\" content=\"460\" \/>\n\t<meta property=\"og:image:height\" content=\"259\" \/>\n\t<meta property=\"og:image:type\" content=\"image\/jpeg\" \/>\n<meta name=\"author\" content=\"rtnews\" \/>\n<meta name=\"twitter:card\" content=\"summary_large_image\" \/>\n<meta name=\"twitter:creator\" content=\"@WirMachenAuf_de\" \/>\n<meta name=\"twitter:site\" content=\"@WirMachenAuf_de\" \/>\n<meta name=\"twitter:label1\" content=\"Verfasst von\" \/>\n\t<meta name=\"twitter:data1\" content=\"rtnews\" \/>\n\t<meta name=\"twitter:label2\" content=\"Gesch\u00e4tzte Lesezeit\" \/>\n\t<meta name=\"twitter:data2\" content=\"4\u00a0Minuten\" \/>\n<script type=\"application\/ld+json\" class=\"yoast-schema-graph\">{\"@context\":\"https:\/\/schema.org\",\"@graph\":[{\"@type\":\"Article\",\"@id\":\"https:\/\/now-news.de\/de\/deutschland\/niger-verbietet-franzoesische-sender-die-reaktion-der-eu-ist-entlarvend\/#article\",\"isPartOf\":{\"@id\":\"https:\/\/now-news.de\/de\/deutschland\/niger-verbietet-franzoesische-sender-die-reaktion-der-eu-ist-entlarvend\/\"},\"author\":{\"name\":\"rtnews\",\"@id\":\"https:\/\/now-news.de\/de\/#\/schema\/person\/fb534a4e865501d8b3285208df34a9b5\"},\"headline\":\"Niger verbietet franz\u00f6sische Sender, die Reaktion der EU ist entlarvend\",\"datePublished\":\"2023-08-04T15:08:42+00:00\",\"dateModified\":\"2023-08-04T15:08:42+00:00\",\"mainEntityOfPage\":{\"@id\":\"https:\/\/now-news.de\/de\/deutschland\/niger-verbietet-franzoesische-sender-die-reaktion-der-eu-ist-entlarvend\/\"},\"wordCount\":807,\"commentCount\":0,\"publisher\":{\"@id\":\"https:\/\/now-news.de\/de\/#organization\"},\"image\":{\"@id\":\"https:\/\/now-news.de\/de\/deutschland\/niger-verbietet-franzoesische-sender-die-reaktion-der-eu-ist-entlarvend\/#primaryimage\"},\"thumbnailUrl\":\"https:\/\/now-news.de\/de\/wp-content\/uploads\/sites\/3\/2023\/08\/Niger-verbietet-franzoesische-Sender-die-Reaktion-der-EU-ist-entlarvend.jpg\",\"keywords\":[\"der\",\"die\",\"entlarvend\",\"franz\u00f6sische\",\"ist\",\"Niger\",\"reaktion\",\"Sender\",\"verbietet\"],\"articleSection\":[\"Deutschland\",\"Russland\"],\"inLanguage\":\"de\",\"potentialAction\":[{\"@type\":\"CommentAction\",\"name\":\"Comment\",\"target\":[\"https:\/\/now-news.de\/de\/deutschland\/niger-verbietet-franzoesische-sender-die-reaktion-der-eu-ist-entlarvend\/#respond\"]}]},{\"@type\":\"WebPage\",\"@id\":\"https:\/\/now-news.de\/de\/deutschland\/niger-verbietet-franzoesische-sender-die-reaktion-der-eu-ist-entlarvend\/\",\"url\":\"https:\/\/now-news.de\/de\/deutschland\/niger-verbietet-franzoesische-sender-die-reaktion-der-eu-ist-entlarvend\/\",\"name\":\"Niger verbietet franz\u00f6sische Sender, die Reaktion der EU ist entlarvend - just-now.NEWS Deutschland\",\"isPartOf\":{\"@id\":\"https:\/\/now-news.de\/de\/#website\"},\"primaryImageOfPage\":{\"@id\":\"https:\/\/now-news.de\/de\/deutschland\/niger-verbietet-franzoesische-sender-die-reaktion-der-eu-ist-entlarvend\/#primaryimage\"},\"image\":{\"@id\":\"https:\/\/now-news.de\/de\/deutschland\/niger-verbietet-franzoesische-sender-die-reaktion-der-eu-ist-entlarvend\/#primaryimage\"},\"thumbnailUrl\":\"https:\/\/now-news.de\/de\/wp-content\/uploads\/sites\/3\/2023\/08\/Niger-verbietet-franzoesische-Sender-die-Reaktion-der-EU-ist-entlarvend.jpg\",\"datePublished\":\"2023-08-04T15:08:42+00:00\",\"dateModified\":\"2023-08-04T15:08:42+00:00\",\"breadcrumb\":{\"@id\":\"https:\/\/now-news.de\/de\/deutschland\/niger-verbietet-franzoesische-sender-die-reaktion-der-eu-ist-entlarvend\/#breadcrumb\"},\"inLanguage\":\"de\",\"potentialAction\":[{\"@type\":\"ReadAction\",\"target\":[\"https:\/\/now-news.de\/de\/deutschland\/niger-verbietet-franzoesische-sender-die-reaktion-der-eu-ist-entlarvend\/\"]}]},{\"@type\":\"ImageObject\",\"inLanguage\":\"de\",\"@id\":\"https:\/\/now-news.de\/de\/deutschland\/niger-verbietet-franzoesische-sender-die-reaktion-der-eu-ist-entlarvend\/#primaryimage\",\"url\":\"https:\/\/now-news.de\/de\/wp-content\/uploads\/sites\/3\/2023\/08\/Niger-verbietet-franzoesische-Sender-die-Reaktion-der-EU-ist-entlarvend.jpg\",\"contentUrl\":\"https:\/\/now-news.de\/de\/wp-content\/uploads\/sites\/3\/2023\/08\/Niger-verbietet-franzoesische-Sender-die-Reaktion-der-EU-ist-entlarvend.jpg\",\"width\":460,\"height\":259,\"caption\":\"Niger verbietet franz\u00f6sische Sender, die Reaktion der EU ist entlarvend\"},{\"@type\":\"BreadcrumbList\",\"@id\":\"https:\/\/now-news.de\/de\/deutschland\/niger-verbietet-franzoesische-sender-die-reaktion-der-eu-ist-entlarvend\/#breadcrumb\",\"itemListElement\":[{\"@type\":\"ListItem\",\"position\":1,\"name\":\"Home\",\"item\":\"https:\/\/now-news.de\/de\/\"},{\"@type\":\"ListItem\",\"position\":2,\"name\":\"Niger verbietet franz\u00f6sische Sender, die Reaktion der EU ist entlarvend\"}]},{\"@type\":\"WebSite\",\"@id\":\"https:\/\/now-news.de\/de\/#website\",\"url\":\"https:\/\/now-news.de\/de\/\",\"name\":\"just-now.NEWS Deutschland\",\"description\":\"Das Portal f\u00fcr unzensierte Nachrichten aus der Welt\",\"publisher\":{\"@id\":\"https:\/\/now-news.de\/de\/#organization\"},\"potentialAction\":[{\"@type\":\"SearchAction\",\"target\":{\"@type\":\"EntryPoint\",\"urlTemplate\":\"https:\/\/now-news.de\/de\/?s={search_term_string}\"},\"query-input\":\"required name=search_term_string\"}],\"inLanguage\":\"de\"},{\"@type\":\"Organization\",\"@id\":\"https:\/\/now-news.de\/de\/#organization\",\"name\":\"Just Now News\",\"url\":\"https:\/\/now-news.de\/de\/\",\"logo\":{\"@type\":\"ImageObject\",\"inLanguage\":\"de\",\"@id\":\"https:\/\/now-news.de\/de\/#\/schema\/logo\/image\/\",\"url\":\"http:\/\/just-now.news\/de\/wp-content\/uploads\/sites\/3\/2022\/04\/logo500x500.jpg\",\"contentUrl\":\"http:\/\/just-now.news\/de\/wp-content\/uploads\/sites\/3\/2022\/04\/logo500x500.jpg\",\"width\":500,\"height\":500,\"caption\":\"Just Now News\"},\"image\":{\"@id\":\"https:\/\/now-news.de\/de\/#\/schema\/logo\/image\/\"},\"sameAs\":[\"https:\/\/www.facebook.com\/wirmachenauf\",\"https:\/\/x.com\/WirMachenAuf_de\"]},{\"@type\":\"Person\",\"@id\":\"https:\/\/now-news.de\/de\/#\/schema\/person\/fb534a4e865501d8b3285208df34a9b5\",\"name\":\"rtnews\",\"image\":{\"@type\":\"ImageObject\",\"inLanguage\":\"de\",\"@id\":\"https:\/\/now-news.de\/de\/#\/schema\/person\/image\/\",\"url\":\"https:\/\/secure.gravatar.com\/avatar\/82aafea7d8127119dd649515f56e2117?s=96&d=mm&r=g\",\"contentUrl\":\"https:\/\/secure.gravatar.com\/avatar\/82aafea7d8127119dd649515f56e2117?s=96&d=mm&r=g\",\"caption\":\"rtnews\"},\"url\":\"https:\/\/now-news.de\/de\/author\/rnews\/\"}]}<\/script>\n<!-- \/ Yoast SEO Premium plugin. -->","yoast_head_json":{"title":"Niger verbietet franz\u00f6sische Sender, die Reaktion der EU ist entlarvend - just-now.NEWS Deutschland","robots":{"index":"index","follow":"follow","max-snippet":"max-snippet:-1","max-image-preview":"max-image-preview:large","max-video-preview":"max-video-preview:-1"},"canonical":"https:\/\/now-news.de\/de\/deutschland\/niger-verbietet-franzoesische-sender-die-reaktion-der-eu-ist-entlarvend\/","og_locale":"de_DE","og_type":"article","og_title":"Niger verbietet franz\u00f6sische Sender, die Reaktion der EU ist entlarvend","og_description":"Eine Sprecherin des EU-Au\u00dfenbeauftragten Josep Borrell nannte das Verbot franz\u00f6sischer Fernsehsender in Niger &#8220;Verst\u00f6\u00dfe gegen die Grundfreiheiten&#8221;. Daraufhin hielt die Sprecherin des russischen Au\u00dfenministeriums Maria Sacharowa der EU erst mal den Spiegel vor. Von Thomas R\u00f6per Niger hat die franz\u00f6sischen Fernsehsender RFI und France 24 im Land verboten, woraufhin die EU reagiert hat. Nabila Massrali, [&hellip;]","og_url":"https:\/\/now-news.de\/de\/deutschland\/niger-verbietet-franzoesische-sender-die-reaktion-der-eu-ist-entlarvend\/","og_site_name":"just-now.NEWS Deutschland","article_publisher":"https:\/\/www.facebook.com\/wirmachenauf","article_published_time":"2023-08-04T15:08:42+00:00","og_image":[{"width":460,"height":259,"url":"https:\/\/now-news.de\/de\/wp-content\/uploads\/sites\/3\/2023\/08\/Niger-verbietet-franzoesische-Sender-die-Reaktion-der-EU-ist-entlarvend.jpg","type":"image\/jpeg"}],"author":"rtnews","twitter_card":"summary_large_image","twitter_creator":"@WirMachenAuf_de","twitter_site":"@WirMachenAuf_de","twitter_misc":{"Verfasst von":"rtnews","Gesch\u00e4tzte Lesezeit":"4\u00a0Minuten"},"schema":{"@context":"https:\/\/schema.org","@graph":[{"@type":"Article","@id":"https:\/\/now-news.de\/de\/deutschland\/niger-verbietet-franzoesische-sender-die-reaktion-der-eu-ist-entlarvend\/#article","isPartOf":{"@id":"https:\/\/now-news.de\/de\/deutschland\/niger-verbietet-franzoesische-sender-die-reaktion-der-eu-ist-entlarvend\/"},"author":{"name":"rtnews","@id":"https:\/\/now-news.de\/de\/#\/schema\/person\/fb534a4e865501d8b3285208df34a9b5"},"headline":"Niger verbietet franz\u00f6sische Sender, die Reaktion der EU ist entlarvend","datePublished":"2023-08-04T15:08:42+00:00","dateModified":"2023-08-04T15:08:42+00:00","mainEntityOfPage":{"@id":"https:\/\/now-news.de\/de\/deutschland\/niger-verbietet-franzoesische-sender-die-reaktion-der-eu-ist-entlarvend\/"},"wordCount":807,"commentCount":0,"publisher":{"@id":"https:\/\/now-news.de\/de\/#organization"},"image":{"@id":"https:\/\/now-news.de\/de\/deutschland\/niger-verbietet-franzoesische-sender-die-reaktion-der-eu-ist-entlarvend\/#primaryimage"},"thumbnailUrl":"https:\/\/now-news.de\/de\/wp-content\/uploads\/sites\/3\/2023\/08\/Niger-verbietet-franzoesische-Sender-die-Reaktion-der-EU-ist-entlarvend.jpg","keywords":["der","die","entlarvend","franz\u00f6sische","ist","Niger","reaktion","Sender","verbietet"],"articleSection":["Deutschland","Russland"],"inLanguage":"de","potentialAction":[{"@type":"CommentAction","name":"Comment","target":["https:\/\/now-news.de\/de\/deutschland\/niger-verbietet-franzoesische-sender-die-reaktion-der-eu-ist-entlarvend\/#respond"]}]},{"@type":"WebPage","@id":"https:\/\/now-news.de\/de\/deutschland\/niger-verbietet-franzoesische-sender-die-reaktion-der-eu-ist-entlarvend\/","url":"https:\/\/now-news.de\/de\/deutschland\/niger-verbietet-franzoesische-sender-die-reaktion-der-eu-ist-entlarvend\/","name":"Niger verbietet franz\u00f6sische Sender, die Reaktion der EU ist entlarvend - just-now.NEWS Deutschland","isPartOf":{"@id":"https:\/\/now-news.de\/de\/#website"},"primaryImageOfPage":{"@id":"https:\/\/now-news.de\/de\/deutschland\/niger-verbietet-franzoesische-sender-die-reaktion-der-eu-ist-entlarvend\/#primaryimage"},"image":{"@id":"https:\/\/now-news.de\/de\/deutschland\/niger-verbietet-franzoesische-sender-die-reaktion-der-eu-ist-entlarvend\/#primaryimage"},"thumbnailUrl":"https:\/\/now-news.de\/de\/wp-content\/uploads\/sites\/3\/2023\/08\/Niger-verbietet-franzoesische-Sender-die-Reaktion-der-EU-ist-entlarvend.jpg","datePublished":"2023-08-04T15:08:42+00:00","dateModified":"2023-08-04T15:08:42+00:00","breadcrumb":{"@id":"https:\/\/now-news.de\/de\/deutschland\/niger-verbietet-franzoesische-sender-die-reaktion-der-eu-ist-entlarvend\/#breadcrumb"},"inLanguage":"de","potentialAction":[{"@type":"ReadAction","target":["https:\/\/now-news.de\/de\/deutschland\/niger-verbietet-franzoesische-sender-die-reaktion-der-eu-ist-entlarvend\/"]}]},{"@type":"ImageObject","inLanguage":"de","@id":"https:\/\/now-news.de\/de\/deutschland\/niger-verbietet-franzoesische-sender-die-reaktion-der-eu-ist-entlarvend\/#primaryimage","url":"https:\/\/now-news.de\/de\/wp-content\/uploads\/sites\/3\/2023\/08\/Niger-verbietet-franzoesische-Sender-die-Reaktion-der-EU-ist-entlarvend.jpg","contentUrl":"https:\/\/now-news.de\/de\/wp-content\/uploads\/sites\/3\/2023\/08\/Niger-verbietet-franzoesische-Sender-die-Reaktion-der-EU-ist-entlarvend.jpg","width":460,"height":259,"caption":"Niger verbietet franz\u00f6sische Sender, die Reaktion der EU ist entlarvend"},{"@type":"BreadcrumbList","@id":"https:\/\/now-news.de\/de\/deutschland\/niger-verbietet-franzoesische-sender-die-reaktion-der-eu-ist-entlarvend\/#breadcrumb","itemListElement":[{"@type":"ListItem","position":1,"name":"Home","item":"https:\/\/now-news.de\/de\/"},{"@type":"ListItem","position":2,"name":"Niger verbietet franz\u00f6sische Sender, die Reaktion der EU ist entlarvend"}]},{"@type":"WebSite","@id":"https:\/\/now-news.de\/de\/#website","url":"https:\/\/now-news.de\/de\/","name":"just-now.NEWS Deutschland","description":"Das Portal f\u00fcr unzensierte Nachrichten aus der Welt","publisher":{"@id":"https:\/\/now-news.de\/de\/#organization"},"potentialAction":[{"@type":"SearchAction","target":{"@type":"EntryPoint","urlTemplate":"https:\/\/now-news.de\/de\/?s={search_term_string}"},"query-input":"required name=search_term_string"}],"inLanguage":"de"},{"@type":"Organization","@id":"https:\/\/now-news.de\/de\/#organization","name":"Just Now News","url":"https:\/\/now-news.de\/de\/","logo":{"@type":"ImageObject","inLanguage":"de","@id":"https:\/\/now-news.de\/de\/#\/schema\/logo\/image\/","url":"http:\/\/just-now.news\/de\/wp-content\/uploads\/sites\/3\/2022\/04\/logo500x500.jpg","contentUrl":"http:\/\/just-now.news\/de\/wp-content\/uploads\/sites\/3\/2022\/04\/logo500x500.jpg","width":500,"height":500,"caption":"Just Now News"},"image":{"@id":"https:\/\/now-news.de\/de\/#\/schema\/logo\/image\/"},"sameAs":["https:\/\/www.facebook.com\/wirmachenauf","https:\/\/x.com\/WirMachenAuf_de"]},{"@type":"Person","@id":"https:\/\/now-news.de\/de\/#\/schema\/person\/fb534a4e865501d8b3285208df34a9b5","name":"rtnews","image":{"@type":"ImageObject","inLanguage":"de","@id":"https:\/\/now-news.de\/de\/#\/schema\/person\/image\/","url":"https:\/\/secure.gravatar.com\/avatar\/82aafea7d8127119dd649515f56e2117?s=96&d=mm&r=g","contentUrl":"https:\/\/secure.gravatar.com\/avatar\/82aafea7d8127119dd649515f56e2117?s=96&d=mm&r=g","caption":"rtnews"},"url":"https:\/\/now-news.de\/de\/author\/rnews\/"}]}},"_links":{"self":[{"href":"https:\/\/now-news.de\/de\/wp-json\/wp\/v2\/posts\/41352"}],"collection":[{"href":"https:\/\/now-news.de\/de\/wp-json\/wp\/v2\/posts"}],"about":[{"href":"https:\/\/now-news.de\/de\/wp-json\/wp\/v2\/types\/post"}],"author":[{"embeddable":true,"href":"https:\/\/now-news.de\/de\/wp-json\/wp\/v2\/users\/3"}],"replies":[{"embeddable":true,"href":"https:\/\/now-news.de\/de\/wp-json\/wp\/v2\/comments?post=41352"}],"version-history":[{"count":0,"href":"https:\/\/now-news.de\/de\/wp-json\/wp\/v2\/posts\/41352\/revisions"}],"wp:featuredmedia":[{"embeddable":true,"href":"https:\/\/now-news.de\/de\/wp-json\/wp\/v2\/media\/41353"}],"wp:attachment":[{"href":"https:\/\/now-news.de\/de\/wp-json\/wp\/v2\/media?parent=41352"}],"wp:term":[{"taxonomy":"category","embeddable":true,"href":"https:\/\/now-news.de\/de\/wp-json\/wp\/v2\/categories?post=41352"},{"taxonomy":"post_tag","embeddable":true,"href":"https:\/\/now-news.de\/de\/wp-json\/wp\/v2\/tags?post=41352"}],"curies":[{"name":"wp","href":"https:\/\/api.w.org\/{rel}","templated":true}]}}