{"id":41334,"date":"2023-08-04T11:49:41","date_gmt":"2023-08-04T09:49:41","guid":{"rendered":"https:\/\/just-now.news\/de\/deutschland\/rechtswidrige-sternstunde-der-demokratie-kreistag-garmisch-lehnt-afd-nachruecker-ab\/"},"modified":"2023-08-04T11:49:41","modified_gmt":"2023-08-04T09:49:41","slug":"rechtswidrige-sternstunde-der-demokratie-kreistag-garmisch-lehnt-afd-nachruecker-ab","status":"publish","type":"post","link":"https:\/\/now-news.de\/de\/deutschland\/rechtswidrige-sternstunde-der-demokratie-kreistag-garmisch-lehnt-afd-nachruecker-ab\/","title":{"rendered":"Rechtswidrige &quot;Sternstunde der Demokratie&quot;: Kreistag Garmisch lehnt AfD-Nachr\u00fccker ab"},"content":{"rendered":"<p><img decoding=\"async\" src=\"http:\/\/just-now.news\/de\/wp-content\/uploads\/sites\/3\/2023\/08\/64ccbee148fbef799848c9a7.jpeg\" \/><\/p>\n<div class=\"Text-root Text-type_1 \">\n                Der Kreistag von Garmisch-Partenkirchen hat einen Nachr\u00fccker der AfD abgelehnt. Eine Entscheidung, die in der Gemeindeordnung nicht vorgesehen ist. Die Beteiligten feiern sich f\u00fcr ihre &#8220;Sternstunde der Demokratie&#8221;, w\u00e4hrend die AfD ank\u00fcndigt, den Rechtsweg zu suchen.\n            <\/div>\n<p><\/p>\n<div class=\"Text-root Text-type_5 ArticleView-text ViewText-root \">\n<p>Der Kreistag des Landkreises Garmisch-Partenkirchen, der in Mittenwald tagte, hat sich geweigert, Albert Mutschlechner, den Nachr\u00fccker f\u00fcr eine ausgeschiedene AfD-Vertreterin, zu akzeptieren. Mit 39:5 Stimmen wurde erkl\u00e4rt, es gebe &#8220;erhebliche Zweifel an dessen demokratischer Gesinnung&#8221;, wie der Merkur <a rel=\"nofollow noopener\" target=\"_blank\" href=\"https:\/\/www.merkur.de\/lokales\/garmisch-partenkirchen\/garmisch-partenkirchen-ort28711\/noch-keine-loesung-nach-ablehnung-von-afd-mann-in-garmisch-partenkirchen-92438203.html\">berichtete<\/a>. Nach Aussage der Fraktionschefin der Gr\u00fcnen im Kreistag sei dieser Beschluss eine &#8220;Sternstunde der Demokratie&#8221;.<\/p>\n<p>Die Mehrheit des Kreistags ist sich der Tatsache bewusst, dass dieser Beschluss rechtswidrig ist und vor Gericht keinen Bestand haben d\u00fcrfte, weshalb der Landrat pflichtgem\u00e4\u00df gegen diesen Beschluss gestimmt hat. Die Garmischer AfD hat bereits angek\u00fcndigt, eine rechtliche Kl\u00e4rung zu suchen. Augenblicklich liegt der Beschluss beim Landratsamt, das dann gegen\u00fcber der Regierung von Oberbayern einen L\u00f6sungsvorschlag machen muss. Die n\u00e4chste Sitzung des Kreistages ist erst f\u00fcr den 23. Oktober angesetzt.<\/p>\n<p>Der Vorfall geht vermutlich auf das Konto der Garmischer B\u00fcrgermeisterin Elisabeth Koch (CSU), die auf der Sitzung mit auf Plakaten ausgedruckten Aussagen Mutschlechners von dessen &#8211; nicht\u00f6ffentlichem \u2013 Facebook-Konto erschien. Der Presse gegen\u00fcber best\u00e4tigte sie, dass der Beschluss letztlich &#8220;ersetzt werden muss&#8221;. Die Juristin meinte, niemand k\u00f6nne den Mandatstr\u00e4gern verbieten, ihre Meinung kund zu tun: &#8220;Wir sind alle nur unserem eigenen Gewissen unterworfen.&#8221;<\/p>\n<p>Die Bayrische Gemeindeordnung schreibt allerdings nicht nur vor, dass kommunale Vertreter einen Amtseid ablegen m\u00fcssen, der sie auf Recht und Gesetz verpflichtet; sie definiert diese auch als Teil der kommunalen Verwaltung. Der Rechtsstatus, auf den sich Koch beruft, gilt erst f\u00fcr Landtagsabgeordnete, nicht f\u00fcr kommunale Vertreter.<\/p>\n<p><strong>Mehr zum Thema<\/strong> &#8211;\u00a0<a rel=\"nofollow noopener\" target=\"_blank\" href=\"https:\/\/freedert.online\/meinung\/174549-partei-schlechten-laune-blinder-hass\/\">Die ach so gef\u00e4hrliche AfD &#8211; Was ist dagegen schon eine Regierung im Kriegswahn<\/a>\u00a0<\/p>\n<\/p>\n<\/div>\n<p><br \/>\n<br \/><a href=\"https:\/\/de.rt.com\/inland\/176965-garmisch-rechtswidrige-sternstunde-demokratie\/\">Source link <\/a><\/p>\n","protected":false},"excerpt":{"rendered":"<p>Der Kreistag von Garmisch-Partenkirchen hat einen Nachr\u00fccker der AfD abgelehnt. Eine Entscheidung, die in der Gemeindeordnung nicht vorgesehen ist. Die Beteiligten feiern sich f\u00fcr ihre &#8220;Sternstunde der Demokratie&#8221;, w\u00e4hrend die AfD ank\u00fcndigt, den Rechtsweg zu suchen. Der Kreistag des Landkreises Garmisch-Partenkirchen, der in Mittenwald tagte, hat sich geweigert, Albert Mutschlechner, den Nachr\u00fccker f\u00fcr eine ausgeschiedene [&hellip;]<\/p>\n","protected":false},"author":3,"featured_media":41335,"comment_status":"open","ping_status":"open","sticky":false,"template":"","format":"standard","meta":{"_yoast_indexnow_last_ping":["1691142735"],"wp_automatic_camp":["217"],"8d995f955d434c3b26d9c3ed9b26b09e":["Rechtswidrige &quot;Sternstunde der Demokratie&quot;: Kreistag Garmisch lehnt AfD-Nachr\u00fccker ab"],"original_link":["https:\/\/de.rt.com\/inland\/176965-garmisch-rechtswidrige-sternstunde-demokratie\/"],"_thumbnail_id":["41335"],"_wptgpro_p2tg_sent2tg":["a:1:{i:23737;s:19:\"2023-08-04 11:54:03\";}"],"jnews_social_counter_last_update":["1777196416"]},"categories":[19,23],"tags":[47391,6160,82,47390,47389,2034,47388,29349],"yoast_head":"<!-- This site is optimized with the Yoast SEO Premium plugin v22.7 (Yoast SEO v22.7) - https:\/\/yoast.com\/wordpress\/plugins\/seo\/ -->\n<title>Rechtswidrige &quot;Sternstunde der Demokratie&quot;: Kreistag Garmisch lehnt AfD-Nachr\u00fccker ab - just-now.NEWS Deutschland<\/title>\n<meta name=\"robots\" content=\"index, follow, max-snippet:-1, max-image-preview:large, max-video-preview:-1\" \/>\n<link rel=\"canonical\" href=\"https:\/\/now-news.de\/de\/deutschland\/rechtswidrige-sternstunde-der-demokratie-kreistag-garmisch-lehnt-afd-nachruecker-ab\/\" \/>\n<meta property=\"og:locale\" content=\"de_DE\" \/>\n<meta property=\"og:type\" content=\"article\" \/>\n<meta property=\"og:title\" content=\"Rechtswidrige &quot;Sternstunde der Demokratie&quot;: Kreistag Garmisch lehnt AfD-Nachr\u00fccker ab\" \/>\n<meta property=\"og:description\" content=\"Der Kreistag von Garmisch-Partenkirchen hat einen Nachr\u00fccker der AfD abgelehnt. Eine Entscheidung, die in der Gemeindeordnung nicht vorgesehen ist. Die Beteiligten feiern sich f\u00fcr ihre &#8220;Sternstunde der Demokratie&#8221;, w\u00e4hrend die AfD ank\u00fcndigt, den Rechtsweg zu suchen. Der Kreistag des Landkreises Garmisch-Partenkirchen, der in Mittenwald tagte, hat sich geweigert, Albert Mutschlechner, den Nachr\u00fccker f\u00fcr eine ausgeschiedene [&hellip;]\" \/>\n<meta property=\"og:url\" content=\"https:\/\/now-news.de\/de\/deutschland\/rechtswidrige-sternstunde-der-demokratie-kreistag-garmisch-lehnt-afd-nachruecker-ab\/\" \/>\n<meta property=\"og:site_name\" content=\"just-now.NEWS Deutschland\" \/>\n<meta property=\"article:publisher\" content=\"https:\/\/www.facebook.com\/wirmachenauf\" \/>\n<meta property=\"article:published_time\" content=\"2023-08-04T09:49:41+00:00\" \/>\n<meta property=\"og:image\" content=\"https:\/\/now-news.de\/de\/wp-content\/uploads\/sites\/3\/2023\/08\/Rechtswidrige-quotSternstunde-der-Demokratiequot-Kreistag-Garmisch-lehnt-AfD-Nachruecker-ab.jpeg\" \/>\n\t<meta property=\"og:image:width\" content=\"460\" \/>\n\t<meta property=\"og:image:height\" content=\"259\" \/>\n\t<meta property=\"og:image:type\" content=\"image\/jpeg\" \/>\n<meta name=\"author\" content=\"rtnews\" \/>\n<meta name=\"twitter:card\" content=\"summary_large_image\" \/>\n<meta name=\"twitter:creator\" content=\"@WirMachenAuf_de\" \/>\n<meta name=\"twitter:site\" content=\"@WirMachenAuf_de\" \/>\n<meta name=\"twitter:label1\" content=\"Verfasst von\" \/>\n\t<meta name=\"twitter:data1\" content=\"rtnews\" \/>\n\t<meta name=\"twitter:label2\" content=\"Gesch\u00e4tzte Lesezeit\" \/>\n\t<meta name=\"twitter:data2\" content=\"2\u00a0Minuten\" \/>\n<script type=\"application\/ld+json\" class=\"yoast-schema-graph\">{\"@context\":\"https:\/\/schema.org\",\"@graph\":[{\"@type\":\"Article\",\"@id\":\"https:\/\/now-news.de\/de\/deutschland\/rechtswidrige-sternstunde-der-demokratie-kreistag-garmisch-lehnt-afd-nachruecker-ab\/#article\",\"isPartOf\":{\"@id\":\"https:\/\/now-news.de\/de\/deutschland\/rechtswidrige-sternstunde-der-demokratie-kreistag-garmisch-lehnt-afd-nachruecker-ab\/\"},\"author\":{\"name\":\"rtnews\",\"@id\":\"https:\/\/now-news.de\/de\/#\/schema\/person\/fb534a4e865501d8b3285208df34a9b5\"},\"headline\":\"Rechtswidrige &quot;Sternstunde der Demokratie&quot;: Kreistag Garmisch lehnt AfD-Nachr\u00fccker ab\",\"datePublished\":\"2023-08-04T09:49:41+00:00\",\"dateModified\":\"2023-08-04T09:49:41+00:00\",\"mainEntityOfPage\":{\"@id\":\"https:\/\/now-news.de\/de\/deutschland\/rechtswidrige-sternstunde-der-demokratie-kreistag-garmisch-lehnt-afd-nachruecker-ab\/\"},\"wordCount\":324,\"commentCount\":0,\"publisher\":{\"@id\":\"https:\/\/now-news.de\/de\/#organization\"},\"image\":{\"@id\":\"https:\/\/now-news.de\/de\/deutschland\/rechtswidrige-sternstunde-der-demokratie-kreistag-garmisch-lehnt-afd-nachruecker-ab\/#primaryimage\"},\"thumbnailUrl\":\"https:\/\/now-news.de\/de\/wp-content\/uploads\/sites\/3\/2023\/08\/Rechtswidrige-quotSternstunde-der-Demokratiequot-Kreistag-Garmisch-lehnt-AfD-Nachruecker-ab.jpeg\",\"keywords\":[\"AfDNachr\u00fccker\",\"Demokratiequot\",\"der\",\"Garmisch\",\"Kreistag\",\"lehnt\",\"quotSternstunde\",\"rechtswidrige\"],\"articleSection\":[\"Deutschland\",\"Russland\"],\"inLanguage\":\"de\",\"potentialAction\":[{\"@type\":\"CommentAction\",\"name\":\"Comment\",\"target\":[\"https:\/\/now-news.de\/de\/deutschland\/rechtswidrige-sternstunde-der-demokratie-kreistag-garmisch-lehnt-afd-nachruecker-ab\/#respond\"]}]},{\"@type\":\"WebPage\",\"@id\":\"https:\/\/now-news.de\/de\/deutschland\/rechtswidrige-sternstunde-der-demokratie-kreistag-garmisch-lehnt-afd-nachruecker-ab\/\",\"url\":\"https:\/\/now-news.de\/de\/deutschland\/rechtswidrige-sternstunde-der-demokratie-kreistag-garmisch-lehnt-afd-nachruecker-ab\/\",\"name\":\"Rechtswidrige &quot;Sternstunde der Demokratie&quot;: Kreistag Garmisch lehnt AfD-Nachr\u00fccker ab - just-now.NEWS Deutschland\",\"isPartOf\":{\"@id\":\"https:\/\/now-news.de\/de\/#website\"},\"primaryImageOfPage\":{\"@id\":\"https:\/\/now-news.de\/de\/deutschland\/rechtswidrige-sternstunde-der-demokratie-kreistag-garmisch-lehnt-afd-nachruecker-ab\/#primaryimage\"},\"image\":{\"@id\":\"https:\/\/now-news.de\/de\/deutschland\/rechtswidrige-sternstunde-der-demokratie-kreistag-garmisch-lehnt-afd-nachruecker-ab\/#primaryimage\"},\"thumbnailUrl\":\"https:\/\/now-news.de\/de\/wp-content\/uploads\/sites\/3\/2023\/08\/Rechtswidrige-quotSternstunde-der-Demokratiequot-Kreistag-Garmisch-lehnt-AfD-Nachruecker-ab.jpeg\",\"datePublished\":\"2023-08-04T09:49:41+00:00\",\"dateModified\":\"2023-08-04T09:49:41+00:00\",\"breadcrumb\":{\"@id\":\"https:\/\/now-news.de\/de\/deutschland\/rechtswidrige-sternstunde-der-demokratie-kreistag-garmisch-lehnt-afd-nachruecker-ab\/#breadcrumb\"},\"inLanguage\":\"de\",\"potentialAction\":[{\"@type\":\"ReadAction\",\"target\":[\"https:\/\/now-news.de\/de\/deutschland\/rechtswidrige-sternstunde-der-demokratie-kreistag-garmisch-lehnt-afd-nachruecker-ab\/\"]}]},{\"@type\":\"ImageObject\",\"inLanguage\":\"de\",\"@id\":\"https:\/\/now-news.de\/de\/deutschland\/rechtswidrige-sternstunde-der-demokratie-kreistag-garmisch-lehnt-afd-nachruecker-ab\/#primaryimage\",\"url\":\"https:\/\/now-news.de\/de\/wp-content\/uploads\/sites\/3\/2023\/08\/Rechtswidrige-quotSternstunde-der-Demokratiequot-Kreistag-Garmisch-lehnt-AfD-Nachruecker-ab.jpeg\",\"contentUrl\":\"https:\/\/now-news.de\/de\/wp-content\/uploads\/sites\/3\/2023\/08\/Rechtswidrige-quotSternstunde-der-Demokratiequot-Kreistag-Garmisch-lehnt-AfD-Nachruecker-ab.jpeg\",\"width\":460,\"height\":259,\"caption\":\"Rechtswidrige &quot;Sternstunde der Demokratie&quot;: Kreistag Garmisch lehnt AfD-Nachr\u00fccker ab\"},{\"@type\":\"BreadcrumbList\",\"@id\":\"https:\/\/now-news.de\/de\/deutschland\/rechtswidrige-sternstunde-der-demokratie-kreistag-garmisch-lehnt-afd-nachruecker-ab\/#breadcrumb\",\"itemListElement\":[{\"@type\":\"ListItem\",\"position\":1,\"name\":\"Home\",\"item\":\"https:\/\/now-news.de\/de\/\"},{\"@type\":\"ListItem\",\"position\":2,\"name\":\"Rechtswidrige &quot;Sternstunde der Demokratie&quot;: Kreistag Garmisch lehnt AfD-Nachr\u00fccker ab\"}]},{\"@type\":\"WebSite\",\"@id\":\"https:\/\/now-news.de\/de\/#website\",\"url\":\"https:\/\/now-news.de\/de\/\",\"name\":\"just-now.NEWS Deutschland\",\"description\":\"Das Portal f\u00fcr unzensierte Nachrichten aus der Welt\",\"publisher\":{\"@id\":\"https:\/\/now-news.de\/de\/#organization\"},\"potentialAction\":[{\"@type\":\"SearchAction\",\"target\":{\"@type\":\"EntryPoint\",\"urlTemplate\":\"https:\/\/now-news.de\/de\/?s={search_term_string}\"},\"query-input\":\"required name=search_term_string\"}],\"inLanguage\":\"de\"},{\"@type\":\"Organization\",\"@id\":\"https:\/\/now-news.de\/de\/#organization\",\"name\":\"Just Now News\",\"url\":\"https:\/\/now-news.de\/de\/\",\"logo\":{\"@type\":\"ImageObject\",\"inLanguage\":\"de\",\"@id\":\"https:\/\/now-news.de\/de\/#\/schema\/logo\/image\/\",\"url\":\"http:\/\/just-now.news\/de\/wp-content\/uploads\/sites\/3\/2022\/04\/logo500x500.jpg\",\"contentUrl\":\"http:\/\/just-now.news\/de\/wp-content\/uploads\/sites\/3\/2022\/04\/logo500x500.jpg\",\"width\":500,\"height\":500,\"caption\":\"Just Now News\"},\"image\":{\"@id\":\"https:\/\/now-news.de\/de\/#\/schema\/logo\/image\/\"},\"sameAs\":[\"https:\/\/www.facebook.com\/wirmachenauf\",\"https:\/\/x.com\/WirMachenAuf_de\"]},{\"@type\":\"Person\",\"@id\":\"https:\/\/now-news.de\/de\/#\/schema\/person\/fb534a4e865501d8b3285208df34a9b5\",\"name\":\"rtnews\",\"image\":{\"@type\":\"ImageObject\",\"inLanguage\":\"de\",\"@id\":\"https:\/\/now-news.de\/de\/#\/schema\/person\/image\/\",\"url\":\"https:\/\/secure.gravatar.com\/avatar\/82aafea7d8127119dd649515f56e2117?s=96&d=mm&r=g\",\"contentUrl\":\"https:\/\/secure.gravatar.com\/avatar\/82aafea7d8127119dd649515f56e2117?s=96&d=mm&r=g\",\"caption\":\"rtnews\"},\"url\":\"https:\/\/now-news.de\/de\/author\/rnews\/\"}]}<\/script>\n<!-- \/ Yoast SEO Premium plugin. -->","yoast_head_json":{"title":"Rechtswidrige &quot;Sternstunde der Demokratie&quot;: Kreistag Garmisch lehnt AfD-Nachr\u00fccker ab - just-now.NEWS Deutschland","robots":{"index":"index","follow":"follow","max-snippet":"max-snippet:-1","max-image-preview":"max-image-preview:large","max-video-preview":"max-video-preview:-1"},"canonical":"https:\/\/now-news.de\/de\/deutschland\/rechtswidrige-sternstunde-der-demokratie-kreistag-garmisch-lehnt-afd-nachruecker-ab\/","og_locale":"de_DE","og_type":"article","og_title":"Rechtswidrige &quot;Sternstunde der Demokratie&quot;: Kreistag Garmisch lehnt AfD-Nachr\u00fccker ab","og_description":"Der Kreistag von Garmisch-Partenkirchen hat einen Nachr\u00fccker der AfD abgelehnt. Eine Entscheidung, die in der Gemeindeordnung nicht vorgesehen ist. Die Beteiligten feiern sich f\u00fcr ihre &#8220;Sternstunde der Demokratie&#8221;, w\u00e4hrend die AfD ank\u00fcndigt, den Rechtsweg zu suchen. Der Kreistag des Landkreises Garmisch-Partenkirchen, der in Mittenwald tagte, hat sich geweigert, Albert Mutschlechner, den Nachr\u00fccker f\u00fcr eine ausgeschiedene [&hellip;]","og_url":"https:\/\/now-news.de\/de\/deutschland\/rechtswidrige-sternstunde-der-demokratie-kreistag-garmisch-lehnt-afd-nachruecker-ab\/","og_site_name":"just-now.NEWS Deutschland","article_publisher":"https:\/\/www.facebook.com\/wirmachenauf","article_published_time":"2023-08-04T09:49:41+00:00","og_image":[{"width":460,"height":259,"url":"https:\/\/now-news.de\/de\/wp-content\/uploads\/sites\/3\/2023\/08\/Rechtswidrige-quotSternstunde-der-Demokratiequot-Kreistag-Garmisch-lehnt-AfD-Nachruecker-ab.jpeg","type":"image\/jpeg"}],"author":"rtnews","twitter_card":"summary_large_image","twitter_creator":"@WirMachenAuf_de","twitter_site":"@WirMachenAuf_de","twitter_misc":{"Verfasst von":"rtnews","Gesch\u00e4tzte Lesezeit":"2\u00a0Minuten"},"schema":{"@context":"https:\/\/schema.org","@graph":[{"@type":"Article","@id":"https:\/\/now-news.de\/de\/deutschland\/rechtswidrige-sternstunde-der-demokratie-kreistag-garmisch-lehnt-afd-nachruecker-ab\/#article","isPartOf":{"@id":"https:\/\/now-news.de\/de\/deutschland\/rechtswidrige-sternstunde-der-demokratie-kreistag-garmisch-lehnt-afd-nachruecker-ab\/"},"author":{"name":"rtnews","@id":"https:\/\/now-news.de\/de\/#\/schema\/person\/fb534a4e865501d8b3285208df34a9b5"},"headline":"Rechtswidrige &quot;Sternstunde der Demokratie&quot;: Kreistag Garmisch lehnt AfD-Nachr\u00fccker ab","datePublished":"2023-08-04T09:49:41+00:00","dateModified":"2023-08-04T09:49:41+00:00","mainEntityOfPage":{"@id":"https:\/\/now-news.de\/de\/deutschland\/rechtswidrige-sternstunde-der-demokratie-kreistag-garmisch-lehnt-afd-nachruecker-ab\/"},"wordCount":324,"commentCount":0,"publisher":{"@id":"https:\/\/now-news.de\/de\/#organization"},"image":{"@id":"https:\/\/now-news.de\/de\/deutschland\/rechtswidrige-sternstunde-der-demokratie-kreistag-garmisch-lehnt-afd-nachruecker-ab\/#primaryimage"},"thumbnailUrl":"https:\/\/now-news.de\/de\/wp-content\/uploads\/sites\/3\/2023\/08\/Rechtswidrige-quotSternstunde-der-Demokratiequot-Kreistag-Garmisch-lehnt-AfD-Nachruecker-ab.jpeg","keywords":["AfDNachr\u00fccker","Demokratiequot","der","Garmisch","Kreistag","lehnt","quotSternstunde","rechtswidrige"],"articleSection":["Deutschland","Russland"],"inLanguage":"de","potentialAction":[{"@type":"CommentAction","name":"Comment","target":["https:\/\/now-news.de\/de\/deutschland\/rechtswidrige-sternstunde-der-demokratie-kreistag-garmisch-lehnt-afd-nachruecker-ab\/#respond"]}]},{"@type":"WebPage","@id":"https:\/\/now-news.de\/de\/deutschland\/rechtswidrige-sternstunde-der-demokratie-kreistag-garmisch-lehnt-afd-nachruecker-ab\/","url":"https:\/\/now-news.de\/de\/deutschland\/rechtswidrige-sternstunde-der-demokratie-kreistag-garmisch-lehnt-afd-nachruecker-ab\/","name":"Rechtswidrige &quot;Sternstunde der Demokratie&quot;: Kreistag Garmisch lehnt AfD-Nachr\u00fccker ab - just-now.NEWS Deutschland","isPartOf":{"@id":"https:\/\/now-news.de\/de\/#website"},"primaryImageOfPage":{"@id":"https:\/\/now-news.de\/de\/deutschland\/rechtswidrige-sternstunde-der-demokratie-kreistag-garmisch-lehnt-afd-nachruecker-ab\/#primaryimage"},"image":{"@id":"https:\/\/now-news.de\/de\/deutschland\/rechtswidrige-sternstunde-der-demokratie-kreistag-garmisch-lehnt-afd-nachruecker-ab\/#primaryimage"},"thumbnailUrl":"https:\/\/now-news.de\/de\/wp-content\/uploads\/sites\/3\/2023\/08\/Rechtswidrige-quotSternstunde-der-Demokratiequot-Kreistag-Garmisch-lehnt-AfD-Nachruecker-ab.jpeg","datePublished":"2023-08-04T09:49:41+00:00","dateModified":"2023-08-04T09:49:41+00:00","breadcrumb":{"@id":"https:\/\/now-news.de\/de\/deutschland\/rechtswidrige-sternstunde-der-demokratie-kreistag-garmisch-lehnt-afd-nachruecker-ab\/#breadcrumb"},"inLanguage":"de","potentialAction":[{"@type":"ReadAction","target":["https:\/\/now-news.de\/de\/deutschland\/rechtswidrige-sternstunde-der-demokratie-kreistag-garmisch-lehnt-afd-nachruecker-ab\/"]}]},{"@type":"ImageObject","inLanguage":"de","@id":"https:\/\/now-news.de\/de\/deutschland\/rechtswidrige-sternstunde-der-demokratie-kreistag-garmisch-lehnt-afd-nachruecker-ab\/#primaryimage","url":"https:\/\/now-news.de\/de\/wp-content\/uploads\/sites\/3\/2023\/08\/Rechtswidrige-quotSternstunde-der-Demokratiequot-Kreistag-Garmisch-lehnt-AfD-Nachruecker-ab.jpeg","contentUrl":"https:\/\/now-news.de\/de\/wp-content\/uploads\/sites\/3\/2023\/08\/Rechtswidrige-quotSternstunde-der-Demokratiequot-Kreistag-Garmisch-lehnt-AfD-Nachruecker-ab.jpeg","width":460,"height":259,"caption":"Rechtswidrige &quot;Sternstunde der Demokratie&quot;: Kreistag Garmisch lehnt AfD-Nachr\u00fccker ab"},{"@type":"BreadcrumbList","@id":"https:\/\/now-news.de\/de\/deutschland\/rechtswidrige-sternstunde-der-demokratie-kreistag-garmisch-lehnt-afd-nachruecker-ab\/#breadcrumb","itemListElement":[{"@type":"ListItem","position":1,"name":"Home","item":"https:\/\/now-news.de\/de\/"},{"@type":"ListItem","position":2,"name":"Rechtswidrige &quot;Sternstunde der Demokratie&quot;: Kreistag Garmisch lehnt AfD-Nachr\u00fccker ab"}]},{"@type":"WebSite","@id":"https:\/\/now-news.de\/de\/#website","url":"https:\/\/now-news.de\/de\/","name":"just-now.NEWS Deutschland","description":"Das Portal f\u00fcr unzensierte Nachrichten aus der Welt","publisher":{"@id":"https:\/\/now-news.de\/de\/#organization"},"potentialAction":[{"@type":"SearchAction","target":{"@type":"EntryPoint","urlTemplate":"https:\/\/now-news.de\/de\/?s={search_term_string}"},"query-input":"required name=search_term_string"}],"inLanguage":"de"},{"@type":"Organization","@id":"https:\/\/now-news.de\/de\/#organization","name":"Just Now News","url":"https:\/\/now-news.de\/de\/","logo":{"@type":"ImageObject","inLanguage":"de","@id":"https:\/\/now-news.de\/de\/#\/schema\/logo\/image\/","url":"http:\/\/just-now.news\/de\/wp-content\/uploads\/sites\/3\/2022\/04\/logo500x500.jpg","contentUrl":"http:\/\/just-now.news\/de\/wp-content\/uploads\/sites\/3\/2022\/04\/logo500x500.jpg","width":500,"height":500,"caption":"Just Now News"},"image":{"@id":"https:\/\/now-news.de\/de\/#\/schema\/logo\/image\/"},"sameAs":["https:\/\/www.facebook.com\/wirmachenauf","https:\/\/x.com\/WirMachenAuf_de"]},{"@type":"Person","@id":"https:\/\/now-news.de\/de\/#\/schema\/person\/fb534a4e865501d8b3285208df34a9b5","name":"rtnews","image":{"@type":"ImageObject","inLanguage":"de","@id":"https:\/\/now-news.de\/de\/#\/schema\/person\/image\/","url":"https:\/\/secure.gravatar.com\/avatar\/82aafea7d8127119dd649515f56e2117?s=96&d=mm&r=g","contentUrl":"https:\/\/secure.gravatar.com\/avatar\/82aafea7d8127119dd649515f56e2117?s=96&d=mm&r=g","caption":"rtnews"},"url":"https:\/\/now-news.de\/de\/author\/rnews\/"}]}},"_links":{"self":[{"href":"https:\/\/now-news.de\/de\/wp-json\/wp\/v2\/posts\/41334"}],"collection":[{"href":"https:\/\/now-news.de\/de\/wp-json\/wp\/v2\/posts"}],"about":[{"href":"https:\/\/now-news.de\/de\/wp-json\/wp\/v2\/types\/post"}],"author":[{"embeddable":true,"href":"https:\/\/now-news.de\/de\/wp-json\/wp\/v2\/users\/3"}],"replies":[{"embeddable":true,"href":"https:\/\/now-news.de\/de\/wp-json\/wp\/v2\/comments?post=41334"}],"version-history":[{"count":0,"href":"https:\/\/now-news.de\/de\/wp-json\/wp\/v2\/posts\/41334\/revisions"}],"wp:featuredmedia":[{"embeddable":true,"href":"https:\/\/now-news.de\/de\/wp-json\/wp\/v2\/media\/41335"}],"wp:attachment":[{"href":"https:\/\/now-news.de\/de\/wp-json\/wp\/v2\/media?parent=41334"}],"wp:term":[{"taxonomy":"category","embeddable":true,"href":"https:\/\/now-news.de\/de\/wp-json\/wp\/v2\/categories?post=41334"},{"taxonomy":"post_tag","embeddable":true,"href":"https:\/\/now-news.de\/de\/wp-json\/wp\/v2\/tags?post=41334"}],"curies":[{"name":"wp","href":"https:\/\/api.w.org\/{rel}","templated":true}]}}