{"id":41322,"date":"2023-08-04T09:36:33","date_gmt":"2023-08-04T07:36:33","guid":{"rendered":"https:\/\/just-now.news\/de\/deutschland\/er-ist-im-prinzip-voll-integriert-afghanischer-vergewaltiger-auf-freien-fuss-gesetzt\/"},"modified":"2023-08-04T09:36:33","modified_gmt":"2023-08-04T07:36:33","slug":"er-ist-im-prinzip-voll-integriert-afghanischer-vergewaltiger-auf-freien-fuss-gesetzt","status":"publish","type":"post","link":"https:\/\/now-news.de\/de\/deutschland\/er-ist-im-prinzip-voll-integriert-afghanischer-vergewaltiger-auf-freien-fuss-gesetzt\/","title":{"rendered":"&quot;Er ist im Prinzip voll integriert&quot; \u2013 Afghanischer Vergewaltiger auf freien Fu\u00df gesetzt"},"content":{"rendered":"<p><img decoding=\"async\" src=\"http:\/\/just-now.news\/de\/wp-content\/uploads\/sites\/3\/2023\/08\/64cc9b0e48fbef79bc0ddb67.jpg\" \/><\/p>\n<div class=\"Text-root Text-type_1 \">\n                Ein 23-j\u00e4hriger Afghane wurde vom Amtsgericht Regensburg f\u00fcr Vergewaltigung und sexueller Missbrauch in mehreren F\u00e4llen verurteilt. Aufgrund seines jungen Alters und seiner gelungenen Integration verzichtete der Richter auf das Verh\u00e4ngen einer Haftstrafe.\n            <\/div>\n<p><\/p>\n<div class=\"Text-root Text-type_5 ArticleView-text ViewText-root \">\n<p>Das Amtsgericht Regensburg hat\u00a0einen angeblich 23-j\u00e4hrigen Afghanen wegen Vergewaltigung und mehrerer sexueller \u00dcbergriffe auf junge Frauen verurteilt. Das Jugendsch\u00f6ffengericht verurteilte den T\u00e4ter mit Namen\u00a0Mohammed M. zu einem Anti-Aggressionstraining. Au\u00dferdem solle er seinen Alkoholkonsum einschr\u00e4nken.<\/p>\n<p>Die Taten, die Mohammed M. seitens der Staatsanwaltschaft zur Last gelegt wurden, ereigneten sich zwischen April 2019 und M\u00e4rz 2022. In sechs F\u00e4llen bel\u00e4stigte er junge, teilweise minderj\u00e4hrige Frauen. Eine 16-J\u00e4hrige vergewaltigte er, eine andere Frau zwang er zum Oralverkehr. Vor den Taten soll Mohammed M. getrunken haben.<\/p>\n<p>Weil Mohammed M. zum Zeitpunkt der meisten Taten j\u00fcnger als 21 Jahre alt gewesen sein soll, wurde sein Prozess vor dem Jugendsch\u00f6ffengericht verhandelt. Vor Gericht\u00a0gestand der Angeklagte alle Vorw\u00fcrfe.<\/p>\n<p>Laut Information von <em>Bild<\/em> sagte Christian Reiser, einer der Anw\u00e4lte von M., das Urteil\u00a0des Jugendsch\u00f6ffengerichts sei nicht ungew\u00f6hnlich, da bei &#8220;Heranwachsenden&#8221; der Erziehungsgedanke im Vordergrund stehe:<\/p>\n<blockquote>\n<p><em>&#8220;Der Richter sagte, dass er eigentlich ein Musterbeispiel daf\u00fcr ist, wie man in Deutschland gut ankommen kann.&#8221;<\/em><\/p>\n<\/blockquote>\n<p>Und M.s zweiter Anwalt, J\u00f6rg Meyer, kommentierte best\u00e4tigend:<\/p>\n<blockquote>\n<p><em>&#8220;Er ist im Prinzip voll integriert.&#8221;<\/em><\/p>\n<\/blockquote>\n<p>Lau Informationen von <em>Bild<\/em>\u00a0war Mohammed M. im Jahr 2015 als Fl\u00fcchtling nach Deutschland gekommen.\u00a0Er\u00a0schloss die Hauptschule ab und absolvierte eine Ausbildung zum Anlagenmechaniker. Danach soll er als Heizungsmonteur gearbeitet haben. Im Januar 2023 kehrte Mohammed M. von einem Urlaub aus Afghanistan zur\u00fcck. Am Flughafen in M\u00fcnchen wurde er verhaftet und sa\u00df seitdem in Untersuchungshaft.<\/p>\n<p><strong>Mehr zum Thema\u00a0<\/strong>\u2013\u00a0<a rel=\"nofollow noopener\" target=\"_blank\" href=\"https:\/\/freedert.online\/inland\/175253-sexuelle-uebergriffe-am-schlachtensee-durchsuchung\/\">Sexuelle \u00dcbergriffe am Schlachtensee \u2013 Durchsuchung bei verd\u00e4chtigen Jugendlichen<\/a><\/p>\n<div class=\"EmbedBlock-root EmbedBlock-externalVideo EmbedBlock-odysee\">\n<div class=\"VkEmbed\"><iframe class=\"lazyload\" data-src=\"https:\/\/odysee.com\/%24\/embed\/%40RTDE%3Ae%2FOrb%C3%A1n-Wir-wollen-keine-Migrantengettos%3A2\" frameborder=\"0\" width=\"853\" height=\"480\" allowfullscreen><\/iframe><\/div>\n<\/div>\n<\/div>\n<p><br \/>\n<br \/><a href=\"https:\/\/de.rt.com\/inland\/176949-er-ist-im-prinzip-voll\/\">Source link <\/a><\/p>\n","protected":false},"excerpt":{"rendered":"<p>Ein 23-j\u00e4hriger Afghane wurde vom Amtsgericht Regensburg f\u00fcr Vergewaltigung und sexueller Missbrauch in mehreren F\u00e4llen verurteilt. Aufgrund seines jungen Alters und seiner gelungenen Integration verzichtete der Richter auf das Verh\u00e4ngen einer Haftstrafe. Das Amtsgericht Regensburg hat\u00a0einen angeblich 23-j\u00e4hrigen Afghanen wegen Vergewaltigung und mehrerer sexueller \u00dcbergriffe auf junge Frauen verurteilt. Das Jugendsch\u00f6ffengericht verurteilte den T\u00e4ter mit [&hellip;]<\/p>\n","protected":false},"author":3,"featured_media":41323,"comment_status":"open","ping_status":"open","sticky":false,"template":"","format":"standard","meta":{"_yoast_indexnow_last_ping":["1691134854"],"wp_automatic_camp":["217"],"0416ce467a6a2e4d3618af6445290b30":["&quot;Er ist im Prinzip voll integriert&quot; \u2013 Afghanischer Vergewaltiger auf freien Fu\u00df gesetzt"],"original_link":["https:\/\/de.rt.com\/inland\/176949-er-ist-im-prinzip-voll\/"],"_thumbnail_id":["41323"],"_wptgpro_p2tg_sent2tg":["a:1:{i:23737;s:19:\"2023-08-04 09:42:06\";}"],"jnews_social_counter_last_update":["1777179640"]},"categories":[19,23],"tags":[45752,133,11265,29151,41385,47256,414,36151,18889,21737,23214],"yoast_head":"<!-- This site is optimized with the Yoast SEO Premium plugin v22.7 (Yoast SEO v22.7) - https:\/\/yoast.com\/wordpress\/plugins\/seo\/ -->\n<title>&quot;Er ist im Prinzip voll integriert&quot; \u2013 Afghanischer Vergewaltiger auf freien Fu\u00df gesetzt - just-now.NEWS Deutschland<\/title>\n<meta name=\"robots\" content=\"index, follow, max-snippet:-1, max-image-preview:large, max-video-preview:-1\" \/>\n<link rel=\"canonical\" href=\"https:\/\/now-news.de\/de\/deutschland\/er-ist-im-prinzip-voll-integriert-afghanischer-vergewaltiger-auf-freien-fuss-gesetzt\/\" \/>\n<meta property=\"og:locale\" content=\"de_DE\" \/>\n<meta property=\"og:type\" content=\"article\" \/>\n<meta property=\"og:title\" content=\"&quot;Er ist im Prinzip voll integriert&quot; \u2013 Afghanischer Vergewaltiger auf freien Fu\u00df gesetzt\" \/>\n<meta property=\"og:description\" content=\"Ein 23-j\u00e4hriger Afghane wurde vom Amtsgericht Regensburg f\u00fcr Vergewaltigung und sexueller Missbrauch in mehreren F\u00e4llen verurteilt. Aufgrund seines jungen Alters und seiner gelungenen Integration verzichtete der Richter auf das Verh\u00e4ngen einer Haftstrafe. Das Amtsgericht Regensburg hat\u00a0einen angeblich 23-j\u00e4hrigen Afghanen wegen Vergewaltigung und mehrerer sexueller \u00dcbergriffe auf junge Frauen verurteilt. Das Jugendsch\u00f6ffengericht verurteilte den T\u00e4ter mit [&hellip;]\" \/>\n<meta property=\"og:url\" content=\"https:\/\/now-news.de\/de\/deutschland\/er-ist-im-prinzip-voll-integriert-afghanischer-vergewaltiger-auf-freien-fuss-gesetzt\/\" \/>\n<meta property=\"og:site_name\" content=\"just-now.NEWS Deutschland\" \/>\n<meta property=\"article:publisher\" content=\"https:\/\/www.facebook.com\/wirmachenauf\" \/>\n<meta property=\"article:published_time\" content=\"2023-08-04T07:36:33+00:00\" \/>\n<meta property=\"og:image\" content=\"https:\/\/now-news.de\/de\/wp-content\/uploads\/sites\/3\/2023\/08\/quotEr-ist-im-Prinzip-voll-integriertquot-\u2013-Afghanischer-Vergewaltiger-auf.jpg\" \/>\n\t<meta property=\"og:image:width\" content=\"460\" \/>\n\t<meta property=\"og:image:height\" content=\"259\" \/>\n\t<meta property=\"og:image:type\" content=\"image\/jpeg\" \/>\n<meta name=\"author\" content=\"rtnews\" \/>\n<meta name=\"twitter:card\" content=\"summary_large_image\" \/>\n<meta name=\"twitter:creator\" content=\"@WirMachenAuf_de\" \/>\n<meta name=\"twitter:site\" content=\"@WirMachenAuf_de\" \/>\n<meta name=\"twitter:label1\" content=\"Verfasst von\" \/>\n\t<meta name=\"twitter:data1\" content=\"rtnews\" \/>\n\t<meta name=\"twitter:label2\" content=\"Gesch\u00e4tzte Lesezeit\" \/>\n\t<meta name=\"twitter:data2\" content=\"1\u00a0Minute\" \/>\n<script type=\"application\/ld+json\" class=\"yoast-schema-graph\">{\"@context\":\"https:\/\/schema.org\",\"@graph\":[{\"@type\":\"Article\",\"@id\":\"https:\/\/now-news.de\/de\/deutschland\/er-ist-im-prinzip-voll-integriert-afghanischer-vergewaltiger-auf-freien-fuss-gesetzt\/#article\",\"isPartOf\":{\"@id\":\"https:\/\/now-news.de\/de\/deutschland\/er-ist-im-prinzip-voll-integriert-afghanischer-vergewaltiger-auf-freien-fuss-gesetzt\/\"},\"author\":{\"name\":\"rtnews\",\"@id\":\"https:\/\/now-news.de\/de\/#\/schema\/person\/fb534a4e865501d8b3285208df34a9b5\"},\"headline\":\"&quot;Er ist im Prinzip voll integriert&quot; \u2013 Afghanischer Vergewaltiger auf freien Fu\u00df gesetzt\",\"datePublished\":\"2023-08-04T07:36:33+00:00\",\"dateModified\":\"2023-08-04T07:36:33+00:00\",\"mainEntityOfPage\":{\"@id\":\"https:\/\/now-news.de\/de\/deutschland\/er-ist-im-prinzip-voll-integriert-afghanischer-vergewaltiger-auf-freien-fuss-gesetzt\/\"},\"wordCount\":312,\"commentCount\":0,\"publisher\":{\"@id\":\"https:\/\/now-news.de\/de\/#organization\"},\"image\":{\"@id\":\"https:\/\/now-news.de\/de\/deutschland\/er-ist-im-prinzip-voll-integriert-afghanischer-vergewaltiger-auf-freien-fuss-gesetzt\/#primaryimage\"},\"thumbnailUrl\":\"https:\/\/now-news.de\/de\/wp-content\/uploads\/sites\/3\/2023\/08\/quotEr-ist-im-Prinzip-voll-integriertquot-\u2013-Afghanischer-Vergewaltiger-auf.jpg\",\"keywords\":[\"afghanischer\",\"AUF\",\"Freien\",\"Fu\u00df\",\"gesetzt\",\"integriertquot\",\"ist\",\"Prinzip\",\"quotEr\",\"Vergewaltiger\",\"voll\"],\"articleSection\":[\"Deutschland\",\"Russland\"],\"inLanguage\":\"de\",\"potentialAction\":[{\"@type\":\"CommentAction\",\"name\":\"Comment\",\"target\":[\"https:\/\/now-news.de\/de\/deutschland\/er-ist-im-prinzip-voll-integriert-afghanischer-vergewaltiger-auf-freien-fuss-gesetzt\/#respond\"]}]},{\"@type\":\"WebPage\",\"@id\":\"https:\/\/now-news.de\/de\/deutschland\/er-ist-im-prinzip-voll-integriert-afghanischer-vergewaltiger-auf-freien-fuss-gesetzt\/\",\"url\":\"https:\/\/now-news.de\/de\/deutschland\/er-ist-im-prinzip-voll-integriert-afghanischer-vergewaltiger-auf-freien-fuss-gesetzt\/\",\"name\":\"&quot;Er ist im Prinzip voll integriert&quot; \u2013 Afghanischer Vergewaltiger auf freien Fu\u00df gesetzt - just-now.NEWS Deutschland\",\"isPartOf\":{\"@id\":\"https:\/\/now-news.de\/de\/#website\"},\"primaryImageOfPage\":{\"@id\":\"https:\/\/now-news.de\/de\/deutschland\/er-ist-im-prinzip-voll-integriert-afghanischer-vergewaltiger-auf-freien-fuss-gesetzt\/#primaryimage\"},\"image\":{\"@id\":\"https:\/\/now-news.de\/de\/deutschland\/er-ist-im-prinzip-voll-integriert-afghanischer-vergewaltiger-auf-freien-fuss-gesetzt\/#primaryimage\"},\"thumbnailUrl\":\"https:\/\/now-news.de\/de\/wp-content\/uploads\/sites\/3\/2023\/08\/quotEr-ist-im-Prinzip-voll-integriertquot-\u2013-Afghanischer-Vergewaltiger-auf.jpg\",\"datePublished\":\"2023-08-04T07:36:33+00:00\",\"dateModified\":\"2023-08-04T07:36:33+00:00\",\"breadcrumb\":{\"@id\":\"https:\/\/now-news.de\/de\/deutschland\/er-ist-im-prinzip-voll-integriert-afghanischer-vergewaltiger-auf-freien-fuss-gesetzt\/#breadcrumb\"},\"inLanguage\":\"de\",\"potentialAction\":[{\"@type\":\"ReadAction\",\"target\":[\"https:\/\/now-news.de\/de\/deutschland\/er-ist-im-prinzip-voll-integriert-afghanischer-vergewaltiger-auf-freien-fuss-gesetzt\/\"]}]},{\"@type\":\"ImageObject\",\"inLanguage\":\"de\",\"@id\":\"https:\/\/now-news.de\/de\/deutschland\/er-ist-im-prinzip-voll-integriert-afghanischer-vergewaltiger-auf-freien-fuss-gesetzt\/#primaryimage\",\"url\":\"https:\/\/now-news.de\/de\/wp-content\/uploads\/sites\/3\/2023\/08\/quotEr-ist-im-Prinzip-voll-integriertquot-\u2013-Afghanischer-Vergewaltiger-auf.jpg\",\"contentUrl\":\"https:\/\/now-news.de\/de\/wp-content\/uploads\/sites\/3\/2023\/08\/quotEr-ist-im-Prinzip-voll-integriertquot-\u2013-Afghanischer-Vergewaltiger-auf.jpg\",\"width\":460,\"height\":259,\"caption\":\"&quot;Er ist im Prinzip voll integriert&quot; \u2013 Afghanischer Vergewaltiger auf freien Fu\u00df gesetzt\"},{\"@type\":\"BreadcrumbList\",\"@id\":\"https:\/\/now-news.de\/de\/deutschland\/er-ist-im-prinzip-voll-integriert-afghanischer-vergewaltiger-auf-freien-fuss-gesetzt\/#breadcrumb\",\"itemListElement\":[{\"@type\":\"ListItem\",\"position\":1,\"name\":\"Home\",\"item\":\"https:\/\/now-news.de\/de\/\"},{\"@type\":\"ListItem\",\"position\":2,\"name\":\"&quot;Er ist im Prinzip voll integriert&quot; \u2013 Afghanischer Vergewaltiger auf freien Fu\u00df gesetzt\"}]},{\"@type\":\"WebSite\",\"@id\":\"https:\/\/now-news.de\/de\/#website\",\"url\":\"https:\/\/now-news.de\/de\/\",\"name\":\"just-now.NEWS Deutschland\",\"description\":\"Das Portal f\u00fcr unzensierte Nachrichten aus der Welt\",\"publisher\":{\"@id\":\"https:\/\/now-news.de\/de\/#organization\"},\"potentialAction\":[{\"@type\":\"SearchAction\",\"target\":{\"@type\":\"EntryPoint\",\"urlTemplate\":\"https:\/\/now-news.de\/de\/?s={search_term_string}\"},\"query-input\":\"required name=search_term_string\"}],\"inLanguage\":\"de\"},{\"@type\":\"Organization\",\"@id\":\"https:\/\/now-news.de\/de\/#organization\",\"name\":\"Just Now News\",\"url\":\"https:\/\/now-news.de\/de\/\",\"logo\":{\"@type\":\"ImageObject\",\"inLanguage\":\"de\",\"@id\":\"https:\/\/now-news.de\/de\/#\/schema\/logo\/image\/\",\"url\":\"http:\/\/just-now.news\/de\/wp-content\/uploads\/sites\/3\/2022\/04\/logo500x500.jpg\",\"contentUrl\":\"http:\/\/just-now.news\/de\/wp-content\/uploads\/sites\/3\/2022\/04\/logo500x500.jpg\",\"width\":500,\"height\":500,\"caption\":\"Just Now News\"},\"image\":{\"@id\":\"https:\/\/now-news.de\/de\/#\/schema\/logo\/image\/\"},\"sameAs\":[\"https:\/\/www.facebook.com\/wirmachenauf\",\"https:\/\/x.com\/WirMachenAuf_de\"]},{\"@type\":\"Person\",\"@id\":\"https:\/\/now-news.de\/de\/#\/schema\/person\/fb534a4e865501d8b3285208df34a9b5\",\"name\":\"rtnews\",\"image\":{\"@type\":\"ImageObject\",\"inLanguage\":\"de\",\"@id\":\"https:\/\/now-news.de\/de\/#\/schema\/person\/image\/\",\"url\":\"https:\/\/secure.gravatar.com\/avatar\/82aafea7d8127119dd649515f56e2117?s=96&d=mm&r=g\",\"contentUrl\":\"https:\/\/secure.gravatar.com\/avatar\/82aafea7d8127119dd649515f56e2117?s=96&d=mm&r=g\",\"caption\":\"rtnews\"},\"url\":\"https:\/\/now-news.de\/de\/author\/rnews\/\"}]}<\/script>\n<!-- \/ Yoast SEO Premium plugin. -->","yoast_head_json":{"title":"&quot;Er ist im Prinzip voll integriert&quot; \u2013 Afghanischer Vergewaltiger auf freien Fu\u00df gesetzt - just-now.NEWS Deutschland","robots":{"index":"index","follow":"follow","max-snippet":"max-snippet:-1","max-image-preview":"max-image-preview:large","max-video-preview":"max-video-preview:-1"},"canonical":"https:\/\/now-news.de\/de\/deutschland\/er-ist-im-prinzip-voll-integriert-afghanischer-vergewaltiger-auf-freien-fuss-gesetzt\/","og_locale":"de_DE","og_type":"article","og_title":"&quot;Er ist im Prinzip voll integriert&quot; \u2013 Afghanischer Vergewaltiger auf freien Fu\u00df gesetzt","og_description":"Ein 23-j\u00e4hriger Afghane wurde vom Amtsgericht Regensburg f\u00fcr Vergewaltigung und sexueller Missbrauch in mehreren F\u00e4llen verurteilt. Aufgrund seines jungen Alters und seiner gelungenen Integration verzichtete der Richter auf das Verh\u00e4ngen einer Haftstrafe. Das Amtsgericht Regensburg hat\u00a0einen angeblich 23-j\u00e4hrigen Afghanen wegen Vergewaltigung und mehrerer sexueller \u00dcbergriffe auf junge Frauen verurteilt. Das Jugendsch\u00f6ffengericht verurteilte den T\u00e4ter mit [&hellip;]","og_url":"https:\/\/now-news.de\/de\/deutschland\/er-ist-im-prinzip-voll-integriert-afghanischer-vergewaltiger-auf-freien-fuss-gesetzt\/","og_site_name":"just-now.NEWS Deutschland","article_publisher":"https:\/\/www.facebook.com\/wirmachenauf","article_published_time":"2023-08-04T07:36:33+00:00","og_image":[{"width":460,"height":259,"url":"https:\/\/now-news.de\/de\/wp-content\/uploads\/sites\/3\/2023\/08\/quotEr-ist-im-Prinzip-voll-integriertquot-\u2013-Afghanischer-Vergewaltiger-auf.jpg","type":"image\/jpeg"}],"author":"rtnews","twitter_card":"summary_large_image","twitter_creator":"@WirMachenAuf_de","twitter_site":"@WirMachenAuf_de","twitter_misc":{"Verfasst von":"rtnews","Gesch\u00e4tzte Lesezeit":"1\u00a0Minute"},"schema":{"@context":"https:\/\/schema.org","@graph":[{"@type":"Article","@id":"https:\/\/now-news.de\/de\/deutschland\/er-ist-im-prinzip-voll-integriert-afghanischer-vergewaltiger-auf-freien-fuss-gesetzt\/#article","isPartOf":{"@id":"https:\/\/now-news.de\/de\/deutschland\/er-ist-im-prinzip-voll-integriert-afghanischer-vergewaltiger-auf-freien-fuss-gesetzt\/"},"author":{"name":"rtnews","@id":"https:\/\/now-news.de\/de\/#\/schema\/person\/fb534a4e865501d8b3285208df34a9b5"},"headline":"&quot;Er ist im Prinzip voll integriert&quot; \u2013 Afghanischer Vergewaltiger auf freien Fu\u00df gesetzt","datePublished":"2023-08-04T07:36:33+00:00","dateModified":"2023-08-04T07:36:33+00:00","mainEntityOfPage":{"@id":"https:\/\/now-news.de\/de\/deutschland\/er-ist-im-prinzip-voll-integriert-afghanischer-vergewaltiger-auf-freien-fuss-gesetzt\/"},"wordCount":312,"commentCount":0,"publisher":{"@id":"https:\/\/now-news.de\/de\/#organization"},"image":{"@id":"https:\/\/now-news.de\/de\/deutschland\/er-ist-im-prinzip-voll-integriert-afghanischer-vergewaltiger-auf-freien-fuss-gesetzt\/#primaryimage"},"thumbnailUrl":"https:\/\/now-news.de\/de\/wp-content\/uploads\/sites\/3\/2023\/08\/quotEr-ist-im-Prinzip-voll-integriertquot-\u2013-Afghanischer-Vergewaltiger-auf.jpg","keywords":["afghanischer","AUF","Freien","Fu\u00df","gesetzt","integriertquot","ist","Prinzip","quotEr","Vergewaltiger","voll"],"articleSection":["Deutschland","Russland"],"inLanguage":"de","potentialAction":[{"@type":"CommentAction","name":"Comment","target":["https:\/\/now-news.de\/de\/deutschland\/er-ist-im-prinzip-voll-integriert-afghanischer-vergewaltiger-auf-freien-fuss-gesetzt\/#respond"]}]},{"@type":"WebPage","@id":"https:\/\/now-news.de\/de\/deutschland\/er-ist-im-prinzip-voll-integriert-afghanischer-vergewaltiger-auf-freien-fuss-gesetzt\/","url":"https:\/\/now-news.de\/de\/deutschland\/er-ist-im-prinzip-voll-integriert-afghanischer-vergewaltiger-auf-freien-fuss-gesetzt\/","name":"&quot;Er ist im Prinzip voll integriert&quot; \u2013 Afghanischer Vergewaltiger auf freien Fu\u00df gesetzt - just-now.NEWS Deutschland","isPartOf":{"@id":"https:\/\/now-news.de\/de\/#website"},"primaryImageOfPage":{"@id":"https:\/\/now-news.de\/de\/deutschland\/er-ist-im-prinzip-voll-integriert-afghanischer-vergewaltiger-auf-freien-fuss-gesetzt\/#primaryimage"},"image":{"@id":"https:\/\/now-news.de\/de\/deutschland\/er-ist-im-prinzip-voll-integriert-afghanischer-vergewaltiger-auf-freien-fuss-gesetzt\/#primaryimage"},"thumbnailUrl":"https:\/\/now-news.de\/de\/wp-content\/uploads\/sites\/3\/2023\/08\/quotEr-ist-im-Prinzip-voll-integriertquot-\u2013-Afghanischer-Vergewaltiger-auf.jpg","datePublished":"2023-08-04T07:36:33+00:00","dateModified":"2023-08-04T07:36:33+00:00","breadcrumb":{"@id":"https:\/\/now-news.de\/de\/deutschland\/er-ist-im-prinzip-voll-integriert-afghanischer-vergewaltiger-auf-freien-fuss-gesetzt\/#breadcrumb"},"inLanguage":"de","potentialAction":[{"@type":"ReadAction","target":["https:\/\/now-news.de\/de\/deutschland\/er-ist-im-prinzip-voll-integriert-afghanischer-vergewaltiger-auf-freien-fuss-gesetzt\/"]}]},{"@type":"ImageObject","inLanguage":"de","@id":"https:\/\/now-news.de\/de\/deutschland\/er-ist-im-prinzip-voll-integriert-afghanischer-vergewaltiger-auf-freien-fuss-gesetzt\/#primaryimage","url":"https:\/\/now-news.de\/de\/wp-content\/uploads\/sites\/3\/2023\/08\/quotEr-ist-im-Prinzip-voll-integriertquot-\u2013-Afghanischer-Vergewaltiger-auf.jpg","contentUrl":"https:\/\/now-news.de\/de\/wp-content\/uploads\/sites\/3\/2023\/08\/quotEr-ist-im-Prinzip-voll-integriertquot-\u2013-Afghanischer-Vergewaltiger-auf.jpg","width":460,"height":259,"caption":"&quot;Er ist im Prinzip voll integriert&quot; \u2013 Afghanischer Vergewaltiger auf freien Fu\u00df gesetzt"},{"@type":"BreadcrumbList","@id":"https:\/\/now-news.de\/de\/deutschland\/er-ist-im-prinzip-voll-integriert-afghanischer-vergewaltiger-auf-freien-fuss-gesetzt\/#breadcrumb","itemListElement":[{"@type":"ListItem","position":1,"name":"Home","item":"https:\/\/now-news.de\/de\/"},{"@type":"ListItem","position":2,"name":"&quot;Er ist im Prinzip voll integriert&quot; \u2013 Afghanischer Vergewaltiger auf freien Fu\u00df gesetzt"}]},{"@type":"WebSite","@id":"https:\/\/now-news.de\/de\/#website","url":"https:\/\/now-news.de\/de\/","name":"just-now.NEWS Deutschland","description":"Das Portal f\u00fcr unzensierte Nachrichten aus der Welt","publisher":{"@id":"https:\/\/now-news.de\/de\/#organization"},"potentialAction":[{"@type":"SearchAction","target":{"@type":"EntryPoint","urlTemplate":"https:\/\/now-news.de\/de\/?s={search_term_string}"},"query-input":"required name=search_term_string"}],"inLanguage":"de"},{"@type":"Organization","@id":"https:\/\/now-news.de\/de\/#organization","name":"Just Now News","url":"https:\/\/now-news.de\/de\/","logo":{"@type":"ImageObject","inLanguage":"de","@id":"https:\/\/now-news.de\/de\/#\/schema\/logo\/image\/","url":"http:\/\/just-now.news\/de\/wp-content\/uploads\/sites\/3\/2022\/04\/logo500x500.jpg","contentUrl":"http:\/\/just-now.news\/de\/wp-content\/uploads\/sites\/3\/2022\/04\/logo500x500.jpg","width":500,"height":500,"caption":"Just Now News"},"image":{"@id":"https:\/\/now-news.de\/de\/#\/schema\/logo\/image\/"},"sameAs":["https:\/\/www.facebook.com\/wirmachenauf","https:\/\/x.com\/WirMachenAuf_de"]},{"@type":"Person","@id":"https:\/\/now-news.de\/de\/#\/schema\/person\/fb534a4e865501d8b3285208df34a9b5","name":"rtnews","image":{"@type":"ImageObject","inLanguage":"de","@id":"https:\/\/now-news.de\/de\/#\/schema\/person\/image\/","url":"https:\/\/secure.gravatar.com\/avatar\/82aafea7d8127119dd649515f56e2117?s=96&d=mm&r=g","contentUrl":"https:\/\/secure.gravatar.com\/avatar\/82aafea7d8127119dd649515f56e2117?s=96&d=mm&r=g","caption":"rtnews"},"url":"https:\/\/now-news.de\/de\/author\/rnews\/"}]}},"_links":{"self":[{"href":"https:\/\/now-news.de\/de\/wp-json\/wp\/v2\/posts\/41322"}],"collection":[{"href":"https:\/\/now-news.de\/de\/wp-json\/wp\/v2\/posts"}],"about":[{"href":"https:\/\/now-news.de\/de\/wp-json\/wp\/v2\/types\/post"}],"author":[{"embeddable":true,"href":"https:\/\/now-news.de\/de\/wp-json\/wp\/v2\/users\/3"}],"replies":[{"embeddable":true,"href":"https:\/\/now-news.de\/de\/wp-json\/wp\/v2\/comments?post=41322"}],"version-history":[{"count":0,"href":"https:\/\/now-news.de\/de\/wp-json\/wp\/v2\/posts\/41322\/revisions"}],"wp:featuredmedia":[{"embeddable":true,"href":"https:\/\/now-news.de\/de\/wp-json\/wp\/v2\/media\/41323"}],"wp:attachment":[{"href":"https:\/\/now-news.de\/de\/wp-json\/wp\/v2\/media?parent=41322"}],"wp:term":[{"taxonomy":"category","embeddable":true,"href":"https:\/\/now-news.de\/de\/wp-json\/wp\/v2\/categories?post=41322"},{"taxonomy":"post_tag","embeddable":true,"href":"https:\/\/now-news.de\/de\/wp-json\/wp\/v2\/tags?post=41322"}],"curies":[{"name":"wp","href":"https:\/\/api.w.org\/{rel}","templated":true}]}}