{"id":41294,"date":"2023-08-03T15:03:35","date_gmt":"2023-08-03T13:03:35","guid":{"rendered":"https:\/\/just-now.news\/de\/deutschland\/trump-mir-koennten-jetzt-insgesamt-561-jahre-gefaengnis-drohen\/"},"modified":"2023-08-03T15:03:35","modified_gmt":"2023-08-03T13:03:35","slug":"trump-mir-koennten-jetzt-insgesamt-561-jahre-gefaengnis-drohen","status":"publish","type":"post","link":"https:\/\/now-news.de\/de\/deutschland\/trump-mir-koennten-jetzt-insgesamt-561-jahre-gefaengnis-drohen\/","title":{"rendered":"Trump: &quot;Mir k\u00f6nnten jetzt insgesamt 561 JAHRE Gef\u00e4ngnis drohen&quot;"},"content":{"rendered":"<p><img decoding=\"async\" src=\"http:\/\/just-now.news\/de\/wp-content\/uploads\/sites\/3\/2023\/08\/64cb8fc848fbef47ca05118f.jpg\" \/><\/p>\n<div class=\"Text-root Text-type_1 \">\n                W\u00e4hrend sich die juristische Situation um Donald Trump im Vorfeld der US-Pr\u00e4sidentschaftswahlen 2024 weiter zuspitzt, hat der 45. US-Pr\u00e4sident erkl\u00e4rt, dass die &#8220;tyrannischen&#8221; Demokraten ihn f\u00fcr &#8220;sechs Lebenszeiten&#8221; hinter Gitter bringen wollen.\n            <\/div>\n<p><\/p>\n<div class=\"Text-root Text-type_5 ArticleView-text ViewText-root \">\n<p>Der ehemalige US-Pr\u00e4sident Donald Trump sagte am Mittwoch, die &#8220;korrupte&#8221; Regierung versuche, ihn durch politisch motivierte Prozesse f\u00fcr mehr als 500 Jahre einzusperren, und bat um Wahlkampfspenden, um zu beweisen, dass die US-Amerikaner &#8220;niemals vor der Tyrannei kapitulieren&#8221; werden.<\/p>\n<p>&#8220;Da Crooked Joe&#8217;s korruptes Justizministerium mich wieder einmal unrechtm\u00e4\u00dfig angeklagt hat, k\u00f6nnte ich Berichten zufolge wegen der Hexenjagd der Linken insgesamt 561 JAHRE im Gef\u00e4ngnis verbringen&#8221;, hei\u00dft es in Trumps Spenden-E-Mail, die von mehreren US-Medien ver\u00f6ffentlicht wurde. &#8220;Crooked Joe&#8221; ist Trumps Spitzname f\u00fcr den derzeitigen US-Pr\u00e4sidenten, Joe Biden. Crooked bedeutet im Englischen korrupt.<\/p>\n<p>&#8220;Es gibt nur EINE Botschaft, die jemand vermittelt, wenn er versucht, einen f\u00fcr sechs Lebensjahre ins Gef\u00e4ngnis zu werfen, und das ist FURCHT. Die Angst, dass, wenn Sie f\u00fcr den EINZIGEN Kandidaten stimmen, der Sie an erste Stelle setzt, auch Sie von dem derzeitigen marxistischen Regime in Washington schikaniert, angeklagt und sogar verhaftet werden k\u00f6nnten&#8221;, hei\u00dft es in der E-Mail weiter.<\/p>\n<p>Trump argumentierte, dass es bei den &#8220;endlosen Hexenjagden&#8221; nicht um ihn gehe, sondern darum, den US-B\u00fcrgern die Freiheit zu nehmen.\u00a0Er forderte seine Anh\u00e4nger auf, &#8220;in diesen dunklen Zeiten friedlich zu mir zu stehen.&#8221;<\/p>\n<p>Am Dienstag ver\u00f6ffentlichte der Sonderstaatsanwalt Jack Smith eine 45-seitige Anklageschrift eines Geschworenengerichts in Washington D.C. zu sechs Anklagepunkten im Zusammenhang mit dem Aufstand vom 6. Januar 2021 vor dem US-Kapitol. Smith behauptete, Trump habe gewusst, dass seine Behauptungen \u00fcber Unregelm\u00e4\u00dfigkeiten bei der Wahl 2020 falsch waren. Er habe sie aber dennoch aufrechterhalten und so &#8220;eine intensive nationale Atmosph\u00e4re des Misstrauens und der Wut geschaffen und das Vertrauen der \u00d6ffentlichkeit in die Verwaltung der Wahl untergraben.&#8221;<\/p>\n<p>Smith behauptete weiter, dass Trumps &#8220;Verschw\u00f6rungen&#8221; auf &#8220;eine grundlegende Funktion der US-Bundesregierung&#8221; abzielten.<\/p>\n<p>In der vergangenen Woche hatte Smith den 45. US-Pr\u00e4sidenten auch wegen Behinderung der Justiz angeklagt, weil er angeblich Beweise f\u00fcr den Besitz von Geheimdokumenten in seiner Residenz Mar-a-Lago in Florida vernichtet hatte. Ein New Yorker Gericht hatte Trump\u00a0zudem wegen &#8220;F\u00e4lschung von Gesch\u00e4ftsunterlagen&#8221; im Zusammenhang mit angeblichen Schweigegeldzahlungen an die Pornodarstellerin Stormy Daniels angeklagt.<\/p>\n<p>Trump ist derzeit der Spitzenkandidat f\u00fcr die republikanische Pr\u00e4sidentschaftskandidatur im Jahr 2024 und liegt weit vor allen anderen Bewerbern. Die Demokraten haben beschlossen, keine Debatten zwischen Biden und seinen beiden derzeitigen Konkurrenten, Robert F. Kennedy Jr. und Marianne Williamson, abzuhalten.<\/p>\n<p>Die Demokraten bestehen darauf, dass Joe Biden bei den Wahlen 2020 rechtm\u00e4\u00dfig 81 Millionen Stimmen erhalten habe \u2013 die meisten in der US-Geschichte \u2013 und dass alle Behauptungen von Trump \u00fcber Unregelm\u00e4\u00dfigkeiten v\u00f6llig falsch seien. Im Februar 2021 <a rel=\"nofollow noopener\" target=\"_blank\" href=\"https:\/\/time.com\/5936036\/secret-2020-election-campaign\/\">ver\u00f6ffentlichte<\/a> das <em>Time Magazine<\/em> einen Bericht \u00fcber eine &#8220;au\u00dfergew\u00f6hnliche Schattenanstrengung&#8221; zur &#8220;St\u00e4rkung&#8221; der Wahl, die Agenten der Demokratischen Partei und Anti-Trump-Republikaner zusammengebracht hatte.<\/p>\n<p><strong>Mehr zum Thema<\/strong> &#8211;\u00a0<a rel=\"nofollow noopener\" target=\"_blank\" href=\"https:\/\/test.rtde.tech\/nordamerika\/176820-usa-koennten-2024-eskalation-ukraine\/\">USA k\u00f6nnten 2024 Eskalation des Ukraine-Konflikts provozieren<\/a><\/p>\n<\/div>\n<p><br \/>\n<br \/><a href=\"https:\/\/de.rt.com\/nordamerika\/176869-trump-warnt-vor-561-jaehrigen\/\">Source link <\/a><\/p>\n","protected":false},"excerpt":{"rendered":"<p>W\u00e4hrend sich die juristische Situation um Donald Trump im Vorfeld der US-Pr\u00e4sidentschaftswahlen 2024 weiter zuspitzt, hat der 45. US-Pr\u00e4sident erkl\u00e4rt, dass die &#8220;tyrannischen&#8221; Demokraten ihn f\u00fcr &#8220;sechs Lebenszeiten&#8221; hinter Gitter bringen wollen. Der ehemalige US-Pr\u00e4sident Donald Trump sagte am Mittwoch, die &#8220;korrupte&#8221; Regierung versuche, ihn durch politisch motivierte Prozesse f\u00fcr mehr als 500 Jahre einzusperren, [&hellip;]<\/p>\n","protected":false},"author":3,"featured_media":41295,"comment_status":"open","ping_status":"open","sticky":false,"template":"","format":"standard","meta":{"_yoast_indexnow_last_ping":["1691068735"],"wp_automatic_camp":["217"],"bb870ab6cfc2bd31dfed662be5d34f37":["Trump: &quot;Mir k\u00f6nnten jetzt insgesamt 561 JAHRE Gef\u00e4ngnis drohen&quot;"],"original_link":["https:\/\/de.rt.com\/nordamerika\/176869-trump-warnt-vor-561-jaehrigen\/"],"_thumbnail_id":["41295"],"jnews_social_counter_last_update":["1777593226"],"_wptgpro_p2tg_sent2tg":["a:1:{i:23737;s:19:\"2023-08-03 15:20:27\";}"]},"categories":[19,23],"tags":[47367,7567,20742,7530,2731,4667,47366,1639],"yoast_head":"<!-- This site is optimized with the Yoast SEO Premium plugin v22.7 (Yoast SEO v22.7) - https:\/\/yoast.com\/wordpress\/plugins\/seo\/ -->\n<title>Trump: &quot;Mir k\u00f6nnten jetzt insgesamt 561 JAHRE Gef\u00e4ngnis drohen&quot; - just-now.NEWS Deutschland<\/title>\n<meta name=\"robots\" content=\"index, follow, max-snippet:-1, max-image-preview:large, max-video-preview:-1\" \/>\n<link rel=\"canonical\" href=\"https:\/\/now-news.de\/de\/deutschland\/trump-mir-koennten-jetzt-insgesamt-561-jahre-gefaengnis-drohen\/\" \/>\n<meta property=\"og:locale\" content=\"de_DE\" \/>\n<meta property=\"og:type\" content=\"article\" \/>\n<meta property=\"og:title\" content=\"Trump: &quot;Mir k\u00f6nnten jetzt insgesamt 561 JAHRE Gef\u00e4ngnis drohen&quot;\" \/>\n<meta property=\"og:description\" content=\"W\u00e4hrend sich die juristische Situation um Donald Trump im Vorfeld der US-Pr\u00e4sidentschaftswahlen 2024 weiter zuspitzt, hat der 45. US-Pr\u00e4sident erkl\u00e4rt, dass die &#8220;tyrannischen&#8221; Demokraten ihn f\u00fcr &#8220;sechs Lebenszeiten&#8221; hinter Gitter bringen wollen. Der ehemalige US-Pr\u00e4sident Donald Trump sagte am Mittwoch, die &#8220;korrupte&#8221; Regierung versuche, ihn durch politisch motivierte Prozesse f\u00fcr mehr als 500 Jahre einzusperren, [&hellip;]\" \/>\n<meta property=\"og:url\" content=\"https:\/\/now-news.de\/de\/deutschland\/trump-mir-koennten-jetzt-insgesamt-561-jahre-gefaengnis-drohen\/\" \/>\n<meta property=\"og:site_name\" content=\"just-now.NEWS Deutschland\" \/>\n<meta property=\"article:publisher\" content=\"https:\/\/www.facebook.com\/wirmachenauf\" \/>\n<meta property=\"article:published_time\" content=\"2023-08-03T13:03:35+00:00\" \/>\n<meta property=\"og:image\" content=\"https:\/\/now-news.de\/de\/wp-content\/uploads\/sites\/3\/2023\/08\/Trump-quotMir-koennten-jetzt-insgesamt-561-JAHRE-Gefaengnis-drohenquot.jpg\" \/>\n\t<meta property=\"og:image:width\" content=\"460\" \/>\n\t<meta property=\"og:image:height\" content=\"259\" \/>\n\t<meta property=\"og:image:type\" content=\"image\/jpeg\" \/>\n<meta name=\"author\" content=\"rtnews\" \/>\n<meta name=\"twitter:card\" content=\"summary_large_image\" \/>\n<meta name=\"twitter:creator\" content=\"@WirMachenAuf_de\" \/>\n<meta name=\"twitter:site\" content=\"@WirMachenAuf_de\" \/>\n<meta name=\"twitter:label1\" content=\"Verfasst von\" \/>\n\t<meta name=\"twitter:data1\" content=\"rtnews\" \/>\n\t<meta name=\"twitter:label2\" content=\"Gesch\u00e4tzte Lesezeit\" \/>\n\t<meta name=\"twitter:data2\" content=\"3\u00a0Minuten\" \/>\n<script type=\"application\/ld+json\" class=\"yoast-schema-graph\">{\"@context\":\"https:\/\/schema.org\",\"@graph\":[{\"@type\":\"Article\",\"@id\":\"https:\/\/now-news.de\/de\/deutschland\/trump-mir-koennten-jetzt-insgesamt-561-jahre-gefaengnis-drohen\/#article\",\"isPartOf\":{\"@id\":\"https:\/\/now-news.de\/de\/deutschland\/trump-mir-koennten-jetzt-insgesamt-561-jahre-gefaengnis-drohen\/\"},\"author\":{\"name\":\"rtnews\",\"@id\":\"https:\/\/now-news.de\/de\/#\/schema\/person\/fb534a4e865501d8b3285208df34a9b5\"},\"headline\":\"Trump: &quot;Mir k\u00f6nnten jetzt insgesamt 561 JAHRE Gef\u00e4ngnis drohen&quot;\",\"datePublished\":\"2023-08-03T13:03:35+00:00\",\"dateModified\":\"2023-08-03T13:03:35+00:00\",\"mainEntityOfPage\":{\"@id\":\"https:\/\/now-news.de\/de\/deutschland\/trump-mir-koennten-jetzt-insgesamt-561-jahre-gefaengnis-drohen\/\"},\"wordCount\":514,\"commentCount\":0,\"publisher\":{\"@id\":\"https:\/\/now-news.de\/de\/#organization\"},\"image\":{\"@id\":\"https:\/\/now-news.de\/de\/deutschland\/trump-mir-koennten-jetzt-insgesamt-561-jahre-gefaengnis-drohen\/#primaryimage\"},\"thumbnailUrl\":\"https:\/\/now-news.de\/de\/wp-content\/uploads\/sites\/3\/2023\/08\/Trump-quotMir-koennten-jetzt-insgesamt-561-JAHRE-Gefaengnis-drohenquot.jpg\",\"keywords\":[\"drohenquot\",\"Gef\u00e4ngnis\",\"Insgesamt\",\"Jahre\",\"Jetzt\",\"k\u00f6nnten\",\"quotMir\",\"trump\"],\"articleSection\":[\"Deutschland\",\"Russland\"],\"inLanguage\":\"de\",\"potentialAction\":[{\"@type\":\"CommentAction\",\"name\":\"Comment\",\"target\":[\"https:\/\/now-news.de\/de\/deutschland\/trump-mir-koennten-jetzt-insgesamt-561-jahre-gefaengnis-drohen\/#respond\"]}]},{\"@type\":\"WebPage\",\"@id\":\"https:\/\/now-news.de\/de\/deutschland\/trump-mir-koennten-jetzt-insgesamt-561-jahre-gefaengnis-drohen\/\",\"url\":\"https:\/\/now-news.de\/de\/deutschland\/trump-mir-koennten-jetzt-insgesamt-561-jahre-gefaengnis-drohen\/\",\"name\":\"Trump: &quot;Mir k\u00f6nnten jetzt insgesamt 561 JAHRE Gef\u00e4ngnis drohen&quot; - just-now.NEWS Deutschland\",\"isPartOf\":{\"@id\":\"https:\/\/now-news.de\/de\/#website\"},\"primaryImageOfPage\":{\"@id\":\"https:\/\/now-news.de\/de\/deutschland\/trump-mir-koennten-jetzt-insgesamt-561-jahre-gefaengnis-drohen\/#primaryimage\"},\"image\":{\"@id\":\"https:\/\/now-news.de\/de\/deutschland\/trump-mir-koennten-jetzt-insgesamt-561-jahre-gefaengnis-drohen\/#primaryimage\"},\"thumbnailUrl\":\"https:\/\/now-news.de\/de\/wp-content\/uploads\/sites\/3\/2023\/08\/Trump-quotMir-koennten-jetzt-insgesamt-561-JAHRE-Gefaengnis-drohenquot.jpg\",\"datePublished\":\"2023-08-03T13:03:35+00:00\",\"dateModified\":\"2023-08-03T13:03:35+00:00\",\"breadcrumb\":{\"@id\":\"https:\/\/now-news.de\/de\/deutschland\/trump-mir-koennten-jetzt-insgesamt-561-jahre-gefaengnis-drohen\/#breadcrumb\"},\"inLanguage\":\"de\",\"potentialAction\":[{\"@type\":\"ReadAction\",\"target\":[\"https:\/\/now-news.de\/de\/deutschland\/trump-mir-koennten-jetzt-insgesamt-561-jahre-gefaengnis-drohen\/\"]}]},{\"@type\":\"ImageObject\",\"inLanguage\":\"de\",\"@id\":\"https:\/\/now-news.de\/de\/deutschland\/trump-mir-koennten-jetzt-insgesamt-561-jahre-gefaengnis-drohen\/#primaryimage\",\"url\":\"https:\/\/now-news.de\/de\/wp-content\/uploads\/sites\/3\/2023\/08\/Trump-quotMir-koennten-jetzt-insgesamt-561-JAHRE-Gefaengnis-drohenquot.jpg\",\"contentUrl\":\"https:\/\/now-news.de\/de\/wp-content\/uploads\/sites\/3\/2023\/08\/Trump-quotMir-koennten-jetzt-insgesamt-561-JAHRE-Gefaengnis-drohenquot.jpg\",\"width\":460,\"height\":259,\"caption\":\"Trump: &quot;Mir k\u00f6nnten jetzt insgesamt 561 JAHRE Gef\u00e4ngnis drohen&quot;\"},{\"@type\":\"BreadcrumbList\",\"@id\":\"https:\/\/now-news.de\/de\/deutschland\/trump-mir-koennten-jetzt-insgesamt-561-jahre-gefaengnis-drohen\/#breadcrumb\",\"itemListElement\":[{\"@type\":\"ListItem\",\"position\":1,\"name\":\"Home\",\"item\":\"https:\/\/now-news.de\/de\/\"},{\"@type\":\"ListItem\",\"position\":2,\"name\":\"Trump: &quot;Mir k\u00f6nnten jetzt insgesamt 561 JAHRE Gef\u00e4ngnis drohen&quot;\"}]},{\"@type\":\"WebSite\",\"@id\":\"https:\/\/now-news.de\/de\/#website\",\"url\":\"https:\/\/now-news.de\/de\/\",\"name\":\"just-now.NEWS Deutschland\",\"description\":\"Das Portal f\u00fcr unzensierte Nachrichten aus der Welt\",\"publisher\":{\"@id\":\"https:\/\/now-news.de\/de\/#organization\"},\"potentialAction\":[{\"@type\":\"SearchAction\",\"target\":{\"@type\":\"EntryPoint\",\"urlTemplate\":\"https:\/\/now-news.de\/de\/?s={search_term_string}\"},\"query-input\":\"required name=search_term_string\"}],\"inLanguage\":\"de\"},{\"@type\":\"Organization\",\"@id\":\"https:\/\/now-news.de\/de\/#organization\",\"name\":\"Just Now News\",\"url\":\"https:\/\/now-news.de\/de\/\",\"logo\":{\"@type\":\"ImageObject\",\"inLanguage\":\"de\",\"@id\":\"https:\/\/now-news.de\/de\/#\/schema\/logo\/image\/\",\"url\":\"http:\/\/just-now.news\/de\/wp-content\/uploads\/sites\/3\/2022\/04\/logo500x500.jpg\",\"contentUrl\":\"http:\/\/just-now.news\/de\/wp-content\/uploads\/sites\/3\/2022\/04\/logo500x500.jpg\",\"width\":500,\"height\":500,\"caption\":\"Just Now News\"},\"image\":{\"@id\":\"https:\/\/now-news.de\/de\/#\/schema\/logo\/image\/\"},\"sameAs\":[\"https:\/\/www.facebook.com\/wirmachenauf\",\"https:\/\/x.com\/WirMachenAuf_de\"]},{\"@type\":\"Person\",\"@id\":\"https:\/\/now-news.de\/de\/#\/schema\/person\/fb534a4e865501d8b3285208df34a9b5\",\"name\":\"rtnews\",\"image\":{\"@type\":\"ImageObject\",\"inLanguage\":\"de\",\"@id\":\"https:\/\/now-news.de\/de\/#\/schema\/person\/image\/\",\"url\":\"https:\/\/secure.gravatar.com\/avatar\/82aafea7d8127119dd649515f56e2117?s=96&d=mm&r=g\",\"contentUrl\":\"https:\/\/secure.gravatar.com\/avatar\/82aafea7d8127119dd649515f56e2117?s=96&d=mm&r=g\",\"caption\":\"rtnews\"},\"url\":\"https:\/\/now-news.de\/de\/author\/rnews\/\"}]}<\/script>\n<!-- \/ Yoast SEO Premium plugin. -->","yoast_head_json":{"title":"Trump: &quot;Mir k\u00f6nnten jetzt insgesamt 561 JAHRE Gef\u00e4ngnis drohen&quot; - just-now.NEWS Deutschland","robots":{"index":"index","follow":"follow","max-snippet":"max-snippet:-1","max-image-preview":"max-image-preview:large","max-video-preview":"max-video-preview:-1"},"canonical":"https:\/\/now-news.de\/de\/deutschland\/trump-mir-koennten-jetzt-insgesamt-561-jahre-gefaengnis-drohen\/","og_locale":"de_DE","og_type":"article","og_title":"Trump: &quot;Mir k\u00f6nnten jetzt insgesamt 561 JAHRE Gef\u00e4ngnis drohen&quot;","og_description":"W\u00e4hrend sich die juristische Situation um Donald Trump im Vorfeld der US-Pr\u00e4sidentschaftswahlen 2024 weiter zuspitzt, hat der 45. US-Pr\u00e4sident erkl\u00e4rt, dass die &#8220;tyrannischen&#8221; Demokraten ihn f\u00fcr &#8220;sechs Lebenszeiten&#8221; hinter Gitter bringen wollen. Der ehemalige US-Pr\u00e4sident Donald Trump sagte am Mittwoch, die &#8220;korrupte&#8221; Regierung versuche, ihn durch politisch motivierte Prozesse f\u00fcr mehr als 500 Jahre einzusperren, [&hellip;]","og_url":"https:\/\/now-news.de\/de\/deutschland\/trump-mir-koennten-jetzt-insgesamt-561-jahre-gefaengnis-drohen\/","og_site_name":"just-now.NEWS Deutschland","article_publisher":"https:\/\/www.facebook.com\/wirmachenauf","article_published_time":"2023-08-03T13:03:35+00:00","og_image":[{"width":460,"height":259,"url":"https:\/\/now-news.de\/de\/wp-content\/uploads\/sites\/3\/2023\/08\/Trump-quotMir-koennten-jetzt-insgesamt-561-JAHRE-Gefaengnis-drohenquot.jpg","type":"image\/jpeg"}],"author":"rtnews","twitter_card":"summary_large_image","twitter_creator":"@WirMachenAuf_de","twitter_site":"@WirMachenAuf_de","twitter_misc":{"Verfasst von":"rtnews","Gesch\u00e4tzte Lesezeit":"3\u00a0Minuten"},"schema":{"@context":"https:\/\/schema.org","@graph":[{"@type":"Article","@id":"https:\/\/now-news.de\/de\/deutschland\/trump-mir-koennten-jetzt-insgesamt-561-jahre-gefaengnis-drohen\/#article","isPartOf":{"@id":"https:\/\/now-news.de\/de\/deutschland\/trump-mir-koennten-jetzt-insgesamt-561-jahre-gefaengnis-drohen\/"},"author":{"name":"rtnews","@id":"https:\/\/now-news.de\/de\/#\/schema\/person\/fb534a4e865501d8b3285208df34a9b5"},"headline":"Trump: &quot;Mir k\u00f6nnten jetzt insgesamt 561 JAHRE Gef\u00e4ngnis drohen&quot;","datePublished":"2023-08-03T13:03:35+00:00","dateModified":"2023-08-03T13:03:35+00:00","mainEntityOfPage":{"@id":"https:\/\/now-news.de\/de\/deutschland\/trump-mir-koennten-jetzt-insgesamt-561-jahre-gefaengnis-drohen\/"},"wordCount":514,"commentCount":0,"publisher":{"@id":"https:\/\/now-news.de\/de\/#organization"},"image":{"@id":"https:\/\/now-news.de\/de\/deutschland\/trump-mir-koennten-jetzt-insgesamt-561-jahre-gefaengnis-drohen\/#primaryimage"},"thumbnailUrl":"https:\/\/now-news.de\/de\/wp-content\/uploads\/sites\/3\/2023\/08\/Trump-quotMir-koennten-jetzt-insgesamt-561-JAHRE-Gefaengnis-drohenquot.jpg","keywords":["drohenquot","Gef\u00e4ngnis","Insgesamt","Jahre","Jetzt","k\u00f6nnten","quotMir","trump"],"articleSection":["Deutschland","Russland"],"inLanguage":"de","potentialAction":[{"@type":"CommentAction","name":"Comment","target":["https:\/\/now-news.de\/de\/deutschland\/trump-mir-koennten-jetzt-insgesamt-561-jahre-gefaengnis-drohen\/#respond"]}]},{"@type":"WebPage","@id":"https:\/\/now-news.de\/de\/deutschland\/trump-mir-koennten-jetzt-insgesamt-561-jahre-gefaengnis-drohen\/","url":"https:\/\/now-news.de\/de\/deutschland\/trump-mir-koennten-jetzt-insgesamt-561-jahre-gefaengnis-drohen\/","name":"Trump: &quot;Mir k\u00f6nnten jetzt insgesamt 561 JAHRE Gef\u00e4ngnis drohen&quot; - just-now.NEWS Deutschland","isPartOf":{"@id":"https:\/\/now-news.de\/de\/#website"},"primaryImageOfPage":{"@id":"https:\/\/now-news.de\/de\/deutschland\/trump-mir-koennten-jetzt-insgesamt-561-jahre-gefaengnis-drohen\/#primaryimage"},"image":{"@id":"https:\/\/now-news.de\/de\/deutschland\/trump-mir-koennten-jetzt-insgesamt-561-jahre-gefaengnis-drohen\/#primaryimage"},"thumbnailUrl":"https:\/\/now-news.de\/de\/wp-content\/uploads\/sites\/3\/2023\/08\/Trump-quotMir-koennten-jetzt-insgesamt-561-JAHRE-Gefaengnis-drohenquot.jpg","datePublished":"2023-08-03T13:03:35+00:00","dateModified":"2023-08-03T13:03:35+00:00","breadcrumb":{"@id":"https:\/\/now-news.de\/de\/deutschland\/trump-mir-koennten-jetzt-insgesamt-561-jahre-gefaengnis-drohen\/#breadcrumb"},"inLanguage":"de","potentialAction":[{"@type":"ReadAction","target":["https:\/\/now-news.de\/de\/deutschland\/trump-mir-koennten-jetzt-insgesamt-561-jahre-gefaengnis-drohen\/"]}]},{"@type":"ImageObject","inLanguage":"de","@id":"https:\/\/now-news.de\/de\/deutschland\/trump-mir-koennten-jetzt-insgesamt-561-jahre-gefaengnis-drohen\/#primaryimage","url":"https:\/\/now-news.de\/de\/wp-content\/uploads\/sites\/3\/2023\/08\/Trump-quotMir-koennten-jetzt-insgesamt-561-JAHRE-Gefaengnis-drohenquot.jpg","contentUrl":"https:\/\/now-news.de\/de\/wp-content\/uploads\/sites\/3\/2023\/08\/Trump-quotMir-koennten-jetzt-insgesamt-561-JAHRE-Gefaengnis-drohenquot.jpg","width":460,"height":259,"caption":"Trump: &quot;Mir k\u00f6nnten jetzt insgesamt 561 JAHRE Gef\u00e4ngnis drohen&quot;"},{"@type":"BreadcrumbList","@id":"https:\/\/now-news.de\/de\/deutschland\/trump-mir-koennten-jetzt-insgesamt-561-jahre-gefaengnis-drohen\/#breadcrumb","itemListElement":[{"@type":"ListItem","position":1,"name":"Home","item":"https:\/\/now-news.de\/de\/"},{"@type":"ListItem","position":2,"name":"Trump: &quot;Mir k\u00f6nnten jetzt insgesamt 561 JAHRE Gef\u00e4ngnis drohen&quot;"}]},{"@type":"WebSite","@id":"https:\/\/now-news.de\/de\/#website","url":"https:\/\/now-news.de\/de\/","name":"just-now.NEWS Deutschland","description":"Das Portal f\u00fcr unzensierte Nachrichten aus der Welt","publisher":{"@id":"https:\/\/now-news.de\/de\/#organization"},"potentialAction":[{"@type":"SearchAction","target":{"@type":"EntryPoint","urlTemplate":"https:\/\/now-news.de\/de\/?s={search_term_string}"},"query-input":"required name=search_term_string"}],"inLanguage":"de"},{"@type":"Organization","@id":"https:\/\/now-news.de\/de\/#organization","name":"Just Now News","url":"https:\/\/now-news.de\/de\/","logo":{"@type":"ImageObject","inLanguage":"de","@id":"https:\/\/now-news.de\/de\/#\/schema\/logo\/image\/","url":"http:\/\/just-now.news\/de\/wp-content\/uploads\/sites\/3\/2022\/04\/logo500x500.jpg","contentUrl":"http:\/\/just-now.news\/de\/wp-content\/uploads\/sites\/3\/2022\/04\/logo500x500.jpg","width":500,"height":500,"caption":"Just Now News"},"image":{"@id":"https:\/\/now-news.de\/de\/#\/schema\/logo\/image\/"},"sameAs":["https:\/\/www.facebook.com\/wirmachenauf","https:\/\/x.com\/WirMachenAuf_de"]},{"@type":"Person","@id":"https:\/\/now-news.de\/de\/#\/schema\/person\/fb534a4e865501d8b3285208df34a9b5","name":"rtnews","image":{"@type":"ImageObject","inLanguage":"de","@id":"https:\/\/now-news.de\/de\/#\/schema\/person\/image\/","url":"https:\/\/secure.gravatar.com\/avatar\/82aafea7d8127119dd649515f56e2117?s=96&d=mm&r=g","contentUrl":"https:\/\/secure.gravatar.com\/avatar\/82aafea7d8127119dd649515f56e2117?s=96&d=mm&r=g","caption":"rtnews"},"url":"https:\/\/now-news.de\/de\/author\/rnews\/"}]}},"_links":{"self":[{"href":"https:\/\/now-news.de\/de\/wp-json\/wp\/v2\/posts\/41294"}],"collection":[{"href":"https:\/\/now-news.de\/de\/wp-json\/wp\/v2\/posts"}],"about":[{"href":"https:\/\/now-news.de\/de\/wp-json\/wp\/v2\/types\/post"}],"author":[{"embeddable":true,"href":"https:\/\/now-news.de\/de\/wp-json\/wp\/v2\/users\/3"}],"replies":[{"embeddable":true,"href":"https:\/\/now-news.de\/de\/wp-json\/wp\/v2\/comments?post=41294"}],"version-history":[{"count":0,"href":"https:\/\/now-news.de\/de\/wp-json\/wp\/v2\/posts\/41294\/revisions"}],"wp:featuredmedia":[{"embeddable":true,"href":"https:\/\/now-news.de\/de\/wp-json\/wp\/v2\/media\/41295"}],"wp:attachment":[{"href":"https:\/\/now-news.de\/de\/wp-json\/wp\/v2\/media?parent=41294"}],"wp:term":[{"taxonomy":"category","embeddable":true,"href":"https:\/\/now-news.de\/de\/wp-json\/wp\/v2\/categories?post=41294"},{"taxonomy":"post_tag","embeddable":true,"href":"https:\/\/now-news.de\/de\/wp-json\/wp\/v2\/tags?post=41294"}],"curies":[{"name":"wp","href":"https:\/\/api.w.org\/{rel}","templated":true}]}}