{"id":41278,"date":"2023-08-03T10:24:38","date_gmt":"2023-08-03T08:24:38","guid":{"rendered":"https:\/\/just-now.news\/de\/deutschland\/berlins-regierender-buergermeister-kai-wegner-niemals-zusammenarbeit-mit-der-afd\/"},"modified":"2023-08-03T10:24:38","modified_gmt":"2023-08-03T08:24:38","slug":"berlins-regierender-buergermeister-kai-wegner-niemals-zusammenarbeit-mit-der-afd","status":"publish","type":"post","link":"https:\/\/now-news.de\/de\/deutschland\/berlins-regierender-buergermeister-kai-wegner-niemals-zusammenarbeit-mit-der-afd\/","title":{"rendered":"Berlins Regierender B\u00fcrgermeister Kai Wegner: Niemals Zusammenarbeit mit der AfD"},"content":{"rendered":"<p><img decoding=\"async\" src=\"http:\/\/just-now.news\/de\/wp-content\/uploads\/sites\/3\/2023\/08\/64cb61aa48fbef79923dfab5.jpg\" \/><\/p>\n<div class=\"Text-root Text-type_1 \">\n                Nach 100 Tagen im Amt \u00e4u\u00dferte sich Berlins Regierender B\u00fcrgermeister Kai Wegner \u00fcber seine L\u00f6sungsans\u00e4tze f\u00fcr Probleme der Hauptstadt. Auch die gebetsm\u00fchlenartige Distanzierung von der AfD durfte nicht fehlen.\n            <\/div>\n<p><\/p>\n<div class=\"Text-root Text-type_5 ArticleView-text ViewText-root \">\n<p>Berlins Regierender B\u00fcrgermeister Kai Wegner (CDU) hat eine Zusammenarbeit mit der AfD kategorisch ausgeschlossen. Dies betonte er im Gespr\u00e4ch mit dem <em>RedaktionsNetzwerk Deutschland<\/em> am Donnerstag. Selbst in Kommunen d\u00fcrfe es laut Wegner keine gemeinsamen Abstimmungen mit der AfD geben. Ende April war Wegner zum ersten CDU-B\u00fcrgermeister von Berlin seit 22 Jahren gew\u00e4hlt worden. Seit rund 100 Tagen regiert er nun \u2013 mit der SPD nur noch als Juniorpartner.<\/p>\n<p>Die AfD sei leider in vielen Gemeinder\u00e4ten oder Kreistagen vertreten und verschiedene Parteien h\u00e4tten punktuell bereits mit der AfD abgestimmt. Damit m\u00fcsse Schluss sein, meinte Wegner. In Berlin werde es mit ihm niemals eine Zusammenarbeit mit der AfD geben. Die CDU sei eine Volkspartei und habe den Anspruch, die Menschen zu akzeptieren &#8220;wie sie sind&#8221; und f\u00fcr alle ein Angebot zu machen. Die AfD hingegen spalte und s\u00e4e Hass und k\u00f6nne nie ein Partner der CDU sein.<\/p>\n<p><strong>Kriminalit\u00e4t: &#8220;Dunkle Ecken baulich offener gestalten&#8221;<\/strong><\/p>\n<p>Zur bedenklichen Sicherheitslage in Berlin beschwichtigte Wegner, dass sich Frauen &#8220;an vielen Orten&#8221; sicher bewegen k\u00f6nnten. Es gebe aber auch &#8220;Kriminalit\u00e4ts-Hotspots&#8221; wie den G\u00f6rlitzer Park im Stadtteil Kreuzberg. F\u00fcr solche Gebiete brauche man eine &#8220;gesamtst\u00e4dtische L\u00f6sung&#8221;, indem man etwa &#8220;dunkle Ecken baulich offener&#8221; gestalten und besser beleuchten m\u00fcsse. Ebenso brauche Berlin mehr Pr\u00e4senz von Polizei und ein konsequentes Ahnden von Straftaten.<\/p>\n<p>Das Problem mit Drogendealern und Drogenabh\u00e4ngigen k\u00f6nne die Polizei jedoch nicht alleine l\u00f6sen. Dazu brauche man Sozialarbeiter. Angesprochen auf die Tatsache, dass der Stra\u00dfenverkauf von Fl\u00fcchtlingen durchgef\u00fchrt wird, antwortete Wegner ausweichend. Das Kernproblem seien kriminelle Clans. An diese &#8220;Strukturen&#8221; m\u00fcsse man ran.<\/p>\n<p>Zum Wohnungsmangel in Berlin r\u00e4umte Wegner ein, dass rund 80 Prozent der Berliner kaum noch eine Chance auf bezahlbaren Wohnraum h\u00e4tten. Man werde den Wohnberechtigungsschein (WBS) daher ausweiten, sodass auch Normalverdiener eine bezahlbare Wohnung in dieser Stadt finden k\u00f6nnten.\u00a0Er\u00a0werde nicht zulassen, dass eine Verk\u00e4uferin oder ein Polizist nach Brandenburg ziehen m\u00fcssten, weil sie sich die Stadt, in der und f\u00fcr die sie arbeiten, nicht mehr leisten k\u00f6nnten.<\/p>\n<p><strong>Mehr zum Thema\u00a0<\/strong>\u2013\u00a0<a rel=\"nofollow noopener\" target=\"_blank\" href=\"https:\/\/freeassange.rtde.me\/meinung\/176790-nikolaus-blome-belehrt-mal-wieder\/\">Nikolaus Blome belehrt mal wieder die B\u00fcrger und &#8220;verh\u00f6hnt gesunden Menschenverstand&#8221; und AfD-W\u00e4hler<\/a><\/p>\n<div class=\"EmbedBlock-root EmbedBlock-externalVideo EmbedBlock-odysee\">\n<div class=\"VkEmbed\"><iframe class=\"lazyload\" data-src=\"https:\/\/odysee.com\/%24\/embed\/%40RTDE%3Ae%2FOrb%C3%A1n-Wir-wollen-keine-Migrantengettos%3A2\" frameborder=\"0\" width=\"853\" height=\"480\" allowfullscreen><\/iframe><\/div>\n<\/div>\n<\/div>\n<p><br \/>\n<br \/><a href=\"https:\/\/de.rt.com\/inland\/176855-kai-wegner-niemals-zusammenarbeit-mit\/\">Source link <\/a><\/p>\n","protected":false},"excerpt":{"rendered":"<p>Nach 100 Tagen im Amt \u00e4u\u00dferte sich Berlins Regierender B\u00fcrgermeister Kai Wegner \u00fcber seine L\u00f6sungsans\u00e4tze f\u00fcr Probleme der Hauptstadt. Auch die gebetsm\u00fchlenartige Distanzierung von der AfD durfte nicht fehlen. Berlins Regierender B\u00fcrgermeister Kai Wegner (CDU) hat eine Zusammenarbeit mit der AfD kategorisch ausgeschlossen. Dies betonte er im Gespr\u00e4ch mit dem RedaktionsNetzwerk Deutschland am Donnerstag. Selbst [&hellip;]<\/p>\n","protected":false},"author":3,"featured_media":41279,"comment_status":"open","ping_status":"open","sticky":false,"template":"","format":"standard","meta":{"_yoast_indexnow_last_ping":["1691051162"],"wp_automatic_camp":["217"],"78c60015ab277983419f94f76375dba2":["Berlins Regierender B\u00fcrgermeister Kai Wegner: Niemals Zusammenarbeit mit der AfD"],"original_link":["https:\/\/de.rt.com\/inland\/176855-kai-wegner-niemals-zusammenarbeit-mit\/"],"_thumbnail_id":["41279"],"jnews_social_counter_last_update":["1777172314"],"_wptgpro_p2tg_sent2tg":["a:1:{i:23737;s:19:\"2023-08-03 10:27:19\";}"]},"categories":[19,23],"tags":[3815,37491,2949,82,9487,419,16056,47356,43580,5645],"yoast_head":"<!-- This site is optimized with the Yoast SEO Premium plugin v22.7 (Yoast SEO v22.7) - https:\/\/yoast.com\/wordpress\/plugins\/seo\/ -->\n<title>Berlins Regierender B\u00fcrgermeister Kai Wegner: Niemals Zusammenarbeit mit der AfD - just-now.NEWS Deutschland<\/title>\n<meta name=\"robots\" content=\"index, follow, max-snippet:-1, max-image-preview:large, max-video-preview:-1\" \/>\n<link rel=\"canonical\" href=\"https:\/\/now-news.de\/de\/deutschland\/berlins-regierender-buergermeister-kai-wegner-niemals-zusammenarbeit-mit-der-afd\/\" \/>\n<meta property=\"og:locale\" content=\"de_DE\" \/>\n<meta property=\"og:type\" content=\"article\" \/>\n<meta property=\"og:title\" content=\"Berlins Regierender B\u00fcrgermeister Kai Wegner: Niemals Zusammenarbeit mit der AfD\" \/>\n<meta property=\"og:description\" content=\"Nach 100 Tagen im Amt \u00e4u\u00dferte sich Berlins Regierender B\u00fcrgermeister Kai Wegner \u00fcber seine L\u00f6sungsans\u00e4tze f\u00fcr Probleme der Hauptstadt. Auch die gebetsm\u00fchlenartige Distanzierung von der AfD durfte nicht fehlen. Berlins Regierender B\u00fcrgermeister Kai Wegner (CDU) hat eine Zusammenarbeit mit der AfD kategorisch ausgeschlossen. Dies betonte er im Gespr\u00e4ch mit dem RedaktionsNetzwerk Deutschland am Donnerstag. Selbst [&hellip;]\" \/>\n<meta property=\"og:url\" content=\"https:\/\/now-news.de\/de\/deutschland\/berlins-regierender-buergermeister-kai-wegner-niemals-zusammenarbeit-mit-der-afd\/\" \/>\n<meta property=\"og:site_name\" content=\"just-now.NEWS Deutschland\" \/>\n<meta property=\"article:publisher\" content=\"https:\/\/www.facebook.com\/wirmachenauf\" \/>\n<meta property=\"article:published_time\" content=\"2023-08-03T08:24:38+00:00\" \/>\n<meta property=\"og:image\" content=\"https:\/\/now-news.de\/de\/wp-content\/uploads\/sites\/3\/2023\/08\/Berlins-Regierender-Buergermeister-Kai-Wegner-Niemals-Zusammenarbeit-mit-der-AfD.jpg\" \/>\n\t<meta property=\"og:image:width\" content=\"460\" \/>\n\t<meta property=\"og:image:height\" content=\"259\" \/>\n\t<meta property=\"og:image:type\" content=\"image\/jpeg\" \/>\n<meta name=\"author\" content=\"rtnews\" \/>\n<meta name=\"twitter:card\" content=\"summary_large_image\" \/>\n<meta name=\"twitter:creator\" content=\"@WirMachenAuf_de\" \/>\n<meta name=\"twitter:site\" content=\"@WirMachenAuf_de\" \/>\n<meta name=\"twitter:label1\" content=\"Verfasst von\" \/>\n\t<meta name=\"twitter:data1\" content=\"rtnews\" \/>\n\t<meta name=\"twitter:label2\" content=\"Gesch\u00e4tzte Lesezeit\" \/>\n\t<meta name=\"twitter:data2\" content=\"2\u00a0Minuten\" \/>\n<script type=\"application\/ld+json\" class=\"yoast-schema-graph\">{\"@context\":\"https:\/\/schema.org\",\"@graph\":[{\"@type\":\"Article\",\"@id\":\"https:\/\/now-news.de\/de\/deutschland\/berlins-regierender-buergermeister-kai-wegner-niemals-zusammenarbeit-mit-der-afd\/#article\",\"isPartOf\":{\"@id\":\"https:\/\/now-news.de\/de\/deutschland\/berlins-regierender-buergermeister-kai-wegner-niemals-zusammenarbeit-mit-der-afd\/\"},\"author\":{\"name\":\"rtnews\",\"@id\":\"https:\/\/now-news.de\/de\/#\/schema\/person\/fb534a4e865501d8b3285208df34a9b5\"},\"headline\":\"Berlins Regierender B\u00fcrgermeister Kai Wegner: Niemals Zusammenarbeit mit der AfD\",\"datePublished\":\"2023-08-03T08:24:38+00:00\",\"dateModified\":\"2023-08-03T08:24:38+00:00\",\"mainEntityOfPage\":{\"@id\":\"https:\/\/now-news.de\/de\/deutschland\/berlins-regierender-buergermeister-kai-wegner-niemals-zusammenarbeit-mit-der-afd\/\"},\"wordCount\":420,\"commentCount\":0,\"publisher\":{\"@id\":\"https:\/\/now-news.de\/de\/#organization\"},\"image\":{\"@id\":\"https:\/\/now-news.de\/de\/deutschland\/berlins-regierender-buergermeister-kai-wegner-niemals-zusammenarbeit-mit-der-afd\/#primaryimage\"},\"thumbnailUrl\":\"https:\/\/now-news.de\/de\/wp-content\/uploads\/sites\/3\/2023\/08\/Berlins-Regierender-Buergermeister-Kai-Wegner-Niemals-Zusammenarbeit-mit-der-AfD.jpg\",\"keywords\":[\"AfD\",\"Berlins\",\"B\u00fcrgermeister\",\"der\",\"kai\",\"mit\",\"Niemals\",\"Regierender\",\"Wegner\",\"Zusammenarbeit\"],\"articleSection\":[\"Deutschland\",\"Russland\"],\"inLanguage\":\"de\",\"potentialAction\":[{\"@type\":\"CommentAction\",\"name\":\"Comment\",\"target\":[\"https:\/\/now-news.de\/de\/deutschland\/berlins-regierender-buergermeister-kai-wegner-niemals-zusammenarbeit-mit-der-afd\/#respond\"]}]},{\"@type\":\"WebPage\",\"@id\":\"https:\/\/now-news.de\/de\/deutschland\/berlins-regierender-buergermeister-kai-wegner-niemals-zusammenarbeit-mit-der-afd\/\",\"url\":\"https:\/\/now-news.de\/de\/deutschland\/berlins-regierender-buergermeister-kai-wegner-niemals-zusammenarbeit-mit-der-afd\/\",\"name\":\"Berlins Regierender B\u00fcrgermeister Kai Wegner: Niemals Zusammenarbeit mit der AfD - just-now.NEWS Deutschland\",\"isPartOf\":{\"@id\":\"https:\/\/now-news.de\/de\/#website\"},\"primaryImageOfPage\":{\"@id\":\"https:\/\/now-news.de\/de\/deutschland\/berlins-regierender-buergermeister-kai-wegner-niemals-zusammenarbeit-mit-der-afd\/#primaryimage\"},\"image\":{\"@id\":\"https:\/\/now-news.de\/de\/deutschland\/berlins-regierender-buergermeister-kai-wegner-niemals-zusammenarbeit-mit-der-afd\/#primaryimage\"},\"thumbnailUrl\":\"https:\/\/now-news.de\/de\/wp-content\/uploads\/sites\/3\/2023\/08\/Berlins-Regierender-Buergermeister-Kai-Wegner-Niemals-Zusammenarbeit-mit-der-AfD.jpg\",\"datePublished\":\"2023-08-03T08:24:38+00:00\",\"dateModified\":\"2023-08-03T08:24:38+00:00\",\"breadcrumb\":{\"@id\":\"https:\/\/now-news.de\/de\/deutschland\/berlins-regierender-buergermeister-kai-wegner-niemals-zusammenarbeit-mit-der-afd\/#breadcrumb\"},\"inLanguage\":\"de\",\"potentialAction\":[{\"@type\":\"ReadAction\",\"target\":[\"https:\/\/now-news.de\/de\/deutschland\/berlins-regierender-buergermeister-kai-wegner-niemals-zusammenarbeit-mit-der-afd\/\"]}]},{\"@type\":\"ImageObject\",\"inLanguage\":\"de\",\"@id\":\"https:\/\/now-news.de\/de\/deutschland\/berlins-regierender-buergermeister-kai-wegner-niemals-zusammenarbeit-mit-der-afd\/#primaryimage\",\"url\":\"https:\/\/now-news.de\/de\/wp-content\/uploads\/sites\/3\/2023\/08\/Berlins-Regierender-Buergermeister-Kai-Wegner-Niemals-Zusammenarbeit-mit-der-AfD.jpg\",\"contentUrl\":\"https:\/\/now-news.de\/de\/wp-content\/uploads\/sites\/3\/2023\/08\/Berlins-Regierender-Buergermeister-Kai-Wegner-Niemals-Zusammenarbeit-mit-der-AfD.jpg\",\"width\":460,\"height\":259,\"caption\":\"Berlins Regierender B\u00fcrgermeister Kai Wegner: Niemals Zusammenarbeit mit der AfD\"},{\"@type\":\"BreadcrumbList\",\"@id\":\"https:\/\/now-news.de\/de\/deutschland\/berlins-regierender-buergermeister-kai-wegner-niemals-zusammenarbeit-mit-der-afd\/#breadcrumb\",\"itemListElement\":[{\"@type\":\"ListItem\",\"position\":1,\"name\":\"Home\",\"item\":\"https:\/\/now-news.de\/de\/\"},{\"@type\":\"ListItem\",\"position\":2,\"name\":\"Berlins Regierender B\u00fcrgermeister Kai Wegner: Niemals Zusammenarbeit mit der AfD\"}]},{\"@type\":\"WebSite\",\"@id\":\"https:\/\/now-news.de\/de\/#website\",\"url\":\"https:\/\/now-news.de\/de\/\",\"name\":\"just-now.NEWS Deutschland\",\"description\":\"Das Portal f\u00fcr unzensierte Nachrichten aus der Welt\",\"publisher\":{\"@id\":\"https:\/\/now-news.de\/de\/#organization\"},\"potentialAction\":[{\"@type\":\"SearchAction\",\"target\":{\"@type\":\"EntryPoint\",\"urlTemplate\":\"https:\/\/now-news.de\/de\/?s={search_term_string}\"},\"query-input\":\"required name=search_term_string\"}],\"inLanguage\":\"de\"},{\"@type\":\"Organization\",\"@id\":\"https:\/\/now-news.de\/de\/#organization\",\"name\":\"Just Now News\",\"url\":\"https:\/\/now-news.de\/de\/\",\"logo\":{\"@type\":\"ImageObject\",\"inLanguage\":\"de\",\"@id\":\"https:\/\/now-news.de\/de\/#\/schema\/logo\/image\/\",\"url\":\"http:\/\/just-now.news\/de\/wp-content\/uploads\/sites\/3\/2022\/04\/logo500x500.jpg\",\"contentUrl\":\"http:\/\/just-now.news\/de\/wp-content\/uploads\/sites\/3\/2022\/04\/logo500x500.jpg\",\"width\":500,\"height\":500,\"caption\":\"Just Now News\"},\"image\":{\"@id\":\"https:\/\/now-news.de\/de\/#\/schema\/logo\/image\/\"},\"sameAs\":[\"https:\/\/www.facebook.com\/wirmachenauf\",\"https:\/\/x.com\/WirMachenAuf_de\"]},{\"@type\":\"Person\",\"@id\":\"https:\/\/now-news.de\/de\/#\/schema\/person\/fb534a4e865501d8b3285208df34a9b5\",\"name\":\"rtnews\",\"image\":{\"@type\":\"ImageObject\",\"inLanguage\":\"de\",\"@id\":\"https:\/\/now-news.de\/de\/#\/schema\/person\/image\/\",\"url\":\"https:\/\/secure.gravatar.com\/avatar\/82aafea7d8127119dd649515f56e2117?s=96&d=mm&r=g\",\"contentUrl\":\"https:\/\/secure.gravatar.com\/avatar\/82aafea7d8127119dd649515f56e2117?s=96&d=mm&r=g\",\"caption\":\"rtnews\"},\"url\":\"https:\/\/now-news.de\/de\/author\/rnews\/\"}]}<\/script>\n<!-- \/ Yoast SEO Premium plugin. -->","yoast_head_json":{"title":"Berlins Regierender B\u00fcrgermeister Kai Wegner: Niemals Zusammenarbeit mit der AfD - just-now.NEWS Deutschland","robots":{"index":"index","follow":"follow","max-snippet":"max-snippet:-1","max-image-preview":"max-image-preview:large","max-video-preview":"max-video-preview:-1"},"canonical":"https:\/\/now-news.de\/de\/deutschland\/berlins-regierender-buergermeister-kai-wegner-niemals-zusammenarbeit-mit-der-afd\/","og_locale":"de_DE","og_type":"article","og_title":"Berlins Regierender B\u00fcrgermeister Kai Wegner: Niemals Zusammenarbeit mit der AfD","og_description":"Nach 100 Tagen im Amt \u00e4u\u00dferte sich Berlins Regierender B\u00fcrgermeister Kai Wegner \u00fcber seine L\u00f6sungsans\u00e4tze f\u00fcr Probleme der Hauptstadt. Auch die gebetsm\u00fchlenartige Distanzierung von der AfD durfte nicht fehlen. Berlins Regierender B\u00fcrgermeister Kai Wegner (CDU) hat eine Zusammenarbeit mit der AfD kategorisch ausgeschlossen. Dies betonte er im Gespr\u00e4ch mit dem RedaktionsNetzwerk Deutschland am Donnerstag. Selbst [&hellip;]","og_url":"https:\/\/now-news.de\/de\/deutschland\/berlins-regierender-buergermeister-kai-wegner-niemals-zusammenarbeit-mit-der-afd\/","og_site_name":"just-now.NEWS Deutschland","article_publisher":"https:\/\/www.facebook.com\/wirmachenauf","article_published_time":"2023-08-03T08:24:38+00:00","og_image":[{"width":460,"height":259,"url":"https:\/\/now-news.de\/de\/wp-content\/uploads\/sites\/3\/2023\/08\/Berlins-Regierender-Buergermeister-Kai-Wegner-Niemals-Zusammenarbeit-mit-der-AfD.jpg","type":"image\/jpeg"}],"author":"rtnews","twitter_card":"summary_large_image","twitter_creator":"@WirMachenAuf_de","twitter_site":"@WirMachenAuf_de","twitter_misc":{"Verfasst von":"rtnews","Gesch\u00e4tzte Lesezeit":"2\u00a0Minuten"},"schema":{"@context":"https:\/\/schema.org","@graph":[{"@type":"Article","@id":"https:\/\/now-news.de\/de\/deutschland\/berlins-regierender-buergermeister-kai-wegner-niemals-zusammenarbeit-mit-der-afd\/#article","isPartOf":{"@id":"https:\/\/now-news.de\/de\/deutschland\/berlins-regierender-buergermeister-kai-wegner-niemals-zusammenarbeit-mit-der-afd\/"},"author":{"name":"rtnews","@id":"https:\/\/now-news.de\/de\/#\/schema\/person\/fb534a4e865501d8b3285208df34a9b5"},"headline":"Berlins Regierender B\u00fcrgermeister Kai Wegner: Niemals Zusammenarbeit mit der AfD","datePublished":"2023-08-03T08:24:38+00:00","dateModified":"2023-08-03T08:24:38+00:00","mainEntityOfPage":{"@id":"https:\/\/now-news.de\/de\/deutschland\/berlins-regierender-buergermeister-kai-wegner-niemals-zusammenarbeit-mit-der-afd\/"},"wordCount":420,"commentCount":0,"publisher":{"@id":"https:\/\/now-news.de\/de\/#organization"},"image":{"@id":"https:\/\/now-news.de\/de\/deutschland\/berlins-regierender-buergermeister-kai-wegner-niemals-zusammenarbeit-mit-der-afd\/#primaryimage"},"thumbnailUrl":"https:\/\/now-news.de\/de\/wp-content\/uploads\/sites\/3\/2023\/08\/Berlins-Regierender-Buergermeister-Kai-Wegner-Niemals-Zusammenarbeit-mit-der-AfD.jpg","keywords":["AfD","Berlins","B\u00fcrgermeister","der","kai","mit","Niemals","Regierender","Wegner","Zusammenarbeit"],"articleSection":["Deutschland","Russland"],"inLanguage":"de","potentialAction":[{"@type":"CommentAction","name":"Comment","target":["https:\/\/now-news.de\/de\/deutschland\/berlins-regierender-buergermeister-kai-wegner-niemals-zusammenarbeit-mit-der-afd\/#respond"]}]},{"@type":"WebPage","@id":"https:\/\/now-news.de\/de\/deutschland\/berlins-regierender-buergermeister-kai-wegner-niemals-zusammenarbeit-mit-der-afd\/","url":"https:\/\/now-news.de\/de\/deutschland\/berlins-regierender-buergermeister-kai-wegner-niemals-zusammenarbeit-mit-der-afd\/","name":"Berlins Regierender B\u00fcrgermeister Kai Wegner: Niemals Zusammenarbeit mit der AfD - just-now.NEWS Deutschland","isPartOf":{"@id":"https:\/\/now-news.de\/de\/#website"},"primaryImageOfPage":{"@id":"https:\/\/now-news.de\/de\/deutschland\/berlins-regierender-buergermeister-kai-wegner-niemals-zusammenarbeit-mit-der-afd\/#primaryimage"},"image":{"@id":"https:\/\/now-news.de\/de\/deutschland\/berlins-regierender-buergermeister-kai-wegner-niemals-zusammenarbeit-mit-der-afd\/#primaryimage"},"thumbnailUrl":"https:\/\/now-news.de\/de\/wp-content\/uploads\/sites\/3\/2023\/08\/Berlins-Regierender-Buergermeister-Kai-Wegner-Niemals-Zusammenarbeit-mit-der-AfD.jpg","datePublished":"2023-08-03T08:24:38+00:00","dateModified":"2023-08-03T08:24:38+00:00","breadcrumb":{"@id":"https:\/\/now-news.de\/de\/deutschland\/berlins-regierender-buergermeister-kai-wegner-niemals-zusammenarbeit-mit-der-afd\/#breadcrumb"},"inLanguage":"de","potentialAction":[{"@type":"ReadAction","target":["https:\/\/now-news.de\/de\/deutschland\/berlins-regierender-buergermeister-kai-wegner-niemals-zusammenarbeit-mit-der-afd\/"]}]},{"@type":"ImageObject","inLanguage":"de","@id":"https:\/\/now-news.de\/de\/deutschland\/berlins-regierender-buergermeister-kai-wegner-niemals-zusammenarbeit-mit-der-afd\/#primaryimage","url":"https:\/\/now-news.de\/de\/wp-content\/uploads\/sites\/3\/2023\/08\/Berlins-Regierender-Buergermeister-Kai-Wegner-Niemals-Zusammenarbeit-mit-der-AfD.jpg","contentUrl":"https:\/\/now-news.de\/de\/wp-content\/uploads\/sites\/3\/2023\/08\/Berlins-Regierender-Buergermeister-Kai-Wegner-Niemals-Zusammenarbeit-mit-der-AfD.jpg","width":460,"height":259,"caption":"Berlins Regierender B\u00fcrgermeister Kai Wegner: Niemals Zusammenarbeit mit der AfD"},{"@type":"BreadcrumbList","@id":"https:\/\/now-news.de\/de\/deutschland\/berlins-regierender-buergermeister-kai-wegner-niemals-zusammenarbeit-mit-der-afd\/#breadcrumb","itemListElement":[{"@type":"ListItem","position":1,"name":"Home","item":"https:\/\/now-news.de\/de\/"},{"@type":"ListItem","position":2,"name":"Berlins Regierender B\u00fcrgermeister Kai Wegner: Niemals Zusammenarbeit mit der AfD"}]},{"@type":"WebSite","@id":"https:\/\/now-news.de\/de\/#website","url":"https:\/\/now-news.de\/de\/","name":"just-now.NEWS Deutschland","description":"Das Portal f\u00fcr unzensierte Nachrichten aus der Welt","publisher":{"@id":"https:\/\/now-news.de\/de\/#organization"},"potentialAction":[{"@type":"SearchAction","target":{"@type":"EntryPoint","urlTemplate":"https:\/\/now-news.de\/de\/?s={search_term_string}"},"query-input":"required name=search_term_string"}],"inLanguage":"de"},{"@type":"Organization","@id":"https:\/\/now-news.de\/de\/#organization","name":"Just Now News","url":"https:\/\/now-news.de\/de\/","logo":{"@type":"ImageObject","inLanguage":"de","@id":"https:\/\/now-news.de\/de\/#\/schema\/logo\/image\/","url":"http:\/\/just-now.news\/de\/wp-content\/uploads\/sites\/3\/2022\/04\/logo500x500.jpg","contentUrl":"http:\/\/just-now.news\/de\/wp-content\/uploads\/sites\/3\/2022\/04\/logo500x500.jpg","width":500,"height":500,"caption":"Just Now News"},"image":{"@id":"https:\/\/now-news.de\/de\/#\/schema\/logo\/image\/"},"sameAs":["https:\/\/www.facebook.com\/wirmachenauf","https:\/\/x.com\/WirMachenAuf_de"]},{"@type":"Person","@id":"https:\/\/now-news.de\/de\/#\/schema\/person\/fb534a4e865501d8b3285208df34a9b5","name":"rtnews","image":{"@type":"ImageObject","inLanguage":"de","@id":"https:\/\/now-news.de\/de\/#\/schema\/person\/image\/","url":"https:\/\/secure.gravatar.com\/avatar\/82aafea7d8127119dd649515f56e2117?s=96&d=mm&r=g","contentUrl":"https:\/\/secure.gravatar.com\/avatar\/82aafea7d8127119dd649515f56e2117?s=96&d=mm&r=g","caption":"rtnews"},"url":"https:\/\/now-news.de\/de\/author\/rnews\/"}]}},"_links":{"self":[{"href":"https:\/\/now-news.de\/de\/wp-json\/wp\/v2\/posts\/41278"}],"collection":[{"href":"https:\/\/now-news.de\/de\/wp-json\/wp\/v2\/posts"}],"about":[{"href":"https:\/\/now-news.de\/de\/wp-json\/wp\/v2\/types\/post"}],"author":[{"embeddable":true,"href":"https:\/\/now-news.de\/de\/wp-json\/wp\/v2\/users\/3"}],"replies":[{"embeddable":true,"href":"https:\/\/now-news.de\/de\/wp-json\/wp\/v2\/comments?post=41278"}],"version-history":[{"count":0,"href":"https:\/\/now-news.de\/de\/wp-json\/wp\/v2\/posts\/41278\/revisions"}],"wp:featuredmedia":[{"embeddable":true,"href":"https:\/\/now-news.de\/de\/wp-json\/wp\/v2\/media\/41279"}],"wp:attachment":[{"href":"https:\/\/now-news.de\/de\/wp-json\/wp\/v2\/media?parent=41278"}],"wp:term":[{"taxonomy":"category","embeddable":true,"href":"https:\/\/now-news.de\/de\/wp-json\/wp\/v2\/categories?post=41278"},{"taxonomy":"post_tag","embeddable":true,"href":"https:\/\/now-news.de\/de\/wp-json\/wp\/v2\/tags?post=41278"}],"curies":[{"name":"wp","href":"https:\/\/api.w.org\/{rel}","templated":true}]}}