{"id":41274,"date":"2023-08-03T08:49:22","date_gmt":"2023-08-03T06:49:22","guid":{"rendered":"https:\/\/just-now.news\/de\/deutschland\/presseberichte-prominenter-us-journalist-will-sich-im-kinderpornografie-prozess-schuldig-bekennen\/"},"modified":"2023-08-03T08:49:22","modified_gmt":"2023-08-03T06:49:22","slug":"presseberichte-prominenter-us-journalist-will-sich-im-kinderpornografie-prozess-schuldig-bekennen","status":"publish","type":"post","link":"https:\/\/now-news.de\/de\/deutschland\/presseberichte-prominenter-us-journalist-will-sich-im-kinderpornografie-prozess-schuldig-bekennen\/","title":{"rendered":"Presseberichte: Prominenter US-Journalist will sich im Kinderpornografie-Prozess schuldig bekennen"},"content":{"rendered":"<p><img decoding=\"async\" src=\"http:\/\/just-now.news\/de\/wp-content\/uploads\/sites\/3\/2023\/08\/64ca9fbe48fbef79923dfa9c.jpeg\" \/><\/p>\n<div class=\"Text-root Text-type_1 \">\n                Ein Skandal um den prominenten ABC-Journalisten James Gordon Meek, dem der Besitz von Kinderpornografie vorgeworfen wird, ersch\u00fcttert seit April letzten Jahres die USA. Neuesten Meldungen zufolge beabsichtigt Meek sich am Freitag im Rahmen eines Justizdeals f\u00fcr schuldig zu bekennen, um eine mildere Strafe zu erzielen.\n            <\/div>\n<p><\/p>\n<div class=\"Text-root Text-type_5 ArticleView-text ViewText-root \">\n<p>Der in Ungnade gefallene ehemalige <em>ABC<\/em>-Journalist James Gordon Meek will Medienberichten zufolge im gegen ihn laufenden Strafverfahren zugeben, kinderpornografisches Material besessen zu haben. Ohne dieses Gest\u00e4ndnis w\u00fcrden ihm mehrere Jahrzehnte hinter Gittern drohen. Die m\u00f6gliche H\u00f6chststrafe liegt bei 20 Jahren.<\/p>\n<p>Die \u00c4nderung seines Schuldbekenntnisses erfolgt, nachdem sein Anwalt im Juni einen Antrag auf Verschiebung des Strafprozesses gestellt hatte, um einen Vergleich (Deal) auszuhandeln, wie\u00a0<em>The Daily Beast<\/em>\u00a0berichtete. Durch einen Vergleich k\u00f6nnte Meek mit einer k\u00fcrzeren Strafe als der Mindeststrafe von f\u00fcnf Jahren davonkommen. Eine entsprechende Einigung mit der Staatsanwaltschaft scheint dem Verteidiger nun gelungen zu sein.<\/p>\n<p>Es wird erwartet, dass der 53-j\u00e4hrige Meek am Freitag vor einem Bundesgericht in Virginia auf schuldig pl\u00e4diert. \u00dcber die Wende im Prozessverlauf haben unter anderem <em>The Daily Mail<\/em> und <em>The Daily Beast<\/em> berichtet.\u00a0<\/p>\n<p>Der 1968 geborene Meek erreichte den H\u00f6hepunkt seiner journalistischen Karriere, als er 2013 als &#8220;investigativer Producer&#8221; vom Sender <em>ABC News<\/em> angeheuert wurde. In dieser Eigenschaft erhielt er zweimal (2015 und 2017) den Emmy-Award.<\/p>\n<p>Am 27. April 2022 beschlagnahmte das FBI bei einer Durchsuchung seines Privathauses Computer und Handys mit, wie es hei\u00dft, &#8220;Hunderten von Videos und Fotografien, die den sexuellen Missbrauch pr\u00e4pubert\u00e4rer Kinder zeigen&#8221;. Daraufhin trat der Journalist von allen Positionen zur\u00fcck und verschwand aus der \u00d6ffentlichkeit. Am 31. Januar 2023 wurde er verhaftet.\u00a0<\/p>\n<p><strong>Mehr zum Thema<\/strong> &#8211; <a rel=\"nofollow noopener\" target=\"_blank\" href=\"https:\/\/test.rtde.life\/kurzclips\/video\/159819-ausstellungen-in-leipzig-und-wien\/\">Ausstellungen in Leipzig und Wien \u2013 Kiewer K\u00fcnstler machen Kinderpornografie salonf\u00e4hig<\/a><\/p>\n<\/p>\n<\/div>\n<p><br \/>\n<br \/><a href=\"https:\/\/de.rt.com\/nordamerika\/176846-presseberichte-prominenter-us-journalist-will\/\">Source link <\/a><\/p>\n","protected":false},"excerpt":{"rendered":"<p>Ein Skandal um den prominenten ABC-Journalisten James Gordon Meek, dem der Besitz von Kinderpornografie vorgeworfen wird, ersch\u00fcttert seit April letzten Jahres die USA. Neuesten Meldungen zufolge beabsichtigt Meek sich am Freitag im Rahmen eines Justizdeals f\u00fcr schuldig zu bekennen, um eine mildere Strafe zu erzielen. Der in Ungnade gefallene ehemalige ABC-Journalist James Gordon Meek will [&hellip;]<\/p>\n","protected":false},"author":3,"featured_media":41275,"comment_status":"open","ping_status":"open","sticky":false,"template":"","format":"standard","meta":{"_yoast_indexnow_last_ping":["1691045411"],"wp_automatic_camp":["217"],"e3a164332f75b9562ee78ff1a330a18a":["Presseberichte: Prominenter US-Journalist will sich im Kinderpornografie-Prozess schuldig bekennen"],"original_link":["https:\/\/de.rt.com\/nordamerika\/176846-presseberichte-prominenter-us-journalist-will\/"],"_thumbnail_id":["41275"],"_wptgpro_p2tg_sent2tg":["a:1:{i:23737;s:19:\"2023-08-03 08:51:21\";}"],"jnews_social_counter_last_update":["1777639279"]},"categories":[19,23],"tags":[22029,47355,47354,20072,19107,434,7391],"yoast_head":"<!-- This site is optimized with the Yoast SEO Premium plugin v22.7 (Yoast SEO v22.7) - https:\/\/yoast.com\/wordpress\/plugins\/seo\/ -->\n<title>Presseberichte: Prominenter US-Journalist will sich im Kinderpornografie-Prozess schuldig bekennen - just-now.NEWS Deutschland<\/title>\n<meta name=\"robots\" content=\"index, follow, max-snippet:-1, max-image-preview:large, max-video-preview:-1\" \/>\n<link rel=\"canonical\" href=\"https:\/\/now-news.de\/de\/deutschland\/presseberichte-prominenter-us-journalist-will-sich-im-kinderpornografie-prozess-schuldig-bekennen\/\" \/>\n<meta property=\"og:locale\" content=\"de_DE\" \/>\n<meta property=\"og:type\" content=\"article\" \/>\n<meta property=\"og:title\" content=\"Presseberichte: Prominenter US-Journalist will sich im Kinderpornografie-Prozess schuldig bekennen\" \/>\n<meta property=\"og:description\" content=\"Ein Skandal um den prominenten ABC-Journalisten James Gordon Meek, dem der Besitz von Kinderpornografie vorgeworfen wird, ersch\u00fcttert seit April letzten Jahres die USA. Neuesten Meldungen zufolge beabsichtigt Meek sich am Freitag im Rahmen eines Justizdeals f\u00fcr schuldig zu bekennen, um eine mildere Strafe zu erzielen. Der in Ungnade gefallene ehemalige ABC-Journalist James Gordon Meek will [&hellip;]\" \/>\n<meta property=\"og:url\" content=\"https:\/\/now-news.de\/de\/deutschland\/presseberichte-prominenter-us-journalist-will-sich-im-kinderpornografie-prozess-schuldig-bekennen\/\" \/>\n<meta property=\"og:site_name\" content=\"just-now.NEWS Deutschland\" \/>\n<meta property=\"article:publisher\" content=\"https:\/\/www.facebook.com\/wirmachenauf\" \/>\n<meta property=\"article:published_time\" content=\"2023-08-03T06:49:22+00:00\" \/>\n<meta property=\"og:image\" content=\"https:\/\/now-news.de\/de\/wp-content\/uploads\/sites\/3\/2023\/08\/Presseberichte-Prominenter-US-Journalist-will-sich-im-Kinderpornografie-Prozess-schuldig-bekennen.jpeg\" \/>\n\t<meta property=\"og:image:width\" content=\"460\" \/>\n\t<meta property=\"og:image:height\" content=\"259\" \/>\n\t<meta property=\"og:image:type\" content=\"image\/jpeg\" \/>\n<meta name=\"author\" content=\"rtnews\" \/>\n<meta name=\"twitter:card\" content=\"summary_large_image\" \/>\n<meta name=\"twitter:creator\" content=\"@WirMachenAuf_de\" \/>\n<meta name=\"twitter:site\" content=\"@WirMachenAuf_de\" \/>\n<meta name=\"twitter:label1\" content=\"Verfasst von\" \/>\n\t<meta name=\"twitter:data1\" content=\"rtnews\" \/>\n\t<meta name=\"twitter:label2\" content=\"Gesch\u00e4tzte Lesezeit\" \/>\n\t<meta name=\"twitter:data2\" content=\"1\u00a0Minute\" \/>\n<script type=\"application\/ld+json\" class=\"yoast-schema-graph\">{\"@context\":\"https:\/\/schema.org\",\"@graph\":[{\"@type\":\"Article\",\"@id\":\"https:\/\/now-news.de\/de\/deutschland\/presseberichte-prominenter-us-journalist-will-sich-im-kinderpornografie-prozess-schuldig-bekennen\/#article\",\"isPartOf\":{\"@id\":\"https:\/\/now-news.de\/de\/deutschland\/presseberichte-prominenter-us-journalist-will-sich-im-kinderpornografie-prozess-schuldig-bekennen\/\"},\"author\":{\"name\":\"rtnews\",\"@id\":\"https:\/\/now-news.de\/de\/#\/schema\/person\/fb534a4e865501d8b3285208df34a9b5\"},\"headline\":\"Presseberichte: Prominenter US-Journalist will sich im Kinderpornografie-Prozess schuldig bekennen\",\"datePublished\":\"2023-08-03T06:49:22+00:00\",\"dateModified\":\"2023-08-03T06:49:22+00:00\",\"mainEntityOfPage\":{\"@id\":\"https:\/\/now-news.de\/de\/deutschland\/presseberichte-prominenter-us-journalist-will-sich-im-kinderpornografie-prozess-schuldig-bekennen\/\"},\"wordCount\":294,\"commentCount\":0,\"publisher\":{\"@id\":\"https:\/\/now-news.de\/de\/#organization\"},\"image\":{\"@id\":\"https:\/\/now-news.de\/de\/deutschland\/presseberichte-prominenter-us-journalist-will-sich-im-kinderpornografie-prozess-schuldig-bekennen\/#primaryimage\"},\"thumbnailUrl\":\"https:\/\/now-news.de\/de\/wp-content\/uploads\/sites\/3\/2023\/08\/Presseberichte-Prominenter-US-Journalist-will-sich-im-Kinderpornografie-Prozess-schuldig-bekennen.jpeg\",\"keywords\":[\"bekennen\",\"KinderpornografieProzess\",\"Presseberichte\",\"Prominenter\",\"schuldig\",\"sich\",\"USJournalist\"],\"articleSection\":[\"Deutschland\",\"Russland\"],\"inLanguage\":\"de\",\"potentialAction\":[{\"@type\":\"CommentAction\",\"name\":\"Comment\",\"target\":[\"https:\/\/now-news.de\/de\/deutschland\/presseberichte-prominenter-us-journalist-will-sich-im-kinderpornografie-prozess-schuldig-bekennen\/#respond\"]}]},{\"@type\":\"WebPage\",\"@id\":\"https:\/\/now-news.de\/de\/deutschland\/presseberichte-prominenter-us-journalist-will-sich-im-kinderpornografie-prozess-schuldig-bekennen\/\",\"url\":\"https:\/\/now-news.de\/de\/deutschland\/presseberichte-prominenter-us-journalist-will-sich-im-kinderpornografie-prozess-schuldig-bekennen\/\",\"name\":\"Presseberichte: Prominenter US-Journalist will sich im Kinderpornografie-Prozess schuldig bekennen - just-now.NEWS Deutschland\",\"isPartOf\":{\"@id\":\"https:\/\/now-news.de\/de\/#website\"},\"primaryImageOfPage\":{\"@id\":\"https:\/\/now-news.de\/de\/deutschland\/presseberichte-prominenter-us-journalist-will-sich-im-kinderpornografie-prozess-schuldig-bekennen\/#primaryimage\"},\"image\":{\"@id\":\"https:\/\/now-news.de\/de\/deutschland\/presseberichte-prominenter-us-journalist-will-sich-im-kinderpornografie-prozess-schuldig-bekennen\/#primaryimage\"},\"thumbnailUrl\":\"https:\/\/now-news.de\/de\/wp-content\/uploads\/sites\/3\/2023\/08\/Presseberichte-Prominenter-US-Journalist-will-sich-im-Kinderpornografie-Prozess-schuldig-bekennen.jpeg\",\"datePublished\":\"2023-08-03T06:49:22+00:00\",\"dateModified\":\"2023-08-03T06:49:22+00:00\",\"breadcrumb\":{\"@id\":\"https:\/\/now-news.de\/de\/deutschland\/presseberichte-prominenter-us-journalist-will-sich-im-kinderpornografie-prozess-schuldig-bekennen\/#breadcrumb\"},\"inLanguage\":\"de\",\"potentialAction\":[{\"@type\":\"ReadAction\",\"target\":[\"https:\/\/now-news.de\/de\/deutschland\/presseberichte-prominenter-us-journalist-will-sich-im-kinderpornografie-prozess-schuldig-bekennen\/\"]}]},{\"@type\":\"ImageObject\",\"inLanguage\":\"de\",\"@id\":\"https:\/\/now-news.de\/de\/deutschland\/presseberichte-prominenter-us-journalist-will-sich-im-kinderpornografie-prozess-schuldig-bekennen\/#primaryimage\",\"url\":\"https:\/\/now-news.de\/de\/wp-content\/uploads\/sites\/3\/2023\/08\/Presseberichte-Prominenter-US-Journalist-will-sich-im-Kinderpornografie-Prozess-schuldig-bekennen.jpeg\",\"contentUrl\":\"https:\/\/now-news.de\/de\/wp-content\/uploads\/sites\/3\/2023\/08\/Presseberichte-Prominenter-US-Journalist-will-sich-im-Kinderpornografie-Prozess-schuldig-bekennen.jpeg\",\"width\":460,\"height\":259,\"caption\":\"Presseberichte: Prominenter US-Journalist will sich im Kinderpornografie-Prozess schuldig bekennen\"},{\"@type\":\"BreadcrumbList\",\"@id\":\"https:\/\/now-news.de\/de\/deutschland\/presseberichte-prominenter-us-journalist-will-sich-im-kinderpornografie-prozess-schuldig-bekennen\/#breadcrumb\",\"itemListElement\":[{\"@type\":\"ListItem\",\"position\":1,\"name\":\"Home\",\"item\":\"https:\/\/now-news.de\/de\/\"},{\"@type\":\"ListItem\",\"position\":2,\"name\":\"Presseberichte: Prominenter US-Journalist will sich im Kinderpornografie-Prozess schuldig bekennen\"}]},{\"@type\":\"WebSite\",\"@id\":\"https:\/\/now-news.de\/de\/#website\",\"url\":\"https:\/\/now-news.de\/de\/\",\"name\":\"just-now.NEWS Deutschland\",\"description\":\"Das Portal f\u00fcr unzensierte Nachrichten aus der Welt\",\"publisher\":{\"@id\":\"https:\/\/now-news.de\/de\/#organization\"},\"potentialAction\":[{\"@type\":\"SearchAction\",\"target\":{\"@type\":\"EntryPoint\",\"urlTemplate\":\"https:\/\/now-news.de\/de\/?s={search_term_string}\"},\"query-input\":\"required name=search_term_string\"}],\"inLanguage\":\"de\"},{\"@type\":\"Organization\",\"@id\":\"https:\/\/now-news.de\/de\/#organization\",\"name\":\"Just Now News\",\"url\":\"https:\/\/now-news.de\/de\/\",\"logo\":{\"@type\":\"ImageObject\",\"inLanguage\":\"de\",\"@id\":\"https:\/\/now-news.de\/de\/#\/schema\/logo\/image\/\",\"url\":\"http:\/\/just-now.news\/de\/wp-content\/uploads\/sites\/3\/2022\/04\/logo500x500.jpg\",\"contentUrl\":\"http:\/\/just-now.news\/de\/wp-content\/uploads\/sites\/3\/2022\/04\/logo500x500.jpg\",\"width\":500,\"height\":500,\"caption\":\"Just Now News\"},\"image\":{\"@id\":\"https:\/\/now-news.de\/de\/#\/schema\/logo\/image\/\"},\"sameAs\":[\"https:\/\/www.facebook.com\/wirmachenauf\",\"https:\/\/x.com\/WirMachenAuf_de\"]},{\"@type\":\"Person\",\"@id\":\"https:\/\/now-news.de\/de\/#\/schema\/person\/fb534a4e865501d8b3285208df34a9b5\",\"name\":\"rtnews\",\"image\":{\"@type\":\"ImageObject\",\"inLanguage\":\"de\",\"@id\":\"https:\/\/now-news.de\/de\/#\/schema\/person\/image\/\",\"url\":\"https:\/\/secure.gravatar.com\/avatar\/82aafea7d8127119dd649515f56e2117?s=96&d=mm&r=g\",\"contentUrl\":\"https:\/\/secure.gravatar.com\/avatar\/82aafea7d8127119dd649515f56e2117?s=96&d=mm&r=g\",\"caption\":\"rtnews\"},\"url\":\"https:\/\/now-news.de\/de\/author\/rnews\/\"}]}<\/script>\n<!-- \/ Yoast SEO Premium plugin. -->","yoast_head_json":{"title":"Presseberichte: Prominenter US-Journalist will sich im Kinderpornografie-Prozess schuldig bekennen - just-now.NEWS Deutschland","robots":{"index":"index","follow":"follow","max-snippet":"max-snippet:-1","max-image-preview":"max-image-preview:large","max-video-preview":"max-video-preview:-1"},"canonical":"https:\/\/now-news.de\/de\/deutschland\/presseberichte-prominenter-us-journalist-will-sich-im-kinderpornografie-prozess-schuldig-bekennen\/","og_locale":"de_DE","og_type":"article","og_title":"Presseberichte: Prominenter US-Journalist will sich im Kinderpornografie-Prozess schuldig bekennen","og_description":"Ein Skandal um den prominenten ABC-Journalisten James Gordon Meek, dem der Besitz von Kinderpornografie vorgeworfen wird, ersch\u00fcttert seit April letzten Jahres die USA. Neuesten Meldungen zufolge beabsichtigt Meek sich am Freitag im Rahmen eines Justizdeals f\u00fcr schuldig zu bekennen, um eine mildere Strafe zu erzielen. Der in Ungnade gefallene ehemalige ABC-Journalist James Gordon Meek will [&hellip;]","og_url":"https:\/\/now-news.de\/de\/deutschland\/presseberichte-prominenter-us-journalist-will-sich-im-kinderpornografie-prozess-schuldig-bekennen\/","og_site_name":"just-now.NEWS Deutschland","article_publisher":"https:\/\/www.facebook.com\/wirmachenauf","article_published_time":"2023-08-03T06:49:22+00:00","og_image":[{"width":460,"height":259,"url":"https:\/\/now-news.de\/de\/wp-content\/uploads\/sites\/3\/2023\/08\/Presseberichte-Prominenter-US-Journalist-will-sich-im-Kinderpornografie-Prozess-schuldig-bekennen.jpeg","type":"image\/jpeg"}],"author":"rtnews","twitter_card":"summary_large_image","twitter_creator":"@WirMachenAuf_de","twitter_site":"@WirMachenAuf_de","twitter_misc":{"Verfasst von":"rtnews","Gesch\u00e4tzte Lesezeit":"1\u00a0Minute"},"schema":{"@context":"https:\/\/schema.org","@graph":[{"@type":"Article","@id":"https:\/\/now-news.de\/de\/deutschland\/presseberichte-prominenter-us-journalist-will-sich-im-kinderpornografie-prozess-schuldig-bekennen\/#article","isPartOf":{"@id":"https:\/\/now-news.de\/de\/deutschland\/presseberichte-prominenter-us-journalist-will-sich-im-kinderpornografie-prozess-schuldig-bekennen\/"},"author":{"name":"rtnews","@id":"https:\/\/now-news.de\/de\/#\/schema\/person\/fb534a4e865501d8b3285208df34a9b5"},"headline":"Presseberichte: Prominenter US-Journalist will sich im Kinderpornografie-Prozess schuldig bekennen","datePublished":"2023-08-03T06:49:22+00:00","dateModified":"2023-08-03T06:49:22+00:00","mainEntityOfPage":{"@id":"https:\/\/now-news.de\/de\/deutschland\/presseberichte-prominenter-us-journalist-will-sich-im-kinderpornografie-prozess-schuldig-bekennen\/"},"wordCount":294,"commentCount":0,"publisher":{"@id":"https:\/\/now-news.de\/de\/#organization"},"image":{"@id":"https:\/\/now-news.de\/de\/deutschland\/presseberichte-prominenter-us-journalist-will-sich-im-kinderpornografie-prozess-schuldig-bekennen\/#primaryimage"},"thumbnailUrl":"https:\/\/now-news.de\/de\/wp-content\/uploads\/sites\/3\/2023\/08\/Presseberichte-Prominenter-US-Journalist-will-sich-im-Kinderpornografie-Prozess-schuldig-bekennen.jpeg","keywords":["bekennen","KinderpornografieProzess","Presseberichte","Prominenter","schuldig","sich","USJournalist"],"articleSection":["Deutschland","Russland"],"inLanguage":"de","potentialAction":[{"@type":"CommentAction","name":"Comment","target":["https:\/\/now-news.de\/de\/deutschland\/presseberichte-prominenter-us-journalist-will-sich-im-kinderpornografie-prozess-schuldig-bekennen\/#respond"]}]},{"@type":"WebPage","@id":"https:\/\/now-news.de\/de\/deutschland\/presseberichte-prominenter-us-journalist-will-sich-im-kinderpornografie-prozess-schuldig-bekennen\/","url":"https:\/\/now-news.de\/de\/deutschland\/presseberichte-prominenter-us-journalist-will-sich-im-kinderpornografie-prozess-schuldig-bekennen\/","name":"Presseberichte: Prominenter US-Journalist will sich im Kinderpornografie-Prozess schuldig bekennen - just-now.NEWS Deutschland","isPartOf":{"@id":"https:\/\/now-news.de\/de\/#website"},"primaryImageOfPage":{"@id":"https:\/\/now-news.de\/de\/deutschland\/presseberichte-prominenter-us-journalist-will-sich-im-kinderpornografie-prozess-schuldig-bekennen\/#primaryimage"},"image":{"@id":"https:\/\/now-news.de\/de\/deutschland\/presseberichte-prominenter-us-journalist-will-sich-im-kinderpornografie-prozess-schuldig-bekennen\/#primaryimage"},"thumbnailUrl":"https:\/\/now-news.de\/de\/wp-content\/uploads\/sites\/3\/2023\/08\/Presseberichte-Prominenter-US-Journalist-will-sich-im-Kinderpornografie-Prozess-schuldig-bekennen.jpeg","datePublished":"2023-08-03T06:49:22+00:00","dateModified":"2023-08-03T06:49:22+00:00","breadcrumb":{"@id":"https:\/\/now-news.de\/de\/deutschland\/presseberichte-prominenter-us-journalist-will-sich-im-kinderpornografie-prozess-schuldig-bekennen\/#breadcrumb"},"inLanguage":"de","potentialAction":[{"@type":"ReadAction","target":["https:\/\/now-news.de\/de\/deutschland\/presseberichte-prominenter-us-journalist-will-sich-im-kinderpornografie-prozess-schuldig-bekennen\/"]}]},{"@type":"ImageObject","inLanguage":"de","@id":"https:\/\/now-news.de\/de\/deutschland\/presseberichte-prominenter-us-journalist-will-sich-im-kinderpornografie-prozess-schuldig-bekennen\/#primaryimage","url":"https:\/\/now-news.de\/de\/wp-content\/uploads\/sites\/3\/2023\/08\/Presseberichte-Prominenter-US-Journalist-will-sich-im-Kinderpornografie-Prozess-schuldig-bekennen.jpeg","contentUrl":"https:\/\/now-news.de\/de\/wp-content\/uploads\/sites\/3\/2023\/08\/Presseberichte-Prominenter-US-Journalist-will-sich-im-Kinderpornografie-Prozess-schuldig-bekennen.jpeg","width":460,"height":259,"caption":"Presseberichte: Prominenter US-Journalist will sich im Kinderpornografie-Prozess schuldig bekennen"},{"@type":"BreadcrumbList","@id":"https:\/\/now-news.de\/de\/deutschland\/presseberichte-prominenter-us-journalist-will-sich-im-kinderpornografie-prozess-schuldig-bekennen\/#breadcrumb","itemListElement":[{"@type":"ListItem","position":1,"name":"Home","item":"https:\/\/now-news.de\/de\/"},{"@type":"ListItem","position":2,"name":"Presseberichte: Prominenter US-Journalist will sich im Kinderpornografie-Prozess schuldig bekennen"}]},{"@type":"WebSite","@id":"https:\/\/now-news.de\/de\/#website","url":"https:\/\/now-news.de\/de\/","name":"just-now.NEWS Deutschland","description":"Das Portal f\u00fcr unzensierte Nachrichten aus der Welt","publisher":{"@id":"https:\/\/now-news.de\/de\/#organization"},"potentialAction":[{"@type":"SearchAction","target":{"@type":"EntryPoint","urlTemplate":"https:\/\/now-news.de\/de\/?s={search_term_string}"},"query-input":"required name=search_term_string"}],"inLanguage":"de"},{"@type":"Organization","@id":"https:\/\/now-news.de\/de\/#organization","name":"Just Now News","url":"https:\/\/now-news.de\/de\/","logo":{"@type":"ImageObject","inLanguage":"de","@id":"https:\/\/now-news.de\/de\/#\/schema\/logo\/image\/","url":"http:\/\/just-now.news\/de\/wp-content\/uploads\/sites\/3\/2022\/04\/logo500x500.jpg","contentUrl":"http:\/\/just-now.news\/de\/wp-content\/uploads\/sites\/3\/2022\/04\/logo500x500.jpg","width":500,"height":500,"caption":"Just Now News"},"image":{"@id":"https:\/\/now-news.de\/de\/#\/schema\/logo\/image\/"},"sameAs":["https:\/\/www.facebook.com\/wirmachenauf","https:\/\/x.com\/WirMachenAuf_de"]},{"@type":"Person","@id":"https:\/\/now-news.de\/de\/#\/schema\/person\/fb534a4e865501d8b3285208df34a9b5","name":"rtnews","image":{"@type":"ImageObject","inLanguage":"de","@id":"https:\/\/now-news.de\/de\/#\/schema\/person\/image\/","url":"https:\/\/secure.gravatar.com\/avatar\/82aafea7d8127119dd649515f56e2117?s=96&d=mm&r=g","contentUrl":"https:\/\/secure.gravatar.com\/avatar\/82aafea7d8127119dd649515f56e2117?s=96&d=mm&r=g","caption":"rtnews"},"url":"https:\/\/now-news.de\/de\/author\/rnews\/"}]}},"_links":{"self":[{"href":"https:\/\/now-news.de\/de\/wp-json\/wp\/v2\/posts\/41274"}],"collection":[{"href":"https:\/\/now-news.de\/de\/wp-json\/wp\/v2\/posts"}],"about":[{"href":"https:\/\/now-news.de\/de\/wp-json\/wp\/v2\/types\/post"}],"author":[{"embeddable":true,"href":"https:\/\/now-news.de\/de\/wp-json\/wp\/v2\/users\/3"}],"replies":[{"embeddable":true,"href":"https:\/\/now-news.de\/de\/wp-json\/wp\/v2\/comments?post=41274"}],"version-history":[{"count":0,"href":"https:\/\/now-news.de\/de\/wp-json\/wp\/v2\/posts\/41274\/revisions"}],"wp:featuredmedia":[{"embeddable":true,"href":"https:\/\/now-news.de\/de\/wp-json\/wp\/v2\/media\/41275"}],"wp:attachment":[{"href":"https:\/\/now-news.de\/de\/wp-json\/wp\/v2\/media?parent=41274"}],"wp:term":[{"taxonomy":"category","embeddable":true,"href":"https:\/\/now-news.de\/de\/wp-json\/wp\/v2\/categories?post=41274"},{"taxonomy":"post_tag","embeddable":true,"href":"https:\/\/now-news.de\/de\/wp-json\/wp\/v2\/tags?post=41274"}],"curies":[{"name":"wp","href":"https:\/\/api.w.org\/{rel}","templated":true}]}}