{"id":41270,"date":"2023-08-03T06:00:00","date_gmt":"2023-08-03T04:00:00","guid":{"rendered":"https:\/\/just-now.news\/de\/deutschland\/nordkorea-antwortet-auf-unc-anfrage-zum-fall-travis-king\/"},"modified":"2023-08-03T06:00:00","modified_gmt":"2023-08-03T04:00:00","slug":"nordkorea-antwortet-auf-unc-anfrage-zum-fall-travis-king","status":"publish","type":"post","link":"https:\/\/now-news.de\/de\/deutschland\/nordkorea-antwortet-auf-unc-anfrage-zum-fall-travis-king\/","title":{"rendered":"Nordkorea antwortet auf UNC-Anfrage zum Fall Travis King"},"content":{"rendered":"<p><img decoding=\"async\" src=\"http:\/\/just-now.news\/de\/wp-content\/uploads\/sites\/3\/2023\/08\/64ca7060b480cc7ba65f8676.jpg\" \/><\/p>\n<div class=\"Text-root Text-type_1 \">\n                Die Situation um den US-Soldaten Travis King, der sich Mitte Juli illegal nach Nordkorea abgesetzt hat, bleibt h\u00f6chst unklar. Inzwischen wurden weitere Informationen bekannt. Nach Angaben des US-Verteidigungsministeriums hat sich Pj\u00f6ngjang nach einer Anfrage der Vereinten Nationen zu dem Fall ge\u00e4u\u00dfert.\n            <\/div>\n<p><\/p>\n<div class=\"Text-root Text-type_5 ArticleView-text ViewText-root \">\n<p>Das US-Verteidigungsministerium hat auf einem Briefing am Dienstag den Fall eines mutma\u00dflich in Nordkorea inhaftierten US-Soldaten kommentiert. Wie der Pentagon-Sprecher Patrick Ryder auf eine entsprechende Frage <a rel=\"nofollow noopener\" target=\"_blank\" href=\"https:\/\/www.defense.gov\/News\/Transcripts\/Transcript\/Article\/3479410\/pentagon-press-secretary-air-force-brig-gen-pat-ryder-holds-a-press-briefing\/\">erkl\u00e4rte<\/a>, habe Nordkorea eine Anfrage der Vereinten Nationen wegen des Aufenthaltsortes von Travis King beantwortet. Ryder verneinte jedoch, dass es einen substanziellen Fortschritt gebe und verwies f\u00fcr zus\u00e4tzliche Informationen auf das Kommando der Vereinten Nationen (UNC).<\/p>\n<p>Am 18. Juli hatten mehrere Medien \u00fcbereinstimmend berichtet, dass ein US-Armeeangeh\u00f6riger illegal die Grenze zu Nordkorea passiert habe. Er wurde als Travis King identifiziert. Laut Medienberichten war der 23-J\u00e4hrige vor seiner Flucht in das kommunistische Land 47 Tage lang in S\u00fcdkorea inhaftiert, nachdem er mit Einheimischen in Streit geraten war. Nach der Freilassung hielt er sich einige Zeit in US-Milit\u00e4reinrichtungen in S\u00fcdkorea auf und h\u00e4tte auf den St\u00fctzpunkt Fort Bliss im US-Bundesstaat Texas zur\u00fcckkehren sollen. Anstatt in sein Flugzeug zu steigen, buchte sich der Soldat jedoch einen touristischen Flug zur demilitarisierten Zone und setzte sich nach Nordkorea ab.<\/p>\n<div class=\"EmbedBlock-root EmbedBlock-twitter\">\n<div class=\"TwitterEmbed\">\n<blockquote class=\"twitter-tweet lazyload\" data-twitter=\"twitter-tweet\">\n<p lang=\"en\" dir=\"ltr\">\u201cHe was texting his sister and my brother like 48 hours before this happened saying he couldn&#8217;t wait to come home\u2026\u201dComing up at 5 &#8211; The uncle of the <a rel=\"nofollow noopener\" target=\"_blank\" href=\"https:\/\/twitter.com\/hashtag\/Racine?src=hash&amp;ref_src=twsrc%5Etfw\">#Racine<\/a> soldier who crossed into <a rel=\"nofollow noopener\" target=\"_blank\" href=\"https:\/\/twitter.com\/hashtag\/NorthKorea?src=hash&amp;ref_src=twsrc%5Etfw\">#NorthKorea<\/a> shares his family\u2019s plea for <a rel=\"nofollow noopener\" target=\"_blank\" href=\"https:\/\/twitter.com\/hashtag\/TravisKing?src=hash&amp;ref_src=twsrc%5Etfw\">#TravisKing<\/a>\u2019s safe return. <a rel=\"nofollow noopener\" target=\"_blank\" href=\"https:\/\/t.co\/iHN6Qi9Urx\">pic.twitter.com\/iHN6Qi9Urx<\/a><\/p>\n<p>\u2014 Julia Fello (@JuliaFello) <a rel=\"nofollow noopener\" target=\"_blank\" href=\"https:\/\/twitter.com\/JuliaFello\/status\/1685046905137422336?ref_src=twsrc%5Etfw\">July 28, 2023<\/a><\/p><\/blockquote>\n<\/div>\n<\/div>\n<p>Das UNC verlautbarte sp\u00e4ter, dass sich King in nordkoreanischer Haft befinde. In der vergangenen Woche sagte der stellvertretende UNC-Kommandeur Andrew Harrison, dass man mit Pj\u00f6ngjang \u00fcber das Schicksal des US-Soldaten verhandele. Dies erfolge \u00fcber im koreanischen Waffenstillstandsabkommen vorgesehene und gut etablierte Kommunikationskan\u00e4le.<\/p>\n<blockquote>\n<p><em>&#8220;Ich kann nicht sagen, was diesem Prozess schaden k\u00f6nnte.&#8221;<\/em><\/p>\n<\/blockquote>\n<p>Der hochrangige Milit\u00e4r k\u00fcndigte eine Untersuchung an. Nach dem Vorfall mit den US-Soldaten wurden die touristischen Ausfl\u00fcge zur demilitarisierten Zone ausgesetzt.<\/p>\n<p><strong>Mehr zum Thema<\/strong> &#8211;\u00a0<a rel=\"nofollow noopener\" target=\"_blank\" href=\"https:\/\/freeassange.rtde.life\/asien\/176224-nach-pandemie-isolation-nordkorea-laedt\/\">Nach pandemiebedingter Isolation: Nordkorea l\u00e4dt China und Russland zu Milit\u00e4rparade ein<\/a><\/p>\n<\/div>\n<p><script async src=\"https:\/\/platform.twitter.com\/widgets.js\" charset=\"utf-8\"><\/script><br \/>\n<br \/><br \/>\n<br \/><a href=\"https:\/\/de.rt.com\/asien\/176825-nordkorea-antwortet-auf-unc-anfrage\/\">Source link <\/a><\/p>\n","protected":false},"excerpt":{"rendered":"<p>Die Situation um den US-Soldaten Travis King, der sich Mitte Juli illegal nach Nordkorea abgesetzt hat, bleibt h\u00f6chst unklar. Inzwischen wurden weitere Informationen bekannt. Nach Angaben des US-Verteidigungsministeriums hat sich Pj\u00f6ngjang nach einer Anfrage der Vereinten Nationen zu dem Fall ge\u00e4u\u00dfert. Das US-Verteidigungsministerium hat auf einem Briefing am Dienstag den Fall eines mutma\u00dflich in Nordkorea [&hellip;]<\/p>\n","protected":false},"author":3,"featured_media":41271,"comment_status":"open","ping_status":"open","sticky":false,"template":"","format":"standard","meta":{"_yoast_indexnow_last_ping":["1691035678"],"wp_automatic_camp":["217"],"f1dd0e757356fbd0b2780bed1e049256":["Nordkorea antwortet auf UNC-Anfrage zum Fall Travis King"],"original_link":["https:\/\/de.rt.com\/asien\/176825-nordkorea-antwortet-auf-unc-anfrage\/"],"_thumbnail_id":["41271"],"jnews_social_counter_last_update":["1777318112"],"_wptgpro_p2tg_sent2tg":["a:1:{i:23737;s:19:\"2023-08-03 06:09:27\";}"]},"categories":[19,23],"tags":[19076,133,1657,10300,10407,47352,47351,565],"yoast_head":"<!-- This site is optimized with the Yoast SEO Premium plugin v22.7 (Yoast SEO v22.7) - https:\/\/yoast.com\/wordpress\/plugins\/seo\/ -->\n<title>Nordkorea antwortet auf UNC-Anfrage zum Fall Travis King - just-now.NEWS Deutschland<\/title>\n<meta name=\"robots\" content=\"index, follow, max-snippet:-1, max-image-preview:large, max-video-preview:-1\" \/>\n<link rel=\"canonical\" href=\"https:\/\/now-news.de\/de\/deutschland\/nordkorea-antwortet-auf-unc-anfrage-zum-fall-travis-king\/\" \/>\n<meta property=\"og:locale\" content=\"de_DE\" \/>\n<meta property=\"og:type\" content=\"article\" \/>\n<meta property=\"og:title\" content=\"Nordkorea antwortet auf UNC-Anfrage zum Fall Travis King\" \/>\n<meta property=\"og:description\" content=\"Die Situation um den US-Soldaten Travis King, der sich Mitte Juli illegal nach Nordkorea abgesetzt hat, bleibt h\u00f6chst unklar. Inzwischen wurden weitere Informationen bekannt. Nach Angaben des US-Verteidigungsministeriums hat sich Pj\u00f6ngjang nach einer Anfrage der Vereinten Nationen zu dem Fall ge\u00e4u\u00dfert. Das US-Verteidigungsministerium hat auf einem Briefing am Dienstag den Fall eines mutma\u00dflich in Nordkorea [&hellip;]\" \/>\n<meta property=\"og:url\" content=\"https:\/\/now-news.de\/de\/deutschland\/nordkorea-antwortet-auf-unc-anfrage-zum-fall-travis-king\/\" \/>\n<meta property=\"og:site_name\" content=\"just-now.NEWS Deutschland\" \/>\n<meta property=\"article:publisher\" content=\"https:\/\/www.facebook.com\/wirmachenauf\" \/>\n<meta property=\"article:published_time\" content=\"2023-08-03T04:00:00+00:00\" \/>\n<meta property=\"og:image\" content=\"https:\/\/now-news.de\/de\/wp-content\/uploads\/sites\/3\/2023\/08\/Nordkorea-antwortet-auf-UNC-Anfrage-zum-Fall-Travis-King.jpg\" \/>\n\t<meta property=\"og:image:width\" content=\"460\" \/>\n\t<meta property=\"og:image:height\" content=\"259\" \/>\n\t<meta property=\"og:image:type\" content=\"image\/jpeg\" \/>\n<meta name=\"author\" content=\"rtnews\" \/>\n<meta name=\"twitter:card\" content=\"summary_large_image\" \/>\n<meta name=\"twitter:creator\" content=\"@WirMachenAuf_de\" \/>\n<meta name=\"twitter:site\" content=\"@WirMachenAuf_de\" \/>\n<meta name=\"twitter:label1\" content=\"Verfasst von\" \/>\n\t<meta name=\"twitter:data1\" content=\"rtnews\" \/>\n\t<meta name=\"twitter:label2\" content=\"Gesch\u00e4tzte Lesezeit\" \/>\n\t<meta name=\"twitter:data2\" content=\"2\u00a0Minuten\" \/>\n<script type=\"application\/ld+json\" class=\"yoast-schema-graph\">{\"@context\":\"https:\/\/schema.org\",\"@graph\":[{\"@type\":\"Article\",\"@id\":\"https:\/\/now-news.de\/de\/deutschland\/nordkorea-antwortet-auf-unc-anfrage-zum-fall-travis-king\/#article\",\"isPartOf\":{\"@id\":\"https:\/\/now-news.de\/de\/deutschland\/nordkorea-antwortet-auf-unc-anfrage-zum-fall-travis-king\/\"},\"author\":{\"name\":\"rtnews\",\"@id\":\"https:\/\/now-news.de\/de\/#\/schema\/person\/fb534a4e865501d8b3285208df34a9b5\"},\"headline\":\"Nordkorea antwortet auf UNC-Anfrage zum Fall Travis King\",\"datePublished\":\"2023-08-03T04:00:00+00:00\",\"dateModified\":\"2023-08-03T04:00:00+00:00\",\"mainEntityOfPage\":{\"@id\":\"https:\/\/now-news.de\/de\/deutschland\/nordkorea-antwortet-auf-unc-anfrage-zum-fall-travis-king\/\"},\"wordCount\":377,\"commentCount\":0,\"publisher\":{\"@id\":\"https:\/\/now-news.de\/de\/#organization\"},\"image\":{\"@id\":\"https:\/\/now-news.de\/de\/deutschland\/nordkorea-antwortet-auf-unc-anfrage-zum-fall-travis-king\/#primaryimage\"},\"thumbnailUrl\":\"https:\/\/now-news.de\/de\/wp-content\/uploads\/sites\/3\/2023\/08\/Nordkorea-antwortet-auf-UNC-Anfrage-zum-Fall-Travis-King.jpg\",\"keywords\":[\"antwortet\",\"AUF\",\"fall\",\"King\",\"Nordkorea\",\"Travis\",\"UNCAnfrage\",\"zum\"],\"articleSection\":[\"Deutschland\",\"Russland\"],\"inLanguage\":\"de\",\"potentialAction\":[{\"@type\":\"CommentAction\",\"name\":\"Comment\",\"target\":[\"https:\/\/now-news.de\/de\/deutschland\/nordkorea-antwortet-auf-unc-anfrage-zum-fall-travis-king\/#respond\"]}]},{\"@type\":\"WebPage\",\"@id\":\"https:\/\/now-news.de\/de\/deutschland\/nordkorea-antwortet-auf-unc-anfrage-zum-fall-travis-king\/\",\"url\":\"https:\/\/now-news.de\/de\/deutschland\/nordkorea-antwortet-auf-unc-anfrage-zum-fall-travis-king\/\",\"name\":\"Nordkorea antwortet auf UNC-Anfrage zum Fall Travis King - just-now.NEWS Deutschland\",\"isPartOf\":{\"@id\":\"https:\/\/now-news.de\/de\/#website\"},\"primaryImageOfPage\":{\"@id\":\"https:\/\/now-news.de\/de\/deutschland\/nordkorea-antwortet-auf-unc-anfrage-zum-fall-travis-king\/#primaryimage\"},\"image\":{\"@id\":\"https:\/\/now-news.de\/de\/deutschland\/nordkorea-antwortet-auf-unc-anfrage-zum-fall-travis-king\/#primaryimage\"},\"thumbnailUrl\":\"https:\/\/now-news.de\/de\/wp-content\/uploads\/sites\/3\/2023\/08\/Nordkorea-antwortet-auf-UNC-Anfrage-zum-Fall-Travis-King.jpg\",\"datePublished\":\"2023-08-03T04:00:00+00:00\",\"dateModified\":\"2023-08-03T04:00:00+00:00\",\"breadcrumb\":{\"@id\":\"https:\/\/now-news.de\/de\/deutschland\/nordkorea-antwortet-auf-unc-anfrage-zum-fall-travis-king\/#breadcrumb\"},\"inLanguage\":\"de\",\"potentialAction\":[{\"@type\":\"ReadAction\",\"target\":[\"https:\/\/now-news.de\/de\/deutschland\/nordkorea-antwortet-auf-unc-anfrage-zum-fall-travis-king\/\"]}]},{\"@type\":\"ImageObject\",\"inLanguage\":\"de\",\"@id\":\"https:\/\/now-news.de\/de\/deutschland\/nordkorea-antwortet-auf-unc-anfrage-zum-fall-travis-king\/#primaryimage\",\"url\":\"https:\/\/now-news.de\/de\/wp-content\/uploads\/sites\/3\/2023\/08\/Nordkorea-antwortet-auf-UNC-Anfrage-zum-Fall-Travis-King.jpg\",\"contentUrl\":\"https:\/\/now-news.de\/de\/wp-content\/uploads\/sites\/3\/2023\/08\/Nordkorea-antwortet-auf-UNC-Anfrage-zum-Fall-Travis-King.jpg\",\"width\":460,\"height\":259,\"caption\":\"Nordkorea antwortet auf UNC-Anfrage zum Fall Travis King\"},{\"@type\":\"BreadcrumbList\",\"@id\":\"https:\/\/now-news.de\/de\/deutschland\/nordkorea-antwortet-auf-unc-anfrage-zum-fall-travis-king\/#breadcrumb\",\"itemListElement\":[{\"@type\":\"ListItem\",\"position\":1,\"name\":\"Home\",\"item\":\"https:\/\/now-news.de\/de\/\"},{\"@type\":\"ListItem\",\"position\":2,\"name\":\"Nordkorea antwortet auf UNC-Anfrage zum Fall Travis King\"}]},{\"@type\":\"WebSite\",\"@id\":\"https:\/\/now-news.de\/de\/#website\",\"url\":\"https:\/\/now-news.de\/de\/\",\"name\":\"just-now.NEWS Deutschland\",\"description\":\"Das Portal f\u00fcr unzensierte Nachrichten aus der Welt\",\"publisher\":{\"@id\":\"https:\/\/now-news.de\/de\/#organization\"},\"potentialAction\":[{\"@type\":\"SearchAction\",\"target\":{\"@type\":\"EntryPoint\",\"urlTemplate\":\"https:\/\/now-news.de\/de\/?s={search_term_string}\"},\"query-input\":\"required name=search_term_string\"}],\"inLanguage\":\"de\"},{\"@type\":\"Organization\",\"@id\":\"https:\/\/now-news.de\/de\/#organization\",\"name\":\"Just Now News\",\"url\":\"https:\/\/now-news.de\/de\/\",\"logo\":{\"@type\":\"ImageObject\",\"inLanguage\":\"de\",\"@id\":\"https:\/\/now-news.de\/de\/#\/schema\/logo\/image\/\",\"url\":\"http:\/\/just-now.news\/de\/wp-content\/uploads\/sites\/3\/2022\/04\/logo500x500.jpg\",\"contentUrl\":\"http:\/\/just-now.news\/de\/wp-content\/uploads\/sites\/3\/2022\/04\/logo500x500.jpg\",\"width\":500,\"height\":500,\"caption\":\"Just Now News\"},\"image\":{\"@id\":\"https:\/\/now-news.de\/de\/#\/schema\/logo\/image\/\"},\"sameAs\":[\"https:\/\/www.facebook.com\/wirmachenauf\",\"https:\/\/x.com\/WirMachenAuf_de\"]},{\"@type\":\"Person\",\"@id\":\"https:\/\/now-news.de\/de\/#\/schema\/person\/fb534a4e865501d8b3285208df34a9b5\",\"name\":\"rtnews\",\"image\":{\"@type\":\"ImageObject\",\"inLanguage\":\"de\",\"@id\":\"https:\/\/now-news.de\/de\/#\/schema\/person\/image\/\",\"url\":\"https:\/\/secure.gravatar.com\/avatar\/82aafea7d8127119dd649515f56e2117?s=96&d=mm&r=g\",\"contentUrl\":\"https:\/\/secure.gravatar.com\/avatar\/82aafea7d8127119dd649515f56e2117?s=96&d=mm&r=g\",\"caption\":\"rtnews\"},\"url\":\"https:\/\/now-news.de\/de\/author\/rnews\/\"}]}<\/script>\n<!-- \/ Yoast SEO Premium plugin. -->","yoast_head_json":{"title":"Nordkorea antwortet auf UNC-Anfrage zum Fall Travis King - just-now.NEWS Deutschland","robots":{"index":"index","follow":"follow","max-snippet":"max-snippet:-1","max-image-preview":"max-image-preview:large","max-video-preview":"max-video-preview:-1"},"canonical":"https:\/\/now-news.de\/de\/deutschland\/nordkorea-antwortet-auf-unc-anfrage-zum-fall-travis-king\/","og_locale":"de_DE","og_type":"article","og_title":"Nordkorea antwortet auf UNC-Anfrage zum Fall Travis King","og_description":"Die Situation um den US-Soldaten Travis King, der sich Mitte Juli illegal nach Nordkorea abgesetzt hat, bleibt h\u00f6chst unklar. Inzwischen wurden weitere Informationen bekannt. Nach Angaben des US-Verteidigungsministeriums hat sich Pj\u00f6ngjang nach einer Anfrage der Vereinten Nationen zu dem Fall ge\u00e4u\u00dfert. Das US-Verteidigungsministerium hat auf einem Briefing am Dienstag den Fall eines mutma\u00dflich in Nordkorea [&hellip;]","og_url":"https:\/\/now-news.de\/de\/deutschland\/nordkorea-antwortet-auf-unc-anfrage-zum-fall-travis-king\/","og_site_name":"just-now.NEWS Deutschland","article_publisher":"https:\/\/www.facebook.com\/wirmachenauf","article_published_time":"2023-08-03T04:00:00+00:00","og_image":[{"width":460,"height":259,"url":"https:\/\/now-news.de\/de\/wp-content\/uploads\/sites\/3\/2023\/08\/Nordkorea-antwortet-auf-UNC-Anfrage-zum-Fall-Travis-King.jpg","type":"image\/jpeg"}],"author":"rtnews","twitter_card":"summary_large_image","twitter_creator":"@WirMachenAuf_de","twitter_site":"@WirMachenAuf_de","twitter_misc":{"Verfasst von":"rtnews","Gesch\u00e4tzte Lesezeit":"2\u00a0Minuten"},"schema":{"@context":"https:\/\/schema.org","@graph":[{"@type":"Article","@id":"https:\/\/now-news.de\/de\/deutschland\/nordkorea-antwortet-auf-unc-anfrage-zum-fall-travis-king\/#article","isPartOf":{"@id":"https:\/\/now-news.de\/de\/deutschland\/nordkorea-antwortet-auf-unc-anfrage-zum-fall-travis-king\/"},"author":{"name":"rtnews","@id":"https:\/\/now-news.de\/de\/#\/schema\/person\/fb534a4e865501d8b3285208df34a9b5"},"headline":"Nordkorea antwortet auf UNC-Anfrage zum Fall Travis King","datePublished":"2023-08-03T04:00:00+00:00","dateModified":"2023-08-03T04:00:00+00:00","mainEntityOfPage":{"@id":"https:\/\/now-news.de\/de\/deutschland\/nordkorea-antwortet-auf-unc-anfrage-zum-fall-travis-king\/"},"wordCount":377,"commentCount":0,"publisher":{"@id":"https:\/\/now-news.de\/de\/#organization"},"image":{"@id":"https:\/\/now-news.de\/de\/deutschland\/nordkorea-antwortet-auf-unc-anfrage-zum-fall-travis-king\/#primaryimage"},"thumbnailUrl":"https:\/\/now-news.de\/de\/wp-content\/uploads\/sites\/3\/2023\/08\/Nordkorea-antwortet-auf-UNC-Anfrage-zum-Fall-Travis-King.jpg","keywords":["antwortet","AUF","fall","King","Nordkorea","Travis","UNCAnfrage","zum"],"articleSection":["Deutschland","Russland"],"inLanguage":"de","potentialAction":[{"@type":"CommentAction","name":"Comment","target":["https:\/\/now-news.de\/de\/deutschland\/nordkorea-antwortet-auf-unc-anfrage-zum-fall-travis-king\/#respond"]}]},{"@type":"WebPage","@id":"https:\/\/now-news.de\/de\/deutschland\/nordkorea-antwortet-auf-unc-anfrage-zum-fall-travis-king\/","url":"https:\/\/now-news.de\/de\/deutschland\/nordkorea-antwortet-auf-unc-anfrage-zum-fall-travis-king\/","name":"Nordkorea antwortet auf UNC-Anfrage zum Fall Travis King - just-now.NEWS Deutschland","isPartOf":{"@id":"https:\/\/now-news.de\/de\/#website"},"primaryImageOfPage":{"@id":"https:\/\/now-news.de\/de\/deutschland\/nordkorea-antwortet-auf-unc-anfrage-zum-fall-travis-king\/#primaryimage"},"image":{"@id":"https:\/\/now-news.de\/de\/deutschland\/nordkorea-antwortet-auf-unc-anfrage-zum-fall-travis-king\/#primaryimage"},"thumbnailUrl":"https:\/\/now-news.de\/de\/wp-content\/uploads\/sites\/3\/2023\/08\/Nordkorea-antwortet-auf-UNC-Anfrage-zum-Fall-Travis-King.jpg","datePublished":"2023-08-03T04:00:00+00:00","dateModified":"2023-08-03T04:00:00+00:00","breadcrumb":{"@id":"https:\/\/now-news.de\/de\/deutschland\/nordkorea-antwortet-auf-unc-anfrage-zum-fall-travis-king\/#breadcrumb"},"inLanguage":"de","potentialAction":[{"@type":"ReadAction","target":["https:\/\/now-news.de\/de\/deutschland\/nordkorea-antwortet-auf-unc-anfrage-zum-fall-travis-king\/"]}]},{"@type":"ImageObject","inLanguage":"de","@id":"https:\/\/now-news.de\/de\/deutschland\/nordkorea-antwortet-auf-unc-anfrage-zum-fall-travis-king\/#primaryimage","url":"https:\/\/now-news.de\/de\/wp-content\/uploads\/sites\/3\/2023\/08\/Nordkorea-antwortet-auf-UNC-Anfrage-zum-Fall-Travis-King.jpg","contentUrl":"https:\/\/now-news.de\/de\/wp-content\/uploads\/sites\/3\/2023\/08\/Nordkorea-antwortet-auf-UNC-Anfrage-zum-Fall-Travis-King.jpg","width":460,"height":259,"caption":"Nordkorea antwortet auf UNC-Anfrage zum Fall Travis King"},{"@type":"BreadcrumbList","@id":"https:\/\/now-news.de\/de\/deutschland\/nordkorea-antwortet-auf-unc-anfrage-zum-fall-travis-king\/#breadcrumb","itemListElement":[{"@type":"ListItem","position":1,"name":"Home","item":"https:\/\/now-news.de\/de\/"},{"@type":"ListItem","position":2,"name":"Nordkorea antwortet auf UNC-Anfrage zum Fall Travis King"}]},{"@type":"WebSite","@id":"https:\/\/now-news.de\/de\/#website","url":"https:\/\/now-news.de\/de\/","name":"just-now.NEWS Deutschland","description":"Das Portal f\u00fcr unzensierte Nachrichten aus der Welt","publisher":{"@id":"https:\/\/now-news.de\/de\/#organization"},"potentialAction":[{"@type":"SearchAction","target":{"@type":"EntryPoint","urlTemplate":"https:\/\/now-news.de\/de\/?s={search_term_string}"},"query-input":"required name=search_term_string"}],"inLanguage":"de"},{"@type":"Organization","@id":"https:\/\/now-news.de\/de\/#organization","name":"Just Now News","url":"https:\/\/now-news.de\/de\/","logo":{"@type":"ImageObject","inLanguage":"de","@id":"https:\/\/now-news.de\/de\/#\/schema\/logo\/image\/","url":"http:\/\/just-now.news\/de\/wp-content\/uploads\/sites\/3\/2022\/04\/logo500x500.jpg","contentUrl":"http:\/\/just-now.news\/de\/wp-content\/uploads\/sites\/3\/2022\/04\/logo500x500.jpg","width":500,"height":500,"caption":"Just Now News"},"image":{"@id":"https:\/\/now-news.de\/de\/#\/schema\/logo\/image\/"},"sameAs":["https:\/\/www.facebook.com\/wirmachenauf","https:\/\/x.com\/WirMachenAuf_de"]},{"@type":"Person","@id":"https:\/\/now-news.de\/de\/#\/schema\/person\/fb534a4e865501d8b3285208df34a9b5","name":"rtnews","image":{"@type":"ImageObject","inLanguage":"de","@id":"https:\/\/now-news.de\/de\/#\/schema\/person\/image\/","url":"https:\/\/secure.gravatar.com\/avatar\/82aafea7d8127119dd649515f56e2117?s=96&d=mm&r=g","contentUrl":"https:\/\/secure.gravatar.com\/avatar\/82aafea7d8127119dd649515f56e2117?s=96&d=mm&r=g","caption":"rtnews"},"url":"https:\/\/now-news.de\/de\/author\/rnews\/"}]}},"_links":{"self":[{"href":"https:\/\/now-news.de\/de\/wp-json\/wp\/v2\/posts\/41270"}],"collection":[{"href":"https:\/\/now-news.de\/de\/wp-json\/wp\/v2\/posts"}],"about":[{"href":"https:\/\/now-news.de\/de\/wp-json\/wp\/v2\/types\/post"}],"author":[{"embeddable":true,"href":"https:\/\/now-news.de\/de\/wp-json\/wp\/v2\/users\/3"}],"replies":[{"embeddable":true,"href":"https:\/\/now-news.de\/de\/wp-json\/wp\/v2\/comments?post=41270"}],"version-history":[{"count":0,"href":"https:\/\/now-news.de\/de\/wp-json\/wp\/v2\/posts\/41270\/revisions"}],"wp:featuredmedia":[{"embeddable":true,"href":"https:\/\/now-news.de\/de\/wp-json\/wp\/v2\/media\/41271"}],"wp:attachment":[{"href":"https:\/\/now-news.de\/de\/wp-json\/wp\/v2\/media?parent=41270"}],"wp:term":[{"taxonomy":"category","embeddable":true,"href":"https:\/\/now-news.de\/de\/wp-json\/wp\/v2\/categories?post=41270"},{"taxonomy":"post_tag","embeddable":true,"href":"https:\/\/now-news.de\/de\/wp-json\/wp\/v2\/tags?post=41270"}],"curies":[{"name":"wp","href":"https:\/\/api.w.org\/{rel}","templated":true}]}}