{"id":41262,"date":"2023-08-02T19:08:38","date_gmt":"2023-08-02T17:08:38","guid":{"rendered":"https:\/\/just-now.news\/de\/deutschland\/berlin-und-potsdam-laengst-vergessene-knallgeraeusche-erschrecken-einwohner\/"},"modified":"2023-08-02T19:08:38","modified_gmt":"2023-08-02T17:08:38","slug":"berlin-und-potsdam-laengst-vergessene-knallgeraeusche-erschrecken-einwohner","status":"publish","type":"post","link":"https:\/\/now-news.de\/de\/deutschland\/berlin-und-potsdam-laengst-vergessene-knallgeraeusche-erschrecken-einwohner\/","title":{"rendered":"Berlin und Potsdam: L\u00e4ngst vergessene Knallger\u00e4usche erschrecken Einwohner"},"content":{"rendered":"<p><img decoding=\"async\" src=\"http:\/\/just-now.news\/de\/wp-content\/uploads\/sites\/3\/2023\/08\/64ca801248fbef7a013e5b8b.jpeg\" \/><\/p>\n<div class=\"Text-root Text-type_1 \">\n                Ein in Ostdeutschland und Berlin seit 1990 vergessenes Ph\u00e4nomen hat am Mittwochmorgen Einwohner von Potsdam und Berlin in Angst und Schrecken versetzt. Was sich wie mehrere laute Explosionen anh\u00f6rte, waren in Wahrheit \u00dcberschallknalle von Eurofightern der Bundeswehr, die den ostdeutschen Luftraum wieder f\u00fcr \u00dcbungsfl\u00fcge nutzen.\n            <\/div>\n<p><\/p>\n<div class=\"Text-root Text-type_5 ArticleView-text ViewText-root \">\n<p>Am Mittwochmorgen riefen erschrockene Einwohner der Landeshauptstadt Potsdam und s\u00fcdwestlicher Stadtteile von Berlin Polizei und Feuerwehr an und berichteten von lauten Ger\u00e4uschen, die sie f\u00fcr Explosionen hielten. Die ersten Berichte in sozialen Netzwerken lauteten dann auch, es habe in Potsdam mehrere Explosionen gegeben.\u00a0<\/p>\n<p>Schnell stellte sich heraus, dass die Knallger\u00e4usche, die die B\u00fcrger beunruhigten, eine andere Ursache hatten. Keine friedliche zwar, aber eine, die nicht unmittelbar mit Gefahr f\u00fcr Leib und Leben verbunden ist. Die Potsdamer Feuerwehr gab dann auch um 11:13 Uhr auf ihrem X-Account Entwarnung:\u00a0<\/p>\n<blockquote>\n<p><em>&#8220;Soeben haben wir die R\u00fcckmeldung erhalten, dass es sich tats\u00e4chlich um \u00dcbungsfl\u00fcge des @Team_Luftwaffe handelt. Da dort heute im Laufe des Tages weitere \u00dcbungsfl\u00fcge geplant sind, kann es also weiterhin vorkommen, dass es knallt.&#8221;<\/em><\/p>\n<\/blockquote>\n<div class=\"EmbedBlock-root EmbedBlock-twitter\">\n<div class=\"TwitterEmbed\">\n<blockquote class=\"twitter-tweet lazyload\" data-twitter=\"twitter-tweet\">\n<p lang=\"de\" dir=\"ltr\">Soeben haben wir die R\u00fcckmeldung erhalten, dass es sich tats\u00e4chlich um \u00dcbungsfl\u00fcge des <a rel=\"nofollow noopener\" target=\"_blank\" href=\"https:\/\/twitter.com\/Team_Luftwaffe?ref_src=twsrc%5Etfw\">@Team_Luftwaffe<\/a> handelt.Da dort heute im Laufe des Tages weitere \u00dcbungsfl\u00fcge geplant sind, kann es also weiterhin vorkommen, dass es knallt. <a rel=\"nofollow noopener\" target=\"_blank\" href=\"https:\/\/twitter.com\/hashtag\/%C3%9Cberschallknall?src=hash&amp;ref_src=twsrc%5Etfw\">#\u00dcberschallknall<\/a> ^AT<\/p>\n<p>\u2014 Feuerwehr Potsdam (@FwPotsdam) <a rel=\"nofollow noopener\" target=\"_blank\" href=\"https:\/\/twitter.com\/FwPotsdam\/status\/1686651505703604225?ref_src=twsrc%5Etfw\">August 2, 2023<\/a><\/p><\/blockquote>\n<\/div>\n<\/div>\n<p>Zuvor hatte die Feuerwehr noch getwittert:\u00a0<\/p>\n<blockquote>\n<p><em>&#8220;Bei den eben geh\u00f6rten Knallger\u00e4uschen handelt es sich wahrscheinlich wieder um \u00dcberschallfl\u00fcge des @Team_Luftwaffe und dem daraus resultierenden #\u00dcberschallknall. Wir kl\u00e4ren das gerade ab. Bitte w\u00e4hlen Sie deswegen nicht den Notruf.&#8221;<\/em><\/p>\n<\/blockquote>\n<p>Die &#8220;Explosionen&#8221; waren somit mehrere F\u00e4lle eines akustischen Ph\u00e4nomens, das durch Kampfjets der Luftwaffe, die mit \u00dcberschallgeschwindigkeit flogen, erzeugt wurde und das als \u00dcberschallknall bezeichnet wird. Im konkreten Fall handelte es sich um Eurofighter. Der \u00dcberschallknall ist die h\u00f6rbare Auswirkung der Sto\u00dfwelle, die auftritt, wenn sich ein K\u00f6rper mit \u00dcberschallgeschwindigkeit durch ein\u00a0Medium, in diesem Fall durch die Atmosph\u00e4re, bewegt. Laienhaft l\u00e4sst es sich auch so beschreiben, dass der Knall entsteht, indem das mit \u00dcberschallgeschwindigkeit fliegende Flugzeug sein eigenes Ger\u00e4usch \u00fcberholt. Die Schallwellen \u00fcberlagern sich und kommen bei den Ohrenzeugen auf dem Erdboden als ein lauter Knall an.<\/p>\n<p>Einwohnern der westlichen Bundesl\u00e4nder, wo die Bundeswehr regelm\u00e4\u00dfig \u00dcbungsfl\u00fcge durchf\u00fchrt, ist dieses Ph\u00e4nomen bestens vertraut und ruft dort keine Beunruhigung hervor. \u00dcber der ehemaligen DDR (mit Ausnahme Mecklenburg-Vorpommerns) und \u00fcber ganz Berlin hatte die Luftwaffe nach 1990 auf \u00dcbungsfl\u00fcge weitgehend verzichtet, sodass sich nur noch die \u00c4lteren daran erinnern, wie Jets der Sowjetarmee oder der NVA \u00e4hnliche Ger\u00e4usche verursacht hatten.<\/p>\n<p>Da die Bundeswehr vor einiger Zeit angek\u00fcndigt hat, den ostdeutschen Luftraum wieder verst\u00e4rkt zu nutzen, werden sich die Berliner und die Ostdeutschen wohl oder \u00fcbel wieder daran gew\u00f6hnen m\u00fcssen.\u00a0<\/p>\n<p><strong>Mehr zum Thema<\/strong> &#8211; <a rel=\"nofollow noopener\" target=\"_blank\" href=\"https:\/\/test.rtde.life\/meinung\/173689-deutsche-brigade-nach-litauen-und\/\">Eine deutsche Brigade nach Litauen und polnische Fantasien<\/a><\/p>\n<\/p>\n<\/div>\n<p><script async src=\"https:\/\/platform.twitter.com\/widgets.js\" charset=\"utf-8\"><\/script><br \/>\n<br \/><br \/>\n<br \/><a href=\"https:\/\/de.rt.com\/inland\/176835-berlin-und-potsdam-laengst-vergessene-geraeusche\/\">Source link <\/a><\/p>\n","protected":false},"excerpt":{"rendered":"<p>Ein in Ostdeutschland und Berlin seit 1990 vergessenes Ph\u00e4nomen hat am Mittwochmorgen Einwohner von Potsdam und Berlin in Angst und Schrecken versetzt. Was sich wie mehrere laute Explosionen anh\u00f6rte, waren in Wahrheit \u00dcberschallknalle von Eurofightern der Bundeswehr, die den ostdeutschen Luftraum wieder f\u00fcr \u00dcbungsfl\u00fcge nutzen. Am Mittwochmorgen riefen erschrockene Einwohner der Landeshauptstadt Potsdam und s\u00fcdwestlicher [&hellip;]<\/p>\n","protected":false},"author":3,"featured_media":41263,"comment_status":"open","ping_status":"open","sticky":false,"template":"","format":"standard","meta":{"_yoast_indexnow_last_ping":["1690996474"],"wp_automatic_camp":["217"],"643dbd669b21c5834e58be4fd2dd0a9a":["Berlin und Potsdam: L\u00e4ngst vergessene Knallger\u00e4usche erschrecken Einwohner"],"original_link":["https:\/\/de.rt.com\/inland\/176835-berlin-und-potsdam-laengst-vergessene-geraeusche\/"],"_thumbnail_id":["41263"],"_wptgpro_p2tg_sent2tg":["a:1:{i:23737;s:19:\"2023-08-02 19:16:35\";}"],"jnews_social_counter_last_update":["1777276708"]},"categories":[19,23],"tags":[943,22355,35401,47346,36132,33757,140,44269],"yoast_head":"<!-- This site is optimized with the Yoast SEO Premium plugin v22.7 (Yoast SEO v22.7) - https:\/\/yoast.com\/wordpress\/plugins\/seo\/ -->\n<title>Berlin und Potsdam: L\u00e4ngst vergessene Knallger\u00e4usche erschrecken Einwohner - just-now.NEWS Deutschland<\/title>\n<meta name=\"robots\" content=\"index, follow, max-snippet:-1, max-image-preview:large, max-video-preview:-1\" \/>\n<link rel=\"canonical\" href=\"https:\/\/now-news.de\/de\/deutschland\/berlin-und-potsdam-laengst-vergessene-knallgeraeusche-erschrecken-einwohner\/\" \/>\n<meta property=\"og:locale\" content=\"de_DE\" \/>\n<meta property=\"og:type\" content=\"article\" \/>\n<meta property=\"og:title\" content=\"Berlin und Potsdam: L\u00e4ngst vergessene Knallger\u00e4usche erschrecken Einwohner\" \/>\n<meta property=\"og:description\" content=\"Ein in Ostdeutschland und Berlin seit 1990 vergessenes Ph\u00e4nomen hat am Mittwochmorgen Einwohner von Potsdam und Berlin in Angst und Schrecken versetzt. Was sich wie mehrere laute Explosionen anh\u00f6rte, waren in Wahrheit \u00dcberschallknalle von Eurofightern der Bundeswehr, die den ostdeutschen Luftraum wieder f\u00fcr \u00dcbungsfl\u00fcge nutzen. Am Mittwochmorgen riefen erschrockene Einwohner der Landeshauptstadt Potsdam und s\u00fcdwestlicher [&hellip;]\" \/>\n<meta property=\"og:url\" content=\"https:\/\/now-news.de\/de\/deutschland\/berlin-und-potsdam-laengst-vergessene-knallgeraeusche-erschrecken-einwohner\/\" \/>\n<meta property=\"og:site_name\" content=\"just-now.NEWS Deutschland\" \/>\n<meta property=\"article:publisher\" content=\"https:\/\/www.facebook.com\/wirmachenauf\" \/>\n<meta property=\"article:published_time\" content=\"2023-08-02T17:08:38+00:00\" \/>\n<meta property=\"og:image\" content=\"https:\/\/now-news.de\/de\/wp-content\/uploads\/sites\/3\/2023\/08\/Berlin-und-Potsdam-Laengst-vergessene-Knallgeraeusche-erschrecken-Einwohner.jpeg\" \/>\n\t<meta property=\"og:image:width\" content=\"460\" \/>\n\t<meta property=\"og:image:height\" content=\"259\" \/>\n\t<meta property=\"og:image:type\" content=\"image\/jpeg\" \/>\n<meta name=\"author\" content=\"rtnews\" \/>\n<meta name=\"twitter:card\" content=\"summary_large_image\" \/>\n<meta name=\"twitter:creator\" content=\"@WirMachenAuf_de\" \/>\n<meta name=\"twitter:site\" content=\"@WirMachenAuf_de\" \/>\n<meta name=\"twitter:label1\" content=\"Verfasst von\" \/>\n\t<meta name=\"twitter:data1\" content=\"rtnews\" \/>\n\t<meta name=\"twitter:label2\" content=\"Gesch\u00e4tzte Lesezeit\" \/>\n\t<meta name=\"twitter:data2\" content=\"2\u00a0Minuten\" \/>\n<script type=\"application\/ld+json\" class=\"yoast-schema-graph\">{\"@context\":\"https:\/\/schema.org\",\"@graph\":[{\"@type\":\"Article\",\"@id\":\"https:\/\/now-news.de\/de\/deutschland\/berlin-und-potsdam-laengst-vergessene-knallgeraeusche-erschrecken-einwohner\/#article\",\"isPartOf\":{\"@id\":\"https:\/\/now-news.de\/de\/deutschland\/berlin-und-potsdam-laengst-vergessene-knallgeraeusche-erschrecken-einwohner\/\"},\"author\":{\"name\":\"rtnews\",\"@id\":\"https:\/\/now-news.de\/de\/#\/schema\/person\/fb534a4e865501d8b3285208df34a9b5\"},\"headline\":\"Berlin und Potsdam: L\u00e4ngst vergessene Knallger\u00e4usche erschrecken Einwohner\",\"datePublished\":\"2023-08-02T17:08:38+00:00\",\"dateModified\":\"2023-08-02T17:08:38+00:00\",\"mainEntityOfPage\":{\"@id\":\"https:\/\/now-news.de\/de\/deutschland\/berlin-und-potsdam-laengst-vergessene-knallgeraeusche-erschrecken-einwohner\/\"},\"wordCount\":497,\"commentCount\":0,\"publisher\":{\"@id\":\"https:\/\/now-news.de\/de\/#organization\"},\"image\":{\"@id\":\"https:\/\/now-news.de\/de\/deutschland\/berlin-und-potsdam-laengst-vergessene-knallgeraeusche-erschrecken-einwohner\/#primaryimage\"},\"thumbnailUrl\":\"https:\/\/now-news.de\/de\/wp-content\/uploads\/sites\/3\/2023\/08\/Berlin-und-Potsdam-Laengst-vergessene-Knallgeraeusche-erschrecken-Einwohner.jpeg\",\"keywords\":[\"Berlin\",\"Einwohner\",\"erschrecken\",\"Knallger\u00e4usche\",\"l\u00e4ngst\",\"Potsdam\",\"und\",\"vergessene\"],\"articleSection\":[\"Deutschland\",\"Russland\"],\"inLanguage\":\"de\",\"potentialAction\":[{\"@type\":\"CommentAction\",\"name\":\"Comment\",\"target\":[\"https:\/\/now-news.de\/de\/deutschland\/berlin-und-potsdam-laengst-vergessene-knallgeraeusche-erschrecken-einwohner\/#respond\"]}]},{\"@type\":\"WebPage\",\"@id\":\"https:\/\/now-news.de\/de\/deutschland\/berlin-und-potsdam-laengst-vergessene-knallgeraeusche-erschrecken-einwohner\/\",\"url\":\"https:\/\/now-news.de\/de\/deutschland\/berlin-und-potsdam-laengst-vergessene-knallgeraeusche-erschrecken-einwohner\/\",\"name\":\"Berlin und Potsdam: L\u00e4ngst vergessene Knallger\u00e4usche erschrecken Einwohner - just-now.NEWS Deutschland\",\"isPartOf\":{\"@id\":\"https:\/\/now-news.de\/de\/#website\"},\"primaryImageOfPage\":{\"@id\":\"https:\/\/now-news.de\/de\/deutschland\/berlin-und-potsdam-laengst-vergessene-knallgeraeusche-erschrecken-einwohner\/#primaryimage\"},\"image\":{\"@id\":\"https:\/\/now-news.de\/de\/deutschland\/berlin-und-potsdam-laengst-vergessene-knallgeraeusche-erschrecken-einwohner\/#primaryimage\"},\"thumbnailUrl\":\"https:\/\/now-news.de\/de\/wp-content\/uploads\/sites\/3\/2023\/08\/Berlin-und-Potsdam-Laengst-vergessene-Knallgeraeusche-erschrecken-Einwohner.jpeg\",\"datePublished\":\"2023-08-02T17:08:38+00:00\",\"dateModified\":\"2023-08-02T17:08:38+00:00\",\"breadcrumb\":{\"@id\":\"https:\/\/now-news.de\/de\/deutschland\/berlin-und-potsdam-laengst-vergessene-knallgeraeusche-erschrecken-einwohner\/#breadcrumb\"},\"inLanguage\":\"de\",\"potentialAction\":[{\"@type\":\"ReadAction\",\"target\":[\"https:\/\/now-news.de\/de\/deutschland\/berlin-und-potsdam-laengst-vergessene-knallgeraeusche-erschrecken-einwohner\/\"]}]},{\"@type\":\"ImageObject\",\"inLanguage\":\"de\",\"@id\":\"https:\/\/now-news.de\/de\/deutschland\/berlin-und-potsdam-laengst-vergessene-knallgeraeusche-erschrecken-einwohner\/#primaryimage\",\"url\":\"https:\/\/now-news.de\/de\/wp-content\/uploads\/sites\/3\/2023\/08\/Berlin-und-Potsdam-Laengst-vergessene-Knallgeraeusche-erschrecken-Einwohner.jpeg\",\"contentUrl\":\"https:\/\/now-news.de\/de\/wp-content\/uploads\/sites\/3\/2023\/08\/Berlin-und-Potsdam-Laengst-vergessene-Knallgeraeusche-erschrecken-Einwohner.jpeg\",\"width\":460,\"height\":259,\"caption\":\"Berlin und Potsdam: L\u00e4ngst vergessene Knallger\u00e4usche erschrecken Einwohner\"},{\"@type\":\"BreadcrumbList\",\"@id\":\"https:\/\/now-news.de\/de\/deutschland\/berlin-und-potsdam-laengst-vergessene-knallgeraeusche-erschrecken-einwohner\/#breadcrumb\",\"itemListElement\":[{\"@type\":\"ListItem\",\"position\":1,\"name\":\"Home\",\"item\":\"https:\/\/now-news.de\/de\/\"},{\"@type\":\"ListItem\",\"position\":2,\"name\":\"Berlin und Potsdam: L\u00e4ngst vergessene Knallger\u00e4usche erschrecken Einwohner\"}]},{\"@type\":\"WebSite\",\"@id\":\"https:\/\/now-news.de\/de\/#website\",\"url\":\"https:\/\/now-news.de\/de\/\",\"name\":\"just-now.NEWS Deutschland\",\"description\":\"Das Portal f\u00fcr unzensierte Nachrichten aus der Welt\",\"publisher\":{\"@id\":\"https:\/\/now-news.de\/de\/#organization\"},\"potentialAction\":[{\"@type\":\"SearchAction\",\"target\":{\"@type\":\"EntryPoint\",\"urlTemplate\":\"https:\/\/now-news.de\/de\/?s={search_term_string}\"},\"query-input\":\"required name=search_term_string\"}],\"inLanguage\":\"de\"},{\"@type\":\"Organization\",\"@id\":\"https:\/\/now-news.de\/de\/#organization\",\"name\":\"Just Now News\",\"url\":\"https:\/\/now-news.de\/de\/\",\"logo\":{\"@type\":\"ImageObject\",\"inLanguage\":\"de\",\"@id\":\"https:\/\/now-news.de\/de\/#\/schema\/logo\/image\/\",\"url\":\"http:\/\/just-now.news\/de\/wp-content\/uploads\/sites\/3\/2022\/04\/logo500x500.jpg\",\"contentUrl\":\"http:\/\/just-now.news\/de\/wp-content\/uploads\/sites\/3\/2022\/04\/logo500x500.jpg\",\"width\":500,\"height\":500,\"caption\":\"Just Now News\"},\"image\":{\"@id\":\"https:\/\/now-news.de\/de\/#\/schema\/logo\/image\/\"},\"sameAs\":[\"https:\/\/www.facebook.com\/wirmachenauf\",\"https:\/\/x.com\/WirMachenAuf_de\"]},{\"@type\":\"Person\",\"@id\":\"https:\/\/now-news.de\/de\/#\/schema\/person\/fb534a4e865501d8b3285208df34a9b5\",\"name\":\"rtnews\",\"image\":{\"@type\":\"ImageObject\",\"inLanguage\":\"de\",\"@id\":\"https:\/\/now-news.de\/de\/#\/schema\/person\/image\/\",\"url\":\"https:\/\/secure.gravatar.com\/avatar\/82aafea7d8127119dd649515f56e2117?s=96&d=mm&r=g\",\"contentUrl\":\"https:\/\/secure.gravatar.com\/avatar\/82aafea7d8127119dd649515f56e2117?s=96&d=mm&r=g\",\"caption\":\"rtnews\"},\"url\":\"https:\/\/now-news.de\/de\/author\/rnews\/\"}]}<\/script>\n<!-- \/ Yoast SEO Premium plugin. -->","yoast_head_json":{"title":"Berlin und Potsdam: L\u00e4ngst vergessene Knallger\u00e4usche erschrecken Einwohner - just-now.NEWS Deutschland","robots":{"index":"index","follow":"follow","max-snippet":"max-snippet:-1","max-image-preview":"max-image-preview:large","max-video-preview":"max-video-preview:-1"},"canonical":"https:\/\/now-news.de\/de\/deutschland\/berlin-und-potsdam-laengst-vergessene-knallgeraeusche-erschrecken-einwohner\/","og_locale":"de_DE","og_type":"article","og_title":"Berlin und Potsdam: L\u00e4ngst vergessene Knallger\u00e4usche erschrecken Einwohner","og_description":"Ein in Ostdeutschland und Berlin seit 1990 vergessenes Ph\u00e4nomen hat am Mittwochmorgen Einwohner von Potsdam und Berlin in Angst und Schrecken versetzt. Was sich wie mehrere laute Explosionen anh\u00f6rte, waren in Wahrheit \u00dcberschallknalle von Eurofightern der Bundeswehr, die den ostdeutschen Luftraum wieder f\u00fcr \u00dcbungsfl\u00fcge nutzen. Am Mittwochmorgen riefen erschrockene Einwohner der Landeshauptstadt Potsdam und s\u00fcdwestlicher [&hellip;]","og_url":"https:\/\/now-news.de\/de\/deutschland\/berlin-und-potsdam-laengst-vergessene-knallgeraeusche-erschrecken-einwohner\/","og_site_name":"just-now.NEWS Deutschland","article_publisher":"https:\/\/www.facebook.com\/wirmachenauf","article_published_time":"2023-08-02T17:08:38+00:00","og_image":[{"width":460,"height":259,"url":"https:\/\/now-news.de\/de\/wp-content\/uploads\/sites\/3\/2023\/08\/Berlin-und-Potsdam-Laengst-vergessene-Knallgeraeusche-erschrecken-Einwohner.jpeg","type":"image\/jpeg"}],"author":"rtnews","twitter_card":"summary_large_image","twitter_creator":"@WirMachenAuf_de","twitter_site":"@WirMachenAuf_de","twitter_misc":{"Verfasst von":"rtnews","Gesch\u00e4tzte Lesezeit":"2\u00a0Minuten"},"schema":{"@context":"https:\/\/schema.org","@graph":[{"@type":"Article","@id":"https:\/\/now-news.de\/de\/deutschland\/berlin-und-potsdam-laengst-vergessene-knallgeraeusche-erschrecken-einwohner\/#article","isPartOf":{"@id":"https:\/\/now-news.de\/de\/deutschland\/berlin-und-potsdam-laengst-vergessene-knallgeraeusche-erschrecken-einwohner\/"},"author":{"name":"rtnews","@id":"https:\/\/now-news.de\/de\/#\/schema\/person\/fb534a4e865501d8b3285208df34a9b5"},"headline":"Berlin und Potsdam: L\u00e4ngst vergessene Knallger\u00e4usche erschrecken Einwohner","datePublished":"2023-08-02T17:08:38+00:00","dateModified":"2023-08-02T17:08:38+00:00","mainEntityOfPage":{"@id":"https:\/\/now-news.de\/de\/deutschland\/berlin-und-potsdam-laengst-vergessene-knallgeraeusche-erschrecken-einwohner\/"},"wordCount":497,"commentCount":0,"publisher":{"@id":"https:\/\/now-news.de\/de\/#organization"},"image":{"@id":"https:\/\/now-news.de\/de\/deutschland\/berlin-und-potsdam-laengst-vergessene-knallgeraeusche-erschrecken-einwohner\/#primaryimage"},"thumbnailUrl":"https:\/\/now-news.de\/de\/wp-content\/uploads\/sites\/3\/2023\/08\/Berlin-und-Potsdam-Laengst-vergessene-Knallgeraeusche-erschrecken-Einwohner.jpeg","keywords":["Berlin","Einwohner","erschrecken","Knallger\u00e4usche","l\u00e4ngst","Potsdam","und","vergessene"],"articleSection":["Deutschland","Russland"],"inLanguage":"de","potentialAction":[{"@type":"CommentAction","name":"Comment","target":["https:\/\/now-news.de\/de\/deutschland\/berlin-und-potsdam-laengst-vergessene-knallgeraeusche-erschrecken-einwohner\/#respond"]}]},{"@type":"WebPage","@id":"https:\/\/now-news.de\/de\/deutschland\/berlin-und-potsdam-laengst-vergessene-knallgeraeusche-erschrecken-einwohner\/","url":"https:\/\/now-news.de\/de\/deutschland\/berlin-und-potsdam-laengst-vergessene-knallgeraeusche-erschrecken-einwohner\/","name":"Berlin und Potsdam: L\u00e4ngst vergessene Knallger\u00e4usche erschrecken Einwohner - just-now.NEWS Deutschland","isPartOf":{"@id":"https:\/\/now-news.de\/de\/#website"},"primaryImageOfPage":{"@id":"https:\/\/now-news.de\/de\/deutschland\/berlin-und-potsdam-laengst-vergessene-knallgeraeusche-erschrecken-einwohner\/#primaryimage"},"image":{"@id":"https:\/\/now-news.de\/de\/deutschland\/berlin-und-potsdam-laengst-vergessene-knallgeraeusche-erschrecken-einwohner\/#primaryimage"},"thumbnailUrl":"https:\/\/now-news.de\/de\/wp-content\/uploads\/sites\/3\/2023\/08\/Berlin-und-Potsdam-Laengst-vergessene-Knallgeraeusche-erschrecken-Einwohner.jpeg","datePublished":"2023-08-02T17:08:38+00:00","dateModified":"2023-08-02T17:08:38+00:00","breadcrumb":{"@id":"https:\/\/now-news.de\/de\/deutschland\/berlin-und-potsdam-laengst-vergessene-knallgeraeusche-erschrecken-einwohner\/#breadcrumb"},"inLanguage":"de","potentialAction":[{"@type":"ReadAction","target":["https:\/\/now-news.de\/de\/deutschland\/berlin-und-potsdam-laengst-vergessene-knallgeraeusche-erschrecken-einwohner\/"]}]},{"@type":"ImageObject","inLanguage":"de","@id":"https:\/\/now-news.de\/de\/deutschland\/berlin-und-potsdam-laengst-vergessene-knallgeraeusche-erschrecken-einwohner\/#primaryimage","url":"https:\/\/now-news.de\/de\/wp-content\/uploads\/sites\/3\/2023\/08\/Berlin-und-Potsdam-Laengst-vergessene-Knallgeraeusche-erschrecken-Einwohner.jpeg","contentUrl":"https:\/\/now-news.de\/de\/wp-content\/uploads\/sites\/3\/2023\/08\/Berlin-und-Potsdam-Laengst-vergessene-Knallgeraeusche-erschrecken-Einwohner.jpeg","width":460,"height":259,"caption":"Berlin und Potsdam: L\u00e4ngst vergessene Knallger\u00e4usche erschrecken Einwohner"},{"@type":"BreadcrumbList","@id":"https:\/\/now-news.de\/de\/deutschland\/berlin-und-potsdam-laengst-vergessene-knallgeraeusche-erschrecken-einwohner\/#breadcrumb","itemListElement":[{"@type":"ListItem","position":1,"name":"Home","item":"https:\/\/now-news.de\/de\/"},{"@type":"ListItem","position":2,"name":"Berlin und Potsdam: L\u00e4ngst vergessene Knallger\u00e4usche erschrecken Einwohner"}]},{"@type":"WebSite","@id":"https:\/\/now-news.de\/de\/#website","url":"https:\/\/now-news.de\/de\/","name":"just-now.NEWS Deutschland","description":"Das Portal f\u00fcr unzensierte Nachrichten aus der Welt","publisher":{"@id":"https:\/\/now-news.de\/de\/#organization"},"potentialAction":[{"@type":"SearchAction","target":{"@type":"EntryPoint","urlTemplate":"https:\/\/now-news.de\/de\/?s={search_term_string}"},"query-input":"required name=search_term_string"}],"inLanguage":"de"},{"@type":"Organization","@id":"https:\/\/now-news.de\/de\/#organization","name":"Just Now News","url":"https:\/\/now-news.de\/de\/","logo":{"@type":"ImageObject","inLanguage":"de","@id":"https:\/\/now-news.de\/de\/#\/schema\/logo\/image\/","url":"http:\/\/just-now.news\/de\/wp-content\/uploads\/sites\/3\/2022\/04\/logo500x500.jpg","contentUrl":"http:\/\/just-now.news\/de\/wp-content\/uploads\/sites\/3\/2022\/04\/logo500x500.jpg","width":500,"height":500,"caption":"Just Now News"},"image":{"@id":"https:\/\/now-news.de\/de\/#\/schema\/logo\/image\/"},"sameAs":["https:\/\/www.facebook.com\/wirmachenauf","https:\/\/x.com\/WirMachenAuf_de"]},{"@type":"Person","@id":"https:\/\/now-news.de\/de\/#\/schema\/person\/fb534a4e865501d8b3285208df34a9b5","name":"rtnews","image":{"@type":"ImageObject","inLanguage":"de","@id":"https:\/\/now-news.de\/de\/#\/schema\/person\/image\/","url":"https:\/\/secure.gravatar.com\/avatar\/82aafea7d8127119dd649515f56e2117?s=96&d=mm&r=g","contentUrl":"https:\/\/secure.gravatar.com\/avatar\/82aafea7d8127119dd649515f56e2117?s=96&d=mm&r=g","caption":"rtnews"},"url":"https:\/\/now-news.de\/de\/author\/rnews\/"}]}},"_links":{"self":[{"href":"https:\/\/now-news.de\/de\/wp-json\/wp\/v2\/posts\/41262"}],"collection":[{"href":"https:\/\/now-news.de\/de\/wp-json\/wp\/v2\/posts"}],"about":[{"href":"https:\/\/now-news.de\/de\/wp-json\/wp\/v2\/types\/post"}],"author":[{"embeddable":true,"href":"https:\/\/now-news.de\/de\/wp-json\/wp\/v2\/users\/3"}],"replies":[{"embeddable":true,"href":"https:\/\/now-news.de\/de\/wp-json\/wp\/v2\/comments?post=41262"}],"version-history":[{"count":0,"href":"https:\/\/now-news.de\/de\/wp-json\/wp\/v2\/posts\/41262\/revisions"}],"wp:featuredmedia":[{"embeddable":true,"href":"https:\/\/now-news.de\/de\/wp-json\/wp\/v2\/media\/41263"}],"wp:attachment":[{"href":"https:\/\/now-news.de\/de\/wp-json\/wp\/v2\/media?parent=41262"}],"wp:term":[{"taxonomy":"category","embeddable":true,"href":"https:\/\/now-news.de\/de\/wp-json\/wp\/v2\/categories?post=41262"},{"taxonomy":"post_tag","embeddable":true,"href":"https:\/\/now-news.de\/de\/wp-json\/wp\/v2\/tags?post=41262"}],"curies":[{"name":"wp","href":"https:\/\/api.w.org\/{rel}","templated":true}]}}