{"id":41242,"date":"2023-08-02T14:29:06","date_gmt":"2023-08-02T12:29:06","guid":{"rendered":"https:\/\/just-now.news\/de\/deutschland\/moskau-und-ankara-vereinbaren-tuerkei-besuch-putins\/"},"modified":"2023-08-02T14:29:06","modified_gmt":"2023-08-02T12:29:06","slug":"moskau-und-ankara-vereinbaren-tuerkei-besuch-putins","status":"publish","type":"post","link":"https:\/\/now-news.de\/de\/deutschland\/moskau-und-ankara-vereinbaren-tuerkei-besuch-putins\/","title":{"rendered":"Moskau und Ankara vereinbaren T\u00fcrkei-Besuch Putins"},"content":{"rendered":"<p><img decoding=\"async\" src=\"http:\/\/just-now.news\/de\/wp-content\/uploads\/sites\/3\/2023\/08\/64ca400348fbef7a0d705cc7.jpg\" \/><\/p>\n<div class=\"Text-root Text-type_1 \">\n                Wladimir Putin und Recep Tayyip Erdo\u011fan haben einen Besuch des russischen Pr\u00e4sidenten in der T\u00fcrkei vereinbart. Dies teilte Ankara nach einem Telefonat zwischen den beiden Staatschef mit. Das genaue Datum des pers\u00f6nlichen Treffens wurde allerdings nicht bekannt gegeben.\n            <\/div>\n<p><\/p>\n<div class=\"Text-root Text-type_5 ArticleView-text ViewText-root \">\n<p>Nach Angaben der Pr\u00e4sidentenkanzlei in Ankara haben Wladimir Putin und Recep Tayyip Erdo\u011fan einen Besuch des russischen Staatschefs in der T\u00fcrkei vereinbart. Wie es nach einem Telefonat zwischen den beiden Politikern am Mittwoch hie\u00df, h\u00e4tten sich die Pr\u00e4sidenten auf einen Besuch Putins in der T\u00fcrkei verst\u00e4ndigt. Das genaue Datum ihres Treffens wurde allerdings nicht bekannt gegeben.<\/p>\n<p>In der Mitteilung hie\u00df es ferner, dass Ankara seine Anstrengungen fortsetze, damit das Getreideabkommen wiederaufgenommen werde. Sollte die \u00dcbereinkunft f\u00fcr eine lange Zeit au\u00dfer Kraft sein, w\u00fcrde dies niemandem nutzen. Erdo\u011fan nannte das von Russland aufgek\u00fcndigte Abkommen eine Friedensbr\u00fccke.<\/p>\n<p>Der Kreml best\u00e4tigte das Telefongespr\u00e4ch zwischen Putin und Erdo\u011fan an diesem Mittwoch. Die Pr\u00e4sidenten seien \u00fcbereingekommen, die bilateralen Kontakte auf verschiedenen Ebenen fortzusetzen, &#8220;darunter im Kontext der Vorbereitung eines m\u00f6glichen Treffens zwischen den beiden Staatschefs&#8221;. Putin habe dabei die Position seines Landes in Bezug auf die Aufk\u00fcndigung des Getreideabkommens erl\u00e4utert. In der entsprechenden Mitteilung hie\u00df es:<\/p>\n<blockquote>\n<p><em>&#8220;Angesichts des absolut fehlenden Fortschritts bei der Umsetzung des russischen Teils des Getreideabkommens hat dessen Fortsetzung den Sinn verloren.&#8221;<\/em><\/p>\n<\/blockquote>\n<p>Sollte der Westen seine im Dokument verankerten Verpflichtungen gegen\u00fcber Russland in die Tat umsetzen, w\u00e4re die Regierung in Moskau bereit, zum Getreideabkommen zur\u00fcckzukehren, teilte der Kreml mit. Die Pr\u00e4sidenten h\u00e4tten zudem verschiedene Aspekte der &#8220;vielschichtigen russisch-t\u00fcrkischen Zusammenarbeit&#8221; er\u00f6rtert. Erw\u00e4hnt wurden der bilaterale Handel, der Tourismus und gemeinsame Projekte in der Energiewirtschaft. Demnach habe sich der Warenumsatz im Jahr 2022 fast verdoppelt. Au\u00dferdem habe Erdo\u011fan Putin f\u00fcr Russlands Hilfe bei der L\u00f6schung von Waldbr\u00e4nden gedankt. Die russische Katastrophenschutzbeh\u00f6rde hatte im Juli zu diesem Zweck zwei L\u00f6schflugzeuge in die T\u00fcrkei geschickt.<\/p>\n<p><strong>Mehr zum Thema<\/strong> &#8211;\u00a0<a rel=\"nofollow noopener\" target=\"_blank\" href=\"https:\/\/freeassange.rtde.life\/international\/175655-putin-faehrt-nicht-zum-brics\/\">Putin nimmt nicht an BRICS-Gipfel in S\u00fcdafrika teil<\/a><\/p>\n<\/p>\n<\/div>\n<p><br \/>\n<br \/><a href=\"https:\/\/de.rt.com\/international\/176802-moskau-und-ankara-vereinbaren-putins-besuch-in-tuerkei\/\">Source link <\/a><\/p>\n","protected":false},"excerpt":{"rendered":"<p>Wladimir Putin und Recep Tayyip Erdo\u011fan haben einen Besuch des russischen Pr\u00e4sidenten in der T\u00fcrkei vereinbart. Dies teilte Ankara nach einem Telefonat zwischen den beiden Staatschef mit. Das genaue Datum des pers\u00f6nlichen Treffens wurde allerdings nicht bekannt gegeben. Nach Angaben der Pr\u00e4sidentenkanzlei in Ankara haben Wladimir Putin und Recep Tayyip Erdo\u011fan einen Besuch des russischen [&hellip;]<\/p>\n","protected":false},"author":3,"featured_media":41243,"comment_status":"open","ping_status":"open","sticky":false,"template":"","format":"standard","meta":{"_yoast_indexnow_last_ping":["1690979888"],"wp_automatic_camp":["217"],"225406911a6f16e3124b4e0e19ea9952":["Moskau und Ankara vereinbaren T\u00fcrkei-Besuch Putins"],"original_link":["https:\/\/de.rt.com\/international\/176802-moskau-und-ankara-vereinbaren-putins-besuch-in-tuerkei\/"],"_thumbnail_id":["41243"],"_wptgpro_p2tg_sent2tg":["a:1:{i:23737;s:19:\"2023-08-02 14:39:17\";}"],"jnews_social_counter_last_update":["1777188255"]},"categories":[19,23],"tags":[1800,946,23746,47328,140,22116],"yoast_head":"<!-- This site is optimized with the Yoast SEO Premium plugin v22.7 (Yoast SEO v22.7) - https:\/\/yoast.com\/wordpress\/plugins\/seo\/ -->\n<title>Moskau und Ankara vereinbaren T\u00fcrkei-Besuch Putins - just-now.NEWS Deutschland<\/title>\n<meta name=\"robots\" content=\"index, follow, max-snippet:-1, max-image-preview:large, max-video-preview:-1\" \/>\n<link rel=\"canonical\" href=\"https:\/\/now-news.de\/de\/deutschland\/moskau-und-ankara-vereinbaren-tuerkei-besuch-putins\/\" \/>\n<meta property=\"og:locale\" content=\"de_DE\" \/>\n<meta property=\"og:type\" content=\"article\" \/>\n<meta property=\"og:title\" content=\"Moskau und Ankara vereinbaren T\u00fcrkei-Besuch Putins\" \/>\n<meta property=\"og:description\" content=\"Wladimir Putin und Recep Tayyip Erdo\u011fan haben einen Besuch des russischen Pr\u00e4sidenten in der T\u00fcrkei vereinbart. Dies teilte Ankara nach einem Telefonat zwischen den beiden Staatschef mit. Das genaue Datum des pers\u00f6nlichen Treffens wurde allerdings nicht bekannt gegeben. Nach Angaben der Pr\u00e4sidentenkanzlei in Ankara haben Wladimir Putin und Recep Tayyip Erdo\u011fan einen Besuch des russischen [&hellip;]\" \/>\n<meta property=\"og:url\" content=\"https:\/\/now-news.de\/de\/deutschland\/moskau-und-ankara-vereinbaren-tuerkei-besuch-putins\/\" \/>\n<meta property=\"og:site_name\" content=\"just-now.NEWS Deutschland\" \/>\n<meta property=\"article:publisher\" content=\"https:\/\/www.facebook.com\/wirmachenauf\" \/>\n<meta property=\"article:published_time\" content=\"2023-08-02T12:29:06+00:00\" \/>\n<meta property=\"og:image\" content=\"https:\/\/now-news.de\/de\/wp-content\/uploads\/sites\/3\/2023\/08\/Moskau-und-Ankara-vereinbaren-Tuerkei-Besuch-Putins.jpg\" \/>\n\t<meta property=\"og:image:width\" content=\"460\" \/>\n\t<meta property=\"og:image:height\" content=\"259\" \/>\n\t<meta property=\"og:image:type\" content=\"image\/jpeg\" \/>\n<meta name=\"author\" content=\"rtnews\" \/>\n<meta name=\"twitter:card\" content=\"summary_large_image\" \/>\n<meta name=\"twitter:creator\" content=\"@WirMachenAuf_de\" \/>\n<meta name=\"twitter:site\" content=\"@WirMachenAuf_de\" \/>\n<meta name=\"twitter:label1\" content=\"Verfasst von\" \/>\n\t<meta name=\"twitter:data1\" content=\"rtnews\" \/>\n\t<meta name=\"twitter:label2\" content=\"Gesch\u00e4tzte Lesezeit\" \/>\n\t<meta name=\"twitter:data2\" content=\"2\u00a0Minuten\" \/>\n<script type=\"application\/ld+json\" class=\"yoast-schema-graph\">{\"@context\":\"https:\/\/schema.org\",\"@graph\":[{\"@type\":\"Article\",\"@id\":\"https:\/\/now-news.de\/de\/deutschland\/moskau-und-ankara-vereinbaren-tuerkei-besuch-putins\/#article\",\"isPartOf\":{\"@id\":\"https:\/\/now-news.de\/de\/deutschland\/moskau-und-ankara-vereinbaren-tuerkei-besuch-putins\/\"},\"author\":{\"name\":\"rtnews\",\"@id\":\"https:\/\/now-news.de\/de\/#\/schema\/person\/fb534a4e865501d8b3285208df34a9b5\"},\"headline\":\"Moskau und Ankara vereinbaren T\u00fcrkei-Besuch Putins\",\"datePublished\":\"2023-08-02T12:29:06+00:00\",\"dateModified\":\"2023-08-02T12:29:06+00:00\",\"mainEntityOfPage\":{\"@id\":\"https:\/\/now-news.de\/de\/deutschland\/moskau-und-ankara-vereinbaren-tuerkei-besuch-putins\/\"},\"wordCount\":359,\"commentCount\":0,\"publisher\":{\"@id\":\"https:\/\/now-news.de\/de\/#organization\"},\"image\":{\"@id\":\"https:\/\/now-news.de\/de\/deutschland\/moskau-und-ankara-vereinbaren-tuerkei-besuch-putins\/#primaryimage\"},\"thumbnailUrl\":\"https:\/\/now-news.de\/de\/wp-content\/uploads\/sites\/3\/2023\/08\/Moskau-und-Ankara-vereinbaren-Tuerkei-Besuch-Putins.jpg\",\"keywords\":[\"Ankara\",\"Moskau\",\"Putins\",\"T\u00fcrkeiBesuch\",\"und\",\"vereinbaren\"],\"articleSection\":[\"Deutschland\",\"Russland\"],\"inLanguage\":\"de\",\"potentialAction\":[{\"@type\":\"CommentAction\",\"name\":\"Comment\",\"target\":[\"https:\/\/now-news.de\/de\/deutschland\/moskau-und-ankara-vereinbaren-tuerkei-besuch-putins\/#respond\"]}]},{\"@type\":\"WebPage\",\"@id\":\"https:\/\/now-news.de\/de\/deutschland\/moskau-und-ankara-vereinbaren-tuerkei-besuch-putins\/\",\"url\":\"https:\/\/now-news.de\/de\/deutschland\/moskau-und-ankara-vereinbaren-tuerkei-besuch-putins\/\",\"name\":\"Moskau und Ankara vereinbaren T\u00fcrkei-Besuch Putins - just-now.NEWS Deutschland\",\"isPartOf\":{\"@id\":\"https:\/\/now-news.de\/de\/#website\"},\"primaryImageOfPage\":{\"@id\":\"https:\/\/now-news.de\/de\/deutschland\/moskau-und-ankara-vereinbaren-tuerkei-besuch-putins\/#primaryimage\"},\"image\":{\"@id\":\"https:\/\/now-news.de\/de\/deutschland\/moskau-und-ankara-vereinbaren-tuerkei-besuch-putins\/#primaryimage\"},\"thumbnailUrl\":\"https:\/\/now-news.de\/de\/wp-content\/uploads\/sites\/3\/2023\/08\/Moskau-und-Ankara-vereinbaren-Tuerkei-Besuch-Putins.jpg\",\"datePublished\":\"2023-08-02T12:29:06+00:00\",\"dateModified\":\"2023-08-02T12:29:06+00:00\",\"breadcrumb\":{\"@id\":\"https:\/\/now-news.de\/de\/deutschland\/moskau-und-ankara-vereinbaren-tuerkei-besuch-putins\/#breadcrumb\"},\"inLanguage\":\"de\",\"potentialAction\":[{\"@type\":\"ReadAction\",\"target\":[\"https:\/\/now-news.de\/de\/deutschland\/moskau-und-ankara-vereinbaren-tuerkei-besuch-putins\/\"]}]},{\"@type\":\"ImageObject\",\"inLanguage\":\"de\",\"@id\":\"https:\/\/now-news.de\/de\/deutschland\/moskau-und-ankara-vereinbaren-tuerkei-besuch-putins\/#primaryimage\",\"url\":\"https:\/\/now-news.de\/de\/wp-content\/uploads\/sites\/3\/2023\/08\/Moskau-und-Ankara-vereinbaren-Tuerkei-Besuch-Putins.jpg\",\"contentUrl\":\"https:\/\/now-news.de\/de\/wp-content\/uploads\/sites\/3\/2023\/08\/Moskau-und-Ankara-vereinbaren-Tuerkei-Besuch-Putins.jpg\",\"width\":460,\"height\":259,\"caption\":\"Moskau und Ankara vereinbaren T\u00fcrkei-Besuch Putins\"},{\"@type\":\"BreadcrumbList\",\"@id\":\"https:\/\/now-news.de\/de\/deutschland\/moskau-und-ankara-vereinbaren-tuerkei-besuch-putins\/#breadcrumb\",\"itemListElement\":[{\"@type\":\"ListItem\",\"position\":1,\"name\":\"Home\",\"item\":\"https:\/\/now-news.de\/de\/\"},{\"@type\":\"ListItem\",\"position\":2,\"name\":\"Moskau und Ankara vereinbaren T\u00fcrkei-Besuch Putins\"}]},{\"@type\":\"WebSite\",\"@id\":\"https:\/\/now-news.de\/de\/#website\",\"url\":\"https:\/\/now-news.de\/de\/\",\"name\":\"just-now.NEWS Deutschland\",\"description\":\"Das Portal f\u00fcr unzensierte Nachrichten aus der Welt\",\"publisher\":{\"@id\":\"https:\/\/now-news.de\/de\/#organization\"},\"potentialAction\":[{\"@type\":\"SearchAction\",\"target\":{\"@type\":\"EntryPoint\",\"urlTemplate\":\"https:\/\/now-news.de\/de\/?s={search_term_string}\"},\"query-input\":\"required name=search_term_string\"}],\"inLanguage\":\"de\"},{\"@type\":\"Organization\",\"@id\":\"https:\/\/now-news.de\/de\/#organization\",\"name\":\"Just Now News\",\"url\":\"https:\/\/now-news.de\/de\/\",\"logo\":{\"@type\":\"ImageObject\",\"inLanguage\":\"de\",\"@id\":\"https:\/\/now-news.de\/de\/#\/schema\/logo\/image\/\",\"url\":\"http:\/\/just-now.news\/de\/wp-content\/uploads\/sites\/3\/2022\/04\/logo500x500.jpg\",\"contentUrl\":\"http:\/\/just-now.news\/de\/wp-content\/uploads\/sites\/3\/2022\/04\/logo500x500.jpg\",\"width\":500,\"height\":500,\"caption\":\"Just Now News\"},\"image\":{\"@id\":\"https:\/\/now-news.de\/de\/#\/schema\/logo\/image\/\"},\"sameAs\":[\"https:\/\/www.facebook.com\/wirmachenauf\",\"https:\/\/x.com\/WirMachenAuf_de\"]},{\"@type\":\"Person\",\"@id\":\"https:\/\/now-news.de\/de\/#\/schema\/person\/fb534a4e865501d8b3285208df34a9b5\",\"name\":\"rtnews\",\"image\":{\"@type\":\"ImageObject\",\"inLanguage\":\"de\",\"@id\":\"https:\/\/now-news.de\/de\/#\/schema\/person\/image\/\",\"url\":\"https:\/\/secure.gravatar.com\/avatar\/82aafea7d8127119dd649515f56e2117?s=96&d=mm&r=g\",\"contentUrl\":\"https:\/\/secure.gravatar.com\/avatar\/82aafea7d8127119dd649515f56e2117?s=96&d=mm&r=g\",\"caption\":\"rtnews\"},\"url\":\"https:\/\/now-news.de\/de\/author\/rnews\/\"}]}<\/script>\n<!-- \/ Yoast SEO Premium plugin. -->","yoast_head_json":{"title":"Moskau und Ankara vereinbaren T\u00fcrkei-Besuch Putins - just-now.NEWS Deutschland","robots":{"index":"index","follow":"follow","max-snippet":"max-snippet:-1","max-image-preview":"max-image-preview:large","max-video-preview":"max-video-preview:-1"},"canonical":"https:\/\/now-news.de\/de\/deutschland\/moskau-und-ankara-vereinbaren-tuerkei-besuch-putins\/","og_locale":"de_DE","og_type":"article","og_title":"Moskau und Ankara vereinbaren T\u00fcrkei-Besuch Putins","og_description":"Wladimir Putin und Recep Tayyip Erdo\u011fan haben einen Besuch des russischen Pr\u00e4sidenten in der T\u00fcrkei vereinbart. Dies teilte Ankara nach einem Telefonat zwischen den beiden Staatschef mit. Das genaue Datum des pers\u00f6nlichen Treffens wurde allerdings nicht bekannt gegeben. Nach Angaben der Pr\u00e4sidentenkanzlei in Ankara haben Wladimir Putin und Recep Tayyip Erdo\u011fan einen Besuch des russischen [&hellip;]","og_url":"https:\/\/now-news.de\/de\/deutschland\/moskau-und-ankara-vereinbaren-tuerkei-besuch-putins\/","og_site_name":"just-now.NEWS Deutschland","article_publisher":"https:\/\/www.facebook.com\/wirmachenauf","article_published_time":"2023-08-02T12:29:06+00:00","og_image":[{"width":460,"height":259,"url":"https:\/\/now-news.de\/de\/wp-content\/uploads\/sites\/3\/2023\/08\/Moskau-und-Ankara-vereinbaren-Tuerkei-Besuch-Putins.jpg","type":"image\/jpeg"}],"author":"rtnews","twitter_card":"summary_large_image","twitter_creator":"@WirMachenAuf_de","twitter_site":"@WirMachenAuf_de","twitter_misc":{"Verfasst von":"rtnews","Gesch\u00e4tzte Lesezeit":"2\u00a0Minuten"},"schema":{"@context":"https:\/\/schema.org","@graph":[{"@type":"Article","@id":"https:\/\/now-news.de\/de\/deutschland\/moskau-und-ankara-vereinbaren-tuerkei-besuch-putins\/#article","isPartOf":{"@id":"https:\/\/now-news.de\/de\/deutschland\/moskau-und-ankara-vereinbaren-tuerkei-besuch-putins\/"},"author":{"name":"rtnews","@id":"https:\/\/now-news.de\/de\/#\/schema\/person\/fb534a4e865501d8b3285208df34a9b5"},"headline":"Moskau und Ankara vereinbaren T\u00fcrkei-Besuch Putins","datePublished":"2023-08-02T12:29:06+00:00","dateModified":"2023-08-02T12:29:06+00:00","mainEntityOfPage":{"@id":"https:\/\/now-news.de\/de\/deutschland\/moskau-und-ankara-vereinbaren-tuerkei-besuch-putins\/"},"wordCount":359,"commentCount":0,"publisher":{"@id":"https:\/\/now-news.de\/de\/#organization"},"image":{"@id":"https:\/\/now-news.de\/de\/deutschland\/moskau-und-ankara-vereinbaren-tuerkei-besuch-putins\/#primaryimage"},"thumbnailUrl":"https:\/\/now-news.de\/de\/wp-content\/uploads\/sites\/3\/2023\/08\/Moskau-und-Ankara-vereinbaren-Tuerkei-Besuch-Putins.jpg","keywords":["Ankara","Moskau","Putins","T\u00fcrkeiBesuch","und","vereinbaren"],"articleSection":["Deutschland","Russland"],"inLanguage":"de","potentialAction":[{"@type":"CommentAction","name":"Comment","target":["https:\/\/now-news.de\/de\/deutschland\/moskau-und-ankara-vereinbaren-tuerkei-besuch-putins\/#respond"]}]},{"@type":"WebPage","@id":"https:\/\/now-news.de\/de\/deutschland\/moskau-und-ankara-vereinbaren-tuerkei-besuch-putins\/","url":"https:\/\/now-news.de\/de\/deutschland\/moskau-und-ankara-vereinbaren-tuerkei-besuch-putins\/","name":"Moskau und Ankara vereinbaren T\u00fcrkei-Besuch Putins - just-now.NEWS Deutschland","isPartOf":{"@id":"https:\/\/now-news.de\/de\/#website"},"primaryImageOfPage":{"@id":"https:\/\/now-news.de\/de\/deutschland\/moskau-und-ankara-vereinbaren-tuerkei-besuch-putins\/#primaryimage"},"image":{"@id":"https:\/\/now-news.de\/de\/deutschland\/moskau-und-ankara-vereinbaren-tuerkei-besuch-putins\/#primaryimage"},"thumbnailUrl":"https:\/\/now-news.de\/de\/wp-content\/uploads\/sites\/3\/2023\/08\/Moskau-und-Ankara-vereinbaren-Tuerkei-Besuch-Putins.jpg","datePublished":"2023-08-02T12:29:06+00:00","dateModified":"2023-08-02T12:29:06+00:00","breadcrumb":{"@id":"https:\/\/now-news.de\/de\/deutschland\/moskau-und-ankara-vereinbaren-tuerkei-besuch-putins\/#breadcrumb"},"inLanguage":"de","potentialAction":[{"@type":"ReadAction","target":["https:\/\/now-news.de\/de\/deutschland\/moskau-und-ankara-vereinbaren-tuerkei-besuch-putins\/"]}]},{"@type":"ImageObject","inLanguage":"de","@id":"https:\/\/now-news.de\/de\/deutschland\/moskau-und-ankara-vereinbaren-tuerkei-besuch-putins\/#primaryimage","url":"https:\/\/now-news.de\/de\/wp-content\/uploads\/sites\/3\/2023\/08\/Moskau-und-Ankara-vereinbaren-Tuerkei-Besuch-Putins.jpg","contentUrl":"https:\/\/now-news.de\/de\/wp-content\/uploads\/sites\/3\/2023\/08\/Moskau-und-Ankara-vereinbaren-Tuerkei-Besuch-Putins.jpg","width":460,"height":259,"caption":"Moskau und Ankara vereinbaren T\u00fcrkei-Besuch Putins"},{"@type":"BreadcrumbList","@id":"https:\/\/now-news.de\/de\/deutschland\/moskau-und-ankara-vereinbaren-tuerkei-besuch-putins\/#breadcrumb","itemListElement":[{"@type":"ListItem","position":1,"name":"Home","item":"https:\/\/now-news.de\/de\/"},{"@type":"ListItem","position":2,"name":"Moskau und Ankara vereinbaren T\u00fcrkei-Besuch Putins"}]},{"@type":"WebSite","@id":"https:\/\/now-news.de\/de\/#website","url":"https:\/\/now-news.de\/de\/","name":"just-now.NEWS Deutschland","description":"Das Portal f\u00fcr unzensierte Nachrichten aus der Welt","publisher":{"@id":"https:\/\/now-news.de\/de\/#organization"},"potentialAction":[{"@type":"SearchAction","target":{"@type":"EntryPoint","urlTemplate":"https:\/\/now-news.de\/de\/?s={search_term_string}"},"query-input":"required name=search_term_string"}],"inLanguage":"de"},{"@type":"Organization","@id":"https:\/\/now-news.de\/de\/#organization","name":"Just Now News","url":"https:\/\/now-news.de\/de\/","logo":{"@type":"ImageObject","inLanguage":"de","@id":"https:\/\/now-news.de\/de\/#\/schema\/logo\/image\/","url":"http:\/\/just-now.news\/de\/wp-content\/uploads\/sites\/3\/2022\/04\/logo500x500.jpg","contentUrl":"http:\/\/just-now.news\/de\/wp-content\/uploads\/sites\/3\/2022\/04\/logo500x500.jpg","width":500,"height":500,"caption":"Just Now News"},"image":{"@id":"https:\/\/now-news.de\/de\/#\/schema\/logo\/image\/"},"sameAs":["https:\/\/www.facebook.com\/wirmachenauf","https:\/\/x.com\/WirMachenAuf_de"]},{"@type":"Person","@id":"https:\/\/now-news.de\/de\/#\/schema\/person\/fb534a4e865501d8b3285208df34a9b5","name":"rtnews","image":{"@type":"ImageObject","inLanguage":"de","@id":"https:\/\/now-news.de\/de\/#\/schema\/person\/image\/","url":"https:\/\/secure.gravatar.com\/avatar\/82aafea7d8127119dd649515f56e2117?s=96&d=mm&r=g","contentUrl":"https:\/\/secure.gravatar.com\/avatar\/82aafea7d8127119dd649515f56e2117?s=96&d=mm&r=g","caption":"rtnews"},"url":"https:\/\/now-news.de\/de\/author\/rnews\/"}]}},"_links":{"self":[{"href":"https:\/\/now-news.de\/de\/wp-json\/wp\/v2\/posts\/41242"}],"collection":[{"href":"https:\/\/now-news.de\/de\/wp-json\/wp\/v2\/posts"}],"about":[{"href":"https:\/\/now-news.de\/de\/wp-json\/wp\/v2\/types\/post"}],"author":[{"embeddable":true,"href":"https:\/\/now-news.de\/de\/wp-json\/wp\/v2\/users\/3"}],"replies":[{"embeddable":true,"href":"https:\/\/now-news.de\/de\/wp-json\/wp\/v2\/comments?post=41242"}],"version-history":[{"count":0,"href":"https:\/\/now-news.de\/de\/wp-json\/wp\/v2\/posts\/41242\/revisions"}],"wp:featuredmedia":[{"embeddable":true,"href":"https:\/\/now-news.de\/de\/wp-json\/wp\/v2\/media\/41243"}],"wp:attachment":[{"href":"https:\/\/now-news.de\/de\/wp-json\/wp\/v2\/media?parent=41242"}],"wp:term":[{"taxonomy":"category","embeddable":true,"href":"https:\/\/now-news.de\/de\/wp-json\/wp\/v2\/categories?post=41242"},{"taxonomy":"post_tag","embeddable":true,"href":"https:\/\/now-news.de\/de\/wp-json\/wp\/v2\/tags?post=41242"}],"curies":[{"name":"wp","href":"https:\/\/api.w.org\/{rel}","templated":true}]}}