{"id":41136,"date":"2023-07-31T19:06:15","date_gmt":"2023-07-31T17:06:15","guid":{"rendered":"https:\/\/just-now.news\/de\/deutschland\/polen-stationiert-scharfschuetzen-an-grenze-zu-weissrussland\/"},"modified":"2023-07-31T19:06:15","modified_gmt":"2023-07-31T17:06:15","slug":"polen-stationiert-scharfschuetzen-an-grenze-zu-weissrussland","status":"publish","type":"post","link":"https:\/\/now-news.de\/de\/deutschland\/polen-stationiert-scharfschuetzen-an-grenze-zu-weissrussland\/","title":{"rendered":"Polen stationiert Scharfsch\u00fctzen an Grenze zu Wei\u00dfrussland"},"content":{"rendered":"<p><img decoding=\"async\" src=\"http:\/\/just-now.news\/de\/wp-content\/uploads\/sites\/3\/2023\/07\/64c7d0f7b480cc0d0f62fb78.jpg\" \/><\/p>\n<div class=\"Text-root Text-type_1 \">\n                Polen hat erkl\u00e4rt, dass Scharfsch\u00fctzen die Grenze zu Wei\u00dfrussland unter ihre Kontrolle gebracht h\u00e4tten. Warschau wirft Minsk vor, hinter der erh\u00f6hten Zahl von Versuche des illegalen Grenz\u00fcbertritts und hinter Angriffen illegaler Migranten auf das polnische Milit\u00e4r zu stecken.\n            <\/div>\n<p><\/p>\n<div class=\"Text-root Text-type_5 ArticleView-text ViewText-root \">\n<p>Polen hat Scharfsch\u00fctzen an der Grenze zu Wei\u00dfrussland stationiert, wie das Generalkommando der polnischen Streitkr\u00e4fte mitteilte. Das Kommando ver\u00f6ffentlichte auch Bildmaterial, auf dem Milit\u00e4rangeh\u00f6rige mit Scharfsch\u00fctzengewehren an der Grenze zu sehen sind. Der Sprecher des Minister-Koordinators der polnischen Spezialdienste, Stanis\u0142aw \u017baryn, \u00e4u\u00dferte sich diesbez\u00fcglich mit den Worten:<\/p>\n<blockquote>\n<p><em>&#8220;Es ist immer noch gef\u00e4hrlich an der Grenze zu Wei\u00dfrussland. Polnische Patrouillen werden von aggressiven Ausl\u00e4ndern angegriffen. Jeden Tag werden Offiziere und Soldaten ins Visier genommen.&#8221;<\/em><\/p>\n<\/blockquote>\n<p>Nach Angaben der polnischen Beh\u00f6rden lieferten die wei\u00dfrussischen Spezialdienste angeblich Migranten und &#8220;Ausr\u00fcstung f\u00fcr den Grenz\u00fcbertritt (Leitern, Schneidewerkzeuge) und Angriffe auf Polen (Steine und Ziegelsteine)&#8221;.<\/p>\n<p>Inzwischen hat das private Milit\u00e4runternehmen Wagner mit der Ausbildung mechanisierter Brigadeeinheiten in Wei\u00dfrussland begonnen. Das wei\u00dfrussische Verteidigungsministerium betonte, dass der Schwerpunkt dabei auf Kampfeins\u00e4tzen unter modernen Bedingungen liege. Es w\u00fcrden Elemente der aktiven Verteidigung und der &#8220;\u00dcberlebensf\u00e4higkeit&#8221; auf dem Schlachtfeld unter Ber\u00fccksichtigung des Einsatzes von Drohnen einge\u00fcbt, hie\u00df es. Mit Hinblick auf die Stationierung von Wagner-Einheiten in Wei\u00dfrussland erkl\u00e4rte Warschau, dies sei &#8220;ein Schritt in Richtung eines weiteren hybriden Angriffs auf polnisches Gebiet&#8221;.<\/p>\n<p>Im August 2021\u00a0war an der wei\u00dfrussischen Grenze zu Polen, Lettland und Litauen eine Migrationskrise ausgebrochen, nachdem der staatlichen Fluggesellschaft Belavia der Flugverkehr in die EU untersagt worden war. Der wei\u00dfrussische Pr\u00e4sident Alexander Lukaschenko k\u00fcndigte damals an, dass das Land den westlichen Staaten nicht mehr bei der Kontrolle der illegalen Migration an der wei\u00dfrussischen Grenze helfen werde.<\/p>\n<p>Daraufhin vervielfachte sich die Zahl der illegalen Grenz\u00fcbertritte aus Wei\u00dfrussland in die Europ\u00e4ische Union. Die EU behauptete, dass der Zustrom\u00a0dieser Migranten von den wei\u00dfrussischen Beh\u00f6rden zu politischen Zwecken organisiert worden sei. Minsk wies diese Vorw\u00fcrfe indes kategorisch zur\u00fcck.<\/p>\n<p>Die Z\u00e4une, die nach der Migrationskrise 2021 an den \u00f6stlichen Grenzen Polens und der baltischen Staaten errichtet wurden,\u00a0haben wider Erwarten\u00a0nicht zu einer deutlichen Verringerung der Wellen von illegalen Einwanderern gef\u00fchrt.<\/p>\n<p><strong>Mehr zum Thema<\/strong> &#8211;\u00a0 <a rel=\"nofollow noopener\" target=\"_blank\" href=\"https:\/\/freeassange.rtde.live\/international\/175855-polen-verlegt-truppen-an-grenze\/\">Polen verlegt Truppen an Grenze zu Wei\u00dfrussland<\/a><\/p>\n<\/div>\n<p><br \/>\n<br \/><a href=\"https:\/\/de.rt.com\/europa\/176648-polen-stationiert-scharfschuetzen-an-grenze\/\">Source link <\/a><\/p>\n","protected":false},"excerpt":{"rendered":"<p>Polen hat erkl\u00e4rt, dass Scharfsch\u00fctzen die Grenze zu Wei\u00dfrussland unter ihre Kontrolle gebracht h\u00e4tten. Warschau wirft Minsk vor, hinter der erh\u00f6hten Zahl von Versuche des illegalen Grenz\u00fcbertritts und hinter Angriffen illegaler Migranten auf das polnische Milit\u00e4r zu stecken. Polen hat Scharfsch\u00fctzen an der Grenze zu Wei\u00dfrussland stationiert, wie das Generalkommando der polnischen Streitkr\u00e4fte mitteilte. Das [&hellip;]<\/p>\n","protected":false},"author":3,"featured_media":41137,"comment_status":"open","ping_status":"open","sticky":false,"template":"","format":"standard","meta":{"_yoast_indexnow_last_ping":["1690823232"],"wp_automatic_camp":["217"],"75283c393b9a9f88f8923aa6d4ac8146":["Polen stationiert Scharfsch\u00fctzen an Grenze zu Wei\u00dfrussland"],"original_link":["https:\/\/de.rt.com\/europa\/176648-polen-stationiert-scharfschuetzen-an-grenze\/"],"_thumbnail_id":["41137"],"jnews_social_counter_last_update":["1777197993"],"_wptgpro_p2tg_sent2tg":["a:1:{i:23737;s:19:\"2023-07-31 19:08:37\";}"]},"categories":[19,23],"tags":[366,5850,47276,3741,18575],"yoast_head":"<!-- This site is optimized with the Yoast SEO Premium plugin v22.7 (Yoast SEO v22.7) - https:\/\/yoast.com\/wordpress\/plugins\/seo\/ -->\n<title>Polen stationiert Scharfsch\u00fctzen an Grenze zu Wei\u00dfrussland - just-now.NEWS Deutschland<\/title>\n<meta name=\"robots\" content=\"index, follow, max-snippet:-1, max-image-preview:large, max-video-preview:-1\" \/>\n<link rel=\"canonical\" href=\"https:\/\/now-news.de\/de\/deutschland\/polen-stationiert-scharfschuetzen-an-grenze-zu-weissrussland\/\" \/>\n<meta property=\"og:locale\" content=\"de_DE\" \/>\n<meta property=\"og:type\" content=\"article\" \/>\n<meta property=\"og:title\" content=\"Polen stationiert Scharfsch\u00fctzen an Grenze zu Wei\u00dfrussland\" \/>\n<meta property=\"og:description\" content=\"Polen hat erkl\u00e4rt, dass Scharfsch\u00fctzen die Grenze zu Wei\u00dfrussland unter ihre Kontrolle gebracht h\u00e4tten. Warschau wirft Minsk vor, hinter der erh\u00f6hten Zahl von Versuche des illegalen Grenz\u00fcbertritts und hinter Angriffen illegaler Migranten auf das polnische Milit\u00e4r zu stecken. Polen hat Scharfsch\u00fctzen an der Grenze zu Wei\u00dfrussland stationiert, wie das Generalkommando der polnischen Streitkr\u00e4fte mitteilte. Das [&hellip;]\" \/>\n<meta property=\"og:url\" content=\"https:\/\/now-news.de\/de\/deutschland\/polen-stationiert-scharfschuetzen-an-grenze-zu-weissrussland\/\" \/>\n<meta property=\"og:site_name\" content=\"just-now.NEWS Deutschland\" \/>\n<meta property=\"article:publisher\" content=\"https:\/\/www.facebook.com\/wirmachenauf\" \/>\n<meta property=\"article:published_time\" content=\"2023-07-31T17:06:15+00:00\" \/>\n<meta property=\"og:image\" content=\"https:\/\/now-news.de\/de\/wp-content\/uploads\/sites\/3\/2023\/07\/Polen-stationiert-Scharfschuetzen-an-Grenze-zu-Weissrussland.jpg\" \/>\n\t<meta property=\"og:image:width\" content=\"460\" \/>\n\t<meta property=\"og:image:height\" content=\"259\" \/>\n\t<meta property=\"og:image:type\" content=\"image\/jpeg\" \/>\n<meta name=\"author\" content=\"rtnews\" \/>\n<meta name=\"twitter:card\" content=\"summary_large_image\" \/>\n<meta name=\"twitter:creator\" content=\"@WirMachenAuf_de\" \/>\n<meta name=\"twitter:site\" content=\"@WirMachenAuf_de\" \/>\n<meta name=\"twitter:label1\" content=\"Verfasst von\" \/>\n\t<meta name=\"twitter:data1\" content=\"rtnews\" \/>\n\t<meta name=\"twitter:label2\" content=\"Gesch\u00e4tzte Lesezeit\" \/>\n\t<meta name=\"twitter:data2\" content=\"2\u00a0Minuten\" \/>\n<script type=\"application\/ld+json\" class=\"yoast-schema-graph\">{\"@context\":\"https:\/\/schema.org\",\"@graph\":[{\"@type\":\"Article\",\"@id\":\"https:\/\/now-news.de\/de\/deutschland\/polen-stationiert-scharfschuetzen-an-grenze-zu-weissrussland\/#article\",\"isPartOf\":{\"@id\":\"https:\/\/now-news.de\/de\/deutschland\/polen-stationiert-scharfschuetzen-an-grenze-zu-weissrussland\/\"},\"author\":{\"name\":\"rtnews\",\"@id\":\"https:\/\/now-news.de\/de\/#\/schema\/person\/fb534a4e865501d8b3285208df34a9b5\"},\"headline\":\"Polen stationiert Scharfsch\u00fctzen an Grenze zu Wei\u00dfrussland\",\"datePublished\":\"2023-07-31T17:06:15+00:00\",\"dateModified\":\"2023-07-31T17:06:15+00:00\",\"mainEntityOfPage\":{\"@id\":\"https:\/\/now-news.de\/de\/deutschland\/polen-stationiert-scharfschuetzen-an-grenze-zu-weissrussland\/\"},\"wordCount\":408,\"commentCount\":0,\"publisher\":{\"@id\":\"https:\/\/now-news.de\/de\/#organization\"},\"image\":{\"@id\":\"https:\/\/now-news.de\/de\/deutschland\/polen-stationiert-scharfschuetzen-an-grenze-zu-weissrussland\/#primaryimage\"},\"thumbnailUrl\":\"https:\/\/now-news.de\/de\/wp-content\/uploads\/sites\/3\/2023\/07\/Polen-stationiert-Scharfschuetzen-an-Grenze-zu-Weissrussland.jpg\",\"keywords\":[\"Grenze\",\"Polen\",\"Scharfsch\u00fctzen\",\"stationiert\",\"Wei\u00dfrussland\"],\"articleSection\":[\"Deutschland\",\"Russland\"],\"inLanguage\":\"de\",\"potentialAction\":[{\"@type\":\"CommentAction\",\"name\":\"Comment\",\"target\":[\"https:\/\/now-news.de\/de\/deutschland\/polen-stationiert-scharfschuetzen-an-grenze-zu-weissrussland\/#respond\"]}]},{\"@type\":\"WebPage\",\"@id\":\"https:\/\/now-news.de\/de\/deutschland\/polen-stationiert-scharfschuetzen-an-grenze-zu-weissrussland\/\",\"url\":\"https:\/\/now-news.de\/de\/deutschland\/polen-stationiert-scharfschuetzen-an-grenze-zu-weissrussland\/\",\"name\":\"Polen stationiert Scharfsch\u00fctzen an Grenze zu Wei\u00dfrussland - just-now.NEWS Deutschland\",\"isPartOf\":{\"@id\":\"https:\/\/now-news.de\/de\/#website\"},\"primaryImageOfPage\":{\"@id\":\"https:\/\/now-news.de\/de\/deutschland\/polen-stationiert-scharfschuetzen-an-grenze-zu-weissrussland\/#primaryimage\"},\"image\":{\"@id\":\"https:\/\/now-news.de\/de\/deutschland\/polen-stationiert-scharfschuetzen-an-grenze-zu-weissrussland\/#primaryimage\"},\"thumbnailUrl\":\"https:\/\/now-news.de\/de\/wp-content\/uploads\/sites\/3\/2023\/07\/Polen-stationiert-Scharfschuetzen-an-Grenze-zu-Weissrussland.jpg\",\"datePublished\":\"2023-07-31T17:06:15+00:00\",\"dateModified\":\"2023-07-31T17:06:15+00:00\",\"breadcrumb\":{\"@id\":\"https:\/\/now-news.de\/de\/deutschland\/polen-stationiert-scharfschuetzen-an-grenze-zu-weissrussland\/#breadcrumb\"},\"inLanguage\":\"de\",\"potentialAction\":[{\"@type\":\"ReadAction\",\"target\":[\"https:\/\/now-news.de\/de\/deutschland\/polen-stationiert-scharfschuetzen-an-grenze-zu-weissrussland\/\"]}]},{\"@type\":\"ImageObject\",\"inLanguage\":\"de\",\"@id\":\"https:\/\/now-news.de\/de\/deutschland\/polen-stationiert-scharfschuetzen-an-grenze-zu-weissrussland\/#primaryimage\",\"url\":\"https:\/\/now-news.de\/de\/wp-content\/uploads\/sites\/3\/2023\/07\/Polen-stationiert-Scharfschuetzen-an-Grenze-zu-Weissrussland.jpg\",\"contentUrl\":\"https:\/\/now-news.de\/de\/wp-content\/uploads\/sites\/3\/2023\/07\/Polen-stationiert-Scharfschuetzen-an-Grenze-zu-Weissrussland.jpg\",\"width\":460,\"height\":259,\"caption\":\"Polen stationiert Scharfsch\u00fctzen an Grenze zu Wei\u00dfrussland\"},{\"@type\":\"BreadcrumbList\",\"@id\":\"https:\/\/now-news.de\/de\/deutschland\/polen-stationiert-scharfschuetzen-an-grenze-zu-weissrussland\/#breadcrumb\",\"itemListElement\":[{\"@type\":\"ListItem\",\"position\":1,\"name\":\"Home\",\"item\":\"https:\/\/now-news.de\/de\/\"},{\"@type\":\"ListItem\",\"position\":2,\"name\":\"Polen stationiert Scharfsch\u00fctzen an Grenze zu Wei\u00dfrussland\"}]},{\"@type\":\"WebSite\",\"@id\":\"https:\/\/now-news.de\/de\/#website\",\"url\":\"https:\/\/now-news.de\/de\/\",\"name\":\"just-now.NEWS Deutschland\",\"description\":\"Das Portal f\u00fcr unzensierte Nachrichten aus der Welt\",\"publisher\":{\"@id\":\"https:\/\/now-news.de\/de\/#organization\"},\"potentialAction\":[{\"@type\":\"SearchAction\",\"target\":{\"@type\":\"EntryPoint\",\"urlTemplate\":\"https:\/\/now-news.de\/de\/?s={search_term_string}\"},\"query-input\":\"required name=search_term_string\"}],\"inLanguage\":\"de\"},{\"@type\":\"Organization\",\"@id\":\"https:\/\/now-news.de\/de\/#organization\",\"name\":\"Just Now News\",\"url\":\"https:\/\/now-news.de\/de\/\",\"logo\":{\"@type\":\"ImageObject\",\"inLanguage\":\"de\",\"@id\":\"https:\/\/now-news.de\/de\/#\/schema\/logo\/image\/\",\"url\":\"http:\/\/just-now.news\/de\/wp-content\/uploads\/sites\/3\/2022\/04\/logo500x500.jpg\",\"contentUrl\":\"http:\/\/just-now.news\/de\/wp-content\/uploads\/sites\/3\/2022\/04\/logo500x500.jpg\",\"width\":500,\"height\":500,\"caption\":\"Just Now News\"},\"image\":{\"@id\":\"https:\/\/now-news.de\/de\/#\/schema\/logo\/image\/\"},\"sameAs\":[\"https:\/\/www.facebook.com\/wirmachenauf\",\"https:\/\/x.com\/WirMachenAuf_de\"]},{\"@type\":\"Person\",\"@id\":\"https:\/\/now-news.de\/de\/#\/schema\/person\/fb534a4e865501d8b3285208df34a9b5\",\"name\":\"rtnews\",\"image\":{\"@type\":\"ImageObject\",\"inLanguage\":\"de\",\"@id\":\"https:\/\/now-news.de\/de\/#\/schema\/person\/image\/\",\"url\":\"https:\/\/secure.gravatar.com\/avatar\/82aafea7d8127119dd649515f56e2117?s=96&d=mm&r=g\",\"contentUrl\":\"https:\/\/secure.gravatar.com\/avatar\/82aafea7d8127119dd649515f56e2117?s=96&d=mm&r=g\",\"caption\":\"rtnews\"},\"url\":\"https:\/\/now-news.de\/de\/author\/rnews\/\"}]}<\/script>\n<!-- \/ Yoast SEO Premium plugin. -->","yoast_head_json":{"title":"Polen stationiert Scharfsch\u00fctzen an Grenze zu Wei\u00dfrussland - just-now.NEWS Deutschland","robots":{"index":"index","follow":"follow","max-snippet":"max-snippet:-1","max-image-preview":"max-image-preview:large","max-video-preview":"max-video-preview:-1"},"canonical":"https:\/\/now-news.de\/de\/deutschland\/polen-stationiert-scharfschuetzen-an-grenze-zu-weissrussland\/","og_locale":"de_DE","og_type":"article","og_title":"Polen stationiert Scharfsch\u00fctzen an Grenze zu Wei\u00dfrussland","og_description":"Polen hat erkl\u00e4rt, dass Scharfsch\u00fctzen die Grenze zu Wei\u00dfrussland unter ihre Kontrolle gebracht h\u00e4tten. Warschau wirft Minsk vor, hinter der erh\u00f6hten Zahl von Versuche des illegalen Grenz\u00fcbertritts und hinter Angriffen illegaler Migranten auf das polnische Milit\u00e4r zu stecken. Polen hat Scharfsch\u00fctzen an der Grenze zu Wei\u00dfrussland stationiert, wie das Generalkommando der polnischen Streitkr\u00e4fte mitteilte. Das [&hellip;]","og_url":"https:\/\/now-news.de\/de\/deutschland\/polen-stationiert-scharfschuetzen-an-grenze-zu-weissrussland\/","og_site_name":"just-now.NEWS Deutschland","article_publisher":"https:\/\/www.facebook.com\/wirmachenauf","article_published_time":"2023-07-31T17:06:15+00:00","og_image":[{"width":460,"height":259,"url":"https:\/\/now-news.de\/de\/wp-content\/uploads\/sites\/3\/2023\/07\/Polen-stationiert-Scharfschuetzen-an-Grenze-zu-Weissrussland.jpg","type":"image\/jpeg"}],"author":"rtnews","twitter_card":"summary_large_image","twitter_creator":"@WirMachenAuf_de","twitter_site":"@WirMachenAuf_de","twitter_misc":{"Verfasst von":"rtnews","Gesch\u00e4tzte Lesezeit":"2\u00a0Minuten"},"schema":{"@context":"https:\/\/schema.org","@graph":[{"@type":"Article","@id":"https:\/\/now-news.de\/de\/deutschland\/polen-stationiert-scharfschuetzen-an-grenze-zu-weissrussland\/#article","isPartOf":{"@id":"https:\/\/now-news.de\/de\/deutschland\/polen-stationiert-scharfschuetzen-an-grenze-zu-weissrussland\/"},"author":{"name":"rtnews","@id":"https:\/\/now-news.de\/de\/#\/schema\/person\/fb534a4e865501d8b3285208df34a9b5"},"headline":"Polen stationiert Scharfsch\u00fctzen an Grenze zu Wei\u00dfrussland","datePublished":"2023-07-31T17:06:15+00:00","dateModified":"2023-07-31T17:06:15+00:00","mainEntityOfPage":{"@id":"https:\/\/now-news.de\/de\/deutschland\/polen-stationiert-scharfschuetzen-an-grenze-zu-weissrussland\/"},"wordCount":408,"commentCount":0,"publisher":{"@id":"https:\/\/now-news.de\/de\/#organization"},"image":{"@id":"https:\/\/now-news.de\/de\/deutschland\/polen-stationiert-scharfschuetzen-an-grenze-zu-weissrussland\/#primaryimage"},"thumbnailUrl":"https:\/\/now-news.de\/de\/wp-content\/uploads\/sites\/3\/2023\/07\/Polen-stationiert-Scharfschuetzen-an-Grenze-zu-Weissrussland.jpg","keywords":["Grenze","Polen","Scharfsch\u00fctzen","stationiert","Wei\u00dfrussland"],"articleSection":["Deutschland","Russland"],"inLanguage":"de","potentialAction":[{"@type":"CommentAction","name":"Comment","target":["https:\/\/now-news.de\/de\/deutschland\/polen-stationiert-scharfschuetzen-an-grenze-zu-weissrussland\/#respond"]}]},{"@type":"WebPage","@id":"https:\/\/now-news.de\/de\/deutschland\/polen-stationiert-scharfschuetzen-an-grenze-zu-weissrussland\/","url":"https:\/\/now-news.de\/de\/deutschland\/polen-stationiert-scharfschuetzen-an-grenze-zu-weissrussland\/","name":"Polen stationiert Scharfsch\u00fctzen an Grenze zu Wei\u00dfrussland - just-now.NEWS Deutschland","isPartOf":{"@id":"https:\/\/now-news.de\/de\/#website"},"primaryImageOfPage":{"@id":"https:\/\/now-news.de\/de\/deutschland\/polen-stationiert-scharfschuetzen-an-grenze-zu-weissrussland\/#primaryimage"},"image":{"@id":"https:\/\/now-news.de\/de\/deutschland\/polen-stationiert-scharfschuetzen-an-grenze-zu-weissrussland\/#primaryimage"},"thumbnailUrl":"https:\/\/now-news.de\/de\/wp-content\/uploads\/sites\/3\/2023\/07\/Polen-stationiert-Scharfschuetzen-an-Grenze-zu-Weissrussland.jpg","datePublished":"2023-07-31T17:06:15+00:00","dateModified":"2023-07-31T17:06:15+00:00","breadcrumb":{"@id":"https:\/\/now-news.de\/de\/deutschland\/polen-stationiert-scharfschuetzen-an-grenze-zu-weissrussland\/#breadcrumb"},"inLanguage":"de","potentialAction":[{"@type":"ReadAction","target":["https:\/\/now-news.de\/de\/deutschland\/polen-stationiert-scharfschuetzen-an-grenze-zu-weissrussland\/"]}]},{"@type":"ImageObject","inLanguage":"de","@id":"https:\/\/now-news.de\/de\/deutschland\/polen-stationiert-scharfschuetzen-an-grenze-zu-weissrussland\/#primaryimage","url":"https:\/\/now-news.de\/de\/wp-content\/uploads\/sites\/3\/2023\/07\/Polen-stationiert-Scharfschuetzen-an-Grenze-zu-Weissrussland.jpg","contentUrl":"https:\/\/now-news.de\/de\/wp-content\/uploads\/sites\/3\/2023\/07\/Polen-stationiert-Scharfschuetzen-an-Grenze-zu-Weissrussland.jpg","width":460,"height":259,"caption":"Polen stationiert Scharfsch\u00fctzen an Grenze zu Wei\u00dfrussland"},{"@type":"BreadcrumbList","@id":"https:\/\/now-news.de\/de\/deutschland\/polen-stationiert-scharfschuetzen-an-grenze-zu-weissrussland\/#breadcrumb","itemListElement":[{"@type":"ListItem","position":1,"name":"Home","item":"https:\/\/now-news.de\/de\/"},{"@type":"ListItem","position":2,"name":"Polen stationiert Scharfsch\u00fctzen an Grenze zu Wei\u00dfrussland"}]},{"@type":"WebSite","@id":"https:\/\/now-news.de\/de\/#website","url":"https:\/\/now-news.de\/de\/","name":"just-now.NEWS Deutschland","description":"Das Portal f\u00fcr unzensierte Nachrichten aus der Welt","publisher":{"@id":"https:\/\/now-news.de\/de\/#organization"},"potentialAction":[{"@type":"SearchAction","target":{"@type":"EntryPoint","urlTemplate":"https:\/\/now-news.de\/de\/?s={search_term_string}"},"query-input":"required name=search_term_string"}],"inLanguage":"de"},{"@type":"Organization","@id":"https:\/\/now-news.de\/de\/#organization","name":"Just Now News","url":"https:\/\/now-news.de\/de\/","logo":{"@type":"ImageObject","inLanguage":"de","@id":"https:\/\/now-news.de\/de\/#\/schema\/logo\/image\/","url":"http:\/\/just-now.news\/de\/wp-content\/uploads\/sites\/3\/2022\/04\/logo500x500.jpg","contentUrl":"http:\/\/just-now.news\/de\/wp-content\/uploads\/sites\/3\/2022\/04\/logo500x500.jpg","width":500,"height":500,"caption":"Just Now News"},"image":{"@id":"https:\/\/now-news.de\/de\/#\/schema\/logo\/image\/"},"sameAs":["https:\/\/www.facebook.com\/wirmachenauf","https:\/\/x.com\/WirMachenAuf_de"]},{"@type":"Person","@id":"https:\/\/now-news.de\/de\/#\/schema\/person\/fb534a4e865501d8b3285208df34a9b5","name":"rtnews","image":{"@type":"ImageObject","inLanguage":"de","@id":"https:\/\/now-news.de\/de\/#\/schema\/person\/image\/","url":"https:\/\/secure.gravatar.com\/avatar\/82aafea7d8127119dd649515f56e2117?s=96&d=mm&r=g","contentUrl":"https:\/\/secure.gravatar.com\/avatar\/82aafea7d8127119dd649515f56e2117?s=96&d=mm&r=g","caption":"rtnews"},"url":"https:\/\/now-news.de\/de\/author\/rnews\/"}]}},"_links":{"self":[{"href":"https:\/\/now-news.de\/de\/wp-json\/wp\/v2\/posts\/41136"}],"collection":[{"href":"https:\/\/now-news.de\/de\/wp-json\/wp\/v2\/posts"}],"about":[{"href":"https:\/\/now-news.de\/de\/wp-json\/wp\/v2\/types\/post"}],"author":[{"embeddable":true,"href":"https:\/\/now-news.de\/de\/wp-json\/wp\/v2\/users\/3"}],"replies":[{"embeddable":true,"href":"https:\/\/now-news.de\/de\/wp-json\/wp\/v2\/comments?post=41136"}],"version-history":[{"count":0,"href":"https:\/\/now-news.de\/de\/wp-json\/wp\/v2\/posts\/41136\/revisions"}],"wp:featuredmedia":[{"embeddable":true,"href":"https:\/\/now-news.de\/de\/wp-json\/wp\/v2\/media\/41137"}],"wp:attachment":[{"href":"https:\/\/now-news.de\/de\/wp-json\/wp\/v2\/media?parent=41136"}],"wp:term":[{"taxonomy":"category","embeddable":true,"href":"https:\/\/now-news.de\/de\/wp-json\/wp\/v2\/categories?post=41136"},{"taxonomy":"post_tag","embeddable":true,"href":"https:\/\/now-news.de\/de\/wp-json\/wp\/v2\/tags?post=41136"}],"curies":[{"name":"wp","href":"https:\/\/api.w.org\/{rel}","templated":true}]}}