{"id":41100,"date":"2023-07-31T09:01:07","date_gmt":"2023-07-31T07:01:07","guid":{"rendered":"https:\/\/just-now.news\/de\/deutschland\/kiew-will-wahrzeichen-fuer-den-sieg-ueber-die-nazis-umbenennen\/"},"modified":"2023-07-31T09:01:07","modified_gmt":"2023-07-31T07:01:07","slug":"kiew-will-wahrzeichen-fuer-den-sieg-ueber-die-nazis-umbenennen","status":"publish","type":"post","link":"https:\/\/now-news.de\/de\/deutschland\/kiew-will-wahrzeichen-fuer-den-sieg-ueber-die-nazis-umbenennen\/","title":{"rendered":"Kiew will Wahrzeichen f\u00fcr den Sieg \u00fcber die Nazis umbenennen"},"content":{"rendered":"<p><img decoding=\"async\" src=\"http:\/\/just-now.news\/de\/wp-content\/uploads\/sites\/3\/2023\/07\/64c669da48fbef5c9f48e69e.jpg\" \/><\/p>\n<div class=\"Text-root Text-type_1 \">\n                Ist &#8220;Heimat&#8221; ein ausschlie\u00dflich russischer Begriff \u2013 gar ein sowjetischer oder kommunistischer Begriff? Das ber\u00fchmte Denkmal &#8220;Mutter Heimat&#8221; in der ukrainischen Hauptstadt soll nun k\u00fcnftig &#8220;Mutter-Ukraine-Denkmal&#8221; hei\u00dfen, wie ein hoher Kulturfunktion\u00e4r erkl\u00e4rte.\n            <\/div>\n<p><\/p>\n<div class=\"Text-root Text-type_5 ArticleView-text ViewText-root \">\n<p>Die ukrainischen Beh\u00f6rden werden das symboltr\u00e4chtige Denkmal &#8220;Mutter Heimat&#8221; in Kiew <a rel=\"nofollow noopener\" target=\"_blank\" href=\"https:\/\/radiosputnik.ria.ru\/20230729\/rodina-mat-1887112425.html\">umbenennen<\/a>. Dies ist Teil der langj\u00e4hrigen Bem\u00fchungen Kiews, die kulturellen Beziehungen zu Russland zu kappen, sagte ein hoher Beamter am Sonnabend. Die Statue erinnert an den Sieg der Sowjetunion \u00fcber Nazi-Deutschland.<\/p>\n<p>Wie Juri Sawtschuk, der Generaldirektor des Nationalmuseums f\u00fcr die Geschichte der Ukraine im Zweiten Weltkrieg, welches f\u00fcr die Skulptur verantwortlich ist, gegen\u00fcber lokalen Medien erkl\u00e4rte, habe der Wissenschaftliche Rat der Einrichtung eine &#8220;Reihe wichtiger Entscheidungen&#8221; getroffen.<\/p>\n<p>&#8220;Eine davon war die Umbenennung des Denkmals &#8216;Mutter Heimat&#8217; in &#8216;Mutter Ukraine'&#8221;, sagte er und f\u00fcgte hinzu, er geh davon aus, dass das Kulturministerium diesen Schritt noch vor dem Unabh\u00e4ngigkeitstag des Landes am 24. August formell genehmigen werde.<\/p>\n<p>Ohne Einzelheiten aus den Beratungen preiszugeben, stellte Sawtschuk die Entscheidung als Teil eines umfassenderen Prozesses dar, der nach seiner Meinung die \u00c4nderung des sowjetischen Wappens am Denkmal, die Umbenennung der Statue und die Umgestaltung des dazugeh\u00f6rigen Museums vorsieht, um ein neues Gesamtbild zu schaffen.<\/p>\n<p>Das 102 Meter hohe Denkmal &#8220;Mutter Heimat&#8221;, das alle anderen Wahrzeichen am Dnjepr \u00fcberragt, h\u00e4lt in der rechten Hand ein 16 Meter langes Schwert und in der linken Hand einen Schild mit Hammer und Sichel als Elemente des sowjetischen Wappens. Die 1981 von dem selbst aus der Ukraine stammenden sowjetischen Staatschef Leonid Breschnew eingeweihte Statue ist die f\u00fcnfth\u00f6chste Statue der Welt und das h\u00f6chste Denkmal der Ukraine.<\/p>\n<p>Weil die jetzige Gesetzgebung der Ukraine eine Ausnahme f\u00fcr Wahrzeichen aus dem Zweiten Weltkrieg machte, entging diese St\u00e4tte bisher noch dem ber\u00fcchtigten &#8220;Dekommunisierungsgesetz&#8221; der ukrainischen F\u00fchrung aus dem Jahr 2015, mit dem sowjetische Symbole verboten wurden und das so zur massenhaften Entfernung von Denkm\u00e4lern und zur Umbenennung von Hunderten von Orten im ganzen Land f\u00fchrte.<\/p>\n<p>Jedoch erkl\u00e4rte der ukrainische Kulturminister Alexander Tkatschenko nun im Mai dieses Jahres, dass man in Kiew plane, das sowjetische Wappen auf dem Denkmal durch das ukrainische Wappen, einen goldenen Dreizack, zu ersetzen. Das Kulturministerium plant, die Umgestaltung bis Ende August abzuschlie\u00dfen, und ver\u00f6ffentlichte am Dienstag ein Video, das bereits Arbeiter bei der Vorbereitung der Entfernung von Hammer und Sichel am Denkmal zeigt.<\/p>\n<p>Zuvor hatte <em>Radio Sputnik<\/em> den ukrainischen Au\u00dfenminister Dmitri Kuleba mit den Worten <a rel=\"nofollow noopener\" target=\"_blank\" href=\"https:\/\/radiosputnik.ria.ru\/20211105\/ukraina-1757816657.html\">zitiert<\/a>, das Land habe seine Beziehungen zur russischen Welt gekappt.<\/p>\n<p><strong>Mehr zum Thema<\/strong> &#8211; <a rel=\"nofollow noopener\" target=\"_blank\" href=\"https:\/\/freeassange.rtde.life\/meinung\/176383-wie-ukraine-ihre-geschichte-tilgt-demontage-sowjetwappens-kiewer-wahrzeichen-beginnt\/\">Wie die Ukraine ihre Geschichte tilgt \u2013 Demontage des Sowjetwappens an Kiewer Wahrzeichen beginnt<\/a><\/p>\n<\/div>\n<p><br \/>\n<br \/><a href=\"https:\/\/de.rt.com\/international\/176569-kiew-will-wahrzeichen-fuer-sieg\/\">Source link <\/a><\/p>\n","protected":false},"excerpt":{"rendered":"<p>Ist &#8220;Heimat&#8221; ein ausschlie\u00dflich russischer Begriff \u2013 gar ein sowjetischer oder kommunistischer Begriff? Das ber\u00fchmte Denkmal &#8220;Mutter Heimat&#8221; in der ukrainischen Hauptstadt soll nun k\u00fcnftig &#8220;Mutter-Ukraine-Denkmal&#8221; hei\u00dfen, wie ein hoher Kulturfunktion\u00e4r erkl\u00e4rte. Die ukrainischen Beh\u00f6rden werden das symboltr\u00e4chtige Denkmal &#8220;Mutter Heimat&#8221; in Kiew umbenennen. Dies ist Teil der langj\u00e4hrigen Bem\u00fchungen Kiews, die kulturellen Beziehungen zu [&hellip;]<\/p>\n","protected":false},"author":3,"featured_media":41101,"comment_status":"open","ping_status":"open","sticky":false,"template":"","format":"standard","meta":{"_yoast_indexnow_last_ping":["1690787396"],"wp_automatic_camp":["217"],"3e7b9892a061f12853a297da7b899a80":["Kiew will Wahrzeichen f\u00fcr den Sieg \u00fcber die Nazis umbenennen"],"original_link":["https:\/\/de.rt.com\/international\/176569-kiew-will-wahrzeichen-fuer-sieg\/"],"_thumbnail_id":["41101"],"jnews_social_counter_last_update":["1776447964"],"_wptgpro_p2tg_sent2tg":["a:1:{i:23737;s:19:\"2023-07-31 09:11:10\";}"]},"categories":[19,23],"tags":[48,45,221,1025,13411,9001,139,41820,47209],"yoast_head":"<!-- This site is optimized with the Yoast SEO Premium plugin v22.7 (Yoast SEO v22.7) - https:\/\/yoast.com\/wordpress\/plugins\/seo\/ -->\n<title>Kiew will Wahrzeichen f\u00fcr den Sieg \u00fcber die Nazis umbenennen - just-now.NEWS Deutschland<\/title>\n<meta name=\"robots\" content=\"index, follow, max-snippet:-1, max-image-preview:large, max-video-preview:-1\" \/>\n<link rel=\"canonical\" href=\"https:\/\/now-news.de\/de\/deutschland\/kiew-will-wahrzeichen-fuer-den-sieg-ueber-die-nazis-umbenennen\/\" \/>\n<meta property=\"og:locale\" content=\"de_DE\" \/>\n<meta property=\"og:type\" content=\"article\" \/>\n<meta property=\"og:title\" content=\"Kiew will Wahrzeichen f\u00fcr den Sieg \u00fcber die Nazis umbenennen\" \/>\n<meta property=\"og:description\" content=\"Ist &#8220;Heimat&#8221; ein ausschlie\u00dflich russischer Begriff \u2013 gar ein sowjetischer oder kommunistischer Begriff? Das ber\u00fchmte Denkmal &#8220;Mutter Heimat&#8221; in der ukrainischen Hauptstadt soll nun k\u00fcnftig &#8220;Mutter-Ukraine-Denkmal&#8221; hei\u00dfen, wie ein hoher Kulturfunktion\u00e4r erkl\u00e4rte. Die ukrainischen Beh\u00f6rden werden das symboltr\u00e4chtige Denkmal &#8220;Mutter Heimat&#8221; in Kiew umbenennen. Dies ist Teil der langj\u00e4hrigen Bem\u00fchungen Kiews, die kulturellen Beziehungen zu [&hellip;]\" \/>\n<meta property=\"og:url\" content=\"https:\/\/now-news.de\/de\/deutschland\/kiew-will-wahrzeichen-fuer-den-sieg-ueber-die-nazis-umbenennen\/\" \/>\n<meta property=\"og:site_name\" content=\"just-now.NEWS Deutschland\" \/>\n<meta property=\"article:publisher\" content=\"https:\/\/www.facebook.com\/wirmachenauf\" \/>\n<meta property=\"article:published_time\" content=\"2023-07-31T07:01:07+00:00\" \/>\n<meta property=\"og:image\" content=\"https:\/\/now-news.de\/de\/wp-content\/uploads\/sites\/3\/2023\/07\/Kiew-will-Wahrzeichen-fuer-den-Sieg-ueber-die-Nazis-umbenennen.jpg\" \/>\n\t<meta property=\"og:image:width\" content=\"460\" \/>\n\t<meta property=\"og:image:height\" content=\"259\" \/>\n\t<meta property=\"og:image:type\" content=\"image\/jpeg\" \/>\n<meta name=\"author\" content=\"rtnews\" \/>\n<meta name=\"twitter:card\" content=\"summary_large_image\" \/>\n<meta name=\"twitter:creator\" content=\"@WirMachenAuf_de\" \/>\n<meta name=\"twitter:site\" content=\"@WirMachenAuf_de\" \/>\n<meta name=\"twitter:label1\" content=\"Verfasst von\" \/>\n\t<meta name=\"twitter:data1\" content=\"rtnews\" \/>\n\t<meta name=\"twitter:label2\" content=\"Gesch\u00e4tzte Lesezeit\" \/>\n\t<meta name=\"twitter:data2\" content=\"2\u00a0Minuten\" \/>\n<script type=\"application\/ld+json\" class=\"yoast-schema-graph\">{\"@context\":\"https:\/\/schema.org\",\"@graph\":[{\"@type\":\"Article\",\"@id\":\"https:\/\/now-news.de\/de\/deutschland\/kiew-will-wahrzeichen-fuer-den-sieg-ueber-die-nazis-umbenennen\/#article\",\"isPartOf\":{\"@id\":\"https:\/\/now-news.de\/de\/deutschland\/kiew-will-wahrzeichen-fuer-den-sieg-ueber-die-nazis-umbenennen\/\"},\"author\":{\"name\":\"rtnews\",\"@id\":\"https:\/\/now-news.de\/de\/#\/schema\/person\/fb534a4e865501d8b3285208df34a9b5\"},\"headline\":\"Kiew will Wahrzeichen f\u00fcr den Sieg \u00fcber die Nazis umbenennen\",\"datePublished\":\"2023-07-31T07:01:07+00:00\",\"dateModified\":\"2023-07-31T07:01:07+00:00\",\"mainEntityOfPage\":{\"@id\":\"https:\/\/now-news.de\/de\/deutschland\/kiew-will-wahrzeichen-fuer-den-sieg-ueber-die-nazis-umbenennen\/\"},\"wordCount\":454,\"commentCount\":0,\"publisher\":{\"@id\":\"https:\/\/now-news.de\/de\/#organization\"},\"image\":{\"@id\":\"https:\/\/now-news.de\/de\/deutschland\/kiew-will-wahrzeichen-fuer-den-sieg-ueber-die-nazis-umbenennen\/#primaryimage\"},\"thumbnailUrl\":\"https:\/\/now-news.de\/de\/wp-content\/uploads\/sites\/3\/2023\/07\/Kiew-will-Wahrzeichen-fuer-den-Sieg-ueber-die-Nazis-umbenennen.jpg\",\"keywords\":[\"den\",\"die\",\"f\u00fcr\",\"Kiew\",\"Nazis\",\"Sieg\",\"\u00fcber\",\"umbenennen\",\"Wahrzeichen\"],\"articleSection\":[\"Deutschland\",\"Russland\"],\"inLanguage\":\"de\",\"potentialAction\":[{\"@type\":\"CommentAction\",\"name\":\"Comment\",\"target\":[\"https:\/\/now-news.de\/de\/deutschland\/kiew-will-wahrzeichen-fuer-den-sieg-ueber-die-nazis-umbenennen\/#respond\"]}]},{\"@type\":\"WebPage\",\"@id\":\"https:\/\/now-news.de\/de\/deutschland\/kiew-will-wahrzeichen-fuer-den-sieg-ueber-die-nazis-umbenennen\/\",\"url\":\"https:\/\/now-news.de\/de\/deutschland\/kiew-will-wahrzeichen-fuer-den-sieg-ueber-die-nazis-umbenennen\/\",\"name\":\"Kiew will Wahrzeichen f\u00fcr den Sieg \u00fcber die Nazis umbenennen - just-now.NEWS Deutschland\",\"isPartOf\":{\"@id\":\"https:\/\/now-news.de\/de\/#website\"},\"primaryImageOfPage\":{\"@id\":\"https:\/\/now-news.de\/de\/deutschland\/kiew-will-wahrzeichen-fuer-den-sieg-ueber-die-nazis-umbenennen\/#primaryimage\"},\"image\":{\"@id\":\"https:\/\/now-news.de\/de\/deutschland\/kiew-will-wahrzeichen-fuer-den-sieg-ueber-die-nazis-umbenennen\/#primaryimage\"},\"thumbnailUrl\":\"https:\/\/now-news.de\/de\/wp-content\/uploads\/sites\/3\/2023\/07\/Kiew-will-Wahrzeichen-fuer-den-Sieg-ueber-die-Nazis-umbenennen.jpg\",\"datePublished\":\"2023-07-31T07:01:07+00:00\",\"dateModified\":\"2023-07-31T07:01:07+00:00\",\"breadcrumb\":{\"@id\":\"https:\/\/now-news.de\/de\/deutschland\/kiew-will-wahrzeichen-fuer-den-sieg-ueber-die-nazis-umbenennen\/#breadcrumb\"},\"inLanguage\":\"de\",\"potentialAction\":[{\"@type\":\"ReadAction\",\"target\":[\"https:\/\/now-news.de\/de\/deutschland\/kiew-will-wahrzeichen-fuer-den-sieg-ueber-die-nazis-umbenennen\/\"]}]},{\"@type\":\"ImageObject\",\"inLanguage\":\"de\",\"@id\":\"https:\/\/now-news.de\/de\/deutschland\/kiew-will-wahrzeichen-fuer-den-sieg-ueber-die-nazis-umbenennen\/#primaryimage\",\"url\":\"https:\/\/now-news.de\/de\/wp-content\/uploads\/sites\/3\/2023\/07\/Kiew-will-Wahrzeichen-fuer-den-Sieg-ueber-die-Nazis-umbenennen.jpg\",\"contentUrl\":\"https:\/\/now-news.de\/de\/wp-content\/uploads\/sites\/3\/2023\/07\/Kiew-will-Wahrzeichen-fuer-den-Sieg-ueber-die-Nazis-umbenennen.jpg\",\"width\":460,\"height\":259,\"caption\":\"Kiew will Wahrzeichen f\u00fcr den Sieg \u00fcber die Nazis umbenennen\"},{\"@type\":\"BreadcrumbList\",\"@id\":\"https:\/\/now-news.de\/de\/deutschland\/kiew-will-wahrzeichen-fuer-den-sieg-ueber-die-nazis-umbenennen\/#breadcrumb\",\"itemListElement\":[{\"@type\":\"ListItem\",\"position\":1,\"name\":\"Home\",\"item\":\"https:\/\/now-news.de\/de\/\"},{\"@type\":\"ListItem\",\"position\":2,\"name\":\"Kiew will Wahrzeichen f\u00fcr den Sieg \u00fcber die Nazis umbenennen\"}]},{\"@type\":\"WebSite\",\"@id\":\"https:\/\/now-news.de\/de\/#website\",\"url\":\"https:\/\/now-news.de\/de\/\",\"name\":\"just-now.NEWS Deutschland\",\"description\":\"Das Portal f\u00fcr unzensierte Nachrichten aus der Welt\",\"publisher\":{\"@id\":\"https:\/\/now-news.de\/de\/#organization\"},\"potentialAction\":[{\"@type\":\"SearchAction\",\"target\":{\"@type\":\"EntryPoint\",\"urlTemplate\":\"https:\/\/now-news.de\/de\/?s={search_term_string}\"},\"query-input\":\"required name=search_term_string\"}],\"inLanguage\":\"de\"},{\"@type\":\"Organization\",\"@id\":\"https:\/\/now-news.de\/de\/#organization\",\"name\":\"Just Now News\",\"url\":\"https:\/\/now-news.de\/de\/\",\"logo\":{\"@type\":\"ImageObject\",\"inLanguage\":\"de\",\"@id\":\"https:\/\/now-news.de\/de\/#\/schema\/logo\/image\/\",\"url\":\"http:\/\/just-now.news\/de\/wp-content\/uploads\/sites\/3\/2022\/04\/logo500x500.jpg\",\"contentUrl\":\"http:\/\/just-now.news\/de\/wp-content\/uploads\/sites\/3\/2022\/04\/logo500x500.jpg\",\"width\":500,\"height\":500,\"caption\":\"Just Now News\"},\"image\":{\"@id\":\"https:\/\/now-news.de\/de\/#\/schema\/logo\/image\/\"},\"sameAs\":[\"https:\/\/www.facebook.com\/wirmachenauf\",\"https:\/\/x.com\/WirMachenAuf_de\"]},{\"@type\":\"Person\",\"@id\":\"https:\/\/now-news.de\/de\/#\/schema\/person\/fb534a4e865501d8b3285208df34a9b5\",\"name\":\"rtnews\",\"image\":{\"@type\":\"ImageObject\",\"inLanguage\":\"de\",\"@id\":\"https:\/\/now-news.de\/de\/#\/schema\/person\/image\/\",\"url\":\"https:\/\/secure.gravatar.com\/avatar\/82aafea7d8127119dd649515f56e2117?s=96&d=mm&r=g\",\"contentUrl\":\"https:\/\/secure.gravatar.com\/avatar\/82aafea7d8127119dd649515f56e2117?s=96&d=mm&r=g\",\"caption\":\"rtnews\"},\"url\":\"https:\/\/now-news.de\/de\/author\/rnews\/\"}]}<\/script>\n<!-- \/ Yoast SEO Premium plugin. -->","yoast_head_json":{"title":"Kiew will Wahrzeichen f\u00fcr den Sieg \u00fcber die Nazis umbenennen - just-now.NEWS Deutschland","robots":{"index":"index","follow":"follow","max-snippet":"max-snippet:-1","max-image-preview":"max-image-preview:large","max-video-preview":"max-video-preview:-1"},"canonical":"https:\/\/now-news.de\/de\/deutschland\/kiew-will-wahrzeichen-fuer-den-sieg-ueber-die-nazis-umbenennen\/","og_locale":"de_DE","og_type":"article","og_title":"Kiew will Wahrzeichen f\u00fcr den Sieg \u00fcber die Nazis umbenennen","og_description":"Ist &#8220;Heimat&#8221; ein ausschlie\u00dflich russischer Begriff \u2013 gar ein sowjetischer oder kommunistischer Begriff? Das ber\u00fchmte Denkmal &#8220;Mutter Heimat&#8221; in der ukrainischen Hauptstadt soll nun k\u00fcnftig &#8220;Mutter-Ukraine-Denkmal&#8221; hei\u00dfen, wie ein hoher Kulturfunktion\u00e4r erkl\u00e4rte. Die ukrainischen Beh\u00f6rden werden das symboltr\u00e4chtige Denkmal &#8220;Mutter Heimat&#8221; in Kiew umbenennen. Dies ist Teil der langj\u00e4hrigen Bem\u00fchungen Kiews, die kulturellen Beziehungen zu [&hellip;]","og_url":"https:\/\/now-news.de\/de\/deutschland\/kiew-will-wahrzeichen-fuer-den-sieg-ueber-die-nazis-umbenennen\/","og_site_name":"just-now.NEWS Deutschland","article_publisher":"https:\/\/www.facebook.com\/wirmachenauf","article_published_time":"2023-07-31T07:01:07+00:00","og_image":[{"width":460,"height":259,"url":"https:\/\/now-news.de\/de\/wp-content\/uploads\/sites\/3\/2023\/07\/Kiew-will-Wahrzeichen-fuer-den-Sieg-ueber-die-Nazis-umbenennen.jpg","type":"image\/jpeg"}],"author":"rtnews","twitter_card":"summary_large_image","twitter_creator":"@WirMachenAuf_de","twitter_site":"@WirMachenAuf_de","twitter_misc":{"Verfasst von":"rtnews","Gesch\u00e4tzte Lesezeit":"2\u00a0Minuten"},"schema":{"@context":"https:\/\/schema.org","@graph":[{"@type":"Article","@id":"https:\/\/now-news.de\/de\/deutschland\/kiew-will-wahrzeichen-fuer-den-sieg-ueber-die-nazis-umbenennen\/#article","isPartOf":{"@id":"https:\/\/now-news.de\/de\/deutschland\/kiew-will-wahrzeichen-fuer-den-sieg-ueber-die-nazis-umbenennen\/"},"author":{"name":"rtnews","@id":"https:\/\/now-news.de\/de\/#\/schema\/person\/fb534a4e865501d8b3285208df34a9b5"},"headline":"Kiew will Wahrzeichen f\u00fcr den Sieg \u00fcber die Nazis umbenennen","datePublished":"2023-07-31T07:01:07+00:00","dateModified":"2023-07-31T07:01:07+00:00","mainEntityOfPage":{"@id":"https:\/\/now-news.de\/de\/deutschland\/kiew-will-wahrzeichen-fuer-den-sieg-ueber-die-nazis-umbenennen\/"},"wordCount":454,"commentCount":0,"publisher":{"@id":"https:\/\/now-news.de\/de\/#organization"},"image":{"@id":"https:\/\/now-news.de\/de\/deutschland\/kiew-will-wahrzeichen-fuer-den-sieg-ueber-die-nazis-umbenennen\/#primaryimage"},"thumbnailUrl":"https:\/\/now-news.de\/de\/wp-content\/uploads\/sites\/3\/2023\/07\/Kiew-will-Wahrzeichen-fuer-den-Sieg-ueber-die-Nazis-umbenennen.jpg","keywords":["den","die","f\u00fcr","Kiew","Nazis","Sieg","\u00fcber","umbenennen","Wahrzeichen"],"articleSection":["Deutschland","Russland"],"inLanguage":"de","potentialAction":[{"@type":"CommentAction","name":"Comment","target":["https:\/\/now-news.de\/de\/deutschland\/kiew-will-wahrzeichen-fuer-den-sieg-ueber-die-nazis-umbenennen\/#respond"]}]},{"@type":"WebPage","@id":"https:\/\/now-news.de\/de\/deutschland\/kiew-will-wahrzeichen-fuer-den-sieg-ueber-die-nazis-umbenennen\/","url":"https:\/\/now-news.de\/de\/deutschland\/kiew-will-wahrzeichen-fuer-den-sieg-ueber-die-nazis-umbenennen\/","name":"Kiew will Wahrzeichen f\u00fcr den Sieg \u00fcber die Nazis umbenennen - just-now.NEWS Deutschland","isPartOf":{"@id":"https:\/\/now-news.de\/de\/#website"},"primaryImageOfPage":{"@id":"https:\/\/now-news.de\/de\/deutschland\/kiew-will-wahrzeichen-fuer-den-sieg-ueber-die-nazis-umbenennen\/#primaryimage"},"image":{"@id":"https:\/\/now-news.de\/de\/deutschland\/kiew-will-wahrzeichen-fuer-den-sieg-ueber-die-nazis-umbenennen\/#primaryimage"},"thumbnailUrl":"https:\/\/now-news.de\/de\/wp-content\/uploads\/sites\/3\/2023\/07\/Kiew-will-Wahrzeichen-fuer-den-Sieg-ueber-die-Nazis-umbenennen.jpg","datePublished":"2023-07-31T07:01:07+00:00","dateModified":"2023-07-31T07:01:07+00:00","breadcrumb":{"@id":"https:\/\/now-news.de\/de\/deutschland\/kiew-will-wahrzeichen-fuer-den-sieg-ueber-die-nazis-umbenennen\/#breadcrumb"},"inLanguage":"de","potentialAction":[{"@type":"ReadAction","target":["https:\/\/now-news.de\/de\/deutschland\/kiew-will-wahrzeichen-fuer-den-sieg-ueber-die-nazis-umbenennen\/"]}]},{"@type":"ImageObject","inLanguage":"de","@id":"https:\/\/now-news.de\/de\/deutschland\/kiew-will-wahrzeichen-fuer-den-sieg-ueber-die-nazis-umbenennen\/#primaryimage","url":"https:\/\/now-news.de\/de\/wp-content\/uploads\/sites\/3\/2023\/07\/Kiew-will-Wahrzeichen-fuer-den-Sieg-ueber-die-Nazis-umbenennen.jpg","contentUrl":"https:\/\/now-news.de\/de\/wp-content\/uploads\/sites\/3\/2023\/07\/Kiew-will-Wahrzeichen-fuer-den-Sieg-ueber-die-Nazis-umbenennen.jpg","width":460,"height":259,"caption":"Kiew will Wahrzeichen f\u00fcr den Sieg \u00fcber die Nazis umbenennen"},{"@type":"BreadcrumbList","@id":"https:\/\/now-news.de\/de\/deutschland\/kiew-will-wahrzeichen-fuer-den-sieg-ueber-die-nazis-umbenennen\/#breadcrumb","itemListElement":[{"@type":"ListItem","position":1,"name":"Home","item":"https:\/\/now-news.de\/de\/"},{"@type":"ListItem","position":2,"name":"Kiew will Wahrzeichen f\u00fcr den Sieg \u00fcber die Nazis umbenennen"}]},{"@type":"WebSite","@id":"https:\/\/now-news.de\/de\/#website","url":"https:\/\/now-news.de\/de\/","name":"just-now.NEWS Deutschland","description":"Das Portal f\u00fcr unzensierte Nachrichten aus der Welt","publisher":{"@id":"https:\/\/now-news.de\/de\/#organization"},"potentialAction":[{"@type":"SearchAction","target":{"@type":"EntryPoint","urlTemplate":"https:\/\/now-news.de\/de\/?s={search_term_string}"},"query-input":"required name=search_term_string"}],"inLanguage":"de"},{"@type":"Organization","@id":"https:\/\/now-news.de\/de\/#organization","name":"Just Now News","url":"https:\/\/now-news.de\/de\/","logo":{"@type":"ImageObject","inLanguage":"de","@id":"https:\/\/now-news.de\/de\/#\/schema\/logo\/image\/","url":"http:\/\/just-now.news\/de\/wp-content\/uploads\/sites\/3\/2022\/04\/logo500x500.jpg","contentUrl":"http:\/\/just-now.news\/de\/wp-content\/uploads\/sites\/3\/2022\/04\/logo500x500.jpg","width":500,"height":500,"caption":"Just Now News"},"image":{"@id":"https:\/\/now-news.de\/de\/#\/schema\/logo\/image\/"},"sameAs":["https:\/\/www.facebook.com\/wirmachenauf","https:\/\/x.com\/WirMachenAuf_de"]},{"@type":"Person","@id":"https:\/\/now-news.de\/de\/#\/schema\/person\/fb534a4e865501d8b3285208df34a9b5","name":"rtnews","image":{"@type":"ImageObject","inLanguage":"de","@id":"https:\/\/now-news.de\/de\/#\/schema\/person\/image\/","url":"https:\/\/secure.gravatar.com\/avatar\/82aafea7d8127119dd649515f56e2117?s=96&d=mm&r=g","contentUrl":"https:\/\/secure.gravatar.com\/avatar\/82aafea7d8127119dd649515f56e2117?s=96&d=mm&r=g","caption":"rtnews"},"url":"https:\/\/now-news.de\/de\/author\/rnews\/"}]}},"_links":{"self":[{"href":"https:\/\/now-news.de\/de\/wp-json\/wp\/v2\/posts\/41100"}],"collection":[{"href":"https:\/\/now-news.de\/de\/wp-json\/wp\/v2\/posts"}],"about":[{"href":"https:\/\/now-news.de\/de\/wp-json\/wp\/v2\/types\/post"}],"author":[{"embeddable":true,"href":"https:\/\/now-news.de\/de\/wp-json\/wp\/v2\/users\/3"}],"replies":[{"embeddable":true,"href":"https:\/\/now-news.de\/de\/wp-json\/wp\/v2\/comments?post=41100"}],"version-history":[{"count":0,"href":"https:\/\/now-news.de\/de\/wp-json\/wp\/v2\/posts\/41100\/revisions"}],"wp:featuredmedia":[{"embeddable":true,"href":"https:\/\/now-news.de\/de\/wp-json\/wp\/v2\/media\/41101"}],"wp:attachment":[{"href":"https:\/\/now-news.de\/de\/wp-json\/wp\/v2\/media?parent=41100"}],"wp:term":[{"taxonomy":"category","embeddable":true,"href":"https:\/\/now-news.de\/de\/wp-json\/wp\/v2\/categories?post=41100"},{"taxonomy":"post_tag","embeddable":true,"href":"https:\/\/now-news.de\/de\/wp-json\/wp\/v2\/tags?post=41100"}],"curies":[{"name":"wp","href":"https:\/\/api.w.org\/{rel}","templated":true}]}}