{"id":41088,"date":"2023-07-30T21:26:00","date_gmt":"2023-07-30T19:26:00","guid":{"rendered":"https:\/\/just-now.news\/de\/deutschland\/ukraine-gesteht-intensivierung-des-menschenhandels-im-land-ein\/"},"modified":"2023-07-30T21:26:00","modified_gmt":"2023-07-30T19:26:00","slug":"ukraine-gesteht-intensivierung-des-menschenhandels-im-land-ein","status":"publish","type":"post","link":"https:\/\/now-news.de\/de\/deutschland\/ukraine-gesteht-intensivierung-des-menschenhandels-im-land-ein\/","title":{"rendered":"Ukraine gesteht Intensivierung des Menschenhandels im Land ein"},"content":{"rendered":"<p><img decoding=\"async\" src=\"http:\/\/just-now.news\/de\/wp-content\/uploads\/sites\/3\/2023\/07\/64c6451eb480cc304c44c1c5.jpg\" \/><\/p>\n<div class=\"Text-root Text-type_1 \">\n                Die Ukraine hat den Menschenhandel als ein akutes Problem bezeichnet. Derzeit stehe das Land vor neuen Herausforderungen in diesem Zusammenhang. Dies erkl\u00e4rte Kiew anl\u00e4sslich des Welttags gegen Menschenhandel, der am 30. Juli begangen wird.\n            <\/div>\n<p><\/p>\n<div class=\"Text-root Text-type_5 ArticleView-text ViewText-root \">\n<p>Die Nationale Polizei der Ukraine hat das Problem des Menschenhandels in dem Land als akut bezeichnet und darauf hingewiesen, dass der derzeitige Trend mit dem schwierigen Zustand der Bev\u00f6lkerung zu erkl\u00e4ren sei. Das Problem erfordere eine Koalition der gesellschaftlichen Kr\u00e4fte und der Strafverfolgungsbeh\u00f6rden, so das Ressort. W\u00f6rtlich hie\u00df es in der Erkl\u00e4rung:<\/p>\n<blockquote>\n<p><em>&#8220;Die Weltgemeinschaft begeht am 30. Juli den Welttag gegen den Menschenhandel. In der Ukraine ist dieses Thema hochaktuell.&#8221;<\/em><\/p>\n<\/blockquote>\n<p>Die ukrainischen Strafverfolgungsbeh\u00f6rden erl\u00e4uterten weiter, dass die B\u00fcrger vor dem Hintergrund &#8220;neuer Risiken&#8221; mit dem Menschenhandel konfrontiert seien. Dazu z\u00e4hle die Abwanderung von B\u00fcrgern in andere L\u00e4nder sowie der Verlust von Wohnraum und Arbeitspl\u00e4tzen.<\/p>\n<p>Nach Angaben der ukrainischen Nationalen Polizei werde kontinuierlich gegen die Ausbeutung und Ausnutzung von Frauen f\u00fcr Leihmutterschaften und den Verkauf von Kindern ermittelt. Auch eine Reihe anderer Straftaten, die die Rechte und Freiheiten der ukrainischen B\u00fcrger verletzen, wurde gemeldet. Papst Franziskus <a rel=\"nofollow noopener\" target=\"_blank\" href=\"https:\/\/twitter.com\/Pontifex_de\/status\/1685603643154735105?ref_src=twsrc%5Etfw\">\u00e4u\u00dferte<\/a>\u00a0sich zum Thema Menschenhandel mit den Worten:<\/p>\n<div class=\"EmbedBlock-root EmbedBlock-twitter\">\n<div class=\"TwitterEmbed\">\n<blockquote class=\"twitter-tweet lazyload\" data-twitter=\"twitter-tweet\">\n<p lang=\"de\" dir=\"ltr\">Menschenhandel ist eine tiefe Wunde in der Menschlichkeit der Opfer und der T\u00e4ter. Wir m\u00fcssen unsere Kr\u00e4fte zusammenlegen, um die Opfer zu befreien und dieses Verbrechen zu stoppen, das der Menschheit in ihrer Gesamtheit gro\u00dfen Schaden zuf\u00fcgt. <a rel=\"nofollow noopener\" target=\"_blank\" href=\"https:\/\/twitter.com\/hashtag\/EndHumanTrafficking?src=hash&amp;ref_src=twsrc%5Etfw\">#EndHumanTrafficking<\/a><\/p>\n<p>\u2014 Papst Franziskus (@Pontifex_de) <a rel=\"nofollow noopener\" target=\"_blank\" href=\"https:\/\/twitter.com\/Pontifex_de\/status\/1685603643154735105?ref_src=twsrc%5Etfw\">July 30, 2023<\/a><\/p><\/blockquote>\n<\/div>\n<\/div>\n<p>Zum diesj\u00e4hrigen Welttag gegen Menschenhandel warnten die Vereinten Nationen vor der Gefahr einer Zunahme des Menschenhandels und wiesen auf die Gefahr eines Anstiegs der Fl\u00fcchtlingszahlen hin. Kurz zuvor wurden in Spanien 27 Personen im Zusammenhang mit dem Einsatz ukrainischer Fl\u00fcchtlinge bei der illegalen Herstellung und dem Schmuggel von Tabak festgenommen.<\/p>\n<p>Am 23. Juli erkl\u00e4rte die stellvertretende Sprecherin der russischen Duma, Anna Kusnezowa, dass die Ukraine zum Land Nummer eins auf dem Schwarzmarkt f\u00fcr Organhandel geworden sei. Sie argumentierte, dass auf Telegram-Kan\u00e4len offen \u00fcber &#8220;schwarze Transplantologen&#8221; geschrieben werde, w\u00e4hrend der Umsatz solcher Transplantationsnetzwerke im Land zwei Milliarden US-Dollar erreiche.<\/p>\n<p><strong>Mehr zum Thema<\/strong> &#8211; <a rel=\"nofollow noopener\" target=\"_blank\" href=\"https:\/\/kurz.rt.com\/3p75\">Tote Soldaten zum Ausschlachten \u2012 Illegaler Organhandel in der Ukraine<\/a><\/p>\n<\/div>\n<p><script async src=\"https:\/\/platform.twitter.com\/widgets.js\" charset=\"utf-8\"><\/script><br \/>\n<br \/><br \/>\n<br \/><a href=\"https:\/\/de.rt.com\/international\/176560-ukraine-gesteht-intensivierung-menschenhandels-im\/\">Source link <\/a><\/p>\n","protected":false},"excerpt":{"rendered":"<p>Die Ukraine hat den Menschenhandel als ein akutes Problem bezeichnet. Derzeit stehe das Land vor neuen Herausforderungen in diesem Zusammenhang. Dies erkl\u00e4rte Kiew anl\u00e4sslich des Welttags gegen Menschenhandel, der am 30. Juli begangen wird. Die Nationale Polizei der Ukraine hat das Problem des Menschenhandels in dem Land als akut bezeichnet und darauf hingewiesen, dass der [&hellip;]<\/p>\n","protected":false},"author":3,"featured_media":41089,"comment_status":"open","ping_status":"open","sticky":false,"template":"","format":"standard","meta":{"_yoast_indexnow_last_ping":["1690745356"],"wp_automatic_camp":["217"],"f6dce262fcdd378dcb2dba4d26940599":["Ukraine gesteht Intensivierung des Menschenhandels im Land ein"],"original_link":["https:\/\/de.rt.com\/international\/176560-ukraine-gesteht-intensivierung-menschenhandels-im\/"],"_thumbnail_id":["41089"],"jnews_social_counter_last_update":["1776875283"],"_wptgpro_p2tg_sent2tg":["a:1:{i:23737;s:19:\"2023-07-30 21:30:36\";}"]},"categories":[19,23],"tags":[583,357,24666,38974,7414,19656,127],"yoast_head":"<!-- This site is optimized with the Yoast SEO Premium plugin v22.7 (Yoast SEO v22.7) - https:\/\/yoast.com\/wordpress\/plugins\/seo\/ -->\n<title>Ukraine gesteht Intensivierung des Menschenhandels im Land ein - just-now.NEWS Deutschland<\/title>\n<meta name=\"robots\" content=\"index, follow, max-snippet:-1, max-image-preview:large, max-video-preview:-1\" \/>\n<link rel=\"canonical\" href=\"https:\/\/now-news.de\/de\/deutschland\/ukraine-gesteht-intensivierung-des-menschenhandels-im-land-ein\/\" \/>\n<meta property=\"og:locale\" content=\"de_DE\" \/>\n<meta property=\"og:type\" content=\"article\" \/>\n<meta property=\"og:title\" content=\"Ukraine gesteht Intensivierung des Menschenhandels im Land ein\" \/>\n<meta property=\"og:description\" content=\"Die Ukraine hat den Menschenhandel als ein akutes Problem bezeichnet. Derzeit stehe das Land vor neuen Herausforderungen in diesem Zusammenhang. Dies erkl\u00e4rte Kiew anl\u00e4sslich des Welttags gegen Menschenhandel, der am 30. Juli begangen wird. Die Nationale Polizei der Ukraine hat das Problem des Menschenhandels in dem Land als akut bezeichnet und darauf hingewiesen, dass der [&hellip;]\" \/>\n<meta property=\"og:url\" content=\"https:\/\/now-news.de\/de\/deutschland\/ukraine-gesteht-intensivierung-des-menschenhandels-im-land-ein\/\" \/>\n<meta property=\"og:site_name\" content=\"just-now.NEWS Deutschland\" \/>\n<meta property=\"article:publisher\" content=\"https:\/\/www.facebook.com\/wirmachenauf\" \/>\n<meta property=\"article:published_time\" content=\"2023-07-30T19:26:00+00:00\" \/>\n<meta property=\"og:image\" content=\"https:\/\/now-news.de\/de\/wp-content\/uploads\/sites\/3\/2023\/07\/Ukraine-gesteht-Intensivierung-des-Menschenhandels-im-Land-ein.jpg\" \/>\n\t<meta property=\"og:image:width\" content=\"460\" \/>\n\t<meta property=\"og:image:height\" content=\"259\" \/>\n\t<meta property=\"og:image:type\" content=\"image\/jpeg\" \/>\n<meta name=\"author\" content=\"rtnews\" \/>\n<meta name=\"twitter:card\" content=\"summary_large_image\" \/>\n<meta name=\"twitter:creator\" content=\"@WirMachenAuf_de\" \/>\n<meta name=\"twitter:site\" content=\"@WirMachenAuf_de\" \/>\n<meta name=\"twitter:label1\" content=\"Verfasst von\" \/>\n\t<meta name=\"twitter:data1\" content=\"rtnews\" \/>\n\t<meta name=\"twitter:label2\" content=\"Gesch\u00e4tzte Lesezeit\" \/>\n\t<meta name=\"twitter:data2\" content=\"2\u00a0Minuten\" \/>\n<script type=\"application\/ld+json\" class=\"yoast-schema-graph\">{\"@context\":\"https:\/\/schema.org\",\"@graph\":[{\"@type\":\"Article\",\"@id\":\"https:\/\/now-news.de\/de\/deutschland\/ukraine-gesteht-intensivierung-des-menschenhandels-im-land-ein\/#article\",\"isPartOf\":{\"@id\":\"https:\/\/now-news.de\/de\/deutschland\/ukraine-gesteht-intensivierung-des-menschenhandels-im-land-ein\/\"},\"author\":{\"name\":\"rtnews\",\"@id\":\"https:\/\/now-news.de\/de\/#\/schema\/person\/fb534a4e865501d8b3285208df34a9b5\"},\"headline\":\"Ukraine gesteht Intensivierung des Menschenhandels im Land ein\",\"datePublished\":\"2023-07-30T19:26:00+00:00\",\"dateModified\":\"2023-07-30T19:26:00+00:00\",\"mainEntityOfPage\":{\"@id\":\"https:\/\/now-news.de\/de\/deutschland\/ukraine-gesteht-intensivierung-des-menschenhandels-im-land-ein\/\"},\"wordCount\":378,\"commentCount\":0,\"publisher\":{\"@id\":\"https:\/\/now-news.de\/de\/#organization\"},\"image\":{\"@id\":\"https:\/\/now-news.de\/de\/deutschland\/ukraine-gesteht-intensivierung-des-menschenhandels-im-land-ein\/#primaryimage\"},\"thumbnailUrl\":\"https:\/\/now-news.de\/de\/wp-content\/uploads\/sites\/3\/2023\/07\/Ukraine-gesteht-Intensivierung-des-Menschenhandels-im-Land-ein.jpg\",\"keywords\":[\"des\",\"ein\",\"gesteht\",\"Intensivierung\",\"Land\",\"Menschenhandels\",\"ukraine\"],\"articleSection\":[\"Deutschland\",\"Russland\"],\"inLanguage\":\"de\",\"potentialAction\":[{\"@type\":\"CommentAction\",\"name\":\"Comment\",\"target\":[\"https:\/\/now-news.de\/de\/deutschland\/ukraine-gesteht-intensivierung-des-menschenhandels-im-land-ein\/#respond\"]}]},{\"@type\":\"WebPage\",\"@id\":\"https:\/\/now-news.de\/de\/deutschland\/ukraine-gesteht-intensivierung-des-menschenhandels-im-land-ein\/\",\"url\":\"https:\/\/now-news.de\/de\/deutschland\/ukraine-gesteht-intensivierung-des-menschenhandels-im-land-ein\/\",\"name\":\"Ukraine gesteht Intensivierung des Menschenhandels im Land ein - just-now.NEWS Deutschland\",\"isPartOf\":{\"@id\":\"https:\/\/now-news.de\/de\/#website\"},\"primaryImageOfPage\":{\"@id\":\"https:\/\/now-news.de\/de\/deutschland\/ukraine-gesteht-intensivierung-des-menschenhandels-im-land-ein\/#primaryimage\"},\"image\":{\"@id\":\"https:\/\/now-news.de\/de\/deutschland\/ukraine-gesteht-intensivierung-des-menschenhandels-im-land-ein\/#primaryimage\"},\"thumbnailUrl\":\"https:\/\/now-news.de\/de\/wp-content\/uploads\/sites\/3\/2023\/07\/Ukraine-gesteht-Intensivierung-des-Menschenhandels-im-Land-ein.jpg\",\"datePublished\":\"2023-07-30T19:26:00+00:00\",\"dateModified\":\"2023-07-30T19:26:00+00:00\",\"breadcrumb\":{\"@id\":\"https:\/\/now-news.de\/de\/deutschland\/ukraine-gesteht-intensivierung-des-menschenhandels-im-land-ein\/#breadcrumb\"},\"inLanguage\":\"de\",\"potentialAction\":[{\"@type\":\"ReadAction\",\"target\":[\"https:\/\/now-news.de\/de\/deutschland\/ukraine-gesteht-intensivierung-des-menschenhandels-im-land-ein\/\"]}]},{\"@type\":\"ImageObject\",\"inLanguage\":\"de\",\"@id\":\"https:\/\/now-news.de\/de\/deutschland\/ukraine-gesteht-intensivierung-des-menschenhandels-im-land-ein\/#primaryimage\",\"url\":\"https:\/\/now-news.de\/de\/wp-content\/uploads\/sites\/3\/2023\/07\/Ukraine-gesteht-Intensivierung-des-Menschenhandels-im-Land-ein.jpg\",\"contentUrl\":\"https:\/\/now-news.de\/de\/wp-content\/uploads\/sites\/3\/2023\/07\/Ukraine-gesteht-Intensivierung-des-Menschenhandels-im-Land-ein.jpg\",\"width\":460,\"height\":259,\"caption\":\"Ukraine gesteht Intensivierung des Menschenhandels im Land ein\"},{\"@type\":\"BreadcrumbList\",\"@id\":\"https:\/\/now-news.de\/de\/deutschland\/ukraine-gesteht-intensivierung-des-menschenhandels-im-land-ein\/#breadcrumb\",\"itemListElement\":[{\"@type\":\"ListItem\",\"position\":1,\"name\":\"Home\",\"item\":\"https:\/\/now-news.de\/de\/\"},{\"@type\":\"ListItem\",\"position\":2,\"name\":\"Ukraine gesteht Intensivierung des Menschenhandels im Land ein\"}]},{\"@type\":\"WebSite\",\"@id\":\"https:\/\/now-news.de\/de\/#website\",\"url\":\"https:\/\/now-news.de\/de\/\",\"name\":\"just-now.NEWS Deutschland\",\"description\":\"Das Portal f\u00fcr unzensierte Nachrichten aus der Welt\",\"publisher\":{\"@id\":\"https:\/\/now-news.de\/de\/#organization\"},\"potentialAction\":[{\"@type\":\"SearchAction\",\"target\":{\"@type\":\"EntryPoint\",\"urlTemplate\":\"https:\/\/now-news.de\/de\/?s={search_term_string}\"},\"query-input\":\"required name=search_term_string\"}],\"inLanguage\":\"de\"},{\"@type\":\"Organization\",\"@id\":\"https:\/\/now-news.de\/de\/#organization\",\"name\":\"Just Now News\",\"url\":\"https:\/\/now-news.de\/de\/\",\"logo\":{\"@type\":\"ImageObject\",\"inLanguage\":\"de\",\"@id\":\"https:\/\/now-news.de\/de\/#\/schema\/logo\/image\/\",\"url\":\"http:\/\/just-now.news\/de\/wp-content\/uploads\/sites\/3\/2022\/04\/logo500x500.jpg\",\"contentUrl\":\"http:\/\/just-now.news\/de\/wp-content\/uploads\/sites\/3\/2022\/04\/logo500x500.jpg\",\"width\":500,\"height\":500,\"caption\":\"Just Now News\"},\"image\":{\"@id\":\"https:\/\/now-news.de\/de\/#\/schema\/logo\/image\/\"},\"sameAs\":[\"https:\/\/www.facebook.com\/wirmachenauf\",\"https:\/\/x.com\/WirMachenAuf_de\"]},{\"@type\":\"Person\",\"@id\":\"https:\/\/now-news.de\/de\/#\/schema\/person\/fb534a4e865501d8b3285208df34a9b5\",\"name\":\"rtnews\",\"image\":{\"@type\":\"ImageObject\",\"inLanguage\":\"de\",\"@id\":\"https:\/\/now-news.de\/de\/#\/schema\/person\/image\/\",\"url\":\"https:\/\/secure.gravatar.com\/avatar\/82aafea7d8127119dd649515f56e2117?s=96&d=mm&r=g\",\"contentUrl\":\"https:\/\/secure.gravatar.com\/avatar\/82aafea7d8127119dd649515f56e2117?s=96&d=mm&r=g\",\"caption\":\"rtnews\"},\"url\":\"https:\/\/now-news.de\/de\/author\/rnews\/\"}]}<\/script>\n<!-- \/ Yoast SEO Premium plugin. -->","yoast_head_json":{"title":"Ukraine gesteht Intensivierung des Menschenhandels im Land ein - just-now.NEWS Deutschland","robots":{"index":"index","follow":"follow","max-snippet":"max-snippet:-1","max-image-preview":"max-image-preview:large","max-video-preview":"max-video-preview:-1"},"canonical":"https:\/\/now-news.de\/de\/deutschland\/ukraine-gesteht-intensivierung-des-menschenhandels-im-land-ein\/","og_locale":"de_DE","og_type":"article","og_title":"Ukraine gesteht Intensivierung des Menschenhandels im Land ein","og_description":"Die Ukraine hat den Menschenhandel als ein akutes Problem bezeichnet. Derzeit stehe das Land vor neuen Herausforderungen in diesem Zusammenhang. Dies erkl\u00e4rte Kiew anl\u00e4sslich des Welttags gegen Menschenhandel, der am 30. Juli begangen wird. Die Nationale Polizei der Ukraine hat das Problem des Menschenhandels in dem Land als akut bezeichnet und darauf hingewiesen, dass der [&hellip;]","og_url":"https:\/\/now-news.de\/de\/deutschland\/ukraine-gesteht-intensivierung-des-menschenhandels-im-land-ein\/","og_site_name":"just-now.NEWS Deutschland","article_publisher":"https:\/\/www.facebook.com\/wirmachenauf","article_published_time":"2023-07-30T19:26:00+00:00","og_image":[{"width":460,"height":259,"url":"https:\/\/now-news.de\/de\/wp-content\/uploads\/sites\/3\/2023\/07\/Ukraine-gesteht-Intensivierung-des-Menschenhandels-im-Land-ein.jpg","type":"image\/jpeg"}],"author":"rtnews","twitter_card":"summary_large_image","twitter_creator":"@WirMachenAuf_de","twitter_site":"@WirMachenAuf_de","twitter_misc":{"Verfasst von":"rtnews","Gesch\u00e4tzte Lesezeit":"2\u00a0Minuten"},"schema":{"@context":"https:\/\/schema.org","@graph":[{"@type":"Article","@id":"https:\/\/now-news.de\/de\/deutschland\/ukraine-gesteht-intensivierung-des-menschenhandels-im-land-ein\/#article","isPartOf":{"@id":"https:\/\/now-news.de\/de\/deutschland\/ukraine-gesteht-intensivierung-des-menschenhandels-im-land-ein\/"},"author":{"name":"rtnews","@id":"https:\/\/now-news.de\/de\/#\/schema\/person\/fb534a4e865501d8b3285208df34a9b5"},"headline":"Ukraine gesteht Intensivierung des Menschenhandels im Land ein","datePublished":"2023-07-30T19:26:00+00:00","dateModified":"2023-07-30T19:26:00+00:00","mainEntityOfPage":{"@id":"https:\/\/now-news.de\/de\/deutschland\/ukraine-gesteht-intensivierung-des-menschenhandels-im-land-ein\/"},"wordCount":378,"commentCount":0,"publisher":{"@id":"https:\/\/now-news.de\/de\/#organization"},"image":{"@id":"https:\/\/now-news.de\/de\/deutschland\/ukraine-gesteht-intensivierung-des-menschenhandels-im-land-ein\/#primaryimage"},"thumbnailUrl":"https:\/\/now-news.de\/de\/wp-content\/uploads\/sites\/3\/2023\/07\/Ukraine-gesteht-Intensivierung-des-Menschenhandels-im-Land-ein.jpg","keywords":["des","ein","gesteht","Intensivierung","Land","Menschenhandels","ukraine"],"articleSection":["Deutschland","Russland"],"inLanguage":"de","potentialAction":[{"@type":"CommentAction","name":"Comment","target":["https:\/\/now-news.de\/de\/deutschland\/ukraine-gesteht-intensivierung-des-menschenhandels-im-land-ein\/#respond"]}]},{"@type":"WebPage","@id":"https:\/\/now-news.de\/de\/deutschland\/ukraine-gesteht-intensivierung-des-menschenhandels-im-land-ein\/","url":"https:\/\/now-news.de\/de\/deutschland\/ukraine-gesteht-intensivierung-des-menschenhandels-im-land-ein\/","name":"Ukraine gesteht Intensivierung des Menschenhandels im Land ein - just-now.NEWS Deutschland","isPartOf":{"@id":"https:\/\/now-news.de\/de\/#website"},"primaryImageOfPage":{"@id":"https:\/\/now-news.de\/de\/deutschland\/ukraine-gesteht-intensivierung-des-menschenhandels-im-land-ein\/#primaryimage"},"image":{"@id":"https:\/\/now-news.de\/de\/deutschland\/ukraine-gesteht-intensivierung-des-menschenhandels-im-land-ein\/#primaryimage"},"thumbnailUrl":"https:\/\/now-news.de\/de\/wp-content\/uploads\/sites\/3\/2023\/07\/Ukraine-gesteht-Intensivierung-des-Menschenhandels-im-Land-ein.jpg","datePublished":"2023-07-30T19:26:00+00:00","dateModified":"2023-07-30T19:26:00+00:00","breadcrumb":{"@id":"https:\/\/now-news.de\/de\/deutschland\/ukraine-gesteht-intensivierung-des-menschenhandels-im-land-ein\/#breadcrumb"},"inLanguage":"de","potentialAction":[{"@type":"ReadAction","target":["https:\/\/now-news.de\/de\/deutschland\/ukraine-gesteht-intensivierung-des-menschenhandels-im-land-ein\/"]}]},{"@type":"ImageObject","inLanguage":"de","@id":"https:\/\/now-news.de\/de\/deutschland\/ukraine-gesteht-intensivierung-des-menschenhandels-im-land-ein\/#primaryimage","url":"https:\/\/now-news.de\/de\/wp-content\/uploads\/sites\/3\/2023\/07\/Ukraine-gesteht-Intensivierung-des-Menschenhandels-im-Land-ein.jpg","contentUrl":"https:\/\/now-news.de\/de\/wp-content\/uploads\/sites\/3\/2023\/07\/Ukraine-gesteht-Intensivierung-des-Menschenhandels-im-Land-ein.jpg","width":460,"height":259,"caption":"Ukraine gesteht Intensivierung des Menschenhandels im Land ein"},{"@type":"BreadcrumbList","@id":"https:\/\/now-news.de\/de\/deutschland\/ukraine-gesteht-intensivierung-des-menschenhandels-im-land-ein\/#breadcrumb","itemListElement":[{"@type":"ListItem","position":1,"name":"Home","item":"https:\/\/now-news.de\/de\/"},{"@type":"ListItem","position":2,"name":"Ukraine gesteht Intensivierung des Menschenhandels im Land ein"}]},{"@type":"WebSite","@id":"https:\/\/now-news.de\/de\/#website","url":"https:\/\/now-news.de\/de\/","name":"just-now.NEWS Deutschland","description":"Das Portal f\u00fcr unzensierte Nachrichten aus der Welt","publisher":{"@id":"https:\/\/now-news.de\/de\/#organization"},"potentialAction":[{"@type":"SearchAction","target":{"@type":"EntryPoint","urlTemplate":"https:\/\/now-news.de\/de\/?s={search_term_string}"},"query-input":"required name=search_term_string"}],"inLanguage":"de"},{"@type":"Organization","@id":"https:\/\/now-news.de\/de\/#organization","name":"Just Now News","url":"https:\/\/now-news.de\/de\/","logo":{"@type":"ImageObject","inLanguage":"de","@id":"https:\/\/now-news.de\/de\/#\/schema\/logo\/image\/","url":"http:\/\/just-now.news\/de\/wp-content\/uploads\/sites\/3\/2022\/04\/logo500x500.jpg","contentUrl":"http:\/\/just-now.news\/de\/wp-content\/uploads\/sites\/3\/2022\/04\/logo500x500.jpg","width":500,"height":500,"caption":"Just Now News"},"image":{"@id":"https:\/\/now-news.de\/de\/#\/schema\/logo\/image\/"},"sameAs":["https:\/\/www.facebook.com\/wirmachenauf","https:\/\/x.com\/WirMachenAuf_de"]},{"@type":"Person","@id":"https:\/\/now-news.de\/de\/#\/schema\/person\/fb534a4e865501d8b3285208df34a9b5","name":"rtnews","image":{"@type":"ImageObject","inLanguage":"de","@id":"https:\/\/now-news.de\/de\/#\/schema\/person\/image\/","url":"https:\/\/secure.gravatar.com\/avatar\/82aafea7d8127119dd649515f56e2117?s=96&d=mm&r=g","contentUrl":"https:\/\/secure.gravatar.com\/avatar\/82aafea7d8127119dd649515f56e2117?s=96&d=mm&r=g","caption":"rtnews"},"url":"https:\/\/now-news.de\/de\/author\/rnews\/"}]}},"_links":{"self":[{"href":"https:\/\/now-news.de\/de\/wp-json\/wp\/v2\/posts\/41088"}],"collection":[{"href":"https:\/\/now-news.de\/de\/wp-json\/wp\/v2\/posts"}],"about":[{"href":"https:\/\/now-news.de\/de\/wp-json\/wp\/v2\/types\/post"}],"author":[{"embeddable":true,"href":"https:\/\/now-news.de\/de\/wp-json\/wp\/v2\/users\/3"}],"replies":[{"embeddable":true,"href":"https:\/\/now-news.de\/de\/wp-json\/wp\/v2\/comments?post=41088"}],"version-history":[{"count":0,"href":"https:\/\/now-news.de\/de\/wp-json\/wp\/v2\/posts\/41088\/revisions"}],"wp:featuredmedia":[{"embeddable":true,"href":"https:\/\/now-news.de\/de\/wp-json\/wp\/v2\/media\/41089"}],"wp:attachment":[{"href":"https:\/\/now-news.de\/de\/wp-json\/wp\/v2\/media?parent=41088"}],"wp:term":[{"taxonomy":"category","embeddable":true,"href":"https:\/\/now-news.de\/de\/wp-json\/wp\/v2\/categories?post=41088"},{"taxonomy":"post_tag","embeddable":true,"href":"https:\/\/now-news.de\/de\/wp-json\/wp\/v2\/tags?post=41088"}],"curies":[{"name":"wp","href":"https:\/\/api.w.org\/{rel}","templated":true}]}}