{"id":41052,"date":"2023-07-30T07:56:10","date_gmt":"2023-07-30T05:56:10","guid":{"rendered":"https:\/\/just-now.news\/de\/deutschland\/russen-zogen-ab-us-militaer-blieb-wie-die-regierung-kohl-die-souveraenitaet-verschenkte\/"},"modified":"2023-07-30T07:56:10","modified_gmt":"2023-07-30T05:56:10","slug":"russen-zogen-ab-us-militaer-blieb-wie-die-regierung-kohl-die-souveraenitaet-verschenkte","status":"publish","type":"post","link":"https:\/\/now-news.de\/de\/deutschland\/russen-zogen-ab-us-militaer-blieb-wie-die-regierung-kohl-die-souveraenitaet-verschenkte\/","title":{"rendered":"Russen zogen ab, US-Milit\u00e4r blieb: Wie die Regierung Kohl die Souver\u00e4nit\u00e4t verschenkte"},"content":{"rendered":"<p><img decoding=\"async\" src=\"http:\/\/just-now.news\/de\/wp-content\/uploads\/sites\/3\/2023\/07\/64bfc1c048fbef1b321da8d7.jpg\" \/><\/p>\n<div class=\"Text-root Text-type_1 \">\n                Wie kam es eigentlich dazu, dass die US-Truppen in Deutschland blieben, als die russischen abzogen? Was hat das alles mit der Zusage zu tun, die NATO nicht nach Osten zu erweitern? Und warum bringt das dazu, neu \u00fcber einen Anschlag im Jahr 1990 nachzudenken?\n            <\/div>\n<p><\/p>\n<div class=\"Text-root Text-type_5 ArticleView-text ViewText-root \">\n<p><em>Von Dagmar Henn<\/em><\/p>\n<p>Im National Security Archive der George-Washington-Universit\u00e4t <a rel=\"nofollow noopener\" target=\"_blank\" href=\"https:\/\/nsarchive.gwu.edu\/document\/16117-document-06-record-conversation-between\">findet<\/a> sich ein interessantes Dokument. Es handelt sich um das Protokoll eines Gespr\u00e4chs zwischen dem damaligen US-Au\u00dfenminister James Baker und Michael Gorbatschow am 9. Februar 1990. Zu diesem Zeitpunkt steht gerade einmal der Wahltermin in der DDR fest, und die Frage, ob und wie die beiden deutschen Staaten zusammengeschlossen werden, ist noch Gegenstand der Verhandlung. Das Konzept der 2+4-Gespr\u00e4che wird gerade erst entwickelt.<\/p>\n<p>Dieses Dokument wurde das erste Mal 1996 in Russland ver\u00f6ffentlicht, 2010 auf Englisch in einem Dokumentenband. Das National Security Archive begann Mitte der 1980er als unabh\u00e4ngige Initiative zur Ver\u00f6ffentlichung von Dokumenten, die durch das Informationsfreiheitsgesetz freigegeben werden mussten, und ist seit 1995 an die George-Washington-Universit\u00e4t angegliedert. Inzwischen sind gro\u00dfe Teile des Archivbestands online.<\/p>\n<p>Die Entwicklung Ende 1990, als die US-Regierung jeden Schritt zur \u00f6konomischen Stabilisierung der Sowjetunion verweigerte, war zu diesem Zeitpunkt noch nicht absehbar. Im Gegenteil; im Laufe des Gespr\u00e4chs sagt Baker explizit:<\/p>\n<blockquote>\n<p><em>&#8220;Ich m\u00f6chte sehr, dass Sie wissen, dass weder der Pr\u00e4sident noch ich beabsichtigen, aus dem Prozess, der stattfindet, irgendeinen einseitigen Vorteil zu ziehen.&#8221;<\/em><\/p>\n<\/blockquote>\n<p>Und er erw\u00e4hnt:<\/p>\n<blockquote>\n<p><em>&#8220;Ehe ein neues Preissystem eingef\u00fchrt wird, ist es n\u00f6tig, einen sozialen Schutzmechanismus zu schaffen, der die Interessen der \u00e4rmsten Teile der Gesellschaft sichert.&#8221;<\/em><\/p>\n<\/blockquote>\n<p>Also entweder Baker hat bereits damals, im Februar 1990, Gorbatschow gezielt belogen, oder die Strategie der US-Regierung \u00e4nderte sich im Verlauf des folgenden Jahres komplett. Denn Baker erw\u00e4hnt selbst in diesem Gespr\u00e4ch die problematischen Punkte, mit denen es die Sowjetunion bei einem Wechsel des Wirtschaftssystems zu tun bekommen w\u00fcrde, und bef\u00fcrwortet die Einf\u00fchrung goldgedeckter Schatzbriefe vor einer \u00c4nderung der Preisermittlung. Denn &#8220;andernfalls riskieren Sie, sich einer Inflation von 1.000 Prozent gegen\u00fcber zu finden.&#8221; Wie Jeffrey Sachs berichtet, wurde dann sowohl im Fr\u00fchjahr als auch im Herbst 1991 jegliche Unterst\u00fctzung bei der Stabilisierung der sowjetischen W\u00e4hrung abgelehnt.<\/p>\n<p>Aber zur\u00fcck zur deutschen Entwicklung. Baker schildert die aktuelle Situation:<\/p>\n<blockquote>\n<p><em>&#8220;Am 18. M\u00e4rz wird das Volk der DDR w\u00e4hlen. Die \u00fcberwiegende Mehrheit wird f\u00fcr Vereinigung sein, und sie werden eine F\u00fchrung w\u00e4hlen, die die Idee einer deutschen Einigung unterst\u00fctzt. Schon bald werden die beiden deutschen Staaten Diskussionen \u00fcber die inneren Aspekte der Einigung beginnen, Fragen wie die Einigung von Regierung, Parlamenten, gemeinsamem Kapital, gemeinsame W\u00e4hrung, eine Wirtschaftsunion. All das passiert de facto.&#8221;<\/em><\/p>\n<\/blockquote>\n<p>Er erw\u00e4hnt, dass die deutschen Nachbarn beteiligt werden m\u00fcssten, wenn es um die nach au\u00dfen wirkenden Aspekte geht. Und dann kommt ein sehr interessanter Abschnitt:<\/p>\n<blockquote>\n<p><em>&#8220;Wir sprechen uns tats\u00e4chlich nicht daf\u00fcr aus, dass Deutschland neutral ist. Die Westdeutschen haben uns ebenfalls gesagt, dass sie eine solche Entscheidung nicht befriedigend f\u00e4nden. Ich m\u00f6chte gern erkl\u00e4ren, warum.<\/em><\/p>\n<p><em>Wenn Deutschland neutral ist, hei\u00dft das nicht, dass es nicht militaristisch ist. Ganz im Gegenteil, es k\u00f6nnte sehr wohl beschlie\u00dfen, sein eigenes Nuklearpotenzial zu schaffen, statt sich auf die amerikanische Nuklearabschreckung zu verlassen. All unsere westeurop\u00e4ischen Verb\u00fcndeten und eine Reihe osteurop\u00e4ischer L\u00e4nder haben uns wissen lassen, dass es ihnen gefiele, wenn die Vereinigten Staaten ihre milit\u00e4rische Pr\u00e4senz in Europa beibehielten. Ich wei\u00df nicht, ob Sie eine solche M\u00f6glichkeit unterst\u00fctzen. Aber ich m\u00f6chte Ihnen zusichern, dass wir unsere Truppen nach Hause holen, sobald unsere Verb\u00fcndeten uns sagen, dass sie gegen unsere Anwesenheit sind.&#8221;<\/em><\/p>\n<\/blockquote>\n<p>Der damalige sowjetische Au\u00dfenminister Eduard Schewardnadse wandte ein: &#8220;Ich wei\u00df nichts \u00fcber Ihre anderen Alliierten, aber ein vereinigtes Deutschland k\u00f6nnte das fordern.&#8221;<\/p>\n<p>Darauf erwiderte Baker: &#8220;Wenn das passiert, kehren unsere Truppen heim. Wir werden jedes Land verlassen, das unsere Anwesenheit nicht w\u00fcnscht. (\u2026) Wenn die gegenw\u00e4rtige westdeutsche F\u00fchrung jedoch an der Spitze eines vereinten Deutschland steht, dann, das haben sie uns gesagt, werden sie gegen unseren R\u00fcckzug sein.&#8221;<\/p>\n<p>Die NATO sei weiter erforderlich, weil ohne sie kein Grund bestehe, US-Truppen in Europa zu halten. Und jetzt die entscheidenden S\u00e4tze:<\/p>\n<blockquote>\n<p><em>&#8220;Wir verstehen, dass es nicht nur f\u00fcr die Sowjetunion, sondern auch f\u00fcr andere europ\u00e4ische L\u00e4nder wichtig ist, Garantien zu haben, dass sich, wenn die Vereinigten Staaten ihre Gegenwart in Deutschland im Rahmen der NATO aufrechterhalten, die augenblickliche milit\u00e4rische Zust\u00e4ndigkeit der NATO nicht um einen Zoll gen Osten erweitert wird.&#8221;<\/em><\/p>\n<\/blockquote>\n<p>Dieses Dokument belegt einige zentrale Punkte, die bisher unklar waren, deren Verkn\u00fcpfung aber zu vermuten war. Zum einen: Die Regierung Kohl beabsichtigte bereits im Februar 1990, eine Verfassungsdebatte, die nach dem Grundgesetz erforderlich gewesen w\u00e4re, zu vermeiden, weil diese Verfassungsdebatte zu einer deutschen Neutralit\u00e4t gef\u00fchrt h\u00e4tte. Mehr noch, sie legte Wert darauf, US-Truppen in Deutschland zu halten.<\/p>\n<p>Der wirklich knifflige Punkt daran ist die Verkn\u00fcpfung der Anwesenheit dieser US-Truppen in Deutschland mit der Zusage, die NATO nicht nach Osten zu erweitern. Daraus l\u00e4sst sich schlie\u00dfen, dass diese Zusage die Voraussetzung daf\u00fcr war, dass die sowjetischen Truppen aus Deutschland abgezogen wurden, obwohl die US-amerikanischen blieben (wenn auch in verringerter Zahl).<\/p>\n<p>Die sowjetische Armee ist damals freiwillig abgezogen, was bedeutet, dass dieser Abzug nicht in einer Form erfolgte, die vertraglich verbindlich ist. Rechtlich k\u00f6nnen nicht die Anspr\u00fcche einer Besatzungsmacht gewahrt bleiben, wenn die einer anderen aufgehoben sind. Das k\u00f6nnte auch bedeuten, dass der Rechtsnachfolger der Sowjetunion, in diesem Fall die Russische F\u00f6deration, angesichts der Tatsache, dass die Vereinbarung bez\u00fcglich der NATO-Osterweiterung gebrochen wurde, einen Anspruch auf die alten Besatzungsrechte hat. Ein Gedanke, der durch den Beleg dieser Verkn\u00fcpfung m\u00f6glich wird.<\/p>\n<p>Und mehr noch. Der Verdacht, dass die Bewegung der Antideutschen eine US-Erfindung ist, beruht bisher vor allem auf der Beobachtung, in welche Richtung sie die politische Entwicklung in Deutschland beeinflusst haben. Ja, man k\u00f6nnte sagen, dass die Bedenken, die Baker \u00e4u\u00dfert, nicht ganz unbegr\u00fcndet waren, vor allem, wenn man sich an das deutsche Verhalten in der Euro-Krise erinnert.<\/p>\n<blockquote>\n<p><em>&#8220;Wenn Deutschland neutral ist, hei\u00dft das nicht, dass es nicht militaristisch ist.&#8221;<\/em><\/p>\n<\/blockquote>\n<p>Die technischen Voraussetzungen f\u00fcr das Streben nach eigenen Atomwaffen waren tats\u00e4chlich vorhanden, und das Thema findet sich immer wieder in der Politik der 1970er Jahre.<\/p>\n<p>Aber h\u00e4tte das wirklich so geendet, h\u00e4tte es eine Verfassungsdebatte gegeben? Klar ist: Die feindliche \u00dcbernahme w\u00e4re in der Weise, wie sie stattgefunden hat, nicht m\u00f6glich gewesen, weil diese Debatte auch die Bev\u00f6lkerung im Westen politisch aktiviert h\u00e4tte. Die Regierung Helmut Kohl hatte offenkundig einen Plan, bei dem die Bev\u00f6lkerung m\u00f6glichst wenig zu sagen haben sollte. Aber w\u00e4re es mit dieser Debatte einfach m\u00f6glich gewesen, die gew\u00fcnschte Neutralit\u00e4t ins Militaristische zu wenden?<\/p>\n<p>Und nun gibt es in der damaligen Zeit noch ein R\u00e4tsel. Am 2. Dezember 1990 fanden Bundestagswahlen statt. Gegenkandidat von Helmut Kohl war damals Oskar Lafontaine, der in der westlichen Republik weit vor Helmut Kohl lag, bis es Ende April zu einem Anschlag auf ihn kam, den er knapp \u00fcberlebte und dessen Folgen den Wahlkampf deutlich behinderten. Unter einer Regierung Lafontaine h\u00e4tte es nicht nur eine andere Form der wirtschaftlichen &#8220;Vereinigung&#8221; gegeben, sondern auch einen Verfassungsprozess und damit mit hoher Wahrscheinlichkeit eine Entscheidung f\u00fcr eine deutsche Neutralit\u00e4t.<\/p>\n<p>Wir haben also eine Entscheidung \u00fcber NATO-Mitgliedschaft und Neutralit\u00e4t, die im entscheidenden Moment durch einen Mordanschlag verzerrt wird. Die antideutsche Seuche, die die deutsche Linke wesentlich zerst\u00f6ren half, die feindliche \u00dcbernahme der DDR mit all ihrer volkswirtschaftlichen Verheerung, ihrer kontinuierlichen Dem\u00fctigung, selbst die R\u00fcckgratlosigkeit der heutigen Bundesregierung, all das hat seinen Ursprung in diesem Moment. Wirklich \u00fcberraschend, dass eine unter paranoider Schizophrenie leidende Arzthelferin f\u00fcr ihren Anschlag unter 80 Millionen Deutschen spontan genau die eine Person w\u00e4hlte, ohne die Deutschland brav unter der Herrschaft der USA verblieb.<\/p>\n<p><strong>Mehr zum Thema<\/strong> &#8211;<a rel=\"nofollow noopener\" target=\"_blank\" href=\"https:\/\/freeassange.rtde.live\/meinung\/142448-grun-ist-untergang-teil-3\/\"> Gr\u00fcn ist der Untergang \u2013 Teil 3: Die Liebe zum transatlantischen Herrchen <\/a><\/p>\n<\/p>\n<\/div>\n<p><br \/>\n<br \/><a href=\"https:\/\/de.rt.com\/meinung\/176152-wie-regierung-kohl-souveraenitaet-verschenkte\/\">Source link <\/a><\/p>\n","protected":false},"excerpt":{"rendered":"<p>Wie kam es eigentlich dazu, dass die US-Truppen in Deutschland blieben, als die russischen abzogen? Was hat das alles mit der Zusage zu tun, die NATO nicht nach Osten zu erweitern? Und warum bringt das dazu, neu \u00fcber einen Anschlag im Jahr 1990 nachzudenken? Von Dagmar Henn Im National Security Archive der George-Washington-Universit\u00e4t findet sich [&hellip;]<\/p>\n","protected":false},"author":3,"featured_media":41053,"comment_status":"open","ping_status":"open","sticky":false,"template":"","format":"standard","meta":{"_yoast_indexnow_last_ping":["1690696590"],"wp_automatic_camp":["217"],"ddb4e92b3b0e51afa7a36163edd24f9e":["Russen zogen ab, US-Milit\u00e4r blieb: Wie die Regierung Kohl die Souver\u00e4nit\u00e4t verschenkte"],"original_link":["https:\/\/de.rt.com\/meinung\/176152-wie-regierung-kohl-souveraenitaet-verschenkte\/"],"_thumbnail_id":["41053"],"_wptgpro_p2tg_sent2tg":["a:1:{i:23737;s:19:\"2023-07-30 07:57:31\";}"],"jnews_social_counter_last_update":["1777601085"]},"categories":[19,23],"tags":[42202,45,47235,46,4405,20302,20296,47236,579,44782],"yoast_head":"<!-- This site is optimized with the Yoast SEO Premium plugin v22.7 (Yoast SEO v22.7) - https:\/\/yoast.com\/wordpress\/plugins\/seo\/ -->\n<title>Russen zogen ab, US-Milit\u00e4r blieb: Wie die Regierung Kohl die Souver\u00e4nit\u00e4t verschenkte - just-now.NEWS Deutschland<\/title>\n<meta name=\"robots\" content=\"index, follow, max-snippet:-1, max-image-preview:large, max-video-preview:-1\" \/>\n<link rel=\"canonical\" href=\"https:\/\/now-news.de\/de\/deutschland\/russen-zogen-ab-us-militaer-blieb-wie-die-regierung-kohl-die-souveraenitaet-verschenkte\/\" \/>\n<meta property=\"og:locale\" content=\"de_DE\" \/>\n<meta property=\"og:type\" content=\"article\" \/>\n<meta property=\"og:title\" content=\"Russen zogen ab, US-Milit\u00e4r blieb: Wie die Regierung Kohl die Souver\u00e4nit\u00e4t verschenkte\" \/>\n<meta property=\"og:description\" content=\"Wie kam es eigentlich dazu, dass die US-Truppen in Deutschland blieben, als die russischen abzogen? Was hat das alles mit der Zusage zu tun, die NATO nicht nach Osten zu erweitern? Und warum bringt das dazu, neu \u00fcber einen Anschlag im Jahr 1990 nachzudenken? Von Dagmar Henn Im National Security Archive der George-Washington-Universit\u00e4t findet sich [&hellip;]\" \/>\n<meta property=\"og:url\" content=\"https:\/\/now-news.de\/de\/deutschland\/russen-zogen-ab-us-militaer-blieb-wie-die-regierung-kohl-die-souveraenitaet-verschenkte\/\" \/>\n<meta property=\"og:site_name\" content=\"just-now.NEWS Deutschland\" \/>\n<meta property=\"article:publisher\" content=\"https:\/\/www.facebook.com\/wirmachenauf\" \/>\n<meta property=\"article:published_time\" content=\"2023-07-30T05:56:10+00:00\" \/>\n<meta property=\"og:image\" content=\"https:\/\/now-news.de\/de\/wp-content\/uploads\/sites\/3\/2023\/07\/Russen-zogen-ab-US-Militaer-blieb-Wie-die-Regierung-Kohl-die.jpg\" \/>\n\t<meta property=\"og:image:width\" content=\"460\" \/>\n\t<meta property=\"og:image:height\" content=\"259\" \/>\n\t<meta property=\"og:image:type\" content=\"image\/jpeg\" \/>\n<meta name=\"author\" content=\"rtnews\" \/>\n<meta name=\"twitter:card\" content=\"summary_large_image\" \/>\n<meta name=\"twitter:creator\" content=\"@WirMachenAuf_de\" \/>\n<meta name=\"twitter:site\" content=\"@WirMachenAuf_de\" \/>\n<meta name=\"twitter:label1\" content=\"Verfasst von\" \/>\n\t<meta name=\"twitter:data1\" content=\"rtnews\" \/>\n\t<meta name=\"twitter:label2\" content=\"Gesch\u00e4tzte Lesezeit\" \/>\n\t<meta name=\"twitter:data2\" content=\"7\u00a0Minuten\" \/>\n<script type=\"application\/ld+json\" class=\"yoast-schema-graph\">{\"@context\":\"https:\/\/schema.org\",\"@graph\":[{\"@type\":\"Article\",\"@id\":\"https:\/\/now-news.de\/de\/deutschland\/russen-zogen-ab-us-militaer-blieb-wie-die-regierung-kohl-die-souveraenitaet-verschenkte\/#article\",\"isPartOf\":{\"@id\":\"https:\/\/now-news.de\/de\/deutschland\/russen-zogen-ab-us-militaer-blieb-wie-die-regierung-kohl-die-souveraenitaet-verschenkte\/\"},\"author\":{\"name\":\"rtnews\",\"@id\":\"https:\/\/now-news.de\/de\/#\/schema\/person\/fb534a4e865501d8b3285208df34a9b5\"},\"headline\":\"Russen zogen ab, US-Milit\u00e4r blieb: Wie die Regierung Kohl die Souver\u00e4nit\u00e4t verschenkte\",\"datePublished\":\"2023-07-30T05:56:10+00:00\",\"dateModified\":\"2023-07-30T05:56:10+00:00\",\"mainEntityOfPage\":{\"@id\":\"https:\/\/now-news.de\/de\/deutschland\/russen-zogen-ab-us-militaer-blieb-wie-die-regierung-kohl-die-souveraenitaet-verschenkte\/\"},\"wordCount\":1358,\"commentCount\":0,\"publisher\":{\"@id\":\"https:\/\/now-news.de\/de\/#organization\"},\"image\":{\"@id\":\"https:\/\/now-news.de\/de\/deutschland\/russen-zogen-ab-us-militaer-blieb-wie-die-regierung-kohl-die-souveraenitaet-verschenkte\/#primaryimage\"},\"thumbnailUrl\":\"https:\/\/now-news.de\/de\/wp-content\/uploads\/sites\/3\/2023\/07\/Russen-zogen-ab-US-Militaer-blieb-Wie-die-Regierung-Kohl-die.jpg\",\"keywords\":[\"blieb\",\"die\",\"Kohl\",\"Regierung\",\"Russen\",\"Souver\u00e4nit\u00e4t\",\"USMilit\u00e4r\",\"verschenkte\",\"Wie\",\"zogen\"],\"articleSection\":[\"Deutschland\",\"Russland\"],\"inLanguage\":\"de\",\"potentialAction\":[{\"@type\":\"CommentAction\",\"name\":\"Comment\",\"target\":[\"https:\/\/now-news.de\/de\/deutschland\/russen-zogen-ab-us-militaer-blieb-wie-die-regierung-kohl-die-souveraenitaet-verschenkte\/#respond\"]}]},{\"@type\":\"WebPage\",\"@id\":\"https:\/\/now-news.de\/de\/deutschland\/russen-zogen-ab-us-militaer-blieb-wie-die-regierung-kohl-die-souveraenitaet-verschenkte\/\",\"url\":\"https:\/\/now-news.de\/de\/deutschland\/russen-zogen-ab-us-militaer-blieb-wie-die-regierung-kohl-die-souveraenitaet-verschenkte\/\",\"name\":\"Russen zogen ab, US-Milit\u00e4r blieb: Wie die Regierung Kohl die Souver\u00e4nit\u00e4t verschenkte - just-now.NEWS Deutschland\",\"isPartOf\":{\"@id\":\"https:\/\/now-news.de\/de\/#website\"},\"primaryImageOfPage\":{\"@id\":\"https:\/\/now-news.de\/de\/deutschland\/russen-zogen-ab-us-militaer-blieb-wie-die-regierung-kohl-die-souveraenitaet-verschenkte\/#primaryimage\"},\"image\":{\"@id\":\"https:\/\/now-news.de\/de\/deutschland\/russen-zogen-ab-us-militaer-blieb-wie-die-regierung-kohl-die-souveraenitaet-verschenkte\/#primaryimage\"},\"thumbnailUrl\":\"https:\/\/now-news.de\/de\/wp-content\/uploads\/sites\/3\/2023\/07\/Russen-zogen-ab-US-Militaer-blieb-Wie-die-Regierung-Kohl-die.jpg\",\"datePublished\":\"2023-07-30T05:56:10+00:00\",\"dateModified\":\"2023-07-30T05:56:10+00:00\",\"breadcrumb\":{\"@id\":\"https:\/\/now-news.de\/de\/deutschland\/russen-zogen-ab-us-militaer-blieb-wie-die-regierung-kohl-die-souveraenitaet-verschenkte\/#breadcrumb\"},\"inLanguage\":\"de\",\"potentialAction\":[{\"@type\":\"ReadAction\",\"target\":[\"https:\/\/now-news.de\/de\/deutschland\/russen-zogen-ab-us-militaer-blieb-wie-die-regierung-kohl-die-souveraenitaet-verschenkte\/\"]}]},{\"@type\":\"ImageObject\",\"inLanguage\":\"de\",\"@id\":\"https:\/\/now-news.de\/de\/deutschland\/russen-zogen-ab-us-militaer-blieb-wie-die-regierung-kohl-die-souveraenitaet-verschenkte\/#primaryimage\",\"url\":\"https:\/\/now-news.de\/de\/wp-content\/uploads\/sites\/3\/2023\/07\/Russen-zogen-ab-US-Militaer-blieb-Wie-die-Regierung-Kohl-die.jpg\",\"contentUrl\":\"https:\/\/now-news.de\/de\/wp-content\/uploads\/sites\/3\/2023\/07\/Russen-zogen-ab-US-Militaer-blieb-Wie-die-Regierung-Kohl-die.jpg\",\"width\":460,\"height\":259,\"caption\":\"Russen zogen ab, US-Milit\u00e4r blieb: Wie die Regierung Kohl die Souver\u00e4nit\u00e4t verschenkte\"},{\"@type\":\"BreadcrumbList\",\"@id\":\"https:\/\/now-news.de\/de\/deutschland\/russen-zogen-ab-us-militaer-blieb-wie-die-regierung-kohl-die-souveraenitaet-verschenkte\/#breadcrumb\",\"itemListElement\":[{\"@type\":\"ListItem\",\"position\":1,\"name\":\"Home\",\"item\":\"https:\/\/now-news.de\/de\/\"},{\"@type\":\"ListItem\",\"position\":2,\"name\":\"Russen zogen ab, US-Milit\u00e4r blieb: Wie die Regierung Kohl die Souver\u00e4nit\u00e4t verschenkte\"}]},{\"@type\":\"WebSite\",\"@id\":\"https:\/\/now-news.de\/de\/#website\",\"url\":\"https:\/\/now-news.de\/de\/\",\"name\":\"just-now.NEWS Deutschland\",\"description\":\"Das Portal f\u00fcr unzensierte Nachrichten aus der Welt\",\"publisher\":{\"@id\":\"https:\/\/now-news.de\/de\/#organization\"},\"potentialAction\":[{\"@type\":\"SearchAction\",\"target\":{\"@type\":\"EntryPoint\",\"urlTemplate\":\"https:\/\/now-news.de\/de\/?s={search_term_string}\"},\"query-input\":\"required name=search_term_string\"}],\"inLanguage\":\"de\"},{\"@type\":\"Organization\",\"@id\":\"https:\/\/now-news.de\/de\/#organization\",\"name\":\"Just Now News\",\"url\":\"https:\/\/now-news.de\/de\/\",\"logo\":{\"@type\":\"ImageObject\",\"inLanguage\":\"de\",\"@id\":\"https:\/\/now-news.de\/de\/#\/schema\/logo\/image\/\",\"url\":\"http:\/\/just-now.news\/de\/wp-content\/uploads\/sites\/3\/2022\/04\/logo500x500.jpg\",\"contentUrl\":\"http:\/\/just-now.news\/de\/wp-content\/uploads\/sites\/3\/2022\/04\/logo500x500.jpg\",\"width\":500,\"height\":500,\"caption\":\"Just Now News\"},\"image\":{\"@id\":\"https:\/\/now-news.de\/de\/#\/schema\/logo\/image\/\"},\"sameAs\":[\"https:\/\/www.facebook.com\/wirmachenauf\",\"https:\/\/x.com\/WirMachenAuf_de\"]},{\"@type\":\"Person\",\"@id\":\"https:\/\/now-news.de\/de\/#\/schema\/person\/fb534a4e865501d8b3285208df34a9b5\",\"name\":\"rtnews\",\"image\":{\"@type\":\"ImageObject\",\"inLanguage\":\"de\",\"@id\":\"https:\/\/now-news.de\/de\/#\/schema\/person\/image\/\",\"url\":\"https:\/\/secure.gravatar.com\/avatar\/82aafea7d8127119dd649515f56e2117?s=96&d=mm&r=g\",\"contentUrl\":\"https:\/\/secure.gravatar.com\/avatar\/82aafea7d8127119dd649515f56e2117?s=96&d=mm&r=g\",\"caption\":\"rtnews\"},\"url\":\"https:\/\/now-news.de\/de\/author\/rnews\/\"}]}<\/script>\n<!-- \/ Yoast SEO Premium plugin. -->","yoast_head_json":{"title":"Russen zogen ab, US-Milit\u00e4r blieb: Wie die Regierung Kohl die Souver\u00e4nit\u00e4t verschenkte - just-now.NEWS Deutschland","robots":{"index":"index","follow":"follow","max-snippet":"max-snippet:-1","max-image-preview":"max-image-preview:large","max-video-preview":"max-video-preview:-1"},"canonical":"https:\/\/now-news.de\/de\/deutschland\/russen-zogen-ab-us-militaer-blieb-wie-die-regierung-kohl-die-souveraenitaet-verschenkte\/","og_locale":"de_DE","og_type":"article","og_title":"Russen zogen ab, US-Milit\u00e4r blieb: Wie die Regierung Kohl die Souver\u00e4nit\u00e4t verschenkte","og_description":"Wie kam es eigentlich dazu, dass die US-Truppen in Deutschland blieben, als die russischen abzogen? Was hat das alles mit der Zusage zu tun, die NATO nicht nach Osten zu erweitern? Und warum bringt das dazu, neu \u00fcber einen Anschlag im Jahr 1990 nachzudenken? Von Dagmar Henn Im National Security Archive der George-Washington-Universit\u00e4t findet sich [&hellip;]","og_url":"https:\/\/now-news.de\/de\/deutschland\/russen-zogen-ab-us-militaer-blieb-wie-die-regierung-kohl-die-souveraenitaet-verschenkte\/","og_site_name":"just-now.NEWS Deutschland","article_publisher":"https:\/\/www.facebook.com\/wirmachenauf","article_published_time":"2023-07-30T05:56:10+00:00","og_image":[{"width":460,"height":259,"url":"https:\/\/now-news.de\/de\/wp-content\/uploads\/sites\/3\/2023\/07\/Russen-zogen-ab-US-Militaer-blieb-Wie-die-Regierung-Kohl-die.jpg","type":"image\/jpeg"}],"author":"rtnews","twitter_card":"summary_large_image","twitter_creator":"@WirMachenAuf_de","twitter_site":"@WirMachenAuf_de","twitter_misc":{"Verfasst von":"rtnews","Gesch\u00e4tzte Lesezeit":"7\u00a0Minuten"},"schema":{"@context":"https:\/\/schema.org","@graph":[{"@type":"Article","@id":"https:\/\/now-news.de\/de\/deutschland\/russen-zogen-ab-us-militaer-blieb-wie-die-regierung-kohl-die-souveraenitaet-verschenkte\/#article","isPartOf":{"@id":"https:\/\/now-news.de\/de\/deutschland\/russen-zogen-ab-us-militaer-blieb-wie-die-regierung-kohl-die-souveraenitaet-verschenkte\/"},"author":{"name":"rtnews","@id":"https:\/\/now-news.de\/de\/#\/schema\/person\/fb534a4e865501d8b3285208df34a9b5"},"headline":"Russen zogen ab, US-Milit\u00e4r blieb: Wie die Regierung Kohl die Souver\u00e4nit\u00e4t verschenkte","datePublished":"2023-07-30T05:56:10+00:00","dateModified":"2023-07-30T05:56:10+00:00","mainEntityOfPage":{"@id":"https:\/\/now-news.de\/de\/deutschland\/russen-zogen-ab-us-militaer-blieb-wie-die-regierung-kohl-die-souveraenitaet-verschenkte\/"},"wordCount":1358,"commentCount":0,"publisher":{"@id":"https:\/\/now-news.de\/de\/#organization"},"image":{"@id":"https:\/\/now-news.de\/de\/deutschland\/russen-zogen-ab-us-militaer-blieb-wie-die-regierung-kohl-die-souveraenitaet-verschenkte\/#primaryimage"},"thumbnailUrl":"https:\/\/now-news.de\/de\/wp-content\/uploads\/sites\/3\/2023\/07\/Russen-zogen-ab-US-Militaer-blieb-Wie-die-Regierung-Kohl-die.jpg","keywords":["blieb","die","Kohl","Regierung","Russen","Souver\u00e4nit\u00e4t","USMilit\u00e4r","verschenkte","Wie","zogen"],"articleSection":["Deutschland","Russland"],"inLanguage":"de","potentialAction":[{"@type":"CommentAction","name":"Comment","target":["https:\/\/now-news.de\/de\/deutschland\/russen-zogen-ab-us-militaer-blieb-wie-die-regierung-kohl-die-souveraenitaet-verschenkte\/#respond"]}]},{"@type":"WebPage","@id":"https:\/\/now-news.de\/de\/deutschland\/russen-zogen-ab-us-militaer-blieb-wie-die-regierung-kohl-die-souveraenitaet-verschenkte\/","url":"https:\/\/now-news.de\/de\/deutschland\/russen-zogen-ab-us-militaer-blieb-wie-die-regierung-kohl-die-souveraenitaet-verschenkte\/","name":"Russen zogen ab, US-Milit\u00e4r blieb: Wie die Regierung Kohl die Souver\u00e4nit\u00e4t verschenkte - just-now.NEWS Deutschland","isPartOf":{"@id":"https:\/\/now-news.de\/de\/#website"},"primaryImageOfPage":{"@id":"https:\/\/now-news.de\/de\/deutschland\/russen-zogen-ab-us-militaer-blieb-wie-die-regierung-kohl-die-souveraenitaet-verschenkte\/#primaryimage"},"image":{"@id":"https:\/\/now-news.de\/de\/deutschland\/russen-zogen-ab-us-militaer-blieb-wie-die-regierung-kohl-die-souveraenitaet-verschenkte\/#primaryimage"},"thumbnailUrl":"https:\/\/now-news.de\/de\/wp-content\/uploads\/sites\/3\/2023\/07\/Russen-zogen-ab-US-Militaer-blieb-Wie-die-Regierung-Kohl-die.jpg","datePublished":"2023-07-30T05:56:10+00:00","dateModified":"2023-07-30T05:56:10+00:00","breadcrumb":{"@id":"https:\/\/now-news.de\/de\/deutschland\/russen-zogen-ab-us-militaer-blieb-wie-die-regierung-kohl-die-souveraenitaet-verschenkte\/#breadcrumb"},"inLanguage":"de","potentialAction":[{"@type":"ReadAction","target":["https:\/\/now-news.de\/de\/deutschland\/russen-zogen-ab-us-militaer-blieb-wie-die-regierung-kohl-die-souveraenitaet-verschenkte\/"]}]},{"@type":"ImageObject","inLanguage":"de","@id":"https:\/\/now-news.de\/de\/deutschland\/russen-zogen-ab-us-militaer-blieb-wie-die-regierung-kohl-die-souveraenitaet-verschenkte\/#primaryimage","url":"https:\/\/now-news.de\/de\/wp-content\/uploads\/sites\/3\/2023\/07\/Russen-zogen-ab-US-Militaer-blieb-Wie-die-Regierung-Kohl-die.jpg","contentUrl":"https:\/\/now-news.de\/de\/wp-content\/uploads\/sites\/3\/2023\/07\/Russen-zogen-ab-US-Militaer-blieb-Wie-die-Regierung-Kohl-die.jpg","width":460,"height":259,"caption":"Russen zogen ab, US-Milit\u00e4r blieb: Wie die Regierung Kohl die Souver\u00e4nit\u00e4t verschenkte"},{"@type":"BreadcrumbList","@id":"https:\/\/now-news.de\/de\/deutschland\/russen-zogen-ab-us-militaer-blieb-wie-die-regierung-kohl-die-souveraenitaet-verschenkte\/#breadcrumb","itemListElement":[{"@type":"ListItem","position":1,"name":"Home","item":"https:\/\/now-news.de\/de\/"},{"@type":"ListItem","position":2,"name":"Russen zogen ab, US-Milit\u00e4r blieb: Wie die Regierung Kohl die Souver\u00e4nit\u00e4t verschenkte"}]},{"@type":"WebSite","@id":"https:\/\/now-news.de\/de\/#website","url":"https:\/\/now-news.de\/de\/","name":"just-now.NEWS Deutschland","description":"Das Portal f\u00fcr unzensierte Nachrichten aus der Welt","publisher":{"@id":"https:\/\/now-news.de\/de\/#organization"},"potentialAction":[{"@type":"SearchAction","target":{"@type":"EntryPoint","urlTemplate":"https:\/\/now-news.de\/de\/?s={search_term_string}"},"query-input":"required name=search_term_string"}],"inLanguage":"de"},{"@type":"Organization","@id":"https:\/\/now-news.de\/de\/#organization","name":"Just Now News","url":"https:\/\/now-news.de\/de\/","logo":{"@type":"ImageObject","inLanguage":"de","@id":"https:\/\/now-news.de\/de\/#\/schema\/logo\/image\/","url":"http:\/\/just-now.news\/de\/wp-content\/uploads\/sites\/3\/2022\/04\/logo500x500.jpg","contentUrl":"http:\/\/just-now.news\/de\/wp-content\/uploads\/sites\/3\/2022\/04\/logo500x500.jpg","width":500,"height":500,"caption":"Just Now News"},"image":{"@id":"https:\/\/now-news.de\/de\/#\/schema\/logo\/image\/"},"sameAs":["https:\/\/www.facebook.com\/wirmachenauf","https:\/\/x.com\/WirMachenAuf_de"]},{"@type":"Person","@id":"https:\/\/now-news.de\/de\/#\/schema\/person\/fb534a4e865501d8b3285208df34a9b5","name":"rtnews","image":{"@type":"ImageObject","inLanguage":"de","@id":"https:\/\/now-news.de\/de\/#\/schema\/person\/image\/","url":"https:\/\/secure.gravatar.com\/avatar\/82aafea7d8127119dd649515f56e2117?s=96&d=mm&r=g","contentUrl":"https:\/\/secure.gravatar.com\/avatar\/82aafea7d8127119dd649515f56e2117?s=96&d=mm&r=g","caption":"rtnews"},"url":"https:\/\/now-news.de\/de\/author\/rnews\/"}]}},"_links":{"self":[{"href":"https:\/\/now-news.de\/de\/wp-json\/wp\/v2\/posts\/41052"}],"collection":[{"href":"https:\/\/now-news.de\/de\/wp-json\/wp\/v2\/posts"}],"about":[{"href":"https:\/\/now-news.de\/de\/wp-json\/wp\/v2\/types\/post"}],"author":[{"embeddable":true,"href":"https:\/\/now-news.de\/de\/wp-json\/wp\/v2\/users\/3"}],"replies":[{"embeddable":true,"href":"https:\/\/now-news.de\/de\/wp-json\/wp\/v2\/comments?post=41052"}],"version-history":[{"count":0,"href":"https:\/\/now-news.de\/de\/wp-json\/wp\/v2\/posts\/41052\/revisions"}],"wp:featuredmedia":[{"embeddable":true,"href":"https:\/\/now-news.de\/de\/wp-json\/wp\/v2\/media\/41053"}],"wp:attachment":[{"href":"https:\/\/now-news.de\/de\/wp-json\/wp\/v2\/media?parent=41052"}],"wp:term":[{"taxonomy":"category","embeddable":true,"href":"https:\/\/now-news.de\/de\/wp-json\/wp\/v2\/categories?post=41052"},{"taxonomy":"post_tag","embeddable":true,"href":"https:\/\/now-news.de\/de\/wp-json\/wp\/v2\/tags?post=41052"}],"curies":[{"name":"wp","href":"https:\/\/api.w.org\/{rel}","templated":true}]}}